{"id":71351,"date":"2025-04-16T09:56:42","date_gmt":"2025-04-16T07:56:42","guid":{"rendered":"https:\/\/progettotouring.it\/radiotouring104\/?p=71351"},"modified":"2025-04-16T09:56:42","modified_gmt":"2025-04-16T07:56:42","slug":"dolci-di-pasqua-la-calabria-celebra-la-tradizione-con-2-000-imprese-artigiane-ma-soffre-la-carenza-di-manodopera","status":"publish","type":"post","link":"https:\/\/progettotouring.it\/radiotouring104\/2025\/04\/16\/dolci-di-pasqua-la-calabria-celebra-la-tradizione-con-2-000-imprese-artigiane-ma-soffre-la-carenza-di-manodopera\/","title":{"rendered":"Dolci di Pasqua, la Calabria celebra la tradizione con 2.000 imprese artigiane, ma soffre la carenza di manodopera"},"content":{"rendered":"<p class=\"xmprfx_MsoNormal\" style=\"text-align: justify\">La pasticceria artigianale calabrese si conferma protagonista della Pasqua 2025, trainata da 1.929 imprese, che rappresentano oltre il 77% del settore. A pesare, per\u00f2, sono i rincari delle materie prime e la crescente difficolt\u00e0 nel reperire personale qualificato.<\/p>\n<p class=\"xmprfx_MsoNormal\" style=\"text-align: justify\">Anche quest\u2019anno, la Calabria ha ribadito la propria vocazione artigianale nel comparto dolciario, facendo della qualit\u00e0 e della tradizione un tratto distintivo della sua identit\u00e0 produttiva. Secondo l\u2019Osservatorio MPI di Confartigianato Imprese Calabria, sono 2.500 le imprese attive nel settore dolciario regionale, di cui 1.929 artigiane, pari al 77,2% del totale.<\/p>\n<p class=\"xmprfx_MsoNormal\" style=\"text-align: justify\">Un tessuto imprenditoriale solido, distribuito in modo significativo su tutto il territorio: il primato dell\u2019artigianalit\u00e0 spetta alla provincia di Vibo Valentia con l\u201985,6% di imprese artigiane, seguita da Reggio Calabria (83,7%), Crotone (77,9%), Catanzaro (73,1%) e Cosenza (70,1%).<\/p>\n<p class=\"xmprfx_MsoNormal\" style=\"text-align: justify\">Nonostante il contesto economico incerto e l\u2019aumento dei costi, i consumi alimentari non durevoli sono rimasti stabili, registrando un +0,5% nel quarto trimestre 2024 e un +1,0% nel primo bimestre 2025. Tuttavia, l\u2019intera filiera dolciaria ha dovuto affrontare rincari significativi delle materie prime: nei primi tre mesi del 2025, il cacao \u00e8 aumentato del 68,3%, il caff\u00e8 dell\u201988,5% e l\u2019olio di palma del 74%. A febbraio, i prezzi al consumo registravano aumenti consistenti: burro +19,2%, caff\u00e8 +18,3%, cacao e cioccolato in polvere +15,4%, cioccolato +9,7%.<\/p>\n<p class=\"xmprfx_MsoNormal\" style=\"text-align: justify\">Anche energia elettrica e gas, fondamentali per la produzione artigianale da forno, hanno subito un\u2019impennata del +10,4% rispetto a marzo 2024. In questo scenario, i prezzi dei prodotti di pasticceria fresca hanno mantenuto un aumento contenuto del +3,0% a febbraio 2025, confermando una tendenza di moderata crescita rispetto agli anni precedenti.<\/p>\n<p class=\"xmprfx_MsoNormal\" style=\"text-align: justify\">Ma la vera emergenza per il comparto resta la carenza di manodopera qualificata. Nel 2024, in Calabria, su 1.020 assunzioni previste tra pasticcieri, panettieri, gelatai e conservieri artigianali, ben 650 \u2013 pari al 63,7% \u2013 sono state classificate come \u201cdi difficile reperimento\u201d. Un dato pi\u00f9 che raddoppiato rispetto al 2023, quando la quota si attestava al 26,3%. Si tratta di un\u2019emergenza che mette a rischio la trasmissione dei saperi, l\u2019innovazione produttiva e la continuit\u00e0 aziendale delle botteghe artigiane.<\/p>\n<p class=\"xmprfx_MsoNormal\" style=\"text-align: justify\">Accanto ai numeri, a definire il valore culturale del settore c\u2019\u00e8 la biodiversit\u00e0 alimentare: la Calabria vanta 270 prodotti agroalimentari tradizionali (PAT), di cui ben 87 appartengono al mondo della panetteria, biscotteria, pasticceria e confetteria (32,2% del totale). Seguono le carni fresche e preparate con 73 prodotti (27%) e poi formaggi, pesce, miele, liquori e oli, che testimoniano la ricchezza di un patrimonio agroalimentare da tutelare e valorizzare.<\/p>\n<p class=\"xmprfx_MsoNormal\" style=\"text-align: justify\">In definitiva, la Calabria ha dimostrato anche quest\u2019anno di saper preservare le sue radici artigianali e gastronomiche, nonostante le difficolt\u00e0 del momento. La sfida ora \u00e8 rafforzare la formazione, rendere attrattive le professioni artigiane e continuare a valorizzare un comparto che rappresenta non solo un volano economico, ma anche un simbolo identitario del territorio.<\/p>\n<p class=\"xmprfx_MsoNormal\" style=\"text-align: justify\">\u00abLa pasticceria artigianale \u00e8 un patrimonio da difendere \u2013 si legge nella nota di Confartigianato Imprese Calabria \u2013 ma senza investimenti nella formazione, nei centri di eccellenza e nella trasmissione delle competenze, rischia di svuotarsi. Serve una strategia condivisa che coinvolga scuola, imprese e istituzioni per rendere attrattive le professioni del gusto e dare un futuro a migliaia di giovani\u00bb.<\/p>\n<p class=\"xmprfx_MsoNormal\" style=\"text-align: justify\">\u00abAnche questa Pasqua 2025 mette in evidenza due volti della Calabria dolciaria: da un lato, la forza di una tradizione che resiste alle crisi e continua ad affascinare; dall\u2019altro, le fragilit\u00e0 strutturali di un settore che ha bisogno di attenzione politica, sostegni concreti e visione di lungo periodo. Perch\u00e9 le mani che impastano e decorano sono le stesse che tengono vivo il senso di comunit\u00e0 e la cultura profonda di una terra ricca di gusto e passione\u00bb, conclude la nota.<\/p>\n<p class=\"xmprfx_MsoNormal\">\n","protected":false},"excerpt":{"rendered":"<p>La pasticceria artigianale calabrese si conferma protagonista della Pasqua 2025, trainata da 1.929 imprese, che rappresentano oltre il 77% del settore. A pesare, per\u00f2, sono i rincari delle materie prime&hellip;<\/p>\n","protected":false},"author":12,"featured_media":71352,"comment_status":"closed","ping_status":"open","sticky":false,"template":"","format":"standard","meta":{"_jetpack_memberships_contains_paid_content":false,"footnotes":"","jetpack_publicize_message":"","jetpack_publicize_feature_enabled":true,"jetpack_social_post_already_shared":true,"jetpack_social_options":{"image_generator_settings":{"template":"highway","default_image_id":0,"font":"","enabled":false},"version":2}},"categories":[142,921,196],"tags":[42613,42612,42615,42614],"class_list":["post-71351","post","type-post","status-publish","format-standard","has-post-thumbnail","hentry","category-calabria","category-home","category-news","tag-2-000-imprese-artigiane","tag-dolci-di-pasqua","tag-rincarano-materie-prime","tag-soffre-la-carenza-di-manodopera"],"yoast_head":"<!-- This site is optimized with the Yoast SEO plugin v27.2 - https:\/\/yoast.com\/product\/yoast-seo-wordpress\/ -->\n<title>Dolci di Pasqua, la Calabria celebra la tradizione con 2.000 imprese artigiane, ma soffre la carenza di manodopera - Radio Touring 104<\/title>\n<meta name=\"description\" content=\"Secondo i dati dell\u2019Osservatorio MPI di Confartigianato Imprese Calabria, il settore \u00e8 trainato da 1.929 imprese. Rincarano le materie prime\" \/>\n<meta name=\"robots\" content=\"index, follow, max-snippet:-1, max-image-preview:large, max-video-preview:-1\" \/>\n<link rel=\"canonical\" href=\"https:\/\/progettotouring.it\/radiotouring104\/2025\/04\/16\/dolci-di-pasqua-la-calabria-celebra-la-tradizione-con-2-000-imprese-artigiane-ma-soffre-la-carenza-di-manodopera\/\" \/>\n<meta property=\"og:locale\" content=\"it_IT\" \/>\n<meta property=\"og:type\" content=\"article\" \/>\n<meta property=\"og:title\" content=\"Dolci di Pasqua, la Calabria celebra la tradizione con 2.000 imprese artigiane, ma soffre la carenza di manodopera - Radio Touring 104\" \/>\n<meta property=\"og:description\" content=\"Secondo i dati dell\u2019Osservatorio MPI di Confartigianato Imprese Calabria, il settore \u00e8 trainato da 1.929 imprese. Rincarano le materie prime\" \/>\n<meta property=\"og:url\" content=\"https:\/\/progettotouring.it\/radiotouring104\/2025\/04\/16\/dolci-di-pasqua-la-calabria-celebra-la-tradizione-con-2-000-imprese-artigiane-ma-soffre-la-carenza-di-manodopera\/\" \/>\n<meta property=\"og:site_name\" content=\"Radio Touring 104\" \/>\n<meta property=\"article:published_time\" content=\"2025-04-16T07:56:42+00:00\" \/>\n<meta property=\"og:image\" content=\"https:\/\/progettotouring.it\/radiotouring104\/wp-content\/uploads\/sites\/6\/2025\/04\/Pastiera.jpg\" \/>\n\t<meta property=\"og:image:width\" content=\"800\" \/>\n\t<meta property=\"og:image:height\" content=\"600\" \/>\n\t<meta property=\"og:image:type\" content=\"image\/jpeg\" \/>\n<meta name=\"author\" content=\"Sebastiano Plutino\" \/>\n<meta name=\"twitter:card\" content=\"summary_large_image\" \/>\n<meta name=\"twitter:label1\" content=\"Scritto da\" \/>\n\t<meta name=\"twitter:data1\" content=\"Sebastiano Plutino\" \/>\n\t<meta name=\"twitter:label2\" content=\"Tempo di lettura stimato\" \/>\n\t<meta name=\"twitter:data2\" content=\"3 minuti\" \/>\n<script type=\"application\/ld+json\" class=\"yoast-schema-graph\">{\"@context\":\"https:\/\/schema.org\",\"@graph\":[{\"@type\":\"Article\",\"@id\":\"https:\/\/progettotouring.it\/radiotouring104\/2025\/04\/16\/dolci-di-pasqua-la-calabria-celebra-la-tradizione-con-2-000-imprese-artigiane-ma-soffre-la-carenza-di-manodopera\/#article\",\"isPartOf\":{\"@id\":\"https:\/\/progettotouring.it\/radiotouring104\/2025\/04\/16\/dolci-di-pasqua-la-calabria-celebra-la-tradizione-con-2-000-imprese-artigiane-ma-soffre-la-carenza-di-manodopera\/\"},\"author\":{\"name\":\"Sebastiano Plutino\",\"@id\":\"https:\/\/progettotouring.it\/radiotouring104\/#\/schema\/person\/78613917f1851f041f7483f5af1d422e\"},\"headline\":\"Dolci di Pasqua, la Calabria celebra la tradizione con 2.000 imprese artigiane, ma soffre la carenza di manodopera\",\"datePublished\":\"2025-04-16T07:56:42+00:00\",\"mainEntityOfPage\":{\"@id\":\"https:\/\/progettotouring.it\/radiotouring104\/2025\/04\/16\/dolci-di-pasqua-la-calabria-celebra-la-tradizione-con-2-000-imprese-artigiane-ma-soffre-la-carenza-di-manodopera\/\"},\"wordCount\":587,\"publisher\":{\"@id\":\"https:\/\/progettotouring.it\/radiotouring104\/#organization\"},\"image\":{\"@id\":\"https:\/\/progettotouring.it\/radiotouring104\/2025\/04\/16\/dolci-di-pasqua-la-calabria-celebra-la-tradizione-con-2-000-imprese-artigiane-ma-soffre-la-carenza-di-manodopera\/#primaryimage\"},\"thumbnailUrl\":\"https:\/\/progettotouring.it\/radiotouring104\/wp-content\/uploads\/sites\/6\/2025\/04\/Pastiera.jpg\",\"keywords\":[\"2.000 imprese artigiane\",\"Dolci di Pasqua\",\"rincarano materie prime\",\"soffre la carenza di manodopera\"],\"articleSection\":[\"Calabria\",\"Home\",\"News\"],\"inLanguage\":\"it-IT\"},{\"@type\":\"WebPage\",\"@id\":\"https:\/\/progettotouring.it\/radiotouring104\/2025\/04\/16\/dolci-di-pasqua-la-calabria-celebra-la-tradizione-con-2-000-imprese-artigiane-ma-soffre-la-carenza-di-manodopera\/\",\"url\":\"https:\/\/progettotouring.it\/radiotouring104\/2025\/04\/16\/dolci-di-pasqua-la-calabria-celebra-la-tradizione-con-2-000-imprese-artigiane-ma-soffre-la-carenza-di-manodopera\/\",\"name\":\"Dolci di Pasqua, la Calabria celebra la tradizione con 2.000 imprese artigiane, ma soffre la carenza di manodopera - Radio Touring 104\",\"isPartOf\":{\"@id\":\"https:\/\/progettotouring.it\/radiotouring104\/#website\"},\"primaryImageOfPage\":{\"@id\":\"https:\/\/progettotouring.it\/radiotouring104\/2025\/04\/16\/dolci-di-pasqua-la-calabria-celebra-la-tradizione-con-2-000-imprese-artigiane-ma-soffre-la-carenza-di-manodopera\/#primaryimage\"},\"image\":{\"@id\":\"https:\/\/progettotouring.it\/radiotouring104\/2025\/04\/16\/dolci-di-pasqua-la-calabria-celebra-la-tradizione-con-2-000-imprese-artigiane-ma-soffre-la-carenza-di-manodopera\/#primaryimage\"},\"thumbnailUrl\":\"https:\/\/progettotouring.it\/radiotouring104\/wp-content\/uploads\/sites\/6\/2025\/04\/Pastiera.jpg\",\"datePublished\":\"2025-04-16T07:56:42+00:00\",\"description\":\"Secondo i dati dell\u2019Osservatorio MPI di Confartigianato Imprese Calabria, il settore \u00e8 trainato da 1.929 imprese. Rincarano le materie prime\",\"breadcrumb\":{\"@id\":\"https:\/\/progettotouring.it\/radiotouring104\/2025\/04\/16\/dolci-di-pasqua-la-calabria-celebra-la-tradizione-con-2-000-imprese-artigiane-ma-soffre-la-carenza-di-manodopera\/#breadcrumb\"},\"inLanguage\":\"it-IT\",\"potentialAction\":[{\"@type\":\"ReadAction\",\"target\":[\"https:\/\/progettotouring.it\/radiotouring104\/2025\/04\/16\/dolci-di-pasqua-la-calabria-celebra-la-tradizione-con-2-000-imprese-artigiane-ma-soffre-la-carenza-di-manodopera\/\"]}]},{\"@type\":\"ImageObject\",\"inLanguage\":\"it-IT\",\"@id\":\"https:\/\/progettotouring.it\/radiotouring104\/2025\/04\/16\/dolci-di-pasqua-la-calabria-celebra-la-tradizione-con-2-000-imprese-artigiane-ma-soffre-la-carenza-di-manodopera\/#primaryimage\",\"url\":\"https:\/\/progettotouring.it\/radiotouring104\/wp-content\/uploads\/sites\/6\/2025\/04\/Pastiera.jpg\",\"contentUrl\":\"https:\/\/progettotouring.it\/radiotouring104\/wp-content\/uploads\/sites\/6\/2025\/04\/Pastiera.jpg\",\"width\":800,\"height\":600,\"caption\":\"OLYMPUS DIGITAL CAMERA\"},{\"@type\":\"BreadcrumbList\",\"@id\":\"https:\/\/progettotouring.it\/radiotouring104\/2025\/04\/16\/dolci-di-pasqua-la-calabria-celebra-la-tradizione-con-2-000-imprese-artigiane-ma-soffre-la-carenza-di-manodopera\/#breadcrumb\",\"itemListElement\":[{\"@type\":\"ListItem\",\"position\":1,\"name\":\"Home\",\"item\":\"https:\/\/progettotouring.it\/radiotouring104\/\"},{\"@type\":\"ListItem\",\"position\":2,\"name\":\"Dolci di Pasqua, la Calabria celebra la tradizione con 2.000 imprese artigiane, ma soffre la carenza di manodopera\"}]},{\"@type\":\"WebSite\",\"@id\":\"https:\/\/progettotouring.it\/radiotouring104\/#website\",\"url\":\"https:\/\/progettotouring.it\/radiotouring104\/\",\"name\":\"Radio Touring 104\",\"description\":\"La prima radio Reggina\",\"publisher\":{\"@id\":\"https:\/\/progettotouring.it\/radiotouring104\/#organization\"},\"potentialAction\":[{\"@type\":\"SearchAction\",\"target\":{\"@type\":\"EntryPoint\",\"urlTemplate\":\"https:\/\/progettotouring.it\/radiotouring104\/?s={search_term_string}\"},\"query-input\":{\"@type\":\"PropertyValueSpecification\",\"valueRequired\":true,\"valueName\":\"search_term_string\"}}],\"inLanguage\":\"it-IT\"},{\"@type\":\"Organization\",\"@id\":\"https:\/\/progettotouring.it\/radiotouring104\/#organization\",\"name\":\"Radio Touring 104\",\"url\":\"https:\/\/progettotouring.it\/radiotouring104\/\",\"logo\":{\"@type\":\"ImageObject\",\"inLanguage\":\"it-IT\",\"@id\":\"https:\/\/progettotouring.it\/radiotouring104\/#\/schema\/logo\/image\/\",\"url\":\"https:\/\/progettotouring.it\/radiotouring104\/wp-content\/uploads\/sites\/6\/2022\/02\/cropped-logo-radio-touring-104.png\",\"contentUrl\":\"https:\/\/progettotouring.it\/radiotouring104\/wp-content\/uploads\/sites\/6\/2022\/02\/cropped-logo-radio-touring-104.png\",\"width\":377,\"height\":182,\"caption\":\"Radio Touring 104\"},\"image\":{\"@id\":\"https:\/\/progettotouring.it\/radiotouring104\/#\/schema\/logo\/image\/\"}},{\"@type\":\"Person\",\"@id\":\"https:\/\/progettotouring.it\/radiotouring104\/#\/schema\/person\/78613917f1851f041f7483f5af1d422e\",\"name\":\"Sebastiano Plutino\",\"image\":{\"@type\":\"ImageObject\",\"inLanguage\":\"it-IT\",\"@id\":\"https:\/\/secure.gravatar.com\/avatar\/0546ffaa9b79224faf9f2a156b67a529ae861d3287c66c1d8ccfdf909bcba78d?s=96&d=mm&r=g\",\"url\":\"https:\/\/secure.gravatar.com\/avatar\/0546ffaa9b79224faf9f2a156b67a529ae861d3287c66c1d8ccfdf909bcba78d?s=96&d=mm&r=g\",\"contentUrl\":\"https:\/\/secure.gravatar.com\/avatar\/0546ffaa9b79224faf9f2a156b67a529ae861d3287c66c1d8ccfdf909bcba78d?s=96&d=mm&r=g\",\"caption\":\"Sebastiano Plutino\"},\"url\":\"https:\/\/progettotouring.it\/radiotouring104\/author\/sebastiano\/\"}]}<\/script>\n<!-- \/ Yoast SEO plugin. -->","yoast_head_json":{"title":"Dolci di Pasqua, la Calabria celebra la tradizione con 2.000 imprese artigiane, ma soffre la carenza di manodopera - Radio Touring 104","description":"Secondo i dati dell\u2019Osservatorio MPI di Confartigianato Imprese Calabria, il settore \u00e8 trainato da 1.929 imprese. Rincarano le materie prime","robots":{"index":"index","follow":"follow","max-snippet":"max-snippet:-1","max-image-preview":"max-image-preview:large","max-video-preview":"max-video-preview:-1"},"canonical":"https:\/\/progettotouring.it\/radiotouring104\/2025\/04\/16\/dolci-di-pasqua-la-calabria-celebra-la-tradizione-con-2-000-imprese-artigiane-ma-soffre-la-carenza-di-manodopera\/","og_locale":"it_IT","og_type":"article","og_title":"Dolci di Pasqua, la Calabria celebra la tradizione con 2.000 imprese artigiane, ma soffre la carenza di manodopera - Radio Touring 104","og_description":"Secondo i dati dell\u2019Osservatorio MPI di Confartigianato Imprese Calabria, il settore \u00e8 trainato da 1.929 imprese. Rincarano le materie prime","og_url":"https:\/\/progettotouring.it\/radiotouring104\/2025\/04\/16\/dolci-di-pasqua-la-calabria-celebra-la-tradizione-con-2-000-imprese-artigiane-ma-soffre-la-carenza-di-manodopera\/","og_site_name":"Radio Touring 104","article_published_time":"2025-04-16T07:56:42+00:00","og_image":[{"width":800,"height":600,"url":"https:\/\/progettotouring.it\/radiotouring104\/wp-content\/uploads\/sites\/6\/2025\/04\/Pastiera.jpg","type":"image\/jpeg"}],"author":"Sebastiano Plutino","twitter_card":"summary_large_image","twitter_misc":{"Scritto da":"Sebastiano Plutino","Tempo di lettura stimato":"3 minuti"},"schema":{"@context":"https:\/\/schema.org","@graph":[{"@type":"Article","@id":"https:\/\/progettotouring.it\/radiotouring104\/2025\/04\/16\/dolci-di-pasqua-la-calabria-celebra-la-tradizione-con-2-000-imprese-artigiane-ma-soffre-la-carenza-di-manodopera\/#article","isPartOf":{"@id":"https:\/\/progettotouring.it\/radiotouring104\/2025\/04\/16\/dolci-di-pasqua-la-calabria-celebra-la-tradizione-con-2-000-imprese-artigiane-ma-soffre-la-carenza-di-manodopera\/"},"author":{"name":"Sebastiano Plutino","@id":"https:\/\/progettotouring.it\/radiotouring104\/#\/schema\/person\/78613917f1851f041f7483f5af1d422e"},"headline":"Dolci di Pasqua, la Calabria celebra la tradizione con 2.000 imprese artigiane, ma soffre la carenza di manodopera","datePublished":"2025-04-16T07:56:42+00:00","mainEntityOfPage":{"@id":"https:\/\/progettotouring.it\/radiotouring104\/2025\/04\/16\/dolci-di-pasqua-la-calabria-celebra-la-tradizione-con-2-000-imprese-artigiane-ma-soffre-la-carenza-di-manodopera\/"},"wordCount":587,"publisher":{"@id":"https:\/\/progettotouring.it\/radiotouring104\/#organization"},"image":{"@id":"https:\/\/progettotouring.it\/radiotouring104\/2025\/04\/16\/dolci-di-pasqua-la-calabria-celebra-la-tradizione-con-2-000-imprese-artigiane-ma-soffre-la-carenza-di-manodopera\/#primaryimage"},"thumbnailUrl":"https:\/\/progettotouring.it\/radiotouring104\/wp-content\/uploads\/sites\/6\/2025\/04\/Pastiera.jpg","keywords":["2.000 imprese artigiane","Dolci di Pasqua","rincarano materie prime","soffre la carenza di manodopera"],"articleSection":["Calabria","Home","News"],"inLanguage":"it-IT"},{"@type":"WebPage","@id":"https:\/\/progettotouring.it\/radiotouring104\/2025\/04\/16\/dolci-di-pasqua-la-calabria-celebra-la-tradizione-con-2-000-imprese-artigiane-ma-soffre-la-carenza-di-manodopera\/","url":"https:\/\/progettotouring.it\/radiotouring104\/2025\/04\/16\/dolci-di-pasqua-la-calabria-celebra-la-tradizione-con-2-000-imprese-artigiane-ma-soffre-la-carenza-di-manodopera\/","name":"Dolci di Pasqua, la Calabria celebra la tradizione con 2.000 imprese artigiane, ma soffre la carenza di manodopera - Radio Touring 104","isPartOf":{"@id":"https:\/\/progettotouring.it\/radiotouring104\/#website"},"primaryImageOfPage":{"@id":"https:\/\/progettotouring.it\/radiotouring104\/2025\/04\/16\/dolci-di-pasqua-la-calabria-celebra-la-tradizione-con-2-000-imprese-artigiane-ma-soffre-la-carenza-di-manodopera\/#primaryimage"},"image":{"@id":"https:\/\/progettotouring.it\/radiotouring104\/2025\/04\/16\/dolci-di-pasqua-la-calabria-celebra-la-tradizione-con-2-000-imprese-artigiane-ma-soffre-la-carenza-di-manodopera\/#primaryimage"},"thumbnailUrl":"https:\/\/progettotouring.it\/radiotouring104\/wp-content\/uploads\/sites\/6\/2025\/04\/Pastiera.jpg","datePublished":"2025-04-16T07:56:42+00:00","description":"Secondo i dati dell\u2019Osservatorio MPI di Confartigianato Imprese Calabria, il settore \u00e8 trainato da 1.929 imprese. Rincarano le materie prime","breadcrumb":{"@id":"https:\/\/progettotouring.it\/radiotouring104\/2025\/04\/16\/dolci-di-pasqua-la-calabria-celebra-la-tradizione-con-2-000-imprese-artigiane-ma-soffre-la-carenza-di-manodopera\/#breadcrumb"},"inLanguage":"it-IT","potentialAction":[{"@type":"ReadAction","target":["https:\/\/progettotouring.it\/radiotouring104\/2025\/04\/16\/dolci-di-pasqua-la-calabria-celebra-la-tradizione-con-2-000-imprese-artigiane-ma-soffre-la-carenza-di-manodopera\/"]}]},{"@type":"ImageObject","inLanguage":"it-IT","@id":"https:\/\/progettotouring.it\/radiotouring104\/2025\/04\/16\/dolci-di-pasqua-la-calabria-celebra-la-tradizione-con-2-000-imprese-artigiane-ma-soffre-la-carenza-di-manodopera\/#primaryimage","url":"https:\/\/progettotouring.it\/radiotouring104\/wp-content\/uploads\/sites\/6\/2025\/04\/Pastiera.jpg","contentUrl":"https:\/\/progettotouring.it\/radiotouring104\/wp-content\/uploads\/sites\/6\/2025\/04\/Pastiera.jpg","width":800,"height":600,"caption":"OLYMPUS DIGITAL CAMERA"},{"@type":"BreadcrumbList","@id":"https:\/\/progettotouring.it\/radiotouring104\/2025\/04\/16\/dolci-di-pasqua-la-calabria-celebra-la-tradizione-con-2-000-imprese-artigiane-ma-soffre-la-carenza-di-manodopera\/#breadcrumb","itemListElement":[{"@type":"ListItem","position":1,"name":"Home","item":"https:\/\/progettotouring.it\/radiotouring104\/"},{"@type":"ListItem","position":2,"name":"Dolci di Pasqua, la Calabria celebra la tradizione con 2.000 imprese artigiane, ma soffre la carenza di manodopera"}]},{"@type":"WebSite","@id":"https:\/\/progettotouring.it\/radiotouring104\/#website","url":"https:\/\/progettotouring.it\/radiotouring104\/","name":"Radio Touring 104","description":"La prima radio Reggina","publisher":{"@id":"https:\/\/progettotouring.it\/radiotouring104\/#organization"},"potentialAction":[{"@type":"SearchAction","target":{"@type":"EntryPoint","urlTemplate":"https:\/\/progettotouring.it\/radiotouring104\/?s={search_term_string}"},"query-input":{"@type":"PropertyValueSpecification","valueRequired":true,"valueName":"search_term_string"}}],"inLanguage":"it-IT"},{"@type":"Organization","@id":"https:\/\/progettotouring.it\/radiotouring104\/#organization","name":"Radio Touring 104","url":"https:\/\/progettotouring.it\/radiotouring104\/","logo":{"@type":"ImageObject","inLanguage":"it-IT","@id":"https:\/\/progettotouring.it\/radiotouring104\/#\/schema\/logo\/image\/","url":"https:\/\/progettotouring.it\/radiotouring104\/wp-content\/uploads\/sites\/6\/2022\/02\/cropped-logo-radio-touring-104.png","contentUrl":"https:\/\/progettotouring.it\/radiotouring104\/wp-content\/uploads\/sites\/6\/2022\/02\/cropped-logo-radio-touring-104.png","width":377,"height":182,"caption":"Radio Touring 104"},"image":{"@id":"https:\/\/progettotouring.it\/radiotouring104\/#\/schema\/logo\/image\/"}},{"@type":"Person","@id":"https:\/\/progettotouring.it\/radiotouring104\/#\/schema\/person\/78613917f1851f041f7483f5af1d422e","name":"Sebastiano Plutino","image":{"@type":"ImageObject","inLanguage":"it-IT","@id":"https:\/\/secure.gravatar.com\/avatar\/0546ffaa9b79224faf9f2a156b67a529ae861d3287c66c1d8ccfdf909bcba78d?s=96&d=mm&r=g","url":"https:\/\/secure.gravatar.com\/avatar\/0546ffaa9b79224faf9f2a156b67a529ae861d3287c66c1d8ccfdf909bcba78d?s=96&d=mm&r=g","contentUrl":"https:\/\/secure.gravatar.com\/avatar\/0546ffaa9b79224faf9f2a156b67a529ae861d3287c66c1d8ccfdf909bcba78d?s=96&d=mm&r=g","caption":"Sebastiano Plutino"},"url":"https:\/\/progettotouring.it\/radiotouring104\/author\/sebastiano\/"}]}},"jetpack_publicize_connections":[],"jetpack_featured_media_url":"https:\/\/progettotouring.it\/radiotouring104\/wp-content\/uploads\/sites\/6\/2025\/04\/Pastiera.jpg","jetpack_sharing_enabled":true,"_links":{"self":[{"href":"https:\/\/progettotouring.it\/radiotouring104\/wp-json\/wp\/v2\/posts\/71351","targetHints":{"allow":["GET"]}}],"collection":[{"href":"https:\/\/progettotouring.it\/radiotouring104\/wp-json\/wp\/v2\/posts"}],"about":[{"href":"https:\/\/progettotouring.it\/radiotouring104\/wp-json\/wp\/v2\/types\/post"}],"author":[{"embeddable":true,"href":"https:\/\/progettotouring.it\/radiotouring104\/wp-json\/wp\/v2\/users\/12"}],"replies":[{"embeddable":true,"href":"https:\/\/progettotouring.it\/radiotouring104\/wp-json\/wp\/v2\/comments?post=71351"}],"version-history":[{"count":1,"href":"https:\/\/progettotouring.it\/radiotouring104\/wp-json\/wp\/v2\/posts\/71351\/revisions"}],"predecessor-version":[{"id":71353,"href":"https:\/\/progettotouring.it\/radiotouring104\/wp-json\/wp\/v2\/posts\/71351\/revisions\/71353"}],"wp:featuredmedia":[{"embeddable":true,"href":"https:\/\/progettotouring.it\/radiotouring104\/wp-json\/wp\/v2\/media\/71352"}],"wp:attachment":[{"href":"https:\/\/progettotouring.it\/radiotouring104\/wp-json\/wp\/v2\/media?parent=71351"}],"wp:term":[{"taxonomy":"category","embeddable":true,"href":"https:\/\/progettotouring.it\/radiotouring104\/wp-json\/wp\/v2\/categories?post=71351"},{"taxonomy":"post_tag","embeddable":true,"href":"https:\/\/progettotouring.it\/radiotouring104\/wp-json\/wp\/v2\/tags?post=71351"}],"curies":[{"name":"wp","href":"https:\/\/api.w.org\/{rel}","templated":true}]}}