{"id":71354,"date":"2025-04-16T10:03:58","date_gmt":"2025-04-16T08:03:58","guid":{"rendered":"https:\/\/progettotouring.it\/radiotouring104\/?p=71354"},"modified":"2025-04-16T10:03:58","modified_gmt":"2025-04-16T08:03:58","slug":"reggio-i-walk-the-line-fa-tappa-al-bowling","status":"publish","type":"post","link":"https:\/\/progettotouring.it\/radiotouring104\/2025\/04\/16\/reggio-i-walk-the-line-fa-tappa-al-bowling\/","title":{"rendered":"Reggio: &#8220;I Walk the line&#8221; fa tappa al bowling"},"content":{"rendered":"<p style=\"text-align: justify\"><strong>Una giornata pre pasquale trascorsa a socializzare<\/strong>, divertirsi, giocare e crescere insieme provando a rompere la routine della Casa famiglia.<strong> I ragazzi e le ragazze coinvolti nel percorso<\/strong> \u201c<em>I Walk the line<\/em>\u201d, il progetto di inclusione sociale promosso dalla Citt\u00e0 Metropolitana e finanziato dal ministero dell\u2019Interno nell\u2019ambito del programma Pon Legalit\u00e0 2014\/2020, hanno passato ore liete grazie all\u2019ultimo degli eventi inserito nel fitto programma destinato a sostenere le fragilit\u00e0 dei pi\u00f9 giovani. <strong>Cos\u00ec, tra una partita a bowling e momenti di formazione e condivisione delle proprie esperienze,<\/strong> anche il vicesindaco metropolitano, <strong>Carmelo Versace,<\/strong> ed il consigliere delegato al Welfare,<strong> Domenico Mantegna,<\/strong> si sono uniti ai ragazzi, al gruppo di formatori, coordinati da <strong>Rita Leuzzi,<\/strong> ed alla dirigente di settore di Palazzo Alvaro,<strong> Domenica Catalfamo.<\/strong><\/p>\n<p><em>\u201cQuesto impegno &#8211;<\/em> <strong>ha detto il vicesindaco Versace<\/strong> <em>&#8211; rientra fra le linee programmatiche del sindaco Giuseppe Falcomat\u00e0 e noi rinnoviamo il nostro lavoro seguendo quel solco e mettendo in sinergia un mondo che, spesso e volentieri, viene un po\u2019 messo da parte dalle istituzioni. La Citt\u00e0 Metropolitana, invece, attraverso il contributo ministeriale, sta provando a realizzare delle iniziative che possano avere un respiro successivo. I walk the line sta dando risultati e riscontri estremamente positivi e vorremmo prolungare il progetto oltre la sua naturale scadenza cos\u00ec come chiedono le famiglie ed i tanti ragazzi coinvolti&#8221;.<\/em><\/p>\n<p><em>\u201cVivere la Pasqua tutti insieme &#8211;<\/em><strong> ha spiegato<\/strong> &#8211; <em>divertendosi e stando gli uni accanto agli altri \u00e8 un motivo in pi\u00f9 affinch\u00e9 i ragazzi e le ragazze possano confrontarsi, sostenersi, combattere l&#8217;isolamento. E\u2019 davvero un grande momento di crescita non soltanto per loro, ma soprattutto per noi che, attraverso queste esperienze, impariamo a comprendere meglio come vadano affrontati i problemi della vita\u201d.<\/em><\/p>\n<p><strong>Per il consigliere delegato Domenico Mantegna diventa<\/strong> <em>\u201cmolto importante provare a regalare un sorriso ai giovani del comprensorio anche attraverso una giornata dedicata allo svago e al divertimento\u201d. \u201cLa socialit\u00e0 che si respira in questi momenti &#8211;<\/em><strong>ha aggiunto<\/strong><em> &#8211;<\/em> <em>riempie il cuore e infonde consapevolezza di quanto sia fondamentale fermarsi ad ascoltare e comprendere, specialmente in un periodo dell\u2019anno particolarmente sentito come quello pasquale&#8221;. &#8220;Questi &#8211; ha concluso &#8211; sono giorni in cui la parola famiglia assume un valore elevato all\u2019ennesima potenza ed \u00e8, dunque, importantissimo stare assieme, unirsi, condividere sentimenti e umanit\u00e0. Abbiamo voluto stare vicino ai ragazzi e alle ragazze anche attraverso queste attivit\u00e0 sociali\u201d.<\/em><\/p>\n","protected":false},"excerpt":{"rendered":"<p>Una giornata pre pasquale trascorsa a socializzare, divertirsi, giocare e crescere insieme provando a rompere la routine della Casa famiglia. I ragazzi e le ragazze coinvolti nel percorso \u201cI Walk&hellip;<\/p>\n","protected":false},"author":12,"featured_media":71356,"comment_status":"closed","ping_status":"open","sticky":false,"template":"","format":"standard","meta":{"_jetpack_memberships_contains_paid_content":false,"footnotes":"","jetpack_publicize_message":"","jetpack_publicize_feature_enabled":true,"jetpack_social_post_already_shared":true,"jetpack_social_options":{"image_generator_settings":{"template":"highway","default_image_id":0,"font":"","enabled":false},"version":2}},"categories":[921,196,140],"tags":[42616,239,3177,2284,19331],"class_list":["post-71354","post","type-post","status-publish","format-standard","has-post-thumbnail","hentry","category-home","category-news","category-reggio-calabria","tag-bowling","tag-carmelo-versace","tag-domenica-catalfamo","tag-domenico-mantegna","tag-i-walk-the-line"],"yoast_head":"<!-- This site is optimized with the Yoast SEO plugin v27.2 - https:\/\/yoast.com\/product\/yoast-seo-wordpress\/ -->\n<title>Reggio: &quot;I Walk the line&quot; fa tappa al bowling - Radio Touring 104<\/title>\n<meta name=\"description\" content=\"Il progetto di inclusione sociale promosso da Metrocityha realizzato una giornata di socializzazione e formazione\" \/>\n<meta name=\"robots\" content=\"index, follow, max-snippet:-1, max-image-preview:large, max-video-preview:-1\" \/>\n<link rel=\"canonical\" href=\"https:\/\/progettotouring.it\/radiotouring104\/2025\/04\/16\/reggio-i-walk-the-line-fa-tappa-al-bowling\/\" \/>\n<meta property=\"og:locale\" content=\"it_IT\" \/>\n<meta property=\"og:type\" content=\"article\" \/>\n<meta property=\"og:title\" content=\"Reggio: &quot;I Walk the line&quot; fa tappa al bowling - Radio Touring 104\" \/>\n<meta property=\"og:description\" content=\"Il progetto di inclusione sociale promosso da Metrocityha realizzato una giornata di socializzazione e formazione\" \/>\n<meta property=\"og:url\" content=\"https:\/\/progettotouring.it\/radiotouring104\/2025\/04\/16\/reggio-i-walk-the-line-fa-tappa-al-bowling\/\" \/>\n<meta property=\"og:site_name\" content=\"Radio Touring 104\" \/>\n<meta property=\"article:published_time\" content=\"2025-04-16T08:03:58+00:00\" \/>\n<meta property=\"og:image\" content=\"https:\/\/progettotouring.it\/radiotouring104\/wp-content\/uploads\/sites\/6\/2025\/04\/i-walk-the-line-bowling-reggio.jpeg\" \/>\n\t<meta property=\"og:image:width\" content=\"1600\" \/>\n\t<meta property=\"og:image:height\" content=\"1200\" \/>\n\t<meta property=\"og:image:type\" content=\"image\/jpeg\" \/>\n<meta name=\"author\" content=\"Sebastiano Plutino\" \/>\n<meta name=\"twitter:card\" content=\"summary_large_image\" \/>\n<meta name=\"twitter:label1\" content=\"Scritto da\" \/>\n\t<meta name=\"twitter:data1\" content=\"Sebastiano Plutino\" \/>\n\t<meta name=\"twitter:label2\" content=\"Tempo di lettura stimato\" \/>\n\t<meta name=\"twitter:data2\" content=\"2 minuti\" \/>\n<script type=\"application\/ld+json\" class=\"yoast-schema-graph\">{\"@context\":\"https:\/\/schema.org\",\"@graph\":[{\"@type\":\"Article\",\"@id\":\"https:\/\/progettotouring.it\/radiotouring104\/2025\/04\/16\/reggio-i-walk-the-line-fa-tappa-al-bowling\/#article\",\"isPartOf\":{\"@id\":\"https:\/\/progettotouring.it\/radiotouring104\/2025\/04\/16\/reggio-i-walk-the-line-fa-tappa-al-bowling\/\"},\"author\":{\"name\":\"Sebastiano Plutino\",\"@id\":\"https:\/\/progettotouring.it\/radiotouring104\/#\/schema\/person\/78613917f1851f041f7483f5af1d422e\"},\"headline\":\"Reggio: &#8220;I Walk the line&#8221; fa tappa al bowling\",\"datePublished\":\"2025-04-16T08:03:58+00:00\",\"mainEntityOfPage\":{\"@id\":\"https:\/\/progettotouring.it\/radiotouring104\/2025\/04\/16\/reggio-i-walk-the-line-fa-tappa-al-bowling\/\"},\"wordCount\":402,\"publisher\":{\"@id\":\"https:\/\/progettotouring.it\/radiotouring104\/#organization\"},\"image\":{\"@id\":\"https:\/\/progettotouring.it\/radiotouring104\/2025\/04\/16\/reggio-i-walk-the-line-fa-tappa-al-bowling\/#primaryimage\"},\"thumbnailUrl\":\"https:\/\/progettotouring.it\/radiotouring104\/wp-content\/uploads\/sites\/6\/2025\/04\/i-walk-the-line-bowling-reggio.jpeg\",\"keywords\":[\"bowling\",\"carmelo versace\",\"Domenica Catalfamo\",\"Domenico Mantegna\",\"I walk the line\"],\"articleSection\":[\"Home\",\"News\",\"Reggio Calabria\"],\"inLanguage\":\"it-IT\"},{\"@type\":\"WebPage\",\"@id\":\"https:\/\/progettotouring.it\/radiotouring104\/2025\/04\/16\/reggio-i-walk-the-line-fa-tappa-al-bowling\/\",\"url\":\"https:\/\/progettotouring.it\/radiotouring104\/2025\/04\/16\/reggio-i-walk-the-line-fa-tappa-al-bowling\/\",\"name\":\"Reggio: \\\"I Walk the line\\\" fa tappa al bowling - Radio Touring 104\",\"isPartOf\":{\"@id\":\"https:\/\/progettotouring.it\/radiotouring104\/#website\"},\"primaryImageOfPage\":{\"@id\":\"https:\/\/progettotouring.it\/radiotouring104\/2025\/04\/16\/reggio-i-walk-the-line-fa-tappa-al-bowling\/#primaryimage\"},\"image\":{\"@id\":\"https:\/\/progettotouring.it\/radiotouring104\/2025\/04\/16\/reggio-i-walk-the-line-fa-tappa-al-bowling\/#primaryimage\"},\"thumbnailUrl\":\"https:\/\/progettotouring.it\/radiotouring104\/wp-content\/uploads\/sites\/6\/2025\/04\/i-walk-the-line-bowling-reggio.jpeg\",\"datePublished\":\"2025-04-16T08:03:58+00:00\",\"description\":\"Il progetto di inclusione sociale promosso da Metrocityha realizzato una giornata di socializzazione e formazione\",\"breadcrumb\":{\"@id\":\"https:\/\/progettotouring.it\/radiotouring104\/2025\/04\/16\/reggio-i-walk-the-line-fa-tappa-al-bowling\/#breadcrumb\"},\"inLanguage\":\"it-IT\",\"potentialAction\":[{\"@type\":\"ReadAction\",\"target\":[\"https:\/\/progettotouring.it\/radiotouring104\/2025\/04\/16\/reggio-i-walk-the-line-fa-tappa-al-bowling\/\"]}]},{\"@type\":\"ImageObject\",\"inLanguage\":\"it-IT\",\"@id\":\"https:\/\/progettotouring.it\/radiotouring104\/2025\/04\/16\/reggio-i-walk-the-line-fa-tappa-al-bowling\/#primaryimage\",\"url\":\"https:\/\/progettotouring.it\/radiotouring104\/wp-content\/uploads\/sites\/6\/2025\/04\/i-walk-the-line-bowling-reggio.jpeg\",\"contentUrl\":\"https:\/\/progettotouring.it\/radiotouring104\/wp-content\/uploads\/sites\/6\/2025\/04\/i-walk-the-line-bowling-reggio.jpeg\",\"width\":1600,\"height\":1200},{\"@type\":\"BreadcrumbList\",\"@id\":\"https:\/\/progettotouring.it\/radiotouring104\/2025\/04\/16\/reggio-i-walk-the-line-fa-tappa-al-bowling\/#breadcrumb\",\"itemListElement\":[{\"@type\":\"ListItem\",\"position\":1,\"name\":\"Home\",\"item\":\"https:\/\/progettotouring.it\/radiotouring104\/\"},{\"@type\":\"ListItem\",\"position\":2,\"name\":\"Reggio: &#8220;I Walk the line&#8221; fa tappa al bowling\"}]},{\"@type\":\"WebSite\",\"@id\":\"https:\/\/progettotouring.it\/radiotouring104\/#website\",\"url\":\"https:\/\/progettotouring.it\/radiotouring104\/\",\"name\":\"Radio Touring 104\",\"description\":\"La prima radio Reggina\",\"publisher\":{\"@id\":\"https:\/\/progettotouring.it\/radiotouring104\/#organization\"},\"potentialAction\":[{\"@type\":\"SearchAction\",\"target\":{\"@type\":\"EntryPoint\",\"urlTemplate\":\"https:\/\/progettotouring.it\/radiotouring104\/?s={search_term_string}\"},\"query-input\":{\"@type\":\"PropertyValueSpecification\",\"valueRequired\":true,\"valueName\":\"search_term_string\"}}],\"inLanguage\":\"it-IT\"},{\"@type\":\"Organization\",\"@id\":\"https:\/\/progettotouring.it\/radiotouring104\/#organization\",\"name\":\"Radio Touring 104\",\"url\":\"https:\/\/progettotouring.it\/radiotouring104\/\",\"logo\":{\"@type\":\"ImageObject\",\"inLanguage\":\"it-IT\",\"@id\":\"https:\/\/progettotouring.it\/radiotouring104\/#\/schema\/logo\/image\/\",\"url\":\"https:\/\/progettotouring.it\/radiotouring104\/wp-content\/uploads\/sites\/6\/2022\/02\/cropped-logo-radio-touring-104.png\",\"contentUrl\":\"https:\/\/progettotouring.it\/radiotouring104\/wp-content\/uploads\/sites\/6\/2022\/02\/cropped-logo-radio-touring-104.png\",\"width\":377,\"height\":182,\"caption\":\"Radio Touring 104\"},\"image\":{\"@id\":\"https:\/\/progettotouring.it\/radiotouring104\/#\/schema\/logo\/image\/\"}},{\"@type\":\"Person\",\"@id\":\"https:\/\/progettotouring.it\/radiotouring104\/#\/schema\/person\/78613917f1851f041f7483f5af1d422e\",\"name\":\"Sebastiano Plutino\",\"image\":{\"@type\":\"ImageObject\",\"inLanguage\":\"it-IT\",\"@id\":\"https:\/\/secure.gravatar.com\/avatar\/0546ffaa9b79224faf9f2a156b67a529ae861d3287c66c1d8ccfdf909bcba78d?s=96&d=mm&r=g\",\"url\":\"https:\/\/secure.gravatar.com\/avatar\/0546ffaa9b79224faf9f2a156b67a529ae861d3287c66c1d8ccfdf909bcba78d?s=96&d=mm&r=g\",\"contentUrl\":\"https:\/\/secure.gravatar.com\/avatar\/0546ffaa9b79224faf9f2a156b67a529ae861d3287c66c1d8ccfdf909bcba78d?s=96&d=mm&r=g\",\"caption\":\"Sebastiano Plutino\"},\"url\":\"https:\/\/progettotouring.it\/radiotouring104\/author\/sebastiano\/\"}]}<\/script>\n<!-- \/ Yoast SEO plugin. -->","yoast_head_json":{"title":"Reggio: \"I Walk the line\" fa tappa al bowling - Radio Touring 104","description":"Il progetto di inclusione sociale promosso da Metrocityha realizzato una giornata di socializzazione e formazione","robots":{"index":"index","follow":"follow","max-snippet":"max-snippet:-1","max-image-preview":"max-image-preview:large","max-video-preview":"max-video-preview:-1"},"canonical":"https:\/\/progettotouring.it\/radiotouring104\/2025\/04\/16\/reggio-i-walk-the-line-fa-tappa-al-bowling\/","og_locale":"it_IT","og_type":"article","og_title":"Reggio: \"I Walk the line\" fa tappa al bowling - Radio Touring 104","og_description":"Il progetto di inclusione sociale promosso da Metrocityha realizzato una giornata di socializzazione e formazione","og_url":"https:\/\/progettotouring.it\/radiotouring104\/2025\/04\/16\/reggio-i-walk-the-line-fa-tappa-al-bowling\/","og_site_name":"Radio Touring 104","article_published_time":"2025-04-16T08:03:58+00:00","og_image":[{"width":1600,"height":1200,"url":"https:\/\/progettotouring.it\/radiotouring104\/wp-content\/uploads\/sites\/6\/2025\/04\/i-walk-the-line-bowling-reggio.jpeg","type":"image\/jpeg"}],"author":"Sebastiano Plutino","twitter_card":"summary_large_image","twitter_misc":{"Scritto da":"Sebastiano Plutino","Tempo di lettura stimato":"2 minuti"},"schema":{"@context":"https:\/\/schema.org","@graph":[{"@type":"Article","@id":"https:\/\/progettotouring.it\/radiotouring104\/2025\/04\/16\/reggio-i-walk-the-line-fa-tappa-al-bowling\/#article","isPartOf":{"@id":"https:\/\/progettotouring.it\/radiotouring104\/2025\/04\/16\/reggio-i-walk-the-line-fa-tappa-al-bowling\/"},"author":{"name":"Sebastiano Plutino","@id":"https:\/\/progettotouring.it\/radiotouring104\/#\/schema\/person\/78613917f1851f041f7483f5af1d422e"},"headline":"Reggio: &#8220;I Walk the line&#8221; fa tappa al bowling","datePublished":"2025-04-16T08:03:58+00:00","mainEntityOfPage":{"@id":"https:\/\/progettotouring.it\/radiotouring104\/2025\/04\/16\/reggio-i-walk-the-line-fa-tappa-al-bowling\/"},"wordCount":402,"publisher":{"@id":"https:\/\/progettotouring.it\/radiotouring104\/#organization"},"image":{"@id":"https:\/\/progettotouring.it\/radiotouring104\/2025\/04\/16\/reggio-i-walk-the-line-fa-tappa-al-bowling\/#primaryimage"},"thumbnailUrl":"https:\/\/progettotouring.it\/radiotouring104\/wp-content\/uploads\/sites\/6\/2025\/04\/i-walk-the-line-bowling-reggio.jpeg","keywords":["bowling","carmelo versace","Domenica Catalfamo","Domenico Mantegna","I walk the line"],"articleSection":["Home","News","Reggio Calabria"],"inLanguage":"it-IT"},{"@type":"WebPage","@id":"https:\/\/progettotouring.it\/radiotouring104\/2025\/04\/16\/reggio-i-walk-the-line-fa-tappa-al-bowling\/","url":"https:\/\/progettotouring.it\/radiotouring104\/2025\/04\/16\/reggio-i-walk-the-line-fa-tappa-al-bowling\/","name":"Reggio: \"I Walk the line\" fa tappa al bowling - Radio Touring 104","isPartOf":{"@id":"https:\/\/progettotouring.it\/radiotouring104\/#website"},"primaryImageOfPage":{"@id":"https:\/\/progettotouring.it\/radiotouring104\/2025\/04\/16\/reggio-i-walk-the-line-fa-tappa-al-bowling\/#primaryimage"},"image":{"@id":"https:\/\/progettotouring.it\/radiotouring104\/2025\/04\/16\/reggio-i-walk-the-line-fa-tappa-al-bowling\/#primaryimage"},"thumbnailUrl":"https:\/\/progettotouring.it\/radiotouring104\/wp-content\/uploads\/sites\/6\/2025\/04\/i-walk-the-line-bowling-reggio.jpeg","datePublished":"2025-04-16T08:03:58+00:00","description":"Il progetto di inclusione sociale promosso da Metrocityha realizzato una giornata di socializzazione e formazione","breadcrumb":{"@id":"https:\/\/progettotouring.it\/radiotouring104\/2025\/04\/16\/reggio-i-walk-the-line-fa-tappa-al-bowling\/#breadcrumb"},"inLanguage":"it-IT","potentialAction":[{"@type":"ReadAction","target":["https:\/\/progettotouring.it\/radiotouring104\/2025\/04\/16\/reggio-i-walk-the-line-fa-tappa-al-bowling\/"]}]},{"@type":"ImageObject","inLanguage":"it-IT","@id":"https:\/\/progettotouring.it\/radiotouring104\/2025\/04\/16\/reggio-i-walk-the-line-fa-tappa-al-bowling\/#primaryimage","url":"https:\/\/progettotouring.it\/radiotouring104\/wp-content\/uploads\/sites\/6\/2025\/04\/i-walk-the-line-bowling-reggio.jpeg","contentUrl":"https:\/\/progettotouring.it\/radiotouring104\/wp-content\/uploads\/sites\/6\/2025\/04\/i-walk-the-line-bowling-reggio.jpeg","width":1600,"height":1200},{"@type":"BreadcrumbList","@id":"https:\/\/progettotouring.it\/radiotouring104\/2025\/04\/16\/reggio-i-walk-the-line-fa-tappa-al-bowling\/#breadcrumb","itemListElement":[{"@type":"ListItem","position":1,"name":"Home","item":"https:\/\/progettotouring.it\/radiotouring104\/"},{"@type":"ListItem","position":2,"name":"Reggio: &#8220;I Walk the line&#8221; fa tappa al bowling"}]},{"@type":"WebSite","@id":"https:\/\/progettotouring.it\/radiotouring104\/#website","url":"https:\/\/progettotouring.it\/radiotouring104\/","name":"Radio Touring 104","description":"La prima radio Reggina","publisher":{"@id":"https:\/\/progettotouring.it\/radiotouring104\/#organization"},"potentialAction":[{"@type":"SearchAction","target":{"@type":"EntryPoint","urlTemplate":"https:\/\/progettotouring.it\/radiotouring104\/?s={search_term_string}"},"query-input":{"@type":"PropertyValueSpecification","valueRequired":true,"valueName":"search_term_string"}}],"inLanguage":"it-IT"},{"@type":"Organization","@id":"https:\/\/progettotouring.it\/radiotouring104\/#organization","name":"Radio Touring 104","url":"https:\/\/progettotouring.it\/radiotouring104\/","logo":{"@type":"ImageObject","inLanguage":"it-IT","@id":"https:\/\/progettotouring.it\/radiotouring104\/#\/schema\/logo\/image\/","url":"https:\/\/progettotouring.it\/radiotouring104\/wp-content\/uploads\/sites\/6\/2022\/02\/cropped-logo-radio-touring-104.png","contentUrl":"https:\/\/progettotouring.it\/radiotouring104\/wp-content\/uploads\/sites\/6\/2022\/02\/cropped-logo-radio-touring-104.png","width":377,"height":182,"caption":"Radio Touring 104"},"image":{"@id":"https:\/\/progettotouring.it\/radiotouring104\/#\/schema\/logo\/image\/"}},{"@type":"Person","@id":"https:\/\/progettotouring.it\/radiotouring104\/#\/schema\/person\/78613917f1851f041f7483f5af1d422e","name":"Sebastiano Plutino","image":{"@type":"ImageObject","inLanguage":"it-IT","@id":"https:\/\/secure.gravatar.com\/avatar\/0546ffaa9b79224faf9f2a156b67a529ae861d3287c66c1d8ccfdf909bcba78d?s=96&d=mm&r=g","url":"https:\/\/secure.gravatar.com\/avatar\/0546ffaa9b79224faf9f2a156b67a529ae861d3287c66c1d8ccfdf909bcba78d?s=96&d=mm&r=g","contentUrl":"https:\/\/secure.gravatar.com\/avatar\/0546ffaa9b79224faf9f2a156b67a529ae861d3287c66c1d8ccfdf909bcba78d?s=96&d=mm&r=g","caption":"Sebastiano Plutino"},"url":"https:\/\/progettotouring.it\/radiotouring104\/author\/sebastiano\/"}]}},"jetpack_publicize_connections":[],"jetpack_featured_media_url":"https:\/\/progettotouring.it\/radiotouring104\/wp-content\/uploads\/sites\/6\/2025\/04\/i-walk-the-line-bowling-reggio.jpeg","jetpack_sharing_enabled":true,"_links":{"self":[{"href":"https:\/\/progettotouring.it\/radiotouring104\/wp-json\/wp\/v2\/posts\/71354","targetHints":{"allow":["GET"]}}],"collection":[{"href":"https:\/\/progettotouring.it\/radiotouring104\/wp-json\/wp\/v2\/posts"}],"about":[{"href":"https:\/\/progettotouring.it\/radiotouring104\/wp-json\/wp\/v2\/types\/post"}],"author":[{"embeddable":true,"href":"https:\/\/progettotouring.it\/radiotouring104\/wp-json\/wp\/v2\/users\/12"}],"replies":[{"embeddable":true,"href":"https:\/\/progettotouring.it\/radiotouring104\/wp-json\/wp\/v2\/comments?post=71354"}],"version-history":[{"count":1,"href":"https:\/\/progettotouring.it\/radiotouring104\/wp-json\/wp\/v2\/posts\/71354\/revisions"}],"predecessor-version":[{"id":71357,"href":"https:\/\/progettotouring.it\/radiotouring104\/wp-json\/wp\/v2\/posts\/71354\/revisions\/71357"}],"wp:featuredmedia":[{"embeddable":true,"href":"https:\/\/progettotouring.it\/radiotouring104\/wp-json\/wp\/v2\/media\/71356"}],"wp:attachment":[{"href":"https:\/\/progettotouring.it\/radiotouring104\/wp-json\/wp\/v2\/media?parent=71354"}],"wp:term":[{"taxonomy":"category","embeddable":true,"href":"https:\/\/progettotouring.it\/radiotouring104\/wp-json\/wp\/v2\/categories?post=71354"},{"taxonomy":"post_tag","embeddable":true,"href":"https:\/\/progettotouring.it\/radiotouring104\/wp-json\/wp\/v2\/tags?post=71354"}],"curies":[{"name":"wp","href":"https:\/\/api.w.org\/{rel}","templated":true}]}}