{"id":71358,"date":"2025-04-16T10:09:11","date_gmt":"2025-04-16T08:09:11","guid":{"rendered":"https:\/\/progettotouring.it\/radiotouring104\/?p=71358"},"modified":"2025-04-16T10:09:11","modified_gmt":"2025-04-16T08:09:11","slug":"falcomata-augura-pronta-guarigione-al-presidente-mattarella","status":"publish","type":"post","link":"https:\/\/progettotouring.it\/radiotouring104\/2025\/04\/16\/falcomata-augura-pronta-guarigione-al-presidente-mattarella\/","title":{"rendered":"Falcomat\u00e0 augura pronta guarigione al Presidente Mattarella"},"content":{"rendered":"<p style=\"text-align: justify\"><em>&#8220;Rivolgo, a nome della citt\u00e0, gli auguri di pronta guarigione al Presidente della Repubblica Sergio Mattarella. A lui che rappresenta il pi\u00f9 solido punto di riferimento istituzionale del Paese, auguriamo di ritornare al pi\u00f9 presto al suo ruolo di custode dei valori della nostra Costituzione&#8221;,<\/em>\u00a0<strong>dichiara il Sindaco metropolitano di Reggio Calabria Giuseppe Falcomat\u00e0.<\/strong><\/p>\n","protected":false},"excerpt":{"rendered":"<p>&#8220;Rivolgo, a nome della citt\u00e0, gli auguri di pronta guarigione al Presidente della Repubblica Sergio Mattarella. A lui che rappresenta il pi\u00f9 solido punto di riferimento istituzionale del Paese, auguriamo&hellip;<\/p>\n","protected":false},"author":12,"featured_media":71361,"comment_status":"closed","ping_status":"open","sticky":false,"template":"","format":"standard","meta":{"_jetpack_memberships_contains_paid_content":false,"footnotes":"","jetpack_publicize_message":"","jetpack_publicize_feature_enabled":true,"jetpack_social_post_already_shared":true,"jetpack_social_options":{"image_generator_settings":{"template":"highway","default_image_id":0,"font":"","enabled":false},"version":2}},"categories":[921,196,140],"tags":[42618,30465,42617,2369],"class_list":["post-71358","post","type-post","status-publish","format-standard","has-post-thumbnail","hentry","category-home","category-news","category-reggio-calabria","tag-auguri-di-pronta-guarigione","tag-falcomata-giuseppe","tag-ricovero-mattarella","tag-sergio-mattarella"],"yoast_head":"<!-- This site is optimized with the Yoast SEO plugin v27.2 - https:\/\/yoast.com\/product\/yoast-seo-wordpress\/ -->\n<title>Falcomat\u00e0 augura pronta guarigione al Presidente Mattarella - Radio Touring 104<\/title>\n<meta name=\"description\" content=\"&quot;Torni al pi\u00f9 presto al suo ruolo di custode dei valori della nostra Costituzione&quot;, le parole del Sindaco sul ricovero del Presidente\" \/>\n<meta name=\"robots\" content=\"index, follow, max-snippet:-1, max-image-preview:large, max-video-preview:-1\" \/>\n<link rel=\"canonical\" href=\"https:\/\/progettotouring.it\/radiotouring104\/2025\/04\/16\/falcomata-augura-pronta-guarigione-al-presidente-mattarella\/\" \/>\n<meta property=\"og:locale\" content=\"it_IT\" \/>\n<meta property=\"og:type\" content=\"article\" \/>\n<meta property=\"og:title\" content=\"Falcomat\u00e0 augura pronta guarigione al Presidente Mattarella - Radio Touring 104\" \/>\n<meta property=\"og:description\" content=\"&quot;Torni al pi\u00f9 presto al suo ruolo di custode dei valori della nostra Costituzione&quot;, le parole del Sindaco sul ricovero del Presidente\" \/>\n<meta property=\"og:url\" content=\"https:\/\/progettotouring.it\/radiotouring104\/2025\/04\/16\/falcomata-augura-pronta-guarigione-al-presidente-mattarella\/\" \/>\n<meta property=\"og:site_name\" content=\"Radio Touring 104\" \/>\n<meta property=\"article:published_time\" content=\"2025-04-16T08:09:11+00:00\" \/>\n<meta property=\"og:image\" content=\"https:\/\/progettotouring.it\/radiotouring104\/wp-content\/uploads\/sites\/6\/2025\/04\/falcomata-mattarella-2.jpeg\" \/>\n\t<meta property=\"og:image:width\" content=\"1696\" \/>\n\t<meta property=\"og:image:height\" content=\"1559\" \/>\n\t<meta property=\"og:image:type\" content=\"image\/jpeg\" \/>\n<meta name=\"author\" content=\"Sebastiano Plutino\" \/>\n<meta name=\"twitter:card\" content=\"summary_large_image\" \/>\n<meta name=\"twitter:label1\" content=\"Scritto da\" \/>\n\t<meta name=\"twitter:data1\" content=\"Sebastiano Plutino\" \/>\n<script type=\"application\/ld+json\" class=\"yoast-schema-graph\">{\"@context\":\"https:\/\/schema.org\",\"@graph\":[{\"@type\":\"Article\",\"@id\":\"https:\/\/progettotouring.it\/radiotouring104\/2025\/04\/16\/falcomata-augura-pronta-guarigione-al-presidente-mattarella\/#article\",\"isPartOf\":{\"@id\":\"https:\/\/progettotouring.it\/radiotouring104\/2025\/04\/16\/falcomata-augura-pronta-guarigione-al-presidente-mattarella\/\"},\"author\":{\"name\":\"Sebastiano Plutino\",\"@id\":\"https:\/\/progettotouring.it\/radiotouring104\/#\/schema\/person\/78613917f1851f041f7483f5af1d422e\"},\"headline\":\"Falcomat\u00e0 augura pronta guarigione al Presidente Mattarella\",\"datePublished\":\"2025-04-16T08:09:11+00:00\",\"mainEntityOfPage\":{\"@id\":\"https:\/\/progettotouring.it\/radiotouring104\/2025\/04\/16\/falcomata-augura-pronta-guarigione-al-presidente-mattarella\/\"},\"wordCount\":61,\"publisher\":{\"@id\":\"https:\/\/progettotouring.it\/radiotouring104\/#organization\"},\"image\":{\"@id\":\"https:\/\/progettotouring.it\/radiotouring104\/2025\/04\/16\/falcomata-augura-pronta-guarigione-al-presidente-mattarella\/#primaryimage\"},\"thumbnailUrl\":\"https:\/\/progettotouring.it\/radiotouring104\/wp-content\/uploads\/sites\/6\/2025\/04\/falcomata-mattarella-2.jpeg\",\"keywords\":[\"auguri di pronta guarigione\",\"Falcomat\u00e0 Giuseppe\",\"ricovero Mattarella\",\"Sergio Mattarella\"],\"articleSection\":[\"Home\",\"News\",\"Reggio Calabria\"],\"inLanguage\":\"it-IT\"},{\"@type\":\"WebPage\",\"@id\":\"https:\/\/progettotouring.it\/radiotouring104\/2025\/04\/16\/falcomata-augura-pronta-guarigione-al-presidente-mattarella\/\",\"url\":\"https:\/\/progettotouring.it\/radiotouring104\/2025\/04\/16\/falcomata-augura-pronta-guarigione-al-presidente-mattarella\/\",\"name\":\"Falcomat\u00e0 augura pronta guarigione al Presidente Mattarella - Radio Touring 104\",\"isPartOf\":{\"@id\":\"https:\/\/progettotouring.it\/radiotouring104\/#website\"},\"primaryImageOfPage\":{\"@id\":\"https:\/\/progettotouring.it\/radiotouring104\/2025\/04\/16\/falcomata-augura-pronta-guarigione-al-presidente-mattarella\/#primaryimage\"},\"image\":{\"@id\":\"https:\/\/progettotouring.it\/radiotouring104\/2025\/04\/16\/falcomata-augura-pronta-guarigione-al-presidente-mattarella\/#primaryimage\"},\"thumbnailUrl\":\"https:\/\/progettotouring.it\/radiotouring104\/wp-content\/uploads\/sites\/6\/2025\/04\/falcomata-mattarella-2.jpeg\",\"datePublished\":\"2025-04-16T08:09:11+00:00\",\"description\":\"\\\"Torni al pi\u00f9 presto al suo ruolo di custode dei valori della nostra Costituzione\\\", le parole del Sindaco sul ricovero del Presidente\",\"breadcrumb\":{\"@id\":\"https:\/\/progettotouring.it\/radiotouring104\/2025\/04\/16\/falcomata-augura-pronta-guarigione-al-presidente-mattarella\/#breadcrumb\"},\"inLanguage\":\"it-IT\",\"potentialAction\":[{\"@type\":\"ReadAction\",\"target\":[\"https:\/\/progettotouring.it\/radiotouring104\/2025\/04\/16\/falcomata-augura-pronta-guarigione-al-presidente-mattarella\/\"]}]},{\"@type\":\"ImageObject\",\"inLanguage\":\"it-IT\",\"@id\":\"https:\/\/progettotouring.it\/radiotouring104\/2025\/04\/16\/falcomata-augura-pronta-guarigione-al-presidente-mattarella\/#primaryimage\",\"url\":\"https:\/\/progettotouring.it\/radiotouring104\/wp-content\/uploads\/sites\/6\/2025\/04\/falcomata-mattarella-2.jpeg\",\"contentUrl\":\"https:\/\/progettotouring.it\/radiotouring104\/wp-content\/uploads\/sites\/6\/2025\/04\/falcomata-mattarella-2.jpeg\",\"width\":1696,\"height\":1559},{\"@type\":\"BreadcrumbList\",\"@id\":\"https:\/\/progettotouring.it\/radiotouring104\/2025\/04\/16\/falcomata-augura-pronta-guarigione-al-presidente-mattarella\/#breadcrumb\",\"itemListElement\":[{\"@type\":\"ListItem\",\"position\":1,\"name\":\"Home\",\"item\":\"https:\/\/progettotouring.it\/radiotouring104\/\"},{\"@type\":\"ListItem\",\"position\":2,\"name\":\"Falcomat\u00e0 augura pronta guarigione al Presidente Mattarella\"}]},{\"@type\":\"WebSite\",\"@id\":\"https:\/\/progettotouring.it\/radiotouring104\/#website\",\"url\":\"https:\/\/progettotouring.it\/radiotouring104\/\",\"name\":\"Radio Touring 104\",\"description\":\"La prima radio Reggina\",\"publisher\":{\"@id\":\"https:\/\/progettotouring.it\/radiotouring104\/#organization\"},\"potentialAction\":[{\"@type\":\"SearchAction\",\"target\":{\"@type\":\"EntryPoint\",\"urlTemplate\":\"https:\/\/progettotouring.it\/radiotouring104\/?s={search_term_string}\"},\"query-input\":{\"@type\":\"PropertyValueSpecification\",\"valueRequired\":true,\"valueName\":\"search_term_string\"}}],\"inLanguage\":\"it-IT\"},{\"@type\":\"Organization\",\"@id\":\"https:\/\/progettotouring.it\/radiotouring104\/#organization\",\"name\":\"Radio Touring 104\",\"url\":\"https:\/\/progettotouring.it\/radiotouring104\/\",\"logo\":{\"@type\":\"ImageObject\",\"inLanguage\":\"it-IT\",\"@id\":\"https:\/\/progettotouring.it\/radiotouring104\/#\/schema\/logo\/image\/\",\"url\":\"https:\/\/progettotouring.it\/radiotouring104\/wp-content\/uploads\/sites\/6\/2022\/02\/cropped-logo-radio-touring-104.png\",\"contentUrl\":\"https:\/\/progettotouring.it\/radiotouring104\/wp-content\/uploads\/sites\/6\/2022\/02\/cropped-logo-radio-touring-104.png\",\"width\":377,\"height\":182,\"caption\":\"Radio Touring 104\"},\"image\":{\"@id\":\"https:\/\/progettotouring.it\/radiotouring104\/#\/schema\/logo\/image\/\"}},{\"@type\":\"Person\",\"@id\":\"https:\/\/progettotouring.it\/radiotouring104\/#\/schema\/person\/78613917f1851f041f7483f5af1d422e\",\"name\":\"Sebastiano Plutino\",\"image\":{\"@type\":\"ImageObject\",\"inLanguage\":\"it-IT\",\"@id\":\"https:\/\/secure.gravatar.com\/avatar\/0546ffaa9b79224faf9f2a156b67a529ae861d3287c66c1d8ccfdf909bcba78d?s=96&d=mm&r=g\",\"url\":\"https:\/\/secure.gravatar.com\/avatar\/0546ffaa9b79224faf9f2a156b67a529ae861d3287c66c1d8ccfdf909bcba78d?s=96&d=mm&r=g\",\"contentUrl\":\"https:\/\/secure.gravatar.com\/avatar\/0546ffaa9b79224faf9f2a156b67a529ae861d3287c66c1d8ccfdf909bcba78d?s=96&d=mm&r=g\",\"caption\":\"Sebastiano Plutino\"},\"url\":\"https:\/\/progettotouring.it\/radiotouring104\/author\/sebastiano\/\"}]}<\/script>\n<!-- \/ Yoast SEO plugin. -->","yoast_head_json":{"title":"Falcomat\u00e0 augura pronta guarigione al Presidente Mattarella - Radio Touring 104","description":"\"Torni al pi\u00f9 presto al suo ruolo di custode dei valori della nostra Costituzione\", le parole del Sindaco sul ricovero del Presidente","robots":{"index":"index","follow":"follow","max-snippet":"max-snippet:-1","max-image-preview":"max-image-preview:large","max-video-preview":"max-video-preview:-1"},"canonical":"https:\/\/progettotouring.it\/radiotouring104\/2025\/04\/16\/falcomata-augura-pronta-guarigione-al-presidente-mattarella\/","og_locale":"it_IT","og_type":"article","og_title":"Falcomat\u00e0 augura pronta guarigione al Presidente Mattarella - Radio Touring 104","og_description":"\"Torni al pi\u00f9 presto al suo ruolo di custode dei valori della nostra Costituzione\", le parole del Sindaco sul ricovero del Presidente","og_url":"https:\/\/progettotouring.it\/radiotouring104\/2025\/04\/16\/falcomata-augura-pronta-guarigione-al-presidente-mattarella\/","og_site_name":"Radio Touring 104","article_published_time":"2025-04-16T08:09:11+00:00","og_image":[{"width":1696,"height":1559,"url":"https:\/\/progettotouring.it\/radiotouring104\/wp-content\/uploads\/sites\/6\/2025\/04\/falcomata-mattarella-2.jpeg","type":"image\/jpeg"}],"author":"Sebastiano Plutino","twitter_card":"summary_large_image","twitter_misc":{"Scritto da":"Sebastiano Plutino"},"schema":{"@context":"https:\/\/schema.org","@graph":[{"@type":"Article","@id":"https:\/\/progettotouring.it\/radiotouring104\/2025\/04\/16\/falcomata-augura-pronta-guarigione-al-presidente-mattarella\/#article","isPartOf":{"@id":"https:\/\/progettotouring.it\/radiotouring104\/2025\/04\/16\/falcomata-augura-pronta-guarigione-al-presidente-mattarella\/"},"author":{"name":"Sebastiano Plutino","@id":"https:\/\/progettotouring.it\/radiotouring104\/#\/schema\/person\/78613917f1851f041f7483f5af1d422e"},"headline":"Falcomat\u00e0 augura pronta guarigione al Presidente Mattarella","datePublished":"2025-04-16T08:09:11+00:00","mainEntityOfPage":{"@id":"https:\/\/progettotouring.it\/radiotouring104\/2025\/04\/16\/falcomata-augura-pronta-guarigione-al-presidente-mattarella\/"},"wordCount":61,"publisher":{"@id":"https:\/\/progettotouring.it\/radiotouring104\/#organization"},"image":{"@id":"https:\/\/progettotouring.it\/radiotouring104\/2025\/04\/16\/falcomata-augura-pronta-guarigione-al-presidente-mattarella\/#primaryimage"},"thumbnailUrl":"https:\/\/progettotouring.it\/radiotouring104\/wp-content\/uploads\/sites\/6\/2025\/04\/falcomata-mattarella-2.jpeg","keywords":["auguri di pronta guarigione","Falcomat\u00e0 Giuseppe","ricovero Mattarella","Sergio Mattarella"],"articleSection":["Home","News","Reggio Calabria"],"inLanguage":"it-IT"},{"@type":"WebPage","@id":"https:\/\/progettotouring.it\/radiotouring104\/2025\/04\/16\/falcomata-augura-pronta-guarigione-al-presidente-mattarella\/","url":"https:\/\/progettotouring.it\/radiotouring104\/2025\/04\/16\/falcomata-augura-pronta-guarigione-al-presidente-mattarella\/","name":"Falcomat\u00e0 augura pronta guarigione al Presidente Mattarella - Radio Touring 104","isPartOf":{"@id":"https:\/\/progettotouring.it\/radiotouring104\/#website"},"primaryImageOfPage":{"@id":"https:\/\/progettotouring.it\/radiotouring104\/2025\/04\/16\/falcomata-augura-pronta-guarigione-al-presidente-mattarella\/#primaryimage"},"image":{"@id":"https:\/\/progettotouring.it\/radiotouring104\/2025\/04\/16\/falcomata-augura-pronta-guarigione-al-presidente-mattarella\/#primaryimage"},"thumbnailUrl":"https:\/\/progettotouring.it\/radiotouring104\/wp-content\/uploads\/sites\/6\/2025\/04\/falcomata-mattarella-2.jpeg","datePublished":"2025-04-16T08:09:11+00:00","description":"\"Torni al pi\u00f9 presto al suo ruolo di custode dei valori della nostra Costituzione\", le parole del Sindaco sul ricovero del Presidente","breadcrumb":{"@id":"https:\/\/progettotouring.it\/radiotouring104\/2025\/04\/16\/falcomata-augura-pronta-guarigione-al-presidente-mattarella\/#breadcrumb"},"inLanguage":"it-IT","potentialAction":[{"@type":"ReadAction","target":["https:\/\/progettotouring.it\/radiotouring104\/2025\/04\/16\/falcomata-augura-pronta-guarigione-al-presidente-mattarella\/"]}]},{"@type":"ImageObject","inLanguage":"it-IT","@id":"https:\/\/progettotouring.it\/radiotouring104\/2025\/04\/16\/falcomata-augura-pronta-guarigione-al-presidente-mattarella\/#primaryimage","url":"https:\/\/progettotouring.it\/radiotouring104\/wp-content\/uploads\/sites\/6\/2025\/04\/falcomata-mattarella-2.jpeg","contentUrl":"https:\/\/progettotouring.it\/radiotouring104\/wp-content\/uploads\/sites\/6\/2025\/04\/falcomata-mattarella-2.jpeg","width":1696,"height":1559},{"@type":"BreadcrumbList","@id":"https:\/\/progettotouring.it\/radiotouring104\/2025\/04\/16\/falcomata-augura-pronta-guarigione-al-presidente-mattarella\/#breadcrumb","itemListElement":[{"@type":"ListItem","position":1,"name":"Home","item":"https:\/\/progettotouring.it\/radiotouring104\/"},{"@type":"ListItem","position":2,"name":"Falcomat\u00e0 augura pronta guarigione al Presidente Mattarella"}]},{"@type":"WebSite","@id":"https:\/\/progettotouring.it\/radiotouring104\/#website","url":"https:\/\/progettotouring.it\/radiotouring104\/","name":"Radio Touring 104","description":"La prima radio Reggina","publisher":{"@id":"https:\/\/progettotouring.it\/radiotouring104\/#organization"},"potentialAction":[{"@type":"SearchAction","target":{"@type":"EntryPoint","urlTemplate":"https:\/\/progettotouring.it\/radiotouring104\/?s={search_term_string}"},"query-input":{"@type":"PropertyValueSpecification","valueRequired":true,"valueName":"search_term_string"}}],"inLanguage":"it-IT"},{"@type":"Organization","@id":"https:\/\/progettotouring.it\/radiotouring104\/#organization","name":"Radio Touring 104","url":"https:\/\/progettotouring.it\/radiotouring104\/","logo":{"@type":"ImageObject","inLanguage":"it-IT","@id":"https:\/\/progettotouring.it\/radiotouring104\/#\/schema\/logo\/image\/","url":"https:\/\/progettotouring.it\/radiotouring104\/wp-content\/uploads\/sites\/6\/2022\/02\/cropped-logo-radio-touring-104.png","contentUrl":"https:\/\/progettotouring.it\/radiotouring104\/wp-content\/uploads\/sites\/6\/2022\/02\/cropped-logo-radio-touring-104.png","width":377,"height":182,"caption":"Radio Touring 104"},"image":{"@id":"https:\/\/progettotouring.it\/radiotouring104\/#\/schema\/logo\/image\/"}},{"@type":"Person","@id":"https:\/\/progettotouring.it\/radiotouring104\/#\/schema\/person\/78613917f1851f041f7483f5af1d422e","name":"Sebastiano Plutino","image":{"@type":"ImageObject","inLanguage":"it-IT","@id":"https:\/\/secure.gravatar.com\/avatar\/0546ffaa9b79224faf9f2a156b67a529ae861d3287c66c1d8ccfdf909bcba78d?s=96&d=mm&r=g","url":"https:\/\/secure.gravatar.com\/avatar\/0546ffaa9b79224faf9f2a156b67a529ae861d3287c66c1d8ccfdf909bcba78d?s=96&d=mm&r=g","contentUrl":"https:\/\/secure.gravatar.com\/avatar\/0546ffaa9b79224faf9f2a156b67a529ae861d3287c66c1d8ccfdf909bcba78d?s=96&d=mm&r=g","caption":"Sebastiano Plutino"},"url":"https:\/\/progettotouring.it\/radiotouring104\/author\/sebastiano\/"}]}},"jetpack_publicize_connections":[],"jetpack_featured_media_url":"https:\/\/progettotouring.it\/radiotouring104\/wp-content\/uploads\/sites\/6\/2025\/04\/falcomata-mattarella-2.jpeg","jetpack_sharing_enabled":true,"_links":{"self":[{"href":"https:\/\/progettotouring.it\/radiotouring104\/wp-json\/wp\/v2\/posts\/71358","targetHints":{"allow":["GET"]}}],"collection":[{"href":"https:\/\/progettotouring.it\/radiotouring104\/wp-json\/wp\/v2\/posts"}],"about":[{"href":"https:\/\/progettotouring.it\/radiotouring104\/wp-json\/wp\/v2\/types\/post"}],"author":[{"embeddable":true,"href":"https:\/\/progettotouring.it\/radiotouring104\/wp-json\/wp\/v2\/users\/12"}],"replies":[{"embeddable":true,"href":"https:\/\/progettotouring.it\/radiotouring104\/wp-json\/wp\/v2\/comments?post=71358"}],"version-history":[{"count":1,"href":"https:\/\/progettotouring.it\/radiotouring104\/wp-json\/wp\/v2\/posts\/71358\/revisions"}],"predecessor-version":[{"id":71362,"href":"https:\/\/progettotouring.it\/radiotouring104\/wp-json\/wp\/v2\/posts\/71358\/revisions\/71362"}],"wp:featuredmedia":[{"embeddable":true,"href":"https:\/\/progettotouring.it\/radiotouring104\/wp-json\/wp\/v2\/media\/71361"}],"wp:attachment":[{"href":"https:\/\/progettotouring.it\/radiotouring104\/wp-json\/wp\/v2\/media?parent=71358"}],"wp:term":[{"taxonomy":"category","embeddable":true,"href":"https:\/\/progettotouring.it\/radiotouring104\/wp-json\/wp\/v2\/categories?post=71358"},{"taxonomy":"post_tag","embeddable":true,"href":"https:\/\/progettotouring.it\/radiotouring104\/wp-json\/wp\/v2\/tags?post=71358"}],"curies":[{"name":"wp","href":"https:\/\/api.w.org\/{rel}","templated":true}]}}