{"id":71375,"date":"2025-04-16T11:55:02","date_gmt":"2025-04-16T09:55:02","guid":{"rendered":"https:\/\/progettotouring.it\/radiotouring104\/?p=71375"},"modified":"2025-04-16T11:55:02","modified_gmt":"2025-04-16T09:55:02","slug":"scalea-costituito-il-consorzio-delle-pro-loco-alto-tirreno-cosentino","status":"publish","type":"post","link":"https:\/\/progettotouring.it\/radiotouring104\/2025\/04\/16\/scalea-costituito-il-consorzio-delle-pro-loco-alto-tirreno-cosentino\/","title":{"rendered":"Scalea: costituito il Consorzio delle Pro Loco Alto Tirreno Cosentino"},"content":{"rendered":"<p style=\"text-align: justify\">Sabato 12 aprile, presso la Biblioteca Comunale di Scalea, si \u00e8 ufficialmente costituito il Consorzio delle Pro Loco che riunisce la quasi totalit\u00e0 delle associazioni operanti nel tratto dell\u2019Alto Tirreno cosentino compreso tra Tortora e Cetraro.<\/p>\n<p style=\"text-align: justify\">Il nuovo organismo ha l\u2019intento di potenziare l\u2019azione di promozione culturale e turistica del territorio, facendo leva su un modello collaborativo basato sull\u2019unione, la condivisione e la valorizzazione delle specificit\u00e0 locali. L\u2019obiettivo del Consorzio \u00e8 quello di coordinare attivit\u00e0 e progettualit\u00e0 in grado di esaltare, nel rispetto delle singole identit\u00e0, le ricchezze comuni dell\u2019intero comprensorio.<\/p>\n<p style=\"text-align: justify\">Alla riunione costitutiva hanno preso parte i rappresentanti delle Pro Loco di Scalea, Santa Maria del Cedro, Orsomarso, Verbicaro, Santa Domenica Talao, Grisolia e Praia a Mare, che hanno formalmente aderito al Consorzio e partecipato alla definizione della struttura organizzativa.<\/p>\n<p style=\"text-align: justify\">Durante l\u2019assemblea si \u00e8 provveduto all\u2019elezione delle cariche direttive. Sono stati eletti: presidente: Salvatore Licursi, presidente della Pro Loco di Scalea; vicepresidente: Angela Annuzzi, presidente della Pro loco di Verbicaro; segretario: Franca Mancuso, presidente della Pro Loco di Santa Maria del Cedro<\/p>\n<p style=\"text-align: justify\">I lavori si sono svolti in un clima di grande collaborazione e spirito costruttivo, segnando l\u2019inizio di una nuova fase di cooperazione tra realt\u00e0 associative che da anni operano con passione e dedizione nella promozione dei rispettivi territori.<\/p>\n<p style=\"text-align: justify\">Il Consorzio, che si configura come uno strumento dinamico e inclusivo, rester\u00e0 aperto a ulteriori adesioni: \u00e8 stata infatti deliberata una proroga fino al prossimo 30 aprile per consentire alle restanti Pro Loco della fascia territoriale interessata di entrare a far parte dell\u2019organismo.<\/p>\n<p style=\"text-align: justify\">L\u2019auspicio condiviso \u00e8 che questa nuova realt\u00e0 possa diventare un punto di riferimento stabile, capace di coordinare e sostenere iniziative a carattere culturale, turistico e sociale, creando una rete solida tra i diversi comuni e rafforzando l\u2019identit\u00e0 di un\u2019area ricca di storia, tradizioni, risorse naturali e potenzialit\u00e0.<\/p>\n<p style=\"text-align: justify\">\n","protected":false},"excerpt":{"rendered":"<p>Sabato 12 aprile, presso la Biblioteca Comunale di Scalea, si \u00e8 ufficialmente costituito il Consorzio delle Pro Loco che riunisce la quasi totalit\u00e0 delle associazioni operanti nel tratto dell\u2019Alto Tirreno&hellip;<\/p>\n","protected":false},"author":12,"featured_media":71376,"comment_status":"closed","ping_status":"open","sticky":false,"template":"","format":"standard","meta":{"_jetpack_memberships_contains_paid_content":false,"footnotes":"","jetpack_publicize_message":"","jetpack_publicize_feature_enabled":true,"jetpack_social_post_already_shared":true,"jetpack_social_options":{"image_generator_settings":{"template":"highway","default_image_id":0,"font":"","enabled":false},"version":2}},"categories":[142,921,196],"tags":[42632,12836,42633,460],"class_list":["post-71375","post","type-post","status-publish","format-standard","has-post-thumbnail","hentry","category-calabria","category-home","category-news","tag-associazioni-territorio","tag-biblioteca-comunale","tag-costituito-il-consorzio-delle-pro-loco-alto-tirreno-cosentino","tag-scalea"],"yoast_head":"<!-- This site is optimized with the Yoast SEO plugin v27.2 - https:\/\/yoast.com\/product\/yoast-seo-wordpress\/ -->\n<title>Scalea: costituito il Consorzio delle Pro Loco Alto Tirreno Cosentino - Radio Touring 104<\/title>\n<meta name=\"description\" content=\"Il 12 aprile, presso la Biblioteca Comunale, si \u00e8 costituito il Consorzio che riunisce quasi tutte le associazioni del territorio\" \/>\n<meta name=\"robots\" content=\"index, follow, max-snippet:-1, max-image-preview:large, max-video-preview:-1\" \/>\n<link rel=\"canonical\" href=\"https:\/\/progettotouring.it\/radiotouring104\/2025\/04\/16\/scalea-costituito-il-consorzio-delle-pro-loco-alto-tirreno-cosentino\/\" \/>\n<meta property=\"og:locale\" content=\"it_IT\" \/>\n<meta property=\"og:type\" content=\"article\" \/>\n<meta property=\"og:title\" content=\"Scalea: costituito il Consorzio delle Pro Loco Alto Tirreno Cosentino - Radio Touring 104\" \/>\n<meta property=\"og:description\" content=\"Il 12 aprile, presso la Biblioteca Comunale, si \u00e8 costituito il Consorzio che riunisce quasi tutte le associazioni del territorio\" \/>\n<meta property=\"og:url\" content=\"https:\/\/progettotouring.it\/radiotouring104\/2025\/04\/16\/scalea-costituito-il-consorzio-delle-pro-loco-alto-tirreno-cosentino\/\" \/>\n<meta property=\"og:site_name\" content=\"Radio Touring 104\" \/>\n<meta property=\"article:published_time\" content=\"2025-04-16T09:55:02+00:00\" \/>\n<meta property=\"og:image\" content=\"https:\/\/progettotouring.it\/radiotouring104\/wp-content\/uploads\/sites\/6\/2025\/04\/Consorzio-territorio-Scalea.jpg\" \/>\n\t<meta property=\"og:image:width\" content=\"2048\" \/>\n\t<meta property=\"og:image:height\" content=\"1536\" \/>\n\t<meta property=\"og:image:type\" content=\"image\/jpeg\" \/>\n<meta name=\"author\" content=\"Sebastiano Plutino\" \/>\n<meta name=\"twitter:card\" content=\"summary_large_image\" \/>\n<meta name=\"twitter:label1\" content=\"Scritto da\" \/>\n\t<meta name=\"twitter:data1\" content=\"Sebastiano Plutino\" \/>\n\t<meta name=\"twitter:label2\" content=\"Tempo di lettura stimato\" \/>\n\t<meta name=\"twitter:data2\" content=\"2 minuti\" \/>\n<script type=\"application\/ld+json\" class=\"yoast-schema-graph\">{\"@context\":\"https:\/\/schema.org\",\"@graph\":[{\"@type\":\"Article\",\"@id\":\"https:\/\/progettotouring.it\/radiotouring104\/2025\/04\/16\/scalea-costituito-il-consorzio-delle-pro-loco-alto-tirreno-cosentino\/#article\",\"isPartOf\":{\"@id\":\"https:\/\/progettotouring.it\/radiotouring104\/2025\/04\/16\/scalea-costituito-il-consorzio-delle-pro-loco-alto-tirreno-cosentino\/\"},\"author\":{\"name\":\"Sebastiano Plutino\",\"@id\":\"https:\/\/progettotouring.it\/radiotouring104\/#\/schema\/person\/78613917f1851f041f7483f5af1d422e\"},\"headline\":\"Scalea: costituito il Consorzio delle Pro Loco Alto Tirreno Cosentino\",\"datePublished\":\"2025-04-16T09:55:02+00:00\",\"mainEntityOfPage\":{\"@id\":\"https:\/\/progettotouring.it\/radiotouring104\/2025\/04\/16\/scalea-costituito-il-consorzio-delle-pro-loco-alto-tirreno-cosentino\/\"},\"wordCount\":317,\"publisher\":{\"@id\":\"https:\/\/progettotouring.it\/radiotouring104\/#organization\"},\"image\":{\"@id\":\"https:\/\/progettotouring.it\/radiotouring104\/2025\/04\/16\/scalea-costituito-il-consorzio-delle-pro-loco-alto-tirreno-cosentino\/#primaryimage\"},\"thumbnailUrl\":\"https:\/\/progettotouring.it\/radiotouring104\/wp-content\/uploads\/sites\/6\/2025\/04\/Consorzio-territorio-Scalea.jpg\",\"keywords\":[\"associazioni territorio\",\"biblioteca comunale\",\"costituito il Consorzio delle Pro Loco Alto Tirreno Cosentino\",\"scalea\"],\"articleSection\":[\"Calabria\",\"Home\",\"News\"],\"inLanguage\":\"it-IT\"},{\"@type\":\"WebPage\",\"@id\":\"https:\/\/progettotouring.it\/radiotouring104\/2025\/04\/16\/scalea-costituito-il-consorzio-delle-pro-loco-alto-tirreno-cosentino\/\",\"url\":\"https:\/\/progettotouring.it\/radiotouring104\/2025\/04\/16\/scalea-costituito-il-consorzio-delle-pro-loco-alto-tirreno-cosentino\/\",\"name\":\"Scalea: costituito il Consorzio delle Pro Loco Alto Tirreno Cosentino - Radio Touring 104\",\"isPartOf\":{\"@id\":\"https:\/\/progettotouring.it\/radiotouring104\/#website\"},\"primaryImageOfPage\":{\"@id\":\"https:\/\/progettotouring.it\/radiotouring104\/2025\/04\/16\/scalea-costituito-il-consorzio-delle-pro-loco-alto-tirreno-cosentino\/#primaryimage\"},\"image\":{\"@id\":\"https:\/\/progettotouring.it\/radiotouring104\/2025\/04\/16\/scalea-costituito-il-consorzio-delle-pro-loco-alto-tirreno-cosentino\/#primaryimage\"},\"thumbnailUrl\":\"https:\/\/progettotouring.it\/radiotouring104\/wp-content\/uploads\/sites\/6\/2025\/04\/Consorzio-territorio-Scalea.jpg\",\"datePublished\":\"2025-04-16T09:55:02+00:00\",\"description\":\"Il 12 aprile, presso la Biblioteca Comunale, si \u00e8 costituito il Consorzio che riunisce quasi tutte le associazioni del territorio\",\"breadcrumb\":{\"@id\":\"https:\/\/progettotouring.it\/radiotouring104\/2025\/04\/16\/scalea-costituito-il-consorzio-delle-pro-loco-alto-tirreno-cosentino\/#breadcrumb\"},\"inLanguage\":\"it-IT\",\"potentialAction\":[{\"@type\":\"ReadAction\",\"target\":[\"https:\/\/progettotouring.it\/radiotouring104\/2025\/04\/16\/scalea-costituito-il-consorzio-delle-pro-loco-alto-tirreno-cosentino\/\"]}]},{\"@type\":\"ImageObject\",\"inLanguage\":\"it-IT\",\"@id\":\"https:\/\/progettotouring.it\/radiotouring104\/2025\/04\/16\/scalea-costituito-il-consorzio-delle-pro-loco-alto-tirreno-cosentino\/#primaryimage\",\"url\":\"https:\/\/progettotouring.it\/radiotouring104\/wp-content\/uploads\/sites\/6\/2025\/04\/Consorzio-territorio-Scalea.jpg\",\"contentUrl\":\"https:\/\/progettotouring.it\/radiotouring104\/wp-content\/uploads\/sites\/6\/2025\/04\/Consorzio-territorio-Scalea.jpg\",\"width\":2048,\"height\":1536},{\"@type\":\"BreadcrumbList\",\"@id\":\"https:\/\/progettotouring.it\/radiotouring104\/2025\/04\/16\/scalea-costituito-il-consorzio-delle-pro-loco-alto-tirreno-cosentino\/#breadcrumb\",\"itemListElement\":[{\"@type\":\"ListItem\",\"position\":1,\"name\":\"Home\",\"item\":\"https:\/\/progettotouring.it\/radiotouring104\/\"},{\"@type\":\"ListItem\",\"position\":2,\"name\":\"Scalea: costituito il Consorzio delle Pro Loco Alto Tirreno Cosentino\"}]},{\"@type\":\"WebSite\",\"@id\":\"https:\/\/progettotouring.it\/radiotouring104\/#website\",\"url\":\"https:\/\/progettotouring.it\/radiotouring104\/\",\"name\":\"Radio Touring 104\",\"description\":\"La prima radio Reggina\",\"publisher\":{\"@id\":\"https:\/\/progettotouring.it\/radiotouring104\/#organization\"},\"potentialAction\":[{\"@type\":\"SearchAction\",\"target\":{\"@type\":\"EntryPoint\",\"urlTemplate\":\"https:\/\/progettotouring.it\/radiotouring104\/?s={search_term_string}\"},\"query-input\":{\"@type\":\"PropertyValueSpecification\",\"valueRequired\":true,\"valueName\":\"search_term_string\"}}],\"inLanguage\":\"it-IT\"},{\"@type\":\"Organization\",\"@id\":\"https:\/\/progettotouring.it\/radiotouring104\/#organization\",\"name\":\"Radio Touring 104\",\"url\":\"https:\/\/progettotouring.it\/radiotouring104\/\",\"logo\":{\"@type\":\"ImageObject\",\"inLanguage\":\"it-IT\",\"@id\":\"https:\/\/progettotouring.it\/radiotouring104\/#\/schema\/logo\/image\/\",\"url\":\"https:\/\/progettotouring.it\/radiotouring104\/wp-content\/uploads\/sites\/6\/2022\/02\/cropped-logo-radio-touring-104.png\",\"contentUrl\":\"https:\/\/progettotouring.it\/radiotouring104\/wp-content\/uploads\/sites\/6\/2022\/02\/cropped-logo-radio-touring-104.png\",\"width\":377,\"height\":182,\"caption\":\"Radio Touring 104\"},\"image\":{\"@id\":\"https:\/\/progettotouring.it\/radiotouring104\/#\/schema\/logo\/image\/\"}},{\"@type\":\"Person\",\"@id\":\"https:\/\/progettotouring.it\/radiotouring104\/#\/schema\/person\/78613917f1851f041f7483f5af1d422e\",\"name\":\"Sebastiano Plutino\",\"image\":{\"@type\":\"ImageObject\",\"inLanguage\":\"it-IT\",\"@id\":\"https:\/\/secure.gravatar.com\/avatar\/0546ffaa9b79224faf9f2a156b67a529ae861d3287c66c1d8ccfdf909bcba78d?s=96&d=mm&r=g\",\"url\":\"https:\/\/secure.gravatar.com\/avatar\/0546ffaa9b79224faf9f2a156b67a529ae861d3287c66c1d8ccfdf909bcba78d?s=96&d=mm&r=g\",\"contentUrl\":\"https:\/\/secure.gravatar.com\/avatar\/0546ffaa9b79224faf9f2a156b67a529ae861d3287c66c1d8ccfdf909bcba78d?s=96&d=mm&r=g\",\"caption\":\"Sebastiano Plutino\"},\"url\":\"https:\/\/progettotouring.it\/radiotouring104\/author\/sebastiano\/\"}]}<\/script>\n<!-- \/ Yoast SEO plugin. -->","yoast_head_json":{"title":"Scalea: costituito il Consorzio delle Pro Loco Alto Tirreno Cosentino - Radio Touring 104","description":"Il 12 aprile, presso la Biblioteca Comunale, si \u00e8 costituito il Consorzio che riunisce quasi tutte le associazioni del territorio","robots":{"index":"index","follow":"follow","max-snippet":"max-snippet:-1","max-image-preview":"max-image-preview:large","max-video-preview":"max-video-preview:-1"},"canonical":"https:\/\/progettotouring.it\/radiotouring104\/2025\/04\/16\/scalea-costituito-il-consorzio-delle-pro-loco-alto-tirreno-cosentino\/","og_locale":"it_IT","og_type":"article","og_title":"Scalea: costituito il Consorzio delle Pro Loco Alto Tirreno Cosentino - Radio Touring 104","og_description":"Il 12 aprile, presso la Biblioteca Comunale, si \u00e8 costituito il Consorzio che riunisce quasi tutte le associazioni del territorio","og_url":"https:\/\/progettotouring.it\/radiotouring104\/2025\/04\/16\/scalea-costituito-il-consorzio-delle-pro-loco-alto-tirreno-cosentino\/","og_site_name":"Radio Touring 104","article_published_time":"2025-04-16T09:55:02+00:00","og_image":[{"width":2048,"height":1536,"url":"https:\/\/progettotouring.it\/radiotouring104\/wp-content\/uploads\/sites\/6\/2025\/04\/Consorzio-territorio-Scalea.jpg","type":"image\/jpeg"}],"author":"Sebastiano Plutino","twitter_card":"summary_large_image","twitter_misc":{"Scritto da":"Sebastiano Plutino","Tempo di lettura stimato":"2 minuti"},"schema":{"@context":"https:\/\/schema.org","@graph":[{"@type":"Article","@id":"https:\/\/progettotouring.it\/radiotouring104\/2025\/04\/16\/scalea-costituito-il-consorzio-delle-pro-loco-alto-tirreno-cosentino\/#article","isPartOf":{"@id":"https:\/\/progettotouring.it\/radiotouring104\/2025\/04\/16\/scalea-costituito-il-consorzio-delle-pro-loco-alto-tirreno-cosentino\/"},"author":{"name":"Sebastiano Plutino","@id":"https:\/\/progettotouring.it\/radiotouring104\/#\/schema\/person\/78613917f1851f041f7483f5af1d422e"},"headline":"Scalea: costituito il Consorzio delle Pro Loco Alto Tirreno Cosentino","datePublished":"2025-04-16T09:55:02+00:00","mainEntityOfPage":{"@id":"https:\/\/progettotouring.it\/radiotouring104\/2025\/04\/16\/scalea-costituito-il-consorzio-delle-pro-loco-alto-tirreno-cosentino\/"},"wordCount":317,"publisher":{"@id":"https:\/\/progettotouring.it\/radiotouring104\/#organization"},"image":{"@id":"https:\/\/progettotouring.it\/radiotouring104\/2025\/04\/16\/scalea-costituito-il-consorzio-delle-pro-loco-alto-tirreno-cosentino\/#primaryimage"},"thumbnailUrl":"https:\/\/progettotouring.it\/radiotouring104\/wp-content\/uploads\/sites\/6\/2025\/04\/Consorzio-territorio-Scalea.jpg","keywords":["associazioni territorio","biblioteca comunale","costituito il Consorzio delle Pro Loco Alto Tirreno Cosentino","scalea"],"articleSection":["Calabria","Home","News"],"inLanguage":"it-IT"},{"@type":"WebPage","@id":"https:\/\/progettotouring.it\/radiotouring104\/2025\/04\/16\/scalea-costituito-il-consorzio-delle-pro-loco-alto-tirreno-cosentino\/","url":"https:\/\/progettotouring.it\/radiotouring104\/2025\/04\/16\/scalea-costituito-il-consorzio-delle-pro-loco-alto-tirreno-cosentino\/","name":"Scalea: costituito il Consorzio delle Pro Loco Alto Tirreno Cosentino - Radio Touring 104","isPartOf":{"@id":"https:\/\/progettotouring.it\/radiotouring104\/#website"},"primaryImageOfPage":{"@id":"https:\/\/progettotouring.it\/radiotouring104\/2025\/04\/16\/scalea-costituito-il-consorzio-delle-pro-loco-alto-tirreno-cosentino\/#primaryimage"},"image":{"@id":"https:\/\/progettotouring.it\/radiotouring104\/2025\/04\/16\/scalea-costituito-il-consorzio-delle-pro-loco-alto-tirreno-cosentino\/#primaryimage"},"thumbnailUrl":"https:\/\/progettotouring.it\/radiotouring104\/wp-content\/uploads\/sites\/6\/2025\/04\/Consorzio-territorio-Scalea.jpg","datePublished":"2025-04-16T09:55:02+00:00","description":"Il 12 aprile, presso la Biblioteca Comunale, si \u00e8 costituito il Consorzio che riunisce quasi tutte le associazioni del territorio","breadcrumb":{"@id":"https:\/\/progettotouring.it\/radiotouring104\/2025\/04\/16\/scalea-costituito-il-consorzio-delle-pro-loco-alto-tirreno-cosentino\/#breadcrumb"},"inLanguage":"it-IT","potentialAction":[{"@type":"ReadAction","target":["https:\/\/progettotouring.it\/radiotouring104\/2025\/04\/16\/scalea-costituito-il-consorzio-delle-pro-loco-alto-tirreno-cosentino\/"]}]},{"@type":"ImageObject","inLanguage":"it-IT","@id":"https:\/\/progettotouring.it\/radiotouring104\/2025\/04\/16\/scalea-costituito-il-consorzio-delle-pro-loco-alto-tirreno-cosentino\/#primaryimage","url":"https:\/\/progettotouring.it\/radiotouring104\/wp-content\/uploads\/sites\/6\/2025\/04\/Consorzio-territorio-Scalea.jpg","contentUrl":"https:\/\/progettotouring.it\/radiotouring104\/wp-content\/uploads\/sites\/6\/2025\/04\/Consorzio-territorio-Scalea.jpg","width":2048,"height":1536},{"@type":"BreadcrumbList","@id":"https:\/\/progettotouring.it\/radiotouring104\/2025\/04\/16\/scalea-costituito-il-consorzio-delle-pro-loco-alto-tirreno-cosentino\/#breadcrumb","itemListElement":[{"@type":"ListItem","position":1,"name":"Home","item":"https:\/\/progettotouring.it\/radiotouring104\/"},{"@type":"ListItem","position":2,"name":"Scalea: costituito il Consorzio delle Pro Loco Alto Tirreno Cosentino"}]},{"@type":"WebSite","@id":"https:\/\/progettotouring.it\/radiotouring104\/#website","url":"https:\/\/progettotouring.it\/radiotouring104\/","name":"Radio Touring 104","description":"La prima radio Reggina","publisher":{"@id":"https:\/\/progettotouring.it\/radiotouring104\/#organization"},"potentialAction":[{"@type":"SearchAction","target":{"@type":"EntryPoint","urlTemplate":"https:\/\/progettotouring.it\/radiotouring104\/?s={search_term_string}"},"query-input":{"@type":"PropertyValueSpecification","valueRequired":true,"valueName":"search_term_string"}}],"inLanguage":"it-IT"},{"@type":"Organization","@id":"https:\/\/progettotouring.it\/radiotouring104\/#organization","name":"Radio Touring 104","url":"https:\/\/progettotouring.it\/radiotouring104\/","logo":{"@type":"ImageObject","inLanguage":"it-IT","@id":"https:\/\/progettotouring.it\/radiotouring104\/#\/schema\/logo\/image\/","url":"https:\/\/progettotouring.it\/radiotouring104\/wp-content\/uploads\/sites\/6\/2022\/02\/cropped-logo-radio-touring-104.png","contentUrl":"https:\/\/progettotouring.it\/radiotouring104\/wp-content\/uploads\/sites\/6\/2022\/02\/cropped-logo-radio-touring-104.png","width":377,"height":182,"caption":"Radio Touring 104"},"image":{"@id":"https:\/\/progettotouring.it\/radiotouring104\/#\/schema\/logo\/image\/"}},{"@type":"Person","@id":"https:\/\/progettotouring.it\/radiotouring104\/#\/schema\/person\/78613917f1851f041f7483f5af1d422e","name":"Sebastiano Plutino","image":{"@type":"ImageObject","inLanguage":"it-IT","@id":"https:\/\/secure.gravatar.com\/avatar\/0546ffaa9b79224faf9f2a156b67a529ae861d3287c66c1d8ccfdf909bcba78d?s=96&d=mm&r=g","url":"https:\/\/secure.gravatar.com\/avatar\/0546ffaa9b79224faf9f2a156b67a529ae861d3287c66c1d8ccfdf909bcba78d?s=96&d=mm&r=g","contentUrl":"https:\/\/secure.gravatar.com\/avatar\/0546ffaa9b79224faf9f2a156b67a529ae861d3287c66c1d8ccfdf909bcba78d?s=96&d=mm&r=g","caption":"Sebastiano Plutino"},"url":"https:\/\/progettotouring.it\/radiotouring104\/author\/sebastiano\/"}]}},"jetpack_publicize_connections":[],"jetpack_featured_media_url":"https:\/\/progettotouring.it\/radiotouring104\/wp-content\/uploads\/sites\/6\/2025\/04\/Consorzio-territorio-Scalea.jpg","jetpack_sharing_enabled":true,"_links":{"self":[{"href":"https:\/\/progettotouring.it\/radiotouring104\/wp-json\/wp\/v2\/posts\/71375","targetHints":{"allow":["GET"]}}],"collection":[{"href":"https:\/\/progettotouring.it\/radiotouring104\/wp-json\/wp\/v2\/posts"}],"about":[{"href":"https:\/\/progettotouring.it\/radiotouring104\/wp-json\/wp\/v2\/types\/post"}],"author":[{"embeddable":true,"href":"https:\/\/progettotouring.it\/radiotouring104\/wp-json\/wp\/v2\/users\/12"}],"replies":[{"embeddable":true,"href":"https:\/\/progettotouring.it\/radiotouring104\/wp-json\/wp\/v2\/comments?post=71375"}],"version-history":[{"count":1,"href":"https:\/\/progettotouring.it\/radiotouring104\/wp-json\/wp\/v2\/posts\/71375\/revisions"}],"predecessor-version":[{"id":71377,"href":"https:\/\/progettotouring.it\/radiotouring104\/wp-json\/wp\/v2\/posts\/71375\/revisions\/71377"}],"wp:featuredmedia":[{"embeddable":true,"href":"https:\/\/progettotouring.it\/radiotouring104\/wp-json\/wp\/v2\/media\/71376"}],"wp:attachment":[{"href":"https:\/\/progettotouring.it\/radiotouring104\/wp-json\/wp\/v2\/media?parent=71375"}],"wp:term":[{"taxonomy":"category","embeddable":true,"href":"https:\/\/progettotouring.it\/radiotouring104\/wp-json\/wp\/v2\/categories?post=71375"},{"taxonomy":"post_tag","embeddable":true,"href":"https:\/\/progettotouring.it\/radiotouring104\/wp-json\/wp\/v2\/tags?post=71375"}],"curies":[{"name":"wp","href":"https:\/\/api.w.org\/{rel}","templated":true}]}}