{"id":71402,"date":"2025-04-16T12:56:19","date_gmt":"2025-04-16T10:56:19","guid":{"rendered":"https:\/\/progettotouring.it\/radiotouring104\/?p=71402"},"modified":"2025-04-16T12:57:11","modified_gmt":"2025-04-16T10:57:11","slug":"i-presidenti-dei-consigli-comunali-calabresi-a-confronto-a-palazzo-san-giorgio","status":"publish","type":"post","link":"https:\/\/progettotouring.it\/radiotouring104\/2025\/04\/16\/i-presidenti-dei-consigli-comunali-calabresi-a-confronto-a-palazzo-san-giorgio\/","title":{"rendered":"I Presidenti dei Consigli comunali calabresi a confronto a Palazzo San Giorgio\u00a0"},"content":{"rendered":"<div>\n<div style=\"text-align: justify\">Prosegue il percorso di confronto tra i presidenti dei Consigli comunali delle cinque citt\u00e0 capoluogo della Calabria. Dopo l\u2019incontro inaugurale svoltosi a Catanzaro, oggi, presso Palazzo San Giorgio, ha ospitato la seconda tappa di questa iniziativa, che punta a costruire una piattaforma stabile di dialogo interistituzionale su temi centrali per il futuro della regione.<\/div>\n<\/div>\n<div><\/div>\n<div style=\"text-align: justify\">Nel corso dell\u2019incontro, ospitato nella suggestiva cornice di Palazzo San Giorgio, i presidenti ospiti hanno potuto visitare alcuni dei luoghi simbolo dell\u2019istituzione comunale: l\u2019Aula Pietro Battaglia, la Sala dei Lampadari, la Sala dei Sindaci e il Salotto Rosso.<\/div>\n<div><\/div>\n<div style=\"text-align: justify\">Il tavolo di confronto ha approfondito le tre principali emergenze che accomunano i territori calabresi: lo spopolamento, che secondo le stime Svimez potrebbe portare alla perdita di circa 400.000 residenti entro il 2050, con gravi ricadute demografiche, economiche e sociali; le nuove povert\u00e0, in costante crescita e alimentate dalla crisi economica e dalla disoccupazione, che coinvolgono famiglie e cittadini di ogni fascia d\u2019et\u00e0; il tema della sanit\u00e0, con un sistema regionale segnato da carenze di personale, strutture inadeguate e servizi non all&#8217;altezza dei bisogni della popolazione.<br \/>\nA questi temi si affiancano ulteriori priorit\u00e0 come le infrastrutture; la gestione delle risorse pubbliche; la siccit\u00e0 e la necessit\u00e0 di un utilizzo intelligente e sostenibile del territorio.<\/div>\n<div style=\"text-align: justify\"><\/div>\n<div style=\"text-align: justify\">Nel suo corso degli interventi sono state evidenziate, unanimemente, le preoccupazioni legate all&#8217;Autonomia Differenziata, sottolineando il rischio concreto di una ulteriore marginalizzazione delle aree pi\u00f9 fragili del Paese. Il timore di un progressivo impoverimento dei servizi essenziali e di una migrazione sempre pi\u00f9 massiccia di giovani e professionisti \u00e8 stato condiviso dai presidenti, che hanno ribadito la necessit\u00e0 di analisi territoriali puntuali.<\/div>\n<div style=\"text-align: justify\">Dai primi due incontri \u00e8 emersa con forza la volont\u00e0 comune di superare ogni logica campanilistica e rafforzare il ruolo dei Consigli comunali come luoghi di rappresentanza democratica e di proposta concreta. L\u2019obiettivo finale \u00e8 la redazione di un Documento congiunto, che raccolga dati, criticit\u00e0 e \u2014 soprattutto \u2014 soluzioni da sottoporre alle rispettive assemblee consiliari, allargando il confronto a universit\u00e0, ordini professionali e soggetti della societ\u00e0 civile; l&#8217;obiettivo sarebbe quello di un consiglio comunale ad hoc in simultanea in tutti i capoluoghi delle 5 province.<\/div>\n<div style=\"text-align: justify\">Il prodotto di questo percorso partecipato dovr\u00e0 incrociare il favore delle istituzioni regionali e nazionali, affinch\u00e9 il Governo centrale possa avere piena contezza delle istanze che provengono dai territori e assumere scelte politiche capaci di tradursi in risposte concrete.<br \/>\nIn gioco non c\u2019\u00e8 soltanto il futuro, ma il presente di territori gi\u00e0 storicamente fragili che oggi chiedono ascolto e strumenti per risollevarsi.<\/div>\n<div style=\"text-align: justify\">Le prossime tappe del percorso si terranno a Vibo Valentia, Crotone e Cosenza, per completare un itinerario di ascolto, sintesi e azione al servizio delle comunit\u00e0 calabresi<\/div>\n<div style=\"text-align: justify\"><\/div>\n","protected":false},"excerpt":{"rendered":"<p>Prosegue il percorso di confronto tra i presidenti dei Consigli comunali delle cinque citt\u00e0 capoluogo della Calabria. Dopo l\u2019incontro inaugurale svoltosi a Catanzaro, oggi, presso Palazzo San Giorgio, ha ospitato&hellip;<\/p>\n","protected":false},"author":12,"featured_media":71403,"comment_status":"closed","ping_status":"open","sticky":false,"template":"","format":"standard","meta":{"_jetpack_memberships_contains_paid_content":false,"footnotes":"","jetpack_publicize_message":"","jetpack_publicize_feature_enabled":true,"jetpack_social_post_already_shared":true,"jetpack_social_options":{"image_generator_settings":{"template":"highway","default_image_id":0,"font":"","enabled":false},"version":2}},"categories":[921,196,140],"tags":[42652,42653,659,42651],"class_list":["post-71402","post","type-post","status-publish","format-standard","has-post-thumbnail","hentry","category-home","category-news","category-reggio-calabria","tag-2-tappa","tag-costruire-un-dialogo-interistituzionale-su-temi-centrali-per-il-futuro-della-regione","tag-palazzo-san-giorgio","tag-presidenti-dei-consigli-comunali-calabresi"],"yoast_head":"<!-- This site is optimized with the Yoast SEO plugin v27.2 - https:\/\/yoast.com\/product\/yoast-seo-wordpress\/ -->\n<title>I Presidenti dei Consigli comunali calabresi a confronto a Palazzo San Giorgio\u00a0 - Radio Touring 104<\/title>\n<meta name=\"description\" content=\"Svolta oggi a Reggio la 2\u00b0 tappa dell&#039;iniziativa per costruire un dialogo interistituzionale su temi centrali per il futuro della regione\" \/>\n<meta name=\"robots\" content=\"index, follow, max-snippet:-1, max-image-preview:large, max-video-preview:-1\" \/>\n<link rel=\"canonical\" href=\"https:\/\/progettotouring.it\/radiotouring104\/2025\/04\/16\/i-presidenti-dei-consigli-comunali-calabresi-a-confronto-a-palazzo-san-giorgio\/\" \/>\n<meta property=\"og:locale\" content=\"it_IT\" \/>\n<meta property=\"og:type\" content=\"article\" \/>\n<meta property=\"og:title\" content=\"I Presidenti dei Consigli comunali calabresi a confronto a Palazzo San Giorgio\u00a0 - Radio Touring 104\" \/>\n<meta property=\"og:description\" content=\"Svolta oggi a Reggio la 2\u00b0 tappa dell&#039;iniziativa per costruire un dialogo interistituzionale su temi centrali per il futuro della regione\" \/>\n<meta property=\"og:url\" content=\"https:\/\/progettotouring.it\/radiotouring104\/2025\/04\/16\/i-presidenti-dei-consigli-comunali-calabresi-a-confronto-a-palazzo-san-giorgio\/\" \/>\n<meta property=\"og:site_name\" content=\"Radio Touring 104\" \/>\n<meta property=\"article:published_time\" content=\"2025-04-16T10:56:19+00:00\" \/>\n<meta property=\"article:modified_time\" content=\"2025-04-16T10:57:11+00:00\" \/>\n<meta property=\"og:image\" content=\"https:\/\/progettotouring.it\/radiotouring104\/wp-content\/uploads\/sites\/6\/2025\/04\/Consiglio-presidenti-calabresi-a-reggio.jpeg\" \/>\n\t<meta property=\"og:image:width\" content=\"1600\" \/>\n\t<meta property=\"og:image:height\" content=\"900\" \/>\n\t<meta property=\"og:image:type\" content=\"image\/jpeg\" \/>\n<meta name=\"author\" content=\"Sebastiano Plutino\" \/>\n<meta name=\"twitter:card\" content=\"summary_large_image\" \/>\n<meta name=\"twitter:label1\" content=\"Scritto da\" \/>\n\t<meta name=\"twitter:data1\" content=\"Sebastiano Plutino\" \/>\n\t<meta name=\"twitter:label2\" content=\"Tempo di lettura stimato\" \/>\n\t<meta name=\"twitter:data2\" content=\"2 minuti\" \/>\n<script type=\"application\/ld+json\" class=\"yoast-schema-graph\">{\"@context\":\"https:\/\/schema.org\",\"@graph\":[{\"@type\":\"Article\",\"@id\":\"https:\/\/progettotouring.it\/radiotouring104\/2025\/04\/16\/i-presidenti-dei-consigli-comunali-calabresi-a-confronto-a-palazzo-san-giorgio\/#article\",\"isPartOf\":{\"@id\":\"https:\/\/progettotouring.it\/radiotouring104\/2025\/04\/16\/i-presidenti-dei-consigli-comunali-calabresi-a-confronto-a-palazzo-san-giorgio\/\"},\"author\":{\"name\":\"Sebastiano Plutino\",\"@id\":\"https:\/\/progettotouring.it\/radiotouring104\/#\/schema\/person\/78613917f1851f041f7483f5af1d422e\"},\"headline\":\"I Presidenti dei Consigli comunali calabresi a confronto a Palazzo San Giorgio\u00a0\",\"datePublished\":\"2025-04-16T10:56:19+00:00\",\"dateModified\":\"2025-04-16T10:57:11+00:00\",\"mainEntityOfPage\":{\"@id\":\"https:\/\/progettotouring.it\/radiotouring104\/2025\/04\/16\/i-presidenti-dei-consigli-comunali-calabresi-a-confronto-a-palazzo-san-giorgio\/\"},\"wordCount\":453,\"publisher\":{\"@id\":\"https:\/\/progettotouring.it\/radiotouring104\/#organization\"},\"image\":{\"@id\":\"https:\/\/progettotouring.it\/radiotouring104\/2025\/04\/16\/i-presidenti-dei-consigli-comunali-calabresi-a-confronto-a-palazzo-san-giorgio\/#primaryimage\"},\"thumbnailUrl\":\"https:\/\/progettotouring.it\/radiotouring104\/wp-content\/uploads\/sites\/6\/2025\/04\/Consiglio-presidenti-calabresi-a-reggio.jpeg\",\"keywords\":[\"2\u00b0 tappa\",\"costruire un dialogo interistituzionale su temi centrali per il futuro della regione\",\"palazzo san giorgio\",\"Presidenti dei Consigli comunali calabresi\"],\"articleSection\":[\"Home\",\"News\",\"Reggio Calabria\"],\"inLanguage\":\"it-IT\"},{\"@type\":\"WebPage\",\"@id\":\"https:\/\/progettotouring.it\/radiotouring104\/2025\/04\/16\/i-presidenti-dei-consigli-comunali-calabresi-a-confronto-a-palazzo-san-giorgio\/\",\"url\":\"https:\/\/progettotouring.it\/radiotouring104\/2025\/04\/16\/i-presidenti-dei-consigli-comunali-calabresi-a-confronto-a-palazzo-san-giorgio\/\",\"name\":\"I Presidenti dei Consigli comunali calabresi a confronto a Palazzo San Giorgio\u00a0 - Radio Touring 104\",\"isPartOf\":{\"@id\":\"https:\/\/progettotouring.it\/radiotouring104\/#website\"},\"primaryImageOfPage\":{\"@id\":\"https:\/\/progettotouring.it\/radiotouring104\/2025\/04\/16\/i-presidenti-dei-consigli-comunali-calabresi-a-confronto-a-palazzo-san-giorgio\/#primaryimage\"},\"image\":{\"@id\":\"https:\/\/progettotouring.it\/radiotouring104\/2025\/04\/16\/i-presidenti-dei-consigli-comunali-calabresi-a-confronto-a-palazzo-san-giorgio\/#primaryimage\"},\"thumbnailUrl\":\"https:\/\/progettotouring.it\/radiotouring104\/wp-content\/uploads\/sites\/6\/2025\/04\/Consiglio-presidenti-calabresi-a-reggio.jpeg\",\"datePublished\":\"2025-04-16T10:56:19+00:00\",\"dateModified\":\"2025-04-16T10:57:11+00:00\",\"description\":\"Svolta oggi a Reggio la 2\u00b0 tappa dell'iniziativa per costruire un dialogo interistituzionale su temi centrali per il futuro della regione\",\"breadcrumb\":{\"@id\":\"https:\/\/progettotouring.it\/radiotouring104\/2025\/04\/16\/i-presidenti-dei-consigli-comunali-calabresi-a-confronto-a-palazzo-san-giorgio\/#breadcrumb\"},\"inLanguage\":\"it-IT\",\"potentialAction\":[{\"@type\":\"ReadAction\",\"target\":[\"https:\/\/progettotouring.it\/radiotouring104\/2025\/04\/16\/i-presidenti-dei-consigli-comunali-calabresi-a-confronto-a-palazzo-san-giorgio\/\"]}]},{\"@type\":\"ImageObject\",\"inLanguage\":\"it-IT\",\"@id\":\"https:\/\/progettotouring.it\/radiotouring104\/2025\/04\/16\/i-presidenti-dei-consigli-comunali-calabresi-a-confronto-a-palazzo-san-giorgio\/#primaryimage\",\"url\":\"https:\/\/progettotouring.it\/radiotouring104\/wp-content\/uploads\/sites\/6\/2025\/04\/Consiglio-presidenti-calabresi-a-reggio.jpeg\",\"contentUrl\":\"https:\/\/progettotouring.it\/radiotouring104\/wp-content\/uploads\/sites\/6\/2025\/04\/Consiglio-presidenti-calabresi-a-reggio.jpeg\",\"width\":1600,\"height\":900},{\"@type\":\"BreadcrumbList\",\"@id\":\"https:\/\/progettotouring.it\/radiotouring104\/2025\/04\/16\/i-presidenti-dei-consigli-comunali-calabresi-a-confronto-a-palazzo-san-giorgio\/#breadcrumb\",\"itemListElement\":[{\"@type\":\"ListItem\",\"position\":1,\"name\":\"Home\",\"item\":\"https:\/\/progettotouring.it\/radiotouring104\/\"},{\"@type\":\"ListItem\",\"position\":2,\"name\":\"I Presidenti dei Consigli comunali calabresi a confronto a Palazzo San Giorgio\u00a0\"}]},{\"@type\":\"WebSite\",\"@id\":\"https:\/\/progettotouring.it\/radiotouring104\/#website\",\"url\":\"https:\/\/progettotouring.it\/radiotouring104\/\",\"name\":\"Radio Touring 104\",\"description\":\"La prima radio Reggina\",\"publisher\":{\"@id\":\"https:\/\/progettotouring.it\/radiotouring104\/#organization\"},\"potentialAction\":[{\"@type\":\"SearchAction\",\"target\":{\"@type\":\"EntryPoint\",\"urlTemplate\":\"https:\/\/progettotouring.it\/radiotouring104\/?s={search_term_string}\"},\"query-input\":{\"@type\":\"PropertyValueSpecification\",\"valueRequired\":true,\"valueName\":\"search_term_string\"}}],\"inLanguage\":\"it-IT\"},{\"@type\":\"Organization\",\"@id\":\"https:\/\/progettotouring.it\/radiotouring104\/#organization\",\"name\":\"Radio Touring 104\",\"url\":\"https:\/\/progettotouring.it\/radiotouring104\/\",\"logo\":{\"@type\":\"ImageObject\",\"inLanguage\":\"it-IT\",\"@id\":\"https:\/\/progettotouring.it\/radiotouring104\/#\/schema\/logo\/image\/\",\"url\":\"https:\/\/progettotouring.it\/radiotouring104\/wp-content\/uploads\/sites\/6\/2022\/02\/cropped-logo-radio-touring-104.png\",\"contentUrl\":\"https:\/\/progettotouring.it\/radiotouring104\/wp-content\/uploads\/sites\/6\/2022\/02\/cropped-logo-radio-touring-104.png\",\"width\":377,\"height\":182,\"caption\":\"Radio Touring 104\"},\"image\":{\"@id\":\"https:\/\/progettotouring.it\/radiotouring104\/#\/schema\/logo\/image\/\"}},{\"@type\":\"Person\",\"@id\":\"https:\/\/progettotouring.it\/radiotouring104\/#\/schema\/person\/78613917f1851f041f7483f5af1d422e\",\"name\":\"Sebastiano Plutino\",\"image\":{\"@type\":\"ImageObject\",\"inLanguage\":\"it-IT\",\"@id\":\"https:\/\/secure.gravatar.com\/avatar\/0546ffaa9b79224faf9f2a156b67a529ae861d3287c66c1d8ccfdf909bcba78d?s=96&d=mm&r=g\",\"url\":\"https:\/\/secure.gravatar.com\/avatar\/0546ffaa9b79224faf9f2a156b67a529ae861d3287c66c1d8ccfdf909bcba78d?s=96&d=mm&r=g\",\"contentUrl\":\"https:\/\/secure.gravatar.com\/avatar\/0546ffaa9b79224faf9f2a156b67a529ae861d3287c66c1d8ccfdf909bcba78d?s=96&d=mm&r=g\",\"caption\":\"Sebastiano Plutino\"},\"url\":\"https:\/\/progettotouring.it\/radiotouring104\/author\/sebastiano\/\"}]}<\/script>\n<!-- \/ Yoast SEO plugin. -->","yoast_head_json":{"title":"I Presidenti dei Consigli comunali calabresi a confronto a Palazzo San Giorgio\u00a0 - Radio Touring 104","description":"Svolta oggi a Reggio la 2\u00b0 tappa dell'iniziativa per costruire un dialogo interistituzionale su temi centrali per il futuro della regione","robots":{"index":"index","follow":"follow","max-snippet":"max-snippet:-1","max-image-preview":"max-image-preview:large","max-video-preview":"max-video-preview:-1"},"canonical":"https:\/\/progettotouring.it\/radiotouring104\/2025\/04\/16\/i-presidenti-dei-consigli-comunali-calabresi-a-confronto-a-palazzo-san-giorgio\/","og_locale":"it_IT","og_type":"article","og_title":"I Presidenti dei Consigli comunali calabresi a confronto a Palazzo San Giorgio\u00a0 - Radio Touring 104","og_description":"Svolta oggi a Reggio la 2\u00b0 tappa dell'iniziativa per costruire un dialogo interistituzionale su temi centrali per il futuro della regione","og_url":"https:\/\/progettotouring.it\/radiotouring104\/2025\/04\/16\/i-presidenti-dei-consigli-comunali-calabresi-a-confronto-a-palazzo-san-giorgio\/","og_site_name":"Radio Touring 104","article_published_time":"2025-04-16T10:56:19+00:00","article_modified_time":"2025-04-16T10:57:11+00:00","og_image":[{"width":1600,"height":900,"url":"https:\/\/progettotouring.it\/radiotouring104\/wp-content\/uploads\/sites\/6\/2025\/04\/Consiglio-presidenti-calabresi-a-reggio.jpeg","type":"image\/jpeg"}],"author":"Sebastiano Plutino","twitter_card":"summary_large_image","twitter_misc":{"Scritto da":"Sebastiano Plutino","Tempo di lettura stimato":"2 minuti"},"schema":{"@context":"https:\/\/schema.org","@graph":[{"@type":"Article","@id":"https:\/\/progettotouring.it\/radiotouring104\/2025\/04\/16\/i-presidenti-dei-consigli-comunali-calabresi-a-confronto-a-palazzo-san-giorgio\/#article","isPartOf":{"@id":"https:\/\/progettotouring.it\/radiotouring104\/2025\/04\/16\/i-presidenti-dei-consigli-comunali-calabresi-a-confronto-a-palazzo-san-giorgio\/"},"author":{"name":"Sebastiano Plutino","@id":"https:\/\/progettotouring.it\/radiotouring104\/#\/schema\/person\/78613917f1851f041f7483f5af1d422e"},"headline":"I Presidenti dei Consigli comunali calabresi a confronto a Palazzo San Giorgio\u00a0","datePublished":"2025-04-16T10:56:19+00:00","dateModified":"2025-04-16T10:57:11+00:00","mainEntityOfPage":{"@id":"https:\/\/progettotouring.it\/radiotouring104\/2025\/04\/16\/i-presidenti-dei-consigli-comunali-calabresi-a-confronto-a-palazzo-san-giorgio\/"},"wordCount":453,"publisher":{"@id":"https:\/\/progettotouring.it\/radiotouring104\/#organization"},"image":{"@id":"https:\/\/progettotouring.it\/radiotouring104\/2025\/04\/16\/i-presidenti-dei-consigli-comunali-calabresi-a-confronto-a-palazzo-san-giorgio\/#primaryimage"},"thumbnailUrl":"https:\/\/progettotouring.it\/radiotouring104\/wp-content\/uploads\/sites\/6\/2025\/04\/Consiglio-presidenti-calabresi-a-reggio.jpeg","keywords":["2\u00b0 tappa","costruire un dialogo interistituzionale su temi centrali per il futuro della regione","palazzo san giorgio","Presidenti dei Consigli comunali calabresi"],"articleSection":["Home","News","Reggio Calabria"],"inLanguage":"it-IT"},{"@type":"WebPage","@id":"https:\/\/progettotouring.it\/radiotouring104\/2025\/04\/16\/i-presidenti-dei-consigli-comunali-calabresi-a-confronto-a-palazzo-san-giorgio\/","url":"https:\/\/progettotouring.it\/radiotouring104\/2025\/04\/16\/i-presidenti-dei-consigli-comunali-calabresi-a-confronto-a-palazzo-san-giorgio\/","name":"I Presidenti dei Consigli comunali calabresi a confronto a Palazzo San Giorgio\u00a0 - Radio Touring 104","isPartOf":{"@id":"https:\/\/progettotouring.it\/radiotouring104\/#website"},"primaryImageOfPage":{"@id":"https:\/\/progettotouring.it\/radiotouring104\/2025\/04\/16\/i-presidenti-dei-consigli-comunali-calabresi-a-confronto-a-palazzo-san-giorgio\/#primaryimage"},"image":{"@id":"https:\/\/progettotouring.it\/radiotouring104\/2025\/04\/16\/i-presidenti-dei-consigli-comunali-calabresi-a-confronto-a-palazzo-san-giorgio\/#primaryimage"},"thumbnailUrl":"https:\/\/progettotouring.it\/radiotouring104\/wp-content\/uploads\/sites\/6\/2025\/04\/Consiglio-presidenti-calabresi-a-reggio.jpeg","datePublished":"2025-04-16T10:56:19+00:00","dateModified":"2025-04-16T10:57:11+00:00","description":"Svolta oggi a Reggio la 2\u00b0 tappa dell'iniziativa per costruire un dialogo interistituzionale su temi centrali per il futuro della regione","breadcrumb":{"@id":"https:\/\/progettotouring.it\/radiotouring104\/2025\/04\/16\/i-presidenti-dei-consigli-comunali-calabresi-a-confronto-a-palazzo-san-giorgio\/#breadcrumb"},"inLanguage":"it-IT","potentialAction":[{"@type":"ReadAction","target":["https:\/\/progettotouring.it\/radiotouring104\/2025\/04\/16\/i-presidenti-dei-consigli-comunali-calabresi-a-confronto-a-palazzo-san-giorgio\/"]}]},{"@type":"ImageObject","inLanguage":"it-IT","@id":"https:\/\/progettotouring.it\/radiotouring104\/2025\/04\/16\/i-presidenti-dei-consigli-comunali-calabresi-a-confronto-a-palazzo-san-giorgio\/#primaryimage","url":"https:\/\/progettotouring.it\/radiotouring104\/wp-content\/uploads\/sites\/6\/2025\/04\/Consiglio-presidenti-calabresi-a-reggio.jpeg","contentUrl":"https:\/\/progettotouring.it\/radiotouring104\/wp-content\/uploads\/sites\/6\/2025\/04\/Consiglio-presidenti-calabresi-a-reggio.jpeg","width":1600,"height":900},{"@type":"BreadcrumbList","@id":"https:\/\/progettotouring.it\/radiotouring104\/2025\/04\/16\/i-presidenti-dei-consigli-comunali-calabresi-a-confronto-a-palazzo-san-giorgio\/#breadcrumb","itemListElement":[{"@type":"ListItem","position":1,"name":"Home","item":"https:\/\/progettotouring.it\/radiotouring104\/"},{"@type":"ListItem","position":2,"name":"I Presidenti dei Consigli comunali calabresi a confronto a Palazzo San Giorgio\u00a0"}]},{"@type":"WebSite","@id":"https:\/\/progettotouring.it\/radiotouring104\/#website","url":"https:\/\/progettotouring.it\/radiotouring104\/","name":"Radio Touring 104","description":"La prima radio Reggina","publisher":{"@id":"https:\/\/progettotouring.it\/radiotouring104\/#organization"},"potentialAction":[{"@type":"SearchAction","target":{"@type":"EntryPoint","urlTemplate":"https:\/\/progettotouring.it\/radiotouring104\/?s={search_term_string}"},"query-input":{"@type":"PropertyValueSpecification","valueRequired":true,"valueName":"search_term_string"}}],"inLanguage":"it-IT"},{"@type":"Organization","@id":"https:\/\/progettotouring.it\/radiotouring104\/#organization","name":"Radio Touring 104","url":"https:\/\/progettotouring.it\/radiotouring104\/","logo":{"@type":"ImageObject","inLanguage":"it-IT","@id":"https:\/\/progettotouring.it\/radiotouring104\/#\/schema\/logo\/image\/","url":"https:\/\/progettotouring.it\/radiotouring104\/wp-content\/uploads\/sites\/6\/2022\/02\/cropped-logo-radio-touring-104.png","contentUrl":"https:\/\/progettotouring.it\/radiotouring104\/wp-content\/uploads\/sites\/6\/2022\/02\/cropped-logo-radio-touring-104.png","width":377,"height":182,"caption":"Radio Touring 104"},"image":{"@id":"https:\/\/progettotouring.it\/radiotouring104\/#\/schema\/logo\/image\/"}},{"@type":"Person","@id":"https:\/\/progettotouring.it\/radiotouring104\/#\/schema\/person\/78613917f1851f041f7483f5af1d422e","name":"Sebastiano Plutino","image":{"@type":"ImageObject","inLanguage":"it-IT","@id":"https:\/\/secure.gravatar.com\/avatar\/0546ffaa9b79224faf9f2a156b67a529ae861d3287c66c1d8ccfdf909bcba78d?s=96&d=mm&r=g","url":"https:\/\/secure.gravatar.com\/avatar\/0546ffaa9b79224faf9f2a156b67a529ae861d3287c66c1d8ccfdf909bcba78d?s=96&d=mm&r=g","contentUrl":"https:\/\/secure.gravatar.com\/avatar\/0546ffaa9b79224faf9f2a156b67a529ae861d3287c66c1d8ccfdf909bcba78d?s=96&d=mm&r=g","caption":"Sebastiano Plutino"},"url":"https:\/\/progettotouring.it\/radiotouring104\/author\/sebastiano\/"}]}},"jetpack_publicize_connections":[],"jetpack_featured_media_url":"https:\/\/progettotouring.it\/radiotouring104\/wp-content\/uploads\/sites\/6\/2025\/04\/Consiglio-presidenti-calabresi-a-reggio.jpeg","jetpack_sharing_enabled":true,"_links":{"self":[{"href":"https:\/\/progettotouring.it\/radiotouring104\/wp-json\/wp\/v2\/posts\/71402","targetHints":{"allow":["GET"]}}],"collection":[{"href":"https:\/\/progettotouring.it\/radiotouring104\/wp-json\/wp\/v2\/posts"}],"about":[{"href":"https:\/\/progettotouring.it\/radiotouring104\/wp-json\/wp\/v2\/types\/post"}],"author":[{"embeddable":true,"href":"https:\/\/progettotouring.it\/radiotouring104\/wp-json\/wp\/v2\/users\/12"}],"replies":[{"embeddable":true,"href":"https:\/\/progettotouring.it\/radiotouring104\/wp-json\/wp\/v2\/comments?post=71402"}],"version-history":[{"count":2,"href":"https:\/\/progettotouring.it\/radiotouring104\/wp-json\/wp\/v2\/posts\/71402\/revisions"}],"predecessor-version":[{"id":71405,"href":"https:\/\/progettotouring.it\/radiotouring104\/wp-json\/wp\/v2\/posts\/71402\/revisions\/71405"}],"wp:featuredmedia":[{"embeddable":true,"href":"https:\/\/progettotouring.it\/radiotouring104\/wp-json\/wp\/v2\/media\/71403"}],"wp:attachment":[{"href":"https:\/\/progettotouring.it\/radiotouring104\/wp-json\/wp\/v2\/media?parent=71402"}],"wp:term":[{"taxonomy":"category","embeddable":true,"href":"https:\/\/progettotouring.it\/radiotouring104\/wp-json\/wp\/v2\/categories?post=71402"},{"taxonomy":"post_tag","embeddable":true,"href":"https:\/\/progettotouring.it\/radiotouring104\/wp-json\/wp\/v2\/tags?post=71402"}],"curies":[{"name":"wp","href":"https:\/\/api.w.org\/{rel}","templated":true}]}}