{"id":71415,"date":"2025-04-17T00:01:37","date_gmt":"2025-04-16T22:01:37","guid":{"rendered":"https:\/\/progettotouring.it\/radiotouring104\/?p=71415"},"modified":"2025-04-17T00:01:37","modified_gmt":"2025-04-16T22:01:37","slug":"a-reggio-in-arrivo-la-carovana-del-gusto-dello-street-food-fest","status":"publish","type":"post","link":"https:\/\/progettotouring.it\/radiotouring104\/2025\/04\/17\/a-reggio-in-arrivo-la-carovana-del-gusto-dello-street-food-fest\/","title":{"rendered":"A Reggio in arrivo la carovana del gusto dello \u2018Street food fest\u2019"},"content":{"rendered":"<div><\/div>\n<div>\nA Reggio, dal 24 al 27 aprile, arriver\u00e0 la carovana del gusto, per la prima edizione del \u2018Reggio Calabria street food fest\u2019. L\u2019evento si svolger\u00e0 sul lungomare monumentale \u2018Italo Falcomat\u00e0\u2019.<\/div>\n<div>La manifestazione, promossa dalla Citt\u00e0 metropolitana e Comune, oggi \u00e8 stata illustrata Giuseppe Falcomat\u00e0, sindaco metropolitano, Carmelo Versace, vicesindaco, e da Alberto Palella, amministratore unico di Eventivamente, societ\u00e0 che organizza l\u2019evento.<\/div>\n<div>Per l\u2019occasione verr\u00e0 realizzato un grande villaggio dedicato al cibo da strada, gi\u00e0 in fase di allestimento, in grado di offrire al visitatore il meglio dell\u2019offerta culinaria calabrese e non solo, compreso il beverage. Sono 37 le aziende partecipanti, di cui 35 dedicate alle specialit\u00e0 food e due alle birre artigianali dell\u2019area metropolitana di Reggio. Ogni postazione sar\u00e0 in grado di soddisfare tutti i palati, anche con una casetta gluten free.\u00a0 Al village si affiancher\u00e0 l\u2019area del gusto dedicata agli show cooking, \u00a0con le preparazioni dal vivo dei pi\u00f9 apprezzati chef e gelatieri reggini e messinesi. La manifestazione prevede inoltre, nelle quattro giornate, anche momenti musicali, con gli Ondasonora, Briganti italiani, Approssimativi e Katia Croc\u00e8 Kc project e Assioma band; in pi\u00f9 ci sar\u00e0 l\u2019accompagnamento dei pi\u00f9 apprezzati deejay reggini, tra cui Antonio Venanzi, Claudio Polimeni, Michele Mangiola e Enzo Romeo. L\u2019atmosfera sar\u00e0 resa ancora pi\u00f9 vivace dalla presenza dei Joculares, compagnia di artisti di strada e animatori che coinvolgeranno adulti e bambini con spettacoli itineranti.<\/div>\n<div>Gli orari di apertura del Reggio Calabria Street food fest sono: gioved\u00ec 24 aprile, dalle 18:15 con l\u2019inaugurazione; venerd\u00ec 25 orario continuato dalle 11.00 all\u20191.00, sabato 26 dalle 11.00 alle 15.00 e dalle 18.00 all\u20191.00, domenica 27 orario continuato dalle 11.00 a mezzanotte.<\/div>\n<div>Il sindaco Falcomat\u00e0: \u201cSiamo convinti che sar\u00e0 di successo sia per la qualit\u00e0 dell\u2019organizzazione, sia anche per il periodo in cui abbiamo deciso di svolgerlo, sfruttando la settimana tra le festivit\u00e0 pasquali e quella patronale di San Giorgio e la festa della Liberazione. Voglio anche ringraziare il nostro vicesindaco metropolitano Carmelo Versace perch\u00e9 ha seguito direttamente tutto l\u2019iter della manifestazione, che siamo pronti a farlo rientrare tra gli eventi storicizzati. Per come abbiamo gi\u00e0 programmato da tempo, la promozione turistica del territorio non \u00e8 pi\u00f9 solo circoscritta all\u2019estate o al Natale, ma &#8211; ha concluso &#8211; abbiamo pensato anche alla primavera\u201d.<\/div>\n<div>Per il vicesindaco metropolitano Carmelo Versace \u201cRisulta anche particolarmente soddisfacente\u00a0 avere portato un evento che a Messina, in sei edizioni, ha riscosso molto successo, grazie al coordinamento di Alberto Palella e sar\u00e0 davvero bello poterlo ospitare sul nostro splendido lungomare\u201d.<\/div>\n<div>\u201c\u00c8 un evento che parla di food, racconta di food ma la vera leva \u00e8 far parlare il territorio con le proprie eccellenze enogastronomiche, puntiamo a creare un volano commerciale &#8211; ha detto Palella &#8211; In quei giorni puntiamo ad avere molte presenze turistiche sia territoriali come extra regione. Alcuni indicatori ci mostrano un alto tasso di stanze occupate nei giorni del festival\u201d.<\/div>\n","protected":false},"excerpt":{"rendered":"<p>A Reggio, dal 24 al 27 aprile, arriver\u00e0 la carovana del gusto, per la prima edizione del \u2018Reggio Calabria street food fest\u2019. L\u2019evento si svolger\u00e0 sul lungomare monumentale \u2018Italo Falcomat\u00e0\u2019.&hellip;<\/p>\n","protected":false},"author":19,"featured_media":71416,"comment_status":"closed","ping_status":"open","sticky":false,"template":"","format":"standard","meta":{"_jetpack_memberships_contains_paid_content":false,"footnotes":"","jetpack_publicize_message":"","jetpack_publicize_feature_enabled":true,"jetpack_social_post_already_shared":true,"jetpack_social_options":{"image_generator_settings":{"template":"highway","default_image_id":0,"font":"","enabled":false},"version":2}},"categories":[921,196,140],"tags":[],"class_list":["post-71415","post","type-post","status-publish","format-standard","has-post-thumbnail","hentry","category-home","category-news","category-reggio-calabria"],"yoast_head":"<!-- This site is optimized with the Yoast SEO plugin v27.2 - https:\/\/yoast.com\/product\/yoast-seo-wordpress\/ -->\n<title>A Reggio in arrivo la carovana del gusto dello \u2018Street food fest\u2019 - Radio Touring 104<\/title>\n<meta name=\"description\" content=\"Dal 24 al 27 aprile sul lungomare eccellenze enogastronomiche, musica ed intrattenimento\" \/>\n<meta name=\"robots\" content=\"index, follow, max-snippet:-1, max-image-preview:large, max-video-preview:-1\" \/>\n<link rel=\"canonical\" href=\"https:\/\/progettotouring.it\/radiotouring104\/2025\/04\/17\/a-reggio-in-arrivo-la-carovana-del-gusto-dello-street-food-fest\/\" \/>\n<meta property=\"og:locale\" content=\"it_IT\" \/>\n<meta property=\"og:type\" content=\"article\" \/>\n<meta property=\"og:title\" content=\"A Reggio in arrivo la carovana del gusto dello \u2018Street food fest\u2019 - Radio Touring 104\" \/>\n<meta property=\"og:description\" content=\"Dal 24 al 27 aprile sul lungomare eccellenze enogastronomiche, musica ed intrattenimento\" \/>\n<meta property=\"og:url\" content=\"https:\/\/progettotouring.it\/radiotouring104\/2025\/04\/17\/a-reggio-in-arrivo-la-carovana-del-gusto-dello-street-food-fest\/\" \/>\n<meta property=\"og:site_name\" content=\"Radio Touring 104\" \/>\n<meta property=\"article:published_time\" content=\"2025-04-16T22:01:37+00:00\" \/>\n<meta property=\"og:image\" content=\"https:\/\/progettotouring.it\/radiotouring104\/wp-content\/uploads\/sites\/6\/2025\/04\/Street-food-1.jpeg\" \/>\n\t<meta property=\"og:image:width\" content=\"2560\" \/>\n\t<meta property=\"og:image:height\" content=\"1706\" \/>\n\t<meta property=\"og:image:type\" content=\"image\/jpeg\" \/>\n<meta name=\"author\" content=\"S L\" \/>\n<meta name=\"twitter:card\" content=\"summary_large_image\" \/>\n<meta name=\"twitter:label1\" content=\"Scritto da\" \/>\n\t<meta name=\"twitter:data1\" content=\"S L\" \/>\n\t<meta name=\"twitter:label2\" content=\"Tempo di lettura stimato\" \/>\n\t<meta name=\"twitter:data2\" content=\"2 minuti\" \/>\n<script type=\"application\/ld+json\" class=\"yoast-schema-graph\">{\"@context\":\"https:\/\/schema.org\",\"@graph\":[{\"@type\":\"Article\",\"@id\":\"https:\/\/progettotouring.it\/radiotouring104\/2025\/04\/17\/a-reggio-in-arrivo-la-carovana-del-gusto-dello-street-food-fest\/#article\",\"isPartOf\":{\"@id\":\"https:\/\/progettotouring.it\/radiotouring104\/2025\/04\/17\/a-reggio-in-arrivo-la-carovana-del-gusto-dello-street-food-fest\/\"},\"author\":{\"name\":\"S L\",\"@id\":\"https:\/\/progettotouring.it\/radiotouring104\/#\/schema\/person\/b9f9c3730b0a78814c9b9f3bfc52c619\"},\"headline\":\"A Reggio in arrivo la carovana del gusto dello \u2018Street food fest\u2019\",\"datePublished\":\"2025-04-16T22:01:37+00:00\",\"mainEntityOfPage\":{\"@id\":\"https:\/\/progettotouring.it\/radiotouring104\/2025\/04\/17\/a-reggio-in-arrivo-la-carovana-del-gusto-dello-street-food-fest\/\"},\"wordCount\":480,\"publisher\":{\"@id\":\"https:\/\/progettotouring.it\/radiotouring104\/#organization\"},\"image\":{\"@id\":\"https:\/\/progettotouring.it\/radiotouring104\/2025\/04\/17\/a-reggio-in-arrivo-la-carovana-del-gusto-dello-street-food-fest\/#primaryimage\"},\"thumbnailUrl\":\"https:\/\/progettotouring.it\/radiotouring104\/wp-content\/uploads\/sites\/6\/2025\/04\/Street-food-1.jpeg\",\"articleSection\":[\"Home\",\"News\",\"Reggio Calabria\"],\"inLanguage\":\"it-IT\"},{\"@type\":\"WebPage\",\"@id\":\"https:\/\/progettotouring.it\/radiotouring104\/2025\/04\/17\/a-reggio-in-arrivo-la-carovana-del-gusto-dello-street-food-fest\/\",\"url\":\"https:\/\/progettotouring.it\/radiotouring104\/2025\/04\/17\/a-reggio-in-arrivo-la-carovana-del-gusto-dello-street-food-fest\/\",\"name\":\"A Reggio in arrivo la carovana del gusto dello \u2018Street food fest\u2019 - Radio Touring 104\",\"isPartOf\":{\"@id\":\"https:\/\/progettotouring.it\/radiotouring104\/#website\"},\"primaryImageOfPage\":{\"@id\":\"https:\/\/progettotouring.it\/radiotouring104\/2025\/04\/17\/a-reggio-in-arrivo-la-carovana-del-gusto-dello-street-food-fest\/#primaryimage\"},\"image\":{\"@id\":\"https:\/\/progettotouring.it\/radiotouring104\/2025\/04\/17\/a-reggio-in-arrivo-la-carovana-del-gusto-dello-street-food-fest\/#primaryimage\"},\"thumbnailUrl\":\"https:\/\/progettotouring.it\/radiotouring104\/wp-content\/uploads\/sites\/6\/2025\/04\/Street-food-1.jpeg\",\"datePublished\":\"2025-04-16T22:01:37+00:00\",\"description\":\"Dal 24 al 27 aprile sul lungomare eccellenze enogastronomiche, musica ed intrattenimento\",\"breadcrumb\":{\"@id\":\"https:\/\/progettotouring.it\/radiotouring104\/2025\/04\/17\/a-reggio-in-arrivo-la-carovana-del-gusto-dello-street-food-fest\/#breadcrumb\"},\"inLanguage\":\"it-IT\",\"potentialAction\":[{\"@type\":\"ReadAction\",\"target\":[\"https:\/\/progettotouring.it\/radiotouring104\/2025\/04\/17\/a-reggio-in-arrivo-la-carovana-del-gusto-dello-street-food-fest\/\"]}]},{\"@type\":\"ImageObject\",\"inLanguage\":\"it-IT\",\"@id\":\"https:\/\/progettotouring.it\/radiotouring104\/2025\/04\/17\/a-reggio-in-arrivo-la-carovana-del-gusto-dello-street-food-fest\/#primaryimage\",\"url\":\"https:\/\/progettotouring.it\/radiotouring104\/wp-content\/uploads\/sites\/6\/2025\/04\/Street-food-1.jpeg\",\"contentUrl\":\"https:\/\/progettotouring.it\/radiotouring104\/wp-content\/uploads\/sites\/6\/2025\/04\/Street-food-1.jpeg\",\"width\":2560,\"height\":1706},{\"@type\":\"BreadcrumbList\",\"@id\":\"https:\/\/progettotouring.it\/radiotouring104\/2025\/04\/17\/a-reggio-in-arrivo-la-carovana-del-gusto-dello-street-food-fest\/#breadcrumb\",\"itemListElement\":[{\"@type\":\"ListItem\",\"position\":1,\"name\":\"Home\",\"item\":\"https:\/\/progettotouring.it\/radiotouring104\/\"},{\"@type\":\"ListItem\",\"position\":2,\"name\":\"A Reggio in arrivo la carovana del gusto dello \u2018Street food fest\u2019\"}]},{\"@type\":\"WebSite\",\"@id\":\"https:\/\/progettotouring.it\/radiotouring104\/#website\",\"url\":\"https:\/\/progettotouring.it\/radiotouring104\/\",\"name\":\"Radio Touring 104\",\"description\":\"La prima radio Reggina\",\"publisher\":{\"@id\":\"https:\/\/progettotouring.it\/radiotouring104\/#organization\"},\"potentialAction\":[{\"@type\":\"SearchAction\",\"target\":{\"@type\":\"EntryPoint\",\"urlTemplate\":\"https:\/\/progettotouring.it\/radiotouring104\/?s={search_term_string}\"},\"query-input\":{\"@type\":\"PropertyValueSpecification\",\"valueRequired\":true,\"valueName\":\"search_term_string\"}}],\"inLanguage\":\"it-IT\"},{\"@type\":\"Organization\",\"@id\":\"https:\/\/progettotouring.it\/radiotouring104\/#organization\",\"name\":\"Radio Touring 104\",\"url\":\"https:\/\/progettotouring.it\/radiotouring104\/\",\"logo\":{\"@type\":\"ImageObject\",\"inLanguage\":\"it-IT\",\"@id\":\"https:\/\/progettotouring.it\/radiotouring104\/#\/schema\/logo\/image\/\",\"url\":\"https:\/\/progettotouring.it\/radiotouring104\/wp-content\/uploads\/sites\/6\/2022\/02\/cropped-logo-radio-touring-104.png\",\"contentUrl\":\"https:\/\/progettotouring.it\/radiotouring104\/wp-content\/uploads\/sites\/6\/2022\/02\/cropped-logo-radio-touring-104.png\",\"width\":377,\"height\":182,\"caption\":\"Radio Touring 104\"},\"image\":{\"@id\":\"https:\/\/progettotouring.it\/radiotouring104\/#\/schema\/logo\/image\/\"}},{\"@type\":\"Person\",\"@id\":\"https:\/\/progettotouring.it\/radiotouring104\/#\/schema\/person\/b9f9c3730b0a78814c9b9f3bfc52c619\",\"name\":\"S L\",\"image\":{\"@type\":\"ImageObject\",\"inLanguage\":\"it-IT\",\"@id\":\"https:\/\/secure.gravatar.com\/avatar\/652c51789d7030aaed9ff828331360502a68204fe6fb0831bc280515210e16d2?s=96&d=mm&r=g\",\"url\":\"https:\/\/secure.gravatar.com\/avatar\/652c51789d7030aaed9ff828331360502a68204fe6fb0831bc280515210e16d2?s=96&d=mm&r=g\",\"contentUrl\":\"https:\/\/secure.gravatar.com\/avatar\/652c51789d7030aaed9ff828331360502a68204fe6fb0831bc280515210e16d2?s=96&d=mm&r=g\",\"caption\":\"S L\"},\"url\":\"https:\/\/progettotouring.it\/radiotouring104\/author\/slibri\/\"}]}<\/script>\n<!-- \/ Yoast SEO plugin. -->","yoast_head_json":{"title":"A Reggio in arrivo la carovana del gusto dello \u2018Street food fest\u2019 - Radio Touring 104","description":"Dal 24 al 27 aprile sul lungomare eccellenze enogastronomiche, musica ed intrattenimento","robots":{"index":"index","follow":"follow","max-snippet":"max-snippet:-1","max-image-preview":"max-image-preview:large","max-video-preview":"max-video-preview:-1"},"canonical":"https:\/\/progettotouring.it\/radiotouring104\/2025\/04\/17\/a-reggio-in-arrivo-la-carovana-del-gusto-dello-street-food-fest\/","og_locale":"it_IT","og_type":"article","og_title":"A Reggio in arrivo la carovana del gusto dello \u2018Street food fest\u2019 - Radio Touring 104","og_description":"Dal 24 al 27 aprile sul lungomare eccellenze enogastronomiche, musica ed intrattenimento","og_url":"https:\/\/progettotouring.it\/radiotouring104\/2025\/04\/17\/a-reggio-in-arrivo-la-carovana-del-gusto-dello-street-food-fest\/","og_site_name":"Radio Touring 104","article_published_time":"2025-04-16T22:01:37+00:00","og_image":[{"width":2560,"height":1706,"url":"https:\/\/progettotouring.it\/radiotouring104\/wp-content\/uploads\/sites\/6\/2025\/04\/Street-food-1.jpeg","type":"image\/jpeg"}],"author":"S L","twitter_card":"summary_large_image","twitter_misc":{"Scritto da":"S L","Tempo di lettura stimato":"2 minuti"},"schema":{"@context":"https:\/\/schema.org","@graph":[{"@type":"Article","@id":"https:\/\/progettotouring.it\/radiotouring104\/2025\/04\/17\/a-reggio-in-arrivo-la-carovana-del-gusto-dello-street-food-fest\/#article","isPartOf":{"@id":"https:\/\/progettotouring.it\/radiotouring104\/2025\/04\/17\/a-reggio-in-arrivo-la-carovana-del-gusto-dello-street-food-fest\/"},"author":{"name":"S L","@id":"https:\/\/progettotouring.it\/radiotouring104\/#\/schema\/person\/b9f9c3730b0a78814c9b9f3bfc52c619"},"headline":"A Reggio in arrivo la carovana del gusto dello \u2018Street food fest\u2019","datePublished":"2025-04-16T22:01:37+00:00","mainEntityOfPage":{"@id":"https:\/\/progettotouring.it\/radiotouring104\/2025\/04\/17\/a-reggio-in-arrivo-la-carovana-del-gusto-dello-street-food-fest\/"},"wordCount":480,"publisher":{"@id":"https:\/\/progettotouring.it\/radiotouring104\/#organization"},"image":{"@id":"https:\/\/progettotouring.it\/radiotouring104\/2025\/04\/17\/a-reggio-in-arrivo-la-carovana-del-gusto-dello-street-food-fest\/#primaryimage"},"thumbnailUrl":"https:\/\/progettotouring.it\/radiotouring104\/wp-content\/uploads\/sites\/6\/2025\/04\/Street-food-1.jpeg","articleSection":["Home","News","Reggio Calabria"],"inLanguage":"it-IT"},{"@type":"WebPage","@id":"https:\/\/progettotouring.it\/radiotouring104\/2025\/04\/17\/a-reggio-in-arrivo-la-carovana-del-gusto-dello-street-food-fest\/","url":"https:\/\/progettotouring.it\/radiotouring104\/2025\/04\/17\/a-reggio-in-arrivo-la-carovana-del-gusto-dello-street-food-fest\/","name":"A Reggio in arrivo la carovana del gusto dello \u2018Street food fest\u2019 - Radio Touring 104","isPartOf":{"@id":"https:\/\/progettotouring.it\/radiotouring104\/#website"},"primaryImageOfPage":{"@id":"https:\/\/progettotouring.it\/radiotouring104\/2025\/04\/17\/a-reggio-in-arrivo-la-carovana-del-gusto-dello-street-food-fest\/#primaryimage"},"image":{"@id":"https:\/\/progettotouring.it\/radiotouring104\/2025\/04\/17\/a-reggio-in-arrivo-la-carovana-del-gusto-dello-street-food-fest\/#primaryimage"},"thumbnailUrl":"https:\/\/progettotouring.it\/radiotouring104\/wp-content\/uploads\/sites\/6\/2025\/04\/Street-food-1.jpeg","datePublished":"2025-04-16T22:01:37+00:00","description":"Dal 24 al 27 aprile sul lungomare eccellenze enogastronomiche, musica ed intrattenimento","breadcrumb":{"@id":"https:\/\/progettotouring.it\/radiotouring104\/2025\/04\/17\/a-reggio-in-arrivo-la-carovana-del-gusto-dello-street-food-fest\/#breadcrumb"},"inLanguage":"it-IT","potentialAction":[{"@type":"ReadAction","target":["https:\/\/progettotouring.it\/radiotouring104\/2025\/04\/17\/a-reggio-in-arrivo-la-carovana-del-gusto-dello-street-food-fest\/"]}]},{"@type":"ImageObject","inLanguage":"it-IT","@id":"https:\/\/progettotouring.it\/radiotouring104\/2025\/04\/17\/a-reggio-in-arrivo-la-carovana-del-gusto-dello-street-food-fest\/#primaryimage","url":"https:\/\/progettotouring.it\/radiotouring104\/wp-content\/uploads\/sites\/6\/2025\/04\/Street-food-1.jpeg","contentUrl":"https:\/\/progettotouring.it\/radiotouring104\/wp-content\/uploads\/sites\/6\/2025\/04\/Street-food-1.jpeg","width":2560,"height":1706},{"@type":"BreadcrumbList","@id":"https:\/\/progettotouring.it\/radiotouring104\/2025\/04\/17\/a-reggio-in-arrivo-la-carovana-del-gusto-dello-street-food-fest\/#breadcrumb","itemListElement":[{"@type":"ListItem","position":1,"name":"Home","item":"https:\/\/progettotouring.it\/radiotouring104\/"},{"@type":"ListItem","position":2,"name":"A Reggio in arrivo la carovana del gusto dello \u2018Street food fest\u2019"}]},{"@type":"WebSite","@id":"https:\/\/progettotouring.it\/radiotouring104\/#website","url":"https:\/\/progettotouring.it\/radiotouring104\/","name":"Radio Touring 104","description":"La prima radio Reggina","publisher":{"@id":"https:\/\/progettotouring.it\/radiotouring104\/#organization"},"potentialAction":[{"@type":"SearchAction","target":{"@type":"EntryPoint","urlTemplate":"https:\/\/progettotouring.it\/radiotouring104\/?s={search_term_string}"},"query-input":{"@type":"PropertyValueSpecification","valueRequired":true,"valueName":"search_term_string"}}],"inLanguage":"it-IT"},{"@type":"Organization","@id":"https:\/\/progettotouring.it\/radiotouring104\/#organization","name":"Radio Touring 104","url":"https:\/\/progettotouring.it\/radiotouring104\/","logo":{"@type":"ImageObject","inLanguage":"it-IT","@id":"https:\/\/progettotouring.it\/radiotouring104\/#\/schema\/logo\/image\/","url":"https:\/\/progettotouring.it\/radiotouring104\/wp-content\/uploads\/sites\/6\/2022\/02\/cropped-logo-radio-touring-104.png","contentUrl":"https:\/\/progettotouring.it\/radiotouring104\/wp-content\/uploads\/sites\/6\/2022\/02\/cropped-logo-radio-touring-104.png","width":377,"height":182,"caption":"Radio Touring 104"},"image":{"@id":"https:\/\/progettotouring.it\/radiotouring104\/#\/schema\/logo\/image\/"}},{"@type":"Person","@id":"https:\/\/progettotouring.it\/radiotouring104\/#\/schema\/person\/b9f9c3730b0a78814c9b9f3bfc52c619","name":"S L","image":{"@type":"ImageObject","inLanguage":"it-IT","@id":"https:\/\/secure.gravatar.com\/avatar\/652c51789d7030aaed9ff828331360502a68204fe6fb0831bc280515210e16d2?s=96&d=mm&r=g","url":"https:\/\/secure.gravatar.com\/avatar\/652c51789d7030aaed9ff828331360502a68204fe6fb0831bc280515210e16d2?s=96&d=mm&r=g","contentUrl":"https:\/\/secure.gravatar.com\/avatar\/652c51789d7030aaed9ff828331360502a68204fe6fb0831bc280515210e16d2?s=96&d=mm&r=g","caption":"S L"},"url":"https:\/\/progettotouring.it\/radiotouring104\/author\/slibri\/"}]}},"jetpack_publicize_connections":[],"jetpack_featured_media_url":"https:\/\/progettotouring.it\/radiotouring104\/wp-content\/uploads\/sites\/6\/2025\/04\/Street-food-1.jpeg","jetpack_sharing_enabled":true,"_links":{"self":[{"href":"https:\/\/progettotouring.it\/radiotouring104\/wp-json\/wp\/v2\/posts\/71415","targetHints":{"allow":["GET"]}}],"collection":[{"href":"https:\/\/progettotouring.it\/radiotouring104\/wp-json\/wp\/v2\/posts"}],"about":[{"href":"https:\/\/progettotouring.it\/radiotouring104\/wp-json\/wp\/v2\/types\/post"}],"author":[{"embeddable":true,"href":"https:\/\/progettotouring.it\/radiotouring104\/wp-json\/wp\/v2\/users\/19"}],"replies":[{"embeddable":true,"href":"https:\/\/progettotouring.it\/radiotouring104\/wp-json\/wp\/v2\/comments?post=71415"}],"version-history":[{"count":1,"href":"https:\/\/progettotouring.it\/radiotouring104\/wp-json\/wp\/v2\/posts\/71415\/revisions"}],"predecessor-version":[{"id":71417,"href":"https:\/\/progettotouring.it\/radiotouring104\/wp-json\/wp\/v2\/posts\/71415\/revisions\/71417"}],"wp:featuredmedia":[{"embeddable":true,"href":"https:\/\/progettotouring.it\/radiotouring104\/wp-json\/wp\/v2\/media\/71416"}],"wp:attachment":[{"href":"https:\/\/progettotouring.it\/radiotouring104\/wp-json\/wp\/v2\/media?parent=71415"}],"wp:term":[{"taxonomy":"category","embeddable":true,"href":"https:\/\/progettotouring.it\/radiotouring104\/wp-json\/wp\/v2\/categories?post=71415"},{"taxonomy":"post_tag","embeddable":true,"href":"https:\/\/progettotouring.it\/radiotouring104\/wp-json\/wp\/v2\/tags?post=71415"}],"curies":[{"name":"wp","href":"https:\/\/api.w.org\/{rel}","templated":true}]}}