{"id":71418,"date":"2025-04-17T00:12:50","date_gmt":"2025-04-16T22:12:50","guid":{"rendered":"https:\/\/progettotouring.it\/radiotouring104\/?p=71418"},"modified":"2025-04-17T00:12:50","modified_gmt":"2025-04-16T22:12:50","slug":"alluniversita-mediterranea-la-giornata-nazionale-del-made-in-italy","status":"publish","type":"post","link":"https:\/\/progettotouring.it\/radiotouring104\/2025\/04\/17\/alluniversita-mediterranea-la-giornata-nazionale-del-made-in-italy\/","title":{"rendered":"All&#8217;Universit\u00e0 Mediterranea la Giornata Nazionale del Made in Italy"},"content":{"rendered":"<div class=\"xmprfx_elementToProof\"><\/div>\n<div class=\"xmprfx_elementToProof\">Si \u00e8 svolta marted\u00ec 15 Aprile, presso l\u2019Aula Seminari \u201cFrancesco Saverio Nesci\u201d del Dipartimento di Agraria dell&#8217;Universit\u00e0 Mediterranea di Reggio Calabria, la\u00a0Giornata Nazionale del Made in Italy, promossa dal Ministero del Made in Italy in contemporanea con circa altri 600 eventi che si sono celebrati in tutto il territorio nazionale per esaltare la creativit\u00e0 e l\u2019eccellenza italiana.<\/div>\n<div class=\"xmprfx_elementToProof\">L\u2019incontro, che ha inteso proporre un momento di confronto tra il mondo accademico e alcune importanti PMI che operano sul territorio calabrese, \u00e8 stato aperto dal Rettore Giuseppe Zimbalatti.<\/div>\n<div class=\"xmprfx_elementToProof\">Dopo un breve video-saluto del Ministro Adolfo Urso, hanno portato i saluti istituzionali l\u2019ingegnere Giuseppe Antonio Sofia, dirigente della Casa del Made in Italy di Reggio Calabria, il Dott. Antonino Tramontana, Presidente della Camera di Commercio di Reggio Calabria, il Dott. Angelo Marra, Presidente della Sezione Industrie Varie di Confindustria Reggio Calabria.<\/div>\n<div class=\"xmprfx_elementToProof\">Il prof. Massimo Lauria, Prorettore delegato alla Ricerca e al Trasferimento Tecnologico, ha moderato la tavola rotonda alla quale hanno partecipato la prof.ssa Mariateresa Russo, Prorettrice Delegata per i Grandi progetti di Ateneo e infrastrutture di ricerca, la prof.ssa Consuelo Nava, Direttrice del Dipartimento di Architettura e Design, il Prof. Marco Poiana, Direttore del Dipartimento di Agraria. Con i loro interventi hanno stimolato le acute riflessioni rilasciate dai rappresentanti delle quattro imprese invitate, attive nei settori delle costruzioni, del design e dell\u2019agrifood: Federica Basile\u00a0per la \u201cFattoria della Piana\u201d,\u00a0Umberto Barreca per \u201cRE.DE.L. Energia\u201d; Filippo Callipo\u00a0per \u201cGiacinto Callipo Conserve Alimentari\u201d;\u00a0Giuseppe Condemi\u00a0per \u201cUNION ISS\u201d.<\/div>\n<div class=\"xmprfx_elementToProof\">Ha chiuso i lavori Laura Maria Ferri, docente di Economia Aziendale presso l\u2019Universit\u00e0 Cattolica del Sacro Cuore di Milano.<\/div>\n<div class=\"xmprfx_elementToProof\">L\u2019evento \u00e8 stato impreziosito da una breve ma coinvolgente cerimonia nel corso della quale il Dott. Filippo Callipo ha donato al Sistema Bibliotecario di Ateneo una copia del prezioso volume \u201cFare impresa, coltivare valori\u201d curato dalla Federazione Nazionale dei Cavalieri del Lavoro.<\/div>\n<div class=\"xmprfx_elementToProof\"><\/div>\n<div class=\"xmprfx_elementToProof\">Il\u00a0Rettore, prof.\u00a0 Giuseppe Zimbalatti\u00a0in merito alla Giornata del Made in Italy ha dichiarato: \u201c<i>Ancora una volta la Mediterranea ha inteso fare rete con il territorio. Questa volta enfatizzando il ruolo di imprese e stakeholders quali driver di innovazione per il nostro Territorio. Abbiamo ascoltato oggi una grande e corale lezione sul fare impresa in Calabria. Un ringraziamento particolare lo rivolgo al dott. Filippo Callipo per la sua preziosa presenza e per il suo altrettanto prezioso omaggio che ci ha voluto riservare\u201d.<\/i><\/div>\n<div><\/div>\n<div><i><img fetchpriority=\"high\" decoding=\"async\" class=\"alignnone size-medium wp-image-71421\" src=\"https:\/\/progettotouring.it\/radiotouring104\/wp-content\/uploads\/sites\/6\/2025\/04\/UniRC_Zimbalatti-Callipo-300x200.jpg\" alt=\"\" width=\"300\" height=\"200\" srcset=\"https:\/\/progettotouring.it\/radiotouring104\/wp-content\/uploads\/sites\/6\/2025\/04\/UniRC_Zimbalatti-Callipo-300x200.jpg 300w, https:\/\/progettotouring.it\/radiotouring104\/wp-content\/uploads\/sites\/6\/2025\/04\/UniRC_Zimbalatti-Callipo-1024x683.jpg 1024w, https:\/\/progettotouring.it\/radiotouring104\/wp-content\/uploads\/sites\/6\/2025\/04\/UniRC_Zimbalatti-Callipo-768x512.jpg 768w, https:\/\/progettotouring.it\/radiotouring104\/wp-content\/uploads\/sites\/6\/2025\/04\/UniRC_Zimbalatti-Callipo-1536x1024.jpg 1536w, https:\/\/progettotouring.it\/radiotouring104\/wp-content\/uploads\/sites\/6\/2025\/04\/UniRC_Zimbalatti-Callipo-1170x780.jpg 1170w, https:\/\/progettotouring.it\/radiotouring104\/wp-content\/uploads\/sites\/6\/2025\/04\/UniRC_Zimbalatti-Callipo-585x390.jpg 585w, https:\/\/progettotouring.it\/radiotouring104\/wp-content\/uploads\/sites\/6\/2025\/04\/UniRC_Zimbalatti-Callipo-263x175.jpg 263w, https:\/\/progettotouring.it\/radiotouring104\/wp-content\/uploads\/sites\/6\/2025\/04\/UniRC_Zimbalatti-Callipo.jpg 1620w\" sizes=\"(max-width: 300px) 100vw, 300px\" \/><\/i><\/div>\n<div><\/div>\n<div><\/div>\n<div><\/div>\n<div class=\"xmprfx_elementToProof\">Il\u00a0Dott. Filippo Callipo\u00a0nel consegnare il volume ha sottolineato: \u201c<i>\u00e8 im<\/i><i>portante, forse oggi ancora di pi\u00f9, raccogliere, custodire e tramandare i valori che accomunano i Cavalieri del Lavoro nella conduzione d\u2019azienda, nell\u2019attenzione al benessere di collaboratori e dipendenti, nella gestione dei rapporti tra famiglia e azienda e nella gestione dei rapporti con i famigliari azionisti.<\/i>\u201d<\/div>\n<div class=\"xmprfx_elementToProof\">\n<\/div>\n<div class=\"xmprfx_elementToProof\"><\/div>\n","protected":false},"excerpt":{"rendered":"<p>Si \u00e8 svolta marted\u00ec 15 Aprile, presso l\u2019Aula Seminari \u201cFrancesco Saverio Nesci\u201d del Dipartimento di Agraria dell&#8217;Universit\u00e0 Mediterranea di Reggio Calabria, la\u00a0Giornata Nazionale del Made in Italy, promossa dal Ministero&hellip;<\/p>\n","protected":false},"author":19,"featured_media":71419,"comment_status":"closed","ping_status":"open","sticky":false,"template":"","format":"standard","meta":{"_jetpack_memberships_contains_paid_content":false,"footnotes":"","jetpack_publicize_message":"","jetpack_publicize_feature_enabled":true,"jetpack_social_post_already_shared":true,"jetpack_social_options":{"image_generator_settings":{"template":"highway","default_image_id":0,"font":"","enabled":false},"version":2}},"categories":[921,196,140],"tags":[],"class_list":["post-71418","post","type-post","status-publish","format-standard","has-post-thumbnail","hentry","category-home","category-news","category-reggio-calabria"],"yoast_head":"<!-- This site is optimized with the Yoast SEO plugin v27.2 - https:\/\/yoast.com\/product\/yoast-seo-wordpress\/ -->\n<title>All&#039;Universit\u00e0 Mediterranea la Giornata Nazionale del Made in Italy - Radio Touring 104<\/title>\n<meta name=\"description\" content=\"L&#039;evento si \u00e8 svolto marted\u00ec 15 aprile presso l\u2019Aula Seminari \u201cFrancesco Saverio Nesci\u201d\" \/>\n<meta name=\"robots\" content=\"index, follow, max-snippet:-1, max-image-preview:large, max-video-preview:-1\" \/>\n<link rel=\"canonical\" href=\"https:\/\/progettotouring.it\/radiotouring104\/2025\/04\/17\/alluniversita-mediterranea-la-giornata-nazionale-del-made-in-italy\/\" \/>\n<meta property=\"og:locale\" content=\"it_IT\" \/>\n<meta property=\"og:type\" content=\"article\" \/>\n<meta property=\"og:title\" content=\"All&#039;Universit\u00e0 Mediterranea la Giornata Nazionale del Made in Italy - Radio Touring 104\" \/>\n<meta property=\"og:description\" content=\"L&#039;evento si \u00e8 svolto marted\u00ec 15 aprile presso l\u2019Aula Seminari \u201cFrancesco Saverio Nesci\u201d\" \/>\n<meta property=\"og:url\" content=\"https:\/\/progettotouring.it\/radiotouring104\/2025\/04\/17\/alluniversita-mediterranea-la-giornata-nazionale-del-made-in-italy\/\" \/>\n<meta property=\"og:site_name\" content=\"Radio Touring 104\" \/>\n<meta property=\"article:published_time\" content=\"2025-04-16T22:12:50+00:00\" \/>\n<meta property=\"og:image\" content=\"https:\/\/progettotouring.it\/radiotouring104\/wp-content\/uploads\/sites\/6\/2025\/04\/WhatsApp-Image-2025-04-17-at-00.09.32.jpeg\" \/>\n\t<meta property=\"og:image:width\" content=\"1600\" \/>\n\t<meta property=\"og:image:height\" content=\"1200\" \/>\n\t<meta property=\"og:image:type\" content=\"image\/jpeg\" \/>\n<meta name=\"author\" content=\"S L\" \/>\n<meta name=\"twitter:card\" content=\"summary_large_image\" \/>\n<meta name=\"twitter:label1\" content=\"Scritto da\" \/>\n\t<meta name=\"twitter:data1\" content=\"S L\" \/>\n\t<meta name=\"twitter:label2\" content=\"Tempo di lettura stimato\" \/>\n\t<meta name=\"twitter:data2\" content=\"2 minuti\" \/>\n<script type=\"application\/ld+json\" class=\"yoast-schema-graph\">{\"@context\":\"https:\/\/schema.org\",\"@graph\":[{\"@type\":\"Article\",\"@id\":\"https:\/\/progettotouring.it\/radiotouring104\/2025\/04\/17\/alluniversita-mediterranea-la-giornata-nazionale-del-made-in-italy\/#article\",\"isPartOf\":{\"@id\":\"https:\/\/progettotouring.it\/radiotouring104\/2025\/04\/17\/alluniversita-mediterranea-la-giornata-nazionale-del-made-in-italy\/\"},\"author\":{\"name\":\"S L\",\"@id\":\"https:\/\/progettotouring.it\/radiotouring104\/#\/schema\/person\/b9f9c3730b0a78814c9b9f3bfc52c619\"},\"headline\":\"All&#8217;Universit\u00e0 Mediterranea la Giornata Nazionale del Made in Italy\",\"datePublished\":\"2025-04-16T22:12:50+00:00\",\"mainEntityOfPage\":{\"@id\":\"https:\/\/progettotouring.it\/radiotouring104\/2025\/04\/17\/alluniversita-mediterranea-la-giornata-nazionale-del-made-in-italy\/\"},\"wordCount\":462,\"publisher\":{\"@id\":\"https:\/\/progettotouring.it\/radiotouring104\/#organization\"},\"image\":{\"@id\":\"https:\/\/progettotouring.it\/radiotouring104\/2025\/04\/17\/alluniversita-mediterranea-la-giornata-nazionale-del-made-in-italy\/#primaryimage\"},\"thumbnailUrl\":\"https:\/\/progettotouring.it\/radiotouring104\/wp-content\/uploads\/sites\/6\/2025\/04\/WhatsApp-Image-2025-04-17-at-00.09.32.jpeg\",\"articleSection\":[\"Home\",\"News\",\"Reggio Calabria\"],\"inLanguage\":\"it-IT\"},{\"@type\":\"WebPage\",\"@id\":\"https:\/\/progettotouring.it\/radiotouring104\/2025\/04\/17\/alluniversita-mediterranea-la-giornata-nazionale-del-made-in-italy\/\",\"url\":\"https:\/\/progettotouring.it\/radiotouring104\/2025\/04\/17\/alluniversita-mediterranea-la-giornata-nazionale-del-made-in-italy\/\",\"name\":\"All'Universit\u00e0 Mediterranea la Giornata Nazionale del Made in Italy - Radio Touring 104\",\"isPartOf\":{\"@id\":\"https:\/\/progettotouring.it\/radiotouring104\/#website\"},\"primaryImageOfPage\":{\"@id\":\"https:\/\/progettotouring.it\/radiotouring104\/2025\/04\/17\/alluniversita-mediterranea-la-giornata-nazionale-del-made-in-italy\/#primaryimage\"},\"image\":{\"@id\":\"https:\/\/progettotouring.it\/radiotouring104\/2025\/04\/17\/alluniversita-mediterranea-la-giornata-nazionale-del-made-in-italy\/#primaryimage\"},\"thumbnailUrl\":\"https:\/\/progettotouring.it\/radiotouring104\/wp-content\/uploads\/sites\/6\/2025\/04\/WhatsApp-Image-2025-04-17-at-00.09.32.jpeg\",\"datePublished\":\"2025-04-16T22:12:50+00:00\",\"description\":\"L'evento si \u00e8 svolto marted\u00ec 15 aprile presso l\u2019Aula Seminari \u201cFrancesco Saverio Nesci\u201d\",\"breadcrumb\":{\"@id\":\"https:\/\/progettotouring.it\/radiotouring104\/2025\/04\/17\/alluniversita-mediterranea-la-giornata-nazionale-del-made-in-italy\/#breadcrumb\"},\"inLanguage\":\"it-IT\",\"potentialAction\":[{\"@type\":\"ReadAction\",\"target\":[\"https:\/\/progettotouring.it\/radiotouring104\/2025\/04\/17\/alluniversita-mediterranea-la-giornata-nazionale-del-made-in-italy\/\"]}]},{\"@type\":\"ImageObject\",\"inLanguage\":\"it-IT\",\"@id\":\"https:\/\/progettotouring.it\/radiotouring104\/2025\/04\/17\/alluniversita-mediterranea-la-giornata-nazionale-del-made-in-italy\/#primaryimage\",\"url\":\"https:\/\/progettotouring.it\/radiotouring104\/wp-content\/uploads\/sites\/6\/2025\/04\/WhatsApp-Image-2025-04-17-at-00.09.32.jpeg\",\"contentUrl\":\"https:\/\/progettotouring.it\/radiotouring104\/wp-content\/uploads\/sites\/6\/2025\/04\/WhatsApp-Image-2025-04-17-at-00.09.32.jpeg\",\"width\":1600,\"height\":1200},{\"@type\":\"BreadcrumbList\",\"@id\":\"https:\/\/progettotouring.it\/radiotouring104\/2025\/04\/17\/alluniversita-mediterranea-la-giornata-nazionale-del-made-in-italy\/#breadcrumb\",\"itemListElement\":[{\"@type\":\"ListItem\",\"position\":1,\"name\":\"Home\",\"item\":\"https:\/\/progettotouring.it\/radiotouring104\/\"},{\"@type\":\"ListItem\",\"position\":2,\"name\":\"All&#8217;Universit\u00e0 Mediterranea la Giornata Nazionale del Made in Italy\"}]},{\"@type\":\"WebSite\",\"@id\":\"https:\/\/progettotouring.it\/radiotouring104\/#website\",\"url\":\"https:\/\/progettotouring.it\/radiotouring104\/\",\"name\":\"Radio Touring 104\",\"description\":\"La prima radio Reggina\",\"publisher\":{\"@id\":\"https:\/\/progettotouring.it\/radiotouring104\/#organization\"},\"potentialAction\":[{\"@type\":\"SearchAction\",\"target\":{\"@type\":\"EntryPoint\",\"urlTemplate\":\"https:\/\/progettotouring.it\/radiotouring104\/?s={search_term_string}\"},\"query-input\":{\"@type\":\"PropertyValueSpecification\",\"valueRequired\":true,\"valueName\":\"search_term_string\"}}],\"inLanguage\":\"it-IT\"},{\"@type\":\"Organization\",\"@id\":\"https:\/\/progettotouring.it\/radiotouring104\/#organization\",\"name\":\"Radio Touring 104\",\"url\":\"https:\/\/progettotouring.it\/radiotouring104\/\",\"logo\":{\"@type\":\"ImageObject\",\"inLanguage\":\"it-IT\",\"@id\":\"https:\/\/progettotouring.it\/radiotouring104\/#\/schema\/logo\/image\/\",\"url\":\"https:\/\/progettotouring.it\/radiotouring104\/wp-content\/uploads\/sites\/6\/2022\/02\/cropped-logo-radio-touring-104.png\",\"contentUrl\":\"https:\/\/progettotouring.it\/radiotouring104\/wp-content\/uploads\/sites\/6\/2022\/02\/cropped-logo-radio-touring-104.png\",\"width\":377,\"height\":182,\"caption\":\"Radio Touring 104\"},\"image\":{\"@id\":\"https:\/\/progettotouring.it\/radiotouring104\/#\/schema\/logo\/image\/\"}},{\"@type\":\"Person\",\"@id\":\"https:\/\/progettotouring.it\/radiotouring104\/#\/schema\/person\/b9f9c3730b0a78814c9b9f3bfc52c619\",\"name\":\"S L\",\"image\":{\"@type\":\"ImageObject\",\"inLanguage\":\"it-IT\",\"@id\":\"https:\/\/secure.gravatar.com\/avatar\/652c51789d7030aaed9ff828331360502a68204fe6fb0831bc280515210e16d2?s=96&d=mm&r=g\",\"url\":\"https:\/\/secure.gravatar.com\/avatar\/652c51789d7030aaed9ff828331360502a68204fe6fb0831bc280515210e16d2?s=96&d=mm&r=g\",\"contentUrl\":\"https:\/\/secure.gravatar.com\/avatar\/652c51789d7030aaed9ff828331360502a68204fe6fb0831bc280515210e16d2?s=96&d=mm&r=g\",\"caption\":\"S L\"},\"url\":\"https:\/\/progettotouring.it\/radiotouring104\/author\/slibri\/\"}]}<\/script>\n<!-- \/ Yoast SEO plugin. -->","yoast_head_json":{"title":"All'Universit\u00e0 Mediterranea la Giornata Nazionale del Made in Italy - Radio Touring 104","description":"L'evento si \u00e8 svolto marted\u00ec 15 aprile presso l\u2019Aula Seminari \u201cFrancesco Saverio Nesci\u201d","robots":{"index":"index","follow":"follow","max-snippet":"max-snippet:-1","max-image-preview":"max-image-preview:large","max-video-preview":"max-video-preview:-1"},"canonical":"https:\/\/progettotouring.it\/radiotouring104\/2025\/04\/17\/alluniversita-mediterranea-la-giornata-nazionale-del-made-in-italy\/","og_locale":"it_IT","og_type":"article","og_title":"All'Universit\u00e0 Mediterranea la Giornata Nazionale del Made in Italy - Radio Touring 104","og_description":"L'evento si \u00e8 svolto marted\u00ec 15 aprile presso l\u2019Aula Seminari \u201cFrancesco Saverio Nesci\u201d","og_url":"https:\/\/progettotouring.it\/radiotouring104\/2025\/04\/17\/alluniversita-mediterranea-la-giornata-nazionale-del-made-in-italy\/","og_site_name":"Radio Touring 104","article_published_time":"2025-04-16T22:12:50+00:00","og_image":[{"width":1600,"height":1200,"url":"https:\/\/progettotouring.it\/radiotouring104\/wp-content\/uploads\/sites\/6\/2025\/04\/WhatsApp-Image-2025-04-17-at-00.09.32.jpeg","type":"image\/jpeg"}],"author":"S L","twitter_card":"summary_large_image","twitter_misc":{"Scritto da":"S L","Tempo di lettura stimato":"2 minuti"},"schema":{"@context":"https:\/\/schema.org","@graph":[{"@type":"Article","@id":"https:\/\/progettotouring.it\/radiotouring104\/2025\/04\/17\/alluniversita-mediterranea-la-giornata-nazionale-del-made-in-italy\/#article","isPartOf":{"@id":"https:\/\/progettotouring.it\/radiotouring104\/2025\/04\/17\/alluniversita-mediterranea-la-giornata-nazionale-del-made-in-italy\/"},"author":{"name":"S L","@id":"https:\/\/progettotouring.it\/radiotouring104\/#\/schema\/person\/b9f9c3730b0a78814c9b9f3bfc52c619"},"headline":"All&#8217;Universit\u00e0 Mediterranea la Giornata Nazionale del Made in Italy","datePublished":"2025-04-16T22:12:50+00:00","mainEntityOfPage":{"@id":"https:\/\/progettotouring.it\/radiotouring104\/2025\/04\/17\/alluniversita-mediterranea-la-giornata-nazionale-del-made-in-italy\/"},"wordCount":462,"publisher":{"@id":"https:\/\/progettotouring.it\/radiotouring104\/#organization"},"image":{"@id":"https:\/\/progettotouring.it\/radiotouring104\/2025\/04\/17\/alluniversita-mediterranea-la-giornata-nazionale-del-made-in-italy\/#primaryimage"},"thumbnailUrl":"https:\/\/progettotouring.it\/radiotouring104\/wp-content\/uploads\/sites\/6\/2025\/04\/WhatsApp-Image-2025-04-17-at-00.09.32.jpeg","articleSection":["Home","News","Reggio Calabria"],"inLanguage":"it-IT"},{"@type":"WebPage","@id":"https:\/\/progettotouring.it\/radiotouring104\/2025\/04\/17\/alluniversita-mediterranea-la-giornata-nazionale-del-made-in-italy\/","url":"https:\/\/progettotouring.it\/radiotouring104\/2025\/04\/17\/alluniversita-mediterranea-la-giornata-nazionale-del-made-in-italy\/","name":"All'Universit\u00e0 Mediterranea la Giornata Nazionale del Made in Italy - Radio Touring 104","isPartOf":{"@id":"https:\/\/progettotouring.it\/radiotouring104\/#website"},"primaryImageOfPage":{"@id":"https:\/\/progettotouring.it\/radiotouring104\/2025\/04\/17\/alluniversita-mediterranea-la-giornata-nazionale-del-made-in-italy\/#primaryimage"},"image":{"@id":"https:\/\/progettotouring.it\/radiotouring104\/2025\/04\/17\/alluniversita-mediterranea-la-giornata-nazionale-del-made-in-italy\/#primaryimage"},"thumbnailUrl":"https:\/\/progettotouring.it\/radiotouring104\/wp-content\/uploads\/sites\/6\/2025\/04\/WhatsApp-Image-2025-04-17-at-00.09.32.jpeg","datePublished":"2025-04-16T22:12:50+00:00","description":"L'evento si \u00e8 svolto marted\u00ec 15 aprile presso l\u2019Aula Seminari \u201cFrancesco Saverio Nesci\u201d","breadcrumb":{"@id":"https:\/\/progettotouring.it\/radiotouring104\/2025\/04\/17\/alluniversita-mediterranea-la-giornata-nazionale-del-made-in-italy\/#breadcrumb"},"inLanguage":"it-IT","potentialAction":[{"@type":"ReadAction","target":["https:\/\/progettotouring.it\/radiotouring104\/2025\/04\/17\/alluniversita-mediterranea-la-giornata-nazionale-del-made-in-italy\/"]}]},{"@type":"ImageObject","inLanguage":"it-IT","@id":"https:\/\/progettotouring.it\/radiotouring104\/2025\/04\/17\/alluniversita-mediterranea-la-giornata-nazionale-del-made-in-italy\/#primaryimage","url":"https:\/\/progettotouring.it\/radiotouring104\/wp-content\/uploads\/sites\/6\/2025\/04\/WhatsApp-Image-2025-04-17-at-00.09.32.jpeg","contentUrl":"https:\/\/progettotouring.it\/radiotouring104\/wp-content\/uploads\/sites\/6\/2025\/04\/WhatsApp-Image-2025-04-17-at-00.09.32.jpeg","width":1600,"height":1200},{"@type":"BreadcrumbList","@id":"https:\/\/progettotouring.it\/radiotouring104\/2025\/04\/17\/alluniversita-mediterranea-la-giornata-nazionale-del-made-in-italy\/#breadcrumb","itemListElement":[{"@type":"ListItem","position":1,"name":"Home","item":"https:\/\/progettotouring.it\/radiotouring104\/"},{"@type":"ListItem","position":2,"name":"All&#8217;Universit\u00e0 Mediterranea la Giornata Nazionale del Made in Italy"}]},{"@type":"WebSite","@id":"https:\/\/progettotouring.it\/radiotouring104\/#website","url":"https:\/\/progettotouring.it\/radiotouring104\/","name":"Radio Touring 104","description":"La prima radio Reggina","publisher":{"@id":"https:\/\/progettotouring.it\/radiotouring104\/#organization"},"potentialAction":[{"@type":"SearchAction","target":{"@type":"EntryPoint","urlTemplate":"https:\/\/progettotouring.it\/radiotouring104\/?s={search_term_string}"},"query-input":{"@type":"PropertyValueSpecification","valueRequired":true,"valueName":"search_term_string"}}],"inLanguage":"it-IT"},{"@type":"Organization","@id":"https:\/\/progettotouring.it\/radiotouring104\/#organization","name":"Radio Touring 104","url":"https:\/\/progettotouring.it\/radiotouring104\/","logo":{"@type":"ImageObject","inLanguage":"it-IT","@id":"https:\/\/progettotouring.it\/radiotouring104\/#\/schema\/logo\/image\/","url":"https:\/\/progettotouring.it\/radiotouring104\/wp-content\/uploads\/sites\/6\/2022\/02\/cropped-logo-radio-touring-104.png","contentUrl":"https:\/\/progettotouring.it\/radiotouring104\/wp-content\/uploads\/sites\/6\/2022\/02\/cropped-logo-radio-touring-104.png","width":377,"height":182,"caption":"Radio Touring 104"},"image":{"@id":"https:\/\/progettotouring.it\/radiotouring104\/#\/schema\/logo\/image\/"}},{"@type":"Person","@id":"https:\/\/progettotouring.it\/radiotouring104\/#\/schema\/person\/b9f9c3730b0a78814c9b9f3bfc52c619","name":"S L","image":{"@type":"ImageObject","inLanguage":"it-IT","@id":"https:\/\/secure.gravatar.com\/avatar\/652c51789d7030aaed9ff828331360502a68204fe6fb0831bc280515210e16d2?s=96&d=mm&r=g","url":"https:\/\/secure.gravatar.com\/avatar\/652c51789d7030aaed9ff828331360502a68204fe6fb0831bc280515210e16d2?s=96&d=mm&r=g","contentUrl":"https:\/\/secure.gravatar.com\/avatar\/652c51789d7030aaed9ff828331360502a68204fe6fb0831bc280515210e16d2?s=96&d=mm&r=g","caption":"S L"},"url":"https:\/\/progettotouring.it\/radiotouring104\/author\/slibri\/"}]}},"jetpack_publicize_connections":[],"jetpack_featured_media_url":"https:\/\/progettotouring.it\/radiotouring104\/wp-content\/uploads\/sites\/6\/2025\/04\/WhatsApp-Image-2025-04-17-at-00.09.32.jpeg","jetpack_sharing_enabled":true,"_links":{"self":[{"href":"https:\/\/progettotouring.it\/radiotouring104\/wp-json\/wp\/v2\/posts\/71418","targetHints":{"allow":["GET"]}}],"collection":[{"href":"https:\/\/progettotouring.it\/radiotouring104\/wp-json\/wp\/v2\/posts"}],"about":[{"href":"https:\/\/progettotouring.it\/radiotouring104\/wp-json\/wp\/v2\/types\/post"}],"author":[{"embeddable":true,"href":"https:\/\/progettotouring.it\/radiotouring104\/wp-json\/wp\/v2\/users\/19"}],"replies":[{"embeddable":true,"href":"https:\/\/progettotouring.it\/radiotouring104\/wp-json\/wp\/v2\/comments?post=71418"}],"version-history":[{"count":2,"href":"https:\/\/progettotouring.it\/radiotouring104\/wp-json\/wp\/v2\/posts\/71418\/revisions"}],"predecessor-version":[{"id":71422,"href":"https:\/\/progettotouring.it\/radiotouring104\/wp-json\/wp\/v2\/posts\/71418\/revisions\/71422"}],"wp:featuredmedia":[{"embeddable":true,"href":"https:\/\/progettotouring.it\/radiotouring104\/wp-json\/wp\/v2\/media\/71419"}],"wp:attachment":[{"href":"https:\/\/progettotouring.it\/radiotouring104\/wp-json\/wp\/v2\/media?parent=71418"}],"wp:term":[{"taxonomy":"category","embeddable":true,"href":"https:\/\/progettotouring.it\/radiotouring104\/wp-json\/wp\/v2\/categories?post=71418"},{"taxonomy":"post_tag","embeddable":true,"href":"https:\/\/progettotouring.it\/radiotouring104\/wp-json\/wp\/v2\/tags?post=71418"}],"curies":[{"name":"wp","href":"https:\/\/api.w.org\/{rel}","templated":true}]}}