{"id":71447,"date":"2025-04-17T10:06:53","date_gmt":"2025-04-17T08:06:53","guid":{"rendered":"https:\/\/progettotouring.it\/radiotouring104\/?p=71447"},"modified":"2025-04-17T10:06:53","modified_gmt":"2025-04-17T08:06:53","slug":"redel-viola-il-presidente-lagana-si-scusa-con-i-tifosi","status":"publish","type":"post","link":"https:\/\/progettotouring.it\/radiotouring104\/2025\/04\/17\/redel-viola-il-presidente-lagana-si-scusa-con-i-tifosi\/","title":{"rendered":"Redel Viola: il Presidente Lagan\u00e0 si scusa con i tifosi"},"content":{"rendered":"<p style=\"text-align: justify\"><strong>Dopo una nuova prestazione deludente, il presidente<\/strong> della Pallacanestro Viola, C<strong>armelo Lagan\u00e0, ha voluto parlare direttamente in conferenza stampa per rassicurare i tifosi e lanciare un messaggio di unit\u00e0.<\/strong><em> \u201cEra necessario che la societ\u00e0 mettesse la faccia\u201d, ha esordito, dimostrando determinazione nonostante il momento difficile.\u201c<\/em><\/p>\n<p style=\"text-align: justify\"><em>\u201cDopo una brutta prestazione come quella di stasera, si pu\u00f2 essere demoralizzati, ma la societ\u00e0 no \u2013 anzi, prende vigore\u201d,<\/em> <strong>ha dichiarato Lagan\u00e0.<\/strong><em> \u201cGi\u00e0 da stasera stiamo lavorando per dare nuovo slancio al progetto. Siamo ancora determinati e non lasceremo nulla di intentato.\u201d<\/em><\/p>\n<p style=\"text-align: justify\"><strong>Il presidente ha voluto chiedere scusa ai tifosi per la partita negativa, ma ha assicurato che il gruppo si compatter\u00e0:<\/strong> <em>\u201cParleremo con i ragazzi e con lo staff. Ci uniremo come abbiamo sempre fatto, e sono sicuro che i risultati arriveranno. La fiducia e la serenit\u00e0 della societ\u00e0 devono essere trasmesse alla squadra: non abbiamo perso nulla, siamo ancora in corsa per i nostri obiettivi.\u201d<\/em><\/p>\n<p style=\"text-align: justify\">Nonostante la delusione sportiva, <strong>Lagan\u00e0 ha voluto sottolineare un momento emozionante della serata:<\/strong> <em>\u201cC\u2019\u00e8 stato l\u2019accadimento pi\u00f9 bello: in uno spicchio di curva, ci siamo riuniti come ai tempi della fondazione. I volti erano quelli di sempre. Questa \u00e8 la dimostrazione che non diamo nulla per scontato, n\u00e9 tantomeno per perso.\u201d<\/em><\/p>\n<p style=\"text-align: justify\"><strong>Il presidente ha raccontato di essersi unito ai tifosi per cercare di dare una spinta alla squadra:<\/strong> <em>\u201cProbabilmente non \u00e8 bastato, ma ci riuniremo, analizzeremo gli errori e apporteremo i correttivi necessari. Non lasceremo nulla al caso.\u201d<\/em><br \/>\n<strong>Il messaggio finale \u00e8 stato di incoraggiamento: <\/strong><em><strong>\u201c<\/strong>Forza ragazzi, forza staff, forza tifosi. Affronteremo la prossima partita pi\u00f9 uniti che mai.\u201d<\/em><\/p>\n<p style=\"text-align: justify\">Una <strong>conferenza stampa che ha dimostrato l\u2019orgoglio e la resilienza di una societ\u00e0 che<\/strong>, nonostante le grosse difficolt\u00e0, non intende arrendersi. La Pallacanestro Viola vuole riscattarsi e lo far\u00e0 lavorando con ancora pi\u00f9 grinta e determinazione.<\/p>\n","protected":false},"excerpt":{"rendered":"<p>Dopo una nuova prestazione deludente, il presidente della Pallacanestro Viola, Carmelo Lagan\u00e0, ha voluto parlare direttamente in conferenza stampa per rassicurare i tifosi e lanciare un messaggio di unit\u00e0. \u201cEra&hellip;<\/p>\n","protected":false},"author":12,"featured_media":71448,"comment_status":"closed","ping_status":"open","sticky":false,"template":"","format":"standard","meta":{"_jetpack_memberships_contains_paid_content":false,"footnotes":"","jetpack_publicize_message":"","jetpack_publicize_feature_enabled":true,"jetpack_social_post_already_shared":true,"jetpack_social_options":{"image_generator_settings":{"template":"highway","default_image_id":0,"font":"","enabled":false},"version":2}},"categories":[196,140,144],"tags":[5548,42676,212,42677,42675,34365,42678],"class_list":["post-71447","post","type-post","status-publish","format-standard","has-post-thumbnail","hentry","category-news","category-reggio-calabria","category-sport","tag-carmelo-lagana","tag-chiediamo-scusa-ai-tifosi","tag-conferenza-stampa","tag-ma-non-molliamo","tag-presidente-lagana-chiede-scusa-ai-tifosi","tag-redel-viola","tag-sconfitta-in-casa-contro-monopoli"],"yoast_head":"<!-- This site is optimized with the Yoast SEO plugin v27.2 - https:\/\/yoast.com\/product\/yoast-seo-wordpress\/ -->\n<title>Redel Viola: il Presidente Lagan\u00e0 si scusa con i tifosi - Radio Touring 104<\/title>\n<meta name=\"description\" content=\"&quot;Chiediamo scusa ai tifosi, ma non molliamo&quot;, queste le parole del Presidente neroarancio, Lagan\u00e0 dopo il k.o casalingo della Redel\" \/>\n<meta name=\"robots\" content=\"index, follow, max-snippet:-1, max-image-preview:large, max-video-preview:-1\" \/>\n<link rel=\"canonical\" href=\"https:\/\/progettotouring.it\/radiotouring104\/2025\/04\/17\/redel-viola-il-presidente-lagana-si-scusa-con-i-tifosi\/\" \/>\n<meta property=\"og:locale\" content=\"it_IT\" \/>\n<meta property=\"og:type\" content=\"article\" \/>\n<meta property=\"og:title\" content=\"Redel Viola: il Presidente Lagan\u00e0 si scusa con i tifosi - Radio Touring 104\" \/>\n<meta property=\"og:description\" content=\"&quot;Chiediamo scusa ai tifosi, ma non molliamo&quot;, queste le parole del Presidente neroarancio, Lagan\u00e0 dopo il k.o casalingo della Redel\" \/>\n<meta property=\"og:url\" content=\"https:\/\/progettotouring.it\/radiotouring104\/2025\/04\/17\/redel-viola-il-presidente-lagana-si-scusa-con-i-tifosi\/\" \/>\n<meta property=\"og:site_name\" content=\"Radio Touring 104\" \/>\n<meta property=\"article:published_time\" content=\"2025-04-17T08:06:53+00:00\" \/>\n<meta property=\"og:image\" content=\"https:\/\/progettotouring.it\/radiotouring104\/wp-content\/uploads\/sites\/6\/2025\/04\/Carmelo-Lagana-Redel-Viola.jpg\" \/>\n\t<meta property=\"og:image:width\" content=\"522\" \/>\n\t<meta property=\"og:image:height\" content=\"445\" \/>\n\t<meta property=\"og:image:type\" content=\"image\/jpeg\" \/>\n<meta name=\"author\" content=\"Sebastiano Plutino\" \/>\n<meta name=\"twitter:card\" content=\"summary_large_image\" \/>\n<meta name=\"twitter:label1\" content=\"Scritto da\" \/>\n\t<meta name=\"twitter:data1\" content=\"Sebastiano Plutino\" \/>\n\t<meta name=\"twitter:label2\" content=\"Tempo di lettura stimato\" \/>\n\t<meta name=\"twitter:data2\" content=\"1 minuto\" \/>\n<script type=\"application\/ld+json\" class=\"yoast-schema-graph\">{\"@context\":\"https:\/\/schema.org\",\"@graph\":[{\"@type\":\"Article\",\"@id\":\"https:\/\/progettotouring.it\/radiotouring104\/2025\/04\/17\/redel-viola-il-presidente-lagana-si-scusa-con-i-tifosi\/#article\",\"isPartOf\":{\"@id\":\"https:\/\/progettotouring.it\/radiotouring104\/2025\/04\/17\/redel-viola-il-presidente-lagana-si-scusa-con-i-tifosi\/\"},\"author\":{\"name\":\"Sebastiano Plutino\",\"@id\":\"https:\/\/progettotouring.it\/radiotouring104\/#\/schema\/person\/78613917f1851f041f7483f5af1d422e\"},\"headline\":\"Redel Viola: il Presidente Lagan\u00e0 si scusa con i tifosi\",\"datePublished\":\"2025-04-17T08:06:53+00:00\",\"mainEntityOfPage\":{\"@id\":\"https:\/\/progettotouring.it\/radiotouring104\/2025\/04\/17\/redel-viola-il-presidente-lagana-si-scusa-con-i-tifosi\/\"},\"wordCount\":306,\"publisher\":{\"@id\":\"https:\/\/progettotouring.it\/radiotouring104\/#organization\"},\"image\":{\"@id\":\"https:\/\/progettotouring.it\/radiotouring104\/2025\/04\/17\/redel-viola-il-presidente-lagana-si-scusa-con-i-tifosi\/#primaryimage\"},\"thumbnailUrl\":\"https:\/\/progettotouring.it\/radiotouring104\/wp-content\/uploads\/sites\/6\/2025\/04\/Carmelo-Lagana-Redel-Viola.jpg\",\"keywords\":[\"Carmelo Lagan\u00e0\",\"Chiediamo scusa ai tifosi\",\"conferenza stampa\",\"ma non molliamo\",\"Presidente Lagan\u00e0 chiede scusa ai tifosi\",\"Redel Viola\",\"sconfitta in casa contro Monopoli\"],\"articleSection\":[\"News\",\"Reggio Calabria\",\"Sport\"],\"inLanguage\":\"it-IT\"},{\"@type\":\"WebPage\",\"@id\":\"https:\/\/progettotouring.it\/radiotouring104\/2025\/04\/17\/redel-viola-il-presidente-lagana-si-scusa-con-i-tifosi\/\",\"url\":\"https:\/\/progettotouring.it\/radiotouring104\/2025\/04\/17\/redel-viola-il-presidente-lagana-si-scusa-con-i-tifosi\/\",\"name\":\"Redel Viola: il Presidente Lagan\u00e0 si scusa con i tifosi - Radio Touring 104\",\"isPartOf\":{\"@id\":\"https:\/\/progettotouring.it\/radiotouring104\/#website\"},\"primaryImageOfPage\":{\"@id\":\"https:\/\/progettotouring.it\/radiotouring104\/2025\/04\/17\/redel-viola-il-presidente-lagana-si-scusa-con-i-tifosi\/#primaryimage\"},\"image\":{\"@id\":\"https:\/\/progettotouring.it\/radiotouring104\/2025\/04\/17\/redel-viola-il-presidente-lagana-si-scusa-con-i-tifosi\/#primaryimage\"},\"thumbnailUrl\":\"https:\/\/progettotouring.it\/radiotouring104\/wp-content\/uploads\/sites\/6\/2025\/04\/Carmelo-Lagana-Redel-Viola.jpg\",\"datePublished\":\"2025-04-17T08:06:53+00:00\",\"description\":\"\\\"Chiediamo scusa ai tifosi, ma non molliamo\\\", queste le parole del Presidente neroarancio, Lagan\u00e0 dopo il k.o casalingo della Redel\",\"breadcrumb\":{\"@id\":\"https:\/\/progettotouring.it\/radiotouring104\/2025\/04\/17\/redel-viola-il-presidente-lagana-si-scusa-con-i-tifosi\/#breadcrumb\"},\"inLanguage\":\"it-IT\",\"potentialAction\":[{\"@type\":\"ReadAction\",\"target\":[\"https:\/\/progettotouring.it\/radiotouring104\/2025\/04\/17\/redel-viola-il-presidente-lagana-si-scusa-con-i-tifosi\/\"]}]},{\"@type\":\"ImageObject\",\"inLanguage\":\"it-IT\",\"@id\":\"https:\/\/progettotouring.it\/radiotouring104\/2025\/04\/17\/redel-viola-il-presidente-lagana-si-scusa-con-i-tifosi\/#primaryimage\",\"url\":\"https:\/\/progettotouring.it\/radiotouring104\/wp-content\/uploads\/sites\/6\/2025\/04\/Carmelo-Lagana-Redel-Viola.jpg\",\"contentUrl\":\"https:\/\/progettotouring.it\/radiotouring104\/wp-content\/uploads\/sites\/6\/2025\/04\/Carmelo-Lagana-Redel-Viola.jpg\",\"width\":522,\"height\":445},{\"@type\":\"BreadcrumbList\",\"@id\":\"https:\/\/progettotouring.it\/radiotouring104\/2025\/04\/17\/redel-viola-il-presidente-lagana-si-scusa-con-i-tifosi\/#breadcrumb\",\"itemListElement\":[{\"@type\":\"ListItem\",\"position\":1,\"name\":\"Home\",\"item\":\"https:\/\/progettotouring.it\/radiotouring104\/\"},{\"@type\":\"ListItem\",\"position\":2,\"name\":\"Redel Viola: il Presidente Lagan\u00e0 si scusa con i tifosi\"}]},{\"@type\":\"WebSite\",\"@id\":\"https:\/\/progettotouring.it\/radiotouring104\/#website\",\"url\":\"https:\/\/progettotouring.it\/radiotouring104\/\",\"name\":\"Radio Touring 104\",\"description\":\"La prima radio Reggina\",\"publisher\":{\"@id\":\"https:\/\/progettotouring.it\/radiotouring104\/#organization\"},\"potentialAction\":[{\"@type\":\"SearchAction\",\"target\":{\"@type\":\"EntryPoint\",\"urlTemplate\":\"https:\/\/progettotouring.it\/radiotouring104\/?s={search_term_string}\"},\"query-input\":{\"@type\":\"PropertyValueSpecification\",\"valueRequired\":true,\"valueName\":\"search_term_string\"}}],\"inLanguage\":\"it-IT\"},{\"@type\":\"Organization\",\"@id\":\"https:\/\/progettotouring.it\/radiotouring104\/#organization\",\"name\":\"Radio Touring 104\",\"url\":\"https:\/\/progettotouring.it\/radiotouring104\/\",\"logo\":{\"@type\":\"ImageObject\",\"inLanguage\":\"it-IT\",\"@id\":\"https:\/\/progettotouring.it\/radiotouring104\/#\/schema\/logo\/image\/\",\"url\":\"https:\/\/progettotouring.it\/radiotouring104\/wp-content\/uploads\/sites\/6\/2022\/02\/cropped-logo-radio-touring-104.png\",\"contentUrl\":\"https:\/\/progettotouring.it\/radiotouring104\/wp-content\/uploads\/sites\/6\/2022\/02\/cropped-logo-radio-touring-104.png\",\"width\":377,\"height\":182,\"caption\":\"Radio Touring 104\"},\"image\":{\"@id\":\"https:\/\/progettotouring.it\/radiotouring104\/#\/schema\/logo\/image\/\"}},{\"@type\":\"Person\",\"@id\":\"https:\/\/progettotouring.it\/radiotouring104\/#\/schema\/person\/78613917f1851f041f7483f5af1d422e\",\"name\":\"Sebastiano Plutino\",\"image\":{\"@type\":\"ImageObject\",\"inLanguage\":\"it-IT\",\"@id\":\"https:\/\/secure.gravatar.com\/avatar\/0546ffaa9b79224faf9f2a156b67a529ae861d3287c66c1d8ccfdf909bcba78d?s=96&d=mm&r=g\",\"url\":\"https:\/\/secure.gravatar.com\/avatar\/0546ffaa9b79224faf9f2a156b67a529ae861d3287c66c1d8ccfdf909bcba78d?s=96&d=mm&r=g\",\"contentUrl\":\"https:\/\/secure.gravatar.com\/avatar\/0546ffaa9b79224faf9f2a156b67a529ae861d3287c66c1d8ccfdf909bcba78d?s=96&d=mm&r=g\",\"caption\":\"Sebastiano Plutino\"},\"url\":\"https:\/\/progettotouring.it\/radiotouring104\/author\/sebastiano\/\"}]}<\/script>\n<!-- \/ Yoast SEO plugin. -->","yoast_head_json":{"title":"Redel Viola: il Presidente Lagan\u00e0 si scusa con i tifosi - Radio Touring 104","description":"\"Chiediamo scusa ai tifosi, ma non molliamo\", queste le parole del Presidente neroarancio, Lagan\u00e0 dopo il k.o casalingo della Redel","robots":{"index":"index","follow":"follow","max-snippet":"max-snippet:-1","max-image-preview":"max-image-preview:large","max-video-preview":"max-video-preview:-1"},"canonical":"https:\/\/progettotouring.it\/radiotouring104\/2025\/04\/17\/redel-viola-il-presidente-lagana-si-scusa-con-i-tifosi\/","og_locale":"it_IT","og_type":"article","og_title":"Redel Viola: il Presidente Lagan\u00e0 si scusa con i tifosi - Radio Touring 104","og_description":"\"Chiediamo scusa ai tifosi, ma non molliamo\", queste le parole del Presidente neroarancio, Lagan\u00e0 dopo il k.o casalingo della Redel","og_url":"https:\/\/progettotouring.it\/radiotouring104\/2025\/04\/17\/redel-viola-il-presidente-lagana-si-scusa-con-i-tifosi\/","og_site_name":"Radio Touring 104","article_published_time":"2025-04-17T08:06:53+00:00","og_image":[{"width":522,"height":445,"url":"https:\/\/progettotouring.it\/radiotouring104\/wp-content\/uploads\/sites\/6\/2025\/04\/Carmelo-Lagana-Redel-Viola.jpg","type":"image\/jpeg"}],"author":"Sebastiano Plutino","twitter_card":"summary_large_image","twitter_misc":{"Scritto da":"Sebastiano Plutino","Tempo di lettura stimato":"1 minuto"},"schema":{"@context":"https:\/\/schema.org","@graph":[{"@type":"Article","@id":"https:\/\/progettotouring.it\/radiotouring104\/2025\/04\/17\/redel-viola-il-presidente-lagana-si-scusa-con-i-tifosi\/#article","isPartOf":{"@id":"https:\/\/progettotouring.it\/radiotouring104\/2025\/04\/17\/redel-viola-il-presidente-lagana-si-scusa-con-i-tifosi\/"},"author":{"name":"Sebastiano Plutino","@id":"https:\/\/progettotouring.it\/radiotouring104\/#\/schema\/person\/78613917f1851f041f7483f5af1d422e"},"headline":"Redel Viola: il Presidente Lagan\u00e0 si scusa con i tifosi","datePublished":"2025-04-17T08:06:53+00:00","mainEntityOfPage":{"@id":"https:\/\/progettotouring.it\/radiotouring104\/2025\/04\/17\/redel-viola-il-presidente-lagana-si-scusa-con-i-tifosi\/"},"wordCount":306,"publisher":{"@id":"https:\/\/progettotouring.it\/radiotouring104\/#organization"},"image":{"@id":"https:\/\/progettotouring.it\/radiotouring104\/2025\/04\/17\/redel-viola-il-presidente-lagana-si-scusa-con-i-tifosi\/#primaryimage"},"thumbnailUrl":"https:\/\/progettotouring.it\/radiotouring104\/wp-content\/uploads\/sites\/6\/2025\/04\/Carmelo-Lagana-Redel-Viola.jpg","keywords":["Carmelo Lagan\u00e0","Chiediamo scusa ai tifosi","conferenza stampa","ma non molliamo","Presidente Lagan\u00e0 chiede scusa ai tifosi","Redel Viola","sconfitta in casa contro Monopoli"],"articleSection":["News","Reggio Calabria","Sport"],"inLanguage":"it-IT"},{"@type":"WebPage","@id":"https:\/\/progettotouring.it\/radiotouring104\/2025\/04\/17\/redel-viola-il-presidente-lagana-si-scusa-con-i-tifosi\/","url":"https:\/\/progettotouring.it\/radiotouring104\/2025\/04\/17\/redel-viola-il-presidente-lagana-si-scusa-con-i-tifosi\/","name":"Redel Viola: il Presidente Lagan\u00e0 si scusa con i tifosi - Radio Touring 104","isPartOf":{"@id":"https:\/\/progettotouring.it\/radiotouring104\/#website"},"primaryImageOfPage":{"@id":"https:\/\/progettotouring.it\/radiotouring104\/2025\/04\/17\/redel-viola-il-presidente-lagana-si-scusa-con-i-tifosi\/#primaryimage"},"image":{"@id":"https:\/\/progettotouring.it\/radiotouring104\/2025\/04\/17\/redel-viola-il-presidente-lagana-si-scusa-con-i-tifosi\/#primaryimage"},"thumbnailUrl":"https:\/\/progettotouring.it\/radiotouring104\/wp-content\/uploads\/sites\/6\/2025\/04\/Carmelo-Lagana-Redel-Viola.jpg","datePublished":"2025-04-17T08:06:53+00:00","description":"\"Chiediamo scusa ai tifosi, ma non molliamo\", queste le parole del Presidente neroarancio, Lagan\u00e0 dopo il k.o casalingo della Redel","breadcrumb":{"@id":"https:\/\/progettotouring.it\/radiotouring104\/2025\/04\/17\/redel-viola-il-presidente-lagana-si-scusa-con-i-tifosi\/#breadcrumb"},"inLanguage":"it-IT","potentialAction":[{"@type":"ReadAction","target":["https:\/\/progettotouring.it\/radiotouring104\/2025\/04\/17\/redel-viola-il-presidente-lagana-si-scusa-con-i-tifosi\/"]}]},{"@type":"ImageObject","inLanguage":"it-IT","@id":"https:\/\/progettotouring.it\/radiotouring104\/2025\/04\/17\/redel-viola-il-presidente-lagana-si-scusa-con-i-tifosi\/#primaryimage","url":"https:\/\/progettotouring.it\/radiotouring104\/wp-content\/uploads\/sites\/6\/2025\/04\/Carmelo-Lagana-Redel-Viola.jpg","contentUrl":"https:\/\/progettotouring.it\/radiotouring104\/wp-content\/uploads\/sites\/6\/2025\/04\/Carmelo-Lagana-Redel-Viola.jpg","width":522,"height":445},{"@type":"BreadcrumbList","@id":"https:\/\/progettotouring.it\/radiotouring104\/2025\/04\/17\/redel-viola-il-presidente-lagana-si-scusa-con-i-tifosi\/#breadcrumb","itemListElement":[{"@type":"ListItem","position":1,"name":"Home","item":"https:\/\/progettotouring.it\/radiotouring104\/"},{"@type":"ListItem","position":2,"name":"Redel Viola: il Presidente Lagan\u00e0 si scusa con i tifosi"}]},{"@type":"WebSite","@id":"https:\/\/progettotouring.it\/radiotouring104\/#website","url":"https:\/\/progettotouring.it\/radiotouring104\/","name":"Radio Touring 104","description":"La prima radio Reggina","publisher":{"@id":"https:\/\/progettotouring.it\/radiotouring104\/#organization"},"potentialAction":[{"@type":"SearchAction","target":{"@type":"EntryPoint","urlTemplate":"https:\/\/progettotouring.it\/radiotouring104\/?s={search_term_string}"},"query-input":{"@type":"PropertyValueSpecification","valueRequired":true,"valueName":"search_term_string"}}],"inLanguage":"it-IT"},{"@type":"Organization","@id":"https:\/\/progettotouring.it\/radiotouring104\/#organization","name":"Radio Touring 104","url":"https:\/\/progettotouring.it\/radiotouring104\/","logo":{"@type":"ImageObject","inLanguage":"it-IT","@id":"https:\/\/progettotouring.it\/radiotouring104\/#\/schema\/logo\/image\/","url":"https:\/\/progettotouring.it\/radiotouring104\/wp-content\/uploads\/sites\/6\/2022\/02\/cropped-logo-radio-touring-104.png","contentUrl":"https:\/\/progettotouring.it\/radiotouring104\/wp-content\/uploads\/sites\/6\/2022\/02\/cropped-logo-radio-touring-104.png","width":377,"height":182,"caption":"Radio Touring 104"},"image":{"@id":"https:\/\/progettotouring.it\/radiotouring104\/#\/schema\/logo\/image\/"}},{"@type":"Person","@id":"https:\/\/progettotouring.it\/radiotouring104\/#\/schema\/person\/78613917f1851f041f7483f5af1d422e","name":"Sebastiano Plutino","image":{"@type":"ImageObject","inLanguage":"it-IT","@id":"https:\/\/secure.gravatar.com\/avatar\/0546ffaa9b79224faf9f2a156b67a529ae861d3287c66c1d8ccfdf909bcba78d?s=96&d=mm&r=g","url":"https:\/\/secure.gravatar.com\/avatar\/0546ffaa9b79224faf9f2a156b67a529ae861d3287c66c1d8ccfdf909bcba78d?s=96&d=mm&r=g","contentUrl":"https:\/\/secure.gravatar.com\/avatar\/0546ffaa9b79224faf9f2a156b67a529ae861d3287c66c1d8ccfdf909bcba78d?s=96&d=mm&r=g","caption":"Sebastiano Plutino"},"url":"https:\/\/progettotouring.it\/radiotouring104\/author\/sebastiano\/"}]}},"jetpack_publicize_connections":[],"jetpack_featured_media_url":"https:\/\/progettotouring.it\/radiotouring104\/wp-content\/uploads\/sites\/6\/2025\/04\/Carmelo-Lagana-Redel-Viola.jpg","jetpack_sharing_enabled":true,"_links":{"self":[{"href":"https:\/\/progettotouring.it\/radiotouring104\/wp-json\/wp\/v2\/posts\/71447","targetHints":{"allow":["GET"]}}],"collection":[{"href":"https:\/\/progettotouring.it\/radiotouring104\/wp-json\/wp\/v2\/posts"}],"about":[{"href":"https:\/\/progettotouring.it\/radiotouring104\/wp-json\/wp\/v2\/types\/post"}],"author":[{"embeddable":true,"href":"https:\/\/progettotouring.it\/radiotouring104\/wp-json\/wp\/v2\/users\/12"}],"replies":[{"embeddable":true,"href":"https:\/\/progettotouring.it\/radiotouring104\/wp-json\/wp\/v2\/comments?post=71447"}],"version-history":[{"count":1,"href":"https:\/\/progettotouring.it\/radiotouring104\/wp-json\/wp\/v2\/posts\/71447\/revisions"}],"predecessor-version":[{"id":71449,"href":"https:\/\/progettotouring.it\/radiotouring104\/wp-json\/wp\/v2\/posts\/71447\/revisions\/71449"}],"wp:featuredmedia":[{"embeddable":true,"href":"https:\/\/progettotouring.it\/radiotouring104\/wp-json\/wp\/v2\/media\/71448"}],"wp:attachment":[{"href":"https:\/\/progettotouring.it\/radiotouring104\/wp-json\/wp\/v2\/media?parent=71447"}],"wp:term":[{"taxonomy":"category","embeddable":true,"href":"https:\/\/progettotouring.it\/radiotouring104\/wp-json\/wp\/v2\/categories?post=71447"},{"taxonomy":"post_tag","embeddable":true,"href":"https:\/\/progettotouring.it\/radiotouring104\/wp-json\/wp\/v2\/tags?post=71447"}],"curies":[{"name":"wp","href":"https:\/\/api.w.org\/{rel}","templated":true}]}}