{"id":71456,"date":"2025-04-17T10:57:01","date_gmt":"2025-04-17T08:57:01","guid":{"rendered":"https:\/\/progettotouring.it\/radiotouring104\/?p=71456"},"modified":"2025-04-17T12:13:49","modified_gmt":"2025-04-17T10:13:49","slug":"comune-di-reggio-nuovo-mandato-come-assessora-alla-citta-sicura-per-palmenta","status":"publish","type":"post","link":"https:\/\/progettotouring.it\/radiotouring104\/2025\/04\/17\/comune-di-reggio-nuovo-mandato-come-assessora-alla-citta-sicura-per-palmenta\/","title":{"rendered":"Comune di Reggio: nuovo mandato come &#8220;Assessora alla Citt\u00e0 Sicura&#8221; per Palmenta"},"content":{"rendered":"<div class=\"msg-view-text-cnt\">\n<div class=\"xam_msg_class\">\n<div dir=\"ltr\" style=\"text-align: justify\">Un ritorno che ha il sapore della continuit\u00e0 e della responsabilit\u00e0 quello di <strong>Giuggi Palmenta, che rientra nella Giunta comunale di Reggio<\/strong> Calabria<strong> con un nuovo incarico.<\/strong> Il sindaco Giuseppe<strong> Falcomat\u00e0 le ha conferito l\u2019Assessorato alla Citt\u00e0 Sicura che comprende <\/strong>Polizia Locale<strong>,<\/strong> Beni Confiscati, Politiche del Lavoro, Rapporti con le Organizzazioni Sindacali e Legalit\u00e0.<\/div>\n<div dir=\"ltr\" style=\"text-align: justify\"><\/div>\n<div dir=\"ltr\" style=\"text-align: justify\">Un mix di ambiti complesso e rilevante per la citt\u00e0, alcuni dei quali l\u2019assessora aveva gi\u00e0 gestito in precedenza. <strong>Il suo ritorno rappresenta quindi una prosecuzione naturale di un percorso gi\u00e0 intrapreso,<\/strong> ma anche una sfida nuova per i temi aggiunti all\u2019agenda.<\/div>\n<div dir=\"ltr\" style=\"text-align: justify\"><\/div>\n<div dir=\"ltr\" style=\"text-align: justify\"><em>\u00abPer me \u00e8 un onore poter tornare a servire la citt\u00e0 in questa veste<\/em> <strong>\u2013 ha spiegato Palmenta \u2013<\/strong> quello di Assessore \u00e8 un ruolo importante, carico di responsabilit\u00e0 e di impegno che \u00e8 giusto onorare. Sono emozionata come la prima volta, forse anche di pi\u00f9 perch\u00e9 ho la maturit\u00e0 e l\u2019esperienza acquisite\u00bb.<\/div>\n<div dir=\"ltr\" style=\"text-align: justify\"><\/div>\n<div dir=\"ltr\" style=\"text-align: justify\">Non appena formalizzato il nuovo incarico,<strong> Palmenta si \u00e8 messa subito al lavoro<\/strong>, avviando i primi incontri istituzionali. Un\u2019attenzione particolare \u00e8 stata<strong> rivolta alla delega della Polizia Locale, un settore a lei familiare.<\/strong> <em>\u00abPer quanto riguarda la delega alla Polizia Locale, ho incontrato il comandante Zucco, per me \u00e8 un continuare da dove avevo lasciato, un lavoro proseguito dal Vicesindaco Brunetti. Intanto abbiamo i progetti pi\u00f9 importanti: quelli della videosorveglianza, quelli relativi alle Ztl, per esempio. E poi non dimentichiamo che, con l\u2019ingresso dei nuovi agenti, sicuramente abbiamo dato respiro al corpo di Polizia Locale che ne aveva bisogno per poter svolgere il suo servizio in maniera regolare\u00bb.<\/em><\/div>\n<div dir=\"ltr\" style=\"text-align: justify\"><\/div>\n<div dir=\"ltr\" style=\"text-align: justify\"><strong>Tra le nuove competenze, figura anche la delicata gestione dei beni confiscati alla criminalit\u00e0 organizzata.<\/strong> <em>\u00abPer quanto riguarda i beni confiscati, in realt\u00e0 \u00e8 una delega nuova, ma in passato mi sono gi\u00e0 occupata di questo settore sia con Libera che nella Commissione della Citt\u00e0 Metropolitana. L\u2019obiettivo \u00e8 di riprendere le fila rispetto all\u2019assegnazione e alla gestione dei beni confiscati, considerato il valore che questo settore assume. Non dimentichiamo l\u2019importanza dell\u2019amministrazione condivisa dei beni confiscati per tutto il Paese, soprattutto per la citt\u00e0 di Reggio e la sua provincia\u00bb.<\/em><\/div>\n<\/div>\n<\/div>\n<div class=\"msg-view-attach-preview\">\n<div id=\"uiLogic_webmail__view_AttachmentsImageBlock_9\" class=\"attachmentsBlock\" style=\"text-align: justify\" role=\"group\"><\/div>\n<\/div>\n","protected":false},"excerpt":{"rendered":"<p>Un ritorno che ha il sapore della continuit\u00e0 e della responsabilit\u00e0 quello di Giuggi Palmenta, che rientra nella Giunta comunale di Reggio Calabria con un nuovo incarico. Il sindaco Giuseppe&hellip;<\/p>\n","protected":false},"author":12,"featured_media":71457,"comment_status":"closed","ping_status":"open","sticky":false,"template":"","format":"standard","meta":{"_jetpack_memberships_contains_paid_content":false,"footnotes":"","jetpack_publicize_message":"","jetpack_publicize_feature_enabled":true,"jetpack_social_post_already_shared":true,"jetpack_social_options":{"image_generator_settings":{"template":"highway","default_image_id":0,"font":"","enabled":false},"version":2}},"categories":[921,150,196,140],"tags":[42685,9778,1524,42686,42687,42688],"class_list":["post-71456","post","type-post","status-publish","format-standard","has-post-thumbnail","hentry","category-home","category-in-primo-piano","category-news","category-reggio-calabria","tag-assessora-alla-citta-sicura","tag-comune-di-reggio","tag-giuggi-palmenta","tag-giunta-falcomata","tag-nuovo-mandato","tag-un-onore-tornare-a-servire-la-citta-in-questa-veste"],"yoast_head":"<!-- This site is optimized with the Yoast SEO plugin v27.2 - https:\/\/yoast.com\/product\/yoast-seo-wordpress\/ -->\n<title>Comune RC: nuovo mandato come Assessora per Palmenta<\/title>\n<meta name=\"description\" content=\"\u00abUn onore per me tornare a servire la citt\u00e0 in questa veste\u00bb, dichiara la neo componente della Giunta Falcomat\u00e0, Giuggi Palmenta\u00a0\u00a0\u00a0\" \/>\n<meta name=\"robots\" content=\"index, follow, max-snippet:-1, max-image-preview:large, max-video-preview:-1\" \/>\n<link rel=\"canonical\" href=\"https:\/\/progettotouring.it\/radiotouring104\/2025\/04\/17\/comune-di-reggio-nuovo-mandato-come-assessora-alla-citta-sicura-per-palmenta\/\" \/>\n<meta property=\"og:locale\" content=\"it_IT\" \/>\n<meta property=\"og:type\" content=\"article\" \/>\n<meta property=\"og:title\" content=\"Comune RC: nuovo mandato come Assessora per Palmenta\" \/>\n<meta property=\"og:description\" content=\"\u00abUn onore per me tornare a servire la citt\u00e0 in questa veste\u00bb, dichiara la neo componente della Giunta Falcomat\u00e0, Giuggi Palmenta\u00a0\u00a0\u00a0\" \/>\n<meta property=\"og:url\" content=\"https:\/\/progettotouring.it\/radiotouring104\/2025\/04\/17\/comune-di-reggio-nuovo-mandato-come-assessora-alla-citta-sicura-per-palmenta\/\" \/>\n<meta property=\"og:site_name\" content=\"Radio Touring 104\" \/>\n<meta property=\"article:published_time\" content=\"2025-04-17T08:57:01+00:00\" \/>\n<meta property=\"article:modified_time\" content=\"2025-04-17T10:13:49+00:00\" \/>\n<meta property=\"og:image\" content=\"https:\/\/progettotouring.it\/radiotouring104\/wp-content\/uploads\/sites\/6\/2025\/04\/Assessore-Giuggi-Palmenta.png\" \/>\n\t<meta property=\"og:image:width\" content=\"773\" \/>\n\t<meta property=\"og:image:height\" content=\"525\" \/>\n\t<meta property=\"og:image:type\" content=\"image\/png\" \/>\n<meta name=\"author\" content=\"Sebastiano Plutino\" \/>\n<meta name=\"twitter:card\" content=\"summary_large_image\" \/>\n<meta name=\"twitter:label1\" content=\"Scritto da\" \/>\n\t<meta name=\"twitter:data1\" content=\"Sebastiano Plutino\" \/>\n\t<meta name=\"twitter:label2\" content=\"Tempo di lettura stimato\" \/>\n\t<meta name=\"twitter:data2\" content=\"2 minuti\" \/>\n<script type=\"application\/ld+json\" class=\"yoast-schema-graph\">{\"@context\":\"https:\/\/schema.org\",\"@graph\":[{\"@type\":\"Article\",\"@id\":\"https:\/\/progettotouring.it\/radiotouring104\/2025\/04\/17\/comune-di-reggio-nuovo-mandato-come-assessora-alla-citta-sicura-per-palmenta\/#article\",\"isPartOf\":{\"@id\":\"https:\/\/progettotouring.it\/radiotouring104\/2025\/04\/17\/comune-di-reggio-nuovo-mandato-come-assessora-alla-citta-sicura-per-palmenta\/\"},\"author\":{\"name\":\"Sebastiano Plutino\",\"@id\":\"https:\/\/progettotouring.it\/radiotouring104\/#\/schema\/person\/78613917f1851f041f7483f5af1d422e\"},\"headline\":\"Comune di Reggio: nuovo mandato come &#8220;Assessora alla Citt\u00e0 Sicura&#8221; per Palmenta\",\"datePublished\":\"2025-04-17T08:57:01+00:00\",\"dateModified\":\"2025-04-17T10:13:49+00:00\",\"mainEntityOfPage\":{\"@id\":\"https:\/\/progettotouring.it\/radiotouring104\/2025\/04\/17\/comune-di-reggio-nuovo-mandato-come-assessora-alla-citta-sicura-per-palmenta\/\"},\"wordCount\":358,\"publisher\":{\"@id\":\"https:\/\/progettotouring.it\/radiotouring104\/#organization\"},\"image\":{\"@id\":\"https:\/\/progettotouring.it\/radiotouring104\/2025\/04\/17\/comune-di-reggio-nuovo-mandato-come-assessora-alla-citta-sicura-per-palmenta\/#primaryimage\"},\"thumbnailUrl\":\"https:\/\/progettotouring.it\/radiotouring104\/wp-content\/uploads\/sites\/6\/2025\/04\/Assessore-Giuggi-Palmenta.png\",\"keywords\":[\"assessora alla Citt\u00e0 Sicura\",\"Comune di Reggio\",\"Giuggi Palmenta\",\"Giunta Falcomat\u00e0\",\"nuovo mandato\",\"Un onore tornare a servire la citt\u00e0 in questa veste\"],\"articleSection\":[\"Home\",\"In primo piano\",\"News\",\"Reggio Calabria\"],\"inLanguage\":\"it-IT\"},{\"@type\":\"WebPage\",\"@id\":\"https:\/\/progettotouring.it\/radiotouring104\/2025\/04\/17\/comune-di-reggio-nuovo-mandato-come-assessora-alla-citta-sicura-per-palmenta\/\",\"url\":\"https:\/\/progettotouring.it\/radiotouring104\/2025\/04\/17\/comune-di-reggio-nuovo-mandato-come-assessora-alla-citta-sicura-per-palmenta\/\",\"name\":\"Comune RC: nuovo mandato come Assessora per Palmenta\",\"isPartOf\":{\"@id\":\"https:\/\/progettotouring.it\/radiotouring104\/#website\"},\"primaryImageOfPage\":{\"@id\":\"https:\/\/progettotouring.it\/radiotouring104\/2025\/04\/17\/comune-di-reggio-nuovo-mandato-come-assessora-alla-citta-sicura-per-palmenta\/#primaryimage\"},\"image\":{\"@id\":\"https:\/\/progettotouring.it\/radiotouring104\/2025\/04\/17\/comune-di-reggio-nuovo-mandato-come-assessora-alla-citta-sicura-per-palmenta\/#primaryimage\"},\"thumbnailUrl\":\"https:\/\/progettotouring.it\/radiotouring104\/wp-content\/uploads\/sites\/6\/2025\/04\/Assessore-Giuggi-Palmenta.png\",\"datePublished\":\"2025-04-17T08:57:01+00:00\",\"dateModified\":\"2025-04-17T10:13:49+00:00\",\"description\":\"\u00abUn onore per me tornare a servire la citt\u00e0 in questa veste\u00bb, dichiara la neo componente della Giunta Falcomat\u00e0, Giuggi Palmenta\u00a0\u00a0\u00a0\",\"breadcrumb\":{\"@id\":\"https:\/\/progettotouring.it\/radiotouring104\/2025\/04\/17\/comune-di-reggio-nuovo-mandato-come-assessora-alla-citta-sicura-per-palmenta\/#breadcrumb\"},\"inLanguage\":\"it-IT\",\"potentialAction\":[{\"@type\":\"ReadAction\",\"target\":[\"https:\/\/progettotouring.it\/radiotouring104\/2025\/04\/17\/comune-di-reggio-nuovo-mandato-come-assessora-alla-citta-sicura-per-palmenta\/\"]}]},{\"@type\":\"ImageObject\",\"inLanguage\":\"it-IT\",\"@id\":\"https:\/\/progettotouring.it\/radiotouring104\/2025\/04\/17\/comune-di-reggio-nuovo-mandato-come-assessora-alla-citta-sicura-per-palmenta\/#primaryimage\",\"url\":\"https:\/\/progettotouring.it\/radiotouring104\/wp-content\/uploads\/sites\/6\/2025\/04\/Assessore-Giuggi-Palmenta.png\",\"contentUrl\":\"https:\/\/progettotouring.it\/radiotouring104\/wp-content\/uploads\/sites\/6\/2025\/04\/Assessore-Giuggi-Palmenta.png\",\"width\":773,\"height\":525},{\"@type\":\"BreadcrumbList\",\"@id\":\"https:\/\/progettotouring.it\/radiotouring104\/2025\/04\/17\/comune-di-reggio-nuovo-mandato-come-assessora-alla-citta-sicura-per-palmenta\/#breadcrumb\",\"itemListElement\":[{\"@type\":\"ListItem\",\"position\":1,\"name\":\"Home\",\"item\":\"https:\/\/progettotouring.it\/radiotouring104\/\"},{\"@type\":\"ListItem\",\"position\":2,\"name\":\"Comune di Reggio: nuovo mandato come &#8220;Assessora alla Citt\u00e0 Sicura&#8221; per Palmenta\"}]},{\"@type\":\"WebSite\",\"@id\":\"https:\/\/progettotouring.it\/radiotouring104\/#website\",\"url\":\"https:\/\/progettotouring.it\/radiotouring104\/\",\"name\":\"Radio Touring 104\",\"description\":\"La prima radio Reggina\",\"publisher\":{\"@id\":\"https:\/\/progettotouring.it\/radiotouring104\/#organization\"},\"potentialAction\":[{\"@type\":\"SearchAction\",\"target\":{\"@type\":\"EntryPoint\",\"urlTemplate\":\"https:\/\/progettotouring.it\/radiotouring104\/?s={search_term_string}\"},\"query-input\":{\"@type\":\"PropertyValueSpecification\",\"valueRequired\":true,\"valueName\":\"search_term_string\"}}],\"inLanguage\":\"it-IT\"},{\"@type\":\"Organization\",\"@id\":\"https:\/\/progettotouring.it\/radiotouring104\/#organization\",\"name\":\"Radio Touring 104\",\"url\":\"https:\/\/progettotouring.it\/radiotouring104\/\",\"logo\":{\"@type\":\"ImageObject\",\"inLanguage\":\"it-IT\",\"@id\":\"https:\/\/progettotouring.it\/radiotouring104\/#\/schema\/logo\/image\/\",\"url\":\"https:\/\/progettotouring.it\/radiotouring104\/wp-content\/uploads\/sites\/6\/2022\/02\/cropped-logo-radio-touring-104.png\",\"contentUrl\":\"https:\/\/progettotouring.it\/radiotouring104\/wp-content\/uploads\/sites\/6\/2022\/02\/cropped-logo-radio-touring-104.png\",\"width\":377,\"height\":182,\"caption\":\"Radio Touring 104\"},\"image\":{\"@id\":\"https:\/\/progettotouring.it\/radiotouring104\/#\/schema\/logo\/image\/\"}},{\"@type\":\"Person\",\"@id\":\"https:\/\/progettotouring.it\/radiotouring104\/#\/schema\/person\/78613917f1851f041f7483f5af1d422e\",\"name\":\"Sebastiano Plutino\",\"image\":{\"@type\":\"ImageObject\",\"inLanguage\":\"it-IT\",\"@id\":\"https:\/\/secure.gravatar.com\/avatar\/0546ffaa9b79224faf9f2a156b67a529ae861d3287c66c1d8ccfdf909bcba78d?s=96&d=mm&r=g\",\"url\":\"https:\/\/secure.gravatar.com\/avatar\/0546ffaa9b79224faf9f2a156b67a529ae861d3287c66c1d8ccfdf909bcba78d?s=96&d=mm&r=g\",\"contentUrl\":\"https:\/\/secure.gravatar.com\/avatar\/0546ffaa9b79224faf9f2a156b67a529ae861d3287c66c1d8ccfdf909bcba78d?s=96&d=mm&r=g\",\"caption\":\"Sebastiano Plutino\"},\"url\":\"https:\/\/progettotouring.it\/radiotouring104\/author\/sebastiano\/\"}]}<\/script>\n<!-- \/ Yoast SEO plugin. -->","yoast_head_json":{"title":"Comune RC: nuovo mandato come Assessora per Palmenta","description":"\u00abUn onore per me tornare a servire la citt\u00e0 in questa veste\u00bb, dichiara la neo componente della Giunta Falcomat\u00e0, Giuggi Palmenta\u00a0\u00a0\u00a0","robots":{"index":"index","follow":"follow","max-snippet":"max-snippet:-1","max-image-preview":"max-image-preview:large","max-video-preview":"max-video-preview:-1"},"canonical":"https:\/\/progettotouring.it\/radiotouring104\/2025\/04\/17\/comune-di-reggio-nuovo-mandato-come-assessora-alla-citta-sicura-per-palmenta\/","og_locale":"it_IT","og_type":"article","og_title":"Comune RC: nuovo mandato come Assessora per Palmenta","og_description":"\u00abUn onore per me tornare a servire la citt\u00e0 in questa veste\u00bb, dichiara la neo componente della Giunta Falcomat\u00e0, Giuggi Palmenta\u00a0\u00a0\u00a0","og_url":"https:\/\/progettotouring.it\/radiotouring104\/2025\/04\/17\/comune-di-reggio-nuovo-mandato-come-assessora-alla-citta-sicura-per-palmenta\/","og_site_name":"Radio Touring 104","article_published_time":"2025-04-17T08:57:01+00:00","article_modified_time":"2025-04-17T10:13:49+00:00","og_image":[{"width":773,"height":525,"url":"https:\/\/progettotouring.it\/radiotouring104\/wp-content\/uploads\/sites\/6\/2025\/04\/Assessore-Giuggi-Palmenta.png","type":"image\/png"}],"author":"Sebastiano Plutino","twitter_card":"summary_large_image","twitter_misc":{"Scritto da":"Sebastiano Plutino","Tempo di lettura stimato":"2 minuti"},"schema":{"@context":"https:\/\/schema.org","@graph":[{"@type":"Article","@id":"https:\/\/progettotouring.it\/radiotouring104\/2025\/04\/17\/comune-di-reggio-nuovo-mandato-come-assessora-alla-citta-sicura-per-palmenta\/#article","isPartOf":{"@id":"https:\/\/progettotouring.it\/radiotouring104\/2025\/04\/17\/comune-di-reggio-nuovo-mandato-come-assessora-alla-citta-sicura-per-palmenta\/"},"author":{"name":"Sebastiano Plutino","@id":"https:\/\/progettotouring.it\/radiotouring104\/#\/schema\/person\/78613917f1851f041f7483f5af1d422e"},"headline":"Comune di Reggio: nuovo mandato come &#8220;Assessora alla Citt\u00e0 Sicura&#8221; per Palmenta","datePublished":"2025-04-17T08:57:01+00:00","dateModified":"2025-04-17T10:13:49+00:00","mainEntityOfPage":{"@id":"https:\/\/progettotouring.it\/radiotouring104\/2025\/04\/17\/comune-di-reggio-nuovo-mandato-come-assessora-alla-citta-sicura-per-palmenta\/"},"wordCount":358,"publisher":{"@id":"https:\/\/progettotouring.it\/radiotouring104\/#organization"},"image":{"@id":"https:\/\/progettotouring.it\/radiotouring104\/2025\/04\/17\/comune-di-reggio-nuovo-mandato-come-assessora-alla-citta-sicura-per-palmenta\/#primaryimage"},"thumbnailUrl":"https:\/\/progettotouring.it\/radiotouring104\/wp-content\/uploads\/sites\/6\/2025\/04\/Assessore-Giuggi-Palmenta.png","keywords":["assessora alla Citt\u00e0 Sicura","Comune di Reggio","Giuggi Palmenta","Giunta Falcomat\u00e0","nuovo mandato","Un onore tornare a servire la citt\u00e0 in questa veste"],"articleSection":["Home","In primo piano","News","Reggio Calabria"],"inLanguage":"it-IT"},{"@type":"WebPage","@id":"https:\/\/progettotouring.it\/radiotouring104\/2025\/04\/17\/comune-di-reggio-nuovo-mandato-come-assessora-alla-citta-sicura-per-palmenta\/","url":"https:\/\/progettotouring.it\/radiotouring104\/2025\/04\/17\/comune-di-reggio-nuovo-mandato-come-assessora-alla-citta-sicura-per-palmenta\/","name":"Comune RC: nuovo mandato come Assessora per Palmenta","isPartOf":{"@id":"https:\/\/progettotouring.it\/radiotouring104\/#website"},"primaryImageOfPage":{"@id":"https:\/\/progettotouring.it\/radiotouring104\/2025\/04\/17\/comune-di-reggio-nuovo-mandato-come-assessora-alla-citta-sicura-per-palmenta\/#primaryimage"},"image":{"@id":"https:\/\/progettotouring.it\/radiotouring104\/2025\/04\/17\/comune-di-reggio-nuovo-mandato-come-assessora-alla-citta-sicura-per-palmenta\/#primaryimage"},"thumbnailUrl":"https:\/\/progettotouring.it\/radiotouring104\/wp-content\/uploads\/sites\/6\/2025\/04\/Assessore-Giuggi-Palmenta.png","datePublished":"2025-04-17T08:57:01+00:00","dateModified":"2025-04-17T10:13:49+00:00","description":"\u00abUn onore per me tornare a servire la citt\u00e0 in questa veste\u00bb, dichiara la neo componente della Giunta Falcomat\u00e0, Giuggi Palmenta\u00a0\u00a0\u00a0","breadcrumb":{"@id":"https:\/\/progettotouring.it\/radiotouring104\/2025\/04\/17\/comune-di-reggio-nuovo-mandato-come-assessora-alla-citta-sicura-per-palmenta\/#breadcrumb"},"inLanguage":"it-IT","potentialAction":[{"@type":"ReadAction","target":["https:\/\/progettotouring.it\/radiotouring104\/2025\/04\/17\/comune-di-reggio-nuovo-mandato-come-assessora-alla-citta-sicura-per-palmenta\/"]}]},{"@type":"ImageObject","inLanguage":"it-IT","@id":"https:\/\/progettotouring.it\/radiotouring104\/2025\/04\/17\/comune-di-reggio-nuovo-mandato-come-assessora-alla-citta-sicura-per-palmenta\/#primaryimage","url":"https:\/\/progettotouring.it\/radiotouring104\/wp-content\/uploads\/sites\/6\/2025\/04\/Assessore-Giuggi-Palmenta.png","contentUrl":"https:\/\/progettotouring.it\/radiotouring104\/wp-content\/uploads\/sites\/6\/2025\/04\/Assessore-Giuggi-Palmenta.png","width":773,"height":525},{"@type":"BreadcrumbList","@id":"https:\/\/progettotouring.it\/radiotouring104\/2025\/04\/17\/comune-di-reggio-nuovo-mandato-come-assessora-alla-citta-sicura-per-palmenta\/#breadcrumb","itemListElement":[{"@type":"ListItem","position":1,"name":"Home","item":"https:\/\/progettotouring.it\/radiotouring104\/"},{"@type":"ListItem","position":2,"name":"Comune di Reggio: nuovo mandato come &#8220;Assessora alla Citt\u00e0 Sicura&#8221; per Palmenta"}]},{"@type":"WebSite","@id":"https:\/\/progettotouring.it\/radiotouring104\/#website","url":"https:\/\/progettotouring.it\/radiotouring104\/","name":"Radio Touring 104","description":"La prima radio Reggina","publisher":{"@id":"https:\/\/progettotouring.it\/radiotouring104\/#organization"},"potentialAction":[{"@type":"SearchAction","target":{"@type":"EntryPoint","urlTemplate":"https:\/\/progettotouring.it\/radiotouring104\/?s={search_term_string}"},"query-input":{"@type":"PropertyValueSpecification","valueRequired":true,"valueName":"search_term_string"}}],"inLanguage":"it-IT"},{"@type":"Organization","@id":"https:\/\/progettotouring.it\/radiotouring104\/#organization","name":"Radio Touring 104","url":"https:\/\/progettotouring.it\/radiotouring104\/","logo":{"@type":"ImageObject","inLanguage":"it-IT","@id":"https:\/\/progettotouring.it\/radiotouring104\/#\/schema\/logo\/image\/","url":"https:\/\/progettotouring.it\/radiotouring104\/wp-content\/uploads\/sites\/6\/2022\/02\/cropped-logo-radio-touring-104.png","contentUrl":"https:\/\/progettotouring.it\/radiotouring104\/wp-content\/uploads\/sites\/6\/2022\/02\/cropped-logo-radio-touring-104.png","width":377,"height":182,"caption":"Radio Touring 104"},"image":{"@id":"https:\/\/progettotouring.it\/radiotouring104\/#\/schema\/logo\/image\/"}},{"@type":"Person","@id":"https:\/\/progettotouring.it\/radiotouring104\/#\/schema\/person\/78613917f1851f041f7483f5af1d422e","name":"Sebastiano Plutino","image":{"@type":"ImageObject","inLanguage":"it-IT","@id":"https:\/\/secure.gravatar.com\/avatar\/0546ffaa9b79224faf9f2a156b67a529ae861d3287c66c1d8ccfdf909bcba78d?s=96&d=mm&r=g","url":"https:\/\/secure.gravatar.com\/avatar\/0546ffaa9b79224faf9f2a156b67a529ae861d3287c66c1d8ccfdf909bcba78d?s=96&d=mm&r=g","contentUrl":"https:\/\/secure.gravatar.com\/avatar\/0546ffaa9b79224faf9f2a156b67a529ae861d3287c66c1d8ccfdf909bcba78d?s=96&d=mm&r=g","caption":"Sebastiano Plutino"},"url":"https:\/\/progettotouring.it\/radiotouring104\/author\/sebastiano\/"}]}},"jetpack_publicize_connections":[],"jetpack_featured_media_url":"https:\/\/progettotouring.it\/radiotouring104\/wp-content\/uploads\/sites\/6\/2025\/04\/Assessore-Giuggi-Palmenta.png","jetpack_sharing_enabled":true,"_links":{"self":[{"href":"https:\/\/progettotouring.it\/radiotouring104\/wp-json\/wp\/v2\/posts\/71456","targetHints":{"allow":["GET"]}}],"collection":[{"href":"https:\/\/progettotouring.it\/radiotouring104\/wp-json\/wp\/v2\/posts"}],"about":[{"href":"https:\/\/progettotouring.it\/radiotouring104\/wp-json\/wp\/v2\/types\/post"}],"author":[{"embeddable":true,"href":"https:\/\/progettotouring.it\/radiotouring104\/wp-json\/wp\/v2\/users\/12"}],"replies":[{"embeddable":true,"href":"https:\/\/progettotouring.it\/radiotouring104\/wp-json\/wp\/v2\/comments?post=71456"}],"version-history":[{"count":1,"href":"https:\/\/progettotouring.it\/radiotouring104\/wp-json\/wp\/v2\/posts\/71456\/revisions"}],"predecessor-version":[{"id":71458,"href":"https:\/\/progettotouring.it\/radiotouring104\/wp-json\/wp\/v2\/posts\/71456\/revisions\/71458"}],"wp:featuredmedia":[{"embeddable":true,"href":"https:\/\/progettotouring.it\/radiotouring104\/wp-json\/wp\/v2\/media\/71457"}],"wp:attachment":[{"href":"https:\/\/progettotouring.it\/radiotouring104\/wp-json\/wp\/v2\/media?parent=71456"}],"wp:term":[{"taxonomy":"category","embeddable":true,"href":"https:\/\/progettotouring.it\/radiotouring104\/wp-json\/wp\/v2\/categories?post=71456"},{"taxonomy":"post_tag","embeddable":true,"href":"https:\/\/progettotouring.it\/radiotouring104\/wp-json\/wp\/v2\/tags?post=71456"}],"curies":[{"name":"wp","href":"https:\/\/api.w.org\/{rel}","templated":true}]}}