{"id":71770,"date":"2025-04-22T10:17:31","date_gmt":"2025-04-22T08:17:31","guid":{"rendered":"https:\/\/progettotouring.it\/radiotouring104\/?p=71770"},"modified":"2025-04-22T10:17:31","modified_gmt":"2025-04-22T08:17:31","slug":"lon-gentile-designato-nel-comitato-dei-nove-su-organizzazione-e-reclutamento-nella-p-a","status":"publish","type":"post","link":"https:\/\/progettotouring.it\/radiotouring104\/2025\/04\/22\/lon-gentile-designato-nel-comitato-dei-nove-su-organizzazione-e-reclutamento-nella-p-a\/","title":{"rendered":"L\u2019On. Gentile designato nel Comitato dei Nove su organizzazione e reclutamento nella P.A."},"content":{"rendered":"<p style=\"text-align: justify\"><em>\u00abSettore pubblico pi\u00f9 attrattivo per le giovani generazioni e maggiormente funzionale, anche e soprattutto con riferimento al conseguimento degli obiettivi previsti dal Piano nazionale di ripresa e resilienza.<\/em>\u00a0<em>Sono questi gli obiettivi del decreto legge su organizzazione e reclutamento Pubblica amministrazione\u00bb.<\/em> E\u2019 quanto<strong> dichiara il deputato calabrese di Forza Italia On. Andrea Gentile, membro I Commissione<\/strong><em> \u201cAffari Costituzionali Presidenza del Consiglio e Interni\u201d,<\/em> <strong>designato recentemente nel Comitato dei Nove per la riforma della P.A<\/strong>. che prevede, tra l\u2019altro, norme sul reclutamento e sulla mobilit\u00e0, potenziamento del sistema scolastico e tanto altro ancora\u00bb Il decreto legge Pa 2025, <strong>in particolare \u00e8 composto da tre parti:<\/strong> <em>\u00abreclutamento, organizzazione e funzionalit\u00e0\u00bb<strong>,<\/strong><\/em><strong> puntualizza Gentile. <\/strong><\/p>\n<p style=\"text-align: justify\">\u00abPer quanto concerne il reclutamento rientrano misure che riguardano l\u2019attrattivit\u00e0 per i giovani, la centralizzazione dei concorsi pubblici, il rendere pi\u00f9 chiara la disciplina in merito al reclutamento e all\u2019utilizzo delle graduatorie vigenti\u00bb. In merito alla organizzazione, invece, rientrano misure per il potenziamento delle amministrazioni centrali; misure per gli enti colpiti dal sisma nel 2009 e nel 2016 e per la ricostruzione nei territori dell\u2019Emilia-Romagna, Marche e Toscana colpiti da eventi alluvionali; contributo Segretari comunali; nomina Commissario \u201cterra dei fuochi\u201d; rafforzamento Mef, Ambiente e Dipartimento pari opportunit\u00e0. Mentre in relazione alla funzionalit\u00e0, sono previste misure per la progressiva armonizzazione dei trattamenti economici; misure in materia di riduzione dei tempi di pagamento della Pa; adeguamento delle retribuzioni del personale assunto nelle sedi all\u2019estero; misure per il Giubileo; Hub dell\u2019innovazione \u2013 Mimit Tra le misure emerge la disposizione che consente a Regioni, Province, Citt\u00e0 Metropolitane ed Enti locali di assumere, come funzionari, diplomati degli ITS Academy. Mentre al fine di garantire uniformit\u00e0 sul territorio nazionale, ottimizzare tempi e costi, aumentare l\u2019efficienza e ridurre i contenziosi, \u00e8 prevista la centralizzazione dei concorsi pubblici e non saranno quindi pi\u00f9 le singole amministrazioni a bandirli. Per quanto riguarda le graduatorie vigenti dei concorsi pubblici, il decreto legge stabilisce che per le graduatorie del 2024 e del 2025 \u00e8 sospesa l&#8217;applicazione della norma &#8220;taglia idonei&#8221; ed al contempo verr\u00e0 rafforzato l&#8217;utilizzo della mobilit\u00e0 tra le amministrazioni.<\/p>\n<p style=\"text-align: justify\"><em>\u00abLa maggioranza<\/em> <strong>\u2013 spiega l\u2019On. Gentile &#8211;<\/strong> <em>\u00e8 riuscita ad inserire, attraverso emendamenti puntuali, misure per il miglioramento della Pa, tra cui proposte finalizzate al potenziamento del sistema scolastico: interventi in materia di welfare del personale, edilizia scolastica e reclutamento dei docenti, stanziando 40 milioni di euro per il finanziamento dell&#8217;assicurazione integrativa sanitaria per il personale scolastico e 20 milioni di euro in materia di edilizia scolastica\u00bb. E poi, ancora, \u00e8 \u00abprevisto il superamento dei vincoli del turn over per il reclutamento degli insegnanti di religione cattolica\u00bb, nonch\u00e9 la previsione del \u00absalario accessorio dei dipendenti di Regioni, Province e citt\u00e0 metropolitane con i conti in ordine\u00bb.<\/em> <em>&#8220;L\u2019intento \u00e8 quello di garantire una Pubblica amministrazione moderna, innovativa e pi\u00f9 vicina a cittadini ed imprese&#8221;,<\/em> <strong>ha concluso l&#8217;On. Gentile.<\/strong><\/p>\n","protected":false},"excerpt":{"rendered":"<p>\u00abSettore pubblico pi\u00f9 attrattivo per le giovani generazioni e maggiormente funzionale, anche e soprattutto con riferimento al conseguimento degli obiettivi previsti dal Piano nazionale di ripresa e resilienza.\u00a0Sono questi gli&hellip;<\/p>\n","protected":false},"author":12,"featured_media":70660,"comment_status":"closed","ping_status":"open","sticky":false,"template":"","format":"standard","meta":{"_jetpack_memberships_contains_paid_content":false,"footnotes":"","jetpack_publicize_message":"","jetpack_publicize_feature_enabled":true,"jetpack_social_post_already_shared":true,"jetpack_social_options":{"image_generator_settings":{"template":"highway","default_image_id":0,"font":"","enabled":false},"version":2}},"categories":[142,921,196],"tags":[1431,42792,1050,42788,42790,42791,42789],"class_list":["post-71770","post","type-post","status-publish","format-standard","has-post-thumbnail","hentry","category-calabria","category-home","category-news","tag-andrea-gentile","tag-designazione-nel-comitato-dei-nove","tag-mobilita","tag-norme-sul-reclutamento","tag-potenziamento-del-sistema-scolastico","tag-riforma-pubblica-amministrazione","tag-sistema-pubblico"],"yoast_head":"<!-- This site is optimized with the Yoast SEO plugin v27.2 - https:\/\/yoast.com\/product\/yoast-seo-wordpress\/ -->\n<title>L\u2019On. Gentile designato nel Comitato dei Nove su organizzazione e reclutamento nella P.A. - Radio Touring 104<\/title>\n<meta name=\"description\" content=\"La Riforma, prevede, tra l\u2019altro, norme sul reclutamento e sulla mobilit\u00e0, potenziamento del sistema scolastico\" \/>\n<meta name=\"robots\" content=\"index, follow, max-snippet:-1, max-image-preview:large, max-video-preview:-1\" \/>\n<link rel=\"canonical\" href=\"https:\/\/progettotouring.it\/radiotouring104\/2025\/04\/22\/lon-gentile-designato-nel-comitato-dei-nove-su-organizzazione-e-reclutamento-nella-p-a\/\" \/>\n<meta property=\"og:locale\" content=\"it_IT\" \/>\n<meta property=\"og:type\" content=\"article\" \/>\n<meta property=\"og:title\" content=\"L\u2019On. Gentile designato nel Comitato dei Nove su organizzazione e reclutamento nella P.A. - Radio Touring 104\" \/>\n<meta property=\"og:description\" content=\"La Riforma, prevede, tra l\u2019altro, norme sul reclutamento e sulla mobilit\u00e0, potenziamento del sistema scolastico\" \/>\n<meta property=\"og:url\" content=\"https:\/\/progettotouring.it\/radiotouring104\/2025\/04\/22\/lon-gentile-designato-nel-comitato-dei-nove-su-organizzazione-e-reclutamento-nella-p-a\/\" \/>\n<meta property=\"og:site_name\" content=\"Radio Touring 104\" \/>\n<meta property=\"article:published_time\" content=\"2025-04-22T08:17:31+00:00\" \/>\n<meta property=\"og:image\" content=\"https:\/\/progettotouring.it\/radiotouring104\/wp-content\/uploads\/sites\/6\/2025\/04\/On-Andrea-Gentile-Corte-Conti-Comitato-Nove.jpg\" \/>\n\t<meta property=\"og:image:width\" content=\"1026\" \/>\n\t<meta property=\"og:image:height\" content=\"676\" \/>\n\t<meta property=\"og:image:type\" content=\"image\/jpeg\" \/>\n<meta name=\"author\" content=\"Sebastiano Plutino\" \/>\n<meta name=\"twitter:card\" content=\"summary_large_image\" \/>\n<meta name=\"twitter:label1\" content=\"Scritto da\" \/>\n\t<meta name=\"twitter:data1\" content=\"Sebastiano Plutino\" \/>\n\t<meta name=\"twitter:label2\" content=\"Tempo di lettura stimato\" \/>\n\t<meta name=\"twitter:data2\" content=\"2 minuti\" \/>\n<script type=\"application\/ld+json\" class=\"yoast-schema-graph\">{\"@context\":\"https:\/\/schema.org\",\"@graph\":[{\"@type\":\"Article\",\"@id\":\"https:\/\/progettotouring.it\/radiotouring104\/2025\/04\/22\/lon-gentile-designato-nel-comitato-dei-nove-su-organizzazione-e-reclutamento-nella-p-a\/#article\",\"isPartOf\":{\"@id\":\"https:\/\/progettotouring.it\/radiotouring104\/2025\/04\/22\/lon-gentile-designato-nel-comitato-dei-nove-su-organizzazione-e-reclutamento-nella-p-a\/\"},\"author\":{\"name\":\"Sebastiano Plutino\",\"@id\":\"https:\/\/progettotouring.it\/radiotouring104\/#\/schema\/person\/78613917f1851f041f7483f5af1d422e\"},\"headline\":\"L\u2019On. Gentile designato nel Comitato dei Nove su organizzazione e reclutamento nella P.A.\",\"datePublished\":\"2025-04-22T08:17:31+00:00\",\"mainEntityOfPage\":{\"@id\":\"https:\/\/progettotouring.it\/radiotouring104\/2025\/04\/22\/lon-gentile-designato-nel-comitato-dei-nove-su-organizzazione-e-reclutamento-nella-p-a\/\"},\"wordCount\":477,\"publisher\":{\"@id\":\"https:\/\/progettotouring.it\/radiotouring104\/#organization\"},\"image\":{\"@id\":\"https:\/\/progettotouring.it\/radiotouring104\/2025\/04\/22\/lon-gentile-designato-nel-comitato-dei-nove-su-organizzazione-e-reclutamento-nella-p-a\/#primaryimage\"},\"thumbnailUrl\":\"https:\/\/progettotouring.it\/radiotouring104\/wp-content\/uploads\/sites\/6\/2025\/04\/On-Andrea-Gentile-Corte-Conti-Comitato-Nove.jpg\",\"keywords\":[\"Andrea Gentile\",\"designazione nel Comitato dei Nove\",\"mobilit\u00e0\",\"norme sul reclutamento\",\"potenziamento del sistema scolastico\",\"Riforma Pubblica Amministrazione\",\"sistema pubblico\"],\"articleSection\":[\"Calabria\",\"Home\",\"News\"],\"inLanguage\":\"it-IT\"},{\"@type\":\"WebPage\",\"@id\":\"https:\/\/progettotouring.it\/radiotouring104\/2025\/04\/22\/lon-gentile-designato-nel-comitato-dei-nove-su-organizzazione-e-reclutamento-nella-p-a\/\",\"url\":\"https:\/\/progettotouring.it\/radiotouring104\/2025\/04\/22\/lon-gentile-designato-nel-comitato-dei-nove-su-organizzazione-e-reclutamento-nella-p-a\/\",\"name\":\"L\u2019On. Gentile designato nel Comitato dei Nove su organizzazione e reclutamento nella P.A. - Radio Touring 104\",\"isPartOf\":{\"@id\":\"https:\/\/progettotouring.it\/radiotouring104\/#website\"},\"primaryImageOfPage\":{\"@id\":\"https:\/\/progettotouring.it\/radiotouring104\/2025\/04\/22\/lon-gentile-designato-nel-comitato-dei-nove-su-organizzazione-e-reclutamento-nella-p-a\/#primaryimage\"},\"image\":{\"@id\":\"https:\/\/progettotouring.it\/radiotouring104\/2025\/04\/22\/lon-gentile-designato-nel-comitato-dei-nove-su-organizzazione-e-reclutamento-nella-p-a\/#primaryimage\"},\"thumbnailUrl\":\"https:\/\/progettotouring.it\/radiotouring104\/wp-content\/uploads\/sites\/6\/2025\/04\/On-Andrea-Gentile-Corte-Conti-Comitato-Nove.jpg\",\"datePublished\":\"2025-04-22T08:17:31+00:00\",\"description\":\"La Riforma, prevede, tra l\u2019altro, norme sul reclutamento e sulla mobilit\u00e0, potenziamento del sistema scolastico\",\"breadcrumb\":{\"@id\":\"https:\/\/progettotouring.it\/radiotouring104\/2025\/04\/22\/lon-gentile-designato-nel-comitato-dei-nove-su-organizzazione-e-reclutamento-nella-p-a\/#breadcrumb\"},\"inLanguage\":\"it-IT\",\"potentialAction\":[{\"@type\":\"ReadAction\",\"target\":[\"https:\/\/progettotouring.it\/radiotouring104\/2025\/04\/22\/lon-gentile-designato-nel-comitato-dei-nove-su-organizzazione-e-reclutamento-nella-p-a\/\"]}]},{\"@type\":\"ImageObject\",\"inLanguage\":\"it-IT\",\"@id\":\"https:\/\/progettotouring.it\/radiotouring104\/2025\/04\/22\/lon-gentile-designato-nel-comitato-dei-nove-su-organizzazione-e-reclutamento-nella-p-a\/#primaryimage\",\"url\":\"https:\/\/progettotouring.it\/radiotouring104\/wp-content\/uploads\/sites\/6\/2025\/04\/On-Andrea-Gentile-Corte-Conti-Comitato-Nove.jpg\",\"contentUrl\":\"https:\/\/progettotouring.it\/radiotouring104\/wp-content\/uploads\/sites\/6\/2025\/04\/On-Andrea-Gentile-Corte-Conti-Comitato-Nove.jpg\",\"width\":1026,\"height\":676},{\"@type\":\"BreadcrumbList\",\"@id\":\"https:\/\/progettotouring.it\/radiotouring104\/2025\/04\/22\/lon-gentile-designato-nel-comitato-dei-nove-su-organizzazione-e-reclutamento-nella-p-a\/#breadcrumb\",\"itemListElement\":[{\"@type\":\"ListItem\",\"position\":1,\"name\":\"Home\",\"item\":\"https:\/\/progettotouring.it\/radiotouring104\/\"},{\"@type\":\"ListItem\",\"position\":2,\"name\":\"L\u2019On. Gentile designato nel Comitato dei Nove su organizzazione e reclutamento nella P.A.\"}]},{\"@type\":\"WebSite\",\"@id\":\"https:\/\/progettotouring.it\/radiotouring104\/#website\",\"url\":\"https:\/\/progettotouring.it\/radiotouring104\/\",\"name\":\"Radio Touring 104\",\"description\":\"La prima radio Reggina\",\"publisher\":{\"@id\":\"https:\/\/progettotouring.it\/radiotouring104\/#organization\"},\"potentialAction\":[{\"@type\":\"SearchAction\",\"target\":{\"@type\":\"EntryPoint\",\"urlTemplate\":\"https:\/\/progettotouring.it\/radiotouring104\/?s={search_term_string}\"},\"query-input\":{\"@type\":\"PropertyValueSpecification\",\"valueRequired\":true,\"valueName\":\"search_term_string\"}}],\"inLanguage\":\"it-IT\"},{\"@type\":\"Organization\",\"@id\":\"https:\/\/progettotouring.it\/radiotouring104\/#organization\",\"name\":\"Radio Touring 104\",\"url\":\"https:\/\/progettotouring.it\/radiotouring104\/\",\"logo\":{\"@type\":\"ImageObject\",\"inLanguage\":\"it-IT\",\"@id\":\"https:\/\/progettotouring.it\/radiotouring104\/#\/schema\/logo\/image\/\",\"url\":\"https:\/\/progettotouring.it\/radiotouring104\/wp-content\/uploads\/sites\/6\/2022\/02\/cropped-logo-radio-touring-104.png\",\"contentUrl\":\"https:\/\/progettotouring.it\/radiotouring104\/wp-content\/uploads\/sites\/6\/2022\/02\/cropped-logo-radio-touring-104.png\",\"width\":377,\"height\":182,\"caption\":\"Radio Touring 104\"},\"image\":{\"@id\":\"https:\/\/progettotouring.it\/radiotouring104\/#\/schema\/logo\/image\/\"}},{\"@type\":\"Person\",\"@id\":\"https:\/\/progettotouring.it\/radiotouring104\/#\/schema\/person\/78613917f1851f041f7483f5af1d422e\",\"name\":\"Sebastiano Plutino\",\"image\":{\"@type\":\"ImageObject\",\"inLanguage\":\"it-IT\",\"@id\":\"https:\/\/secure.gravatar.com\/avatar\/0546ffaa9b79224faf9f2a156b67a529ae861d3287c66c1d8ccfdf909bcba78d?s=96&d=mm&r=g\",\"url\":\"https:\/\/secure.gravatar.com\/avatar\/0546ffaa9b79224faf9f2a156b67a529ae861d3287c66c1d8ccfdf909bcba78d?s=96&d=mm&r=g\",\"contentUrl\":\"https:\/\/secure.gravatar.com\/avatar\/0546ffaa9b79224faf9f2a156b67a529ae861d3287c66c1d8ccfdf909bcba78d?s=96&d=mm&r=g\",\"caption\":\"Sebastiano Plutino\"},\"url\":\"https:\/\/progettotouring.it\/radiotouring104\/author\/sebastiano\/\"}]}<\/script>\n<!-- \/ Yoast SEO plugin. -->","yoast_head_json":{"title":"L\u2019On. Gentile designato nel Comitato dei Nove su organizzazione e reclutamento nella P.A. - Radio Touring 104","description":"La Riforma, prevede, tra l\u2019altro, norme sul reclutamento e sulla mobilit\u00e0, potenziamento del sistema scolastico","robots":{"index":"index","follow":"follow","max-snippet":"max-snippet:-1","max-image-preview":"max-image-preview:large","max-video-preview":"max-video-preview:-1"},"canonical":"https:\/\/progettotouring.it\/radiotouring104\/2025\/04\/22\/lon-gentile-designato-nel-comitato-dei-nove-su-organizzazione-e-reclutamento-nella-p-a\/","og_locale":"it_IT","og_type":"article","og_title":"L\u2019On. Gentile designato nel Comitato dei Nove su organizzazione e reclutamento nella P.A. - Radio Touring 104","og_description":"La Riforma, prevede, tra l\u2019altro, norme sul reclutamento e sulla mobilit\u00e0, potenziamento del sistema scolastico","og_url":"https:\/\/progettotouring.it\/radiotouring104\/2025\/04\/22\/lon-gentile-designato-nel-comitato-dei-nove-su-organizzazione-e-reclutamento-nella-p-a\/","og_site_name":"Radio Touring 104","article_published_time":"2025-04-22T08:17:31+00:00","og_image":[{"width":1026,"height":676,"url":"https:\/\/progettotouring.it\/radiotouring104\/wp-content\/uploads\/sites\/6\/2025\/04\/On-Andrea-Gentile-Corte-Conti-Comitato-Nove.jpg","type":"image\/jpeg"}],"author":"Sebastiano Plutino","twitter_card":"summary_large_image","twitter_misc":{"Scritto da":"Sebastiano Plutino","Tempo di lettura stimato":"2 minuti"},"schema":{"@context":"https:\/\/schema.org","@graph":[{"@type":"Article","@id":"https:\/\/progettotouring.it\/radiotouring104\/2025\/04\/22\/lon-gentile-designato-nel-comitato-dei-nove-su-organizzazione-e-reclutamento-nella-p-a\/#article","isPartOf":{"@id":"https:\/\/progettotouring.it\/radiotouring104\/2025\/04\/22\/lon-gentile-designato-nel-comitato-dei-nove-su-organizzazione-e-reclutamento-nella-p-a\/"},"author":{"name":"Sebastiano Plutino","@id":"https:\/\/progettotouring.it\/radiotouring104\/#\/schema\/person\/78613917f1851f041f7483f5af1d422e"},"headline":"L\u2019On. Gentile designato nel Comitato dei Nove su organizzazione e reclutamento nella P.A.","datePublished":"2025-04-22T08:17:31+00:00","mainEntityOfPage":{"@id":"https:\/\/progettotouring.it\/radiotouring104\/2025\/04\/22\/lon-gentile-designato-nel-comitato-dei-nove-su-organizzazione-e-reclutamento-nella-p-a\/"},"wordCount":477,"publisher":{"@id":"https:\/\/progettotouring.it\/radiotouring104\/#organization"},"image":{"@id":"https:\/\/progettotouring.it\/radiotouring104\/2025\/04\/22\/lon-gentile-designato-nel-comitato-dei-nove-su-organizzazione-e-reclutamento-nella-p-a\/#primaryimage"},"thumbnailUrl":"https:\/\/progettotouring.it\/radiotouring104\/wp-content\/uploads\/sites\/6\/2025\/04\/On-Andrea-Gentile-Corte-Conti-Comitato-Nove.jpg","keywords":["Andrea Gentile","designazione nel Comitato dei Nove","mobilit\u00e0","norme sul reclutamento","potenziamento del sistema scolastico","Riforma Pubblica Amministrazione","sistema pubblico"],"articleSection":["Calabria","Home","News"],"inLanguage":"it-IT"},{"@type":"WebPage","@id":"https:\/\/progettotouring.it\/radiotouring104\/2025\/04\/22\/lon-gentile-designato-nel-comitato-dei-nove-su-organizzazione-e-reclutamento-nella-p-a\/","url":"https:\/\/progettotouring.it\/radiotouring104\/2025\/04\/22\/lon-gentile-designato-nel-comitato-dei-nove-su-organizzazione-e-reclutamento-nella-p-a\/","name":"L\u2019On. Gentile designato nel Comitato dei Nove su organizzazione e reclutamento nella P.A. - Radio Touring 104","isPartOf":{"@id":"https:\/\/progettotouring.it\/radiotouring104\/#website"},"primaryImageOfPage":{"@id":"https:\/\/progettotouring.it\/radiotouring104\/2025\/04\/22\/lon-gentile-designato-nel-comitato-dei-nove-su-organizzazione-e-reclutamento-nella-p-a\/#primaryimage"},"image":{"@id":"https:\/\/progettotouring.it\/radiotouring104\/2025\/04\/22\/lon-gentile-designato-nel-comitato-dei-nove-su-organizzazione-e-reclutamento-nella-p-a\/#primaryimage"},"thumbnailUrl":"https:\/\/progettotouring.it\/radiotouring104\/wp-content\/uploads\/sites\/6\/2025\/04\/On-Andrea-Gentile-Corte-Conti-Comitato-Nove.jpg","datePublished":"2025-04-22T08:17:31+00:00","description":"La Riforma, prevede, tra l\u2019altro, norme sul reclutamento e sulla mobilit\u00e0, potenziamento del sistema scolastico","breadcrumb":{"@id":"https:\/\/progettotouring.it\/radiotouring104\/2025\/04\/22\/lon-gentile-designato-nel-comitato-dei-nove-su-organizzazione-e-reclutamento-nella-p-a\/#breadcrumb"},"inLanguage":"it-IT","potentialAction":[{"@type":"ReadAction","target":["https:\/\/progettotouring.it\/radiotouring104\/2025\/04\/22\/lon-gentile-designato-nel-comitato-dei-nove-su-organizzazione-e-reclutamento-nella-p-a\/"]}]},{"@type":"ImageObject","inLanguage":"it-IT","@id":"https:\/\/progettotouring.it\/radiotouring104\/2025\/04\/22\/lon-gentile-designato-nel-comitato-dei-nove-su-organizzazione-e-reclutamento-nella-p-a\/#primaryimage","url":"https:\/\/progettotouring.it\/radiotouring104\/wp-content\/uploads\/sites\/6\/2025\/04\/On-Andrea-Gentile-Corte-Conti-Comitato-Nove.jpg","contentUrl":"https:\/\/progettotouring.it\/radiotouring104\/wp-content\/uploads\/sites\/6\/2025\/04\/On-Andrea-Gentile-Corte-Conti-Comitato-Nove.jpg","width":1026,"height":676},{"@type":"BreadcrumbList","@id":"https:\/\/progettotouring.it\/radiotouring104\/2025\/04\/22\/lon-gentile-designato-nel-comitato-dei-nove-su-organizzazione-e-reclutamento-nella-p-a\/#breadcrumb","itemListElement":[{"@type":"ListItem","position":1,"name":"Home","item":"https:\/\/progettotouring.it\/radiotouring104\/"},{"@type":"ListItem","position":2,"name":"L\u2019On. Gentile designato nel Comitato dei Nove su organizzazione e reclutamento nella P.A."}]},{"@type":"WebSite","@id":"https:\/\/progettotouring.it\/radiotouring104\/#website","url":"https:\/\/progettotouring.it\/radiotouring104\/","name":"Radio Touring 104","description":"La prima radio Reggina","publisher":{"@id":"https:\/\/progettotouring.it\/radiotouring104\/#organization"},"potentialAction":[{"@type":"SearchAction","target":{"@type":"EntryPoint","urlTemplate":"https:\/\/progettotouring.it\/radiotouring104\/?s={search_term_string}"},"query-input":{"@type":"PropertyValueSpecification","valueRequired":true,"valueName":"search_term_string"}}],"inLanguage":"it-IT"},{"@type":"Organization","@id":"https:\/\/progettotouring.it\/radiotouring104\/#organization","name":"Radio Touring 104","url":"https:\/\/progettotouring.it\/radiotouring104\/","logo":{"@type":"ImageObject","inLanguage":"it-IT","@id":"https:\/\/progettotouring.it\/radiotouring104\/#\/schema\/logo\/image\/","url":"https:\/\/progettotouring.it\/radiotouring104\/wp-content\/uploads\/sites\/6\/2022\/02\/cropped-logo-radio-touring-104.png","contentUrl":"https:\/\/progettotouring.it\/radiotouring104\/wp-content\/uploads\/sites\/6\/2022\/02\/cropped-logo-radio-touring-104.png","width":377,"height":182,"caption":"Radio Touring 104"},"image":{"@id":"https:\/\/progettotouring.it\/radiotouring104\/#\/schema\/logo\/image\/"}},{"@type":"Person","@id":"https:\/\/progettotouring.it\/radiotouring104\/#\/schema\/person\/78613917f1851f041f7483f5af1d422e","name":"Sebastiano Plutino","image":{"@type":"ImageObject","inLanguage":"it-IT","@id":"https:\/\/secure.gravatar.com\/avatar\/0546ffaa9b79224faf9f2a156b67a529ae861d3287c66c1d8ccfdf909bcba78d?s=96&d=mm&r=g","url":"https:\/\/secure.gravatar.com\/avatar\/0546ffaa9b79224faf9f2a156b67a529ae861d3287c66c1d8ccfdf909bcba78d?s=96&d=mm&r=g","contentUrl":"https:\/\/secure.gravatar.com\/avatar\/0546ffaa9b79224faf9f2a156b67a529ae861d3287c66c1d8ccfdf909bcba78d?s=96&d=mm&r=g","caption":"Sebastiano Plutino"},"url":"https:\/\/progettotouring.it\/radiotouring104\/author\/sebastiano\/"}]}},"jetpack_publicize_connections":[],"jetpack_featured_media_url":"https:\/\/progettotouring.it\/radiotouring104\/wp-content\/uploads\/sites\/6\/2025\/04\/On-Andrea-Gentile-Corte-Conti-Comitato-Nove.jpg","jetpack_sharing_enabled":true,"_links":{"self":[{"href":"https:\/\/progettotouring.it\/radiotouring104\/wp-json\/wp\/v2\/posts\/71770","targetHints":{"allow":["GET"]}}],"collection":[{"href":"https:\/\/progettotouring.it\/radiotouring104\/wp-json\/wp\/v2\/posts"}],"about":[{"href":"https:\/\/progettotouring.it\/radiotouring104\/wp-json\/wp\/v2\/types\/post"}],"author":[{"embeddable":true,"href":"https:\/\/progettotouring.it\/radiotouring104\/wp-json\/wp\/v2\/users\/12"}],"replies":[{"embeddable":true,"href":"https:\/\/progettotouring.it\/radiotouring104\/wp-json\/wp\/v2\/comments?post=71770"}],"version-history":[{"count":1,"href":"https:\/\/progettotouring.it\/radiotouring104\/wp-json\/wp\/v2\/posts\/71770\/revisions"}],"predecessor-version":[{"id":71771,"href":"https:\/\/progettotouring.it\/radiotouring104\/wp-json\/wp\/v2\/posts\/71770\/revisions\/71771"}],"wp:featuredmedia":[{"embeddable":true,"href":"https:\/\/progettotouring.it\/radiotouring104\/wp-json\/wp\/v2\/media\/70660"}],"wp:attachment":[{"href":"https:\/\/progettotouring.it\/radiotouring104\/wp-json\/wp\/v2\/media?parent=71770"}],"wp:term":[{"taxonomy":"category","embeddable":true,"href":"https:\/\/progettotouring.it\/radiotouring104\/wp-json\/wp\/v2\/categories?post=71770"},{"taxonomy":"post_tag","embeddable":true,"href":"https:\/\/progettotouring.it\/radiotouring104\/wp-json\/wp\/v2\/tags?post=71770"}],"curies":[{"name":"wp","href":"https:\/\/api.w.org\/{rel}","templated":true}]}}