{"id":71780,"date":"2025-04-22T11:44:35","date_gmt":"2025-04-22T09:44:35","guid":{"rendered":"https:\/\/progettotouring.it\/radiotouring104\/?p=71780"},"modified":"2025-04-22T18:45:56","modified_gmt":"2025-04-22T16:45:56","slug":"addio-a-papa-francesco-funerali-sabato-26-aprile-in-piazza-san-pietro","status":"publish","type":"post","link":"https:\/\/progettotouring.it\/radiotouring104\/2025\/04\/22\/addio-a-papa-francesco-funerali-sabato-26-aprile-in-piazza-san-pietro\/","title":{"rendered":"Addio a Papa Francesco: funerali sabato 26 aprile in Piazza San Pietro"},"content":{"rendered":"<p class=\"\" data-start=\"415\" data-end=\"664\"><strong data-start=\"415\" data-end=\"437\">Citt\u00e0 del Vaticano<\/strong> \u2013 Il mondo saluta Papa Francesco. Luned\u00ec 21 aprile, alle 7:35, il Pontefice \u00e8 morto nella sua residenza a Santa Marta a causa di un ictus cerebrale, seguito da coma e collasso cardiocircolatorio irreversibile. Aveva 88 anni.<\/p>\n<p class=\"\" data-start=\"666\" data-end=\"973\">Il Vaticano ha annunciato che i funerali si terranno sabato 26 aprile, alle ore 10, sul sagrato della Basilica di San Pietro. La liturgia sar\u00e0 presieduta dal cardinale decano Giovanni Battista Re. Al termine, la salma sar\u00e0 traslata alla Basilica di Santa Maria Maggiore, dove avverr\u00e0 la tumulazione.<\/p>\n<p data-start=\"666\" data-end=\"973\">Mercoled\u00ec 23 aprile, alle ore 9, il feretro di Papa Francesco verr\u00e0 trasportato dalla Cappella della Domus Sanctae Marthae fino alla Basilica Vaticana, dove sar\u00e0 esposto per l\u2019omaggio dei fedeli. La processione, guidata dal cardinale camerlengo Kevin Farrell, partir\u00e0 da Piazza Santa Marta attraversando Piazza dei Protomartiri Romani, fino ad arrivare all\u2019Altare della Confessione, dove si terr\u00e0 una Liturgia della Parola.<\/p>\n<p data-start=\"666\" data-end=\"973\">Nella bara, Papa Francesco \u00e8 stato vestito con la casula rossa, il simbolo liturgico dei martiri, il pallio e la mitra bianca. Tra le mani stringe un rosario, segno della sua devozione mariana. Un&#8217;immagine che commuove e che richiama la semplicit\u00e0 e la spiritualit\u00e0 che hanno contraddistinto il suo pontificato.<\/p>\n<p class=\"\" data-start=\"1930\" data-end=\"2268\">Oggi si \u00e8 conclusa la prima congregazione generale dei cardinali nell\u2019Aula del Sinodo, che ha definito le prime tappe organizzative per le esequie e il periodo successivo. Intanto, anche questa sera, marted\u00ec 22 aprile, alle 19:30 in Piazza San Pietro si terr\u00e0 il rosario comunitario, presieduto dal cardinale Mauro Gambetti.<\/p>\n<p class=\"\" data-start=\"2270\" data-end=\"2446\">Domenica 27 aprile, giorno dei novendiali, il cardinale Pietro Parolin celebrer\u00e0 una messa solenne a San Pietro alla quale sono invitati anche gli adolescenti del Giubileo.<\/p>\n<p data-start=\"2270\" data-end=\"2446\">Il presidente francese Emmanuel Macron, in visita all\u2019Isola della Riunione, ha dichiarato che parteciper\u00e0 personalmente ai funerali del Santo Padre: \u201cSaremo presenti, come \u00e8 giusto che sia\u201d.<\/p>\n<p class=\"\" data-start=\"2750\" data-end=\"2999\">A poche ore dalla sua scomparsa, \u00e8 stato diffuso un testo inedito di Papa Francesco: la prefazione al libro del cardinale Angelo Scola <em data-start=\"2889\" data-end=\"2952\">\u201cNell\u2019attesa di un nuovo inizio. Riflessioni sulla vecchiaia\u201d<\/em>. Parole che oggi risuonano ancora pi\u00f9 forti:<\/p>\n<blockquote data-start=\"3000\" data-end=\"3159\">\n<p class=\"\" data-start=\"3002\" data-end=\"3159\"><em data-start=\"3002\" data-end=\"3158\">\u201cLa morte non \u00e8 la fine di tutto, ma l\u2019inizio di qualcosa. \u00c8 un nuovo inizio [&#8230;] perch\u00e9 vivremo qualcosa che mai abbiamo vissuto pienamente: l\u2019eternit\u00e0\u201d<\/em>.<\/p>\n<\/blockquote>\n<p data-start=\"3002\" data-end=\"3159\">Con Papa Francesco si chiude un\u2019epoca segnata da semplicit\u00e0, dialogo e misericordia<strong data-start=\"3166\" data-end=\"3254\">.<\/strong> Il mondo si prepara a rendergli l\u2019ultimo omaggio, con il cuore colmo di gratitudine e preghiera.<\/p>\n","protected":false},"excerpt":{"rendered":"<p>Citt\u00e0 del Vaticano \u2013 Il mondo saluta Papa Francesco. Luned\u00ec 21 aprile, alle 7:35, il Pontefice \u00e8 morto nella sua residenza a Santa Marta a causa di un ictus cerebrale,&hellip;<\/p>\n","protected":false},"author":26,"featured_media":71733,"comment_status":"closed","ping_status":"open","sticky":false,"template":"","format":"standard","meta":{"_jetpack_memberships_contains_paid_content":false,"footnotes":"","jetpack_publicize_message":"","jetpack_publicize_feature_enabled":true,"jetpack_social_post_already_shared":true,"jetpack_social_options":{"image_generator_settings":{"template":"highway","default_image_id":0,"font":"","enabled":false},"version":2}},"categories":[150,152,196,42774],"tags":[38620,29731,42776,13321],"class_list":["post-71780","post","type-post","status-publish","format-standard","has-post-thumbnail","hentry","category-in-primo-piano","category-italia","category-news","category-papa-francesco","tag-citta-del-vaticano","tag-funerali","tag-morte-papa-francesco","tag-papa-francesco"],"yoast_head":"<!-- This site is optimized with the Yoast SEO plugin v27.2 - https:\/\/yoast.com\/product\/yoast-seo-wordpress\/ -->\n<title>Addio a Papa Francesco: funerali sabato 26 aprile a San Pietro<\/title>\n<meta name=\"description\" content=\"Il Pontefice si \u00e8 spento luned\u00ec mattina a 88 anni. Salma esposta da mercoled\u00ec 23 in Basilica. Luned\u00ec 26 i funerali di Papa Francesco\" \/>\n<meta name=\"robots\" content=\"index, follow, max-snippet:-1, max-image-preview:large, max-video-preview:-1\" \/>\n<link rel=\"canonical\" href=\"https:\/\/progettotouring.it\/radiotouring104\/2025\/04\/22\/addio-a-papa-francesco-funerali-sabato-26-aprile-in-piazza-san-pietro\/\" \/>\n<meta property=\"og:locale\" content=\"it_IT\" \/>\n<meta property=\"og:type\" content=\"article\" \/>\n<meta property=\"og:title\" content=\"Addio a Papa Francesco: funerali sabato 26 aprile a San Pietro\" \/>\n<meta property=\"og:description\" content=\"Il Pontefice si \u00e8 spento luned\u00ec mattina a 88 anni. Salma esposta da mercoled\u00ec 23 in Basilica. Luned\u00ec 26 i funerali di Papa Francesco\" \/>\n<meta property=\"og:url\" content=\"https:\/\/progettotouring.it\/radiotouring104\/2025\/04\/22\/addio-a-papa-francesco-funerali-sabato-26-aprile-in-piazza-san-pietro\/\" \/>\n<meta property=\"og:site_name\" content=\"Radio Touring 104\" \/>\n<meta property=\"article:published_time\" content=\"2025-04-22T09:44:35+00:00\" \/>\n<meta property=\"article:modified_time\" content=\"2025-04-22T16:45:56+00:00\" \/>\n<meta property=\"og:image\" content=\"https:\/\/progettotouring.it\/radiotouring104\/wp-content\/uploads\/sites\/6\/2025\/04\/funerali-papa-francesco.jpg\" \/>\n\t<meta property=\"og:image:width\" content=\"1920\" \/>\n\t<meta property=\"og:image:height\" content=\"1080\" \/>\n\t<meta property=\"og:image:type\" content=\"image\/jpeg\" \/>\n<meta name=\"author\" content=\"Olga Guerrisi\" \/>\n<meta name=\"twitter:card\" content=\"summary_large_image\" \/>\n<meta name=\"twitter:label1\" content=\"Scritto da\" \/>\n\t<meta name=\"twitter:data1\" content=\"Olga Guerrisi\" \/>\n\t<meta name=\"twitter:label2\" content=\"Tempo di lettura stimato\" \/>\n\t<meta name=\"twitter:data2\" content=\"2 minuti\" \/>\n<script type=\"application\/ld+json\" class=\"yoast-schema-graph\">{\"@context\":\"https:\/\/schema.org\",\"@graph\":[{\"@type\":\"Article\",\"@id\":\"https:\/\/progettotouring.it\/radiotouring104\/2025\/04\/22\/addio-a-papa-francesco-funerali-sabato-26-aprile-in-piazza-san-pietro\/#article\",\"isPartOf\":{\"@id\":\"https:\/\/progettotouring.it\/radiotouring104\/2025\/04\/22\/addio-a-papa-francesco-funerali-sabato-26-aprile-in-piazza-san-pietro\/\"},\"author\":{\"name\":\"Olga Guerrisi\",\"@id\":\"https:\/\/progettotouring.it\/radiotouring104\/#\/schema\/person\/98479df0b7de019b3c06d6bb272a0adf\"},\"headline\":\"Addio a Papa Francesco: funerali sabato 26 aprile in Piazza San Pietro\",\"datePublished\":\"2025-04-22T09:44:35+00:00\",\"dateModified\":\"2025-04-22T16:45:56+00:00\",\"mainEntityOfPage\":{\"@id\":\"https:\/\/progettotouring.it\/radiotouring104\/2025\/04\/22\/addio-a-papa-francesco-funerali-sabato-26-aprile-in-piazza-san-pietro\/\"},\"wordCount\":395,\"publisher\":{\"@id\":\"https:\/\/progettotouring.it\/radiotouring104\/#organization\"},\"image\":{\"@id\":\"https:\/\/progettotouring.it\/radiotouring104\/2025\/04\/22\/addio-a-papa-francesco-funerali-sabato-26-aprile-in-piazza-san-pietro\/#primaryimage\"},\"thumbnailUrl\":\"https:\/\/progettotouring.it\/radiotouring104\/wp-content\/uploads\/sites\/6\/2025\/04\/funerali-papa-francesco.jpg\",\"keywords\":[\"Citt\u00e0 del Vaticano\",\"Funerali\",\"morte papa francesco\",\"Papa Francesco\"],\"articleSection\":[\"In primo piano\",\"Italia\",\"News\",\"PAPA FRANCESCO\"],\"inLanguage\":\"it-IT\"},{\"@type\":\"WebPage\",\"@id\":\"https:\/\/progettotouring.it\/radiotouring104\/2025\/04\/22\/addio-a-papa-francesco-funerali-sabato-26-aprile-in-piazza-san-pietro\/\",\"url\":\"https:\/\/progettotouring.it\/radiotouring104\/2025\/04\/22\/addio-a-papa-francesco-funerali-sabato-26-aprile-in-piazza-san-pietro\/\",\"name\":\"Addio a Papa Francesco: funerali sabato 26 aprile a San Pietro\",\"isPartOf\":{\"@id\":\"https:\/\/progettotouring.it\/radiotouring104\/#website\"},\"primaryImageOfPage\":{\"@id\":\"https:\/\/progettotouring.it\/radiotouring104\/2025\/04\/22\/addio-a-papa-francesco-funerali-sabato-26-aprile-in-piazza-san-pietro\/#primaryimage\"},\"image\":{\"@id\":\"https:\/\/progettotouring.it\/radiotouring104\/2025\/04\/22\/addio-a-papa-francesco-funerali-sabato-26-aprile-in-piazza-san-pietro\/#primaryimage\"},\"thumbnailUrl\":\"https:\/\/progettotouring.it\/radiotouring104\/wp-content\/uploads\/sites\/6\/2025\/04\/funerali-papa-francesco.jpg\",\"datePublished\":\"2025-04-22T09:44:35+00:00\",\"dateModified\":\"2025-04-22T16:45:56+00:00\",\"description\":\"Il Pontefice si \u00e8 spento luned\u00ec mattina a 88 anni. Salma esposta da mercoled\u00ec 23 in Basilica. Luned\u00ec 26 i funerali di Papa Francesco\",\"breadcrumb\":{\"@id\":\"https:\/\/progettotouring.it\/radiotouring104\/2025\/04\/22\/addio-a-papa-francesco-funerali-sabato-26-aprile-in-piazza-san-pietro\/#breadcrumb\"},\"inLanguage\":\"it-IT\",\"potentialAction\":[{\"@type\":\"ReadAction\",\"target\":[\"https:\/\/progettotouring.it\/radiotouring104\/2025\/04\/22\/addio-a-papa-francesco-funerali-sabato-26-aprile-in-piazza-san-pietro\/\"]}]},{\"@type\":\"ImageObject\",\"inLanguage\":\"it-IT\",\"@id\":\"https:\/\/progettotouring.it\/radiotouring104\/2025\/04\/22\/addio-a-papa-francesco-funerali-sabato-26-aprile-in-piazza-san-pietro\/#primaryimage\",\"url\":\"https:\/\/progettotouring.it\/radiotouring104\/wp-content\/uploads\/sites\/6\/2025\/04\/funerali-papa-francesco.jpg\",\"contentUrl\":\"https:\/\/progettotouring.it\/radiotouring104\/wp-content\/uploads\/sites\/6\/2025\/04\/funerali-papa-francesco.jpg\",\"width\":1920,\"height\":1080},{\"@type\":\"BreadcrumbList\",\"@id\":\"https:\/\/progettotouring.it\/radiotouring104\/2025\/04\/22\/addio-a-papa-francesco-funerali-sabato-26-aprile-in-piazza-san-pietro\/#breadcrumb\",\"itemListElement\":[{\"@type\":\"ListItem\",\"position\":1,\"name\":\"Home\",\"item\":\"https:\/\/progettotouring.it\/radiotouring104\/\"},{\"@type\":\"ListItem\",\"position\":2,\"name\":\"Addio a Papa Francesco: funerali sabato 26 aprile in Piazza San Pietro\"}]},{\"@type\":\"WebSite\",\"@id\":\"https:\/\/progettotouring.it\/radiotouring104\/#website\",\"url\":\"https:\/\/progettotouring.it\/radiotouring104\/\",\"name\":\"Radio Touring 104\",\"description\":\"La prima radio Reggina\",\"publisher\":{\"@id\":\"https:\/\/progettotouring.it\/radiotouring104\/#organization\"},\"potentialAction\":[{\"@type\":\"SearchAction\",\"target\":{\"@type\":\"EntryPoint\",\"urlTemplate\":\"https:\/\/progettotouring.it\/radiotouring104\/?s={search_term_string}\"},\"query-input\":{\"@type\":\"PropertyValueSpecification\",\"valueRequired\":true,\"valueName\":\"search_term_string\"}}],\"inLanguage\":\"it-IT\"},{\"@type\":\"Organization\",\"@id\":\"https:\/\/progettotouring.it\/radiotouring104\/#organization\",\"name\":\"Radio Touring 104\",\"url\":\"https:\/\/progettotouring.it\/radiotouring104\/\",\"logo\":{\"@type\":\"ImageObject\",\"inLanguage\":\"it-IT\",\"@id\":\"https:\/\/progettotouring.it\/radiotouring104\/#\/schema\/logo\/image\/\",\"url\":\"https:\/\/progettotouring.it\/radiotouring104\/wp-content\/uploads\/sites\/6\/2022\/02\/cropped-logo-radio-touring-104.png\",\"contentUrl\":\"https:\/\/progettotouring.it\/radiotouring104\/wp-content\/uploads\/sites\/6\/2022\/02\/cropped-logo-radio-touring-104.png\",\"width\":377,\"height\":182,\"caption\":\"Radio Touring 104\"},\"image\":{\"@id\":\"https:\/\/progettotouring.it\/radiotouring104\/#\/schema\/logo\/image\/\"}},{\"@type\":\"Person\",\"@id\":\"https:\/\/progettotouring.it\/radiotouring104\/#\/schema\/person\/98479df0b7de019b3c06d6bb272a0adf\",\"name\":\"Olga Guerrisi\",\"image\":{\"@type\":\"ImageObject\",\"inLanguage\":\"it-IT\",\"@id\":\"https:\/\/secure.gravatar.com\/avatar\/9dab62960e02b81ed05da6f998de9c9657a30b82d4c5993fbf913fc5693f793d?s=96&d=mm&r=g\",\"url\":\"https:\/\/secure.gravatar.com\/avatar\/9dab62960e02b81ed05da6f998de9c9657a30b82d4c5993fbf913fc5693f793d?s=96&d=mm&r=g\",\"contentUrl\":\"https:\/\/secure.gravatar.com\/avatar\/9dab62960e02b81ed05da6f998de9c9657a30b82d4c5993fbf913fc5693f793d?s=96&d=mm&r=g\",\"caption\":\"Olga Guerrisi\"},\"url\":\"https:\/\/progettotouring.it\/radiotouring104\/author\/olga\/\"}]}<\/script>\n<!-- \/ Yoast SEO plugin. -->","yoast_head_json":{"title":"Addio a Papa Francesco: funerali sabato 26 aprile a San Pietro","description":"Il Pontefice si \u00e8 spento luned\u00ec mattina a 88 anni. Salma esposta da mercoled\u00ec 23 in Basilica. Luned\u00ec 26 i funerali di Papa Francesco","robots":{"index":"index","follow":"follow","max-snippet":"max-snippet:-1","max-image-preview":"max-image-preview:large","max-video-preview":"max-video-preview:-1"},"canonical":"https:\/\/progettotouring.it\/radiotouring104\/2025\/04\/22\/addio-a-papa-francesco-funerali-sabato-26-aprile-in-piazza-san-pietro\/","og_locale":"it_IT","og_type":"article","og_title":"Addio a Papa Francesco: funerali sabato 26 aprile a San Pietro","og_description":"Il Pontefice si \u00e8 spento luned\u00ec mattina a 88 anni. Salma esposta da mercoled\u00ec 23 in Basilica. Luned\u00ec 26 i funerali di Papa Francesco","og_url":"https:\/\/progettotouring.it\/radiotouring104\/2025\/04\/22\/addio-a-papa-francesco-funerali-sabato-26-aprile-in-piazza-san-pietro\/","og_site_name":"Radio Touring 104","article_published_time":"2025-04-22T09:44:35+00:00","article_modified_time":"2025-04-22T16:45:56+00:00","og_image":[{"width":1920,"height":1080,"url":"https:\/\/progettotouring.it\/radiotouring104\/wp-content\/uploads\/sites\/6\/2025\/04\/funerali-papa-francesco.jpg","type":"image\/jpeg"}],"author":"Olga Guerrisi","twitter_card":"summary_large_image","twitter_misc":{"Scritto da":"Olga Guerrisi","Tempo di lettura stimato":"2 minuti"},"schema":{"@context":"https:\/\/schema.org","@graph":[{"@type":"Article","@id":"https:\/\/progettotouring.it\/radiotouring104\/2025\/04\/22\/addio-a-papa-francesco-funerali-sabato-26-aprile-in-piazza-san-pietro\/#article","isPartOf":{"@id":"https:\/\/progettotouring.it\/radiotouring104\/2025\/04\/22\/addio-a-papa-francesco-funerali-sabato-26-aprile-in-piazza-san-pietro\/"},"author":{"name":"Olga Guerrisi","@id":"https:\/\/progettotouring.it\/radiotouring104\/#\/schema\/person\/98479df0b7de019b3c06d6bb272a0adf"},"headline":"Addio a Papa Francesco: funerali sabato 26 aprile in Piazza San Pietro","datePublished":"2025-04-22T09:44:35+00:00","dateModified":"2025-04-22T16:45:56+00:00","mainEntityOfPage":{"@id":"https:\/\/progettotouring.it\/radiotouring104\/2025\/04\/22\/addio-a-papa-francesco-funerali-sabato-26-aprile-in-piazza-san-pietro\/"},"wordCount":395,"publisher":{"@id":"https:\/\/progettotouring.it\/radiotouring104\/#organization"},"image":{"@id":"https:\/\/progettotouring.it\/radiotouring104\/2025\/04\/22\/addio-a-papa-francesco-funerali-sabato-26-aprile-in-piazza-san-pietro\/#primaryimage"},"thumbnailUrl":"https:\/\/progettotouring.it\/radiotouring104\/wp-content\/uploads\/sites\/6\/2025\/04\/funerali-papa-francesco.jpg","keywords":["Citt\u00e0 del Vaticano","Funerali","morte papa francesco","Papa Francesco"],"articleSection":["In primo piano","Italia","News","PAPA FRANCESCO"],"inLanguage":"it-IT"},{"@type":"WebPage","@id":"https:\/\/progettotouring.it\/radiotouring104\/2025\/04\/22\/addio-a-papa-francesco-funerali-sabato-26-aprile-in-piazza-san-pietro\/","url":"https:\/\/progettotouring.it\/radiotouring104\/2025\/04\/22\/addio-a-papa-francesco-funerali-sabato-26-aprile-in-piazza-san-pietro\/","name":"Addio a Papa Francesco: funerali sabato 26 aprile a San Pietro","isPartOf":{"@id":"https:\/\/progettotouring.it\/radiotouring104\/#website"},"primaryImageOfPage":{"@id":"https:\/\/progettotouring.it\/radiotouring104\/2025\/04\/22\/addio-a-papa-francesco-funerali-sabato-26-aprile-in-piazza-san-pietro\/#primaryimage"},"image":{"@id":"https:\/\/progettotouring.it\/radiotouring104\/2025\/04\/22\/addio-a-papa-francesco-funerali-sabato-26-aprile-in-piazza-san-pietro\/#primaryimage"},"thumbnailUrl":"https:\/\/progettotouring.it\/radiotouring104\/wp-content\/uploads\/sites\/6\/2025\/04\/funerali-papa-francesco.jpg","datePublished":"2025-04-22T09:44:35+00:00","dateModified":"2025-04-22T16:45:56+00:00","description":"Il Pontefice si \u00e8 spento luned\u00ec mattina a 88 anni. Salma esposta da mercoled\u00ec 23 in Basilica. Luned\u00ec 26 i funerali di Papa Francesco","breadcrumb":{"@id":"https:\/\/progettotouring.it\/radiotouring104\/2025\/04\/22\/addio-a-papa-francesco-funerali-sabato-26-aprile-in-piazza-san-pietro\/#breadcrumb"},"inLanguage":"it-IT","potentialAction":[{"@type":"ReadAction","target":["https:\/\/progettotouring.it\/radiotouring104\/2025\/04\/22\/addio-a-papa-francesco-funerali-sabato-26-aprile-in-piazza-san-pietro\/"]}]},{"@type":"ImageObject","inLanguage":"it-IT","@id":"https:\/\/progettotouring.it\/radiotouring104\/2025\/04\/22\/addio-a-papa-francesco-funerali-sabato-26-aprile-in-piazza-san-pietro\/#primaryimage","url":"https:\/\/progettotouring.it\/radiotouring104\/wp-content\/uploads\/sites\/6\/2025\/04\/funerali-papa-francesco.jpg","contentUrl":"https:\/\/progettotouring.it\/radiotouring104\/wp-content\/uploads\/sites\/6\/2025\/04\/funerali-papa-francesco.jpg","width":1920,"height":1080},{"@type":"BreadcrumbList","@id":"https:\/\/progettotouring.it\/radiotouring104\/2025\/04\/22\/addio-a-papa-francesco-funerali-sabato-26-aprile-in-piazza-san-pietro\/#breadcrumb","itemListElement":[{"@type":"ListItem","position":1,"name":"Home","item":"https:\/\/progettotouring.it\/radiotouring104\/"},{"@type":"ListItem","position":2,"name":"Addio a Papa Francesco: funerali sabato 26 aprile in Piazza San Pietro"}]},{"@type":"WebSite","@id":"https:\/\/progettotouring.it\/radiotouring104\/#website","url":"https:\/\/progettotouring.it\/radiotouring104\/","name":"Radio Touring 104","description":"La prima radio Reggina","publisher":{"@id":"https:\/\/progettotouring.it\/radiotouring104\/#organization"},"potentialAction":[{"@type":"SearchAction","target":{"@type":"EntryPoint","urlTemplate":"https:\/\/progettotouring.it\/radiotouring104\/?s={search_term_string}"},"query-input":{"@type":"PropertyValueSpecification","valueRequired":true,"valueName":"search_term_string"}}],"inLanguage":"it-IT"},{"@type":"Organization","@id":"https:\/\/progettotouring.it\/radiotouring104\/#organization","name":"Radio Touring 104","url":"https:\/\/progettotouring.it\/radiotouring104\/","logo":{"@type":"ImageObject","inLanguage":"it-IT","@id":"https:\/\/progettotouring.it\/radiotouring104\/#\/schema\/logo\/image\/","url":"https:\/\/progettotouring.it\/radiotouring104\/wp-content\/uploads\/sites\/6\/2022\/02\/cropped-logo-radio-touring-104.png","contentUrl":"https:\/\/progettotouring.it\/radiotouring104\/wp-content\/uploads\/sites\/6\/2022\/02\/cropped-logo-radio-touring-104.png","width":377,"height":182,"caption":"Radio Touring 104"},"image":{"@id":"https:\/\/progettotouring.it\/radiotouring104\/#\/schema\/logo\/image\/"}},{"@type":"Person","@id":"https:\/\/progettotouring.it\/radiotouring104\/#\/schema\/person\/98479df0b7de019b3c06d6bb272a0adf","name":"Olga Guerrisi","image":{"@type":"ImageObject","inLanguage":"it-IT","@id":"https:\/\/secure.gravatar.com\/avatar\/9dab62960e02b81ed05da6f998de9c9657a30b82d4c5993fbf913fc5693f793d?s=96&d=mm&r=g","url":"https:\/\/secure.gravatar.com\/avatar\/9dab62960e02b81ed05da6f998de9c9657a30b82d4c5993fbf913fc5693f793d?s=96&d=mm&r=g","contentUrl":"https:\/\/secure.gravatar.com\/avatar\/9dab62960e02b81ed05da6f998de9c9657a30b82d4c5993fbf913fc5693f793d?s=96&d=mm&r=g","caption":"Olga Guerrisi"},"url":"https:\/\/progettotouring.it\/radiotouring104\/author\/olga\/"}]}},"jetpack_publicize_connections":[],"jetpack_featured_media_url":"https:\/\/progettotouring.it\/radiotouring104\/wp-content\/uploads\/sites\/6\/2025\/04\/funerali-papa-francesco.jpg","jetpack_sharing_enabled":true,"_links":{"self":[{"href":"https:\/\/progettotouring.it\/radiotouring104\/wp-json\/wp\/v2\/posts\/71780","targetHints":{"allow":["GET"]}}],"collection":[{"href":"https:\/\/progettotouring.it\/radiotouring104\/wp-json\/wp\/v2\/posts"}],"about":[{"href":"https:\/\/progettotouring.it\/radiotouring104\/wp-json\/wp\/v2\/types\/post"}],"author":[{"embeddable":true,"href":"https:\/\/progettotouring.it\/radiotouring104\/wp-json\/wp\/v2\/users\/26"}],"replies":[{"embeddable":true,"href":"https:\/\/progettotouring.it\/radiotouring104\/wp-json\/wp\/v2\/comments?post=71780"}],"version-history":[{"count":1,"href":"https:\/\/progettotouring.it\/radiotouring104\/wp-json\/wp\/v2\/posts\/71780\/revisions"}],"predecessor-version":[{"id":71794,"href":"https:\/\/progettotouring.it\/radiotouring104\/wp-json\/wp\/v2\/posts\/71780\/revisions\/71794"}],"wp:featuredmedia":[{"embeddable":true,"href":"https:\/\/progettotouring.it\/radiotouring104\/wp-json\/wp\/v2\/media\/71733"}],"wp:attachment":[{"href":"https:\/\/progettotouring.it\/radiotouring104\/wp-json\/wp\/v2\/media?parent=71780"}],"wp:term":[{"taxonomy":"category","embeddable":true,"href":"https:\/\/progettotouring.it\/radiotouring104\/wp-json\/wp\/v2\/categories?post=71780"},{"taxonomy":"post_tag","embeddable":true,"href":"https:\/\/progettotouring.it\/radiotouring104\/wp-json\/wp\/v2\/tags?post=71780"}],"curies":[{"name":"wp","href":"https:\/\/api.w.org\/{rel}","templated":true}]}}