{"id":71785,"date":"2025-04-22T12:29:23","date_gmt":"2025-04-22T10:29:23","guid":{"rendered":"https:\/\/progettotouring.it\/radiotouring104\/?p=71785"},"modified":"2025-04-22T19:01:59","modified_gmt":"2025-04-22T17:01:59","slug":"il-migrante-il-rivoluzionario-il-papa-degli-ultimi-ecco-chi-e-stato-papa-francesco","status":"publish","type":"post","link":"https:\/\/progettotouring.it\/radiotouring104\/2025\/04\/22\/il-migrante-il-rivoluzionario-il-papa-degli-ultimi-ecco-chi-e-stato-papa-francesco\/","title":{"rendered":"Il migrante, il rivoluzionario, il Papa degli ultimi: ecco chi \u00e8 stato Papa Francesco"},"content":{"rendered":"<p>L&#8217;hanno chiamato &#8220;il Papa degli ultimi&#8221; e cos\u00ec verr\u00e0 ricordato nella memoria storica del mondo. Ma lui era prima di tutto Jorge Mario Bergoglio, un italo-argentino, figlio di migranti, che il 13 marzo del 2013 ha il coraggio di accettare l&#8217;incarico di guidare la Chiesa, e prende il nome, inedito, di Papa Francesco.<br \/>\nCos\u00ec come il Santo di cui volle ereditare il nome, Bergoglio si mostra subito come un personaggio religioso e storico inedito, a tratti scomodo, sicuramente umano. Il suo pontificato \u00e8 costellato di importanti svolte tese a rendere la Chiesa pi\u00f9 moderna e accogliente, la sua amata &#8220;Chiesa dalle Porte aperte&#8221;: una chiesa che accoglie, che non isola e non allontana, che mette sempre di pi\u00f9 Cristo al centro, che non chiude gli occhi davanti alla sofferenza ma lotta e tende la mano a chi nella sofferenza vera \u00e8 costretto a vivere ogni giorno. Un tema caro a Bergoglio, le cui origini ricalcano il presente di popoli in fuga, di disgrazie in mare, di destini che la maggior parte delle volte frantumano le speranze di una vita migliore in una morte ingiusta. Testimone della storia, icona di momenti che non verranno mai dimenticati come l&#8217;isolamento e la pandemia. L&#8217;abbiamo visto pregare solo, soffrire per il dolore del popolo di Dio.<br \/>\nUn papa viaggiatore, che va personalmente fino in capo al mondo a dimostrare il proprio sostegno anche in paesi dimenticati, accanto ad autorit\u00e0 religiose diverse, nel corso di ben 30 viaggi in 12 anni.<br \/>\nUn papa comunicatore, che riconosce l&#8217;importanza dei mezzi di comunicazione e dei suoi operatori, e che a sua volta prova mille linguaggi diversi per portare avanti il messaggio di Cristo.<br \/>\nUn papa umano, una persona comune, che va a comprare nei negozi, che telefona alla gente, che tifa e si commuove.<br \/>\nNon basterebbero mille documentari per rendere giustizia all&#8217;operato di Papa Francesco, un papa capace di far stringere il mondo in un grande silenzioso abbraccio anche adesso, esanime nella sua bara di legno, anch&#8217;essa scelta appositamente per spezzare col passato, per dire alla Chiesa basta con gli eccessi, si torna all&#8217;essenziale, si torna a dare valore alla vita in quanto vita e dono di Dio.<br \/>\nUn abbraccio silenzioso che i fedeli potranno dare a Papa Francesco a partire da domani, mercoled\u00ec 23 aprile, durante l&#8217;esposizione della bara aperta in san pietro, in attesa dei funerali ufficializzati per sabato 26 aprile alle 10, presto la stessa basilica romana.<br \/>\nSar\u00e0 l&#8217;ultimo addio a Papa Francesco, il papa degli ultimi, che fino all&#8217;ultimo giorno ha messo al centro il popolo di Dio, e l&#8217;ha servito nella fede e nella sofferenza, ultimo capitolo di un&#8217;intera vita offerta come dono.<\/p>\n","protected":false},"excerpt":{"rendered":"<p>L&#8217;hanno chiamato &#8220;il Papa degli ultimi&#8221; e cos\u00ec verr\u00e0 ricordato nella memoria storica del mondo. Ma lui era prima di tutto Jorge Mario Bergoglio, un italo-argentino, figlio di migranti, che&hellip;<\/p>\n","protected":false},"author":1,"featured_media":71835,"comment_status":"closed","ping_status":"open","sticky":false,"template":"","format":"standard","meta":{"_jetpack_memberships_contains_paid_content":false,"footnotes":"","jetpack_publicize_message":"","jetpack_publicize_feature_enabled":true,"jetpack_social_post_already_shared":true,"jetpack_social_options":{"image_generator_settings":{"template":"highway","default_image_id":0,"font":"","enabled":false},"version":2}},"categories":[150,196,42774],"tags":[],"class_list":["post-71785","post","type-post","status-publish","format-standard","has-post-thumbnail","hentry","category-in-primo-piano","category-news","category-papa-francesco"],"yoast_head":"<!-- This site is optimized with the Yoast SEO plugin v27.2 - https:\/\/yoast.com\/product\/yoast-seo-wordpress\/ -->\n<title>Il migrante, il rivoluzionario, il Papa degli ultimi: ecco chi \u00e8 stato Papa Francesco - Radio Touring 104<\/title>\n<meta name=\"robots\" content=\"index, follow, max-snippet:-1, max-image-preview:large, max-video-preview:-1\" \/>\n<link rel=\"canonical\" href=\"https:\/\/progettotouring.it\/radiotouring104\/2025\/04\/22\/il-migrante-il-rivoluzionario-il-papa-degli-ultimi-ecco-chi-e-stato-papa-francesco\/\" \/>\n<meta property=\"og:locale\" content=\"it_IT\" \/>\n<meta property=\"og:type\" content=\"article\" \/>\n<meta property=\"og:title\" content=\"Il migrante, il rivoluzionario, il Papa degli ultimi: ecco chi \u00e8 stato Papa Francesco - Radio Touring 104\" \/>\n<meta property=\"og:description\" content=\"L&#8217;hanno chiamato &#8220;il Papa degli ultimi&#8221; e cos\u00ec verr\u00e0 ricordato nella memoria storica del mondo. Ma lui era prima di tutto Jorge Mario Bergoglio, un italo-argentino, figlio di migranti, che&hellip;\" \/>\n<meta property=\"og:url\" content=\"https:\/\/progettotouring.it\/radiotouring104\/2025\/04\/22\/il-migrante-il-rivoluzionario-il-papa-degli-ultimi-ecco-chi-e-stato-papa-francesco\/\" \/>\n<meta property=\"og:site_name\" content=\"Radio Touring 104\" \/>\n<meta property=\"article:published_time\" content=\"2025-04-22T10:29:23+00:00\" \/>\n<meta property=\"article:modified_time\" content=\"2025-04-22T17:01:59+00:00\" \/>\n<meta property=\"og:image\" content=\"https:\/\/progettotouring.it\/radiotouring104\/wp-content\/uploads\/sites\/6\/2025\/04\/pope-francis-1784304_1280.jpg\" \/>\n\t<meta property=\"og:image:width\" content=\"1280\" \/>\n\t<meta property=\"og:image:height\" content=\"960\" \/>\n\t<meta property=\"og:image:type\" content=\"image\/jpeg\" \/>\n<meta name=\"author\" content=\"Chiara Cucinotta\" \/>\n<meta name=\"twitter:card\" content=\"summary_large_image\" \/>\n<meta name=\"twitter:label1\" content=\"Scritto da\" \/>\n\t<meta name=\"twitter:data1\" content=\"Chiara Cucinotta\" \/>\n\t<meta name=\"twitter:label2\" content=\"Tempo di lettura stimato\" \/>\n\t<meta name=\"twitter:data2\" content=\"2 minuti\" \/>\n<script type=\"application\/ld+json\" class=\"yoast-schema-graph\">{\"@context\":\"https:\/\/schema.org\",\"@graph\":[{\"@type\":\"Article\",\"@id\":\"https:\/\/progettotouring.it\/radiotouring104\/2025\/04\/22\/il-migrante-il-rivoluzionario-il-papa-degli-ultimi-ecco-chi-e-stato-papa-francesco\/#article\",\"isPartOf\":{\"@id\":\"https:\/\/progettotouring.it\/radiotouring104\/2025\/04\/22\/il-migrante-il-rivoluzionario-il-papa-degli-ultimi-ecco-chi-e-stato-papa-francesco\/\"},\"author\":{\"name\":\"Chiara Cucinotta\",\"@id\":\"https:\/\/progettotouring.it\/radiotouring104\/#\/schema\/person\/f01f189b71df20dcfc0890eea7e67a0e\"},\"headline\":\"Il migrante, il rivoluzionario, il Papa degli ultimi: ecco chi \u00e8 stato Papa Francesco\",\"datePublished\":\"2025-04-22T10:29:23+00:00\",\"dateModified\":\"2025-04-22T17:01:59+00:00\",\"mainEntityOfPage\":{\"@id\":\"https:\/\/progettotouring.it\/radiotouring104\/2025\/04\/22\/il-migrante-il-rivoluzionario-il-papa-degli-ultimi-ecco-chi-e-stato-papa-francesco\/\"},\"wordCount\":445,\"publisher\":{\"@id\":\"https:\/\/progettotouring.it\/radiotouring104\/#organization\"},\"image\":{\"@id\":\"https:\/\/progettotouring.it\/radiotouring104\/2025\/04\/22\/il-migrante-il-rivoluzionario-il-papa-degli-ultimi-ecco-chi-e-stato-papa-francesco\/#primaryimage\"},\"thumbnailUrl\":\"https:\/\/progettotouring.it\/radiotouring104\/wp-content\/uploads\/sites\/6\/2025\/04\/pope-francis-1784304_1280.jpg\",\"articleSection\":[\"In primo piano\",\"News\",\"PAPA FRANCESCO\"],\"inLanguage\":\"it-IT\"},{\"@type\":\"WebPage\",\"@id\":\"https:\/\/progettotouring.it\/radiotouring104\/2025\/04\/22\/il-migrante-il-rivoluzionario-il-papa-degli-ultimi-ecco-chi-e-stato-papa-francesco\/\",\"url\":\"https:\/\/progettotouring.it\/radiotouring104\/2025\/04\/22\/il-migrante-il-rivoluzionario-il-papa-degli-ultimi-ecco-chi-e-stato-papa-francesco\/\",\"name\":\"Il migrante, il rivoluzionario, il Papa degli ultimi: ecco chi \u00e8 stato Papa Francesco - Radio Touring 104\",\"isPartOf\":{\"@id\":\"https:\/\/progettotouring.it\/radiotouring104\/#website\"},\"primaryImageOfPage\":{\"@id\":\"https:\/\/progettotouring.it\/radiotouring104\/2025\/04\/22\/il-migrante-il-rivoluzionario-il-papa-degli-ultimi-ecco-chi-e-stato-papa-francesco\/#primaryimage\"},\"image\":{\"@id\":\"https:\/\/progettotouring.it\/radiotouring104\/2025\/04\/22\/il-migrante-il-rivoluzionario-il-papa-degli-ultimi-ecco-chi-e-stato-papa-francesco\/#primaryimage\"},\"thumbnailUrl\":\"https:\/\/progettotouring.it\/radiotouring104\/wp-content\/uploads\/sites\/6\/2025\/04\/pope-francis-1784304_1280.jpg\",\"datePublished\":\"2025-04-22T10:29:23+00:00\",\"dateModified\":\"2025-04-22T17:01:59+00:00\",\"breadcrumb\":{\"@id\":\"https:\/\/progettotouring.it\/radiotouring104\/2025\/04\/22\/il-migrante-il-rivoluzionario-il-papa-degli-ultimi-ecco-chi-e-stato-papa-francesco\/#breadcrumb\"},\"inLanguage\":\"it-IT\",\"potentialAction\":[{\"@type\":\"ReadAction\",\"target\":[\"https:\/\/progettotouring.it\/radiotouring104\/2025\/04\/22\/il-migrante-il-rivoluzionario-il-papa-degli-ultimi-ecco-chi-e-stato-papa-francesco\/\"]}]},{\"@type\":\"ImageObject\",\"inLanguage\":\"it-IT\",\"@id\":\"https:\/\/progettotouring.it\/radiotouring104\/2025\/04\/22\/il-migrante-il-rivoluzionario-il-papa-degli-ultimi-ecco-chi-e-stato-papa-francesco\/#primaryimage\",\"url\":\"https:\/\/progettotouring.it\/radiotouring104\/wp-content\/uploads\/sites\/6\/2025\/04\/pope-francis-1784304_1280.jpg\",\"contentUrl\":\"https:\/\/progettotouring.it\/radiotouring104\/wp-content\/uploads\/sites\/6\/2025\/04\/pope-francis-1784304_1280.jpg\",\"width\":1280,\"height\":960},{\"@type\":\"BreadcrumbList\",\"@id\":\"https:\/\/progettotouring.it\/radiotouring104\/2025\/04\/22\/il-migrante-il-rivoluzionario-il-papa-degli-ultimi-ecco-chi-e-stato-papa-francesco\/#breadcrumb\",\"itemListElement\":[{\"@type\":\"ListItem\",\"position\":1,\"name\":\"Home\",\"item\":\"https:\/\/progettotouring.it\/radiotouring104\/\"},{\"@type\":\"ListItem\",\"position\":2,\"name\":\"Il migrante, il rivoluzionario, il Papa degli ultimi: ecco chi \u00e8 stato Papa Francesco\"}]},{\"@type\":\"WebSite\",\"@id\":\"https:\/\/progettotouring.it\/radiotouring104\/#website\",\"url\":\"https:\/\/progettotouring.it\/radiotouring104\/\",\"name\":\"Radio Touring 104\",\"description\":\"La prima radio Reggina\",\"publisher\":{\"@id\":\"https:\/\/progettotouring.it\/radiotouring104\/#organization\"},\"potentialAction\":[{\"@type\":\"SearchAction\",\"target\":{\"@type\":\"EntryPoint\",\"urlTemplate\":\"https:\/\/progettotouring.it\/radiotouring104\/?s={search_term_string}\"},\"query-input\":{\"@type\":\"PropertyValueSpecification\",\"valueRequired\":true,\"valueName\":\"search_term_string\"}}],\"inLanguage\":\"it-IT\"},{\"@type\":\"Organization\",\"@id\":\"https:\/\/progettotouring.it\/radiotouring104\/#organization\",\"name\":\"Radio Touring 104\",\"url\":\"https:\/\/progettotouring.it\/radiotouring104\/\",\"logo\":{\"@type\":\"ImageObject\",\"inLanguage\":\"it-IT\",\"@id\":\"https:\/\/progettotouring.it\/radiotouring104\/#\/schema\/logo\/image\/\",\"url\":\"https:\/\/progettotouring.it\/radiotouring104\/wp-content\/uploads\/sites\/6\/2022\/02\/cropped-logo-radio-touring-104.png\",\"contentUrl\":\"https:\/\/progettotouring.it\/radiotouring104\/wp-content\/uploads\/sites\/6\/2022\/02\/cropped-logo-radio-touring-104.png\",\"width\":377,\"height\":182,\"caption\":\"Radio Touring 104\"},\"image\":{\"@id\":\"https:\/\/progettotouring.it\/radiotouring104\/#\/schema\/logo\/image\/\"}},{\"@type\":\"Person\",\"@id\":\"https:\/\/progettotouring.it\/radiotouring104\/#\/schema\/person\/f01f189b71df20dcfc0890eea7e67a0e\",\"name\":\"Chiara Cucinotta\",\"image\":{\"@type\":\"ImageObject\",\"inLanguage\":\"it-IT\",\"@id\":\"https:\/\/secure.gravatar.com\/avatar\/efe17e5613fdef9b05741a23cd4ef4e9b1c39955d8fe11176cb1da3641c96104?s=96&d=mm&r=g\",\"url\":\"https:\/\/secure.gravatar.com\/avatar\/efe17e5613fdef9b05741a23cd4ef4e9b1c39955d8fe11176cb1da3641c96104?s=96&d=mm&r=g\",\"contentUrl\":\"https:\/\/secure.gravatar.com\/avatar\/efe17e5613fdef9b05741a23cd4ef4e9b1c39955d8fe11176cb1da3641c96104?s=96&d=mm&r=g\",\"caption\":\"Chiara Cucinotta\"},\"sameAs\":[\"https:\/\/progettotouring.it\"],\"url\":\"https:\/\/progettotouring.it\/radiotouring104\/author\/auranex\/\"}]}<\/script>\n<!-- \/ Yoast SEO plugin. -->","yoast_head_json":{"title":"Il migrante, il rivoluzionario, il Papa degli ultimi: ecco chi \u00e8 stato Papa Francesco - Radio Touring 104","robots":{"index":"index","follow":"follow","max-snippet":"max-snippet:-1","max-image-preview":"max-image-preview:large","max-video-preview":"max-video-preview:-1"},"canonical":"https:\/\/progettotouring.it\/radiotouring104\/2025\/04\/22\/il-migrante-il-rivoluzionario-il-papa-degli-ultimi-ecco-chi-e-stato-papa-francesco\/","og_locale":"it_IT","og_type":"article","og_title":"Il migrante, il rivoluzionario, il Papa degli ultimi: ecco chi \u00e8 stato Papa Francesco - Radio Touring 104","og_description":"L&#8217;hanno chiamato &#8220;il Papa degli ultimi&#8221; e cos\u00ec verr\u00e0 ricordato nella memoria storica del mondo. Ma lui era prima di tutto Jorge Mario Bergoglio, un italo-argentino, figlio di migranti, che&hellip;","og_url":"https:\/\/progettotouring.it\/radiotouring104\/2025\/04\/22\/il-migrante-il-rivoluzionario-il-papa-degli-ultimi-ecco-chi-e-stato-papa-francesco\/","og_site_name":"Radio Touring 104","article_published_time":"2025-04-22T10:29:23+00:00","article_modified_time":"2025-04-22T17:01:59+00:00","og_image":[{"width":1280,"height":960,"url":"https:\/\/progettotouring.it\/radiotouring104\/wp-content\/uploads\/sites\/6\/2025\/04\/pope-francis-1784304_1280.jpg","type":"image\/jpeg"}],"author":"Chiara Cucinotta","twitter_card":"summary_large_image","twitter_misc":{"Scritto da":"Chiara Cucinotta","Tempo di lettura stimato":"2 minuti"},"schema":{"@context":"https:\/\/schema.org","@graph":[{"@type":"Article","@id":"https:\/\/progettotouring.it\/radiotouring104\/2025\/04\/22\/il-migrante-il-rivoluzionario-il-papa-degli-ultimi-ecco-chi-e-stato-papa-francesco\/#article","isPartOf":{"@id":"https:\/\/progettotouring.it\/radiotouring104\/2025\/04\/22\/il-migrante-il-rivoluzionario-il-papa-degli-ultimi-ecco-chi-e-stato-papa-francesco\/"},"author":{"name":"Chiara Cucinotta","@id":"https:\/\/progettotouring.it\/radiotouring104\/#\/schema\/person\/f01f189b71df20dcfc0890eea7e67a0e"},"headline":"Il migrante, il rivoluzionario, il Papa degli ultimi: ecco chi \u00e8 stato Papa Francesco","datePublished":"2025-04-22T10:29:23+00:00","dateModified":"2025-04-22T17:01:59+00:00","mainEntityOfPage":{"@id":"https:\/\/progettotouring.it\/radiotouring104\/2025\/04\/22\/il-migrante-il-rivoluzionario-il-papa-degli-ultimi-ecco-chi-e-stato-papa-francesco\/"},"wordCount":445,"publisher":{"@id":"https:\/\/progettotouring.it\/radiotouring104\/#organization"},"image":{"@id":"https:\/\/progettotouring.it\/radiotouring104\/2025\/04\/22\/il-migrante-il-rivoluzionario-il-papa-degli-ultimi-ecco-chi-e-stato-papa-francesco\/#primaryimage"},"thumbnailUrl":"https:\/\/progettotouring.it\/radiotouring104\/wp-content\/uploads\/sites\/6\/2025\/04\/pope-francis-1784304_1280.jpg","articleSection":["In primo piano","News","PAPA FRANCESCO"],"inLanguage":"it-IT"},{"@type":"WebPage","@id":"https:\/\/progettotouring.it\/radiotouring104\/2025\/04\/22\/il-migrante-il-rivoluzionario-il-papa-degli-ultimi-ecco-chi-e-stato-papa-francesco\/","url":"https:\/\/progettotouring.it\/radiotouring104\/2025\/04\/22\/il-migrante-il-rivoluzionario-il-papa-degli-ultimi-ecco-chi-e-stato-papa-francesco\/","name":"Il migrante, il rivoluzionario, il Papa degli ultimi: ecco chi \u00e8 stato Papa Francesco - Radio Touring 104","isPartOf":{"@id":"https:\/\/progettotouring.it\/radiotouring104\/#website"},"primaryImageOfPage":{"@id":"https:\/\/progettotouring.it\/radiotouring104\/2025\/04\/22\/il-migrante-il-rivoluzionario-il-papa-degli-ultimi-ecco-chi-e-stato-papa-francesco\/#primaryimage"},"image":{"@id":"https:\/\/progettotouring.it\/radiotouring104\/2025\/04\/22\/il-migrante-il-rivoluzionario-il-papa-degli-ultimi-ecco-chi-e-stato-papa-francesco\/#primaryimage"},"thumbnailUrl":"https:\/\/progettotouring.it\/radiotouring104\/wp-content\/uploads\/sites\/6\/2025\/04\/pope-francis-1784304_1280.jpg","datePublished":"2025-04-22T10:29:23+00:00","dateModified":"2025-04-22T17:01:59+00:00","breadcrumb":{"@id":"https:\/\/progettotouring.it\/radiotouring104\/2025\/04\/22\/il-migrante-il-rivoluzionario-il-papa-degli-ultimi-ecco-chi-e-stato-papa-francesco\/#breadcrumb"},"inLanguage":"it-IT","potentialAction":[{"@type":"ReadAction","target":["https:\/\/progettotouring.it\/radiotouring104\/2025\/04\/22\/il-migrante-il-rivoluzionario-il-papa-degli-ultimi-ecco-chi-e-stato-papa-francesco\/"]}]},{"@type":"ImageObject","inLanguage":"it-IT","@id":"https:\/\/progettotouring.it\/radiotouring104\/2025\/04\/22\/il-migrante-il-rivoluzionario-il-papa-degli-ultimi-ecco-chi-e-stato-papa-francesco\/#primaryimage","url":"https:\/\/progettotouring.it\/radiotouring104\/wp-content\/uploads\/sites\/6\/2025\/04\/pope-francis-1784304_1280.jpg","contentUrl":"https:\/\/progettotouring.it\/radiotouring104\/wp-content\/uploads\/sites\/6\/2025\/04\/pope-francis-1784304_1280.jpg","width":1280,"height":960},{"@type":"BreadcrumbList","@id":"https:\/\/progettotouring.it\/radiotouring104\/2025\/04\/22\/il-migrante-il-rivoluzionario-il-papa-degli-ultimi-ecco-chi-e-stato-papa-francesco\/#breadcrumb","itemListElement":[{"@type":"ListItem","position":1,"name":"Home","item":"https:\/\/progettotouring.it\/radiotouring104\/"},{"@type":"ListItem","position":2,"name":"Il migrante, il rivoluzionario, il Papa degli ultimi: ecco chi \u00e8 stato Papa Francesco"}]},{"@type":"WebSite","@id":"https:\/\/progettotouring.it\/radiotouring104\/#website","url":"https:\/\/progettotouring.it\/radiotouring104\/","name":"Radio Touring 104","description":"La prima radio Reggina","publisher":{"@id":"https:\/\/progettotouring.it\/radiotouring104\/#organization"},"potentialAction":[{"@type":"SearchAction","target":{"@type":"EntryPoint","urlTemplate":"https:\/\/progettotouring.it\/radiotouring104\/?s={search_term_string}"},"query-input":{"@type":"PropertyValueSpecification","valueRequired":true,"valueName":"search_term_string"}}],"inLanguage":"it-IT"},{"@type":"Organization","@id":"https:\/\/progettotouring.it\/radiotouring104\/#organization","name":"Radio Touring 104","url":"https:\/\/progettotouring.it\/radiotouring104\/","logo":{"@type":"ImageObject","inLanguage":"it-IT","@id":"https:\/\/progettotouring.it\/radiotouring104\/#\/schema\/logo\/image\/","url":"https:\/\/progettotouring.it\/radiotouring104\/wp-content\/uploads\/sites\/6\/2022\/02\/cropped-logo-radio-touring-104.png","contentUrl":"https:\/\/progettotouring.it\/radiotouring104\/wp-content\/uploads\/sites\/6\/2022\/02\/cropped-logo-radio-touring-104.png","width":377,"height":182,"caption":"Radio Touring 104"},"image":{"@id":"https:\/\/progettotouring.it\/radiotouring104\/#\/schema\/logo\/image\/"}},{"@type":"Person","@id":"https:\/\/progettotouring.it\/radiotouring104\/#\/schema\/person\/f01f189b71df20dcfc0890eea7e67a0e","name":"Chiara Cucinotta","image":{"@type":"ImageObject","inLanguage":"it-IT","@id":"https:\/\/secure.gravatar.com\/avatar\/efe17e5613fdef9b05741a23cd4ef4e9b1c39955d8fe11176cb1da3641c96104?s=96&d=mm&r=g","url":"https:\/\/secure.gravatar.com\/avatar\/efe17e5613fdef9b05741a23cd4ef4e9b1c39955d8fe11176cb1da3641c96104?s=96&d=mm&r=g","contentUrl":"https:\/\/secure.gravatar.com\/avatar\/efe17e5613fdef9b05741a23cd4ef4e9b1c39955d8fe11176cb1da3641c96104?s=96&d=mm&r=g","caption":"Chiara Cucinotta"},"sameAs":["https:\/\/progettotouring.it"],"url":"https:\/\/progettotouring.it\/radiotouring104\/author\/auranex\/"}]}},"jetpack_publicize_connections":[],"jetpack_featured_media_url":"https:\/\/progettotouring.it\/radiotouring104\/wp-content\/uploads\/sites\/6\/2025\/04\/pope-francis-1784304_1280.jpg","jetpack_sharing_enabled":true,"_links":{"self":[{"href":"https:\/\/progettotouring.it\/radiotouring104\/wp-json\/wp\/v2\/posts\/71785","targetHints":{"allow":["GET"]}}],"collection":[{"href":"https:\/\/progettotouring.it\/radiotouring104\/wp-json\/wp\/v2\/posts"}],"about":[{"href":"https:\/\/progettotouring.it\/radiotouring104\/wp-json\/wp\/v2\/types\/post"}],"author":[{"embeddable":true,"href":"https:\/\/progettotouring.it\/radiotouring104\/wp-json\/wp\/v2\/users\/1"}],"replies":[{"embeddable":true,"href":"https:\/\/progettotouring.it\/radiotouring104\/wp-json\/wp\/v2\/comments?post=71785"}],"version-history":[{"count":4,"href":"https:\/\/progettotouring.it\/radiotouring104\/wp-json\/wp\/v2\/posts\/71785\/revisions"}],"predecessor-version":[{"id":71836,"href":"https:\/\/progettotouring.it\/radiotouring104\/wp-json\/wp\/v2\/posts\/71785\/revisions\/71836"}],"wp:featuredmedia":[{"embeddable":true,"href":"https:\/\/progettotouring.it\/radiotouring104\/wp-json\/wp\/v2\/media\/71835"}],"wp:attachment":[{"href":"https:\/\/progettotouring.it\/radiotouring104\/wp-json\/wp\/v2\/media?parent=71785"}],"wp:term":[{"taxonomy":"category","embeddable":true,"href":"https:\/\/progettotouring.it\/radiotouring104\/wp-json\/wp\/v2\/categories?post=71785"},{"taxonomy":"post_tag","embeddable":true,"href":"https:\/\/progettotouring.it\/radiotouring104\/wp-json\/wp\/v2\/tags?post=71785"}],"curies":[{"name":"wp","href":"https:\/\/api.w.org\/{rel}","templated":true}]}}