{"id":71796,"date":"2025-04-22T12:55:18","date_gmt":"2025-04-22T10:55:18","guid":{"rendered":"https:\/\/progettotouring.it\/radiotouring104\/?p=71796"},"modified":"2025-04-22T12:55:18","modified_gmt":"2025-04-22T10:55:18","slug":"catanzaro-mercoledi-lo-spettacolo-ricordi-da-ruga","status":"publish","type":"post","link":"https:\/\/progettotouring.it\/radiotouring104\/2025\/04\/22\/catanzaro-mercoledi-lo-spettacolo-ricordi-da-ruga\/","title":{"rendered":"Catanzaro: mercoled\u00ec lo spettacolo \u201cRicordi d\u2019a ruga\u201d"},"content":{"rendered":"<p class=\"xmprfx_MsoNormal\" style=\"text-align: justify\"><strong>Si chiude mercoled\u00ec 23 aprile la rassegna teatrale<\/strong> <i>\u201cNel segno di Gemelli\u201d<\/i>, un <strong>progetto triennale nato per celebrare<\/strong> l\u2019opera e l\u2019eredit\u00e0 di <strong>Nino Gemelli, figura centrale del teatro catanzarese.<\/strong> Un<strong> percorso avviato lo scorso 19 febbraio<\/strong> che, spettacolo dopo spettacolo, ha riportato in vita il repertorio di un autore, attore e regista che ha saputo trasformare il dialetto in poesia e il palcoscenico in casa.<\/p>\n<p class=\"xmprfx_MsoNormal\" style=\"text-align: justify\">Il gran finale sar\u00e0 affidato a\u00a0<i>\u201cRicordi d\u2019a ruga\u201d<\/i>, una delle due commedie inedite ritrovate tra le carte lasciate dal maestro Gemelli e custodite oggi da chi ne ha raccolto il testimone artistico. Un testo che era gi\u00e0 pronto per andare in scena, completo addirittura della scenografia originale firmata da Giovanni Marziano, che verr\u00e0 fedelmente riproposta.<\/p>\n<p class=\"xmprfx_MsoNormal\" style=\"text-align: justify\"><strong>La rassegna ha gi\u00e0 portato in scena\u00a0<\/strong><i>\u201cBongiornu e aguri\u201d<\/i>,\u00a0<i>\u201cBasta: abbasta e suverchja\u201d<\/i>\u00a0e\u00a0<i>\u201cSetta, ottu, nova e decia\u201d<\/i>, tutte accolte con entusiasmo da un pubblico numeroso e partecipe, a dimostrazione che il teatro, se radicato nella memoria e nella lingua di un popolo, continua a parlare forte e chiaro.<\/p>\n<p class=\"xmprfx_MsoNormal\" style=\"text-align: justify\">Oltre agli spettacoli, <strong>il progetto culminer\u00e0 con la pubblicazione della grammatica del dialetto catanzarese<\/strong> scritta da Nino Gemelli: un dono culturale prezioso, rimasto finora inedito, che diventer\u00e0 strumento di valorizzazione e trasmissione della lingua madre.<\/p>\n<p class=\"xmprfx_MsoNormal\" style=\"text-align: justify\">A sottolineare il senso e l\u2019emozione di questo percorso \u00e8\u00a0<b>Francesco Passafaro<\/b>, direttore artistico del Teatro Comunale, allievo e custode dell\u2019eredit\u00e0 del maestro Gemelli: <i><\/i><i>\u00abHo avuto il privilegio di crescere artisticamente accanto a Nino Gemelli e oggi sento il dovere morale di restituire alla citt\u00e0 la sua voce, la sua visione. Questa rassegna non \u00e8 solo un omaggio, ma un modo per dire ai giovani che il dialetto \u00e8 bellezza, \u00e8 identit\u00e0, \u00e8 teatro vivo. \u201cNel segno di Gemelli\u201d \u00e8 il nostro grazie, ma anche il nostro impegno per il futuro\u00bb.<\/i><\/p>\n<p class=\"xmprfx_MsoNormal\" style=\"text-align: justify\">\u201cNel segno di Gemelli<strong>\u201d \u00e8 pi\u00f9 di una rassegna: \u00e8 un atto d\u2019amore per Catanzaro,<\/strong> per la sua lingua e la sua memoria. Un invito a tornare a teatro, a riscoprire le radici e a farle fiorire<strong>. E per chi ha voglia di regalarsi<\/strong> (o regalare) un viaggio nel cuore della cultura popolare,<strong> l\u2019abbonamento alla stagione \u00e8 pi\u00f9 che un\u2019idea: \u00e8 un gesto di affetto per la citt\u00e0.<\/strong><\/p>\n","protected":false},"excerpt":{"rendered":"<p>Si chiude mercoled\u00ec 23 aprile la rassegna teatrale \u201cNel segno di Gemelli\u201d, un progetto triennale nato per celebrare l\u2019opera e l\u2019eredit\u00e0 di Nino Gemelli, figura centrale del teatro catanzarese. Un&hellip;<\/p>\n","protected":false},"author":12,"featured_media":67387,"comment_status":"closed","ping_status":"open","sticky":false,"template":"","format":"standard","meta":{"_jetpack_memberships_contains_paid_content":false,"footnotes":"","jetpack_publicize_message":"","jetpack_publicize_feature_enabled":true,"jetpack_social_post_already_shared":true,"jetpack_social_options":{"image_generator_settings":{"template":"highway","default_image_id":0,"font":"","enabled":false},"version":2}},"categories":[142,921,196],"tags":[698,40520,41535,13713,14753,42805,35498],"class_list":["post-71796","post","type-post","status-publish","format-standard","has-post-thumbnail","hentry","category-calabria","category-home","category-news","tag-catanzaro","tag-nino-gemelli","tag-rassegna-nel-segno-di-gemelli","tag-rassegna-teatrale","tag-regista-francesco-passafaro","tag-spettacolo-ricordi-da-ruga","tag-ultimo-spettacolo"],"yoast_head":"<!-- This site is optimized with the Yoast SEO plugin v27.2 - https:\/\/yoast.com\/product\/yoast-seo-wordpress\/ -->\n<title>Catanzaro: mercoled\u00ec lo spettacolo \u201cRicordi d\u2019a ruga\u201d - Radio Touring 104<\/title>\n<meta name=\"description\" content=\"Si chiude il 23 aprile la rassegna teatrale \u201cNel segno di Gemelli\u201d per celebrare l\u2019opera di Nino Gemelli, attore catanzarese\" \/>\n<meta name=\"robots\" content=\"index, follow, max-snippet:-1, max-image-preview:large, max-video-preview:-1\" \/>\n<link rel=\"canonical\" href=\"https:\/\/progettotouring.it\/radiotouring104\/2025\/04\/22\/catanzaro-mercoledi-lo-spettacolo-ricordi-da-ruga\/\" \/>\n<meta property=\"og:locale\" content=\"it_IT\" \/>\n<meta property=\"og:type\" content=\"article\" \/>\n<meta property=\"og:title\" content=\"Catanzaro: mercoled\u00ec lo spettacolo \u201cRicordi d\u2019a ruga\u201d - Radio Touring 104\" \/>\n<meta property=\"og:description\" content=\"Si chiude il 23 aprile la rassegna teatrale \u201cNel segno di Gemelli\u201d per celebrare l\u2019opera di Nino Gemelli, attore catanzarese\" \/>\n<meta property=\"og:url\" content=\"https:\/\/progettotouring.it\/radiotouring104\/2025\/04\/22\/catanzaro-mercoledi-lo-spettacolo-ricordi-da-ruga\/\" \/>\n<meta property=\"og:site_name\" content=\"Radio Touring 104\" \/>\n<meta property=\"article:published_time\" content=\"2025-04-22T10:55:18+00:00\" \/>\n<meta property=\"og:image\" content=\"https:\/\/progettotouring.it\/radiotouring104\/wp-content\/uploads\/sites\/6\/2025\/02\/Teatro-Incanto-Catanzaro-Nino-Gemelli-in-scena-Setta-ottu-nova-e-decia.jpg\" \/>\n\t<meta property=\"og:image:width\" content=\"2048\" \/>\n\t<meta property=\"og:image:height\" content=\"1536\" \/>\n\t<meta property=\"og:image:type\" content=\"image\/jpeg\" \/>\n<meta name=\"author\" content=\"Sebastiano Plutino\" \/>\n<meta name=\"twitter:card\" content=\"summary_large_image\" \/>\n<meta name=\"twitter:label1\" content=\"Scritto da\" \/>\n\t<meta name=\"twitter:data1\" content=\"Sebastiano Plutino\" \/>\n\t<meta name=\"twitter:label2\" content=\"Tempo di lettura stimato\" \/>\n\t<meta name=\"twitter:data2\" content=\"2 minuti\" \/>\n<script type=\"application\/ld+json\" class=\"yoast-schema-graph\">{\"@context\":\"https:\/\/schema.org\",\"@graph\":[{\"@type\":\"Article\",\"@id\":\"https:\/\/progettotouring.it\/radiotouring104\/2025\/04\/22\/catanzaro-mercoledi-lo-spettacolo-ricordi-da-ruga\/#article\",\"isPartOf\":{\"@id\":\"https:\/\/progettotouring.it\/radiotouring104\/2025\/04\/22\/catanzaro-mercoledi-lo-spettacolo-ricordi-da-ruga\/\"},\"author\":{\"name\":\"Sebastiano Plutino\",\"@id\":\"https:\/\/progettotouring.it\/radiotouring104\/#\/schema\/person\/78613917f1851f041f7483f5af1d422e\"},\"headline\":\"Catanzaro: mercoled\u00ec lo spettacolo \u201cRicordi d\u2019a ruga\u201d\",\"datePublished\":\"2025-04-22T10:55:18+00:00\",\"mainEntityOfPage\":{\"@id\":\"https:\/\/progettotouring.it\/radiotouring104\/2025\/04\/22\/catanzaro-mercoledi-lo-spettacolo-ricordi-da-ruga\/\"},\"wordCount\":370,\"publisher\":{\"@id\":\"https:\/\/progettotouring.it\/radiotouring104\/#organization\"},\"image\":{\"@id\":\"https:\/\/progettotouring.it\/radiotouring104\/2025\/04\/22\/catanzaro-mercoledi-lo-spettacolo-ricordi-da-ruga\/#primaryimage\"},\"thumbnailUrl\":\"https:\/\/progettotouring.it\/radiotouring104\/wp-content\/uploads\/sites\/6\/2025\/02\/Teatro-Incanto-Catanzaro-Nino-Gemelli-in-scena-Setta-ottu-nova-e-decia.jpg\",\"keywords\":[\"catanzaro\",\"Nino Gemelli\",\"rassegna \\\"Nel segno di Gemelli\\\".\",\"Rassegna Teatrale\",\"regista Francesco Passafaro\",\"spettacolo \u201cRicordi d\u2019a ruga\u201d\",\"ultimo spettacolo\"],\"articleSection\":[\"Calabria\",\"Home\",\"News\"],\"inLanguage\":\"it-IT\"},{\"@type\":\"WebPage\",\"@id\":\"https:\/\/progettotouring.it\/radiotouring104\/2025\/04\/22\/catanzaro-mercoledi-lo-spettacolo-ricordi-da-ruga\/\",\"url\":\"https:\/\/progettotouring.it\/radiotouring104\/2025\/04\/22\/catanzaro-mercoledi-lo-spettacolo-ricordi-da-ruga\/\",\"name\":\"Catanzaro: mercoled\u00ec lo spettacolo \u201cRicordi d\u2019a ruga\u201d - Radio Touring 104\",\"isPartOf\":{\"@id\":\"https:\/\/progettotouring.it\/radiotouring104\/#website\"},\"primaryImageOfPage\":{\"@id\":\"https:\/\/progettotouring.it\/radiotouring104\/2025\/04\/22\/catanzaro-mercoledi-lo-spettacolo-ricordi-da-ruga\/#primaryimage\"},\"image\":{\"@id\":\"https:\/\/progettotouring.it\/radiotouring104\/2025\/04\/22\/catanzaro-mercoledi-lo-spettacolo-ricordi-da-ruga\/#primaryimage\"},\"thumbnailUrl\":\"https:\/\/progettotouring.it\/radiotouring104\/wp-content\/uploads\/sites\/6\/2025\/02\/Teatro-Incanto-Catanzaro-Nino-Gemelli-in-scena-Setta-ottu-nova-e-decia.jpg\",\"datePublished\":\"2025-04-22T10:55:18+00:00\",\"description\":\"Si chiude il 23 aprile la rassegna teatrale \u201cNel segno di Gemelli\u201d per celebrare l\u2019opera di Nino Gemelli, attore catanzarese\",\"breadcrumb\":{\"@id\":\"https:\/\/progettotouring.it\/radiotouring104\/2025\/04\/22\/catanzaro-mercoledi-lo-spettacolo-ricordi-da-ruga\/#breadcrumb\"},\"inLanguage\":\"it-IT\",\"potentialAction\":[{\"@type\":\"ReadAction\",\"target\":[\"https:\/\/progettotouring.it\/radiotouring104\/2025\/04\/22\/catanzaro-mercoledi-lo-spettacolo-ricordi-da-ruga\/\"]}]},{\"@type\":\"ImageObject\",\"inLanguage\":\"it-IT\",\"@id\":\"https:\/\/progettotouring.it\/radiotouring104\/2025\/04\/22\/catanzaro-mercoledi-lo-spettacolo-ricordi-da-ruga\/#primaryimage\",\"url\":\"https:\/\/progettotouring.it\/radiotouring104\/wp-content\/uploads\/sites\/6\/2025\/02\/Teatro-Incanto-Catanzaro-Nino-Gemelli-in-scena-Setta-ottu-nova-e-decia.jpg\",\"contentUrl\":\"https:\/\/progettotouring.it\/radiotouring104\/wp-content\/uploads\/sites\/6\/2025\/02\/Teatro-Incanto-Catanzaro-Nino-Gemelli-in-scena-Setta-ottu-nova-e-decia.jpg\",\"width\":2048,\"height\":1536},{\"@type\":\"BreadcrumbList\",\"@id\":\"https:\/\/progettotouring.it\/radiotouring104\/2025\/04\/22\/catanzaro-mercoledi-lo-spettacolo-ricordi-da-ruga\/#breadcrumb\",\"itemListElement\":[{\"@type\":\"ListItem\",\"position\":1,\"name\":\"Home\",\"item\":\"https:\/\/progettotouring.it\/radiotouring104\/\"},{\"@type\":\"ListItem\",\"position\":2,\"name\":\"Catanzaro: mercoled\u00ec lo spettacolo \u201cRicordi d\u2019a ruga\u201d\"}]},{\"@type\":\"WebSite\",\"@id\":\"https:\/\/progettotouring.it\/radiotouring104\/#website\",\"url\":\"https:\/\/progettotouring.it\/radiotouring104\/\",\"name\":\"Radio Touring 104\",\"description\":\"La prima radio Reggina\",\"publisher\":{\"@id\":\"https:\/\/progettotouring.it\/radiotouring104\/#organization\"},\"potentialAction\":[{\"@type\":\"SearchAction\",\"target\":{\"@type\":\"EntryPoint\",\"urlTemplate\":\"https:\/\/progettotouring.it\/radiotouring104\/?s={search_term_string}\"},\"query-input\":{\"@type\":\"PropertyValueSpecification\",\"valueRequired\":true,\"valueName\":\"search_term_string\"}}],\"inLanguage\":\"it-IT\"},{\"@type\":\"Organization\",\"@id\":\"https:\/\/progettotouring.it\/radiotouring104\/#organization\",\"name\":\"Radio Touring 104\",\"url\":\"https:\/\/progettotouring.it\/radiotouring104\/\",\"logo\":{\"@type\":\"ImageObject\",\"inLanguage\":\"it-IT\",\"@id\":\"https:\/\/progettotouring.it\/radiotouring104\/#\/schema\/logo\/image\/\",\"url\":\"https:\/\/progettotouring.it\/radiotouring104\/wp-content\/uploads\/sites\/6\/2022\/02\/cropped-logo-radio-touring-104.png\",\"contentUrl\":\"https:\/\/progettotouring.it\/radiotouring104\/wp-content\/uploads\/sites\/6\/2022\/02\/cropped-logo-radio-touring-104.png\",\"width\":377,\"height\":182,\"caption\":\"Radio Touring 104\"},\"image\":{\"@id\":\"https:\/\/progettotouring.it\/radiotouring104\/#\/schema\/logo\/image\/\"}},{\"@type\":\"Person\",\"@id\":\"https:\/\/progettotouring.it\/radiotouring104\/#\/schema\/person\/78613917f1851f041f7483f5af1d422e\",\"name\":\"Sebastiano Plutino\",\"image\":{\"@type\":\"ImageObject\",\"inLanguage\":\"it-IT\",\"@id\":\"https:\/\/secure.gravatar.com\/avatar\/0546ffaa9b79224faf9f2a156b67a529ae861d3287c66c1d8ccfdf909bcba78d?s=96&d=mm&r=g\",\"url\":\"https:\/\/secure.gravatar.com\/avatar\/0546ffaa9b79224faf9f2a156b67a529ae861d3287c66c1d8ccfdf909bcba78d?s=96&d=mm&r=g\",\"contentUrl\":\"https:\/\/secure.gravatar.com\/avatar\/0546ffaa9b79224faf9f2a156b67a529ae861d3287c66c1d8ccfdf909bcba78d?s=96&d=mm&r=g\",\"caption\":\"Sebastiano Plutino\"},\"url\":\"https:\/\/progettotouring.it\/radiotouring104\/author\/sebastiano\/\"}]}<\/script>\n<!-- \/ Yoast SEO plugin. -->","yoast_head_json":{"title":"Catanzaro: mercoled\u00ec lo spettacolo \u201cRicordi d\u2019a ruga\u201d - Radio Touring 104","description":"Si chiude il 23 aprile la rassegna teatrale \u201cNel segno di Gemelli\u201d per celebrare l\u2019opera di Nino Gemelli, attore catanzarese","robots":{"index":"index","follow":"follow","max-snippet":"max-snippet:-1","max-image-preview":"max-image-preview:large","max-video-preview":"max-video-preview:-1"},"canonical":"https:\/\/progettotouring.it\/radiotouring104\/2025\/04\/22\/catanzaro-mercoledi-lo-spettacolo-ricordi-da-ruga\/","og_locale":"it_IT","og_type":"article","og_title":"Catanzaro: mercoled\u00ec lo spettacolo \u201cRicordi d\u2019a ruga\u201d - Radio Touring 104","og_description":"Si chiude il 23 aprile la rassegna teatrale \u201cNel segno di Gemelli\u201d per celebrare l\u2019opera di Nino Gemelli, attore catanzarese","og_url":"https:\/\/progettotouring.it\/radiotouring104\/2025\/04\/22\/catanzaro-mercoledi-lo-spettacolo-ricordi-da-ruga\/","og_site_name":"Radio Touring 104","article_published_time":"2025-04-22T10:55:18+00:00","og_image":[{"width":2048,"height":1536,"url":"https:\/\/progettotouring.it\/radiotouring104\/wp-content\/uploads\/sites\/6\/2025\/02\/Teatro-Incanto-Catanzaro-Nino-Gemelli-in-scena-Setta-ottu-nova-e-decia.jpg","type":"image\/jpeg"}],"author":"Sebastiano Plutino","twitter_card":"summary_large_image","twitter_misc":{"Scritto da":"Sebastiano Plutino","Tempo di lettura stimato":"2 minuti"},"schema":{"@context":"https:\/\/schema.org","@graph":[{"@type":"Article","@id":"https:\/\/progettotouring.it\/radiotouring104\/2025\/04\/22\/catanzaro-mercoledi-lo-spettacolo-ricordi-da-ruga\/#article","isPartOf":{"@id":"https:\/\/progettotouring.it\/radiotouring104\/2025\/04\/22\/catanzaro-mercoledi-lo-spettacolo-ricordi-da-ruga\/"},"author":{"name":"Sebastiano Plutino","@id":"https:\/\/progettotouring.it\/radiotouring104\/#\/schema\/person\/78613917f1851f041f7483f5af1d422e"},"headline":"Catanzaro: mercoled\u00ec lo spettacolo \u201cRicordi d\u2019a ruga\u201d","datePublished":"2025-04-22T10:55:18+00:00","mainEntityOfPage":{"@id":"https:\/\/progettotouring.it\/radiotouring104\/2025\/04\/22\/catanzaro-mercoledi-lo-spettacolo-ricordi-da-ruga\/"},"wordCount":370,"publisher":{"@id":"https:\/\/progettotouring.it\/radiotouring104\/#organization"},"image":{"@id":"https:\/\/progettotouring.it\/radiotouring104\/2025\/04\/22\/catanzaro-mercoledi-lo-spettacolo-ricordi-da-ruga\/#primaryimage"},"thumbnailUrl":"https:\/\/progettotouring.it\/radiotouring104\/wp-content\/uploads\/sites\/6\/2025\/02\/Teatro-Incanto-Catanzaro-Nino-Gemelli-in-scena-Setta-ottu-nova-e-decia.jpg","keywords":["catanzaro","Nino Gemelli","rassegna \"Nel segno di Gemelli\".","Rassegna Teatrale","regista Francesco Passafaro","spettacolo \u201cRicordi d\u2019a ruga\u201d","ultimo spettacolo"],"articleSection":["Calabria","Home","News"],"inLanguage":"it-IT"},{"@type":"WebPage","@id":"https:\/\/progettotouring.it\/radiotouring104\/2025\/04\/22\/catanzaro-mercoledi-lo-spettacolo-ricordi-da-ruga\/","url":"https:\/\/progettotouring.it\/radiotouring104\/2025\/04\/22\/catanzaro-mercoledi-lo-spettacolo-ricordi-da-ruga\/","name":"Catanzaro: mercoled\u00ec lo spettacolo \u201cRicordi d\u2019a ruga\u201d - Radio Touring 104","isPartOf":{"@id":"https:\/\/progettotouring.it\/radiotouring104\/#website"},"primaryImageOfPage":{"@id":"https:\/\/progettotouring.it\/radiotouring104\/2025\/04\/22\/catanzaro-mercoledi-lo-spettacolo-ricordi-da-ruga\/#primaryimage"},"image":{"@id":"https:\/\/progettotouring.it\/radiotouring104\/2025\/04\/22\/catanzaro-mercoledi-lo-spettacolo-ricordi-da-ruga\/#primaryimage"},"thumbnailUrl":"https:\/\/progettotouring.it\/radiotouring104\/wp-content\/uploads\/sites\/6\/2025\/02\/Teatro-Incanto-Catanzaro-Nino-Gemelli-in-scena-Setta-ottu-nova-e-decia.jpg","datePublished":"2025-04-22T10:55:18+00:00","description":"Si chiude il 23 aprile la rassegna teatrale \u201cNel segno di Gemelli\u201d per celebrare l\u2019opera di Nino Gemelli, attore catanzarese","breadcrumb":{"@id":"https:\/\/progettotouring.it\/radiotouring104\/2025\/04\/22\/catanzaro-mercoledi-lo-spettacolo-ricordi-da-ruga\/#breadcrumb"},"inLanguage":"it-IT","potentialAction":[{"@type":"ReadAction","target":["https:\/\/progettotouring.it\/radiotouring104\/2025\/04\/22\/catanzaro-mercoledi-lo-spettacolo-ricordi-da-ruga\/"]}]},{"@type":"ImageObject","inLanguage":"it-IT","@id":"https:\/\/progettotouring.it\/radiotouring104\/2025\/04\/22\/catanzaro-mercoledi-lo-spettacolo-ricordi-da-ruga\/#primaryimage","url":"https:\/\/progettotouring.it\/radiotouring104\/wp-content\/uploads\/sites\/6\/2025\/02\/Teatro-Incanto-Catanzaro-Nino-Gemelli-in-scena-Setta-ottu-nova-e-decia.jpg","contentUrl":"https:\/\/progettotouring.it\/radiotouring104\/wp-content\/uploads\/sites\/6\/2025\/02\/Teatro-Incanto-Catanzaro-Nino-Gemelli-in-scena-Setta-ottu-nova-e-decia.jpg","width":2048,"height":1536},{"@type":"BreadcrumbList","@id":"https:\/\/progettotouring.it\/radiotouring104\/2025\/04\/22\/catanzaro-mercoledi-lo-spettacolo-ricordi-da-ruga\/#breadcrumb","itemListElement":[{"@type":"ListItem","position":1,"name":"Home","item":"https:\/\/progettotouring.it\/radiotouring104\/"},{"@type":"ListItem","position":2,"name":"Catanzaro: mercoled\u00ec lo spettacolo \u201cRicordi d\u2019a ruga\u201d"}]},{"@type":"WebSite","@id":"https:\/\/progettotouring.it\/radiotouring104\/#website","url":"https:\/\/progettotouring.it\/radiotouring104\/","name":"Radio Touring 104","description":"La prima radio Reggina","publisher":{"@id":"https:\/\/progettotouring.it\/radiotouring104\/#organization"},"potentialAction":[{"@type":"SearchAction","target":{"@type":"EntryPoint","urlTemplate":"https:\/\/progettotouring.it\/radiotouring104\/?s={search_term_string}"},"query-input":{"@type":"PropertyValueSpecification","valueRequired":true,"valueName":"search_term_string"}}],"inLanguage":"it-IT"},{"@type":"Organization","@id":"https:\/\/progettotouring.it\/radiotouring104\/#organization","name":"Radio Touring 104","url":"https:\/\/progettotouring.it\/radiotouring104\/","logo":{"@type":"ImageObject","inLanguage":"it-IT","@id":"https:\/\/progettotouring.it\/radiotouring104\/#\/schema\/logo\/image\/","url":"https:\/\/progettotouring.it\/radiotouring104\/wp-content\/uploads\/sites\/6\/2022\/02\/cropped-logo-radio-touring-104.png","contentUrl":"https:\/\/progettotouring.it\/radiotouring104\/wp-content\/uploads\/sites\/6\/2022\/02\/cropped-logo-radio-touring-104.png","width":377,"height":182,"caption":"Radio Touring 104"},"image":{"@id":"https:\/\/progettotouring.it\/radiotouring104\/#\/schema\/logo\/image\/"}},{"@type":"Person","@id":"https:\/\/progettotouring.it\/radiotouring104\/#\/schema\/person\/78613917f1851f041f7483f5af1d422e","name":"Sebastiano Plutino","image":{"@type":"ImageObject","inLanguage":"it-IT","@id":"https:\/\/secure.gravatar.com\/avatar\/0546ffaa9b79224faf9f2a156b67a529ae861d3287c66c1d8ccfdf909bcba78d?s=96&d=mm&r=g","url":"https:\/\/secure.gravatar.com\/avatar\/0546ffaa9b79224faf9f2a156b67a529ae861d3287c66c1d8ccfdf909bcba78d?s=96&d=mm&r=g","contentUrl":"https:\/\/secure.gravatar.com\/avatar\/0546ffaa9b79224faf9f2a156b67a529ae861d3287c66c1d8ccfdf909bcba78d?s=96&d=mm&r=g","caption":"Sebastiano Plutino"},"url":"https:\/\/progettotouring.it\/radiotouring104\/author\/sebastiano\/"}]}},"jetpack_publicize_connections":[],"jetpack_featured_media_url":"https:\/\/progettotouring.it\/radiotouring104\/wp-content\/uploads\/sites\/6\/2025\/02\/Teatro-Incanto-Catanzaro-Nino-Gemelli-in-scena-Setta-ottu-nova-e-decia.jpg","jetpack_sharing_enabled":true,"_links":{"self":[{"href":"https:\/\/progettotouring.it\/radiotouring104\/wp-json\/wp\/v2\/posts\/71796","targetHints":{"allow":["GET"]}}],"collection":[{"href":"https:\/\/progettotouring.it\/radiotouring104\/wp-json\/wp\/v2\/posts"}],"about":[{"href":"https:\/\/progettotouring.it\/radiotouring104\/wp-json\/wp\/v2\/types\/post"}],"author":[{"embeddable":true,"href":"https:\/\/progettotouring.it\/radiotouring104\/wp-json\/wp\/v2\/users\/12"}],"replies":[{"embeddable":true,"href":"https:\/\/progettotouring.it\/radiotouring104\/wp-json\/wp\/v2\/comments?post=71796"}],"version-history":[{"count":2,"href":"https:\/\/progettotouring.it\/radiotouring104\/wp-json\/wp\/v2\/posts\/71796\/revisions"}],"predecessor-version":[{"id":71798,"href":"https:\/\/progettotouring.it\/radiotouring104\/wp-json\/wp\/v2\/posts\/71796\/revisions\/71798"}],"wp:featuredmedia":[{"embeddable":true,"href":"https:\/\/progettotouring.it\/radiotouring104\/wp-json\/wp\/v2\/media\/67387"}],"wp:attachment":[{"href":"https:\/\/progettotouring.it\/radiotouring104\/wp-json\/wp\/v2\/media?parent=71796"}],"wp:term":[{"taxonomy":"category","embeddable":true,"href":"https:\/\/progettotouring.it\/radiotouring104\/wp-json\/wp\/v2\/categories?post=71796"},{"taxonomy":"post_tag","embeddable":true,"href":"https:\/\/progettotouring.it\/radiotouring104\/wp-json\/wp\/v2\/tags?post=71796"}],"curies":[{"name":"wp","href":"https:\/\/api.w.org\/{rel}","templated":true}]}}