{"id":71799,"date":"2025-04-22T18:47:51","date_gmt":"2025-04-22T16:47:51","guid":{"rendered":"https:\/\/progettotouring.it\/radiotouring104\/?p=71799"},"modified":"2025-04-22T18:47:51","modified_gmt":"2025-04-22T16:47:51","slug":"calabria-da-record-a-pasqua-2025-boom-di-visitatori-e-crescita-storica-per-gli-aeroporti","status":"publish","type":"post","link":"https:\/\/progettotouring.it\/radiotouring104\/2025\/04\/22\/calabria-da-record-a-pasqua-2025-boom-di-visitatori-e-crescita-storica-per-gli-aeroporti\/","title":{"rendered":"Calabria da record a Pasqua 2025: boom di visitatori e crescita storica per gli aeroporti"},"content":{"rendered":"<p>La Calabria conquista il podio tra le destinazioni italiane pi\u00f9 visitate durante il weekend di Pasqua 2025. Secondo i dati diffusi dalla Sacal, la societ\u00e0 che gestisce gli scali calabresi, la regione ha registrato quasi 40.000 arrivi in pi\u00f9 rispetto allo stesso periodo del 2024, con un incremento del 70% del traffico aeroportuale tra il 18 e il 20 aprile.<\/p>\n<p class=\"\" data-start=\"756\" data-end=\"838\">Tutti gli scali della regione hanno chiuso il ponte pasquale con numeri da record:<\/p>\n<ul data-start=\"840\" data-end=\"1150\">\n<li class=\"\" data-start=\"840\" data-end=\"953\">\n<p class=\"\" data-start=\"842\" data-end=\"953\">Reggio Calabria in vetta alla classifica con una crescita del 290% rispetto al 2024: +6.589 passeggeri.<\/p>\n<\/li>\n<li class=\"\" data-start=\"954\" data-end=\"1033\">\n<p class=\"\" data-start=\"956\" data-end=\"1033\">Crotone mantiene il trend positivo, segnando un +65%: +1.303 viaggiatori.<\/p>\n<\/li>\n<li class=\"\" data-start=\"1034\" data-end=\"1150\">\n<p class=\"\" data-start=\"1036\" data-end=\"1150\">Lamezia Terme \u00a0cresce di oltre il 40% con pi\u00f9 di 7.000 passeggeri aggiuntivi.<\/p>\n<\/li>\n<\/ul>\n<p class=\"\" data-start=\"1152\" data-end=\"1291\">Nel complesso, quasi 15.000 viaggiatori in pi\u00f9 hanno scelto di volare verso la Calabria nel weekend pasquale rispetto allo scorso anno.<\/p>\n<p class=\"\" data-start=\"1364\" data-end=\"1511\">A sottolineare il successo \u00e8 il presidente della Regione Calabria, Roberto Occhiuto, che in un post su Facebook ha celebrato il boom turistico: \u201c<em>La Calabria \u00e8 ormai una delle mete pi\u00f9 amate d\u2019Europa: 33.932 arrivi in 3 giorni, +15.000 visitatori e oltre 12 milioni di euro di spesa dei turisti stranieri solo nel mese di aprile. E per l\u2019estate sar\u00e0 ancora meglio<\/em>\u201d.<\/p>\n<p data-start=\"1515\" data-end=\"1743\">I numeri confermano un trend positivo che premia le politiche di promozione del territorio e l\u2019attenzione crescente verso una regione ricca di bellezze naturali, cultura e autenticit\u00e0. L\u2019aumento dei voli e il miglioramento dell\u2019offerta ricettiva stanno trasformando la Calabria in una destinazione sempre pi\u00f9 accessibile e desiderata, non solo per gli italiani ma anche per i turisti internazionali.<\/p>\n","protected":false},"excerpt":{"rendered":"<p>La Calabria conquista il podio tra le destinazioni italiane pi\u00f9 visitate durante il weekend di Pasqua 2025. Secondo i dati diffusi dalla Sacal, la societ\u00e0 che gestisce gli scali calabresi,&hellip;<\/p>\n","protected":false},"author":26,"featured_media":33068,"comment_status":"closed","ping_status":"open","sticky":false,"template":"","format":"standard","meta":{"_jetpack_memberships_contains_paid_content":false,"footnotes":"","jetpack_publicize_message":"","jetpack_publicize_feature_enabled":true,"jetpack_social_post_already_shared":true,"jetpack_social_options":{"image_generator_settings":{"template":"highway","default_image_id":0,"font":"","enabled":false},"version":2}},"categories":[142,921,152,196,140],"tags":[21144,40182,29675,14171,2415],"class_list":["post-71799","post","type-post","status-publish","format-standard","has-post-thumbnail","hentry","category-calabria","category-home","category-italia","category-news","category-reggio-calabria","tag-turismo-e-paesaggi-culturali","tag-aeroporti-calabresi","tag-boom-visitatori","tag-presidente-della-regione-calabria-roberto-occhiuto","tag-sacal"],"yoast_head":"<!-- This site is optimized with the Yoast SEO plugin v27.2 - https:\/\/yoast.com\/product\/yoast-seo-wordpress\/ -->\n<title>Calabria da record a Pasqua 2025: crescita storica per gli aeroporti<\/title>\n<meta name=\"description\" content=\"Aeroporti +70%, oltre 33.000 arrivi in tre giorni e 12 milioni di euro di spesa turistica: la Calabria protagonista nella Pasqua 2025\" \/>\n<meta name=\"robots\" content=\"index, follow, max-snippet:-1, max-image-preview:large, max-video-preview:-1\" \/>\n<link rel=\"canonical\" href=\"https:\/\/progettotouring.it\/radiotouring104\/2025\/04\/22\/calabria-da-record-a-pasqua-2025-boom-di-visitatori-e-crescita-storica-per-gli-aeroporti\/\" \/>\n<meta property=\"og:locale\" content=\"it_IT\" \/>\n<meta property=\"og:type\" content=\"article\" \/>\n<meta property=\"og:title\" content=\"Calabria da record a Pasqua 2025: crescita storica per gli aeroporti\" \/>\n<meta property=\"og:description\" content=\"Aeroporti +70%, oltre 33.000 arrivi in tre giorni e 12 milioni di euro di spesa turistica: la Calabria protagonista nella Pasqua 2025\" \/>\n<meta property=\"og:url\" content=\"https:\/\/progettotouring.it\/radiotouring104\/2025\/04\/22\/calabria-da-record-a-pasqua-2025-boom-di-visitatori-e-crescita-storica-per-gli-aeroporti\/\" \/>\n<meta property=\"og:site_name\" content=\"Radio Touring 104\" \/>\n<meta property=\"article:published_time\" content=\"2025-04-22T16:47:51+00:00\" \/>\n<meta property=\"og:image\" content=\"https:\/\/progettotouring.it\/radiotouring104\/wp-content\/uploads\/sites\/6\/2023\/08\/Ita-Airways-Italia-Rimborso-Aeroporto-Stretto-scaled.jpg\" \/>\n\t<meta property=\"og:image:width\" content=\"2560\" \/>\n\t<meta property=\"og:image:height\" content=\"1707\" \/>\n\t<meta property=\"og:image:type\" content=\"image\/jpeg\" \/>\n<meta name=\"author\" content=\"Olga Guerrisi\" \/>\n<meta name=\"twitter:card\" content=\"summary_large_image\" \/>\n<meta name=\"twitter:label1\" content=\"Scritto da\" \/>\n\t<meta name=\"twitter:data1\" content=\"Olga Guerrisi\" \/>\n\t<meta name=\"twitter:label2\" content=\"Tempo di lettura stimato\" \/>\n\t<meta name=\"twitter:data2\" content=\"1 minuto\" \/>\n<script type=\"application\/ld+json\" class=\"yoast-schema-graph\">{\"@context\":\"https:\/\/schema.org\",\"@graph\":[{\"@type\":\"Article\",\"@id\":\"https:\/\/progettotouring.it\/radiotouring104\/2025\/04\/22\/calabria-da-record-a-pasqua-2025-boom-di-visitatori-e-crescita-storica-per-gli-aeroporti\/#article\",\"isPartOf\":{\"@id\":\"https:\/\/progettotouring.it\/radiotouring104\/2025\/04\/22\/calabria-da-record-a-pasqua-2025-boom-di-visitatori-e-crescita-storica-per-gli-aeroporti\/\"},\"author\":{\"name\":\"Olga Guerrisi\",\"@id\":\"https:\/\/progettotouring.it\/radiotouring104\/#\/schema\/person\/98479df0b7de019b3c06d6bb272a0adf\"},\"headline\":\"Calabria da record a Pasqua 2025: boom di visitatori e crescita storica per gli aeroporti\",\"datePublished\":\"2025-04-22T16:47:51+00:00\",\"mainEntityOfPage\":{\"@id\":\"https:\/\/progettotouring.it\/radiotouring104\/2025\/04\/22\/calabria-da-record-a-pasqua-2025-boom-di-visitatori-e-crescita-storica-per-gli-aeroporti\/\"},\"wordCount\":253,\"publisher\":{\"@id\":\"https:\/\/progettotouring.it\/radiotouring104\/#organization\"},\"image\":{\"@id\":\"https:\/\/progettotouring.it\/radiotouring104\/2025\/04\/22\/calabria-da-record-a-pasqua-2025-boom-di-visitatori-e-crescita-storica-per-gli-aeroporti\/#primaryimage\"},\"thumbnailUrl\":\"https:\/\/progettotouring.it\/radiotouring104\/wp-content\/uploads\/sites\/6\/2023\/08\/Ita-Airways-Italia-Rimborso-Aeroporto-Stretto-scaled.jpg\",\"keywords\":[\"\u201cTurismo e Paesaggi Culturali\u201d\",\"Aeroporti calabresi\",\"boom visitatori\",\"Presidente della regione Calabria Roberto Occhiuto\",\"SACAL\"],\"articleSection\":[\"Calabria\",\"Home\",\"Italia\",\"News\",\"Reggio Calabria\"],\"inLanguage\":\"it-IT\"},{\"@type\":\"WebPage\",\"@id\":\"https:\/\/progettotouring.it\/radiotouring104\/2025\/04\/22\/calabria-da-record-a-pasqua-2025-boom-di-visitatori-e-crescita-storica-per-gli-aeroporti\/\",\"url\":\"https:\/\/progettotouring.it\/radiotouring104\/2025\/04\/22\/calabria-da-record-a-pasqua-2025-boom-di-visitatori-e-crescita-storica-per-gli-aeroporti\/\",\"name\":\"Calabria da record a Pasqua 2025: crescita storica per gli aeroporti\",\"isPartOf\":{\"@id\":\"https:\/\/progettotouring.it\/radiotouring104\/#website\"},\"primaryImageOfPage\":{\"@id\":\"https:\/\/progettotouring.it\/radiotouring104\/2025\/04\/22\/calabria-da-record-a-pasqua-2025-boom-di-visitatori-e-crescita-storica-per-gli-aeroporti\/#primaryimage\"},\"image\":{\"@id\":\"https:\/\/progettotouring.it\/radiotouring104\/2025\/04\/22\/calabria-da-record-a-pasqua-2025-boom-di-visitatori-e-crescita-storica-per-gli-aeroporti\/#primaryimage\"},\"thumbnailUrl\":\"https:\/\/progettotouring.it\/radiotouring104\/wp-content\/uploads\/sites\/6\/2023\/08\/Ita-Airways-Italia-Rimborso-Aeroporto-Stretto-scaled.jpg\",\"datePublished\":\"2025-04-22T16:47:51+00:00\",\"description\":\"Aeroporti +70%, oltre 33.000 arrivi in tre giorni e 12 milioni di euro di spesa turistica: la Calabria protagonista nella Pasqua 2025\",\"breadcrumb\":{\"@id\":\"https:\/\/progettotouring.it\/radiotouring104\/2025\/04\/22\/calabria-da-record-a-pasqua-2025-boom-di-visitatori-e-crescita-storica-per-gli-aeroporti\/#breadcrumb\"},\"inLanguage\":\"it-IT\",\"potentialAction\":[{\"@type\":\"ReadAction\",\"target\":[\"https:\/\/progettotouring.it\/radiotouring104\/2025\/04\/22\/calabria-da-record-a-pasqua-2025-boom-di-visitatori-e-crescita-storica-per-gli-aeroporti\/\"]}]},{\"@type\":\"ImageObject\",\"inLanguage\":\"it-IT\",\"@id\":\"https:\/\/progettotouring.it\/radiotouring104\/2025\/04\/22\/calabria-da-record-a-pasqua-2025-boom-di-visitatori-e-crescita-storica-per-gli-aeroporti\/#primaryimage\",\"url\":\"https:\/\/progettotouring.it\/radiotouring104\/wp-content\/uploads\/sites\/6\/2023\/08\/Ita-Airways-Italia-Rimborso-Aeroporto-Stretto-scaled.jpg\",\"contentUrl\":\"https:\/\/progettotouring.it\/radiotouring104\/wp-content\/uploads\/sites\/6\/2023\/08\/Ita-Airways-Italia-Rimborso-Aeroporto-Stretto-scaled.jpg\",\"width\":2560,\"height\":1707},{\"@type\":\"BreadcrumbList\",\"@id\":\"https:\/\/progettotouring.it\/radiotouring104\/2025\/04\/22\/calabria-da-record-a-pasqua-2025-boom-di-visitatori-e-crescita-storica-per-gli-aeroporti\/#breadcrumb\",\"itemListElement\":[{\"@type\":\"ListItem\",\"position\":1,\"name\":\"Home\",\"item\":\"https:\/\/progettotouring.it\/radiotouring104\/\"},{\"@type\":\"ListItem\",\"position\":2,\"name\":\"Calabria da record a Pasqua 2025: boom di visitatori e crescita storica per gli aeroporti\"}]},{\"@type\":\"WebSite\",\"@id\":\"https:\/\/progettotouring.it\/radiotouring104\/#website\",\"url\":\"https:\/\/progettotouring.it\/radiotouring104\/\",\"name\":\"Radio Touring 104\",\"description\":\"La prima radio Reggina\",\"publisher\":{\"@id\":\"https:\/\/progettotouring.it\/radiotouring104\/#organization\"},\"potentialAction\":[{\"@type\":\"SearchAction\",\"target\":{\"@type\":\"EntryPoint\",\"urlTemplate\":\"https:\/\/progettotouring.it\/radiotouring104\/?s={search_term_string}\"},\"query-input\":{\"@type\":\"PropertyValueSpecification\",\"valueRequired\":true,\"valueName\":\"search_term_string\"}}],\"inLanguage\":\"it-IT\"},{\"@type\":\"Organization\",\"@id\":\"https:\/\/progettotouring.it\/radiotouring104\/#organization\",\"name\":\"Radio Touring 104\",\"url\":\"https:\/\/progettotouring.it\/radiotouring104\/\",\"logo\":{\"@type\":\"ImageObject\",\"inLanguage\":\"it-IT\",\"@id\":\"https:\/\/progettotouring.it\/radiotouring104\/#\/schema\/logo\/image\/\",\"url\":\"https:\/\/progettotouring.it\/radiotouring104\/wp-content\/uploads\/sites\/6\/2022\/02\/cropped-logo-radio-touring-104.png\",\"contentUrl\":\"https:\/\/progettotouring.it\/radiotouring104\/wp-content\/uploads\/sites\/6\/2022\/02\/cropped-logo-radio-touring-104.png\",\"width\":377,\"height\":182,\"caption\":\"Radio Touring 104\"},\"image\":{\"@id\":\"https:\/\/progettotouring.it\/radiotouring104\/#\/schema\/logo\/image\/\"}},{\"@type\":\"Person\",\"@id\":\"https:\/\/progettotouring.it\/radiotouring104\/#\/schema\/person\/98479df0b7de019b3c06d6bb272a0adf\",\"name\":\"Olga Guerrisi\",\"image\":{\"@type\":\"ImageObject\",\"inLanguage\":\"it-IT\",\"@id\":\"https:\/\/secure.gravatar.com\/avatar\/9dab62960e02b81ed05da6f998de9c9657a30b82d4c5993fbf913fc5693f793d?s=96&d=mm&r=g\",\"url\":\"https:\/\/secure.gravatar.com\/avatar\/9dab62960e02b81ed05da6f998de9c9657a30b82d4c5993fbf913fc5693f793d?s=96&d=mm&r=g\",\"contentUrl\":\"https:\/\/secure.gravatar.com\/avatar\/9dab62960e02b81ed05da6f998de9c9657a30b82d4c5993fbf913fc5693f793d?s=96&d=mm&r=g\",\"caption\":\"Olga Guerrisi\"},\"url\":\"https:\/\/progettotouring.it\/radiotouring104\/author\/olga\/\"}]}<\/script>\n<!-- \/ Yoast SEO plugin. -->","yoast_head_json":{"title":"Calabria da record a Pasqua 2025: crescita storica per gli aeroporti","description":"Aeroporti +70%, oltre 33.000 arrivi in tre giorni e 12 milioni di euro di spesa turistica: la Calabria protagonista nella Pasqua 2025","robots":{"index":"index","follow":"follow","max-snippet":"max-snippet:-1","max-image-preview":"max-image-preview:large","max-video-preview":"max-video-preview:-1"},"canonical":"https:\/\/progettotouring.it\/radiotouring104\/2025\/04\/22\/calabria-da-record-a-pasqua-2025-boom-di-visitatori-e-crescita-storica-per-gli-aeroporti\/","og_locale":"it_IT","og_type":"article","og_title":"Calabria da record a Pasqua 2025: crescita storica per gli aeroporti","og_description":"Aeroporti +70%, oltre 33.000 arrivi in tre giorni e 12 milioni di euro di spesa turistica: la Calabria protagonista nella Pasqua 2025","og_url":"https:\/\/progettotouring.it\/radiotouring104\/2025\/04\/22\/calabria-da-record-a-pasqua-2025-boom-di-visitatori-e-crescita-storica-per-gli-aeroporti\/","og_site_name":"Radio Touring 104","article_published_time":"2025-04-22T16:47:51+00:00","og_image":[{"width":2560,"height":1707,"url":"https:\/\/progettotouring.it\/radiotouring104\/wp-content\/uploads\/sites\/6\/2023\/08\/Ita-Airways-Italia-Rimborso-Aeroporto-Stretto-scaled.jpg","type":"image\/jpeg"}],"author":"Olga Guerrisi","twitter_card":"summary_large_image","twitter_misc":{"Scritto da":"Olga Guerrisi","Tempo di lettura stimato":"1 minuto"},"schema":{"@context":"https:\/\/schema.org","@graph":[{"@type":"Article","@id":"https:\/\/progettotouring.it\/radiotouring104\/2025\/04\/22\/calabria-da-record-a-pasqua-2025-boom-di-visitatori-e-crescita-storica-per-gli-aeroporti\/#article","isPartOf":{"@id":"https:\/\/progettotouring.it\/radiotouring104\/2025\/04\/22\/calabria-da-record-a-pasqua-2025-boom-di-visitatori-e-crescita-storica-per-gli-aeroporti\/"},"author":{"name":"Olga Guerrisi","@id":"https:\/\/progettotouring.it\/radiotouring104\/#\/schema\/person\/98479df0b7de019b3c06d6bb272a0adf"},"headline":"Calabria da record a Pasqua 2025: boom di visitatori e crescita storica per gli aeroporti","datePublished":"2025-04-22T16:47:51+00:00","mainEntityOfPage":{"@id":"https:\/\/progettotouring.it\/radiotouring104\/2025\/04\/22\/calabria-da-record-a-pasqua-2025-boom-di-visitatori-e-crescita-storica-per-gli-aeroporti\/"},"wordCount":253,"publisher":{"@id":"https:\/\/progettotouring.it\/radiotouring104\/#organization"},"image":{"@id":"https:\/\/progettotouring.it\/radiotouring104\/2025\/04\/22\/calabria-da-record-a-pasqua-2025-boom-di-visitatori-e-crescita-storica-per-gli-aeroporti\/#primaryimage"},"thumbnailUrl":"https:\/\/progettotouring.it\/radiotouring104\/wp-content\/uploads\/sites\/6\/2023\/08\/Ita-Airways-Italia-Rimborso-Aeroporto-Stretto-scaled.jpg","keywords":["\u201cTurismo e Paesaggi Culturali\u201d","Aeroporti calabresi","boom visitatori","Presidente della regione Calabria Roberto Occhiuto","SACAL"],"articleSection":["Calabria","Home","Italia","News","Reggio Calabria"],"inLanguage":"it-IT"},{"@type":"WebPage","@id":"https:\/\/progettotouring.it\/radiotouring104\/2025\/04\/22\/calabria-da-record-a-pasqua-2025-boom-di-visitatori-e-crescita-storica-per-gli-aeroporti\/","url":"https:\/\/progettotouring.it\/radiotouring104\/2025\/04\/22\/calabria-da-record-a-pasqua-2025-boom-di-visitatori-e-crescita-storica-per-gli-aeroporti\/","name":"Calabria da record a Pasqua 2025: crescita storica per gli aeroporti","isPartOf":{"@id":"https:\/\/progettotouring.it\/radiotouring104\/#website"},"primaryImageOfPage":{"@id":"https:\/\/progettotouring.it\/radiotouring104\/2025\/04\/22\/calabria-da-record-a-pasqua-2025-boom-di-visitatori-e-crescita-storica-per-gli-aeroporti\/#primaryimage"},"image":{"@id":"https:\/\/progettotouring.it\/radiotouring104\/2025\/04\/22\/calabria-da-record-a-pasqua-2025-boom-di-visitatori-e-crescita-storica-per-gli-aeroporti\/#primaryimage"},"thumbnailUrl":"https:\/\/progettotouring.it\/radiotouring104\/wp-content\/uploads\/sites\/6\/2023\/08\/Ita-Airways-Italia-Rimborso-Aeroporto-Stretto-scaled.jpg","datePublished":"2025-04-22T16:47:51+00:00","description":"Aeroporti +70%, oltre 33.000 arrivi in tre giorni e 12 milioni di euro di spesa turistica: la Calabria protagonista nella Pasqua 2025","breadcrumb":{"@id":"https:\/\/progettotouring.it\/radiotouring104\/2025\/04\/22\/calabria-da-record-a-pasqua-2025-boom-di-visitatori-e-crescita-storica-per-gli-aeroporti\/#breadcrumb"},"inLanguage":"it-IT","potentialAction":[{"@type":"ReadAction","target":["https:\/\/progettotouring.it\/radiotouring104\/2025\/04\/22\/calabria-da-record-a-pasqua-2025-boom-di-visitatori-e-crescita-storica-per-gli-aeroporti\/"]}]},{"@type":"ImageObject","inLanguage":"it-IT","@id":"https:\/\/progettotouring.it\/radiotouring104\/2025\/04\/22\/calabria-da-record-a-pasqua-2025-boom-di-visitatori-e-crescita-storica-per-gli-aeroporti\/#primaryimage","url":"https:\/\/progettotouring.it\/radiotouring104\/wp-content\/uploads\/sites\/6\/2023\/08\/Ita-Airways-Italia-Rimborso-Aeroporto-Stretto-scaled.jpg","contentUrl":"https:\/\/progettotouring.it\/radiotouring104\/wp-content\/uploads\/sites\/6\/2023\/08\/Ita-Airways-Italia-Rimborso-Aeroporto-Stretto-scaled.jpg","width":2560,"height":1707},{"@type":"BreadcrumbList","@id":"https:\/\/progettotouring.it\/radiotouring104\/2025\/04\/22\/calabria-da-record-a-pasqua-2025-boom-di-visitatori-e-crescita-storica-per-gli-aeroporti\/#breadcrumb","itemListElement":[{"@type":"ListItem","position":1,"name":"Home","item":"https:\/\/progettotouring.it\/radiotouring104\/"},{"@type":"ListItem","position":2,"name":"Calabria da record a Pasqua 2025: boom di visitatori e crescita storica per gli aeroporti"}]},{"@type":"WebSite","@id":"https:\/\/progettotouring.it\/radiotouring104\/#website","url":"https:\/\/progettotouring.it\/radiotouring104\/","name":"Radio Touring 104","description":"La prima radio Reggina","publisher":{"@id":"https:\/\/progettotouring.it\/radiotouring104\/#organization"},"potentialAction":[{"@type":"SearchAction","target":{"@type":"EntryPoint","urlTemplate":"https:\/\/progettotouring.it\/radiotouring104\/?s={search_term_string}"},"query-input":{"@type":"PropertyValueSpecification","valueRequired":true,"valueName":"search_term_string"}}],"inLanguage":"it-IT"},{"@type":"Organization","@id":"https:\/\/progettotouring.it\/radiotouring104\/#organization","name":"Radio Touring 104","url":"https:\/\/progettotouring.it\/radiotouring104\/","logo":{"@type":"ImageObject","inLanguage":"it-IT","@id":"https:\/\/progettotouring.it\/radiotouring104\/#\/schema\/logo\/image\/","url":"https:\/\/progettotouring.it\/radiotouring104\/wp-content\/uploads\/sites\/6\/2022\/02\/cropped-logo-radio-touring-104.png","contentUrl":"https:\/\/progettotouring.it\/radiotouring104\/wp-content\/uploads\/sites\/6\/2022\/02\/cropped-logo-radio-touring-104.png","width":377,"height":182,"caption":"Radio Touring 104"},"image":{"@id":"https:\/\/progettotouring.it\/radiotouring104\/#\/schema\/logo\/image\/"}},{"@type":"Person","@id":"https:\/\/progettotouring.it\/radiotouring104\/#\/schema\/person\/98479df0b7de019b3c06d6bb272a0adf","name":"Olga Guerrisi","image":{"@type":"ImageObject","inLanguage":"it-IT","@id":"https:\/\/secure.gravatar.com\/avatar\/9dab62960e02b81ed05da6f998de9c9657a30b82d4c5993fbf913fc5693f793d?s=96&d=mm&r=g","url":"https:\/\/secure.gravatar.com\/avatar\/9dab62960e02b81ed05da6f998de9c9657a30b82d4c5993fbf913fc5693f793d?s=96&d=mm&r=g","contentUrl":"https:\/\/secure.gravatar.com\/avatar\/9dab62960e02b81ed05da6f998de9c9657a30b82d4c5993fbf913fc5693f793d?s=96&d=mm&r=g","caption":"Olga Guerrisi"},"url":"https:\/\/progettotouring.it\/radiotouring104\/author\/olga\/"}]}},"jetpack_publicize_connections":[],"jetpack_featured_media_url":"https:\/\/progettotouring.it\/radiotouring104\/wp-content\/uploads\/sites\/6\/2023\/08\/Ita-Airways-Italia-Rimborso-Aeroporto-Stretto-scaled.jpg","jetpack_sharing_enabled":true,"_links":{"self":[{"href":"https:\/\/progettotouring.it\/radiotouring104\/wp-json\/wp\/v2\/posts\/71799","targetHints":{"allow":["GET"]}}],"collection":[{"href":"https:\/\/progettotouring.it\/radiotouring104\/wp-json\/wp\/v2\/posts"}],"about":[{"href":"https:\/\/progettotouring.it\/radiotouring104\/wp-json\/wp\/v2\/types\/post"}],"author":[{"embeddable":true,"href":"https:\/\/progettotouring.it\/radiotouring104\/wp-json\/wp\/v2\/users\/26"}],"replies":[{"embeddable":true,"href":"https:\/\/progettotouring.it\/radiotouring104\/wp-json\/wp\/v2\/comments?post=71799"}],"version-history":[{"count":3,"href":"https:\/\/progettotouring.it\/radiotouring104\/wp-json\/wp\/v2\/posts\/71799\/revisions"}],"predecessor-version":[{"id":71834,"href":"https:\/\/progettotouring.it\/radiotouring104\/wp-json\/wp\/v2\/posts\/71799\/revisions\/71834"}],"wp:featuredmedia":[{"embeddable":true,"href":"https:\/\/progettotouring.it\/radiotouring104\/wp-json\/wp\/v2\/media\/33068"}],"wp:attachment":[{"href":"https:\/\/progettotouring.it\/radiotouring104\/wp-json\/wp\/v2\/media?parent=71799"}],"wp:term":[{"taxonomy":"category","embeddable":true,"href":"https:\/\/progettotouring.it\/radiotouring104\/wp-json\/wp\/v2\/categories?post=71799"},{"taxonomy":"post_tag","embeddable":true,"href":"https:\/\/progettotouring.it\/radiotouring104\/wp-json\/wp\/v2\/tags?post=71799"}],"curies":[{"name":"wp","href":"https:\/\/api.w.org\/{rel}","templated":true}]}}