{"id":71806,"date":"2025-04-22T17:37:00","date_gmt":"2025-04-22T15:37:00","guid":{"rendered":"https:\/\/progettotouring.it\/radiotouring104\/?p=71806"},"modified":"2025-04-22T17:37:00","modified_gmt":"2025-04-22T15:37:00","slug":"il-sindaco-accoglie-a-palazzo-san-giorgio-rappresentanti-istituzionali-bielorussi","status":"publish","type":"post","link":"https:\/\/progettotouring.it\/radiotouring104\/2025\/04\/22\/il-sindaco-accoglie-a-palazzo-san-giorgio-rappresentanti-istituzionali-bielorussi\/","title":{"rendered":"Il Sindaco accoglie a Palazzo San Giorgio rappresentanti istituzionali bielorussi"},"content":{"rendered":"<p class=\"xmprfx_MsoNormal\"><span style=\"font-size: large\">Si \u00e8 svolto nella mattinata di oggi, marted\u00ec 22 aprile, presso il Salotto Rosso di Palazzo San Giorgio, un incontro istituzionale tra il Sindaco di Reggio Calabria, Giuseppe Falcomat\u00e0, il Consigliere dell\u2019Ambasciata della Repubblica di Bielorussia in Italia,\u00a0Kiryl Piatrouski, e il Console Onorario della Repubblica di Bielorussia per la Calabria e la Sicilia,\u00a0Franco Milasi.<\/span><\/p>\n<p class=\"xmprfx_MsoNormal\"><span style=\"font-size: large\">\u00a0<\/span><span style=\"font-size: large\">Un momento di grande valore simbolico e umano che ha rinsaldato i profondi legami di amicizia e solidariet\u00e0 tra la comunit\u00e0 reggina e il popolo bielorusso nati all\u2019indomani della tragedia di Chernobyl e cresciuti attraverso il tempo grazie all\u2019impegno di tante famiglie del territorio, all\u2019azione del Consolato Onorario ed al supporto costante delle Istituzioni locali.<\/span><\/p>\n<p class=\"xmprfx_MsoNormal\"><span style=\"font-size: large\">\u00a0<\/span><span style=\"font-size: large\">Il Consigliere Piatrouski ha espresso sincera gratitudine per la calorosa accoglienza ricevuta ricordando il ruolo fondamentale che Reggio Calabria ha avuto nell\u2019ospitare centinaia di bambini bielorussi, definiti \u201cpiccoli ambasciatori di Bielorussia\u201d, che hanno trovato nella citt\u00e0 una seconda casa, portando con s\u00e9 al ritorno l\u2019immagine di un\u2019Italia amica.<\/span><\/p>\n<p class=\"xmprfx_MsoNormal\"><span style=\"font-size: large\">\u00a0<\/span><span style=\"font-size: large\">\u00abIn questi tempi difficili \u2013 ha dichiarato Piatrouski \u2013 \u00e8 ancora pi\u00f9 importante mantenere vivi i rapporti tra i nostri popoli. Oggi siamo qui non solo per ringraziare, ma per continuare a costruire ponti culturali, umanitari e, speriamo presto, anche commerciali\u00bb.<\/span><\/p>\n<p class=\"xmprfx_MsoNormal\"><span style=\"font-size: large\">\u00a0<\/span><span style=\"font-size: large\">Il Console Onorario Franco Milasi ha sottolineato come il legame tra Reggio Calabria e la Bielorussia abbia radici profonde e concrete: \u00abSono passati quasi 39 anni dall\u2019incidente di Chernobyl, ma molte di quelle storie vivono ancora qui. Alcuni bambini accolti allora oggi lavorano, studiano o si sono integrati perfettamente nel nostro tessuto sociale. \u00c8 un onore per noi averli tra i cittadini reggini\u00bb.<\/span><\/p>\n<p class=\"xmprfx_MsoNormal\"><span style=\"font-size: large\">\u00a0<\/span><span style=\"font-size: large\">Nel corso dell\u2019incontro \u00e8 stata inoltre ribadita la volont\u00e0 comune di riprendere il percorso per l\u2019attivazione di un gemellaggio tra Reggio Calabria e la citt\u00e0 bielorussa di Mogil\u00ebv, gi\u00e0 avviato in passato ma temporaneamente sospeso a causa delle criticit\u00e0 internazionali. Un&#8217;iniziativa che, come sottolineato dai presenti, rappresenterebbe un ulteriore passo avanti nella costruzione di un dialogo stabile e fruttuoso tra i due territori.<\/span><\/p>\n<p class=\"xmprfx_MsoNormal\"><span style=\"font-size: large\">\u00a0<\/span><span style=\"font-size: large\">Il Sindaco Falcomat\u00e0 ha accolto con affetto la delegazione, rievocando con emozione i ricordi dell\u2019infanzia, quando, da bambino, vide tante famiglie della citt\u00e0 aprire le porte delle loro case con naturale generosit\u00e0. \u00abLa nostra \u00e8 una citt\u00e0 dalla forte vocazione all\u2019accoglienza. Questo incontro ci ricorda che i valori della solidariet\u00e0 e dell\u2019accoglienza sono parte integrante del nostro patrimonio umano tradizionale: non a caso lo slogan per il riconoscimento di Capitale della Cultura \u00e8 stato proprio quello di\u00a0Reggio Cuore del Mediterraneo\u00bb.<\/span><\/p>\n<p class=\"xmprfx_MsoNormal\"><span style=\"font-size: large\">\u00a0<\/span><span style=\"font-size: large\">Durante l\u2019incontro, si \u00e8 parlato anche di possibili sviluppi commerciali tra le imprese reggine e quelle bielorusse, con particolare interesse per il settore agroalimentare.<\/span><\/p>\n<p class=\"xmprfx_MsoNormal\"><span style=\"font-size: large\">La delegazione visiter\u00e0, infatti, i massimi esponenti della Camera di Commercio, gettando le basi per nuove collaborazioni rispetto all\u2019interscambio commerciale su alcuni prodotti.<\/span><\/p>\n<p class=\"xmprfx_MsoNormal\"><span style=\"font-size: large\">\u00a0<\/span><span style=\"font-size: large\">Il Sindaco ha omaggiato il Consigliere Piatrouski con una copia di una pubblicazione realizzata in occasione del 50\u00b0 anniversario della scoperta dei Bronzi di Riace, simbolo della millenaria storia e della ricchezza culturale della Citt\u00e0 di Reggio Calabria ricevendo, a sua volta, dei doni di oggetti e prodotti simbolo della Bielorussia.<\/span><\/p>\n<p class=\"xmprfx_MsoNormal\" align=\"center\">\n","protected":false},"excerpt":{"rendered":"<p>Si \u00e8 svolto nella mattinata di oggi, marted\u00ec 22 aprile, presso il Salotto Rosso di Palazzo San Giorgio, un incontro istituzionale tra il Sindaco di Reggio Calabria, Giuseppe Falcomat\u00e0, il&hellip;<\/p>\n","protected":false},"author":19,"featured_media":71807,"comment_status":"closed","ping_status":"open","sticky":false,"template":"","format":"standard","meta":{"_jetpack_memberships_contains_paid_content":false,"footnotes":"","jetpack_publicize_message":"","jetpack_publicize_feature_enabled":true,"jetpack_social_post_already_shared":true,"jetpack_social_options":{"image_generator_settings":{"template":"highway","default_image_id":0,"font":"","enabled":false},"version":2}},"categories":[921,196,140],"tags":[],"class_list":["post-71806","post","type-post","status-publish","format-standard","has-post-thumbnail","hentry","category-home","category-news","category-reggio-calabria"],"yoast_head":"<!-- This site is optimized with the Yoast SEO plugin v27.2 - https:\/\/yoast.com\/product\/yoast-seo-wordpress\/ -->\n<title>Il Sindaco accoglie a Palazzo San Giorgio rappresentanti istituzionali bielorussi - Radio Touring 104<\/title>\n<meta name=\"description\" content=\"Falcomat\u00e0 ha incontrato il Consigliere dell\u2019Ambasciata Piatrouski e il Console Onorario Franco Milasi\" \/>\n<meta name=\"robots\" content=\"index, follow, max-snippet:-1, max-image-preview:large, max-video-preview:-1\" \/>\n<link rel=\"canonical\" href=\"https:\/\/progettotouring.it\/radiotouring104\/2025\/04\/22\/il-sindaco-accoglie-a-palazzo-san-giorgio-rappresentanti-istituzionali-bielorussi\/\" \/>\n<meta property=\"og:locale\" content=\"it_IT\" \/>\n<meta property=\"og:type\" content=\"article\" \/>\n<meta property=\"og:title\" content=\"Il Sindaco accoglie a Palazzo San Giorgio rappresentanti istituzionali bielorussi - Radio Touring 104\" \/>\n<meta property=\"og:description\" content=\"Falcomat\u00e0 ha incontrato il Consigliere dell\u2019Ambasciata Piatrouski e il Console Onorario Franco Milasi\" \/>\n<meta property=\"og:url\" content=\"https:\/\/progettotouring.it\/radiotouring104\/2025\/04\/22\/il-sindaco-accoglie-a-palazzo-san-giorgio-rappresentanti-istituzionali-bielorussi\/\" \/>\n<meta property=\"og:site_name\" content=\"Radio Touring 104\" \/>\n<meta property=\"article:published_time\" content=\"2025-04-22T15:37:00+00:00\" \/>\n<meta property=\"og:image\" content=\"https:\/\/progettotouring.it\/radiotouring104\/wp-content\/uploads\/sites\/6\/2025\/04\/Bielorussia1.jpeg\" \/>\n\t<meta property=\"og:image:width\" content=\"1600\" \/>\n\t<meta property=\"og:image:height\" content=\"900\" \/>\n\t<meta property=\"og:image:type\" content=\"image\/jpeg\" \/>\n<meta name=\"author\" content=\"S L\" \/>\n<meta name=\"twitter:card\" content=\"summary_large_image\" \/>\n<meta name=\"twitter:label1\" content=\"Scritto da\" \/>\n\t<meta name=\"twitter:data1\" content=\"S L\" \/>\n\t<meta name=\"twitter:label2\" content=\"Tempo di lettura stimato\" \/>\n\t<meta name=\"twitter:data2\" content=\"3 minuti\" \/>\n<script type=\"application\/ld+json\" class=\"yoast-schema-graph\">{\"@context\":\"https:\/\/schema.org\",\"@graph\":[{\"@type\":\"Article\",\"@id\":\"https:\/\/progettotouring.it\/radiotouring104\/2025\/04\/22\/il-sindaco-accoglie-a-palazzo-san-giorgio-rappresentanti-istituzionali-bielorussi\/#article\",\"isPartOf\":{\"@id\":\"https:\/\/progettotouring.it\/radiotouring104\/2025\/04\/22\/il-sindaco-accoglie-a-palazzo-san-giorgio-rappresentanti-istituzionali-bielorussi\/\"},\"author\":{\"name\":\"S L\",\"@id\":\"https:\/\/progettotouring.it\/radiotouring104\/#\/schema\/person\/b9f9c3730b0a78814c9b9f3bfc52c619\"},\"headline\":\"Il Sindaco accoglie a Palazzo San Giorgio rappresentanti istituzionali bielorussi\",\"datePublished\":\"2025-04-22T15:37:00+00:00\",\"mainEntityOfPage\":{\"@id\":\"https:\/\/progettotouring.it\/radiotouring104\/2025\/04\/22\/il-sindaco-accoglie-a-palazzo-san-giorgio-rappresentanti-istituzionali-bielorussi\/\"},\"wordCount\":519,\"publisher\":{\"@id\":\"https:\/\/progettotouring.it\/radiotouring104\/#organization\"},\"image\":{\"@id\":\"https:\/\/progettotouring.it\/radiotouring104\/2025\/04\/22\/il-sindaco-accoglie-a-palazzo-san-giorgio-rappresentanti-istituzionali-bielorussi\/#primaryimage\"},\"thumbnailUrl\":\"https:\/\/progettotouring.it\/radiotouring104\/wp-content\/uploads\/sites\/6\/2025\/04\/Bielorussia1.jpeg\",\"articleSection\":[\"Home\",\"News\",\"Reggio Calabria\"],\"inLanguage\":\"it-IT\"},{\"@type\":\"WebPage\",\"@id\":\"https:\/\/progettotouring.it\/radiotouring104\/2025\/04\/22\/il-sindaco-accoglie-a-palazzo-san-giorgio-rappresentanti-istituzionali-bielorussi\/\",\"url\":\"https:\/\/progettotouring.it\/radiotouring104\/2025\/04\/22\/il-sindaco-accoglie-a-palazzo-san-giorgio-rappresentanti-istituzionali-bielorussi\/\",\"name\":\"Il Sindaco accoglie a Palazzo San Giorgio rappresentanti istituzionali bielorussi - Radio Touring 104\",\"isPartOf\":{\"@id\":\"https:\/\/progettotouring.it\/radiotouring104\/#website\"},\"primaryImageOfPage\":{\"@id\":\"https:\/\/progettotouring.it\/radiotouring104\/2025\/04\/22\/il-sindaco-accoglie-a-palazzo-san-giorgio-rappresentanti-istituzionali-bielorussi\/#primaryimage\"},\"image\":{\"@id\":\"https:\/\/progettotouring.it\/radiotouring104\/2025\/04\/22\/il-sindaco-accoglie-a-palazzo-san-giorgio-rappresentanti-istituzionali-bielorussi\/#primaryimage\"},\"thumbnailUrl\":\"https:\/\/progettotouring.it\/radiotouring104\/wp-content\/uploads\/sites\/6\/2025\/04\/Bielorussia1.jpeg\",\"datePublished\":\"2025-04-22T15:37:00+00:00\",\"description\":\"Falcomat\u00e0 ha incontrato il Consigliere dell\u2019Ambasciata Piatrouski e il Console Onorario Franco Milasi\",\"breadcrumb\":{\"@id\":\"https:\/\/progettotouring.it\/radiotouring104\/2025\/04\/22\/il-sindaco-accoglie-a-palazzo-san-giorgio-rappresentanti-istituzionali-bielorussi\/#breadcrumb\"},\"inLanguage\":\"it-IT\",\"potentialAction\":[{\"@type\":\"ReadAction\",\"target\":[\"https:\/\/progettotouring.it\/radiotouring104\/2025\/04\/22\/il-sindaco-accoglie-a-palazzo-san-giorgio-rappresentanti-istituzionali-bielorussi\/\"]}]},{\"@type\":\"ImageObject\",\"inLanguage\":\"it-IT\",\"@id\":\"https:\/\/progettotouring.it\/radiotouring104\/2025\/04\/22\/il-sindaco-accoglie-a-palazzo-san-giorgio-rappresentanti-istituzionali-bielorussi\/#primaryimage\",\"url\":\"https:\/\/progettotouring.it\/radiotouring104\/wp-content\/uploads\/sites\/6\/2025\/04\/Bielorussia1.jpeg\",\"contentUrl\":\"https:\/\/progettotouring.it\/radiotouring104\/wp-content\/uploads\/sites\/6\/2025\/04\/Bielorussia1.jpeg\",\"width\":1600,\"height\":900},{\"@type\":\"BreadcrumbList\",\"@id\":\"https:\/\/progettotouring.it\/radiotouring104\/2025\/04\/22\/il-sindaco-accoglie-a-palazzo-san-giorgio-rappresentanti-istituzionali-bielorussi\/#breadcrumb\",\"itemListElement\":[{\"@type\":\"ListItem\",\"position\":1,\"name\":\"Home\",\"item\":\"https:\/\/progettotouring.it\/radiotouring104\/\"},{\"@type\":\"ListItem\",\"position\":2,\"name\":\"Il Sindaco accoglie a Palazzo San Giorgio rappresentanti istituzionali bielorussi\"}]},{\"@type\":\"WebSite\",\"@id\":\"https:\/\/progettotouring.it\/radiotouring104\/#website\",\"url\":\"https:\/\/progettotouring.it\/radiotouring104\/\",\"name\":\"Radio Touring 104\",\"description\":\"La prima radio Reggina\",\"publisher\":{\"@id\":\"https:\/\/progettotouring.it\/radiotouring104\/#organization\"},\"potentialAction\":[{\"@type\":\"SearchAction\",\"target\":{\"@type\":\"EntryPoint\",\"urlTemplate\":\"https:\/\/progettotouring.it\/radiotouring104\/?s={search_term_string}\"},\"query-input\":{\"@type\":\"PropertyValueSpecification\",\"valueRequired\":true,\"valueName\":\"search_term_string\"}}],\"inLanguage\":\"it-IT\"},{\"@type\":\"Organization\",\"@id\":\"https:\/\/progettotouring.it\/radiotouring104\/#organization\",\"name\":\"Radio Touring 104\",\"url\":\"https:\/\/progettotouring.it\/radiotouring104\/\",\"logo\":{\"@type\":\"ImageObject\",\"inLanguage\":\"it-IT\",\"@id\":\"https:\/\/progettotouring.it\/radiotouring104\/#\/schema\/logo\/image\/\",\"url\":\"https:\/\/progettotouring.it\/radiotouring104\/wp-content\/uploads\/sites\/6\/2022\/02\/cropped-logo-radio-touring-104.png\",\"contentUrl\":\"https:\/\/progettotouring.it\/radiotouring104\/wp-content\/uploads\/sites\/6\/2022\/02\/cropped-logo-radio-touring-104.png\",\"width\":377,\"height\":182,\"caption\":\"Radio Touring 104\"},\"image\":{\"@id\":\"https:\/\/progettotouring.it\/radiotouring104\/#\/schema\/logo\/image\/\"}},{\"@type\":\"Person\",\"@id\":\"https:\/\/progettotouring.it\/radiotouring104\/#\/schema\/person\/b9f9c3730b0a78814c9b9f3bfc52c619\",\"name\":\"S L\",\"image\":{\"@type\":\"ImageObject\",\"inLanguage\":\"it-IT\",\"@id\":\"https:\/\/secure.gravatar.com\/avatar\/652c51789d7030aaed9ff828331360502a68204fe6fb0831bc280515210e16d2?s=96&d=mm&r=g\",\"url\":\"https:\/\/secure.gravatar.com\/avatar\/652c51789d7030aaed9ff828331360502a68204fe6fb0831bc280515210e16d2?s=96&d=mm&r=g\",\"contentUrl\":\"https:\/\/secure.gravatar.com\/avatar\/652c51789d7030aaed9ff828331360502a68204fe6fb0831bc280515210e16d2?s=96&d=mm&r=g\",\"caption\":\"S L\"},\"url\":\"https:\/\/progettotouring.it\/radiotouring104\/author\/slibri\/\"}]}<\/script>\n<!-- \/ Yoast SEO plugin. -->","yoast_head_json":{"title":"Il Sindaco accoglie a Palazzo San Giorgio rappresentanti istituzionali bielorussi - Radio Touring 104","description":"Falcomat\u00e0 ha incontrato il Consigliere dell\u2019Ambasciata Piatrouski e il Console Onorario Franco Milasi","robots":{"index":"index","follow":"follow","max-snippet":"max-snippet:-1","max-image-preview":"max-image-preview:large","max-video-preview":"max-video-preview:-1"},"canonical":"https:\/\/progettotouring.it\/radiotouring104\/2025\/04\/22\/il-sindaco-accoglie-a-palazzo-san-giorgio-rappresentanti-istituzionali-bielorussi\/","og_locale":"it_IT","og_type":"article","og_title":"Il Sindaco accoglie a Palazzo San Giorgio rappresentanti istituzionali bielorussi - Radio Touring 104","og_description":"Falcomat\u00e0 ha incontrato il Consigliere dell\u2019Ambasciata Piatrouski e il Console Onorario Franco Milasi","og_url":"https:\/\/progettotouring.it\/radiotouring104\/2025\/04\/22\/il-sindaco-accoglie-a-palazzo-san-giorgio-rappresentanti-istituzionali-bielorussi\/","og_site_name":"Radio Touring 104","article_published_time":"2025-04-22T15:37:00+00:00","og_image":[{"width":1600,"height":900,"url":"https:\/\/progettotouring.it\/radiotouring104\/wp-content\/uploads\/sites\/6\/2025\/04\/Bielorussia1.jpeg","type":"image\/jpeg"}],"author":"S L","twitter_card":"summary_large_image","twitter_misc":{"Scritto da":"S L","Tempo di lettura stimato":"3 minuti"},"schema":{"@context":"https:\/\/schema.org","@graph":[{"@type":"Article","@id":"https:\/\/progettotouring.it\/radiotouring104\/2025\/04\/22\/il-sindaco-accoglie-a-palazzo-san-giorgio-rappresentanti-istituzionali-bielorussi\/#article","isPartOf":{"@id":"https:\/\/progettotouring.it\/radiotouring104\/2025\/04\/22\/il-sindaco-accoglie-a-palazzo-san-giorgio-rappresentanti-istituzionali-bielorussi\/"},"author":{"name":"S L","@id":"https:\/\/progettotouring.it\/radiotouring104\/#\/schema\/person\/b9f9c3730b0a78814c9b9f3bfc52c619"},"headline":"Il Sindaco accoglie a Palazzo San Giorgio rappresentanti istituzionali bielorussi","datePublished":"2025-04-22T15:37:00+00:00","mainEntityOfPage":{"@id":"https:\/\/progettotouring.it\/radiotouring104\/2025\/04\/22\/il-sindaco-accoglie-a-palazzo-san-giorgio-rappresentanti-istituzionali-bielorussi\/"},"wordCount":519,"publisher":{"@id":"https:\/\/progettotouring.it\/radiotouring104\/#organization"},"image":{"@id":"https:\/\/progettotouring.it\/radiotouring104\/2025\/04\/22\/il-sindaco-accoglie-a-palazzo-san-giorgio-rappresentanti-istituzionali-bielorussi\/#primaryimage"},"thumbnailUrl":"https:\/\/progettotouring.it\/radiotouring104\/wp-content\/uploads\/sites\/6\/2025\/04\/Bielorussia1.jpeg","articleSection":["Home","News","Reggio Calabria"],"inLanguage":"it-IT"},{"@type":"WebPage","@id":"https:\/\/progettotouring.it\/radiotouring104\/2025\/04\/22\/il-sindaco-accoglie-a-palazzo-san-giorgio-rappresentanti-istituzionali-bielorussi\/","url":"https:\/\/progettotouring.it\/radiotouring104\/2025\/04\/22\/il-sindaco-accoglie-a-palazzo-san-giorgio-rappresentanti-istituzionali-bielorussi\/","name":"Il Sindaco accoglie a Palazzo San Giorgio rappresentanti istituzionali bielorussi - Radio Touring 104","isPartOf":{"@id":"https:\/\/progettotouring.it\/radiotouring104\/#website"},"primaryImageOfPage":{"@id":"https:\/\/progettotouring.it\/radiotouring104\/2025\/04\/22\/il-sindaco-accoglie-a-palazzo-san-giorgio-rappresentanti-istituzionali-bielorussi\/#primaryimage"},"image":{"@id":"https:\/\/progettotouring.it\/radiotouring104\/2025\/04\/22\/il-sindaco-accoglie-a-palazzo-san-giorgio-rappresentanti-istituzionali-bielorussi\/#primaryimage"},"thumbnailUrl":"https:\/\/progettotouring.it\/radiotouring104\/wp-content\/uploads\/sites\/6\/2025\/04\/Bielorussia1.jpeg","datePublished":"2025-04-22T15:37:00+00:00","description":"Falcomat\u00e0 ha incontrato il Consigliere dell\u2019Ambasciata Piatrouski e il Console Onorario Franco Milasi","breadcrumb":{"@id":"https:\/\/progettotouring.it\/radiotouring104\/2025\/04\/22\/il-sindaco-accoglie-a-palazzo-san-giorgio-rappresentanti-istituzionali-bielorussi\/#breadcrumb"},"inLanguage":"it-IT","potentialAction":[{"@type":"ReadAction","target":["https:\/\/progettotouring.it\/radiotouring104\/2025\/04\/22\/il-sindaco-accoglie-a-palazzo-san-giorgio-rappresentanti-istituzionali-bielorussi\/"]}]},{"@type":"ImageObject","inLanguage":"it-IT","@id":"https:\/\/progettotouring.it\/radiotouring104\/2025\/04\/22\/il-sindaco-accoglie-a-palazzo-san-giorgio-rappresentanti-istituzionali-bielorussi\/#primaryimage","url":"https:\/\/progettotouring.it\/radiotouring104\/wp-content\/uploads\/sites\/6\/2025\/04\/Bielorussia1.jpeg","contentUrl":"https:\/\/progettotouring.it\/radiotouring104\/wp-content\/uploads\/sites\/6\/2025\/04\/Bielorussia1.jpeg","width":1600,"height":900},{"@type":"BreadcrumbList","@id":"https:\/\/progettotouring.it\/radiotouring104\/2025\/04\/22\/il-sindaco-accoglie-a-palazzo-san-giorgio-rappresentanti-istituzionali-bielorussi\/#breadcrumb","itemListElement":[{"@type":"ListItem","position":1,"name":"Home","item":"https:\/\/progettotouring.it\/radiotouring104\/"},{"@type":"ListItem","position":2,"name":"Il Sindaco accoglie a Palazzo San Giorgio rappresentanti istituzionali bielorussi"}]},{"@type":"WebSite","@id":"https:\/\/progettotouring.it\/radiotouring104\/#website","url":"https:\/\/progettotouring.it\/radiotouring104\/","name":"Radio Touring 104","description":"La prima radio Reggina","publisher":{"@id":"https:\/\/progettotouring.it\/radiotouring104\/#organization"},"potentialAction":[{"@type":"SearchAction","target":{"@type":"EntryPoint","urlTemplate":"https:\/\/progettotouring.it\/radiotouring104\/?s={search_term_string}"},"query-input":{"@type":"PropertyValueSpecification","valueRequired":true,"valueName":"search_term_string"}}],"inLanguage":"it-IT"},{"@type":"Organization","@id":"https:\/\/progettotouring.it\/radiotouring104\/#organization","name":"Radio Touring 104","url":"https:\/\/progettotouring.it\/radiotouring104\/","logo":{"@type":"ImageObject","inLanguage":"it-IT","@id":"https:\/\/progettotouring.it\/radiotouring104\/#\/schema\/logo\/image\/","url":"https:\/\/progettotouring.it\/radiotouring104\/wp-content\/uploads\/sites\/6\/2022\/02\/cropped-logo-radio-touring-104.png","contentUrl":"https:\/\/progettotouring.it\/radiotouring104\/wp-content\/uploads\/sites\/6\/2022\/02\/cropped-logo-radio-touring-104.png","width":377,"height":182,"caption":"Radio Touring 104"},"image":{"@id":"https:\/\/progettotouring.it\/radiotouring104\/#\/schema\/logo\/image\/"}},{"@type":"Person","@id":"https:\/\/progettotouring.it\/radiotouring104\/#\/schema\/person\/b9f9c3730b0a78814c9b9f3bfc52c619","name":"S L","image":{"@type":"ImageObject","inLanguage":"it-IT","@id":"https:\/\/secure.gravatar.com\/avatar\/652c51789d7030aaed9ff828331360502a68204fe6fb0831bc280515210e16d2?s=96&d=mm&r=g","url":"https:\/\/secure.gravatar.com\/avatar\/652c51789d7030aaed9ff828331360502a68204fe6fb0831bc280515210e16d2?s=96&d=mm&r=g","contentUrl":"https:\/\/secure.gravatar.com\/avatar\/652c51789d7030aaed9ff828331360502a68204fe6fb0831bc280515210e16d2?s=96&d=mm&r=g","caption":"S L"},"url":"https:\/\/progettotouring.it\/radiotouring104\/author\/slibri\/"}]}},"jetpack_publicize_connections":[],"jetpack_featured_media_url":"https:\/\/progettotouring.it\/radiotouring104\/wp-content\/uploads\/sites\/6\/2025\/04\/Bielorussia1.jpeg","jetpack_sharing_enabled":true,"_links":{"self":[{"href":"https:\/\/progettotouring.it\/radiotouring104\/wp-json\/wp\/v2\/posts\/71806","targetHints":{"allow":["GET"]}}],"collection":[{"href":"https:\/\/progettotouring.it\/radiotouring104\/wp-json\/wp\/v2\/posts"}],"about":[{"href":"https:\/\/progettotouring.it\/radiotouring104\/wp-json\/wp\/v2\/types\/post"}],"author":[{"embeddable":true,"href":"https:\/\/progettotouring.it\/radiotouring104\/wp-json\/wp\/v2\/users\/19"}],"replies":[{"embeddable":true,"href":"https:\/\/progettotouring.it\/radiotouring104\/wp-json\/wp\/v2\/comments?post=71806"}],"version-history":[{"count":1,"href":"https:\/\/progettotouring.it\/radiotouring104\/wp-json\/wp\/v2\/posts\/71806\/revisions"}],"predecessor-version":[{"id":71808,"href":"https:\/\/progettotouring.it\/radiotouring104\/wp-json\/wp\/v2\/posts\/71806\/revisions\/71808"}],"wp:featuredmedia":[{"embeddable":true,"href":"https:\/\/progettotouring.it\/radiotouring104\/wp-json\/wp\/v2\/media\/71807"}],"wp:attachment":[{"href":"https:\/\/progettotouring.it\/radiotouring104\/wp-json\/wp\/v2\/media?parent=71806"}],"wp:term":[{"taxonomy":"category","embeddable":true,"href":"https:\/\/progettotouring.it\/radiotouring104\/wp-json\/wp\/v2\/categories?post=71806"},{"taxonomy":"post_tag","embeddable":true,"href":"https:\/\/progettotouring.it\/radiotouring104\/wp-json\/wp\/v2\/tags?post=71806"}],"curies":[{"name":"wp","href":"https:\/\/api.w.org\/{rel}","templated":true}]}}