{"id":71809,"date":"2025-04-22T17:47:01","date_gmt":"2025-04-22T15:47:01","guid":{"rendered":"https:\/\/progettotouring.it\/radiotouring104\/?p=71809"},"modified":"2025-04-22T17:47:01","modified_gmt":"2025-04-22T15:47:01","slug":"oggi-riunione-della-nona-commissione-consiliare-controllo-e-garanzia","status":"publish","type":"post","link":"https:\/\/progettotouring.it\/radiotouring104\/2025\/04\/22\/oggi-riunione-della-nona-commissione-consiliare-controllo-e-garanzia\/","title":{"rendered":"Oggi riunione della nona Commissione Consiliare &#8211; Controllo e Garanzia"},"content":{"rendered":"<p class=\"xmprfx_MsoNormal\"><span style=\"font-family: trebuchet ms, sans-serif;font-size: large\">Oggi si \u00e8 tenuta la \u00a0seduta della nona Commissione consiliare Permanente &#8220;Controllo e Garanzia&#8221;, presieduta dal Consigliere comunale Massimo Ripepi, che ha visto l\u2019audizione dell&#8217; avv. Fedora Squillaci, dirigente dell\u2019Avvocatura Civica del Comune di Reggio Calabria, in merito alla missiva inviata dal dirigente Francesco Minutolo, n.q. di Datore di Lavoro dell\u2019Ente,\u00a0 sulla questione dell\u2019agibilit\u00e0 di diverse strutture comunali, tra cui il Cedir.<\/span><\/p>\n<p class=\"xmprfx_MsoNormal\"><span style=\"font-family: trebuchet ms, sans-serif;font-size: large\">Durante l\u2019audizione, il presidente Ripepi ha posto una serie di interrogativi volti a chiarire natura, effetti e conseguenze della comunicazione del Datore di lavoro Minutolo.<\/span><\/p>\n<p class=\"xmprfx_MsoNormal\"><span style=\"font-family: trebuchet ms, sans-serif;font-size: large\">Sulla natura giuridica della comunicazione del Datore di lavoro \u00e8 stato infatti richiesto di chiarire se la missiva in oggetto, contenente indicazioni operative come l\u2019attivazione dello smart working in assenza di certificazione antincendio, debba essere considerata una proposta non vincolante o, al contrario, una disposizione esecutiva con effetti diretti sull\u2019azione amministrativa dei dirigenti. In sede di audizione, \u00e8 stato evidenziato dallo stesso presidente Ripepi, secondo un&#8217;interpretazione condivisa da parte dei colleghi di minoranza, che l\u2019atto in questione potrebbe configurarsi come una disposizione con rilevanza operativa ed eventuale trasferimento di responsabilit\u00e0 ai dirigenti destinatari.<\/span><\/p>\n<p class=\"xmprfx_MsoNormal\"><span style=\"font-family: trebuchet ms, sans-serif;font-size: large\">Sulle responsabilit\u00e0 dirigenziali \u00e8 stato chiesto se, nello specifico, in caso di mancata attuazione delle indicazioni contenute nella comunicazione possano eventualmente configurarsi responsabilit\u00e0 dirigenziali -anche di natura penale- per omissione di atti d\u2019ufficio. La dirigente Fedora Squillaci ha specificato, in tal senso, che ogni responsabilit\u00e0 \u00e8 da ricondurre agli atti assunti successivamente alla riunione tecnica tenutasi con i tutti gli altri dirigenti -coordinati, in assenza del direttore generale, dalla segretaria generale- assieme responsabile della sicurezza e l\u2019EQ di riferimento di settore oltre che al Datore di lavoro; riunione \u00a0durante la quale sono stati forniti chiarimenti precisi e definite le misure da adottare rispetto ad ogni specifica sede; inclusi i locali del Cedir: misure successivamente adottate a tutela dei lavoratori e dell\u2019Ente.<\/span><\/p>\n<p class=\"xmprfx_MsoNormal\"><span style=\"font-family: trebuchet ms, sans-serif;font-size: large\">Sulla non agibilit\u00e0 degli uffici \u00e8 stata sollevata dal presidente di Commissione la questione dell\u2019eventuale responsabilit\u00e0 politica per il mancato stanziamento di risorse finalizzate alla messa in sicurezza degli immobili comunali, nonostante \u2013 come riportato \u2013 vi fossero segnalazioni pregresse documentate da parte dell\u2019ex dirigente, nonch\u00e9 Datore di lavoro, ingegner Marcello Romano.<\/span><\/p>\n<p class=\"xmprfx_MsoNormal\"><span style=\"font-family: trebuchet ms, sans-serif;font-size: large\">La dirigente Squillaci ha dichiarato di non essere a conoscenza del contenuto delle note richiamate per poter rispondere in modo oggettivo; precisando che la programmazione degli interventi \u00e8 subordinata alle decisioni politiche del Consiglio comunale, che approva il bilancio. \u00c8 stato altres\u00ec riferito dalla stessa che, nel corso degli ultimi anni, sono stati eseguiti interventi di adeguamento e manutenzione importanti; in particolare presso il complesso Cedir.\u00a0 Interventi verificabili da chiunque che attesterebbero lavori significativi in risposta proprio alle istanze anche di precedenti Datori di lavoro.<\/span><\/p>\n<p class=\"xmprfx_MsoNormal\"><span style=\"font-family: trebuchet ms, sans-serif;font-size: large\">Sul piano formale, \u00e8 stato inoltre sottolineato dalla Squillaci che la comunicazione del Datore di Lavoro era stata protocollata come \u201criservata\u201d e che la sua diffusione anticipata, prima che ne venissero informati tutti i destinatari ufficiali, rappresenta un\u2019anomalia amministrativa oggetto di verifica interna che sar\u00e0, a fine istruttoria, oggetto di valutazione per eventuali querele per un ingiustificato allarmismo a seguito di notizie errate diffuse da alcune testate giornalistiche.<\/span><\/p>\n<p class=\"xmprfx_MsoNormal\"><span style=\"font-family: trebuchet ms, sans-serif;font-size: large\">Durante la seduta, \u00e8 intervenuta anche la consigliera comunale Angela Marcian\u00f2, gi\u00e0 assessore comunale ai lavori pubblici della prima giunta Falcomat\u00e0, che ha evidenziato come le criticit\u00e0 strutturali e impiantistiche delle sedi comunali fossero note da tempo; tanto che, come gi\u00e0 in passato, diversi Datori di lavoro avevano sollevato analoghi problemi, arrivando anche a rassegnare le dimissioni per l\u2019impossibilit\u00e0 di garantire condizioni di sicurezza adeguate. \u00c8 stato inoltre richiesto alla Commissione di acquisire l\u2019elenco dettagliato delle somme spese per il Cedir e gli interventi eseguiti nel tempo, al fine di verificare i reali cambiamenti rispetto al passato. Ulteriori rilievi hanno riguardato il comando della Polizia Municipale e altri immobili comunali, sui quali si segnalano da anni gravi carenze strutturali.<\/span><\/p>\n<p class=\"xmprfx_MsoNormal\"><span style=\"font-family: trebuchet ms, sans-serif;font-size: large\">In conclusione, il presidente della Commissione Massimo Ripepi ha espresso soddisfazione per l\u2019esito di un\u2019operazione politica volta a portare all\u2019attenzione pubblica una questione rimasta a lungo irrisolta. Secondo quanto dichiarato, l&#8217;iniziativa, portata avanti con il contributo dell\u2019opposizione e diffusa attraverso i canali dell\u2019opinione pubblica, ha spinto l\u2019amministrazione comunale, dopo undici anni, a reperire risorse nel bilancio per avviare i lavori necessari. Ripepi ha sottolineato come in una democrazia sia fondamentale rendere trasparenti determinate vicende, anche quando vengono inizialmente criticate o bollate come allarmistiche. Ha infine ringraziato i colleghi e le professioniste intervenute in commissione per la precisione e la tempestivit\u00e0 dei loro contributi.<\/span><\/p>\n","protected":false},"excerpt":{"rendered":"<p>Oggi si \u00e8 tenuta la \u00a0seduta della nona Commissione consiliare Permanente &#8220;Controllo e Garanzia&#8221;, presieduta dal Consigliere comunale Massimo Ripepi, che ha visto l\u2019audizione dell&#8217; avv. Fedora Squillaci, dirigente dell\u2019Avvocatura&hellip;<\/p>\n","protected":false},"author":19,"featured_media":63628,"comment_status":"closed","ping_status":"open","sticky":false,"template":"","format":"standard","meta":{"_jetpack_memberships_contains_paid_content":false,"footnotes":"","jetpack_publicize_message":"","jetpack_publicize_feature_enabled":true,"jetpack_social_post_already_shared":true,"jetpack_social_options":{"image_generator_settings":{"template":"highway","default_image_id":0,"font":"","enabled":false},"version":2}},"categories":[921,196,140],"tags":[],"class_list":["post-71809","post","type-post","status-publish","format-standard","has-post-thumbnail","hentry","category-home","category-news","category-reggio-calabria"],"yoast_head":"<!-- This site is optimized with the Yoast SEO plugin v27.2 - https:\/\/yoast.com\/product\/yoast-seo-wordpress\/ -->\n<title>Oggi riunione della nona Commissione Consiliare - Controllo e Garanzia - Radio Touring 104<\/title>\n<meta name=\"description\" content=\"Oggetto la querelle sull&#039;agibilit\u00e0 di vari uffici e sedi comunali\" \/>\n<meta name=\"robots\" content=\"index, follow, max-snippet:-1, max-image-preview:large, max-video-preview:-1\" \/>\n<link rel=\"canonical\" href=\"https:\/\/progettotouring.it\/radiotouring104\/2025\/04\/22\/oggi-riunione-della-nona-commissione-consiliare-controllo-e-garanzia\/\" \/>\n<meta property=\"og:locale\" content=\"it_IT\" \/>\n<meta property=\"og:type\" content=\"article\" \/>\n<meta property=\"og:title\" content=\"Oggi riunione della nona Commissione Consiliare - Controllo e Garanzia - Radio Touring 104\" \/>\n<meta property=\"og:description\" content=\"Oggetto la querelle sull&#039;agibilit\u00e0 di vari uffici e sedi comunali\" \/>\n<meta property=\"og:url\" content=\"https:\/\/progettotouring.it\/radiotouring104\/2025\/04\/22\/oggi-riunione-della-nona-commissione-consiliare-controllo-e-garanzia\/\" \/>\n<meta property=\"og:site_name\" content=\"Radio Touring 104\" \/>\n<meta property=\"article:published_time\" content=\"2025-04-22T15:47:01+00:00\" \/>\n<meta property=\"og:image\" content=\"https:\/\/progettotouring.it\/radiotouring104\/wp-content\/uploads\/sites\/6\/2024\/12\/Commissione-Controllo-e-Garanzia-17-dicembre-2024.jpeg\" \/>\n\t<meta property=\"og:image:width\" content=\"1263\" \/>\n\t<meta property=\"og:image:height\" content=\"823\" \/>\n\t<meta property=\"og:image:type\" content=\"image\/jpeg\" \/>\n<meta name=\"author\" content=\"S L\" \/>\n<meta name=\"twitter:card\" content=\"summary_large_image\" \/>\n<meta name=\"twitter:label1\" content=\"Scritto da\" \/>\n\t<meta name=\"twitter:data1\" content=\"S L\" \/>\n\t<meta name=\"twitter:label2\" content=\"Tempo di lettura stimato\" \/>\n\t<meta name=\"twitter:data2\" content=\"4 minuti\" \/>\n<script type=\"application\/ld+json\" class=\"yoast-schema-graph\">{\"@context\":\"https:\/\/schema.org\",\"@graph\":[{\"@type\":\"Article\",\"@id\":\"https:\/\/progettotouring.it\/radiotouring104\/2025\/04\/22\/oggi-riunione-della-nona-commissione-consiliare-controllo-e-garanzia\/#article\",\"isPartOf\":{\"@id\":\"https:\/\/progettotouring.it\/radiotouring104\/2025\/04\/22\/oggi-riunione-della-nona-commissione-consiliare-controllo-e-garanzia\/\"},\"author\":{\"name\":\"S L\",\"@id\":\"https:\/\/progettotouring.it\/radiotouring104\/#\/schema\/person\/b9f9c3730b0a78814c9b9f3bfc52c619\"},\"headline\":\"Oggi riunione della nona Commissione Consiliare &#8211; Controllo e Garanzia\",\"datePublished\":\"2025-04-22T15:47:01+00:00\",\"mainEntityOfPage\":{\"@id\":\"https:\/\/progettotouring.it\/radiotouring104\/2025\/04\/22\/oggi-riunione-della-nona-commissione-consiliare-controllo-e-garanzia\/\"},\"wordCount\":748,\"publisher\":{\"@id\":\"https:\/\/progettotouring.it\/radiotouring104\/#organization\"},\"image\":{\"@id\":\"https:\/\/progettotouring.it\/radiotouring104\/2025\/04\/22\/oggi-riunione-della-nona-commissione-consiliare-controllo-e-garanzia\/#primaryimage\"},\"thumbnailUrl\":\"https:\/\/progettotouring.it\/radiotouring104\/wp-content\/uploads\/sites\/6\/2024\/12\/Commissione-Controllo-e-Garanzia-17-dicembre-2024.jpeg\",\"articleSection\":[\"Home\",\"News\",\"Reggio Calabria\"],\"inLanguage\":\"it-IT\"},{\"@type\":\"WebPage\",\"@id\":\"https:\/\/progettotouring.it\/radiotouring104\/2025\/04\/22\/oggi-riunione-della-nona-commissione-consiliare-controllo-e-garanzia\/\",\"url\":\"https:\/\/progettotouring.it\/radiotouring104\/2025\/04\/22\/oggi-riunione-della-nona-commissione-consiliare-controllo-e-garanzia\/\",\"name\":\"Oggi riunione della nona Commissione Consiliare - Controllo e Garanzia - Radio Touring 104\",\"isPartOf\":{\"@id\":\"https:\/\/progettotouring.it\/radiotouring104\/#website\"},\"primaryImageOfPage\":{\"@id\":\"https:\/\/progettotouring.it\/radiotouring104\/2025\/04\/22\/oggi-riunione-della-nona-commissione-consiliare-controllo-e-garanzia\/#primaryimage\"},\"image\":{\"@id\":\"https:\/\/progettotouring.it\/radiotouring104\/2025\/04\/22\/oggi-riunione-della-nona-commissione-consiliare-controllo-e-garanzia\/#primaryimage\"},\"thumbnailUrl\":\"https:\/\/progettotouring.it\/radiotouring104\/wp-content\/uploads\/sites\/6\/2024\/12\/Commissione-Controllo-e-Garanzia-17-dicembre-2024.jpeg\",\"datePublished\":\"2025-04-22T15:47:01+00:00\",\"description\":\"Oggetto la querelle sull'agibilit\u00e0 di vari uffici e sedi comunali\",\"breadcrumb\":{\"@id\":\"https:\/\/progettotouring.it\/radiotouring104\/2025\/04\/22\/oggi-riunione-della-nona-commissione-consiliare-controllo-e-garanzia\/#breadcrumb\"},\"inLanguage\":\"it-IT\",\"potentialAction\":[{\"@type\":\"ReadAction\",\"target\":[\"https:\/\/progettotouring.it\/radiotouring104\/2025\/04\/22\/oggi-riunione-della-nona-commissione-consiliare-controllo-e-garanzia\/\"]}]},{\"@type\":\"ImageObject\",\"inLanguage\":\"it-IT\",\"@id\":\"https:\/\/progettotouring.it\/radiotouring104\/2025\/04\/22\/oggi-riunione-della-nona-commissione-consiliare-controllo-e-garanzia\/#primaryimage\",\"url\":\"https:\/\/progettotouring.it\/radiotouring104\/wp-content\/uploads\/sites\/6\/2024\/12\/Commissione-Controllo-e-Garanzia-17-dicembre-2024.jpeg\",\"contentUrl\":\"https:\/\/progettotouring.it\/radiotouring104\/wp-content\/uploads\/sites\/6\/2024\/12\/Commissione-Controllo-e-Garanzia-17-dicembre-2024.jpeg\",\"width\":1263,\"height\":823},{\"@type\":\"BreadcrumbList\",\"@id\":\"https:\/\/progettotouring.it\/radiotouring104\/2025\/04\/22\/oggi-riunione-della-nona-commissione-consiliare-controllo-e-garanzia\/#breadcrumb\",\"itemListElement\":[{\"@type\":\"ListItem\",\"position\":1,\"name\":\"Home\",\"item\":\"https:\/\/progettotouring.it\/radiotouring104\/\"},{\"@type\":\"ListItem\",\"position\":2,\"name\":\"Oggi riunione della nona Commissione Consiliare &#8211; Controllo e Garanzia\"}]},{\"@type\":\"WebSite\",\"@id\":\"https:\/\/progettotouring.it\/radiotouring104\/#website\",\"url\":\"https:\/\/progettotouring.it\/radiotouring104\/\",\"name\":\"Radio Touring 104\",\"description\":\"La prima radio Reggina\",\"publisher\":{\"@id\":\"https:\/\/progettotouring.it\/radiotouring104\/#organization\"},\"potentialAction\":[{\"@type\":\"SearchAction\",\"target\":{\"@type\":\"EntryPoint\",\"urlTemplate\":\"https:\/\/progettotouring.it\/radiotouring104\/?s={search_term_string}\"},\"query-input\":{\"@type\":\"PropertyValueSpecification\",\"valueRequired\":true,\"valueName\":\"search_term_string\"}}],\"inLanguage\":\"it-IT\"},{\"@type\":\"Organization\",\"@id\":\"https:\/\/progettotouring.it\/radiotouring104\/#organization\",\"name\":\"Radio Touring 104\",\"url\":\"https:\/\/progettotouring.it\/radiotouring104\/\",\"logo\":{\"@type\":\"ImageObject\",\"inLanguage\":\"it-IT\",\"@id\":\"https:\/\/progettotouring.it\/radiotouring104\/#\/schema\/logo\/image\/\",\"url\":\"https:\/\/progettotouring.it\/radiotouring104\/wp-content\/uploads\/sites\/6\/2022\/02\/cropped-logo-radio-touring-104.png\",\"contentUrl\":\"https:\/\/progettotouring.it\/radiotouring104\/wp-content\/uploads\/sites\/6\/2022\/02\/cropped-logo-radio-touring-104.png\",\"width\":377,\"height\":182,\"caption\":\"Radio Touring 104\"},\"image\":{\"@id\":\"https:\/\/progettotouring.it\/radiotouring104\/#\/schema\/logo\/image\/\"}},{\"@type\":\"Person\",\"@id\":\"https:\/\/progettotouring.it\/radiotouring104\/#\/schema\/person\/b9f9c3730b0a78814c9b9f3bfc52c619\",\"name\":\"S L\",\"image\":{\"@type\":\"ImageObject\",\"inLanguage\":\"it-IT\",\"@id\":\"https:\/\/secure.gravatar.com\/avatar\/652c51789d7030aaed9ff828331360502a68204fe6fb0831bc280515210e16d2?s=96&d=mm&r=g\",\"url\":\"https:\/\/secure.gravatar.com\/avatar\/652c51789d7030aaed9ff828331360502a68204fe6fb0831bc280515210e16d2?s=96&d=mm&r=g\",\"contentUrl\":\"https:\/\/secure.gravatar.com\/avatar\/652c51789d7030aaed9ff828331360502a68204fe6fb0831bc280515210e16d2?s=96&d=mm&r=g\",\"caption\":\"S L\"},\"url\":\"https:\/\/progettotouring.it\/radiotouring104\/author\/slibri\/\"}]}<\/script>\n<!-- \/ Yoast SEO plugin. -->","yoast_head_json":{"title":"Oggi riunione della nona Commissione Consiliare - Controllo e Garanzia - Radio Touring 104","description":"Oggetto la querelle sull'agibilit\u00e0 di vari uffici e sedi comunali","robots":{"index":"index","follow":"follow","max-snippet":"max-snippet:-1","max-image-preview":"max-image-preview:large","max-video-preview":"max-video-preview:-1"},"canonical":"https:\/\/progettotouring.it\/radiotouring104\/2025\/04\/22\/oggi-riunione-della-nona-commissione-consiliare-controllo-e-garanzia\/","og_locale":"it_IT","og_type":"article","og_title":"Oggi riunione della nona Commissione Consiliare - Controllo e Garanzia - Radio Touring 104","og_description":"Oggetto la querelle sull'agibilit\u00e0 di vari uffici e sedi comunali","og_url":"https:\/\/progettotouring.it\/radiotouring104\/2025\/04\/22\/oggi-riunione-della-nona-commissione-consiliare-controllo-e-garanzia\/","og_site_name":"Radio Touring 104","article_published_time":"2025-04-22T15:47:01+00:00","og_image":[{"width":1263,"height":823,"url":"https:\/\/progettotouring.it\/radiotouring104\/wp-content\/uploads\/sites\/6\/2024\/12\/Commissione-Controllo-e-Garanzia-17-dicembre-2024.jpeg","type":"image\/jpeg"}],"author":"S L","twitter_card":"summary_large_image","twitter_misc":{"Scritto da":"S L","Tempo di lettura stimato":"4 minuti"},"schema":{"@context":"https:\/\/schema.org","@graph":[{"@type":"Article","@id":"https:\/\/progettotouring.it\/radiotouring104\/2025\/04\/22\/oggi-riunione-della-nona-commissione-consiliare-controllo-e-garanzia\/#article","isPartOf":{"@id":"https:\/\/progettotouring.it\/radiotouring104\/2025\/04\/22\/oggi-riunione-della-nona-commissione-consiliare-controllo-e-garanzia\/"},"author":{"name":"S L","@id":"https:\/\/progettotouring.it\/radiotouring104\/#\/schema\/person\/b9f9c3730b0a78814c9b9f3bfc52c619"},"headline":"Oggi riunione della nona Commissione Consiliare &#8211; Controllo e Garanzia","datePublished":"2025-04-22T15:47:01+00:00","mainEntityOfPage":{"@id":"https:\/\/progettotouring.it\/radiotouring104\/2025\/04\/22\/oggi-riunione-della-nona-commissione-consiliare-controllo-e-garanzia\/"},"wordCount":748,"publisher":{"@id":"https:\/\/progettotouring.it\/radiotouring104\/#organization"},"image":{"@id":"https:\/\/progettotouring.it\/radiotouring104\/2025\/04\/22\/oggi-riunione-della-nona-commissione-consiliare-controllo-e-garanzia\/#primaryimage"},"thumbnailUrl":"https:\/\/progettotouring.it\/radiotouring104\/wp-content\/uploads\/sites\/6\/2024\/12\/Commissione-Controllo-e-Garanzia-17-dicembre-2024.jpeg","articleSection":["Home","News","Reggio Calabria"],"inLanguage":"it-IT"},{"@type":"WebPage","@id":"https:\/\/progettotouring.it\/radiotouring104\/2025\/04\/22\/oggi-riunione-della-nona-commissione-consiliare-controllo-e-garanzia\/","url":"https:\/\/progettotouring.it\/radiotouring104\/2025\/04\/22\/oggi-riunione-della-nona-commissione-consiliare-controllo-e-garanzia\/","name":"Oggi riunione della nona Commissione Consiliare - Controllo e Garanzia - Radio Touring 104","isPartOf":{"@id":"https:\/\/progettotouring.it\/radiotouring104\/#website"},"primaryImageOfPage":{"@id":"https:\/\/progettotouring.it\/radiotouring104\/2025\/04\/22\/oggi-riunione-della-nona-commissione-consiliare-controllo-e-garanzia\/#primaryimage"},"image":{"@id":"https:\/\/progettotouring.it\/radiotouring104\/2025\/04\/22\/oggi-riunione-della-nona-commissione-consiliare-controllo-e-garanzia\/#primaryimage"},"thumbnailUrl":"https:\/\/progettotouring.it\/radiotouring104\/wp-content\/uploads\/sites\/6\/2024\/12\/Commissione-Controllo-e-Garanzia-17-dicembre-2024.jpeg","datePublished":"2025-04-22T15:47:01+00:00","description":"Oggetto la querelle sull'agibilit\u00e0 di vari uffici e sedi comunali","breadcrumb":{"@id":"https:\/\/progettotouring.it\/radiotouring104\/2025\/04\/22\/oggi-riunione-della-nona-commissione-consiliare-controllo-e-garanzia\/#breadcrumb"},"inLanguage":"it-IT","potentialAction":[{"@type":"ReadAction","target":["https:\/\/progettotouring.it\/radiotouring104\/2025\/04\/22\/oggi-riunione-della-nona-commissione-consiliare-controllo-e-garanzia\/"]}]},{"@type":"ImageObject","inLanguage":"it-IT","@id":"https:\/\/progettotouring.it\/radiotouring104\/2025\/04\/22\/oggi-riunione-della-nona-commissione-consiliare-controllo-e-garanzia\/#primaryimage","url":"https:\/\/progettotouring.it\/radiotouring104\/wp-content\/uploads\/sites\/6\/2024\/12\/Commissione-Controllo-e-Garanzia-17-dicembre-2024.jpeg","contentUrl":"https:\/\/progettotouring.it\/radiotouring104\/wp-content\/uploads\/sites\/6\/2024\/12\/Commissione-Controllo-e-Garanzia-17-dicembre-2024.jpeg","width":1263,"height":823},{"@type":"BreadcrumbList","@id":"https:\/\/progettotouring.it\/radiotouring104\/2025\/04\/22\/oggi-riunione-della-nona-commissione-consiliare-controllo-e-garanzia\/#breadcrumb","itemListElement":[{"@type":"ListItem","position":1,"name":"Home","item":"https:\/\/progettotouring.it\/radiotouring104\/"},{"@type":"ListItem","position":2,"name":"Oggi riunione della nona Commissione Consiliare &#8211; Controllo e Garanzia"}]},{"@type":"WebSite","@id":"https:\/\/progettotouring.it\/radiotouring104\/#website","url":"https:\/\/progettotouring.it\/radiotouring104\/","name":"Radio Touring 104","description":"La prima radio Reggina","publisher":{"@id":"https:\/\/progettotouring.it\/radiotouring104\/#organization"},"potentialAction":[{"@type":"SearchAction","target":{"@type":"EntryPoint","urlTemplate":"https:\/\/progettotouring.it\/radiotouring104\/?s={search_term_string}"},"query-input":{"@type":"PropertyValueSpecification","valueRequired":true,"valueName":"search_term_string"}}],"inLanguage":"it-IT"},{"@type":"Organization","@id":"https:\/\/progettotouring.it\/radiotouring104\/#organization","name":"Radio Touring 104","url":"https:\/\/progettotouring.it\/radiotouring104\/","logo":{"@type":"ImageObject","inLanguage":"it-IT","@id":"https:\/\/progettotouring.it\/radiotouring104\/#\/schema\/logo\/image\/","url":"https:\/\/progettotouring.it\/radiotouring104\/wp-content\/uploads\/sites\/6\/2022\/02\/cropped-logo-radio-touring-104.png","contentUrl":"https:\/\/progettotouring.it\/radiotouring104\/wp-content\/uploads\/sites\/6\/2022\/02\/cropped-logo-radio-touring-104.png","width":377,"height":182,"caption":"Radio Touring 104"},"image":{"@id":"https:\/\/progettotouring.it\/radiotouring104\/#\/schema\/logo\/image\/"}},{"@type":"Person","@id":"https:\/\/progettotouring.it\/radiotouring104\/#\/schema\/person\/b9f9c3730b0a78814c9b9f3bfc52c619","name":"S L","image":{"@type":"ImageObject","inLanguage":"it-IT","@id":"https:\/\/secure.gravatar.com\/avatar\/652c51789d7030aaed9ff828331360502a68204fe6fb0831bc280515210e16d2?s=96&d=mm&r=g","url":"https:\/\/secure.gravatar.com\/avatar\/652c51789d7030aaed9ff828331360502a68204fe6fb0831bc280515210e16d2?s=96&d=mm&r=g","contentUrl":"https:\/\/secure.gravatar.com\/avatar\/652c51789d7030aaed9ff828331360502a68204fe6fb0831bc280515210e16d2?s=96&d=mm&r=g","caption":"S L"},"url":"https:\/\/progettotouring.it\/radiotouring104\/author\/slibri\/"}]}},"jetpack_publicize_connections":[],"jetpack_featured_media_url":"https:\/\/progettotouring.it\/radiotouring104\/wp-content\/uploads\/sites\/6\/2024\/12\/Commissione-Controllo-e-Garanzia-17-dicembre-2024.jpeg","jetpack_sharing_enabled":true,"_links":{"self":[{"href":"https:\/\/progettotouring.it\/radiotouring104\/wp-json\/wp\/v2\/posts\/71809","targetHints":{"allow":["GET"]}}],"collection":[{"href":"https:\/\/progettotouring.it\/radiotouring104\/wp-json\/wp\/v2\/posts"}],"about":[{"href":"https:\/\/progettotouring.it\/radiotouring104\/wp-json\/wp\/v2\/types\/post"}],"author":[{"embeddable":true,"href":"https:\/\/progettotouring.it\/radiotouring104\/wp-json\/wp\/v2\/users\/19"}],"replies":[{"embeddable":true,"href":"https:\/\/progettotouring.it\/radiotouring104\/wp-json\/wp\/v2\/comments?post=71809"}],"version-history":[{"count":1,"href":"https:\/\/progettotouring.it\/radiotouring104\/wp-json\/wp\/v2\/posts\/71809\/revisions"}],"predecessor-version":[{"id":71810,"href":"https:\/\/progettotouring.it\/radiotouring104\/wp-json\/wp\/v2\/posts\/71809\/revisions\/71810"}],"wp:featuredmedia":[{"embeddable":true,"href":"https:\/\/progettotouring.it\/radiotouring104\/wp-json\/wp\/v2\/media\/63628"}],"wp:attachment":[{"href":"https:\/\/progettotouring.it\/radiotouring104\/wp-json\/wp\/v2\/media?parent=71809"}],"wp:term":[{"taxonomy":"category","embeddable":true,"href":"https:\/\/progettotouring.it\/radiotouring104\/wp-json\/wp\/v2\/categories?post=71809"},{"taxonomy":"post_tag","embeddable":true,"href":"https:\/\/progettotouring.it\/radiotouring104\/wp-json\/wp\/v2\/tags?post=71809"}],"curies":[{"name":"wp","href":"https:\/\/api.w.org\/{rel}","templated":true}]}}