{"id":71818,"date":"2025-04-22T18:16:43","date_gmt":"2025-04-22T16:16:43","guid":{"rendered":"https:\/\/progettotouring.it\/radiotouring104\/?p=71818"},"modified":"2025-04-22T18:16:43","modified_gmt":"2025-04-22T16:16:43","slug":"mirko-crucitti-team-manager-della-domotek-volley-commenta-la-stagione-appena-conclusa","status":"publish","type":"post","link":"https:\/\/progettotouring.it\/radiotouring104\/2025\/04\/22\/mirko-crucitti-team-manager-della-domotek-volley-commenta-la-stagione-appena-conclusa\/","title":{"rendered":"Mirko Crucitti, team manager della Domotek Volley, commenta la stagione appena conclusa"},"content":{"rendered":"<div class=\"msg-view-text-cnt\">\n<div class=\"xam_msg_class\">\n<div dir=\"ltr\">\nMirko Crucitti commenta con orgoglio e un pizzico di rammarico la stagione chiusa con una semifinale playoff persa contro Acqui Terme ma ricca di soddisfazioni.<\/div>\n<div dir=\"ltr\">\u00a0&#8220;Non so quanta gente ci fosse nell\u2019ultima sfida giocata al Palacalafiore, ancor pi\u00f9 che nel quarto contro Lecce: uno scenario infinito. La semifinale e gara 3 sono state partite con alti e bassi da entrambe le squadre, ma io non mi soffermerei su questo. Preferisco guardare alla nostra stagione e alle vittorie importanti.&#8221;<br \/>\nTra i traguardi pi\u00f9 significativi, Crucitti sottolinea il rapporto con i tifosi: &#8220;La cornice di pubblico \u00e8 stata incredibile. Anche nell\u2019ultima sfida, in un giorno infrasettimanale lavorativo, abbiamo riempito il palazzetto, incluso l\u2019anello superiore. Questo \u00e8 il nostro orgoglio, il punto da cui ripartire per il prossimo anno.<br \/>\nIl team manager non nasconde l\u2019emozione per il percorso della squadra: *&#8221;Ringrazio tutti, la societ\u00e0 e i ragazzi uno per uno. Arrivare a giocarsi la semifinale per l\u2019A2 era impensabile all\u2019inizio del campionato. Certo, c\u2019\u00e8 rammarico per le gare 2 e 3 perse al tie-break, ma se siamo arrivati fin qui \u00e8 perch\u00e9 abbiamo superato noi stessi.&#8221;<\/p>\n<p>Quanto al voto alla stagione? &#8220;Non posso dare 10, che sarebbe la perfezione, ma ci siamo avvicinati moltissimo. Abbiamo fatto cose incredibili, in campo e fuori. I ragazzi, sia gli esperti che i neofiti, hanno risposto alla grande. Le nostre vittorie? Il pubblico e il gruppo: sono ragazzi fantastici che hanno dato l\u2019anima.&#8221;<br \/>\nCrucitti chiude con una nota di fair play: \u201cAcqui Terme \u00e8 una squadra forte, costruita per le prime posizioni. Anche loro hanno avuto qualche lacuna, ma la palla \u00e8 rotonda e i dettagli fanno la differenza. Complimenti a loro per l\u2019ospitalit\u00e0, la sportivit\u00e0 e i bei complimenti che ci hanno fatto. Li ricambiamo volentieri.&#8221;<br \/>\nCon la mente gi\u00e0 proiettata al futuro, Crucitti saluta: &#8220;Alla prossima!&#8221;, lasciando intendere che questa stagione \u00e8 solo l\u2019inizio di un percorso ambizioso per la Domotek Volley.<\/p>\n<\/div>\n<\/div>\n<\/div>\n<div class=\"msg-view-attach-preview\">\n<div id=\"uiLogic_webmail__view_AttachmentsImageBlock_7\" class=\"attachmentsBlock\" role=\"group\"><\/div>\n<\/div>\n","protected":false},"excerpt":{"rendered":"<p>Mirko Crucitti commenta con orgoglio e un pizzico di rammarico la stagione chiusa con una semifinale playoff persa contro Acqui Terme ma ricca di soddisfazioni. \u00a0&#8220;Non so quanta gente ci&hellip;<\/p>\n","protected":false},"author":19,"featured_media":71820,"comment_status":"closed","ping_status":"open","sticky":false,"template":"","format":"standard","meta":{"_jetpack_memberships_contains_paid_content":false,"footnotes":"","jetpack_publicize_message":"","jetpack_publicize_feature_enabled":true,"jetpack_social_post_already_shared":true,"jetpack_social_options":{"image_generator_settings":{"template":"highway","default_image_id":0,"font":"","enabled":false},"version":2}},"categories":[142,196],"tags":[],"class_list":["post-71818","post","type-post","status-publish","format-standard","has-post-thumbnail","hentry","category-calabria","category-news"],"yoast_head":"<!-- This site is optimized with the Yoast SEO plugin v27.2 - https:\/\/yoast.com\/product\/yoast-seo-wordpress\/ -->\n<title>Mirko Crucitti, team manager della Domotek Volley, commenta la stagione appena conclusa - Radio Touring 104<\/title>\n<meta name=\"description\" content=\"&quot;\u00c8 stato un finale amaro, ovviamente, ma il bicchiere della stagione \u00e8 pi\u00f9 che pieno, anzi, stracolmo&quot;\" \/>\n<meta name=\"robots\" content=\"index, follow, max-snippet:-1, max-image-preview:large, max-video-preview:-1\" \/>\n<link rel=\"canonical\" href=\"https:\/\/progettotouring.it\/radiotouring104\/2025\/04\/22\/mirko-crucitti-team-manager-della-domotek-volley-commenta-la-stagione-appena-conclusa\/\" \/>\n<meta property=\"og:locale\" content=\"it_IT\" \/>\n<meta property=\"og:type\" content=\"article\" \/>\n<meta property=\"og:title\" content=\"Mirko Crucitti, team manager della Domotek Volley, commenta la stagione appena conclusa - Radio Touring 104\" \/>\n<meta property=\"og:description\" content=\"&quot;\u00c8 stato un finale amaro, ovviamente, ma il bicchiere della stagione \u00e8 pi\u00f9 che pieno, anzi, stracolmo&quot;\" \/>\n<meta property=\"og:url\" content=\"https:\/\/progettotouring.it\/radiotouring104\/2025\/04\/22\/mirko-crucitti-team-manager-della-domotek-volley-commenta-la-stagione-appena-conclusa\/\" \/>\n<meta property=\"og:site_name\" content=\"Radio Touring 104\" \/>\n<meta property=\"article:published_time\" content=\"2025-04-22T16:16:43+00:00\" \/>\n<meta property=\"og:image\" content=\"https:\/\/progettotouring.it\/radiotouring104\/wp-content\/uploads\/sites\/6\/2025\/04\/FOR_0312.jpg\" \/>\n\t<meta property=\"og:image:width\" content=\"2245\" \/>\n\t<meta property=\"og:image:height\" content=\"2226\" \/>\n\t<meta property=\"og:image:type\" content=\"image\/jpeg\" \/>\n<meta name=\"author\" content=\"S L\" \/>\n<meta name=\"twitter:card\" content=\"summary_large_image\" \/>\n<meta name=\"twitter:label1\" content=\"Scritto da\" \/>\n\t<meta name=\"twitter:data1\" content=\"S L\" \/>\n\t<meta name=\"twitter:label2\" content=\"Tempo di lettura stimato\" \/>\n\t<meta name=\"twitter:data2\" content=\"2 minuti\" \/>\n<script type=\"application\/ld+json\" class=\"yoast-schema-graph\">{\"@context\":\"https:\/\/schema.org\",\"@graph\":[{\"@type\":\"Article\",\"@id\":\"https:\/\/progettotouring.it\/radiotouring104\/2025\/04\/22\/mirko-crucitti-team-manager-della-domotek-volley-commenta-la-stagione-appena-conclusa\/#article\",\"isPartOf\":{\"@id\":\"https:\/\/progettotouring.it\/radiotouring104\/2025\/04\/22\/mirko-crucitti-team-manager-della-domotek-volley-commenta-la-stagione-appena-conclusa\/\"},\"author\":{\"name\":\"S L\",\"@id\":\"https:\/\/progettotouring.it\/radiotouring104\/#\/schema\/person\/b9f9c3730b0a78814c9b9f3bfc52c619\"},\"headline\":\"Mirko Crucitti, team manager della Domotek Volley, commenta la stagione appena conclusa\",\"datePublished\":\"2025-04-22T16:16:43+00:00\",\"mainEntityOfPage\":{\"@id\":\"https:\/\/progettotouring.it\/radiotouring104\/2025\/04\/22\/mirko-crucitti-team-manager-della-domotek-volley-commenta-la-stagione-appena-conclusa\/\"},\"wordCount\":328,\"publisher\":{\"@id\":\"https:\/\/progettotouring.it\/radiotouring104\/#organization\"},\"image\":{\"@id\":\"https:\/\/progettotouring.it\/radiotouring104\/2025\/04\/22\/mirko-crucitti-team-manager-della-domotek-volley-commenta-la-stagione-appena-conclusa\/#primaryimage\"},\"thumbnailUrl\":\"https:\/\/progettotouring.it\/radiotouring104\/wp-content\/uploads\/sites\/6\/2025\/04\/FOR_0312.jpg\",\"articleSection\":[\"Calabria\",\"News\"],\"inLanguage\":\"it-IT\"},{\"@type\":\"WebPage\",\"@id\":\"https:\/\/progettotouring.it\/radiotouring104\/2025\/04\/22\/mirko-crucitti-team-manager-della-domotek-volley-commenta-la-stagione-appena-conclusa\/\",\"url\":\"https:\/\/progettotouring.it\/radiotouring104\/2025\/04\/22\/mirko-crucitti-team-manager-della-domotek-volley-commenta-la-stagione-appena-conclusa\/\",\"name\":\"Mirko Crucitti, team manager della Domotek Volley, commenta la stagione appena conclusa - Radio Touring 104\",\"isPartOf\":{\"@id\":\"https:\/\/progettotouring.it\/radiotouring104\/#website\"},\"primaryImageOfPage\":{\"@id\":\"https:\/\/progettotouring.it\/radiotouring104\/2025\/04\/22\/mirko-crucitti-team-manager-della-domotek-volley-commenta-la-stagione-appena-conclusa\/#primaryimage\"},\"image\":{\"@id\":\"https:\/\/progettotouring.it\/radiotouring104\/2025\/04\/22\/mirko-crucitti-team-manager-della-domotek-volley-commenta-la-stagione-appena-conclusa\/#primaryimage\"},\"thumbnailUrl\":\"https:\/\/progettotouring.it\/radiotouring104\/wp-content\/uploads\/sites\/6\/2025\/04\/FOR_0312.jpg\",\"datePublished\":\"2025-04-22T16:16:43+00:00\",\"description\":\"\\\"\u00c8 stato un finale amaro, ovviamente, ma il bicchiere della stagione \u00e8 pi\u00f9 che pieno, anzi, stracolmo\\\"\",\"breadcrumb\":{\"@id\":\"https:\/\/progettotouring.it\/radiotouring104\/2025\/04\/22\/mirko-crucitti-team-manager-della-domotek-volley-commenta-la-stagione-appena-conclusa\/#breadcrumb\"},\"inLanguage\":\"it-IT\",\"potentialAction\":[{\"@type\":\"ReadAction\",\"target\":[\"https:\/\/progettotouring.it\/radiotouring104\/2025\/04\/22\/mirko-crucitti-team-manager-della-domotek-volley-commenta-la-stagione-appena-conclusa\/\"]}]},{\"@type\":\"ImageObject\",\"inLanguage\":\"it-IT\",\"@id\":\"https:\/\/progettotouring.it\/radiotouring104\/2025\/04\/22\/mirko-crucitti-team-manager-della-domotek-volley-commenta-la-stagione-appena-conclusa\/#primaryimage\",\"url\":\"https:\/\/progettotouring.it\/radiotouring104\/wp-content\/uploads\/sites\/6\/2025\/04\/FOR_0312.jpg\",\"contentUrl\":\"https:\/\/progettotouring.it\/radiotouring104\/wp-content\/uploads\/sites\/6\/2025\/04\/FOR_0312.jpg\",\"width\":2245,\"height\":2226},{\"@type\":\"BreadcrumbList\",\"@id\":\"https:\/\/progettotouring.it\/radiotouring104\/2025\/04\/22\/mirko-crucitti-team-manager-della-domotek-volley-commenta-la-stagione-appena-conclusa\/#breadcrumb\",\"itemListElement\":[{\"@type\":\"ListItem\",\"position\":1,\"name\":\"Home\",\"item\":\"https:\/\/progettotouring.it\/radiotouring104\/\"},{\"@type\":\"ListItem\",\"position\":2,\"name\":\"Mirko Crucitti, team manager della Domotek Volley, commenta la stagione appena conclusa\"}]},{\"@type\":\"WebSite\",\"@id\":\"https:\/\/progettotouring.it\/radiotouring104\/#website\",\"url\":\"https:\/\/progettotouring.it\/radiotouring104\/\",\"name\":\"Radio Touring 104\",\"description\":\"La prima radio Reggina\",\"publisher\":{\"@id\":\"https:\/\/progettotouring.it\/radiotouring104\/#organization\"},\"potentialAction\":[{\"@type\":\"SearchAction\",\"target\":{\"@type\":\"EntryPoint\",\"urlTemplate\":\"https:\/\/progettotouring.it\/radiotouring104\/?s={search_term_string}\"},\"query-input\":{\"@type\":\"PropertyValueSpecification\",\"valueRequired\":true,\"valueName\":\"search_term_string\"}}],\"inLanguage\":\"it-IT\"},{\"@type\":\"Organization\",\"@id\":\"https:\/\/progettotouring.it\/radiotouring104\/#organization\",\"name\":\"Radio Touring 104\",\"url\":\"https:\/\/progettotouring.it\/radiotouring104\/\",\"logo\":{\"@type\":\"ImageObject\",\"inLanguage\":\"it-IT\",\"@id\":\"https:\/\/progettotouring.it\/radiotouring104\/#\/schema\/logo\/image\/\",\"url\":\"https:\/\/progettotouring.it\/radiotouring104\/wp-content\/uploads\/sites\/6\/2022\/02\/cropped-logo-radio-touring-104.png\",\"contentUrl\":\"https:\/\/progettotouring.it\/radiotouring104\/wp-content\/uploads\/sites\/6\/2022\/02\/cropped-logo-radio-touring-104.png\",\"width\":377,\"height\":182,\"caption\":\"Radio Touring 104\"},\"image\":{\"@id\":\"https:\/\/progettotouring.it\/radiotouring104\/#\/schema\/logo\/image\/\"}},{\"@type\":\"Person\",\"@id\":\"https:\/\/progettotouring.it\/radiotouring104\/#\/schema\/person\/b9f9c3730b0a78814c9b9f3bfc52c619\",\"name\":\"S L\",\"image\":{\"@type\":\"ImageObject\",\"inLanguage\":\"it-IT\",\"@id\":\"https:\/\/secure.gravatar.com\/avatar\/652c51789d7030aaed9ff828331360502a68204fe6fb0831bc280515210e16d2?s=96&d=mm&r=g\",\"url\":\"https:\/\/secure.gravatar.com\/avatar\/652c51789d7030aaed9ff828331360502a68204fe6fb0831bc280515210e16d2?s=96&d=mm&r=g\",\"contentUrl\":\"https:\/\/secure.gravatar.com\/avatar\/652c51789d7030aaed9ff828331360502a68204fe6fb0831bc280515210e16d2?s=96&d=mm&r=g\",\"caption\":\"S L\"},\"url\":\"https:\/\/progettotouring.it\/radiotouring104\/author\/slibri\/\"}]}<\/script>\n<!-- \/ Yoast SEO plugin. -->","yoast_head_json":{"title":"Mirko Crucitti, team manager della Domotek Volley, commenta la stagione appena conclusa - Radio Touring 104","description":"\"\u00c8 stato un finale amaro, ovviamente, ma il bicchiere della stagione \u00e8 pi\u00f9 che pieno, anzi, stracolmo\"","robots":{"index":"index","follow":"follow","max-snippet":"max-snippet:-1","max-image-preview":"max-image-preview:large","max-video-preview":"max-video-preview:-1"},"canonical":"https:\/\/progettotouring.it\/radiotouring104\/2025\/04\/22\/mirko-crucitti-team-manager-della-domotek-volley-commenta-la-stagione-appena-conclusa\/","og_locale":"it_IT","og_type":"article","og_title":"Mirko Crucitti, team manager della Domotek Volley, commenta la stagione appena conclusa - Radio Touring 104","og_description":"\"\u00c8 stato un finale amaro, ovviamente, ma il bicchiere della stagione \u00e8 pi\u00f9 che pieno, anzi, stracolmo\"","og_url":"https:\/\/progettotouring.it\/radiotouring104\/2025\/04\/22\/mirko-crucitti-team-manager-della-domotek-volley-commenta-la-stagione-appena-conclusa\/","og_site_name":"Radio Touring 104","article_published_time":"2025-04-22T16:16:43+00:00","og_image":[{"width":2245,"height":2226,"url":"https:\/\/progettotouring.it\/radiotouring104\/wp-content\/uploads\/sites\/6\/2025\/04\/FOR_0312.jpg","type":"image\/jpeg"}],"author":"S L","twitter_card":"summary_large_image","twitter_misc":{"Scritto da":"S L","Tempo di lettura stimato":"2 minuti"},"schema":{"@context":"https:\/\/schema.org","@graph":[{"@type":"Article","@id":"https:\/\/progettotouring.it\/radiotouring104\/2025\/04\/22\/mirko-crucitti-team-manager-della-domotek-volley-commenta-la-stagione-appena-conclusa\/#article","isPartOf":{"@id":"https:\/\/progettotouring.it\/radiotouring104\/2025\/04\/22\/mirko-crucitti-team-manager-della-domotek-volley-commenta-la-stagione-appena-conclusa\/"},"author":{"name":"S L","@id":"https:\/\/progettotouring.it\/radiotouring104\/#\/schema\/person\/b9f9c3730b0a78814c9b9f3bfc52c619"},"headline":"Mirko Crucitti, team manager della Domotek Volley, commenta la stagione appena conclusa","datePublished":"2025-04-22T16:16:43+00:00","mainEntityOfPage":{"@id":"https:\/\/progettotouring.it\/radiotouring104\/2025\/04\/22\/mirko-crucitti-team-manager-della-domotek-volley-commenta-la-stagione-appena-conclusa\/"},"wordCount":328,"publisher":{"@id":"https:\/\/progettotouring.it\/radiotouring104\/#organization"},"image":{"@id":"https:\/\/progettotouring.it\/radiotouring104\/2025\/04\/22\/mirko-crucitti-team-manager-della-domotek-volley-commenta-la-stagione-appena-conclusa\/#primaryimage"},"thumbnailUrl":"https:\/\/progettotouring.it\/radiotouring104\/wp-content\/uploads\/sites\/6\/2025\/04\/FOR_0312.jpg","articleSection":["Calabria","News"],"inLanguage":"it-IT"},{"@type":"WebPage","@id":"https:\/\/progettotouring.it\/radiotouring104\/2025\/04\/22\/mirko-crucitti-team-manager-della-domotek-volley-commenta-la-stagione-appena-conclusa\/","url":"https:\/\/progettotouring.it\/radiotouring104\/2025\/04\/22\/mirko-crucitti-team-manager-della-domotek-volley-commenta-la-stagione-appena-conclusa\/","name":"Mirko Crucitti, team manager della Domotek Volley, commenta la stagione appena conclusa - Radio Touring 104","isPartOf":{"@id":"https:\/\/progettotouring.it\/radiotouring104\/#website"},"primaryImageOfPage":{"@id":"https:\/\/progettotouring.it\/radiotouring104\/2025\/04\/22\/mirko-crucitti-team-manager-della-domotek-volley-commenta-la-stagione-appena-conclusa\/#primaryimage"},"image":{"@id":"https:\/\/progettotouring.it\/radiotouring104\/2025\/04\/22\/mirko-crucitti-team-manager-della-domotek-volley-commenta-la-stagione-appena-conclusa\/#primaryimage"},"thumbnailUrl":"https:\/\/progettotouring.it\/radiotouring104\/wp-content\/uploads\/sites\/6\/2025\/04\/FOR_0312.jpg","datePublished":"2025-04-22T16:16:43+00:00","description":"\"\u00c8 stato un finale amaro, ovviamente, ma il bicchiere della stagione \u00e8 pi\u00f9 che pieno, anzi, stracolmo\"","breadcrumb":{"@id":"https:\/\/progettotouring.it\/radiotouring104\/2025\/04\/22\/mirko-crucitti-team-manager-della-domotek-volley-commenta-la-stagione-appena-conclusa\/#breadcrumb"},"inLanguage":"it-IT","potentialAction":[{"@type":"ReadAction","target":["https:\/\/progettotouring.it\/radiotouring104\/2025\/04\/22\/mirko-crucitti-team-manager-della-domotek-volley-commenta-la-stagione-appena-conclusa\/"]}]},{"@type":"ImageObject","inLanguage":"it-IT","@id":"https:\/\/progettotouring.it\/radiotouring104\/2025\/04\/22\/mirko-crucitti-team-manager-della-domotek-volley-commenta-la-stagione-appena-conclusa\/#primaryimage","url":"https:\/\/progettotouring.it\/radiotouring104\/wp-content\/uploads\/sites\/6\/2025\/04\/FOR_0312.jpg","contentUrl":"https:\/\/progettotouring.it\/radiotouring104\/wp-content\/uploads\/sites\/6\/2025\/04\/FOR_0312.jpg","width":2245,"height":2226},{"@type":"BreadcrumbList","@id":"https:\/\/progettotouring.it\/radiotouring104\/2025\/04\/22\/mirko-crucitti-team-manager-della-domotek-volley-commenta-la-stagione-appena-conclusa\/#breadcrumb","itemListElement":[{"@type":"ListItem","position":1,"name":"Home","item":"https:\/\/progettotouring.it\/radiotouring104\/"},{"@type":"ListItem","position":2,"name":"Mirko Crucitti, team manager della Domotek Volley, commenta la stagione appena conclusa"}]},{"@type":"WebSite","@id":"https:\/\/progettotouring.it\/radiotouring104\/#website","url":"https:\/\/progettotouring.it\/radiotouring104\/","name":"Radio Touring 104","description":"La prima radio Reggina","publisher":{"@id":"https:\/\/progettotouring.it\/radiotouring104\/#organization"},"potentialAction":[{"@type":"SearchAction","target":{"@type":"EntryPoint","urlTemplate":"https:\/\/progettotouring.it\/radiotouring104\/?s={search_term_string}"},"query-input":{"@type":"PropertyValueSpecification","valueRequired":true,"valueName":"search_term_string"}}],"inLanguage":"it-IT"},{"@type":"Organization","@id":"https:\/\/progettotouring.it\/radiotouring104\/#organization","name":"Radio Touring 104","url":"https:\/\/progettotouring.it\/radiotouring104\/","logo":{"@type":"ImageObject","inLanguage":"it-IT","@id":"https:\/\/progettotouring.it\/radiotouring104\/#\/schema\/logo\/image\/","url":"https:\/\/progettotouring.it\/radiotouring104\/wp-content\/uploads\/sites\/6\/2022\/02\/cropped-logo-radio-touring-104.png","contentUrl":"https:\/\/progettotouring.it\/radiotouring104\/wp-content\/uploads\/sites\/6\/2022\/02\/cropped-logo-radio-touring-104.png","width":377,"height":182,"caption":"Radio Touring 104"},"image":{"@id":"https:\/\/progettotouring.it\/radiotouring104\/#\/schema\/logo\/image\/"}},{"@type":"Person","@id":"https:\/\/progettotouring.it\/radiotouring104\/#\/schema\/person\/b9f9c3730b0a78814c9b9f3bfc52c619","name":"S L","image":{"@type":"ImageObject","inLanguage":"it-IT","@id":"https:\/\/secure.gravatar.com\/avatar\/652c51789d7030aaed9ff828331360502a68204fe6fb0831bc280515210e16d2?s=96&d=mm&r=g","url":"https:\/\/secure.gravatar.com\/avatar\/652c51789d7030aaed9ff828331360502a68204fe6fb0831bc280515210e16d2?s=96&d=mm&r=g","contentUrl":"https:\/\/secure.gravatar.com\/avatar\/652c51789d7030aaed9ff828331360502a68204fe6fb0831bc280515210e16d2?s=96&d=mm&r=g","caption":"S L"},"url":"https:\/\/progettotouring.it\/radiotouring104\/author\/slibri\/"}]}},"jetpack_publicize_connections":[],"jetpack_featured_media_url":"https:\/\/progettotouring.it\/radiotouring104\/wp-content\/uploads\/sites\/6\/2025\/04\/FOR_0312.jpg","jetpack_sharing_enabled":true,"_links":{"self":[{"href":"https:\/\/progettotouring.it\/radiotouring104\/wp-json\/wp\/v2\/posts\/71818","targetHints":{"allow":["GET"]}}],"collection":[{"href":"https:\/\/progettotouring.it\/radiotouring104\/wp-json\/wp\/v2\/posts"}],"about":[{"href":"https:\/\/progettotouring.it\/radiotouring104\/wp-json\/wp\/v2\/types\/post"}],"author":[{"embeddable":true,"href":"https:\/\/progettotouring.it\/radiotouring104\/wp-json\/wp\/v2\/users\/19"}],"replies":[{"embeddable":true,"href":"https:\/\/progettotouring.it\/radiotouring104\/wp-json\/wp\/v2\/comments?post=71818"}],"version-history":[{"count":1,"href":"https:\/\/progettotouring.it\/radiotouring104\/wp-json\/wp\/v2\/posts\/71818\/revisions"}],"predecessor-version":[{"id":71821,"href":"https:\/\/progettotouring.it\/radiotouring104\/wp-json\/wp\/v2\/posts\/71818\/revisions\/71821"}],"wp:featuredmedia":[{"embeddable":true,"href":"https:\/\/progettotouring.it\/radiotouring104\/wp-json\/wp\/v2\/media\/71820"}],"wp:attachment":[{"href":"https:\/\/progettotouring.it\/radiotouring104\/wp-json\/wp\/v2\/media?parent=71818"}],"wp:term":[{"taxonomy":"category","embeddable":true,"href":"https:\/\/progettotouring.it\/radiotouring104\/wp-json\/wp\/v2\/categories?post=71818"},{"taxonomy":"post_tag","embeddable":true,"href":"https:\/\/progettotouring.it\/radiotouring104\/wp-json\/wp\/v2\/tags?post=71818"}],"curies":[{"name":"wp","href":"https:\/\/api.w.org\/{rel}","templated":true}]}}