{"id":71822,"date":"2025-04-22T18:28:41","date_gmt":"2025-04-22T16:28:41","guid":{"rendered":"https:\/\/progettotouring.it\/radiotouring104\/?p=71822"},"modified":"2025-04-22T22:43:30","modified_gmt":"2025-04-22T20:43:30","slug":"reggio-intitolato-un-largo-a-monsignor-vincenzo-lembo","status":"publish","type":"post","link":"https:\/\/progettotouring.it\/radiotouring104\/2025\/04\/22\/reggio-intitolato-un-largo-a-monsignor-vincenzo-lembo\/","title":{"rendered":"Reggio, intitolato un largo a Monsignor Vincenzo Lembo"},"content":{"rendered":"<p>La Citt\u00e0 di Reggio Calabria ha reso omaggio a monsignor Vincenzo Lembo, educatore scout e giornalista, al quale l\u2019amministrazione comunale, guidata dal sindaco Giuseppe Falcomat\u00e0, ha intitolato una piazza del centro storico, nella parte finale di via Giudecca prospiciente la via Possidonea.<\/p>\n<p>Alla cerimonia era presente il sindaco Giuseppe Falcomat\u00e0, l\u2019assessore comunale Carmelo Romeo, i consiglieri comunali\u00a0Francesco Barreca,\u00a0Giuseppe Sera e Giovanni Latella, oltre al sindaco di Campo Calabro Sandro Repaci.<\/p>\n<p>La Curia reggina era rappresentata da don Pasqualino Catanese, Vicario Generale, che ha svolto la benedizione.<\/p>\n<p>Presente, inoltre, una numerosa delegazione di gruppi scout reggini, molti dei quali hanno conosciuto Mons. Lembo e che hanno letto un messaggio di ringraziamento della famiglia rivolto ai promotori dell\u2019iniziativa e al Comune.<br \/>\n<em>\u201cContinua il percorso dell\u2019Amministrazione comunale, insieme alla commissione Toponomastica e alle associazioni cittadine, per il recupero della memoria e ricordo di figli illustri della citt\u00e0 che hanno tenuto alto il nome di Reggio Calabria in Italia e nel Mondo, attraverso le loro attivit\u00e0.\u00a0 Monsignor Vincenzo Lempo \u00e8 sicuramente fra questi e siamo molto contenti ed onorati non solo di avergli intitolato un luogo della nostra citt\u00e0, da poco rinnovato e restituito alla libera fruizione. Questa piazza ora ha un nome ben definito, in una delle vie pi\u00f9 antiche e simboliche di Reggio Calabria, nel pieno centro storico, tra i muraglioni rinnovati di via Possidonea e la scalinata di via Giudecca, brillantemente curate dalle associazioni del territorio\u201d<\/em>. Cos\u00ec il sindaco Giuseppe Falcomat\u00e0 intervenendo alla cerimonia.<\/p>\n<div>Monsignor Vincenzo Lembo, nato a San Roberto (RC), nel 1916 e scomparso a Reggio Calabria il 22 aprile del 1985, \u00e8 stata una eccezionale figura di sacerdote: ordinato nel 1938, nel settembre del 1947\u00a0 \u00e8 nominato direttore del settimanale diocesano &#8220;L\u2019Avvenire di Calabria&#8221; dall\u2019arcivescovo Antonio Lanza. Lascia questo incarico nel 1965 dopo quasi vent\u2019anni di intensa attivit\u00e0 giornalistica e dopo aver fatto acquisire alla testata una diffusione a carattere regionale, durante i quali stringe una profonda amicizia con Indro Montanelli, storica firma del giornalismo italiano. Nel 1952 Lembo diviene il promotore ed il consulente ecclesiastico della sezione calabrese dell&#8217;Ucsi (Unione Cattolica Stampa Italiana), incarico che mantenne per tutta la sua vita.<\/div>\n<div>\n<div>Monsignor Lembo, contemporaneamente al giornalismo, ha svolto un\u2019intensa opera di educatore scout: suo primo contatto \u00e8 nel 1945, alla fine del secondo conflitto mondiale,\u00a0 quando il movimento educativo fondato da Robert Baden Powell, un po\u2019 ovunque in Italia riprende la propria attivit\u00e0 sospesa fin dal 1928 dal regime fascista. \u00a0<img fetchpriority=\"high\" decoding=\"async\" class=\"alignnone size-medium wp-image-71829\" src=\"https:\/\/progettotouring.it\/radiotouring104\/wp-content\/uploads\/sites\/6\/2025\/04\/WhatsApp-Image-2025-04-22-at-18.26.21-300x200.jpeg\" alt=\"\" width=\"300\" height=\"200\" srcset=\"https:\/\/progettotouring.it\/radiotouring104\/wp-content\/uploads\/sites\/6\/2025\/04\/WhatsApp-Image-2025-04-22-at-18.26.21-300x200.jpeg 300w, https:\/\/progettotouring.it\/radiotouring104\/wp-content\/uploads\/sites\/6\/2025\/04\/WhatsApp-Image-2025-04-22-at-18.26.21-1024x682.jpeg 1024w, https:\/\/progettotouring.it\/radiotouring104\/wp-content\/uploads\/sites\/6\/2025\/04\/WhatsApp-Image-2025-04-22-at-18.26.21-768x512.jpeg 768w, https:\/\/progettotouring.it\/radiotouring104\/wp-content\/uploads\/sites\/6\/2025\/04\/WhatsApp-Image-2025-04-22-at-18.26.21-1536x1023.jpeg 1536w, https:\/\/progettotouring.it\/radiotouring104\/wp-content\/uploads\/sites\/6\/2025\/04\/WhatsApp-Image-2025-04-22-at-18.26.21-1170x780.jpeg 1170w, https:\/\/progettotouring.it\/radiotouring104\/wp-content\/uploads\/sites\/6\/2025\/04\/WhatsApp-Image-2025-04-22-at-18.26.21-585x390.jpeg 585w, https:\/\/progettotouring.it\/radiotouring104\/wp-content\/uploads\/sites\/6\/2025\/04\/WhatsApp-Image-2025-04-22-at-18.26.21-263x175.jpeg 263w, https:\/\/progettotouring.it\/radiotouring104\/wp-content\/uploads\/sites\/6\/2025\/04\/WhatsApp-Image-2025-04-22-at-18.26.21.jpeg 1600w\" sizes=\"(max-width: 300px) 100vw, 300px\" \/><img decoding=\"async\" class=\"alignnone size-medium wp-image-71827\" src=\"https:\/\/progettotouring.it\/radiotouring104\/wp-content\/uploads\/sites\/6\/2025\/04\/WhatsApp-Image-2025-04-22-at-18.25.43-300x200.jpeg\" alt=\"\" width=\"300\" height=\"200\" srcset=\"https:\/\/progettotouring.it\/radiotouring104\/wp-content\/uploads\/sites\/6\/2025\/04\/WhatsApp-Image-2025-04-22-at-18.25.43-300x200.jpeg 300w, https:\/\/progettotouring.it\/radiotouring104\/wp-content\/uploads\/sites\/6\/2025\/04\/WhatsApp-Image-2025-04-22-at-18.25.43-1024x682.jpeg 1024w, https:\/\/progettotouring.it\/radiotouring104\/wp-content\/uploads\/sites\/6\/2025\/04\/WhatsApp-Image-2025-04-22-at-18.25.43-768x512.jpeg 768w, https:\/\/progettotouring.it\/radiotouring104\/wp-content\/uploads\/sites\/6\/2025\/04\/WhatsApp-Image-2025-04-22-at-18.25.43-1536x1023.jpeg 1536w, https:\/\/progettotouring.it\/radiotouring104\/wp-content\/uploads\/sites\/6\/2025\/04\/WhatsApp-Image-2025-04-22-at-18.25.43-1170x780.jpeg 1170w, https:\/\/progettotouring.it\/radiotouring104\/wp-content\/uploads\/sites\/6\/2025\/04\/WhatsApp-Image-2025-04-22-at-18.25.43-585x390.jpeg 585w, https:\/\/progettotouring.it\/radiotouring104\/wp-content\/uploads\/sites\/6\/2025\/04\/WhatsApp-Image-2025-04-22-at-18.25.43-263x175.jpeg 263w, https:\/\/progettotouring.it\/radiotouring104\/wp-content\/uploads\/sites\/6\/2025\/04\/WhatsApp-Image-2025-04-22-at-18.25.43.jpeg 1600w\" sizes=\"(max-width: 300px) 100vw, 300px\" \/><\/div>\n<\/div>\n","protected":false},"excerpt":{"rendered":"<p>La Citt\u00e0 di Reggio Calabria ha reso omaggio a monsignor Vincenzo Lembo, educatore scout e giornalista, al quale l\u2019amministrazione comunale, guidata dal sindaco Giuseppe Falcomat\u00e0, ha intitolato una piazza del&hellip;<\/p>\n","protected":false},"author":19,"featured_media":71845,"comment_status":"closed","ping_status":"open","sticky":false,"template":"","format":"standard","meta":{"_jetpack_memberships_contains_paid_content":false,"footnotes":"","jetpack_publicize_message":"","jetpack_publicize_feature_enabled":true,"jetpack_social_post_already_shared":true,"jetpack_social_options":{"image_generator_settings":{"template":"highway","default_image_id":0,"font":"","enabled":false},"version":2}},"categories":[921,196,140],"tags":[],"class_list":["post-71822","post","type-post","status-publish","format-standard","has-post-thumbnail","hentry","category-home","category-news","category-reggio-calabria"],"yoast_head":"<!-- This site is optimized with the Yoast SEO plugin v27.2 - https:\/\/yoast.com\/product\/yoast-seo-wordpress\/ -->\n<title>Reggio, intitolato un largo a Monsignor Vincenzo Lembo - Radio Touring 104<\/title>\n<meta name=\"description\" content=\"Educatore, scout e giornalista \u00e8 stato un&#039; eccezionale figura di sacerdote\" \/>\n<meta name=\"robots\" content=\"index, follow, max-snippet:-1, max-image-preview:large, max-video-preview:-1\" \/>\n<link rel=\"canonical\" href=\"https:\/\/progettotouring.it\/radiotouring104\/2025\/04\/22\/reggio-intitolato-un-largo-a-monsignor-vincenzo-lembo\/\" \/>\n<meta property=\"og:locale\" content=\"it_IT\" \/>\n<meta property=\"og:type\" content=\"article\" \/>\n<meta property=\"og:title\" content=\"Reggio, intitolato un largo a Monsignor Vincenzo Lembo - Radio Touring 104\" \/>\n<meta property=\"og:description\" content=\"Educatore, scout e giornalista \u00e8 stato un&#039; eccezionale figura di sacerdote\" \/>\n<meta property=\"og:url\" content=\"https:\/\/progettotouring.it\/radiotouring104\/2025\/04\/22\/reggio-intitolato-un-largo-a-monsignor-vincenzo-lembo\/\" \/>\n<meta property=\"og:site_name\" content=\"Radio Touring 104\" \/>\n<meta property=\"article:published_time\" content=\"2025-04-22T16:28:41+00:00\" \/>\n<meta property=\"article:modified_time\" content=\"2025-04-22T20:43:30+00:00\" \/>\n<meta property=\"og:image\" content=\"https:\/\/progettotouring.it\/radiotouring104\/wp-content\/uploads\/sites\/6\/2025\/04\/WhatsApp-Image-2025-04-22-at-11.10.34-scaled.jpeg\" \/>\n\t<meta property=\"og:image:width\" content=\"2560\" \/>\n\t<meta property=\"og:image:height\" content=\"1440\" \/>\n\t<meta property=\"og:image:type\" content=\"image\/jpeg\" \/>\n<meta name=\"author\" content=\"S L\" \/>\n<meta name=\"twitter:card\" content=\"summary_large_image\" \/>\n<meta name=\"twitter:label1\" content=\"Scritto da\" \/>\n\t<meta name=\"twitter:data1\" content=\"S L\" \/>\n\t<meta name=\"twitter:label2\" content=\"Tempo di lettura stimato\" \/>\n\t<meta name=\"twitter:data2\" content=\"2 minuti\" \/>\n<script type=\"application\/ld+json\" class=\"yoast-schema-graph\">{\"@context\":\"https:\/\/schema.org\",\"@graph\":[{\"@type\":\"Article\",\"@id\":\"https:\/\/progettotouring.it\/radiotouring104\/2025\/04\/22\/reggio-intitolato-un-largo-a-monsignor-vincenzo-lembo\/#article\",\"isPartOf\":{\"@id\":\"https:\/\/progettotouring.it\/radiotouring104\/2025\/04\/22\/reggio-intitolato-un-largo-a-monsignor-vincenzo-lembo\/\"},\"author\":{\"name\":\"S L\",\"@id\":\"https:\/\/progettotouring.it\/radiotouring104\/#\/schema\/person\/b9f9c3730b0a78814c9b9f3bfc52c619\"},\"headline\":\"Reggio, intitolato un largo a Monsignor Vincenzo Lembo\",\"datePublished\":\"2025-04-22T16:28:41+00:00\",\"dateModified\":\"2025-04-22T20:43:30+00:00\",\"mainEntityOfPage\":{\"@id\":\"https:\/\/progettotouring.it\/radiotouring104\/2025\/04\/22\/reggio-intitolato-un-largo-a-monsignor-vincenzo-lembo\/\"},\"wordCount\":408,\"publisher\":{\"@id\":\"https:\/\/progettotouring.it\/radiotouring104\/#organization\"},\"image\":{\"@id\":\"https:\/\/progettotouring.it\/radiotouring104\/2025\/04\/22\/reggio-intitolato-un-largo-a-monsignor-vincenzo-lembo\/#primaryimage\"},\"thumbnailUrl\":\"https:\/\/progettotouring.it\/radiotouring104\/wp-content\/uploads\/sites\/6\/2025\/04\/WhatsApp-Image-2025-04-22-at-11.10.34-scaled.jpeg\",\"articleSection\":[\"Home\",\"News\",\"Reggio Calabria\"],\"inLanguage\":\"it-IT\"},{\"@type\":\"WebPage\",\"@id\":\"https:\/\/progettotouring.it\/radiotouring104\/2025\/04\/22\/reggio-intitolato-un-largo-a-monsignor-vincenzo-lembo\/\",\"url\":\"https:\/\/progettotouring.it\/radiotouring104\/2025\/04\/22\/reggio-intitolato-un-largo-a-monsignor-vincenzo-lembo\/\",\"name\":\"Reggio, intitolato un largo a Monsignor Vincenzo Lembo - Radio Touring 104\",\"isPartOf\":{\"@id\":\"https:\/\/progettotouring.it\/radiotouring104\/#website\"},\"primaryImageOfPage\":{\"@id\":\"https:\/\/progettotouring.it\/radiotouring104\/2025\/04\/22\/reggio-intitolato-un-largo-a-monsignor-vincenzo-lembo\/#primaryimage\"},\"image\":{\"@id\":\"https:\/\/progettotouring.it\/radiotouring104\/2025\/04\/22\/reggio-intitolato-un-largo-a-monsignor-vincenzo-lembo\/#primaryimage\"},\"thumbnailUrl\":\"https:\/\/progettotouring.it\/radiotouring104\/wp-content\/uploads\/sites\/6\/2025\/04\/WhatsApp-Image-2025-04-22-at-11.10.34-scaled.jpeg\",\"datePublished\":\"2025-04-22T16:28:41+00:00\",\"dateModified\":\"2025-04-22T20:43:30+00:00\",\"description\":\"Educatore, scout e giornalista \u00e8 stato un' eccezionale figura di sacerdote\",\"breadcrumb\":{\"@id\":\"https:\/\/progettotouring.it\/radiotouring104\/2025\/04\/22\/reggio-intitolato-un-largo-a-monsignor-vincenzo-lembo\/#breadcrumb\"},\"inLanguage\":\"it-IT\",\"potentialAction\":[{\"@type\":\"ReadAction\",\"target\":[\"https:\/\/progettotouring.it\/radiotouring104\/2025\/04\/22\/reggio-intitolato-un-largo-a-monsignor-vincenzo-lembo\/\"]}]},{\"@type\":\"ImageObject\",\"inLanguage\":\"it-IT\",\"@id\":\"https:\/\/progettotouring.it\/radiotouring104\/2025\/04\/22\/reggio-intitolato-un-largo-a-monsignor-vincenzo-lembo\/#primaryimage\",\"url\":\"https:\/\/progettotouring.it\/radiotouring104\/wp-content\/uploads\/sites\/6\/2025\/04\/WhatsApp-Image-2025-04-22-at-11.10.34-scaled.jpeg\",\"contentUrl\":\"https:\/\/progettotouring.it\/radiotouring104\/wp-content\/uploads\/sites\/6\/2025\/04\/WhatsApp-Image-2025-04-22-at-11.10.34-scaled.jpeg\",\"width\":2560,\"height\":1440},{\"@type\":\"BreadcrumbList\",\"@id\":\"https:\/\/progettotouring.it\/radiotouring104\/2025\/04\/22\/reggio-intitolato-un-largo-a-monsignor-vincenzo-lembo\/#breadcrumb\",\"itemListElement\":[{\"@type\":\"ListItem\",\"position\":1,\"name\":\"Home\",\"item\":\"https:\/\/progettotouring.it\/radiotouring104\/\"},{\"@type\":\"ListItem\",\"position\":2,\"name\":\"Reggio, intitolato un largo a Monsignor Vincenzo Lembo\"}]},{\"@type\":\"WebSite\",\"@id\":\"https:\/\/progettotouring.it\/radiotouring104\/#website\",\"url\":\"https:\/\/progettotouring.it\/radiotouring104\/\",\"name\":\"Radio Touring 104\",\"description\":\"La prima radio Reggina\",\"publisher\":{\"@id\":\"https:\/\/progettotouring.it\/radiotouring104\/#organization\"},\"potentialAction\":[{\"@type\":\"SearchAction\",\"target\":{\"@type\":\"EntryPoint\",\"urlTemplate\":\"https:\/\/progettotouring.it\/radiotouring104\/?s={search_term_string}\"},\"query-input\":{\"@type\":\"PropertyValueSpecification\",\"valueRequired\":true,\"valueName\":\"search_term_string\"}}],\"inLanguage\":\"it-IT\"},{\"@type\":\"Organization\",\"@id\":\"https:\/\/progettotouring.it\/radiotouring104\/#organization\",\"name\":\"Radio Touring 104\",\"url\":\"https:\/\/progettotouring.it\/radiotouring104\/\",\"logo\":{\"@type\":\"ImageObject\",\"inLanguage\":\"it-IT\",\"@id\":\"https:\/\/progettotouring.it\/radiotouring104\/#\/schema\/logo\/image\/\",\"url\":\"https:\/\/progettotouring.it\/radiotouring104\/wp-content\/uploads\/sites\/6\/2022\/02\/cropped-logo-radio-touring-104.png\",\"contentUrl\":\"https:\/\/progettotouring.it\/radiotouring104\/wp-content\/uploads\/sites\/6\/2022\/02\/cropped-logo-radio-touring-104.png\",\"width\":377,\"height\":182,\"caption\":\"Radio Touring 104\"},\"image\":{\"@id\":\"https:\/\/progettotouring.it\/radiotouring104\/#\/schema\/logo\/image\/\"}},{\"@type\":\"Person\",\"@id\":\"https:\/\/progettotouring.it\/radiotouring104\/#\/schema\/person\/b9f9c3730b0a78814c9b9f3bfc52c619\",\"name\":\"S L\",\"image\":{\"@type\":\"ImageObject\",\"inLanguage\":\"it-IT\",\"@id\":\"https:\/\/secure.gravatar.com\/avatar\/652c51789d7030aaed9ff828331360502a68204fe6fb0831bc280515210e16d2?s=96&d=mm&r=g\",\"url\":\"https:\/\/secure.gravatar.com\/avatar\/652c51789d7030aaed9ff828331360502a68204fe6fb0831bc280515210e16d2?s=96&d=mm&r=g\",\"contentUrl\":\"https:\/\/secure.gravatar.com\/avatar\/652c51789d7030aaed9ff828331360502a68204fe6fb0831bc280515210e16d2?s=96&d=mm&r=g\",\"caption\":\"S L\"},\"url\":\"https:\/\/progettotouring.it\/radiotouring104\/author\/slibri\/\"}]}<\/script>\n<!-- \/ Yoast SEO plugin. -->","yoast_head_json":{"title":"Reggio, intitolato un largo a Monsignor Vincenzo Lembo - Radio Touring 104","description":"Educatore, scout e giornalista \u00e8 stato un' eccezionale figura di sacerdote","robots":{"index":"index","follow":"follow","max-snippet":"max-snippet:-1","max-image-preview":"max-image-preview:large","max-video-preview":"max-video-preview:-1"},"canonical":"https:\/\/progettotouring.it\/radiotouring104\/2025\/04\/22\/reggio-intitolato-un-largo-a-monsignor-vincenzo-lembo\/","og_locale":"it_IT","og_type":"article","og_title":"Reggio, intitolato un largo a Monsignor Vincenzo Lembo - Radio Touring 104","og_description":"Educatore, scout e giornalista \u00e8 stato un' eccezionale figura di sacerdote","og_url":"https:\/\/progettotouring.it\/radiotouring104\/2025\/04\/22\/reggio-intitolato-un-largo-a-monsignor-vincenzo-lembo\/","og_site_name":"Radio Touring 104","article_published_time":"2025-04-22T16:28:41+00:00","article_modified_time":"2025-04-22T20:43:30+00:00","og_image":[{"width":2560,"height":1440,"url":"https:\/\/progettotouring.it\/radiotouring104\/wp-content\/uploads\/sites\/6\/2025\/04\/WhatsApp-Image-2025-04-22-at-11.10.34-scaled.jpeg","type":"image\/jpeg"}],"author":"S L","twitter_card":"summary_large_image","twitter_misc":{"Scritto da":"S L","Tempo di lettura stimato":"2 minuti"},"schema":{"@context":"https:\/\/schema.org","@graph":[{"@type":"Article","@id":"https:\/\/progettotouring.it\/radiotouring104\/2025\/04\/22\/reggio-intitolato-un-largo-a-monsignor-vincenzo-lembo\/#article","isPartOf":{"@id":"https:\/\/progettotouring.it\/radiotouring104\/2025\/04\/22\/reggio-intitolato-un-largo-a-monsignor-vincenzo-lembo\/"},"author":{"name":"S L","@id":"https:\/\/progettotouring.it\/radiotouring104\/#\/schema\/person\/b9f9c3730b0a78814c9b9f3bfc52c619"},"headline":"Reggio, intitolato un largo a Monsignor Vincenzo Lembo","datePublished":"2025-04-22T16:28:41+00:00","dateModified":"2025-04-22T20:43:30+00:00","mainEntityOfPage":{"@id":"https:\/\/progettotouring.it\/radiotouring104\/2025\/04\/22\/reggio-intitolato-un-largo-a-monsignor-vincenzo-lembo\/"},"wordCount":408,"publisher":{"@id":"https:\/\/progettotouring.it\/radiotouring104\/#organization"},"image":{"@id":"https:\/\/progettotouring.it\/radiotouring104\/2025\/04\/22\/reggio-intitolato-un-largo-a-monsignor-vincenzo-lembo\/#primaryimage"},"thumbnailUrl":"https:\/\/progettotouring.it\/radiotouring104\/wp-content\/uploads\/sites\/6\/2025\/04\/WhatsApp-Image-2025-04-22-at-11.10.34-scaled.jpeg","articleSection":["Home","News","Reggio Calabria"],"inLanguage":"it-IT"},{"@type":"WebPage","@id":"https:\/\/progettotouring.it\/radiotouring104\/2025\/04\/22\/reggio-intitolato-un-largo-a-monsignor-vincenzo-lembo\/","url":"https:\/\/progettotouring.it\/radiotouring104\/2025\/04\/22\/reggio-intitolato-un-largo-a-monsignor-vincenzo-lembo\/","name":"Reggio, intitolato un largo a Monsignor Vincenzo Lembo - Radio Touring 104","isPartOf":{"@id":"https:\/\/progettotouring.it\/radiotouring104\/#website"},"primaryImageOfPage":{"@id":"https:\/\/progettotouring.it\/radiotouring104\/2025\/04\/22\/reggio-intitolato-un-largo-a-monsignor-vincenzo-lembo\/#primaryimage"},"image":{"@id":"https:\/\/progettotouring.it\/radiotouring104\/2025\/04\/22\/reggio-intitolato-un-largo-a-monsignor-vincenzo-lembo\/#primaryimage"},"thumbnailUrl":"https:\/\/progettotouring.it\/radiotouring104\/wp-content\/uploads\/sites\/6\/2025\/04\/WhatsApp-Image-2025-04-22-at-11.10.34-scaled.jpeg","datePublished":"2025-04-22T16:28:41+00:00","dateModified":"2025-04-22T20:43:30+00:00","description":"Educatore, scout e giornalista \u00e8 stato un' eccezionale figura di sacerdote","breadcrumb":{"@id":"https:\/\/progettotouring.it\/radiotouring104\/2025\/04\/22\/reggio-intitolato-un-largo-a-monsignor-vincenzo-lembo\/#breadcrumb"},"inLanguage":"it-IT","potentialAction":[{"@type":"ReadAction","target":["https:\/\/progettotouring.it\/radiotouring104\/2025\/04\/22\/reggio-intitolato-un-largo-a-monsignor-vincenzo-lembo\/"]}]},{"@type":"ImageObject","inLanguage":"it-IT","@id":"https:\/\/progettotouring.it\/radiotouring104\/2025\/04\/22\/reggio-intitolato-un-largo-a-monsignor-vincenzo-lembo\/#primaryimage","url":"https:\/\/progettotouring.it\/radiotouring104\/wp-content\/uploads\/sites\/6\/2025\/04\/WhatsApp-Image-2025-04-22-at-11.10.34-scaled.jpeg","contentUrl":"https:\/\/progettotouring.it\/radiotouring104\/wp-content\/uploads\/sites\/6\/2025\/04\/WhatsApp-Image-2025-04-22-at-11.10.34-scaled.jpeg","width":2560,"height":1440},{"@type":"BreadcrumbList","@id":"https:\/\/progettotouring.it\/radiotouring104\/2025\/04\/22\/reggio-intitolato-un-largo-a-monsignor-vincenzo-lembo\/#breadcrumb","itemListElement":[{"@type":"ListItem","position":1,"name":"Home","item":"https:\/\/progettotouring.it\/radiotouring104\/"},{"@type":"ListItem","position":2,"name":"Reggio, intitolato un largo a Monsignor Vincenzo Lembo"}]},{"@type":"WebSite","@id":"https:\/\/progettotouring.it\/radiotouring104\/#website","url":"https:\/\/progettotouring.it\/radiotouring104\/","name":"Radio Touring 104","description":"La prima radio Reggina","publisher":{"@id":"https:\/\/progettotouring.it\/radiotouring104\/#organization"},"potentialAction":[{"@type":"SearchAction","target":{"@type":"EntryPoint","urlTemplate":"https:\/\/progettotouring.it\/radiotouring104\/?s={search_term_string}"},"query-input":{"@type":"PropertyValueSpecification","valueRequired":true,"valueName":"search_term_string"}}],"inLanguage":"it-IT"},{"@type":"Organization","@id":"https:\/\/progettotouring.it\/radiotouring104\/#organization","name":"Radio Touring 104","url":"https:\/\/progettotouring.it\/radiotouring104\/","logo":{"@type":"ImageObject","inLanguage":"it-IT","@id":"https:\/\/progettotouring.it\/radiotouring104\/#\/schema\/logo\/image\/","url":"https:\/\/progettotouring.it\/radiotouring104\/wp-content\/uploads\/sites\/6\/2022\/02\/cropped-logo-radio-touring-104.png","contentUrl":"https:\/\/progettotouring.it\/radiotouring104\/wp-content\/uploads\/sites\/6\/2022\/02\/cropped-logo-radio-touring-104.png","width":377,"height":182,"caption":"Radio Touring 104"},"image":{"@id":"https:\/\/progettotouring.it\/radiotouring104\/#\/schema\/logo\/image\/"}},{"@type":"Person","@id":"https:\/\/progettotouring.it\/radiotouring104\/#\/schema\/person\/b9f9c3730b0a78814c9b9f3bfc52c619","name":"S L","image":{"@type":"ImageObject","inLanguage":"it-IT","@id":"https:\/\/secure.gravatar.com\/avatar\/652c51789d7030aaed9ff828331360502a68204fe6fb0831bc280515210e16d2?s=96&d=mm&r=g","url":"https:\/\/secure.gravatar.com\/avatar\/652c51789d7030aaed9ff828331360502a68204fe6fb0831bc280515210e16d2?s=96&d=mm&r=g","contentUrl":"https:\/\/secure.gravatar.com\/avatar\/652c51789d7030aaed9ff828331360502a68204fe6fb0831bc280515210e16d2?s=96&d=mm&r=g","caption":"S L"},"url":"https:\/\/progettotouring.it\/radiotouring104\/author\/slibri\/"}]}},"jetpack_publicize_connections":[],"jetpack_featured_media_url":"https:\/\/progettotouring.it\/radiotouring104\/wp-content\/uploads\/sites\/6\/2025\/04\/WhatsApp-Image-2025-04-22-at-11.10.34-scaled.jpeg","jetpack_sharing_enabled":true,"_links":{"self":[{"href":"https:\/\/progettotouring.it\/radiotouring104\/wp-json\/wp\/v2\/posts\/71822","targetHints":{"allow":["GET"]}}],"collection":[{"href":"https:\/\/progettotouring.it\/radiotouring104\/wp-json\/wp\/v2\/posts"}],"about":[{"href":"https:\/\/progettotouring.it\/radiotouring104\/wp-json\/wp\/v2\/types\/post"}],"author":[{"embeddable":true,"href":"https:\/\/progettotouring.it\/radiotouring104\/wp-json\/wp\/v2\/users\/19"}],"replies":[{"embeddable":true,"href":"https:\/\/progettotouring.it\/radiotouring104\/wp-json\/wp\/v2\/comments?post=71822"}],"version-history":[{"count":3,"href":"https:\/\/progettotouring.it\/radiotouring104\/wp-json\/wp\/v2\/posts\/71822\/revisions"}],"predecessor-version":[{"id":71846,"href":"https:\/\/progettotouring.it\/radiotouring104\/wp-json\/wp\/v2\/posts\/71822\/revisions\/71846"}],"wp:featuredmedia":[{"embeddable":true,"href":"https:\/\/progettotouring.it\/radiotouring104\/wp-json\/wp\/v2\/media\/71845"}],"wp:attachment":[{"href":"https:\/\/progettotouring.it\/radiotouring104\/wp-json\/wp\/v2\/media?parent=71822"}],"wp:term":[{"taxonomy":"category","embeddable":true,"href":"https:\/\/progettotouring.it\/radiotouring104\/wp-json\/wp\/v2\/categories?post=71822"},{"taxonomy":"post_tag","embeddable":true,"href":"https:\/\/progettotouring.it\/radiotouring104\/wp-json\/wp\/v2\/tags?post=71822"}],"curies":[{"name":"wp","href":"https:\/\/api.w.org\/{rel}","templated":true}]}}