{"id":71841,"date":"2025-04-22T22:40:24","date_gmt":"2025-04-22T20:40:24","guid":{"rendered":"https:\/\/progettotouring.it\/radiotouring104\/?p=71841"},"modified":"2025-04-22T22:40:24","modified_gmt":"2025-04-22T20:40:24","slug":"a-reggio-il-25-aprile-levento-regalaunapoesia-per-celebrare-liberta-lotta-alle-oppressioni-e-fratellanza","status":"publish","type":"post","link":"https:\/\/progettotouring.it\/radiotouring104\/2025\/04\/22\/a-reggio-il-25-aprile-levento-regalaunapoesia-per-celebrare-liberta-lotta-alle-oppressioni-e-fratellanza\/","title":{"rendered":"A Reggio il 25 aprile l&#8217;evento #regalaunapoesia per celebrare libert\u00e0, lotta alle oppressioni e fratellanza"},"content":{"rendered":"<div>\n<div dir=\"auto\"><\/div>\n<div dir=\"auto\">Il prossimo 25 aprile, in occasione della Festa della Liberazione, Reggio Calabria diventa un grande palcoscenico a cielo aperto con #RegalaUnaPoesia, un evento diffuso che intreccia poesia, musica e arti visive per rendere omaggio alla memoria, alla libert\u00e0 e al coinvolgimento collettivo.<\/div>\n<div dir=\"auto\"><\/div>\n<div dir=\"auto\">Un progetto di arte partecipata per la citt\u00e0 ideato da Roberto Modafferi, artista reggino emergente che punta a trasformare la partecipazione in opera d\u2019arte. #RegalaUnaPoesia \u00e8 organizzato dall&#8217;artista e da Philosopolis Onlus, con il patrocinio della Citt\u00e0 Metropolitana e del Comune di Reggio Calabria, e il sostegno del Centro Studi Musicali G. Verdi del Maestro Sergio Romeo, delle associazioni Karma, L\u2019Amaca, Magica Mistica Musica APS, in collaborazione con Etimologia Magazine di Valentina Romeo.<\/div>\n<div dir=\"auto\"><\/div>\n<div dir=\"auto\">Tre luoghi, una sola voce: poesia e arte a cielo aperto<\/div>\n<div dir=\"auto\"><\/div>\n<div dir=\"auto\">Alle ore 19:00 di venerd\u00ec 25 aprile, tre luoghi simbolo della citt\u00e0 \u2013 la scalinata del Teatro Francesco Cilea, Piazza Duomo e Piazza De Nava \u2013 si accenderanno di poesia e musica.<\/div>\n<div dir=\"auto\"><\/div>\n<div dir=\"auto\">Poeti e attori interpreteranno testi dedicati alla Resistenza, alla libert\u00e0 e alla speranza, accompagnati da un sottofondo musicale che avvolger\u00e0 il pubblico.<\/div>\n<div dir=\"auto\"><\/div>\n<div dir=\"auto\">In ogni piazza, l\u2019arte visiva sar\u00e0 protagonista con opere create appositamente sul tema: oltre a Roberto Modafferi alla scalinata del Teatro Cilea, sveleranno le loro creazioni anche Carmela Salvatore a Piazza De Nava e Fiorella Cogliandro a Piazza Duomo. Tre linguaggi diversi, un unico messaggio di memoria viva.<\/div>\n<div dir=\"auto\"><\/div>\n<div dir=\"auto\">Un evento che si rinnova nel rispetto del lutto nazionale<\/div>\n<div dir=\"auto\"><\/div>\n<div dir=\"auto\">In osservanza del lutto nazionale e su disposizione del Sindaco, le istituzioni non prenderanno parte all&#8217;evento come inizialmente previsto.<\/div>\n<div dir=\"auto\">Tuttavia, #RegalaUnaPoesia si svolger\u00e0 regolarmente: i temi di libert\u00e0, pace e fratellanza sono pienamente coerenti con il momento di raccoglimento che la citt\u00e0 e il Paese stanno vivendo.<\/div>\n<div dir=\"auto\"><\/div>\n<\/div>\n<div dir=\"auto\"><\/div>\n","protected":false},"excerpt":{"rendered":"<p>Il prossimo 25 aprile, in occasione della Festa della Liberazione, Reggio Calabria diventa un grande palcoscenico a cielo aperto con #RegalaUnaPoesia, un evento diffuso che intreccia poesia, musica e arti&hellip;<\/p>\n","protected":false},"author":19,"featured_media":71842,"comment_status":"closed","ping_status":"open","sticky":false,"template":"","format":"standard","meta":{"_jetpack_memberships_contains_paid_content":false,"footnotes":"","jetpack_publicize_message":"","jetpack_publicize_feature_enabled":true,"jetpack_social_post_already_shared":true,"jetpack_social_options":{"image_generator_settings":{"template":"highway","default_image_id":0,"font":"","enabled":false},"version":2}},"categories":[145,921,146,196,140,147],"tags":[],"class_list":["post-71841","post","type-post","status-publish","format-standard","has-post-thumbnail","hentry","category-cultura","category-home","category-musica","category-news","category-reggio-calabria","category-spettacoli"],"yoast_head":"<!-- This site is optimized with the Yoast SEO plugin v27.2 - https:\/\/yoast.com\/product\/yoast-seo-wordpress\/ -->\n<title>A Reggio il 25 aprile l&#039;evento #regalaunapoesia per celebrare libert\u00e0, lotta alle oppressioni e fratellanza - Radio Touring 104<\/title>\n<meta name=\"description\" content=\"Nel rispetto del lutto nazionale le Istituzioni non prenderanno parte all&#039;evento\" \/>\n<meta name=\"robots\" content=\"index, follow, max-snippet:-1, max-image-preview:large, max-video-preview:-1\" \/>\n<link rel=\"canonical\" href=\"https:\/\/progettotouring.it\/radiotouring104\/2025\/04\/22\/a-reggio-il-25-aprile-levento-regalaunapoesia-per-celebrare-liberta-lotta-alle-oppressioni-e-fratellanza\/\" \/>\n<meta property=\"og:locale\" content=\"it_IT\" \/>\n<meta property=\"og:type\" content=\"article\" \/>\n<meta property=\"og:title\" content=\"A Reggio il 25 aprile l&#039;evento #regalaunapoesia per celebrare libert\u00e0, lotta alle oppressioni e fratellanza - Radio Touring 104\" \/>\n<meta property=\"og:description\" content=\"Nel rispetto del lutto nazionale le Istituzioni non prenderanno parte all&#039;evento\" \/>\n<meta property=\"og:url\" content=\"https:\/\/progettotouring.it\/radiotouring104\/2025\/04\/22\/a-reggio-il-25-aprile-levento-regalaunapoesia-per-celebrare-liberta-lotta-alle-oppressioni-e-fratellanza\/\" \/>\n<meta property=\"og:site_name\" content=\"Radio Touring 104\" \/>\n<meta property=\"article:published_time\" content=\"2025-04-22T20:40:24+00:00\" \/>\n<meta property=\"og:image\" content=\"https:\/\/progettotouring.it\/radiotouring104\/wp-content\/uploads\/sites\/6\/2025\/04\/1_Post_25apr_Sponsorizzata-scaled.jpg\" \/>\n\t<meta property=\"og:image:width\" content=\"2048\" \/>\n\t<meta property=\"og:image:height\" content=\"2560\" \/>\n\t<meta property=\"og:image:type\" content=\"image\/jpeg\" \/>\n<meta name=\"author\" content=\"S L\" \/>\n<meta name=\"twitter:card\" content=\"summary_large_image\" \/>\n<meta name=\"twitter:label1\" content=\"Scritto da\" \/>\n\t<meta name=\"twitter:data1\" content=\"S L\" \/>\n\t<meta name=\"twitter:label2\" content=\"Tempo di lettura stimato\" \/>\n\t<meta name=\"twitter:data2\" content=\"1 minuto\" \/>\n<script type=\"application\/ld+json\" class=\"yoast-schema-graph\">{\"@context\":\"https:\/\/schema.org\",\"@graph\":[{\"@type\":\"Article\",\"@id\":\"https:\/\/progettotouring.it\/radiotouring104\/2025\/04\/22\/a-reggio-il-25-aprile-levento-regalaunapoesia-per-celebrare-liberta-lotta-alle-oppressioni-e-fratellanza\/#article\",\"isPartOf\":{\"@id\":\"https:\/\/progettotouring.it\/radiotouring104\/2025\/04\/22\/a-reggio-il-25-aprile-levento-regalaunapoesia-per-celebrare-liberta-lotta-alle-oppressioni-e-fratellanza\/\"},\"author\":{\"name\":\"S L\",\"@id\":\"https:\/\/progettotouring.it\/radiotouring104\/#\/schema\/person\/b9f9c3730b0a78814c9b9f3bfc52c619\"},\"headline\":\"A Reggio il 25 aprile l&#8217;evento #regalaunapoesia per celebrare libert\u00e0, lotta alle oppressioni e fratellanza\",\"datePublished\":\"2025-04-22T20:40:24+00:00\",\"mainEntityOfPage\":{\"@id\":\"https:\/\/progettotouring.it\/radiotouring104\/2025\/04\/22\/a-reggio-il-25-aprile-levento-regalaunapoesia-per-celebrare-liberta-lotta-alle-oppressioni-e-fratellanza\/\"},\"wordCount\":296,\"publisher\":{\"@id\":\"https:\/\/progettotouring.it\/radiotouring104\/#organization\"},\"image\":{\"@id\":\"https:\/\/progettotouring.it\/radiotouring104\/2025\/04\/22\/a-reggio-il-25-aprile-levento-regalaunapoesia-per-celebrare-liberta-lotta-alle-oppressioni-e-fratellanza\/#primaryimage\"},\"thumbnailUrl\":\"https:\/\/progettotouring.it\/radiotouring104\/wp-content\/uploads\/sites\/6\/2025\/04\/1_Post_25apr_Sponsorizzata-scaled.jpg\",\"articleSection\":[\"Cultura\",\"Home\",\"Musica\",\"News\",\"Reggio Calabria\",\"Spettacoli\"],\"inLanguage\":\"it-IT\"},{\"@type\":\"WebPage\",\"@id\":\"https:\/\/progettotouring.it\/radiotouring104\/2025\/04\/22\/a-reggio-il-25-aprile-levento-regalaunapoesia-per-celebrare-liberta-lotta-alle-oppressioni-e-fratellanza\/\",\"url\":\"https:\/\/progettotouring.it\/radiotouring104\/2025\/04\/22\/a-reggio-il-25-aprile-levento-regalaunapoesia-per-celebrare-liberta-lotta-alle-oppressioni-e-fratellanza\/\",\"name\":\"A Reggio il 25 aprile l'evento #regalaunapoesia per celebrare libert\u00e0, lotta alle oppressioni e fratellanza - Radio Touring 104\",\"isPartOf\":{\"@id\":\"https:\/\/progettotouring.it\/radiotouring104\/#website\"},\"primaryImageOfPage\":{\"@id\":\"https:\/\/progettotouring.it\/radiotouring104\/2025\/04\/22\/a-reggio-il-25-aprile-levento-regalaunapoesia-per-celebrare-liberta-lotta-alle-oppressioni-e-fratellanza\/#primaryimage\"},\"image\":{\"@id\":\"https:\/\/progettotouring.it\/radiotouring104\/2025\/04\/22\/a-reggio-il-25-aprile-levento-regalaunapoesia-per-celebrare-liberta-lotta-alle-oppressioni-e-fratellanza\/#primaryimage\"},\"thumbnailUrl\":\"https:\/\/progettotouring.it\/radiotouring104\/wp-content\/uploads\/sites\/6\/2025\/04\/1_Post_25apr_Sponsorizzata-scaled.jpg\",\"datePublished\":\"2025-04-22T20:40:24+00:00\",\"description\":\"Nel rispetto del lutto nazionale le Istituzioni non prenderanno parte all'evento\",\"breadcrumb\":{\"@id\":\"https:\/\/progettotouring.it\/radiotouring104\/2025\/04\/22\/a-reggio-il-25-aprile-levento-regalaunapoesia-per-celebrare-liberta-lotta-alle-oppressioni-e-fratellanza\/#breadcrumb\"},\"inLanguage\":\"it-IT\",\"potentialAction\":[{\"@type\":\"ReadAction\",\"target\":[\"https:\/\/progettotouring.it\/radiotouring104\/2025\/04\/22\/a-reggio-il-25-aprile-levento-regalaunapoesia-per-celebrare-liberta-lotta-alle-oppressioni-e-fratellanza\/\"]}]},{\"@type\":\"ImageObject\",\"inLanguage\":\"it-IT\",\"@id\":\"https:\/\/progettotouring.it\/radiotouring104\/2025\/04\/22\/a-reggio-il-25-aprile-levento-regalaunapoesia-per-celebrare-liberta-lotta-alle-oppressioni-e-fratellanza\/#primaryimage\",\"url\":\"https:\/\/progettotouring.it\/radiotouring104\/wp-content\/uploads\/sites\/6\/2025\/04\/1_Post_25apr_Sponsorizzata-scaled.jpg\",\"contentUrl\":\"https:\/\/progettotouring.it\/radiotouring104\/wp-content\/uploads\/sites\/6\/2025\/04\/1_Post_25apr_Sponsorizzata-scaled.jpg\",\"width\":2048,\"height\":2560},{\"@type\":\"BreadcrumbList\",\"@id\":\"https:\/\/progettotouring.it\/radiotouring104\/2025\/04\/22\/a-reggio-il-25-aprile-levento-regalaunapoesia-per-celebrare-liberta-lotta-alle-oppressioni-e-fratellanza\/#breadcrumb\",\"itemListElement\":[{\"@type\":\"ListItem\",\"position\":1,\"name\":\"Home\",\"item\":\"https:\/\/progettotouring.it\/radiotouring104\/\"},{\"@type\":\"ListItem\",\"position\":2,\"name\":\"A Reggio il 25 aprile l&#8217;evento #regalaunapoesia per celebrare libert\u00e0, lotta alle oppressioni e fratellanza\"}]},{\"@type\":\"WebSite\",\"@id\":\"https:\/\/progettotouring.it\/radiotouring104\/#website\",\"url\":\"https:\/\/progettotouring.it\/radiotouring104\/\",\"name\":\"Radio Touring 104\",\"description\":\"La prima radio Reggina\",\"publisher\":{\"@id\":\"https:\/\/progettotouring.it\/radiotouring104\/#organization\"},\"potentialAction\":[{\"@type\":\"SearchAction\",\"target\":{\"@type\":\"EntryPoint\",\"urlTemplate\":\"https:\/\/progettotouring.it\/radiotouring104\/?s={search_term_string}\"},\"query-input\":{\"@type\":\"PropertyValueSpecification\",\"valueRequired\":true,\"valueName\":\"search_term_string\"}}],\"inLanguage\":\"it-IT\"},{\"@type\":\"Organization\",\"@id\":\"https:\/\/progettotouring.it\/radiotouring104\/#organization\",\"name\":\"Radio Touring 104\",\"url\":\"https:\/\/progettotouring.it\/radiotouring104\/\",\"logo\":{\"@type\":\"ImageObject\",\"inLanguage\":\"it-IT\",\"@id\":\"https:\/\/progettotouring.it\/radiotouring104\/#\/schema\/logo\/image\/\",\"url\":\"https:\/\/progettotouring.it\/radiotouring104\/wp-content\/uploads\/sites\/6\/2022\/02\/cropped-logo-radio-touring-104.png\",\"contentUrl\":\"https:\/\/progettotouring.it\/radiotouring104\/wp-content\/uploads\/sites\/6\/2022\/02\/cropped-logo-radio-touring-104.png\",\"width\":377,\"height\":182,\"caption\":\"Radio Touring 104\"},\"image\":{\"@id\":\"https:\/\/progettotouring.it\/radiotouring104\/#\/schema\/logo\/image\/\"}},{\"@type\":\"Person\",\"@id\":\"https:\/\/progettotouring.it\/radiotouring104\/#\/schema\/person\/b9f9c3730b0a78814c9b9f3bfc52c619\",\"name\":\"S L\",\"image\":{\"@type\":\"ImageObject\",\"inLanguage\":\"it-IT\",\"@id\":\"https:\/\/secure.gravatar.com\/avatar\/652c51789d7030aaed9ff828331360502a68204fe6fb0831bc280515210e16d2?s=96&d=mm&r=g\",\"url\":\"https:\/\/secure.gravatar.com\/avatar\/652c51789d7030aaed9ff828331360502a68204fe6fb0831bc280515210e16d2?s=96&d=mm&r=g\",\"contentUrl\":\"https:\/\/secure.gravatar.com\/avatar\/652c51789d7030aaed9ff828331360502a68204fe6fb0831bc280515210e16d2?s=96&d=mm&r=g\",\"caption\":\"S L\"},\"url\":\"https:\/\/progettotouring.it\/radiotouring104\/author\/slibri\/\"}]}<\/script>\n<!-- \/ Yoast SEO plugin. -->","yoast_head_json":{"title":"A Reggio il 25 aprile l'evento #regalaunapoesia per celebrare libert\u00e0, lotta alle oppressioni e fratellanza - Radio Touring 104","description":"Nel rispetto del lutto nazionale le Istituzioni non prenderanno parte all'evento","robots":{"index":"index","follow":"follow","max-snippet":"max-snippet:-1","max-image-preview":"max-image-preview:large","max-video-preview":"max-video-preview:-1"},"canonical":"https:\/\/progettotouring.it\/radiotouring104\/2025\/04\/22\/a-reggio-il-25-aprile-levento-regalaunapoesia-per-celebrare-liberta-lotta-alle-oppressioni-e-fratellanza\/","og_locale":"it_IT","og_type":"article","og_title":"A Reggio il 25 aprile l'evento #regalaunapoesia per celebrare libert\u00e0, lotta alle oppressioni e fratellanza - Radio Touring 104","og_description":"Nel rispetto del lutto nazionale le Istituzioni non prenderanno parte all'evento","og_url":"https:\/\/progettotouring.it\/radiotouring104\/2025\/04\/22\/a-reggio-il-25-aprile-levento-regalaunapoesia-per-celebrare-liberta-lotta-alle-oppressioni-e-fratellanza\/","og_site_name":"Radio Touring 104","article_published_time":"2025-04-22T20:40:24+00:00","og_image":[{"width":2048,"height":2560,"url":"https:\/\/progettotouring.it\/radiotouring104\/wp-content\/uploads\/sites\/6\/2025\/04\/1_Post_25apr_Sponsorizzata-scaled.jpg","type":"image\/jpeg"}],"author":"S L","twitter_card":"summary_large_image","twitter_misc":{"Scritto da":"S L","Tempo di lettura stimato":"1 minuto"},"schema":{"@context":"https:\/\/schema.org","@graph":[{"@type":"Article","@id":"https:\/\/progettotouring.it\/radiotouring104\/2025\/04\/22\/a-reggio-il-25-aprile-levento-regalaunapoesia-per-celebrare-liberta-lotta-alle-oppressioni-e-fratellanza\/#article","isPartOf":{"@id":"https:\/\/progettotouring.it\/radiotouring104\/2025\/04\/22\/a-reggio-il-25-aprile-levento-regalaunapoesia-per-celebrare-liberta-lotta-alle-oppressioni-e-fratellanza\/"},"author":{"name":"S L","@id":"https:\/\/progettotouring.it\/radiotouring104\/#\/schema\/person\/b9f9c3730b0a78814c9b9f3bfc52c619"},"headline":"A Reggio il 25 aprile l&#8217;evento #regalaunapoesia per celebrare libert\u00e0, lotta alle oppressioni e fratellanza","datePublished":"2025-04-22T20:40:24+00:00","mainEntityOfPage":{"@id":"https:\/\/progettotouring.it\/radiotouring104\/2025\/04\/22\/a-reggio-il-25-aprile-levento-regalaunapoesia-per-celebrare-liberta-lotta-alle-oppressioni-e-fratellanza\/"},"wordCount":296,"publisher":{"@id":"https:\/\/progettotouring.it\/radiotouring104\/#organization"},"image":{"@id":"https:\/\/progettotouring.it\/radiotouring104\/2025\/04\/22\/a-reggio-il-25-aprile-levento-regalaunapoesia-per-celebrare-liberta-lotta-alle-oppressioni-e-fratellanza\/#primaryimage"},"thumbnailUrl":"https:\/\/progettotouring.it\/radiotouring104\/wp-content\/uploads\/sites\/6\/2025\/04\/1_Post_25apr_Sponsorizzata-scaled.jpg","articleSection":["Cultura","Home","Musica","News","Reggio Calabria","Spettacoli"],"inLanguage":"it-IT"},{"@type":"WebPage","@id":"https:\/\/progettotouring.it\/radiotouring104\/2025\/04\/22\/a-reggio-il-25-aprile-levento-regalaunapoesia-per-celebrare-liberta-lotta-alle-oppressioni-e-fratellanza\/","url":"https:\/\/progettotouring.it\/radiotouring104\/2025\/04\/22\/a-reggio-il-25-aprile-levento-regalaunapoesia-per-celebrare-liberta-lotta-alle-oppressioni-e-fratellanza\/","name":"A Reggio il 25 aprile l'evento #regalaunapoesia per celebrare libert\u00e0, lotta alle oppressioni e fratellanza - Radio Touring 104","isPartOf":{"@id":"https:\/\/progettotouring.it\/radiotouring104\/#website"},"primaryImageOfPage":{"@id":"https:\/\/progettotouring.it\/radiotouring104\/2025\/04\/22\/a-reggio-il-25-aprile-levento-regalaunapoesia-per-celebrare-liberta-lotta-alle-oppressioni-e-fratellanza\/#primaryimage"},"image":{"@id":"https:\/\/progettotouring.it\/radiotouring104\/2025\/04\/22\/a-reggio-il-25-aprile-levento-regalaunapoesia-per-celebrare-liberta-lotta-alle-oppressioni-e-fratellanza\/#primaryimage"},"thumbnailUrl":"https:\/\/progettotouring.it\/radiotouring104\/wp-content\/uploads\/sites\/6\/2025\/04\/1_Post_25apr_Sponsorizzata-scaled.jpg","datePublished":"2025-04-22T20:40:24+00:00","description":"Nel rispetto del lutto nazionale le Istituzioni non prenderanno parte all'evento","breadcrumb":{"@id":"https:\/\/progettotouring.it\/radiotouring104\/2025\/04\/22\/a-reggio-il-25-aprile-levento-regalaunapoesia-per-celebrare-liberta-lotta-alle-oppressioni-e-fratellanza\/#breadcrumb"},"inLanguage":"it-IT","potentialAction":[{"@type":"ReadAction","target":["https:\/\/progettotouring.it\/radiotouring104\/2025\/04\/22\/a-reggio-il-25-aprile-levento-regalaunapoesia-per-celebrare-liberta-lotta-alle-oppressioni-e-fratellanza\/"]}]},{"@type":"ImageObject","inLanguage":"it-IT","@id":"https:\/\/progettotouring.it\/radiotouring104\/2025\/04\/22\/a-reggio-il-25-aprile-levento-regalaunapoesia-per-celebrare-liberta-lotta-alle-oppressioni-e-fratellanza\/#primaryimage","url":"https:\/\/progettotouring.it\/radiotouring104\/wp-content\/uploads\/sites\/6\/2025\/04\/1_Post_25apr_Sponsorizzata-scaled.jpg","contentUrl":"https:\/\/progettotouring.it\/radiotouring104\/wp-content\/uploads\/sites\/6\/2025\/04\/1_Post_25apr_Sponsorizzata-scaled.jpg","width":2048,"height":2560},{"@type":"BreadcrumbList","@id":"https:\/\/progettotouring.it\/radiotouring104\/2025\/04\/22\/a-reggio-il-25-aprile-levento-regalaunapoesia-per-celebrare-liberta-lotta-alle-oppressioni-e-fratellanza\/#breadcrumb","itemListElement":[{"@type":"ListItem","position":1,"name":"Home","item":"https:\/\/progettotouring.it\/radiotouring104\/"},{"@type":"ListItem","position":2,"name":"A Reggio il 25 aprile l&#8217;evento #regalaunapoesia per celebrare libert\u00e0, lotta alle oppressioni e fratellanza"}]},{"@type":"WebSite","@id":"https:\/\/progettotouring.it\/radiotouring104\/#website","url":"https:\/\/progettotouring.it\/radiotouring104\/","name":"Radio Touring 104","description":"La prima radio Reggina","publisher":{"@id":"https:\/\/progettotouring.it\/radiotouring104\/#organization"},"potentialAction":[{"@type":"SearchAction","target":{"@type":"EntryPoint","urlTemplate":"https:\/\/progettotouring.it\/radiotouring104\/?s={search_term_string}"},"query-input":{"@type":"PropertyValueSpecification","valueRequired":true,"valueName":"search_term_string"}}],"inLanguage":"it-IT"},{"@type":"Organization","@id":"https:\/\/progettotouring.it\/radiotouring104\/#organization","name":"Radio Touring 104","url":"https:\/\/progettotouring.it\/radiotouring104\/","logo":{"@type":"ImageObject","inLanguage":"it-IT","@id":"https:\/\/progettotouring.it\/radiotouring104\/#\/schema\/logo\/image\/","url":"https:\/\/progettotouring.it\/radiotouring104\/wp-content\/uploads\/sites\/6\/2022\/02\/cropped-logo-radio-touring-104.png","contentUrl":"https:\/\/progettotouring.it\/radiotouring104\/wp-content\/uploads\/sites\/6\/2022\/02\/cropped-logo-radio-touring-104.png","width":377,"height":182,"caption":"Radio Touring 104"},"image":{"@id":"https:\/\/progettotouring.it\/radiotouring104\/#\/schema\/logo\/image\/"}},{"@type":"Person","@id":"https:\/\/progettotouring.it\/radiotouring104\/#\/schema\/person\/b9f9c3730b0a78814c9b9f3bfc52c619","name":"S L","image":{"@type":"ImageObject","inLanguage":"it-IT","@id":"https:\/\/secure.gravatar.com\/avatar\/652c51789d7030aaed9ff828331360502a68204fe6fb0831bc280515210e16d2?s=96&d=mm&r=g","url":"https:\/\/secure.gravatar.com\/avatar\/652c51789d7030aaed9ff828331360502a68204fe6fb0831bc280515210e16d2?s=96&d=mm&r=g","contentUrl":"https:\/\/secure.gravatar.com\/avatar\/652c51789d7030aaed9ff828331360502a68204fe6fb0831bc280515210e16d2?s=96&d=mm&r=g","caption":"S L"},"url":"https:\/\/progettotouring.it\/radiotouring104\/author\/slibri\/"}]}},"jetpack_publicize_connections":[],"jetpack_featured_media_url":"https:\/\/progettotouring.it\/radiotouring104\/wp-content\/uploads\/sites\/6\/2025\/04\/1_Post_25apr_Sponsorizzata-scaled.jpg","jetpack_sharing_enabled":true,"_links":{"self":[{"href":"https:\/\/progettotouring.it\/radiotouring104\/wp-json\/wp\/v2\/posts\/71841","targetHints":{"allow":["GET"]}}],"collection":[{"href":"https:\/\/progettotouring.it\/radiotouring104\/wp-json\/wp\/v2\/posts"}],"about":[{"href":"https:\/\/progettotouring.it\/radiotouring104\/wp-json\/wp\/v2\/types\/post"}],"author":[{"embeddable":true,"href":"https:\/\/progettotouring.it\/radiotouring104\/wp-json\/wp\/v2\/users\/19"}],"replies":[{"embeddable":true,"href":"https:\/\/progettotouring.it\/radiotouring104\/wp-json\/wp\/v2\/comments?post=71841"}],"version-history":[{"count":1,"href":"https:\/\/progettotouring.it\/radiotouring104\/wp-json\/wp\/v2\/posts\/71841\/revisions"}],"predecessor-version":[{"id":71843,"href":"https:\/\/progettotouring.it\/radiotouring104\/wp-json\/wp\/v2\/posts\/71841\/revisions\/71843"}],"wp:featuredmedia":[{"embeddable":true,"href":"https:\/\/progettotouring.it\/radiotouring104\/wp-json\/wp\/v2\/media\/71842"}],"wp:attachment":[{"href":"https:\/\/progettotouring.it\/radiotouring104\/wp-json\/wp\/v2\/media?parent=71841"}],"wp:term":[{"taxonomy":"category","embeddable":true,"href":"https:\/\/progettotouring.it\/radiotouring104\/wp-json\/wp\/v2\/categories?post=71841"},{"taxonomy":"post_tag","embeddable":true,"href":"https:\/\/progettotouring.it\/radiotouring104\/wp-json\/wp\/v2\/tags?post=71841"}],"curies":[{"name":"wp","href":"https:\/\/api.w.org\/{rel}","templated":true}]}}