{"id":71867,"date":"2025-04-23T10:04:38","date_gmt":"2025-04-23T08:04:38","guid":{"rendered":"https:\/\/progettotouring.it\/radiotouring104\/?p=71867"},"modified":"2025-04-23T10:34:07","modified_gmt":"2025-04-23T08:34:07","slug":"comune-di-cetraro-giovanni-del-trono-si-candida-a-sindaco","status":"publish","type":"post","link":"https:\/\/progettotouring.it\/radiotouring104\/2025\/04\/23\/comune-di-cetraro-giovanni-del-trono-si-candida-a-sindaco\/","title":{"rendered":"Comune di Cetraro: Giovanni del Trono si candida a Sindaco"},"content":{"rendered":"<p style=\"text-align: justify;\"><strong>Forze politiche<\/strong>, associazioni, rappresentanti della societ\u00e0 civile e comitati civici liberi e democratici presenti nel territorio del Comune di Cetraro, dopo un\u2019attenta analisi della situazione cittadina e un proficuo confronto politico,<strong> hanno trovato una convergenza univoca<\/strong> per un rilancio della cittadina.<\/p>\n<p style=\"text-align: justify;\"><strong>All\u2019unanimit\u00e0, hanno individuato in Giovanni Del Trono<\/strong> la figura in grado di interpretare al meglio le esigenze del territorio, coniugando competenza amministrativa e visione strategica.<\/p>\n<p style=\"text-align: justify;\"><strong>La proposta di candidatura a Sindaco<\/strong> nasce dalla valutazione delle sue comprovate qualit\u00e0 istituzionali, dal solido legame con il tessuto civico e sociale, e della sua capacit\u00e0 di sintesi. Un profilo, il suo, distante dai vecchi schemi, oggi pi\u00f9 che mai necessario per affrontare le sfide di una comunit\u00e0 che guarda con determinazione al futuro.<\/p>\n<p style=\"text-align: justify;\"><strong>Giovanni Del Trono,<\/strong> con senso di responsabilit\u00e0 e dopo un confronto costruttivo con i rappresentanti delle forze coalizzate, <strong>ha accettato l\u2019investitura: sar\u00e0 dunque lui a guidare la coalizione.<\/strong><\/p>\n<p><strong>\u00a0<\/strong><\/p>\n","protected":false},"excerpt":{"rendered":"<p>Forze politiche, associazioni, rappresentanti della societ\u00e0 civile e comitati civici liberi e democratici presenti nel territorio del Comune di Cetraro, dopo un\u2019attenta analisi della situazione cittadina e un proficuo confronto&hellip;<\/p>\n","protected":false},"author":12,"featured_media":71884,"comment_status":"closed","ping_status":"open","sticky":false,"template":"","format":"standard","meta":{"_jetpack_memberships_contains_paid_content":false,"footnotes":"","jetpack_publicize_message":"","jetpack_publicize_feature_enabled":true,"jetpack_social_post_already_shared":true,"jetpack_social_options":{"image_generator_settings":{"template":"highway","default_image_id":0,"font":"","enabled":false},"version":2}},"categories":[142,921,196],"tags":[42820,42818,42817,42819],"class_list":["post-71867","post","type-post","status-publish","format-standard","has-post-thumbnail","hentry","category-calabria","category-home","category-news","tag-candidatura-a-sindaco","tag-comune-di-cetraro","tag-giovanni-del-trono","tag-trovata-convergenza"],"yoast_head":"<!-- This site is optimized with the Yoast SEO plugin v27.2 - https:\/\/yoast.com\/product\/yoast-seo-wordpress\/ -->\n<title>Comune di Cetraro: Giovanni del Trono si candida a Sindaco - Radio Touring 104<\/title>\n<meta name=\"description\" content=\"Trovata la convergenza tra forze politiche, associazioni, comitati civici e cittadini. A guidare la coalizione sar\u00e0 Giovanni del Trono\" \/>\n<meta name=\"robots\" content=\"index, follow, max-snippet:-1, max-image-preview:large, max-video-preview:-1\" \/>\n<link rel=\"canonical\" href=\"https:\/\/progettotouring.it\/radiotouring104\/2025\/04\/23\/comune-di-cetraro-giovanni-del-trono-si-candida-a-sindaco\/\" \/>\n<meta property=\"og:locale\" content=\"it_IT\" \/>\n<meta property=\"og:type\" content=\"article\" \/>\n<meta property=\"og:title\" content=\"Comune di Cetraro: Giovanni del Trono si candida a Sindaco - Radio Touring 104\" \/>\n<meta property=\"og:description\" content=\"Trovata la convergenza tra forze politiche, associazioni, comitati civici e cittadini. A guidare la coalizione sar\u00e0 Giovanni del Trono\" \/>\n<meta property=\"og:url\" content=\"https:\/\/progettotouring.it\/radiotouring104\/2025\/04\/23\/comune-di-cetraro-giovanni-del-trono-si-candida-a-sindaco\/\" \/>\n<meta property=\"og:site_name\" content=\"Radio Touring 104\" \/>\n<meta property=\"article:published_time\" content=\"2025-04-23T08:04:38+00:00\" \/>\n<meta property=\"article:modified_time\" content=\"2025-04-23T08:34:07+00:00\" \/>\n<meta property=\"og:image\" content=\"https:\/\/progettotouring.it\/radiotouring104\/wp-content\/uploads\/sites\/6\/2025\/04\/giovanni-del-trono-cetraro.jpg\" \/>\n\t<meta property=\"og:image:width\" content=\"1920\" \/>\n\t<meta property=\"og:image:height\" content=\"1080\" \/>\n\t<meta property=\"og:image:type\" content=\"image\/jpeg\" \/>\n<meta name=\"author\" content=\"Sebastiano Plutino\" \/>\n<meta name=\"twitter:card\" content=\"summary_large_image\" \/>\n<meta name=\"twitter:label1\" content=\"Scritto da\" \/>\n\t<meta name=\"twitter:data1\" content=\"Sebastiano Plutino\" \/>\n\t<meta name=\"twitter:label2\" content=\"Tempo di lettura stimato\" \/>\n\t<meta name=\"twitter:data2\" content=\"1 minuto\" \/>\n<script type=\"application\/ld+json\" class=\"yoast-schema-graph\">{\"@context\":\"https:\/\/schema.org\",\"@graph\":[{\"@type\":\"Article\",\"@id\":\"https:\/\/progettotouring.it\/radiotouring104\/2025\/04\/23\/comune-di-cetraro-giovanni-del-trono-si-candida-a-sindaco\/#article\",\"isPartOf\":{\"@id\":\"https:\/\/progettotouring.it\/radiotouring104\/2025\/04\/23\/comune-di-cetraro-giovanni-del-trono-si-candida-a-sindaco\/\"},\"author\":{\"name\":\"Sebastiano Plutino\",\"@id\":\"https:\/\/progettotouring.it\/radiotouring104\/#\/schema\/person\/78613917f1851f041f7483f5af1d422e\"},\"headline\":\"Comune di Cetraro: Giovanni del Trono si candida a Sindaco\",\"datePublished\":\"2025-04-23T08:04:38+00:00\",\"dateModified\":\"2025-04-23T08:34:07+00:00\",\"mainEntityOfPage\":{\"@id\":\"https:\/\/progettotouring.it\/radiotouring104\/2025\/04\/23\/comune-di-cetraro-giovanni-del-trono-si-candida-a-sindaco\/\"},\"wordCount\":162,\"publisher\":{\"@id\":\"https:\/\/progettotouring.it\/radiotouring104\/#organization\"},\"image\":{\"@id\":\"https:\/\/progettotouring.it\/radiotouring104\/2025\/04\/23\/comune-di-cetraro-giovanni-del-trono-si-candida-a-sindaco\/#primaryimage\"},\"thumbnailUrl\":\"https:\/\/progettotouring.it\/radiotouring104\/wp-content\/uploads\/sites\/6\/2025\/04\/giovanni-del-trono-cetraro.jpg\",\"keywords\":[\"candidatura a Sindaco\",\"Comune di Cetraro\",\"Giovanni del Trono\",\"trovata convergenza\"],\"articleSection\":[\"Calabria\",\"Home\",\"News\"],\"inLanguage\":\"it-IT\"},{\"@type\":\"WebPage\",\"@id\":\"https:\/\/progettotouring.it\/radiotouring104\/2025\/04\/23\/comune-di-cetraro-giovanni-del-trono-si-candida-a-sindaco\/\",\"url\":\"https:\/\/progettotouring.it\/radiotouring104\/2025\/04\/23\/comune-di-cetraro-giovanni-del-trono-si-candida-a-sindaco\/\",\"name\":\"Comune di Cetraro: Giovanni del Trono si candida a Sindaco - Radio Touring 104\",\"isPartOf\":{\"@id\":\"https:\/\/progettotouring.it\/radiotouring104\/#website\"},\"primaryImageOfPage\":{\"@id\":\"https:\/\/progettotouring.it\/radiotouring104\/2025\/04\/23\/comune-di-cetraro-giovanni-del-trono-si-candida-a-sindaco\/#primaryimage\"},\"image\":{\"@id\":\"https:\/\/progettotouring.it\/radiotouring104\/2025\/04\/23\/comune-di-cetraro-giovanni-del-trono-si-candida-a-sindaco\/#primaryimage\"},\"thumbnailUrl\":\"https:\/\/progettotouring.it\/radiotouring104\/wp-content\/uploads\/sites\/6\/2025\/04\/giovanni-del-trono-cetraro.jpg\",\"datePublished\":\"2025-04-23T08:04:38+00:00\",\"dateModified\":\"2025-04-23T08:34:07+00:00\",\"description\":\"Trovata la convergenza tra forze politiche, associazioni, comitati civici e cittadini. A guidare la coalizione sar\u00e0 Giovanni del Trono\",\"breadcrumb\":{\"@id\":\"https:\/\/progettotouring.it\/radiotouring104\/2025\/04\/23\/comune-di-cetraro-giovanni-del-trono-si-candida-a-sindaco\/#breadcrumb\"},\"inLanguage\":\"it-IT\",\"potentialAction\":[{\"@type\":\"ReadAction\",\"target\":[\"https:\/\/progettotouring.it\/radiotouring104\/2025\/04\/23\/comune-di-cetraro-giovanni-del-trono-si-candida-a-sindaco\/\"]}]},{\"@type\":\"ImageObject\",\"inLanguage\":\"it-IT\",\"@id\":\"https:\/\/progettotouring.it\/radiotouring104\/2025\/04\/23\/comune-di-cetraro-giovanni-del-trono-si-candida-a-sindaco\/#primaryimage\",\"url\":\"https:\/\/progettotouring.it\/radiotouring104\/wp-content\/uploads\/sites\/6\/2025\/04\/giovanni-del-trono-cetraro.jpg\",\"contentUrl\":\"https:\/\/progettotouring.it\/radiotouring104\/wp-content\/uploads\/sites\/6\/2025\/04\/giovanni-del-trono-cetraro.jpg\",\"width\":1920,\"height\":1080},{\"@type\":\"BreadcrumbList\",\"@id\":\"https:\/\/progettotouring.it\/radiotouring104\/2025\/04\/23\/comune-di-cetraro-giovanni-del-trono-si-candida-a-sindaco\/#breadcrumb\",\"itemListElement\":[{\"@type\":\"ListItem\",\"position\":1,\"name\":\"Home\",\"item\":\"https:\/\/progettotouring.it\/radiotouring104\/\"},{\"@type\":\"ListItem\",\"position\":2,\"name\":\"Comune di Cetraro: Giovanni del Trono si candida a Sindaco\"}]},{\"@type\":\"WebSite\",\"@id\":\"https:\/\/progettotouring.it\/radiotouring104\/#website\",\"url\":\"https:\/\/progettotouring.it\/radiotouring104\/\",\"name\":\"Radio Touring 104\",\"description\":\"La prima radio Reggina\",\"publisher\":{\"@id\":\"https:\/\/progettotouring.it\/radiotouring104\/#organization\"},\"potentialAction\":[{\"@type\":\"SearchAction\",\"target\":{\"@type\":\"EntryPoint\",\"urlTemplate\":\"https:\/\/progettotouring.it\/radiotouring104\/?s={search_term_string}\"},\"query-input\":{\"@type\":\"PropertyValueSpecification\",\"valueRequired\":true,\"valueName\":\"search_term_string\"}}],\"inLanguage\":\"it-IT\"},{\"@type\":\"Organization\",\"@id\":\"https:\/\/progettotouring.it\/radiotouring104\/#organization\",\"name\":\"Radio Touring 104\",\"url\":\"https:\/\/progettotouring.it\/radiotouring104\/\",\"logo\":{\"@type\":\"ImageObject\",\"inLanguage\":\"it-IT\",\"@id\":\"https:\/\/progettotouring.it\/radiotouring104\/#\/schema\/logo\/image\/\",\"url\":\"https:\/\/progettotouring.it\/radiotouring104\/wp-content\/uploads\/sites\/6\/2022\/02\/cropped-logo-radio-touring-104.png\",\"contentUrl\":\"https:\/\/progettotouring.it\/radiotouring104\/wp-content\/uploads\/sites\/6\/2022\/02\/cropped-logo-radio-touring-104.png\",\"width\":377,\"height\":182,\"caption\":\"Radio Touring 104\"},\"image\":{\"@id\":\"https:\/\/progettotouring.it\/radiotouring104\/#\/schema\/logo\/image\/\"}},{\"@type\":\"Person\",\"@id\":\"https:\/\/progettotouring.it\/radiotouring104\/#\/schema\/person\/78613917f1851f041f7483f5af1d422e\",\"name\":\"Sebastiano Plutino\",\"image\":{\"@type\":\"ImageObject\",\"inLanguage\":\"it-IT\",\"@id\":\"https:\/\/secure.gravatar.com\/avatar\/0546ffaa9b79224faf9f2a156b67a529ae861d3287c66c1d8ccfdf909bcba78d?s=96&d=mm&r=g\",\"url\":\"https:\/\/secure.gravatar.com\/avatar\/0546ffaa9b79224faf9f2a156b67a529ae861d3287c66c1d8ccfdf909bcba78d?s=96&d=mm&r=g\",\"contentUrl\":\"https:\/\/secure.gravatar.com\/avatar\/0546ffaa9b79224faf9f2a156b67a529ae861d3287c66c1d8ccfdf909bcba78d?s=96&d=mm&r=g\",\"caption\":\"Sebastiano Plutino\"},\"url\":\"https:\/\/progettotouring.it\/radiotouring104\/author\/sebastiano\/\"}]}<\/script>\n<!-- \/ Yoast SEO plugin. -->","yoast_head_json":{"title":"Comune di Cetraro: Giovanni del Trono si candida a Sindaco - Radio Touring 104","description":"Trovata la convergenza tra forze politiche, associazioni, comitati civici e cittadini. A guidare la coalizione sar\u00e0 Giovanni del Trono","robots":{"index":"index","follow":"follow","max-snippet":"max-snippet:-1","max-image-preview":"max-image-preview:large","max-video-preview":"max-video-preview:-1"},"canonical":"https:\/\/progettotouring.it\/radiotouring104\/2025\/04\/23\/comune-di-cetraro-giovanni-del-trono-si-candida-a-sindaco\/","og_locale":"it_IT","og_type":"article","og_title":"Comune di Cetraro: Giovanni del Trono si candida a Sindaco - Radio Touring 104","og_description":"Trovata la convergenza tra forze politiche, associazioni, comitati civici e cittadini. A guidare la coalizione sar\u00e0 Giovanni del Trono","og_url":"https:\/\/progettotouring.it\/radiotouring104\/2025\/04\/23\/comune-di-cetraro-giovanni-del-trono-si-candida-a-sindaco\/","og_site_name":"Radio Touring 104","article_published_time":"2025-04-23T08:04:38+00:00","article_modified_time":"2025-04-23T08:34:07+00:00","og_image":[{"width":1920,"height":1080,"url":"https:\/\/progettotouring.it\/radiotouring104\/wp-content\/uploads\/sites\/6\/2025\/04\/giovanni-del-trono-cetraro.jpg","type":"image\/jpeg"}],"author":"Sebastiano Plutino","twitter_card":"summary_large_image","twitter_misc":{"Scritto da":"Sebastiano Plutino","Tempo di lettura stimato":"1 minuto"},"schema":{"@context":"https:\/\/schema.org","@graph":[{"@type":"Article","@id":"https:\/\/progettotouring.it\/radiotouring104\/2025\/04\/23\/comune-di-cetraro-giovanni-del-trono-si-candida-a-sindaco\/#article","isPartOf":{"@id":"https:\/\/progettotouring.it\/radiotouring104\/2025\/04\/23\/comune-di-cetraro-giovanni-del-trono-si-candida-a-sindaco\/"},"author":{"name":"Sebastiano Plutino","@id":"https:\/\/progettotouring.it\/radiotouring104\/#\/schema\/person\/78613917f1851f041f7483f5af1d422e"},"headline":"Comune di Cetraro: Giovanni del Trono si candida a Sindaco","datePublished":"2025-04-23T08:04:38+00:00","dateModified":"2025-04-23T08:34:07+00:00","mainEntityOfPage":{"@id":"https:\/\/progettotouring.it\/radiotouring104\/2025\/04\/23\/comune-di-cetraro-giovanni-del-trono-si-candida-a-sindaco\/"},"wordCount":162,"publisher":{"@id":"https:\/\/progettotouring.it\/radiotouring104\/#organization"},"image":{"@id":"https:\/\/progettotouring.it\/radiotouring104\/2025\/04\/23\/comune-di-cetraro-giovanni-del-trono-si-candida-a-sindaco\/#primaryimage"},"thumbnailUrl":"https:\/\/progettotouring.it\/radiotouring104\/wp-content\/uploads\/sites\/6\/2025\/04\/giovanni-del-trono-cetraro.jpg","keywords":["candidatura a Sindaco","Comune di Cetraro","Giovanni del Trono","trovata convergenza"],"articleSection":["Calabria","Home","News"],"inLanguage":"it-IT"},{"@type":"WebPage","@id":"https:\/\/progettotouring.it\/radiotouring104\/2025\/04\/23\/comune-di-cetraro-giovanni-del-trono-si-candida-a-sindaco\/","url":"https:\/\/progettotouring.it\/radiotouring104\/2025\/04\/23\/comune-di-cetraro-giovanni-del-trono-si-candida-a-sindaco\/","name":"Comune di Cetraro: Giovanni del Trono si candida a Sindaco - Radio Touring 104","isPartOf":{"@id":"https:\/\/progettotouring.it\/radiotouring104\/#website"},"primaryImageOfPage":{"@id":"https:\/\/progettotouring.it\/radiotouring104\/2025\/04\/23\/comune-di-cetraro-giovanni-del-trono-si-candida-a-sindaco\/#primaryimage"},"image":{"@id":"https:\/\/progettotouring.it\/radiotouring104\/2025\/04\/23\/comune-di-cetraro-giovanni-del-trono-si-candida-a-sindaco\/#primaryimage"},"thumbnailUrl":"https:\/\/progettotouring.it\/radiotouring104\/wp-content\/uploads\/sites\/6\/2025\/04\/giovanni-del-trono-cetraro.jpg","datePublished":"2025-04-23T08:04:38+00:00","dateModified":"2025-04-23T08:34:07+00:00","description":"Trovata la convergenza tra forze politiche, associazioni, comitati civici e cittadini. A guidare la coalizione sar\u00e0 Giovanni del Trono","breadcrumb":{"@id":"https:\/\/progettotouring.it\/radiotouring104\/2025\/04\/23\/comune-di-cetraro-giovanni-del-trono-si-candida-a-sindaco\/#breadcrumb"},"inLanguage":"it-IT","potentialAction":[{"@type":"ReadAction","target":["https:\/\/progettotouring.it\/radiotouring104\/2025\/04\/23\/comune-di-cetraro-giovanni-del-trono-si-candida-a-sindaco\/"]}]},{"@type":"ImageObject","inLanguage":"it-IT","@id":"https:\/\/progettotouring.it\/radiotouring104\/2025\/04\/23\/comune-di-cetraro-giovanni-del-trono-si-candida-a-sindaco\/#primaryimage","url":"https:\/\/progettotouring.it\/radiotouring104\/wp-content\/uploads\/sites\/6\/2025\/04\/giovanni-del-trono-cetraro.jpg","contentUrl":"https:\/\/progettotouring.it\/radiotouring104\/wp-content\/uploads\/sites\/6\/2025\/04\/giovanni-del-trono-cetraro.jpg","width":1920,"height":1080},{"@type":"BreadcrumbList","@id":"https:\/\/progettotouring.it\/radiotouring104\/2025\/04\/23\/comune-di-cetraro-giovanni-del-trono-si-candida-a-sindaco\/#breadcrumb","itemListElement":[{"@type":"ListItem","position":1,"name":"Home","item":"https:\/\/progettotouring.it\/radiotouring104\/"},{"@type":"ListItem","position":2,"name":"Comune di Cetraro: Giovanni del Trono si candida a Sindaco"}]},{"@type":"WebSite","@id":"https:\/\/progettotouring.it\/radiotouring104\/#website","url":"https:\/\/progettotouring.it\/radiotouring104\/","name":"Radio Touring 104","description":"La prima radio Reggina","publisher":{"@id":"https:\/\/progettotouring.it\/radiotouring104\/#organization"},"potentialAction":[{"@type":"SearchAction","target":{"@type":"EntryPoint","urlTemplate":"https:\/\/progettotouring.it\/radiotouring104\/?s={search_term_string}"},"query-input":{"@type":"PropertyValueSpecification","valueRequired":true,"valueName":"search_term_string"}}],"inLanguage":"it-IT"},{"@type":"Organization","@id":"https:\/\/progettotouring.it\/radiotouring104\/#organization","name":"Radio Touring 104","url":"https:\/\/progettotouring.it\/radiotouring104\/","logo":{"@type":"ImageObject","inLanguage":"it-IT","@id":"https:\/\/progettotouring.it\/radiotouring104\/#\/schema\/logo\/image\/","url":"https:\/\/progettotouring.it\/radiotouring104\/wp-content\/uploads\/sites\/6\/2022\/02\/cropped-logo-radio-touring-104.png","contentUrl":"https:\/\/progettotouring.it\/radiotouring104\/wp-content\/uploads\/sites\/6\/2022\/02\/cropped-logo-radio-touring-104.png","width":377,"height":182,"caption":"Radio Touring 104"},"image":{"@id":"https:\/\/progettotouring.it\/radiotouring104\/#\/schema\/logo\/image\/"}},{"@type":"Person","@id":"https:\/\/progettotouring.it\/radiotouring104\/#\/schema\/person\/78613917f1851f041f7483f5af1d422e","name":"Sebastiano Plutino","image":{"@type":"ImageObject","inLanguage":"it-IT","@id":"https:\/\/secure.gravatar.com\/avatar\/0546ffaa9b79224faf9f2a156b67a529ae861d3287c66c1d8ccfdf909bcba78d?s=96&d=mm&r=g","url":"https:\/\/secure.gravatar.com\/avatar\/0546ffaa9b79224faf9f2a156b67a529ae861d3287c66c1d8ccfdf909bcba78d?s=96&d=mm&r=g","contentUrl":"https:\/\/secure.gravatar.com\/avatar\/0546ffaa9b79224faf9f2a156b67a529ae861d3287c66c1d8ccfdf909bcba78d?s=96&d=mm&r=g","caption":"Sebastiano Plutino"},"url":"https:\/\/progettotouring.it\/radiotouring104\/author\/sebastiano\/"}]}},"jetpack_publicize_connections":[],"jetpack_featured_media_url":"https:\/\/progettotouring.it\/radiotouring104\/wp-content\/uploads\/sites\/6\/2025\/04\/giovanni-del-trono-cetraro.jpg","jetpack_sharing_enabled":true,"_links":{"self":[{"href":"https:\/\/progettotouring.it\/radiotouring104\/wp-json\/wp\/v2\/posts\/71867","targetHints":{"allow":["GET"]}}],"collection":[{"href":"https:\/\/progettotouring.it\/radiotouring104\/wp-json\/wp\/v2\/posts"}],"about":[{"href":"https:\/\/progettotouring.it\/radiotouring104\/wp-json\/wp\/v2\/types\/post"}],"author":[{"embeddable":true,"href":"https:\/\/progettotouring.it\/radiotouring104\/wp-json\/wp\/v2\/users\/12"}],"replies":[{"embeddable":true,"href":"https:\/\/progettotouring.it\/radiotouring104\/wp-json\/wp\/v2\/comments?post=71867"}],"version-history":[{"count":2,"href":"https:\/\/progettotouring.it\/radiotouring104\/wp-json\/wp\/v2\/posts\/71867\/revisions"}],"predecessor-version":[{"id":71885,"href":"https:\/\/progettotouring.it\/radiotouring104\/wp-json\/wp\/v2\/posts\/71867\/revisions\/71885"}],"wp:featuredmedia":[{"embeddable":true,"href":"https:\/\/progettotouring.it\/radiotouring104\/wp-json\/wp\/v2\/media\/71884"}],"wp:attachment":[{"href":"https:\/\/progettotouring.it\/radiotouring104\/wp-json\/wp\/v2\/media?parent=71867"}],"wp:term":[{"taxonomy":"category","embeddable":true,"href":"https:\/\/progettotouring.it\/radiotouring104\/wp-json\/wp\/v2\/categories?post=71867"},{"taxonomy":"post_tag","embeddable":true,"href":"https:\/\/progettotouring.it\/radiotouring104\/wp-json\/wp\/v2\/tags?post=71867"}],"curies":[{"name":"wp","href":"https:\/\/api.w.org\/{rel}","templated":true}]}}