{"id":71907,"date":"2025-04-23T12:35:36","date_gmt":"2025-04-23T10:35:36","guid":{"rendered":"https:\/\/progettotouring.it\/radiotouring104\/?p=71907"},"modified":"2025-04-23T12:35:36","modified_gmt":"2025-04-23T10:35:36","slug":"a-limbadi-un-evento-in-memoria-di-maria-chindamo","status":"publish","type":"post","link":"https:\/\/progettotouring.it\/radiotouring104\/2025\/04\/23\/a-limbadi-un-evento-in-memoria-di-maria-chindamo\/","title":{"rendered":"A Limbadi un evento in memoria di Maria Chindamo"},"content":{"rendered":"<p style=\"text-align: justify\">Il cancello dell\u2019azienda agricola dove, nel 2016, \u00e8 stata uccisa Maria Chindamo, donna libera, madre e imprenditrice che ha pagato con la vita la scelta di non piegarsi alla cultura patriarcale e \u2018ndranghetista, diventa sempre pi\u00f9 un presidio di legalit\u00e0. In occasione del nono anniversario, a Limbadi, l\u2019evento commemorativo del 6 maggio \u2013 organizzato ogni anno dai familiari della vittima e dal comitato \u201cControlliamo noi le terre di Maria\u201d a cui aderiscono diverse organizzazioni, tra cui il Centro Comunitario Agape, Libera, GOEL Gruppo Cooperativo, Comunit\u00e0 Progetto Sud, Penelope Italia, CCO Crisi Come Opportunit\u00e0, Fondazione Una Nessuna Centomila e il Centro di Women\u2019s Studies \u201cMilly Villa\u201d dell\u2019Universit\u00e0 della Calabria, con il patrocinio dei Comuni di Limbadi e Rombiolo \u2013 si arricchisce dell\u2019espressione artistica come strumento di cambiamento.<\/p>\n<p style=\"text-align: justify\">Nel luogo simbolico dove fu ritrovata l\u2019auto di Chindamo, saranno inaugurati uno spazio giardino progettato dagli studenti dell\u2019Istituto d\u2019Istruzione Superiore Itg, Iti e Ite di Vibo Valentia e una\u00a0scultura commemorativa a cura dell\u2019artista Luigi Camarilla, illuminata grazie al sostegno dell\u2019azienda Artemide in collaborazione con l\u2019associazione CCO \u2013 Crisi Come Opportunit\u00e0, nell\u2019ambito del progetto \u201cIlluminiamo le terre di Maria\u201d.<\/p>\n<p style=\"text-align: justify\">Illuminare il 6 maggio non \u00e8 solo un gesto simbolico, \u00e8 un atto politico, culturale, umano.\u00a0\u00c8 un\u2019azione che unisce memoria e futuro. \u00abIl 6 maggio, giorno in cui \u00e8 scomparsa Maria, \u00e8 ormai una data simbolo per la Calabria: parla di libert\u00e0, di diritti, di vita. Proprio come desideravamo quando abbiamo fondato il comitato, da questo luogo riusciamo a raggiungere le coscienze di tanta gente creando una memoria collettiva volta al cambiamento\u00bb commenta Nancy Cassalia del Comitato \u201cControlliamo noi le terre di Maria\u201d.<\/p>\n<p style=\"text-align: justify\">Quotidiano \u00e8 il loro impegno per trasformare un luogo segnato dalla violenza in uno spazio di luce, memoria e rinascita. A contribuire \u00e8 anche Crisi Come Opportunit\u00e0, la cui fondatrice e vicepresidente Giulia Minoli dichiara \u00abdal 2018, siamo presenti sul territorio calabrese con percorsi dedicati a legalit\u00e0,\u00a0educazione di genere e giustizia minorile,\u00a0in collaborazione con i partner locali. Promuoviamo la cultura e realt\u00e0 positive di riscatto. Accendiamo i riflettori su nuovi modelli di riferimento, proprio come Maria Chindamo, grazie al sostegno di Intesa Sanpaolo, Fondazione con il Sud, Fondazione Haiku, IP Gruppo API e Acea\u00bb.<\/p>\n<p style=\"text-align: justify\">Nel giardino, dove si susseguiranno gli interventi di rappresentanti del mondo istituzionale, si terr\u00e0 anche un estratto dello spettacolo teatrale \u201cSe dicessimo la verit\u00e0\u201d di Giulia Minoli ed Emanuela Giordano, che racconta la storia di Maria Chindamo, per dare ancora pi\u00f9 valore a questa data.<\/p>\n<p style=\"text-align: justify\">\u00abIn questa giornata di ricordo, ognuno di noi rigenera la propria coscienza, comprendendo la necessit\u00e0 di un impegno quotidiano, attivo e concreto contro ogni potere abusante. Saremo l\u00ec per dire che la sottocultura della \u2018ndrangheta ha perso. Siamo tutti e tutte Maria: donne libere di scegliere chi essere. Donne e uomini liberi di un Sud che cambia\u00bb ribadisce Maria Joel Conocchiella, referente provinciale di Libera Vibo Valentia.<\/p>\n<p style=\"text-align: justify\">Come evidenzia Giovanna Vingelli, direttrice del Centro di Women\u2019s Studies \u201cMilly Villa\u201d dell\u2019Universit\u00e0 della Calabria, \u00abbisogna continuare sempre a impegnarsi per favorire la comprensione delle diverse forme di potere mafioso e attivare percorsi di trasformazione personali, politici e territoriali\u00bb. D\u2019accordo Lucia Lipari, vicepresidente del Centro Comunitario Agape, secondo cui \u00ab\u00e8 indispensabile fare Memoria oltre la retorica, conservando un valore collettivo. Occorre gettare le basi per una cultura della riparazione che possa cucire le ferite che ogni violenza mafiosa ha inferto alla nostra societ\u00e0\u00bb.<\/p>\n<p style=\"text-align: justify\">Le voci forti e coraggiose di tutti i componenti del comitato si uniranno marted\u00ec 6 maggio, dalle ore 10, nella Contrada Montaldo, a Limbadi, per promuovere la bellezza della libert\u00e0, della giustizia, della collettivit\u00e0.<\/p>\n<p style=\"text-align: justify\">\u00abQuesto evento commemorativo rappresenta l\u2019espressione dei cittadini che resistono e si oppongono alla \u2018ndrangheta patriarcale e violenta che non potr\u00e0 mai arrestare i sentimenti, i percorsi di crescita e riscatto\u00bb chiosa Vincenzo Chindamo, fratello di Maria nonch\u00e9 socio e responsabile delle relazioni esterne di GOEL \u2013 Gruppo Cooperativo, ringraziando la grande rete sociale costituita attorno al ricordo di Maria, ma soprattutto confidando nella speranza che questa data e questo luogo possano diventare sempre pi\u00f9 un simbolo di coraggio e resistenza per tutte le donne soggiogate da una cultura patriarcale.<\/p>\n<p>&nbsp;<\/p>\n","protected":false},"excerpt":{"rendered":"<p>Il cancello dell\u2019azienda agricola dove, nel 2016, \u00e8 stata uccisa Maria Chindamo, donna libera, madre e imprenditrice che ha pagato con la vita la scelta di non piegarsi alla cultura&hellip;<\/p>\n","protected":false},"author":12,"featured_media":71908,"comment_status":"closed","ping_status":"open","sticky":false,"template":"","format":"standard","meta":{"_jetpack_memberships_contains_paid_content":false,"footnotes":"","jetpack_publicize_message":"","jetpack_publicize_feature_enabled":true,"jetpack_social_post_already_shared":true,"jetpack_social_options":{"image_generator_settings":{"template":"highway","default_image_id":0,"font":"","enabled":false},"version":2}},"categories":[142,921,196],"tags":[42832,13325,32301,16784,42833,21225],"class_list":["post-71907","post","type-post","status-publish","format-standard","has-post-thumbnail","hentry","category-calabria","category-home","category-news","tag-9-anniversario","tag-comitato-controlliamo-noi-le-terre-di-maria","tag-consorzio-goel","tag-limbadi","tag-luogo-simbolico-dove-fu-ritrovata-lauto","tag-maria-chindamo"],"yoast_head":"<!-- This site is optimized with the Yoast SEO plugin v27.2 - https:\/\/yoast.com\/product\/yoast-seo-wordpress\/ -->\n<title>A Limbadi un evento in memoria di Maria Chindamo - Radio Touring 104<\/title>\n<meta name=\"description\" content=\"L&#039;evento, in programma il 6 maggio, in occasione del 9\u00b0 anniversario, si terr\u00e0 nel luogo simbolico dove fu ritrovata l&#039;auto di Maria\" \/>\n<meta name=\"robots\" content=\"index, follow, max-snippet:-1, max-image-preview:large, max-video-preview:-1\" \/>\n<link rel=\"canonical\" href=\"https:\/\/progettotouring.it\/radiotouring104\/2025\/04\/23\/a-limbadi-un-evento-in-memoria-di-maria-chindamo\/\" \/>\n<meta property=\"og:locale\" content=\"it_IT\" \/>\n<meta property=\"og:type\" content=\"article\" \/>\n<meta property=\"og:title\" content=\"A Limbadi un evento in memoria di Maria Chindamo - Radio Touring 104\" \/>\n<meta property=\"og:description\" content=\"L&#039;evento, in programma il 6 maggio, in occasione del 9\u00b0 anniversario, si terr\u00e0 nel luogo simbolico dove fu ritrovata l&#039;auto di Maria\" \/>\n<meta property=\"og:url\" content=\"https:\/\/progettotouring.it\/radiotouring104\/2025\/04\/23\/a-limbadi-un-evento-in-memoria-di-maria-chindamo\/\" \/>\n<meta property=\"og:site_name\" content=\"Radio Touring 104\" \/>\n<meta property=\"article:published_time\" content=\"2025-04-23T10:35:36+00:00\" \/>\n<meta property=\"og:image\" content=\"https:\/\/progettotouring.it\/radiotouring104\/wp-content\/uploads\/sites\/6\/2025\/04\/locandina-evento-commemorativo-Maria-Chindamo.jpg\" \/>\n\t<meta property=\"og:image:width\" content=\"1080\" \/>\n\t<meta property=\"og:image:height\" content=\"1350\" \/>\n\t<meta property=\"og:image:type\" content=\"image\/jpeg\" \/>\n<meta name=\"author\" content=\"Sebastiano Plutino\" \/>\n<meta name=\"twitter:card\" content=\"summary_large_image\" \/>\n<meta name=\"twitter:label1\" content=\"Scritto da\" \/>\n\t<meta name=\"twitter:data1\" content=\"Sebastiano Plutino\" \/>\n\t<meta name=\"twitter:label2\" content=\"Tempo di lettura stimato\" \/>\n\t<meta name=\"twitter:data2\" content=\"3 minuti\" \/>\n<script type=\"application\/ld+json\" class=\"yoast-schema-graph\">{\"@context\":\"https:\/\/schema.org\",\"@graph\":[{\"@type\":\"Article\",\"@id\":\"https:\/\/progettotouring.it\/radiotouring104\/2025\/04\/23\/a-limbadi-un-evento-in-memoria-di-maria-chindamo\/#article\",\"isPartOf\":{\"@id\":\"https:\/\/progettotouring.it\/radiotouring104\/2025\/04\/23\/a-limbadi-un-evento-in-memoria-di-maria-chindamo\/\"},\"author\":{\"name\":\"Sebastiano Plutino\",\"@id\":\"https:\/\/progettotouring.it\/radiotouring104\/#\/schema\/person\/78613917f1851f041f7483f5af1d422e\"},\"headline\":\"A Limbadi un evento in memoria di Maria Chindamo\",\"datePublished\":\"2025-04-23T10:35:36+00:00\",\"mainEntityOfPage\":{\"@id\":\"https:\/\/progettotouring.it\/radiotouring104\/2025\/04\/23\/a-limbadi-un-evento-in-memoria-di-maria-chindamo\/\"},\"wordCount\":690,\"publisher\":{\"@id\":\"https:\/\/progettotouring.it\/radiotouring104\/#organization\"},\"image\":{\"@id\":\"https:\/\/progettotouring.it\/radiotouring104\/2025\/04\/23\/a-limbadi-un-evento-in-memoria-di-maria-chindamo\/#primaryimage\"},\"thumbnailUrl\":\"https:\/\/progettotouring.it\/radiotouring104\/wp-content\/uploads\/sites\/6\/2025\/04\/locandina-evento-commemorativo-Maria-Chindamo.jpg\",\"keywords\":[\"9 anniversario\",\"Comitato \u201cControlliamo Noi Le Terre Di Maria\u201d\",\"Consorzio Goel\",\"Limbadi\",\"luogo simbolico dove fu ritrovata l'auto\",\"Maria Chindamo\"],\"articleSection\":[\"Calabria\",\"Home\",\"News\"],\"inLanguage\":\"it-IT\"},{\"@type\":\"WebPage\",\"@id\":\"https:\/\/progettotouring.it\/radiotouring104\/2025\/04\/23\/a-limbadi-un-evento-in-memoria-di-maria-chindamo\/\",\"url\":\"https:\/\/progettotouring.it\/radiotouring104\/2025\/04\/23\/a-limbadi-un-evento-in-memoria-di-maria-chindamo\/\",\"name\":\"A Limbadi un evento in memoria di Maria Chindamo - Radio Touring 104\",\"isPartOf\":{\"@id\":\"https:\/\/progettotouring.it\/radiotouring104\/#website\"},\"primaryImageOfPage\":{\"@id\":\"https:\/\/progettotouring.it\/radiotouring104\/2025\/04\/23\/a-limbadi-un-evento-in-memoria-di-maria-chindamo\/#primaryimage\"},\"image\":{\"@id\":\"https:\/\/progettotouring.it\/radiotouring104\/2025\/04\/23\/a-limbadi-un-evento-in-memoria-di-maria-chindamo\/#primaryimage\"},\"thumbnailUrl\":\"https:\/\/progettotouring.it\/radiotouring104\/wp-content\/uploads\/sites\/6\/2025\/04\/locandina-evento-commemorativo-Maria-Chindamo.jpg\",\"datePublished\":\"2025-04-23T10:35:36+00:00\",\"description\":\"L'evento, in programma il 6 maggio, in occasione del 9\u00b0 anniversario, si terr\u00e0 nel luogo simbolico dove fu ritrovata l'auto di Maria\",\"breadcrumb\":{\"@id\":\"https:\/\/progettotouring.it\/radiotouring104\/2025\/04\/23\/a-limbadi-un-evento-in-memoria-di-maria-chindamo\/#breadcrumb\"},\"inLanguage\":\"it-IT\",\"potentialAction\":[{\"@type\":\"ReadAction\",\"target\":[\"https:\/\/progettotouring.it\/radiotouring104\/2025\/04\/23\/a-limbadi-un-evento-in-memoria-di-maria-chindamo\/\"]}]},{\"@type\":\"ImageObject\",\"inLanguage\":\"it-IT\",\"@id\":\"https:\/\/progettotouring.it\/radiotouring104\/2025\/04\/23\/a-limbadi-un-evento-in-memoria-di-maria-chindamo\/#primaryimage\",\"url\":\"https:\/\/progettotouring.it\/radiotouring104\/wp-content\/uploads\/sites\/6\/2025\/04\/locandina-evento-commemorativo-Maria-Chindamo.jpg\",\"contentUrl\":\"https:\/\/progettotouring.it\/radiotouring104\/wp-content\/uploads\/sites\/6\/2025\/04\/locandina-evento-commemorativo-Maria-Chindamo.jpg\",\"width\":1080,\"height\":1350},{\"@type\":\"BreadcrumbList\",\"@id\":\"https:\/\/progettotouring.it\/radiotouring104\/2025\/04\/23\/a-limbadi-un-evento-in-memoria-di-maria-chindamo\/#breadcrumb\",\"itemListElement\":[{\"@type\":\"ListItem\",\"position\":1,\"name\":\"Home\",\"item\":\"https:\/\/progettotouring.it\/radiotouring104\/\"},{\"@type\":\"ListItem\",\"position\":2,\"name\":\"A Limbadi un evento in memoria di Maria Chindamo\"}]},{\"@type\":\"WebSite\",\"@id\":\"https:\/\/progettotouring.it\/radiotouring104\/#website\",\"url\":\"https:\/\/progettotouring.it\/radiotouring104\/\",\"name\":\"Radio Touring 104\",\"description\":\"La prima radio Reggina\",\"publisher\":{\"@id\":\"https:\/\/progettotouring.it\/radiotouring104\/#organization\"},\"potentialAction\":[{\"@type\":\"SearchAction\",\"target\":{\"@type\":\"EntryPoint\",\"urlTemplate\":\"https:\/\/progettotouring.it\/radiotouring104\/?s={search_term_string}\"},\"query-input\":{\"@type\":\"PropertyValueSpecification\",\"valueRequired\":true,\"valueName\":\"search_term_string\"}}],\"inLanguage\":\"it-IT\"},{\"@type\":\"Organization\",\"@id\":\"https:\/\/progettotouring.it\/radiotouring104\/#organization\",\"name\":\"Radio Touring 104\",\"url\":\"https:\/\/progettotouring.it\/radiotouring104\/\",\"logo\":{\"@type\":\"ImageObject\",\"inLanguage\":\"it-IT\",\"@id\":\"https:\/\/progettotouring.it\/radiotouring104\/#\/schema\/logo\/image\/\",\"url\":\"https:\/\/progettotouring.it\/radiotouring104\/wp-content\/uploads\/sites\/6\/2022\/02\/cropped-logo-radio-touring-104.png\",\"contentUrl\":\"https:\/\/progettotouring.it\/radiotouring104\/wp-content\/uploads\/sites\/6\/2022\/02\/cropped-logo-radio-touring-104.png\",\"width\":377,\"height\":182,\"caption\":\"Radio Touring 104\"},\"image\":{\"@id\":\"https:\/\/progettotouring.it\/radiotouring104\/#\/schema\/logo\/image\/\"}},{\"@type\":\"Person\",\"@id\":\"https:\/\/progettotouring.it\/radiotouring104\/#\/schema\/person\/78613917f1851f041f7483f5af1d422e\",\"name\":\"Sebastiano Plutino\",\"image\":{\"@type\":\"ImageObject\",\"inLanguage\":\"it-IT\",\"@id\":\"https:\/\/secure.gravatar.com\/avatar\/0546ffaa9b79224faf9f2a156b67a529ae861d3287c66c1d8ccfdf909bcba78d?s=96&d=mm&r=g\",\"url\":\"https:\/\/secure.gravatar.com\/avatar\/0546ffaa9b79224faf9f2a156b67a529ae861d3287c66c1d8ccfdf909bcba78d?s=96&d=mm&r=g\",\"contentUrl\":\"https:\/\/secure.gravatar.com\/avatar\/0546ffaa9b79224faf9f2a156b67a529ae861d3287c66c1d8ccfdf909bcba78d?s=96&d=mm&r=g\",\"caption\":\"Sebastiano Plutino\"},\"url\":\"https:\/\/progettotouring.it\/radiotouring104\/author\/sebastiano\/\"}]}<\/script>\n<!-- \/ Yoast SEO plugin. -->","yoast_head_json":{"title":"A Limbadi un evento in memoria di Maria Chindamo - Radio Touring 104","description":"L'evento, in programma il 6 maggio, in occasione del 9\u00b0 anniversario, si terr\u00e0 nel luogo simbolico dove fu ritrovata l'auto di Maria","robots":{"index":"index","follow":"follow","max-snippet":"max-snippet:-1","max-image-preview":"max-image-preview:large","max-video-preview":"max-video-preview:-1"},"canonical":"https:\/\/progettotouring.it\/radiotouring104\/2025\/04\/23\/a-limbadi-un-evento-in-memoria-di-maria-chindamo\/","og_locale":"it_IT","og_type":"article","og_title":"A Limbadi un evento in memoria di Maria Chindamo - Radio Touring 104","og_description":"L'evento, in programma il 6 maggio, in occasione del 9\u00b0 anniversario, si terr\u00e0 nel luogo simbolico dove fu ritrovata l'auto di Maria","og_url":"https:\/\/progettotouring.it\/radiotouring104\/2025\/04\/23\/a-limbadi-un-evento-in-memoria-di-maria-chindamo\/","og_site_name":"Radio Touring 104","article_published_time":"2025-04-23T10:35:36+00:00","og_image":[{"width":1080,"height":1350,"url":"https:\/\/progettotouring.it\/radiotouring104\/wp-content\/uploads\/sites\/6\/2025\/04\/locandina-evento-commemorativo-Maria-Chindamo.jpg","type":"image\/jpeg"}],"author":"Sebastiano Plutino","twitter_card":"summary_large_image","twitter_misc":{"Scritto da":"Sebastiano Plutino","Tempo di lettura stimato":"3 minuti"},"schema":{"@context":"https:\/\/schema.org","@graph":[{"@type":"Article","@id":"https:\/\/progettotouring.it\/radiotouring104\/2025\/04\/23\/a-limbadi-un-evento-in-memoria-di-maria-chindamo\/#article","isPartOf":{"@id":"https:\/\/progettotouring.it\/radiotouring104\/2025\/04\/23\/a-limbadi-un-evento-in-memoria-di-maria-chindamo\/"},"author":{"name":"Sebastiano Plutino","@id":"https:\/\/progettotouring.it\/radiotouring104\/#\/schema\/person\/78613917f1851f041f7483f5af1d422e"},"headline":"A Limbadi un evento in memoria di Maria Chindamo","datePublished":"2025-04-23T10:35:36+00:00","mainEntityOfPage":{"@id":"https:\/\/progettotouring.it\/radiotouring104\/2025\/04\/23\/a-limbadi-un-evento-in-memoria-di-maria-chindamo\/"},"wordCount":690,"publisher":{"@id":"https:\/\/progettotouring.it\/radiotouring104\/#organization"},"image":{"@id":"https:\/\/progettotouring.it\/radiotouring104\/2025\/04\/23\/a-limbadi-un-evento-in-memoria-di-maria-chindamo\/#primaryimage"},"thumbnailUrl":"https:\/\/progettotouring.it\/radiotouring104\/wp-content\/uploads\/sites\/6\/2025\/04\/locandina-evento-commemorativo-Maria-Chindamo.jpg","keywords":["9 anniversario","Comitato \u201cControlliamo Noi Le Terre Di Maria\u201d","Consorzio Goel","Limbadi","luogo simbolico dove fu ritrovata l'auto","Maria Chindamo"],"articleSection":["Calabria","Home","News"],"inLanguage":"it-IT"},{"@type":"WebPage","@id":"https:\/\/progettotouring.it\/radiotouring104\/2025\/04\/23\/a-limbadi-un-evento-in-memoria-di-maria-chindamo\/","url":"https:\/\/progettotouring.it\/radiotouring104\/2025\/04\/23\/a-limbadi-un-evento-in-memoria-di-maria-chindamo\/","name":"A Limbadi un evento in memoria di Maria Chindamo - Radio Touring 104","isPartOf":{"@id":"https:\/\/progettotouring.it\/radiotouring104\/#website"},"primaryImageOfPage":{"@id":"https:\/\/progettotouring.it\/radiotouring104\/2025\/04\/23\/a-limbadi-un-evento-in-memoria-di-maria-chindamo\/#primaryimage"},"image":{"@id":"https:\/\/progettotouring.it\/radiotouring104\/2025\/04\/23\/a-limbadi-un-evento-in-memoria-di-maria-chindamo\/#primaryimage"},"thumbnailUrl":"https:\/\/progettotouring.it\/radiotouring104\/wp-content\/uploads\/sites\/6\/2025\/04\/locandina-evento-commemorativo-Maria-Chindamo.jpg","datePublished":"2025-04-23T10:35:36+00:00","description":"L'evento, in programma il 6 maggio, in occasione del 9\u00b0 anniversario, si terr\u00e0 nel luogo simbolico dove fu ritrovata l'auto di Maria","breadcrumb":{"@id":"https:\/\/progettotouring.it\/radiotouring104\/2025\/04\/23\/a-limbadi-un-evento-in-memoria-di-maria-chindamo\/#breadcrumb"},"inLanguage":"it-IT","potentialAction":[{"@type":"ReadAction","target":["https:\/\/progettotouring.it\/radiotouring104\/2025\/04\/23\/a-limbadi-un-evento-in-memoria-di-maria-chindamo\/"]}]},{"@type":"ImageObject","inLanguage":"it-IT","@id":"https:\/\/progettotouring.it\/radiotouring104\/2025\/04\/23\/a-limbadi-un-evento-in-memoria-di-maria-chindamo\/#primaryimage","url":"https:\/\/progettotouring.it\/radiotouring104\/wp-content\/uploads\/sites\/6\/2025\/04\/locandina-evento-commemorativo-Maria-Chindamo.jpg","contentUrl":"https:\/\/progettotouring.it\/radiotouring104\/wp-content\/uploads\/sites\/6\/2025\/04\/locandina-evento-commemorativo-Maria-Chindamo.jpg","width":1080,"height":1350},{"@type":"BreadcrumbList","@id":"https:\/\/progettotouring.it\/radiotouring104\/2025\/04\/23\/a-limbadi-un-evento-in-memoria-di-maria-chindamo\/#breadcrumb","itemListElement":[{"@type":"ListItem","position":1,"name":"Home","item":"https:\/\/progettotouring.it\/radiotouring104\/"},{"@type":"ListItem","position":2,"name":"A Limbadi un evento in memoria di Maria Chindamo"}]},{"@type":"WebSite","@id":"https:\/\/progettotouring.it\/radiotouring104\/#website","url":"https:\/\/progettotouring.it\/radiotouring104\/","name":"Radio Touring 104","description":"La prima radio Reggina","publisher":{"@id":"https:\/\/progettotouring.it\/radiotouring104\/#organization"},"potentialAction":[{"@type":"SearchAction","target":{"@type":"EntryPoint","urlTemplate":"https:\/\/progettotouring.it\/radiotouring104\/?s={search_term_string}"},"query-input":{"@type":"PropertyValueSpecification","valueRequired":true,"valueName":"search_term_string"}}],"inLanguage":"it-IT"},{"@type":"Organization","@id":"https:\/\/progettotouring.it\/radiotouring104\/#organization","name":"Radio Touring 104","url":"https:\/\/progettotouring.it\/radiotouring104\/","logo":{"@type":"ImageObject","inLanguage":"it-IT","@id":"https:\/\/progettotouring.it\/radiotouring104\/#\/schema\/logo\/image\/","url":"https:\/\/progettotouring.it\/radiotouring104\/wp-content\/uploads\/sites\/6\/2022\/02\/cropped-logo-radio-touring-104.png","contentUrl":"https:\/\/progettotouring.it\/radiotouring104\/wp-content\/uploads\/sites\/6\/2022\/02\/cropped-logo-radio-touring-104.png","width":377,"height":182,"caption":"Radio Touring 104"},"image":{"@id":"https:\/\/progettotouring.it\/radiotouring104\/#\/schema\/logo\/image\/"}},{"@type":"Person","@id":"https:\/\/progettotouring.it\/radiotouring104\/#\/schema\/person\/78613917f1851f041f7483f5af1d422e","name":"Sebastiano Plutino","image":{"@type":"ImageObject","inLanguage":"it-IT","@id":"https:\/\/secure.gravatar.com\/avatar\/0546ffaa9b79224faf9f2a156b67a529ae861d3287c66c1d8ccfdf909bcba78d?s=96&d=mm&r=g","url":"https:\/\/secure.gravatar.com\/avatar\/0546ffaa9b79224faf9f2a156b67a529ae861d3287c66c1d8ccfdf909bcba78d?s=96&d=mm&r=g","contentUrl":"https:\/\/secure.gravatar.com\/avatar\/0546ffaa9b79224faf9f2a156b67a529ae861d3287c66c1d8ccfdf909bcba78d?s=96&d=mm&r=g","caption":"Sebastiano Plutino"},"url":"https:\/\/progettotouring.it\/radiotouring104\/author\/sebastiano\/"}]}},"jetpack_publicize_connections":[],"jetpack_featured_media_url":"https:\/\/progettotouring.it\/radiotouring104\/wp-content\/uploads\/sites\/6\/2025\/04\/locandina-evento-commemorativo-Maria-Chindamo.jpg","jetpack_sharing_enabled":true,"_links":{"self":[{"href":"https:\/\/progettotouring.it\/radiotouring104\/wp-json\/wp\/v2\/posts\/71907","targetHints":{"allow":["GET"]}}],"collection":[{"href":"https:\/\/progettotouring.it\/radiotouring104\/wp-json\/wp\/v2\/posts"}],"about":[{"href":"https:\/\/progettotouring.it\/radiotouring104\/wp-json\/wp\/v2\/types\/post"}],"author":[{"embeddable":true,"href":"https:\/\/progettotouring.it\/radiotouring104\/wp-json\/wp\/v2\/users\/12"}],"replies":[{"embeddable":true,"href":"https:\/\/progettotouring.it\/radiotouring104\/wp-json\/wp\/v2\/comments?post=71907"}],"version-history":[{"count":1,"href":"https:\/\/progettotouring.it\/radiotouring104\/wp-json\/wp\/v2\/posts\/71907\/revisions"}],"predecessor-version":[{"id":71912,"href":"https:\/\/progettotouring.it\/radiotouring104\/wp-json\/wp\/v2\/posts\/71907\/revisions\/71912"}],"wp:featuredmedia":[{"embeddable":true,"href":"https:\/\/progettotouring.it\/radiotouring104\/wp-json\/wp\/v2\/media\/71908"}],"wp:attachment":[{"href":"https:\/\/progettotouring.it\/radiotouring104\/wp-json\/wp\/v2\/media?parent=71907"}],"wp:term":[{"taxonomy":"category","embeddable":true,"href":"https:\/\/progettotouring.it\/radiotouring104\/wp-json\/wp\/v2\/categories?post=71907"},{"taxonomy":"post_tag","embeddable":true,"href":"https:\/\/progettotouring.it\/radiotouring104\/wp-json\/wp\/v2\/tags?post=71907"}],"curies":[{"name":"wp","href":"https:\/\/api.w.org\/{rel}","templated":true}]}}