{"id":71959,"date":"2025-04-24T10:40:20","date_gmt":"2025-04-24T08:40:20","guid":{"rendered":"https:\/\/progettotouring.it\/radiotouring104\/?p=71959"},"modified":"2025-04-24T10:40:20","modified_gmt":"2025-04-24T08:40:20","slug":"a-catanzaro-liniziativa-di-teatro-solidale-uomo-e-galantuomo","status":"publish","type":"post","link":"https:\/\/progettotouring.it\/radiotouring104\/2025\/04\/24\/a-catanzaro-liniziativa-di-teatro-solidale-uomo-e-galantuomo\/","title":{"rendered":"A Catanzaro l&#8217;iniziativa di teatro solidale \u201cUomo e galantuomo\u201d"},"content":{"rendered":"<p class=\"xmprfx_MsoNormal\" style=\"text-align: justify\">\u00a0Una serata di teatro, impegno civile e solidariet\u00e0: \u00e8 questo il cuore dell\u2019iniziativa promossa dalla Camera Penale di Catanzaro e dall\u2019associazione A.C.S.A.&amp;STE Ets, in collaborazione con l\u2019Istituto Penitenziario Minorile di Catanzaro.<\/p>\n<p class=\"xmprfx_MsoNormal\" style=\"text-align: justify\">\u00a0Il prossimo\u00a0<b>7 giugno<\/b>, al\u00a0<b>Teatro Comunale di Catanzaro<\/b>, andr\u00e0 in scena la commedia di Eduardo De Filippo\u00a0<b>\u201cUomo e galantuomo\u201d<\/b>, interpretata dai giovani detenuti dell\u2019IPM.<\/p>\n<p class=\"xmprfx_MsoNormal\" style=\"text-align: justify\">L\u2019evento nasce da una proposta spontanea degli stessi ragazzi, desiderosi di contribuire concretamente a una causa importante: sostenere il progetto\u00a0<b>\u201cWe Will Make Your Dream Come True\u201d<\/b>\u00a0che da anni permette di realizzare i sogni di tanti piccoli pazienti dei reparti pediatrici\u00a0<b>dell\u2019Azienda ospedaliero-universitaria \u201cRenato Dulbecco\u201d<\/b><\/p>\n<p class=\"xmprfx_MsoNormal\" style=\"text-align: justify\">Un progetto che trova sempre il sostegno del commissario straordinario dell\u2019AOU, la dottoressa Simona Carbone.<\/p>\n<p class=\"xmprfx_MsoNormal\" style=\"text-align: justify\">Un gesto carico di significato che testimonia la forza dei percorsi di rieducazione attraverso la cultura e il valore della responsabilit\u00e0 sociale anche in contesti difficili. Il progetto rappresenta infatti un\u2019opportunit\u00e0 concreta per abbattere stereotipi e distanze, mostrando come l\u2019impegno, la creativit\u00e0 e la volont\u00e0 di riscatto possano generare bellezza e utilit\u00e0.<\/p>\n<p class=\"xmprfx_MsoNormal\" style=\"text-align: justify\">\u00c8 il segno di un cammino possibile:\u00a0<b>quello della rieducazione attraverso l\u2019arte<\/b>, dove le parole, i gesti e il lavoro collettivo diventano strumenti di crescita e responsabilit\u00e0. \u00c8 anche un modo per sfidare i pregiudizi, per mostrare che anche nei contesti pi\u00f9 difficili possono germogliare umanit\u00e0, consapevolezza e generosit\u00e0.<\/p>\n<p class=\"xmprfx_MsoNormal\" style=\"text-align: justify\">Per rendere possibile tutto questo, c\u2019\u00e8 bisogno del sostegno di tutti.<\/p>\n<p class=\"xmprfx_MsoNormal\" style=\"text-align: justify\">Gli organizzatori lanciano un appello a\u00a0<b>istituzioni, associazioni, cittadini<\/b>: aiutare a coprire le spese vive dell\u2019evento per fare in modo che\u00a0<b>ogni singolo euro del biglietto vada a chi ne ha davvero bisogno<\/b>.<\/p>\n<p class=\"xmprfx_MsoNormal\" style=\"text-align: justify\">\u00c8 molto pi\u00f9 di uno spettacolo: \u00e8\u00a0<b>una chiamata alla solidariet\u00e0<\/b>, un invito a credere che la giustizia possa essere anche\u00a0<b>riparativa, umana, condivisa<\/b>.<\/p>\n<p class=\"xmprfx_MsoNormal\" style=\"text-align: justify\">I particolari dell\u2019evento, il contributo delle associazioni protagoniste di questo momento corale di solidariet\u00e0, verranno resi noti nei prossimi giorni nel corso di una conferenza stampa.<\/p>\n<p class=\"xmprfx_MsoNormal\" style=\"text-align: justify\">\n","protected":false},"excerpt":{"rendered":"<p>\u00a0Una serata di teatro, impegno civile e solidariet\u00e0: \u00e8 questo il cuore dell\u2019iniziativa promossa dalla Camera Penale di Catanzaro e dall\u2019associazione A.C.S.A.&amp;STE Ets, in collaborazione con l\u2019Istituto Penitenziario Minorile di&hellip;<\/p>\n","protected":false},"author":12,"featured_media":36074,"comment_status":"closed","ping_status":"open","sticky":false,"template":"","format":"standard","meta":{"_jetpack_memberships_contains_paid_content":false,"footnotes":"","jetpack_publicize_message":"","jetpack_publicize_feature_enabled":true,"jetpack_social_post_already_shared":true,"jetpack_social_options":{"image_generator_settings":{"template":"highway","default_image_id":0,"font":"","enabled":false},"version":2}},"categories":[142,921,196],"tags":[42851,25294,42852,42850,5839,42849],"class_list":["post-71959","post","type-post","status-publish","format-standard","has-post-thumbnail","hentry","category-calabria","category-home","category-news","tag-associazione-a-c-s-a-ste-ets","tag-a-o-u-renato-dulbecco","tag-commedia-uomo-e-galantuomo","tag-giovani-detenuti-dellipm-catanzaro","tag-teatro-comunale-di-catanzaro","tag-teatro-solidale-uomo-e-galantuomo"],"yoast_head":"<!-- This site is optimized with the Yoast SEO plugin v27.2 - https:\/\/yoast.com\/product\/yoast-seo-wordpress\/ -->\n<title>A Catanzaro l&#039;iniziativa di teatro solidale \u201cUomo e galantuomo\u201d<\/title>\n<meta name=\"description\" content=\"Il 7 giugno, al Teatro Comunale, i giovani detenuti dell\u2019IPM in scena per i piccoli pazienti dei reparti pediatrici dell\u2019AOU \u201cDulbecco\u201d\" \/>\n<meta name=\"robots\" content=\"index, follow, max-snippet:-1, max-image-preview:large, max-video-preview:-1\" \/>\n<link rel=\"canonical\" href=\"https:\/\/progettotouring.it\/radiotouring104\/2025\/04\/24\/a-catanzaro-liniziativa-di-teatro-solidale-uomo-e-galantuomo\/\" \/>\n<meta property=\"og:locale\" content=\"it_IT\" \/>\n<meta property=\"og:type\" content=\"article\" \/>\n<meta property=\"og:title\" content=\"A Catanzaro l&#039;iniziativa di teatro solidale \u201cUomo e galantuomo\u201d\" \/>\n<meta property=\"og:description\" content=\"Il 7 giugno, al Teatro Comunale, i giovani detenuti dell\u2019IPM in scena per i piccoli pazienti dei reparti pediatrici dell\u2019AOU \u201cDulbecco\u201d\" \/>\n<meta property=\"og:url\" content=\"https:\/\/progettotouring.it\/radiotouring104\/2025\/04\/24\/a-catanzaro-liniziativa-di-teatro-solidale-uomo-e-galantuomo\/\" \/>\n<meta property=\"og:site_name\" content=\"Radio Touring 104\" \/>\n<meta property=\"article:published_time\" content=\"2025-04-24T08:40:20+00:00\" \/>\n<meta property=\"og:image\" content=\"https:\/\/progettotouring.it\/radiotouring104\/wp-content\/uploads\/sites\/6\/2023\/10\/Renato-Dulbecco.jpg\" \/>\n\t<meta property=\"og:image:width\" content=\"774\" \/>\n\t<meta property=\"og:image:height\" content=\"516\" \/>\n\t<meta property=\"og:image:type\" content=\"image\/jpeg\" \/>\n<meta name=\"author\" content=\"Sebastiano Plutino\" \/>\n<meta name=\"twitter:card\" content=\"summary_large_image\" \/>\n<meta name=\"twitter:label1\" content=\"Scritto da\" \/>\n\t<meta name=\"twitter:data1\" content=\"Sebastiano Plutino\" \/>\n\t<meta name=\"twitter:label2\" content=\"Tempo di lettura stimato\" \/>\n\t<meta name=\"twitter:data2\" content=\"2 minuti\" \/>\n<script type=\"application\/ld+json\" class=\"yoast-schema-graph\">{\"@context\":\"https:\/\/schema.org\",\"@graph\":[{\"@type\":\"Article\",\"@id\":\"https:\/\/progettotouring.it\/radiotouring104\/2025\/04\/24\/a-catanzaro-liniziativa-di-teatro-solidale-uomo-e-galantuomo\/#article\",\"isPartOf\":{\"@id\":\"https:\/\/progettotouring.it\/radiotouring104\/2025\/04\/24\/a-catanzaro-liniziativa-di-teatro-solidale-uomo-e-galantuomo\/\"},\"author\":{\"name\":\"Sebastiano Plutino\",\"@id\":\"https:\/\/progettotouring.it\/radiotouring104\/#\/schema\/person\/78613917f1851f041f7483f5af1d422e\"},\"headline\":\"A Catanzaro l&#8217;iniziativa di teatro solidale \u201cUomo e galantuomo\u201d\",\"datePublished\":\"2025-04-24T08:40:20+00:00\",\"mainEntityOfPage\":{\"@id\":\"https:\/\/progettotouring.it\/radiotouring104\/2025\/04\/24\/a-catanzaro-liniziativa-di-teatro-solidale-uomo-e-galantuomo\/\"},\"wordCount\":333,\"publisher\":{\"@id\":\"https:\/\/progettotouring.it\/radiotouring104\/#organization\"},\"image\":{\"@id\":\"https:\/\/progettotouring.it\/radiotouring104\/2025\/04\/24\/a-catanzaro-liniziativa-di-teatro-solidale-uomo-e-galantuomo\/#primaryimage\"},\"thumbnailUrl\":\"https:\/\/progettotouring.it\/radiotouring104\/wp-content\/uploads\/sites\/6\/2023\/10\/Renato-Dulbecco.jpg\",\"keywords\":[\"\u2019associazione A.C.S.A.&amp;STE Ets\",\"A.O.U. \u201cRenato Dulbecco\u201d\",\"commedia \u201cUomo e galantuomo\u201d\",\"giovani detenuti dell\u2019IPM catanzaro\",\"Teatro Comunale di Catanzaro\",\"teatro solidale \u201cUomo e galantuomo\u201d\"],\"articleSection\":[\"Calabria\",\"Home\",\"News\"],\"inLanguage\":\"it-IT\"},{\"@type\":\"WebPage\",\"@id\":\"https:\/\/progettotouring.it\/radiotouring104\/2025\/04\/24\/a-catanzaro-liniziativa-di-teatro-solidale-uomo-e-galantuomo\/\",\"url\":\"https:\/\/progettotouring.it\/radiotouring104\/2025\/04\/24\/a-catanzaro-liniziativa-di-teatro-solidale-uomo-e-galantuomo\/\",\"name\":\"A Catanzaro l'iniziativa di teatro solidale \u201cUomo e galantuomo\u201d\",\"isPartOf\":{\"@id\":\"https:\/\/progettotouring.it\/radiotouring104\/#website\"},\"primaryImageOfPage\":{\"@id\":\"https:\/\/progettotouring.it\/radiotouring104\/2025\/04\/24\/a-catanzaro-liniziativa-di-teatro-solidale-uomo-e-galantuomo\/#primaryimage\"},\"image\":{\"@id\":\"https:\/\/progettotouring.it\/radiotouring104\/2025\/04\/24\/a-catanzaro-liniziativa-di-teatro-solidale-uomo-e-galantuomo\/#primaryimage\"},\"thumbnailUrl\":\"https:\/\/progettotouring.it\/radiotouring104\/wp-content\/uploads\/sites\/6\/2023\/10\/Renato-Dulbecco.jpg\",\"datePublished\":\"2025-04-24T08:40:20+00:00\",\"description\":\"Il 7 giugno, al Teatro Comunale, i giovani detenuti dell\u2019IPM in scena per i piccoli pazienti dei reparti pediatrici dell\u2019AOU \u201cDulbecco\u201d\",\"breadcrumb\":{\"@id\":\"https:\/\/progettotouring.it\/radiotouring104\/2025\/04\/24\/a-catanzaro-liniziativa-di-teatro-solidale-uomo-e-galantuomo\/#breadcrumb\"},\"inLanguage\":\"it-IT\",\"potentialAction\":[{\"@type\":\"ReadAction\",\"target\":[\"https:\/\/progettotouring.it\/radiotouring104\/2025\/04\/24\/a-catanzaro-liniziativa-di-teatro-solidale-uomo-e-galantuomo\/\"]}]},{\"@type\":\"ImageObject\",\"inLanguage\":\"it-IT\",\"@id\":\"https:\/\/progettotouring.it\/radiotouring104\/2025\/04\/24\/a-catanzaro-liniziativa-di-teatro-solidale-uomo-e-galantuomo\/#primaryimage\",\"url\":\"https:\/\/progettotouring.it\/radiotouring104\/wp-content\/uploads\/sites\/6\/2023\/10\/Renato-Dulbecco.jpg\",\"contentUrl\":\"https:\/\/progettotouring.it\/radiotouring104\/wp-content\/uploads\/sites\/6\/2023\/10\/Renato-Dulbecco.jpg\",\"width\":774,\"height\":516},{\"@type\":\"BreadcrumbList\",\"@id\":\"https:\/\/progettotouring.it\/radiotouring104\/2025\/04\/24\/a-catanzaro-liniziativa-di-teatro-solidale-uomo-e-galantuomo\/#breadcrumb\",\"itemListElement\":[{\"@type\":\"ListItem\",\"position\":1,\"name\":\"Home\",\"item\":\"https:\/\/progettotouring.it\/radiotouring104\/\"},{\"@type\":\"ListItem\",\"position\":2,\"name\":\"A Catanzaro l&#8217;iniziativa di teatro solidale \u201cUomo e galantuomo\u201d\"}]},{\"@type\":\"WebSite\",\"@id\":\"https:\/\/progettotouring.it\/radiotouring104\/#website\",\"url\":\"https:\/\/progettotouring.it\/radiotouring104\/\",\"name\":\"Radio Touring 104\",\"description\":\"La prima radio Reggina\",\"publisher\":{\"@id\":\"https:\/\/progettotouring.it\/radiotouring104\/#organization\"},\"potentialAction\":[{\"@type\":\"SearchAction\",\"target\":{\"@type\":\"EntryPoint\",\"urlTemplate\":\"https:\/\/progettotouring.it\/radiotouring104\/?s={search_term_string}\"},\"query-input\":{\"@type\":\"PropertyValueSpecification\",\"valueRequired\":true,\"valueName\":\"search_term_string\"}}],\"inLanguage\":\"it-IT\"},{\"@type\":\"Organization\",\"@id\":\"https:\/\/progettotouring.it\/radiotouring104\/#organization\",\"name\":\"Radio Touring 104\",\"url\":\"https:\/\/progettotouring.it\/radiotouring104\/\",\"logo\":{\"@type\":\"ImageObject\",\"inLanguage\":\"it-IT\",\"@id\":\"https:\/\/progettotouring.it\/radiotouring104\/#\/schema\/logo\/image\/\",\"url\":\"https:\/\/progettotouring.it\/radiotouring104\/wp-content\/uploads\/sites\/6\/2022\/02\/cropped-logo-radio-touring-104.png\",\"contentUrl\":\"https:\/\/progettotouring.it\/radiotouring104\/wp-content\/uploads\/sites\/6\/2022\/02\/cropped-logo-radio-touring-104.png\",\"width\":377,\"height\":182,\"caption\":\"Radio Touring 104\"},\"image\":{\"@id\":\"https:\/\/progettotouring.it\/radiotouring104\/#\/schema\/logo\/image\/\"}},{\"@type\":\"Person\",\"@id\":\"https:\/\/progettotouring.it\/radiotouring104\/#\/schema\/person\/78613917f1851f041f7483f5af1d422e\",\"name\":\"Sebastiano Plutino\",\"image\":{\"@type\":\"ImageObject\",\"inLanguage\":\"it-IT\",\"@id\":\"https:\/\/secure.gravatar.com\/avatar\/0546ffaa9b79224faf9f2a156b67a529ae861d3287c66c1d8ccfdf909bcba78d?s=96&d=mm&r=g\",\"url\":\"https:\/\/secure.gravatar.com\/avatar\/0546ffaa9b79224faf9f2a156b67a529ae861d3287c66c1d8ccfdf909bcba78d?s=96&d=mm&r=g\",\"contentUrl\":\"https:\/\/secure.gravatar.com\/avatar\/0546ffaa9b79224faf9f2a156b67a529ae861d3287c66c1d8ccfdf909bcba78d?s=96&d=mm&r=g\",\"caption\":\"Sebastiano Plutino\"},\"url\":\"https:\/\/progettotouring.it\/radiotouring104\/author\/sebastiano\/\"}]}<\/script>\n<!-- \/ Yoast SEO plugin. -->","yoast_head_json":{"title":"A Catanzaro l'iniziativa di teatro solidale \u201cUomo e galantuomo\u201d","description":"Il 7 giugno, al Teatro Comunale, i giovani detenuti dell\u2019IPM in scena per i piccoli pazienti dei reparti pediatrici dell\u2019AOU \u201cDulbecco\u201d","robots":{"index":"index","follow":"follow","max-snippet":"max-snippet:-1","max-image-preview":"max-image-preview:large","max-video-preview":"max-video-preview:-1"},"canonical":"https:\/\/progettotouring.it\/radiotouring104\/2025\/04\/24\/a-catanzaro-liniziativa-di-teatro-solidale-uomo-e-galantuomo\/","og_locale":"it_IT","og_type":"article","og_title":"A Catanzaro l'iniziativa di teatro solidale \u201cUomo e galantuomo\u201d","og_description":"Il 7 giugno, al Teatro Comunale, i giovani detenuti dell\u2019IPM in scena per i piccoli pazienti dei reparti pediatrici dell\u2019AOU \u201cDulbecco\u201d","og_url":"https:\/\/progettotouring.it\/radiotouring104\/2025\/04\/24\/a-catanzaro-liniziativa-di-teatro-solidale-uomo-e-galantuomo\/","og_site_name":"Radio Touring 104","article_published_time":"2025-04-24T08:40:20+00:00","og_image":[{"width":774,"height":516,"url":"https:\/\/progettotouring.it\/radiotouring104\/wp-content\/uploads\/sites\/6\/2023\/10\/Renato-Dulbecco.jpg","type":"image\/jpeg"}],"author":"Sebastiano Plutino","twitter_card":"summary_large_image","twitter_misc":{"Scritto da":"Sebastiano Plutino","Tempo di lettura stimato":"2 minuti"},"schema":{"@context":"https:\/\/schema.org","@graph":[{"@type":"Article","@id":"https:\/\/progettotouring.it\/radiotouring104\/2025\/04\/24\/a-catanzaro-liniziativa-di-teatro-solidale-uomo-e-galantuomo\/#article","isPartOf":{"@id":"https:\/\/progettotouring.it\/radiotouring104\/2025\/04\/24\/a-catanzaro-liniziativa-di-teatro-solidale-uomo-e-galantuomo\/"},"author":{"name":"Sebastiano Plutino","@id":"https:\/\/progettotouring.it\/radiotouring104\/#\/schema\/person\/78613917f1851f041f7483f5af1d422e"},"headline":"A Catanzaro l&#8217;iniziativa di teatro solidale \u201cUomo e galantuomo\u201d","datePublished":"2025-04-24T08:40:20+00:00","mainEntityOfPage":{"@id":"https:\/\/progettotouring.it\/radiotouring104\/2025\/04\/24\/a-catanzaro-liniziativa-di-teatro-solidale-uomo-e-galantuomo\/"},"wordCount":333,"publisher":{"@id":"https:\/\/progettotouring.it\/radiotouring104\/#organization"},"image":{"@id":"https:\/\/progettotouring.it\/radiotouring104\/2025\/04\/24\/a-catanzaro-liniziativa-di-teatro-solidale-uomo-e-galantuomo\/#primaryimage"},"thumbnailUrl":"https:\/\/progettotouring.it\/radiotouring104\/wp-content\/uploads\/sites\/6\/2023\/10\/Renato-Dulbecco.jpg","keywords":["\u2019associazione A.C.S.A.&amp;STE Ets","A.O.U. \u201cRenato Dulbecco\u201d","commedia \u201cUomo e galantuomo\u201d","giovani detenuti dell\u2019IPM catanzaro","Teatro Comunale di Catanzaro","teatro solidale \u201cUomo e galantuomo\u201d"],"articleSection":["Calabria","Home","News"],"inLanguage":"it-IT"},{"@type":"WebPage","@id":"https:\/\/progettotouring.it\/radiotouring104\/2025\/04\/24\/a-catanzaro-liniziativa-di-teatro-solidale-uomo-e-galantuomo\/","url":"https:\/\/progettotouring.it\/radiotouring104\/2025\/04\/24\/a-catanzaro-liniziativa-di-teatro-solidale-uomo-e-galantuomo\/","name":"A Catanzaro l'iniziativa di teatro solidale \u201cUomo e galantuomo\u201d","isPartOf":{"@id":"https:\/\/progettotouring.it\/radiotouring104\/#website"},"primaryImageOfPage":{"@id":"https:\/\/progettotouring.it\/radiotouring104\/2025\/04\/24\/a-catanzaro-liniziativa-di-teatro-solidale-uomo-e-galantuomo\/#primaryimage"},"image":{"@id":"https:\/\/progettotouring.it\/radiotouring104\/2025\/04\/24\/a-catanzaro-liniziativa-di-teatro-solidale-uomo-e-galantuomo\/#primaryimage"},"thumbnailUrl":"https:\/\/progettotouring.it\/radiotouring104\/wp-content\/uploads\/sites\/6\/2023\/10\/Renato-Dulbecco.jpg","datePublished":"2025-04-24T08:40:20+00:00","description":"Il 7 giugno, al Teatro Comunale, i giovani detenuti dell\u2019IPM in scena per i piccoli pazienti dei reparti pediatrici dell\u2019AOU \u201cDulbecco\u201d","breadcrumb":{"@id":"https:\/\/progettotouring.it\/radiotouring104\/2025\/04\/24\/a-catanzaro-liniziativa-di-teatro-solidale-uomo-e-galantuomo\/#breadcrumb"},"inLanguage":"it-IT","potentialAction":[{"@type":"ReadAction","target":["https:\/\/progettotouring.it\/radiotouring104\/2025\/04\/24\/a-catanzaro-liniziativa-di-teatro-solidale-uomo-e-galantuomo\/"]}]},{"@type":"ImageObject","inLanguage":"it-IT","@id":"https:\/\/progettotouring.it\/radiotouring104\/2025\/04\/24\/a-catanzaro-liniziativa-di-teatro-solidale-uomo-e-galantuomo\/#primaryimage","url":"https:\/\/progettotouring.it\/radiotouring104\/wp-content\/uploads\/sites\/6\/2023\/10\/Renato-Dulbecco.jpg","contentUrl":"https:\/\/progettotouring.it\/radiotouring104\/wp-content\/uploads\/sites\/6\/2023\/10\/Renato-Dulbecco.jpg","width":774,"height":516},{"@type":"BreadcrumbList","@id":"https:\/\/progettotouring.it\/radiotouring104\/2025\/04\/24\/a-catanzaro-liniziativa-di-teatro-solidale-uomo-e-galantuomo\/#breadcrumb","itemListElement":[{"@type":"ListItem","position":1,"name":"Home","item":"https:\/\/progettotouring.it\/radiotouring104\/"},{"@type":"ListItem","position":2,"name":"A Catanzaro l&#8217;iniziativa di teatro solidale \u201cUomo e galantuomo\u201d"}]},{"@type":"WebSite","@id":"https:\/\/progettotouring.it\/radiotouring104\/#website","url":"https:\/\/progettotouring.it\/radiotouring104\/","name":"Radio Touring 104","description":"La prima radio Reggina","publisher":{"@id":"https:\/\/progettotouring.it\/radiotouring104\/#organization"},"potentialAction":[{"@type":"SearchAction","target":{"@type":"EntryPoint","urlTemplate":"https:\/\/progettotouring.it\/radiotouring104\/?s={search_term_string}"},"query-input":{"@type":"PropertyValueSpecification","valueRequired":true,"valueName":"search_term_string"}}],"inLanguage":"it-IT"},{"@type":"Organization","@id":"https:\/\/progettotouring.it\/radiotouring104\/#organization","name":"Radio Touring 104","url":"https:\/\/progettotouring.it\/radiotouring104\/","logo":{"@type":"ImageObject","inLanguage":"it-IT","@id":"https:\/\/progettotouring.it\/radiotouring104\/#\/schema\/logo\/image\/","url":"https:\/\/progettotouring.it\/radiotouring104\/wp-content\/uploads\/sites\/6\/2022\/02\/cropped-logo-radio-touring-104.png","contentUrl":"https:\/\/progettotouring.it\/radiotouring104\/wp-content\/uploads\/sites\/6\/2022\/02\/cropped-logo-radio-touring-104.png","width":377,"height":182,"caption":"Radio Touring 104"},"image":{"@id":"https:\/\/progettotouring.it\/radiotouring104\/#\/schema\/logo\/image\/"}},{"@type":"Person","@id":"https:\/\/progettotouring.it\/radiotouring104\/#\/schema\/person\/78613917f1851f041f7483f5af1d422e","name":"Sebastiano Plutino","image":{"@type":"ImageObject","inLanguage":"it-IT","@id":"https:\/\/secure.gravatar.com\/avatar\/0546ffaa9b79224faf9f2a156b67a529ae861d3287c66c1d8ccfdf909bcba78d?s=96&d=mm&r=g","url":"https:\/\/secure.gravatar.com\/avatar\/0546ffaa9b79224faf9f2a156b67a529ae861d3287c66c1d8ccfdf909bcba78d?s=96&d=mm&r=g","contentUrl":"https:\/\/secure.gravatar.com\/avatar\/0546ffaa9b79224faf9f2a156b67a529ae861d3287c66c1d8ccfdf909bcba78d?s=96&d=mm&r=g","caption":"Sebastiano Plutino"},"url":"https:\/\/progettotouring.it\/radiotouring104\/author\/sebastiano\/"}]}},"jetpack_publicize_connections":[],"jetpack_featured_media_url":"https:\/\/progettotouring.it\/radiotouring104\/wp-content\/uploads\/sites\/6\/2023\/10\/Renato-Dulbecco.jpg","jetpack_sharing_enabled":true,"_links":{"self":[{"href":"https:\/\/progettotouring.it\/radiotouring104\/wp-json\/wp\/v2\/posts\/71959","targetHints":{"allow":["GET"]}}],"collection":[{"href":"https:\/\/progettotouring.it\/radiotouring104\/wp-json\/wp\/v2\/posts"}],"about":[{"href":"https:\/\/progettotouring.it\/radiotouring104\/wp-json\/wp\/v2\/types\/post"}],"author":[{"embeddable":true,"href":"https:\/\/progettotouring.it\/radiotouring104\/wp-json\/wp\/v2\/users\/12"}],"replies":[{"embeddable":true,"href":"https:\/\/progettotouring.it\/radiotouring104\/wp-json\/wp\/v2\/comments?post=71959"}],"version-history":[{"count":2,"href":"https:\/\/progettotouring.it\/radiotouring104\/wp-json\/wp\/v2\/posts\/71959\/revisions"}],"predecessor-version":[{"id":71963,"href":"https:\/\/progettotouring.it\/radiotouring104\/wp-json\/wp\/v2\/posts\/71959\/revisions\/71963"}],"wp:featuredmedia":[{"embeddable":true,"href":"https:\/\/progettotouring.it\/radiotouring104\/wp-json\/wp\/v2\/media\/36074"}],"wp:attachment":[{"href":"https:\/\/progettotouring.it\/radiotouring104\/wp-json\/wp\/v2\/media?parent=71959"}],"wp:term":[{"taxonomy":"category","embeddable":true,"href":"https:\/\/progettotouring.it\/radiotouring104\/wp-json\/wp\/v2\/categories?post=71959"},{"taxonomy":"post_tag","embeddable":true,"href":"https:\/\/progettotouring.it\/radiotouring104\/wp-json\/wp\/v2\/tags?post=71959"}],"curies":[{"name":"wp","href":"https:\/\/api.w.org\/{rel}","templated":true}]}}