{"id":71966,"date":"2025-04-24T11:07:05","date_gmt":"2025-04-24T09:07:05","guid":{"rendered":"https:\/\/progettotouring.it\/radiotouring104\/?p=71966"},"modified":"2025-04-24T16:32:14","modified_gmt":"2025-04-24T14:32:14","slug":"reggio-il-consigliere-merenda-interviene-sul-danneggiamento-dellalbero-in-via-enotria","status":"publish","type":"post","link":"https:\/\/progettotouring.it\/radiotouring104\/2025\/04\/24\/reggio-il-consigliere-merenda-interviene-sul-danneggiamento-dellalbero-in-via-enotria\/","title":{"rendered":"Reggio: il Consigliere Merenda interviene sul danneggiamento dell&#8217;albero in via Enotria"},"content":{"rendered":"<div class=\"msg-view-text-cnt\">\n<div class=\"xam_msg_class\">\n<div dir=\"ltr\" style=\"text-align: justify\">\n<p><em>\u00abNessuna demonizzazione del quartiere, ma solo un invito alla collaborazione per il bene dell\u2019intera comunit\u00e0\u00bb. <\/em>Con queste parole, <strong>il Consigliere<\/strong> comunale delegato al Decoro Urbano, Parchi e Giardini, <strong>Massimiliano Merenda, interviene nuovamente sull\u2019episodio vandalico<\/strong> che ha visto il <strong>danneggiamento di un albero recentemente piantumato in via Enotria.<\/strong><\/p>\n<div><strong>L&#8217;episodio era stato oggetto di una denuncia pubblica<\/strong> da parte dello stesso<strong> Merenda, che intende chiarire ulteriormente il senso del suo intervento, anche in risposta alle osservazioni mosse dal Comitato di quartiere<\/strong> \u201c<em>Noi per Santa Caterina\u201d.<\/em><\/div>\n<div><\/div>\n<div><em>\u00abLa nostra denuncia non intendeva in alcun modo accusare la cittadinanza del quartiere<\/em> \u2013 <strong>ha spiegato Merenda<\/strong> &#8211;<em> al contrario, il nostro intento era quello di sensibilizzare e responsabilizzare, affinch\u00e9 tutti possiamo sentirci partecipi e orgogliosi custodi del nostro patrimonio comune\u00bb.<\/em><\/div>\n<div><\/div>\n<div><strong>Il consigliere ha poi aggiunto che<\/strong> \u00ab<em>La scelta di rendere pubblico l\u2019episodio non \u00e8 stata fatta con leggerezza: abbiamo atteso i rilievi tecnici, dai quali \u00e8 emerso con chiarezza che non si \u00e8 trattato di un danno causato da eventi naturali, come il vento o la pioggia, ma di un atto volontario. Solo dopo queste verifiche abbiamo deciso di intervenire pubblicamente. Non per accusare, ma per rilanciare un messaggio di corresponsabilit\u00e0. L\u2019Amministrazione comunale non ha alcuna intenzione di colpevolizzare l\u2019intera comunit\u00e0, alla quale ha sempre dimostrato, e continuer\u00e0 a dimostrare, massima apertura e disponibilit\u00e0 al confronto\u00bb.<\/em><\/div>\n<div><em>\u00abCi auguriamo che episodi come questo \u2013<\/em> <strong>ha evidenziato il delegato<\/strong> &#8211;<em> non diventino motivo di divisione, ma occasioni per rafforzare il dialogo e la collaborazione tra cittadini e istituzioni. Solo attraverso un confronto costruttivo possiamo crescere come territorio e come comunit\u00e0. \u00c8 importante che queste situazioni non vengano strumentalizzate e trasformate in attacchi politici fini a s\u00e9 stessi. La cura dei luoghi e il rispetto degli spazi comuni sono valori che devono unirci, non dividerci. L\u2019Amministrazione continuer\u00e0 a lavorare in questa direzione, perch\u00e9 crediamo profondamente che il decoro urbano sia un elemento fondamentale per la qualit\u00e0 della vita di tutti\u00bb.<\/em><\/div>\n<\/div>\n<\/div>\n<\/div>\n<div class=\"msg-view-attach-preview\">\n<div id=\"uiLogic_webmail__view_AttachmentsImageBlock_10\" class=\"attachmentsBlock\" style=\"text-align: justify\" role=\"group\"><\/div>\n<\/div>\n","protected":false},"excerpt":{"rendered":"<p>\u00abNessuna demonizzazione del quartiere, ma solo un invito alla collaborazione per il bene dell\u2019intera comunit\u00e0\u00bb. Con queste parole, il Consigliere comunale delegato al Decoro Urbano, Parchi e Giardini, Massimiliano Merenda,&hellip;<\/p>\n","protected":false},"author":12,"featured_media":29262,"comment_status":"closed","ping_status":"open","sticky":false,"template":"","format":"standard","meta":{"_jetpack_memberships_contains_paid_content":false,"footnotes":"","jetpack_publicize_message":"","jetpack_publicize_feature_enabled":true,"jetpack_social_post_already_shared":true,"jetpack_social_options":{"image_generator_settings":{"template":"highway","default_image_id":0,"font":"","enabled":false},"version":2}},"categories":[921,196,140],"tags":[42853,42854,42855,3639,42856,21356],"class_list":["post-71966","post","type-post","status-publish","format-standard","has-post-thumbnail","hentry","category-home","category-news","category-reggio-calabria","tag-comitato-di-quartiere-noi-per-santa-caterina","tag-danneggiamento-albero","tag-invito-a-collaborare-per-il-bene-di-tutta-la-comunit","tag-massimiliano-merenda","tag-nessuna-demonizzazione-per-il-quartiere","tag-via-enotria"],"yoast_head":"<!-- This site is optimized with the Yoast SEO plugin v27.2 - https:\/\/yoast.com\/product\/yoast-seo-wordpress\/ -->\n<title>Merenda interviene sul danneggiamento dell&#039;albero in via Enotria<\/title>\n<meta name=\"description\" content=\"\u00abNessuna demonizzazione per il quartiere, ma l&#039;invito a collaborare per il bene di tutta la comunit\u00e0\u00bb, commenta il Consigliere Merenda\" \/>\n<meta name=\"robots\" content=\"index, follow, max-snippet:-1, max-image-preview:large, max-video-preview:-1\" \/>\n<link rel=\"canonical\" href=\"https:\/\/progettotouring.it\/radiotouring104\/2025\/04\/24\/reggio-il-consigliere-merenda-interviene-sul-danneggiamento-dellalbero-in-via-enotria\/\" \/>\n<meta property=\"og:locale\" content=\"it_IT\" \/>\n<meta property=\"og:type\" content=\"article\" \/>\n<meta property=\"og:title\" content=\"Merenda interviene sul danneggiamento dell&#039;albero in via Enotria\" \/>\n<meta property=\"og:description\" content=\"\u00abNessuna demonizzazione per il quartiere, ma l&#039;invito a collaborare per il bene di tutta la comunit\u00e0\u00bb, commenta il Consigliere Merenda\" \/>\n<meta property=\"og:url\" content=\"https:\/\/progettotouring.it\/radiotouring104\/2025\/04\/24\/reggio-il-consigliere-merenda-interviene-sul-danneggiamento-dellalbero-in-via-enotria\/\" \/>\n<meta property=\"og:site_name\" content=\"Radio Touring 104\" \/>\n<meta property=\"article:published_time\" content=\"2025-04-24T09:07:05+00:00\" \/>\n<meta property=\"article:modified_time\" content=\"2025-04-24T14:32:14+00:00\" \/>\n<meta property=\"og:image\" content=\"https:\/\/progettotouring.it\/radiotouring104\/wp-content\/uploads\/sites\/6\/2023\/06\/massimiliano-merenda.jpeg\" \/>\n\t<meta property=\"og:image:width\" content=\"1009\" \/>\n\t<meta property=\"og:image:height\" content=\"954\" \/>\n\t<meta property=\"og:image:type\" content=\"image\/jpeg\" \/>\n<meta name=\"author\" content=\"Sebastiano Plutino\" \/>\n<meta name=\"twitter:card\" content=\"summary_large_image\" \/>\n<meta name=\"twitter:label1\" content=\"Scritto da\" \/>\n\t<meta name=\"twitter:data1\" content=\"Sebastiano Plutino\" \/>\n\t<meta name=\"twitter:label2\" content=\"Tempo di lettura stimato\" \/>\n\t<meta name=\"twitter:data2\" content=\"2 minuti\" \/>\n<script type=\"application\/ld+json\" class=\"yoast-schema-graph\">{\"@context\":\"https:\/\/schema.org\",\"@graph\":[{\"@type\":\"Article\",\"@id\":\"https:\/\/progettotouring.it\/radiotouring104\/2025\/04\/24\/reggio-il-consigliere-merenda-interviene-sul-danneggiamento-dellalbero-in-via-enotria\/#article\",\"isPartOf\":{\"@id\":\"https:\/\/progettotouring.it\/radiotouring104\/2025\/04\/24\/reggio-il-consigliere-merenda-interviene-sul-danneggiamento-dellalbero-in-via-enotria\/\"},\"author\":{\"name\":\"Sebastiano Plutino\",\"@id\":\"https:\/\/progettotouring.it\/radiotouring104\/#\/schema\/person\/78613917f1851f041f7483f5af1d422e\"},\"headline\":\"Reggio: il Consigliere Merenda interviene sul danneggiamento dell&#8217;albero in via Enotria\",\"datePublished\":\"2025-04-24T09:07:05+00:00\",\"dateModified\":\"2025-04-24T14:32:14+00:00\",\"mainEntityOfPage\":{\"@id\":\"https:\/\/progettotouring.it\/radiotouring104\/2025\/04\/24\/reggio-il-consigliere-merenda-interviene-sul-danneggiamento-dellalbero-in-via-enotria\/\"},\"wordCount\":332,\"publisher\":{\"@id\":\"https:\/\/progettotouring.it\/radiotouring104\/#organization\"},\"image\":{\"@id\":\"https:\/\/progettotouring.it\/radiotouring104\/2025\/04\/24\/reggio-il-consigliere-merenda-interviene-sul-danneggiamento-dellalbero-in-via-enotria\/#primaryimage\"},\"thumbnailUrl\":\"https:\/\/progettotouring.it\/radiotouring104\/wp-content\/uploads\/sites\/6\/2023\/06\/massimiliano-merenda.jpeg\",\"keywords\":[\"Comitato di quartiere \u201cNoi per Santa Caterina\u201d.\",\"danneggiamento albero\",\"invito a collaborare per il bene di tutta la comunit\",\"Massimiliano Merenda\",\"Nessuna demonizzazione per il quartiere\",\"via Enotria\"],\"articleSection\":[\"Home\",\"News\",\"Reggio Calabria\"],\"inLanguage\":\"it-IT\"},{\"@type\":\"WebPage\",\"@id\":\"https:\/\/progettotouring.it\/radiotouring104\/2025\/04\/24\/reggio-il-consigliere-merenda-interviene-sul-danneggiamento-dellalbero-in-via-enotria\/\",\"url\":\"https:\/\/progettotouring.it\/radiotouring104\/2025\/04\/24\/reggio-il-consigliere-merenda-interviene-sul-danneggiamento-dellalbero-in-via-enotria\/\",\"name\":\"Merenda interviene sul danneggiamento dell'albero in via Enotria\",\"isPartOf\":{\"@id\":\"https:\/\/progettotouring.it\/radiotouring104\/#website\"},\"primaryImageOfPage\":{\"@id\":\"https:\/\/progettotouring.it\/radiotouring104\/2025\/04\/24\/reggio-il-consigliere-merenda-interviene-sul-danneggiamento-dellalbero-in-via-enotria\/#primaryimage\"},\"image\":{\"@id\":\"https:\/\/progettotouring.it\/radiotouring104\/2025\/04\/24\/reggio-il-consigliere-merenda-interviene-sul-danneggiamento-dellalbero-in-via-enotria\/#primaryimage\"},\"thumbnailUrl\":\"https:\/\/progettotouring.it\/radiotouring104\/wp-content\/uploads\/sites\/6\/2023\/06\/massimiliano-merenda.jpeg\",\"datePublished\":\"2025-04-24T09:07:05+00:00\",\"dateModified\":\"2025-04-24T14:32:14+00:00\",\"description\":\"\u00abNessuna demonizzazione per il quartiere, ma l'invito a collaborare per il bene di tutta la comunit\u00e0\u00bb, commenta il Consigliere Merenda\",\"breadcrumb\":{\"@id\":\"https:\/\/progettotouring.it\/radiotouring104\/2025\/04\/24\/reggio-il-consigliere-merenda-interviene-sul-danneggiamento-dellalbero-in-via-enotria\/#breadcrumb\"},\"inLanguage\":\"it-IT\",\"potentialAction\":[{\"@type\":\"ReadAction\",\"target\":[\"https:\/\/progettotouring.it\/radiotouring104\/2025\/04\/24\/reggio-il-consigliere-merenda-interviene-sul-danneggiamento-dellalbero-in-via-enotria\/\"]}]},{\"@type\":\"ImageObject\",\"inLanguage\":\"it-IT\",\"@id\":\"https:\/\/progettotouring.it\/radiotouring104\/2025\/04\/24\/reggio-il-consigliere-merenda-interviene-sul-danneggiamento-dellalbero-in-via-enotria\/#primaryimage\",\"url\":\"https:\/\/progettotouring.it\/radiotouring104\/wp-content\/uploads\/sites\/6\/2023\/06\/massimiliano-merenda.jpeg\",\"contentUrl\":\"https:\/\/progettotouring.it\/radiotouring104\/wp-content\/uploads\/sites\/6\/2023\/06\/massimiliano-merenda.jpeg\",\"width\":1009,\"height\":954},{\"@type\":\"BreadcrumbList\",\"@id\":\"https:\/\/progettotouring.it\/radiotouring104\/2025\/04\/24\/reggio-il-consigliere-merenda-interviene-sul-danneggiamento-dellalbero-in-via-enotria\/#breadcrumb\",\"itemListElement\":[{\"@type\":\"ListItem\",\"position\":1,\"name\":\"Home\",\"item\":\"https:\/\/progettotouring.it\/radiotouring104\/\"},{\"@type\":\"ListItem\",\"position\":2,\"name\":\"Reggio: il Consigliere Merenda interviene sul danneggiamento dell&#8217;albero in via Enotria\"}]},{\"@type\":\"WebSite\",\"@id\":\"https:\/\/progettotouring.it\/radiotouring104\/#website\",\"url\":\"https:\/\/progettotouring.it\/radiotouring104\/\",\"name\":\"Radio Touring 104\",\"description\":\"La prima radio Reggina\",\"publisher\":{\"@id\":\"https:\/\/progettotouring.it\/radiotouring104\/#organization\"},\"potentialAction\":[{\"@type\":\"SearchAction\",\"target\":{\"@type\":\"EntryPoint\",\"urlTemplate\":\"https:\/\/progettotouring.it\/radiotouring104\/?s={search_term_string}\"},\"query-input\":{\"@type\":\"PropertyValueSpecification\",\"valueRequired\":true,\"valueName\":\"search_term_string\"}}],\"inLanguage\":\"it-IT\"},{\"@type\":\"Organization\",\"@id\":\"https:\/\/progettotouring.it\/radiotouring104\/#organization\",\"name\":\"Radio Touring 104\",\"url\":\"https:\/\/progettotouring.it\/radiotouring104\/\",\"logo\":{\"@type\":\"ImageObject\",\"inLanguage\":\"it-IT\",\"@id\":\"https:\/\/progettotouring.it\/radiotouring104\/#\/schema\/logo\/image\/\",\"url\":\"https:\/\/progettotouring.it\/radiotouring104\/wp-content\/uploads\/sites\/6\/2022\/02\/cropped-logo-radio-touring-104.png\",\"contentUrl\":\"https:\/\/progettotouring.it\/radiotouring104\/wp-content\/uploads\/sites\/6\/2022\/02\/cropped-logo-radio-touring-104.png\",\"width\":377,\"height\":182,\"caption\":\"Radio Touring 104\"},\"image\":{\"@id\":\"https:\/\/progettotouring.it\/radiotouring104\/#\/schema\/logo\/image\/\"}},{\"@type\":\"Person\",\"@id\":\"https:\/\/progettotouring.it\/radiotouring104\/#\/schema\/person\/78613917f1851f041f7483f5af1d422e\",\"name\":\"Sebastiano Plutino\",\"image\":{\"@type\":\"ImageObject\",\"inLanguage\":\"it-IT\",\"@id\":\"https:\/\/secure.gravatar.com\/avatar\/0546ffaa9b79224faf9f2a156b67a529ae861d3287c66c1d8ccfdf909bcba78d?s=96&d=mm&r=g\",\"url\":\"https:\/\/secure.gravatar.com\/avatar\/0546ffaa9b79224faf9f2a156b67a529ae861d3287c66c1d8ccfdf909bcba78d?s=96&d=mm&r=g\",\"contentUrl\":\"https:\/\/secure.gravatar.com\/avatar\/0546ffaa9b79224faf9f2a156b67a529ae861d3287c66c1d8ccfdf909bcba78d?s=96&d=mm&r=g\",\"caption\":\"Sebastiano Plutino\"},\"url\":\"https:\/\/progettotouring.it\/radiotouring104\/author\/sebastiano\/\"}]}<\/script>\n<!-- \/ Yoast SEO plugin. -->","yoast_head_json":{"title":"Merenda interviene sul danneggiamento dell'albero in via Enotria","description":"\u00abNessuna demonizzazione per il quartiere, ma l'invito a collaborare per il bene di tutta la comunit\u00e0\u00bb, commenta il Consigliere Merenda","robots":{"index":"index","follow":"follow","max-snippet":"max-snippet:-1","max-image-preview":"max-image-preview:large","max-video-preview":"max-video-preview:-1"},"canonical":"https:\/\/progettotouring.it\/radiotouring104\/2025\/04\/24\/reggio-il-consigliere-merenda-interviene-sul-danneggiamento-dellalbero-in-via-enotria\/","og_locale":"it_IT","og_type":"article","og_title":"Merenda interviene sul danneggiamento dell'albero in via Enotria","og_description":"\u00abNessuna demonizzazione per il quartiere, ma l'invito a collaborare per il bene di tutta la comunit\u00e0\u00bb, commenta il Consigliere Merenda","og_url":"https:\/\/progettotouring.it\/radiotouring104\/2025\/04\/24\/reggio-il-consigliere-merenda-interviene-sul-danneggiamento-dellalbero-in-via-enotria\/","og_site_name":"Radio Touring 104","article_published_time":"2025-04-24T09:07:05+00:00","article_modified_time":"2025-04-24T14:32:14+00:00","og_image":[{"width":1009,"height":954,"url":"https:\/\/progettotouring.it\/radiotouring104\/wp-content\/uploads\/sites\/6\/2023\/06\/massimiliano-merenda.jpeg","type":"image\/jpeg"}],"author":"Sebastiano Plutino","twitter_card":"summary_large_image","twitter_misc":{"Scritto da":"Sebastiano Plutino","Tempo di lettura stimato":"2 minuti"},"schema":{"@context":"https:\/\/schema.org","@graph":[{"@type":"Article","@id":"https:\/\/progettotouring.it\/radiotouring104\/2025\/04\/24\/reggio-il-consigliere-merenda-interviene-sul-danneggiamento-dellalbero-in-via-enotria\/#article","isPartOf":{"@id":"https:\/\/progettotouring.it\/radiotouring104\/2025\/04\/24\/reggio-il-consigliere-merenda-interviene-sul-danneggiamento-dellalbero-in-via-enotria\/"},"author":{"name":"Sebastiano Plutino","@id":"https:\/\/progettotouring.it\/radiotouring104\/#\/schema\/person\/78613917f1851f041f7483f5af1d422e"},"headline":"Reggio: il Consigliere Merenda interviene sul danneggiamento dell&#8217;albero in via Enotria","datePublished":"2025-04-24T09:07:05+00:00","dateModified":"2025-04-24T14:32:14+00:00","mainEntityOfPage":{"@id":"https:\/\/progettotouring.it\/radiotouring104\/2025\/04\/24\/reggio-il-consigliere-merenda-interviene-sul-danneggiamento-dellalbero-in-via-enotria\/"},"wordCount":332,"publisher":{"@id":"https:\/\/progettotouring.it\/radiotouring104\/#organization"},"image":{"@id":"https:\/\/progettotouring.it\/radiotouring104\/2025\/04\/24\/reggio-il-consigliere-merenda-interviene-sul-danneggiamento-dellalbero-in-via-enotria\/#primaryimage"},"thumbnailUrl":"https:\/\/progettotouring.it\/radiotouring104\/wp-content\/uploads\/sites\/6\/2023\/06\/massimiliano-merenda.jpeg","keywords":["Comitato di quartiere \u201cNoi per Santa Caterina\u201d.","danneggiamento albero","invito a collaborare per il bene di tutta la comunit","Massimiliano Merenda","Nessuna demonizzazione per il quartiere","via Enotria"],"articleSection":["Home","News","Reggio Calabria"],"inLanguage":"it-IT"},{"@type":"WebPage","@id":"https:\/\/progettotouring.it\/radiotouring104\/2025\/04\/24\/reggio-il-consigliere-merenda-interviene-sul-danneggiamento-dellalbero-in-via-enotria\/","url":"https:\/\/progettotouring.it\/radiotouring104\/2025\/04\/24\/reggio-il-consigliere-merenda-interviene-sul-danneggiamento-dellalbero-in-via-enotria\/","name":"Merenda interviene sul danneggiamento dell'albero in via Enotria","isPartOf":{"@id":"https:\/\/progettotouring.it\/radiotouring104\/#website"},"primaryImageOfPage":{"@id":"https:\/\/progettotouring.it\/radiotouring104\/2025\/04\/24\/reggio-il-consigliere-merenda-interviene-sul-danneggiamento-dellalbero-in-via-enotria\/#primaryimage"},"image":{"@id":"https:\/\/progettotouring.it\/radiotouring104\/2025\/04\/24\/reggio-il-consigliere-merenda-interviene-sul-danneggiamento-dellalbero-in-via-enotria\/#primaryimage"},"thumbnailUrl":"https:\/\/progettotouring.it\/radiotouring104\/wp-content\/uploads\/sites\/6\/2023\/06\/massimiliano-merenda.jpeg","datePublished":"2025-04-24T09:07:05+00:00","dateModified":"2025-04-24T14:32:14+00:00","description":"\u00abNessuna demonizzazione per il quartiere, ma l'invito a collaborare per il bene di tutta la comunit\u00e0\u00bb, commenta il Consigliere Merenda","breadcrumb":{"@id":"https:\/\/progettotouring.it\/radiotouring104\/2025\/04\/24\/reggio-il-consigliere-merenda-interviene-sul-danneggiamento-dellalbero-in-via-enotria\/#breadcrumb"},"inLanguage":"it-IT","potentialAction":[{"@type":"ReadAction","target":["https:\/\/progettotouring.it\/radiotouring104\/2025\/04\/24\/reggio-il-consigliere-merenda-interviene-sul-danneggiamento-dellalbero-in-via-enotria\/"]}]},{"@type":"ImageObject","inLanguage":"it-IT","@id":"https:\/\/progettotouring.it\/radiotouring104\/2025\/04\/24\/reggio-il-consigliere-merenda-interviene-sul-danneggiamento-dellalbero-in-via-enotria\/#primaryimage","url":"https:\/\/progettotouring.it\/radiotouring104\/wp-content\/uploads\/sites\/6\/2023\/06\/massimiliano-merenda.jpeg","contentUrl":"https:\/\/progettotouring.it\/radiotouring104\/wp-content\/uploads\/sites\/6\/2023\/06\/massimiliano-merenda.jpeg","width":1009,"height":954},{"@type":"BreadcrumbList","@id":"https:\/\/progettotouring.it\/radiotouring104\/2025\/04\/24\/reggio-il-consigliere-merenda-interviene-sul-danneggiamento-dellalbero-in-via-enotria\/#breadcrumb","itemListElement":[{"@type":"ListItem","position":1,"name":"Home","item":"https:\/\/progettotouring.it\/radiotouring104\/"},{"@type":"ListItem","position":2,"name":"Reggio: il Consigliere Merenda interviene sul danneggiamento dell&#8217;albero in via Enotria"}]},{"@type":"WebSite","@id":"https:\/\/progettotouring.it\/radiotouring104\/#website","url":"https:\/\/progettotouring.it\/radiotouring104\/","name":"Radio Touring 104","description":"La prima radio Reggina","publisher":{"@id":"https:\/\/progettotouring.it\/radiotouring104\/#organization"},"potentialAction":[{"@type":"SearchAction","target":{"@type":"EntryPoint","urlTemplate":"https:\/\/progettotouring.it\/radiotouring104\/?s={search_term_string}"},"query-input":{"@type":"PropertyValueSpecification","valueRequired":true,"valueName":"search_term_string"}}],"inLanguage":"it-IT"},{"@type":"Organization","@id":"https:\/\/progettotouring.it\/radiotouring104\/#organization","name":"Radio Touring 104","url":"https:\/\/progettotouring.it\/radiotouring104\/","logo":{"@type":"ImageObject","inLanguage":"it-IT","@id":"https:\/\/progettotouring.it\/radiotouring104\/#\/schema\/logo\/image\/","url":"https:\/\/progettotouring.it\/radiotouring104\/wp-content\/uploads\/sites\/6\/2022\/02\/cropped-logo-radio-touring-104.png","contentUrl":"https:\/\/progettotouring.it\/radiotouring104\/wp-content\/uploads\/sites\/6\/2022\/02\/cropped-logo-radio-touring-104.png","width":377,"height":182,"caption":"Radio Touring 104"},"image":{"@id":"https:\/\/progettotouring.it\/radiotouring104\/#\/schema\/logo\/image\/"}},{"@type":"Person","@id":"https:\/\/progettotouring.it\/radiotouring104\/#\/schema\/person\/78613917f1851f041f7483f5af1d422e","name":"Sebastiano Plutino","image":{"@type":"ImageObject","inLanguage":"it-IT","@id":"https:\/\/secure.gravatar.com\/avatar\/0546ffaa9b79224faf9f2a156b67a529ae861d3287c66c1d8ccfdf909bcba78d?s=96&d=mm&r=g","url":"https:\/\/secure.gravatar.com\/avatar\/0546ffaa9b79224faf9f2a156b67a529ae861d3287c66c1d8ccfdf909bcba78d?s=96&d=mm&r=g","contentUrl":"https:\/\/secure.gravatar.com\/avatar\/0546ffaa9b79224faf9f2a156b67a529ae861d3287c66c1d8ccfdf909bcba78d?s=96&d=mm&r=g","caption":"Sebastiano Plutino"},"url":"https:\/\/progettotouring.it\/radiotouring104\/author\/sebastiano\/"}]}},"jetpack_publicize_connections":[],"jetpack_featured_media_url":"https:\/\/progettotouring.it\/radiotouring104\/wp-content\/uploads\/sites\/6\/2023\/06\/massimiliano-merenda.jpeg","jetpack_sharing_enabled":true,"_links":{"self":[{"href":"https:\/\/progettotouring.it\/radiotouring104\/wp-json\/wp\/v2\/posts\/71966","targetHints":{"allow":["GET"]}}],"collection":[{"href":"https:\/\/progettotouring.it\/radiotouring104\/wp-json\/wp\/v2\/posts"}],"about":[{"href":"https:\/\/progettotouring.it\/radiotouring104\/wp-json\/wp\/v2\/types\/post"}],"author":[{"embeddable":true,"href":"https:\/\/progettotouring.it\/radiotouring104\/wp-json\/wp\/v2\/users\/12"}],"replies":[{"embeddable":true,"href":"https:\/\/progettotouring.it\/radiotouring104\/wp-json\/wp\/v2\/comments?post=71966"}],"version-history":[{"count":2,"href":"https:\/\/progettotouring.it\/radiotouring104\/wp-json\/wp\/v2\/posts\/71966\/revisions"}],"predecessor-version":[{"id":71988,"href":"https:\/\/progettotouring.it\/radiotouring104\/wp-json\/wp\/v2\/posts\/71966\/revisions\/71988"}],"wp:featuredmedia":[{"embeddable":true,"href":"https:\/\/progettotouring.it\/radiotouring104\/wp-json\/wp\/v2\/media\/29262"}],"wp:attachment":[{"href":"https:\/\/progettotouring.it\/radiotouring104\/wp-json\/wp\/v2\/media?parent=71966"}],"wp:term":[{"taxonomy":"category","embeddable":true,"href":"https:\/\/progettotouring.it\/radiotouring104\/wp-json\/wp\/v2\/categories?post=71966"},{"taxonomy":"post_tag","embeddable":true,"href":"https:\/\/progettotouring.it\/radiotouring104\/wp-json\/wp\/v2\/tags?post=71966"}],"curies":[{"name":"wp","href":"https:\/\/api.w.org\/{rel}","templated":true}]}}