{"id":71972,"date":"2025-04-24T12:16:24","date_gmt":"2025-04-24T10:16:24","guid":{"rendered":"https:\/\/progettotouring.it\/radiotouring104\/?p=71972"},"modified":"2025-04-24T16:32:28","modified_gmt":"2025-04-24T14:32:28","slug":"aba-e-autismo-una-battaglia-di-civilta-il-sindaco-falcomata-al-fianco-delle-famiglie","status":"publish","type":"post","link":"https:\/\/progettotouring.it\/radiotouring104\/2025\/04\/24\/aba-e-autismo-una-battaglia-di-civilta-il-sindaco-falcomata-al-fianco-delle-famiglie\/","title":{"rendered":"ABA e autismo: \u201cUna battaglia di civilt\u00e0\u201d. Il sindaco Falcomat\u00e0 al fianco delle famiglie"},"content":{"rendered":"<p class=\"\" style=\"text-align: justify\" data-start=\"555\" data-end=\"850\">\u00c8 un grido che non pu\u00f2 pi\u00f9 essere ignorato quello lanciato dall\u2019Associazione \u201cIl Volo delle Farfalle\u201d, che da tempo si batte per il riconoscimento e il sostegno alle terapie ABA (Analisi Comportamentale Applicata), fondamentali per bambini e adolescenti con <strong>disturbo dello spettro autistico<\/strong>.<\/p>\n<p class=\"\" style=\"text-align: justify\" data-start=\"852\" data-end=\"1160\">A raccoglierlo con forza \u00e8 il sindaco di Reggio Calabria, <strong>Giuseppe Falcomat\u00e0<\/strong>, che in una nota ufficiale ha dichiarato il pieno sostegno del Comune e della Citt\u00e0 Metropolitana alla causa delle famiglie coinvolte: \u201c\u00c8 una battaglia di civilt\u00e0, e queste famiglie hanno il nostro supporto incondizionato\u201d.<\/p>\n<p class=\"\" style=\"text-align: justify\" data-start=\"1218\" data-end=\"1482\">La questione nasce dalla<strong> mancata inclusione delle tariffe ABA nel nomenclatore delle prestazioni sanitarie<\/strong> da parte dell\u2019ASP di Reggio Calabria, in contrasto , secondo l\u2019Associazione , con quanto stabilito a livello nazionale dall\u2019Istituto Superiore di Sanit\u00e0.<\/p>\n<p class=\"\" style=\"text-align: justify\" data-start=\"1484\" data-end=\"1712\">Un\u2019assenza che comporta l\u2019<strong>esclusione delle terapie dai Livelli Essenziali di Assistenza (LEA)<\/strong>, privando cos\u00ec molti bambini della possibilit\u00e0 di accedere a cure riconosciute come fondamentali per lo sviluppo e l\u2019integrazione.<\/p>\n<p class=\"\" style=\"text-align: justify\" data-start=\"1714\" data-end=\"1961\">\u201cParliamo di famiglie gi\u00e0 provate da anni di sacrifici e difficolt\u00e0 economiche, ha sottolineato Falcomat\u00e0, che si ritrovano ora escluse da un percorso terapeutico fondamentale. Non possiamo permettere che queste persone vengano abbandonate\u201d.<\/p>\n<p class=\"\" style=\"text-align: justify\" data-start=\"2020\" data-end=\"2306\">La mobilitazione \u00e8 gi\u00e0 in atto: il prossimo 5 maggio \u00e8 previsto un <strong>sit-in davanti alla sede dell\u2019ASP reggina<\/strong>, mentre <strong>Angela Villani<\/strong>, rappresentante storica dell\u2019Associazione, ha annunciato addirittura uno sciopero della fame, esasperata da anni di battaglie inascoltate.<\/p>\n<p class=\"\" style=\"text-align: justify\" data-start=\"2308\" data-end=\"2617\">Il sindaco si unisce all\u2019appello affinch\u00e9<strong> le autorit\u00e0 sanitarie preposte intervengano con urgenza<\/strong>, evitando che la situazione degeneri ulteriormente: \u201cLa salute non \u00e8 solo numeri e ragioneria, ha ribadito, ma un diritto sancito dalla nostra Costituzione. Un diritto che riguarda tutti, senza eccezioni\u201d.<\/p>\n<p class=\"\" style=\"text-align: justify\" data-start=\"2677\" data-end=\"2974\">La terapia ABA \u00e8 da tempo considerata una <strong>metodologia d\u2019intervento efficace e scientificamente validata<\/strong> per affrontare le problematiche legate all\u2019autismo, puntando su<strong> tecniche di rinforzo positivo<\/strong>, <strong>apprendimento strutturato e<\/strong> <strong>personalizzato<\/strong>, e un lavoro costante con figure specializzate.<\/p>\n<p class=\"\" style=\"text-align: justify\" data-start=\"2976\" data-end=\"3179\">Negare l\u2019accesso a queste terapie significa compromettere il futuro di molti bambini e adolescenti, e con esso il diritto delle loro famiglie a sperare in un percorso di crescita, autonomia e inclusione. La voce delle famiglie, oggi pi\u00f9 che mai, ha bisogno di ascolto e risposte concrete. L\u2019auspicio \u00e8 che questa battaglia trovi finalmente la giusta attenzione da parte di chi ha il dovere istituzionale di garantire diritti, equit\u00e0 e umanit\u00e0.<\/p>\n","protected":false},"excerpt":{"rendered":"<p>\u00c8 un grido che non pu\u00f2 pi\u00f9 essere ignorato quello lanciato dall\u2019Associazione \u201cIl Volo delle Farfalle\u201d, che da tempo si batte per il riconoscimento e il sostegno alle terapie ABA&hellip;<\/p>\n","protected":false},"author":26,"featured_media":55085,"comment_status":"closed","ping_status":"open","sticky":false,"template":"","format":"standard","meta":{"_jetpack_memberships_contains_paid_content":false,"footnotes":"","jetpack_publicize_message":"","jetpack_publicize_feature_enabled":true,"jetpack_social_post_already_shared":true,"jetpack_social_options":{"image_generator_settings":{"template":"highway","default_image_id":0,"font":"","enabled":false},"version":2}},"categories":[921,196,140],"tags":[42864,4118,812,42866,31480,236,42867],"class_list":["post-71972","post","type-post","status-publish","format-standard","has-post-thumbnail","hentry","category-home","category-news","category-reggio-calabria","tag-aba","tag-autismo","tag-giuseppe-falcomata","tag-il-volo-delle-farfalle","tag-inclusione","tag-reggio-calabria","tag-terapie"],"yoast_head":"<!-- This site is optimized with the Yoast SEO plugin v27.2 - https:\/\/yoast.com\/product\/yoast-seo-wordpress\/ -->\n<title>ABA, Falcomat\u00e0 al fianco delle famiglie in una &quot;battaglia di civilt\u00e0&quot;<\/title>\n<meta name=\"description\" content=\"Falcomat\u00e0 risponde all\u2019appello dell\u2019Associazione \u201cIl Volo delle Farfalle\u201d su terapie ABA: \u201cIl diritto alla salute va difeso, sempre&quot;\" \/>\n<meta name=\"robots\" content=\"index, follow, max-snippet:-1, max-image-preview:large, max-video-preview:-1\" \/>\n<link rel=\"canonical\" href=\"https:\/\/progettotouring.it\/radiotouring104\/2025\/04\/24\/aba-e-autismo-una-battaglia-di-civilta-il-sindaco-falcomata-al-fianco-delle-famiglie\/\" \/>\n<meta property=\"og:locale\" content=\"it_IT\" \/>\n<meta property=\"og:type\" content=\"article\" \/>\n<meta property=\"og:title\" content=\"ABA, Falcomat\u00e0 al fianco delle famiglie in una &quot;battaglia di civilt\u00e0&quot;\" \/>\n<meta property=\"og:description\" content=\"Falcomat\u00e0 risponde all\u2019appello dell\u2019Associazione \u201cIl Volo delle Farfalle\u201d su terapie ABA: \u201cIl diritto alla salute va difeso, sempre&quot;\" \/>\n<meta property=\"og:url\" content=\"https:\/\/progettotouring.it\/radiotouring104\/2025\/04\/24\/aba-e-autismo-una-battaglia-di-civilta-il-sindaco-falcomata-al-fianco-delle-famiglie\/\" \/>\n<meta property=\"og:site_name\" content=\"Radio Touring 104\" \/>\n<meta property=\"article:published_time\" content=\"2025-04-24T10:16:24+00:00\" \/>\n<meta property=\"article:modified_time\" content=\"2025-04-24T14:32:28+00:00\" \/>\n<meta property=\"og:image\" content=\"https:\/\/progettotouring.it\/radiotouring104\/wp-content\/uploads\/sites\/6\/2024\/07\/Falcomata-4.jpeg\" \/>\n\t<meta property=\"og:image:width\" content=\"1600\" \/>\n\t<meta property=\"og:image:height\" content=\"900\" \/>\n\t<meta property=\"og:image:type\" content=\"image\/jpeg\" \/>\n<meta name=\"author\" content=\"Olga Guerrisi\" \/>\n<meta name=\"twitter:card\" content=\"summary_large_image\" \/>\n<meta name=\"twitter:label1\" content=\"Scritto da\" \/>\n\t<meta name=\"twitter:data1\" content=\"Olga Guerrisi\" \/>\n\t<meta name=\"twitter:label2\" content=\"Tempo di lettura stimato\" \/>\n\t<meta name=\"twitter:data2\" content=\"2 minuti\" \/>\n<script type=\"application\/ld+json\" class=\"yoast-schema-graph\">{\"@context\":\"https:\/\/schema.org\",\"@graph\":[{\"@type\":\"Article\",\"@id\":\"https:\/\/progettotouring.it\/radiotouring104\/2025\/04\/24\/aba-e-autismo-una-battaglia-di-civilta-il-sindaco-falcomata-al-fianco-delle-famiglie\/#article\",\"isPartOf\":{\"@id\":\"https:\/\/progettotouring.it\/radiotouring104\/2025\/04\/24\/aba-e-autismo-una-battaglia-di-civilta-il-sindaco-falcomata-al-fianco-delle-famiglie\/\"},\"author\":{\"name\":\"Olga Guerrisi\",\"@id\":\"https:\/\/progettotouring.it\/radiotouring104\/#\/schema\/person\/98479df0b7de019b3c06d6bb272a0adf\"},\"headline\":\"ABA e autismo: \u201cUna battaglia di civilt\u00e0\u201d. Il sindaco Falcomat\u00e0 al fianco delle famiglie\",\"datePublished\":\"2025-04-24T10:16:24+00:00\",\"dateModified\":\"2025-04-24T14:32:28+00:00\",\"mainEntityOfPage\":{\"@id\":\"https:\/\/progettotouring.it\/radiotouring104\/2025\/04\/24\/aba-e-autismo-una-battaglia-di-civilta-il-sindaco-falcomata-al-fianco-delle-famiglie\/\"},\"wordCount\":394,\"publisher\":{\"@id\":\"https:\/\/progettotouring.it\/radiotouring104\/#organization\"},\"image\":{\"@id\":\"https:\/\/progettotouring.it\/radiotouring104\/2025\/04\/24\/aba-e-autismo-una-battaglia-di-civilta-il-sindaco-falcomata-al-fianco-delle-famiglie\/#primaryimage\"},\"thumbnailUrl\":\"https:\/\/progettotouring.it\/radiotouring104\/wp-content\/uploads\/sites\/6\/2024\/07\/Falcomata-4.jpeg\",\"keywords\":[\"ABA\",\"autismo\",\"Giuseppe Falcomat\u00e0\",\"il volo delle farfalle\",\"inclusione\",\"reggio calabria\",\"terapie\"],\"articleSection\":[\"Home\",\"News\",\"Reggio Calabria\"],\"inLanguage\":\"it-IT\"},{\"@type\":\"WebPage\",\"@id\":\"https:\/\/progettotouring.it\/radiotouring104\/2025\/04\/24\/aba-e-autismo-una-battaglia-di-civilta-il-sindaco-falcomata-al-fianco-delle-famiglie\/\",\"url\":\"https:\/\/progettotouring.it\/radiotouring104\/2025\/04\/24\/aba-e-autismo-una-battaglia-di-civilta-il-sindaco-falcomata-al-fianco-delle-famiglie\/\",\"name\":\"ABA, Falcomat\u00e0 al fianco delle famiglie in una \\\"battaglia di civilt\u00e0\\\"\",\"isPartOf\":{\"@id\":\"https:\/\/progettotouring.it\/radiotouring104\/#website\"},\"primaryImageOfPage\":{\"@id\":\"https:\/\/progettotouring.it\/radiotouring104\/2025\/04\/24\/aba-e-autismo-una-battaglia-di-civilta-il-sindaco-falcomata-al-fianco-delle-famiglie\/#primaryimage\"},\"image\":{\"@id\":\"https:\/\/progettotouring.it\/radiotouring104\/2025\/04\/24\/aba-e-autismo-una-battaglia-di-civilta-il-sindaco-falcomata-al-fianco-delle-famiglie\/#primaryimage\"},\"thumbnailUrl\":\"https:\/\/progettotouring.it\/radiotouring104\/wp-content\/uploads\/sites\/6\/2024\/07\/Falcomata-4.jpeg\",\"datePublished\":\"2025-04-24T10:16:24+00:00\",\"dateModified\":\"2025-04-24T14:32:28+00:00\",\"description\":\"Falcomat\u00e0 risponde all\u2019appello dell\u2019Associazione \u201cIl Volo delle Farfalle\u201d su terapie ABA: \u201cIl diritto alla salute va difeso, sempre\\\"\",\"breadcrumb\":{\"@id\":\"https:\/\/progettotouring.it\/radiotouring104\/2025\/04\/24\/aba-e-autismo-una-battaglia-di-civilta-il-sindaco-falcomata-al-fianco-delle-famiglie\/#breadcrumb\"},\"inLanguage\":\"it-IT\",\"potentialAction\":[{\"@type\":\"ReadAction\",\"target\":[\"https:\/\/progettotouring.it\/radiotouring104\/2025\/04\/24\/aba-e-autismo-una-battaglia-di-civilta-il-sindaco-falcomata-al-fianco-delle-famiglie\/\"]}]},{\"@type\":\"ImageObject\",\"inLanguage\":\"it-IT\",\"@id\":\"https:\/\/progettotouring.it\/radiotouring104\/2025\/04\/24\/aba-e-autismo-una-battaglia-di-civilta-il-sindaco-falcomata-al-fianco-delle-famiglie\/#primaryimage\",\"url\":\"https:\/\/progettotouring.it\/radiotouring104\/wp-content\/uploads\/sites\/6\/2024\/07\/Falcomata-4.jpeg\",\"contentUrl\":\"https:\/\/progettotouring.it\/radiotouring104\/wp-content\/uploads\/sites\/6\/2024\/07\/Falcomata-4.jpeg\",\"width\":1600,\"height\":900},{\"@type\":\"BreadcrumbList\",\"@id\":\"https:\/\/progettotouring.it\/radiotouring104\/2025\/04\/24\/aba-e-autismo-una-battaglia-di-civilta-il-sindaco-falcomata-al-fianco-delle-famiglie\/#breadcrumb\",\"itemListElement\":[{\"@type\":\"ListItem\",\"position\":1,\"name\":\"Home\",\"item\":\"https:\/\/progettotouring.it\/radiotouring104\/\"},{\"@type\":\"ListItem\",\"position\":2,\"name\":\"ABA e autismo: \u201cUna battaglia di civilt\u00e0\u201d. Il sindaco Falcomat\u00e0 al fianco delle famiglie\"}]},{\"@type\":\"WebSite\",\"@id\":\"https:\/\/progettotouring.it\/radiotouring104\/#website\",\"url\":\"https:\/\/progettotouring.it\/radiotouring104\/\",\"name\":\"Radio Touring 104\",\"description\":\"La prima radio Reggina\",\"publisher\":{\"@id\":\"https:\/\/progettotouring.it\/radiotouring104\/#organization\"},\"potentialAction\":[{\"@type\":\"SearchAction\",\"target\":{\"@type\":\"EntryPoint\",\"urlTemplate\":\"https:\/\/progettotouring.it\/radiotouring104\/?s={search_term_string}\"},\"query-input\":{\"@type\":\"PropertyValueSpecification\",\"valueRequired\":true,\"valueName\":\"search_term_string\"}}],\"inLanguage\":\"it-IT\"},{\"@type\":\"Organization\",\"@id\":\"https:\/\/progettotouring.it\/radiotouring104\/#organization\",\"name\":\"Radio Touring 104\",\"url\":\"https:\/\/progettotouring.it\/radiotouring104\/\",\"logo\":{\"@type\":\"ImageObject\",\"inLanguage\":\"it-IT\",\"@id\":\"https:\/\/progettotouring.it\/radiotouring104\/#\/schema\/logo\/image\/\",\"url\":\"https:\/\/progettotouring.it\/radiotouring104\/wp-content\/uploads\/sites\/6\/2022\/02\/cropped-logo-radio-touring-104.png\",\"contentUrl\":\"https:\/\/progettotouring.it\/radiotouring104\/wp-content\/uploads\/sites\/6\/2022\/02\/cropped-logo-radio-touring-104.png\",\"width\":377,\"height\":182,\"caption\":\"Radio Touring 104\"},\"image\":{\"@id\":\"https:\/\/progettotouring.it\/radiotouring104\/#\/schema\/logo\/image\/\"}},{\"@type\":\"Person\",\"@id\":\"https:\/\/progettotouring.it\/radiotouring104\/#\/schema\/person\/98479df0b7de019b3c06d6bb272a0adf\",\"name\":\"Olga Guerrisi\",\"image\":{\"@type\":\"ImageObject\",\"inLanguage\":\"it-IT\",\"@id\":\"https:\/\/secure.gravatar.com\/avatar\/9dab62960e02b81ed05da6f998de9c9657a30b82d4c5993fbf913fc5693f793d?s=96&d=mm&r=g\",\"url\":\"https:\/\/secure.gravatar.com\/avatar\/9dab62960e02b81ed05da6f998de9c9657a30b82d4c5993fbf913fc5693f793d?s=96&d=mm&r=g\",\"contentUrl\":\"https:\/\/secure.gravatar.com\/avatar\/9dab62960e02b81ed05da6f998de9c9657a30b82d4c5993fbf913fc5693f793d?s=96&d=mm&r=g\",\"caption\":\"Olga Guerrisi\"},\"url\":\"https:\/\/progettotouring.it\/radiotouring104\/author\/olga\/\"}]}<\/script>\n<!-- \/ Yoast SEO plugin. -->","yoast_head_json":{"title":"ABA, Falcomat\u00e0 al fianco delle famiglie in una \"battaglia di civilt\u00e0\"","description":"Falcomat\u00e0 risponde all\u2019appello dell\u2019Associazione \u201cIl Volo delle Farfalle\u201d su terapie ABA: \u201cIl diritto alla salute va difeso, sempre\"","robots":{"index":"index","follow":"follow","max-snippet":"max-snippet:-1","max-image-preview":"max-image-preview:large","max-video-preview":"max-video-preview:-1"},"canonical":"https:\/\/progettotouring.it\/radiotouring104\/2025\/04\/24\/aba-e-autismo-una-battaglia-di-civilta-il-sindaco-falcomata-al-fianco-delle-famiglie\/","og_locale":"it_IT","og_type":"article","og_title":"ABA, Falcomat\u00e0 al fianco delle famiglie in una \"battaglia di civilt\u00e0\"","og_description":"Falcomat\u00e0 risponde all\u2019appello dell\u2019Associazione \u201cIl Volo delle Farfalle\u201d su terapie ABA: \u201cIl diritto alla salute va difeso, sempre\"","og_url":"https:\/\/progettotouring.it\/radiotouring104\/2025\/04\/24\/aba-e-autismo-una-battaglia-di-civilta-il-sindaco-falcomata-al-fianco-delle-famiglie\/","og_site_name":"Radio Touring 104","article_published_time":"2025-04-24T10:16:24+00:00","article_modified_time":"2025-04-24T14:32:28+00:00","og_image":[{"width":1600,"height":900,"url":"https:\/\/progettotouring.it\/radiotouring104\/wp-content\/uploads\/sites\/6\/2024\/07\/Falcomata-4.jpeg","type":"image\/jpeg"}],"author":"Olga Guerrisi","twitter_card":"summary_large_image","twitter_misc":{"Scritto da":"Olga Guerrisi","Tempo di lettura stimato":"2 minuti"},"schema":{"@context":"https:\/\/schema.org","@graph":[{"@type":"Article","@id":"https:\/\/progettotouring.it\/radiotouring104\/2025\/04\/24\/aba-e-autismo-una-battaglia-di-civilta-il-sindaco-falcomata-al-fianco-delle-famiglie\/#article","isPartOf":{"@id":"https:\/\/progettotouring.it\/radiotouring104\/2025\/04\/24\/aba-e-autismo-una-battaglia-di-civilta-il-sindaco-falcomata-al-fianco-delle-famiglie\/"},"author":{"name":"Olga Guerrisi","@id":"https:\/\/progettotouring.it\/radiotouring104\/#\/schema\/person\/98479df0b7de019b3c06d6bb272a0adf"},"headline":"ABA e autismo: \u201cUna battaglia di civilt\u00e0\u201d. Il sindaco Falcomat\u00e0 al fianco delle famiglie","datePublished":"2025-04-24T10:16:24+00:00","dateModified":"2025-04-24T14:32:28+00:00","mainEntityOfPage":{"@id":"https:\/\/progettotouring.it\/radiotouring104\/2025\/04\/24\/aba-e-autismo-una-battaglia-di-civilta-il-sindaco-falcomata-al-fianco-delle-famiglie\/"},"wordCount":394,"publisher":{"@id":"https:\/\/progettotouring.it\/radiotouring104\/#organization"},"image":{"@id":"https:\/\/progettotouring.it\/radiotouring104\/2025\/04\/24\/aba-e-autismo-una-battaglia-di-civilta-il-sindaco-falcomata-al-fianco-delle-famiglie\/#primaryimage"},"thumbnailUrl":"https:\/\/progettotouring.it\/radiotouring104\/wp-content\/uploads\/sites\/6\/2024\/07\/Falcomata-4.jpeg","keywords":["ABA","autismo","Giuseppe Falcomat\u00e0","il volo delle farfalle","inclusione","reggio calabria","terapie"],"articleSection":["Home","News","Reggio Calabria"],"inLanguage":"it-IT"},{"@type":"WebPage","@id":"https:\/\/progettotouring.it\/radiotouring104\/2025\/04\/24\/aba-e-autismo-una-battaglia-di-civilta-il-sindaco-falcomata-al-fianco-delle-famiglie\/","url":"https:\/\/progettotouring.it\/radiotouring104\/2025\/04\/24\/aba-e-autismo-una-battaglia-di-civilta-il-sindaco-falcomata-al-fianco-delle-famiglie\/","name":"ABA, Falcomat\u00e0 al fianco delle famiglie in una \"battaglia di civilt\u00e0\"","isPartOf":{"@id":"https:\/\/progettotouring.it\/radiotouring104\/#website"},"primaryImageOfPage":{"@id":"https:\/\/progettotouring.it\/radiotouring104\/2025\/04\/24\/aba-e-autismo-una-battaglia-di-civilta-il-sindaco-falcomata-al-fianco-delle-famiglie\/#primaryimage"},"image":{"@id":"https:\/\/progettotouring.it\/radiotouring104\/2025\/04\/24\/aba-e-autismo-una-battaglia-di-civilta-il-sindaco-falcomata-al-fianco-delle-famiglie\/#primaryimage"},"thumbnailUrl":"https:\/\/progettotouring.it\/radiotouring104\/wp-content\/uploads\/sites\/6\/2024\/07\/Falcomata-4.jpeg","datePublished":"2025-04-24T10:16:24+00:00","dateModified":"2025-04-24T14:32:28+00:00","description":"Falcomat\u00e0 risponde all\u2019appello dell\u2019Associazione \u201cIl Volo delle Farfalle\u201d su terapie ABA: \u201cIl diritto alla salute va difeso, sempre\"","breadcrumb":{"@id":"https:\/\/progettotouring.it\/radiotouring104\/2025\/04\/24\/aba-e-autismo-una-battaglia-di-civilta-il-sindaco-falcomata-al-fianco-delle-famiglie\/#breadcrumb"},"inLanguage":"it-IT","potentialAction":[{"@type":"ReadAction","target":["https:\/\/progettotouring.it\/radiotouring104\/2025\/04\/24\/aba-e-autismo-una-battaglia-di-civilta-il-sindaco-falcomata-al-fianco-delle-famiglie\/"]}]},{"@type":"ImageObject","inLanguage":"it-IT","@id":"https:\/\/progettotouring.it\/radiotouring104\/2025\/04\/24\/aba-e-autismo-una-battaglia-di-civilta-il-sindaco-falcomata-al-fianco-delle-famiglie\/#primaryimage","url":"https:\/\/progettotouring.it\/radiotouring104\/wp-content\/uploads\/sites\/6\/2024\/07\/Falcomata-4.jpeg","contentUrl":"https:\/\/progettotouring.it\/radiotouring104\/wp-content\/uploads\/sites\/6\/2024\/07\/Falcomata-4.jpeg","width":1600,"height":900},{"@type":"BreadcrumbList","@id":"https:\/\/progettotouring.it\/radiotouring104\/2025\/04\/24\/aba-e-autismo-una-battaglia-di-civilta-il-sindaco-falcomata-al-fianco-delle-famiglie\/#breadcrumb","itemListElement":[{"@type":"ListItem","position":1,"name":"Home","item":"https:\/\/progettotouring.it\/radiotouring104\/"},{"@type":"ListItem","position":2,"name":"ABA e autismo: \u201cUna battaglia di civilt\u00e0\u201d. Il sindaco Falcomat\u00e0 al fianco delle famiglie"}]},{"@type":"WebSite","@id":"https:\/\/progettotouring.it\/radiotouring104\/#website","url":"https:\/\/progettotouring.it\/radiotouring104\/","name":"Radio Touring 104","description":"La prima radio Reggina","publisher":{"@id":"https:\/\/progettotouring.it\/radiotouring104\/#organization"},"potentialAction":[{"@type":"SearchAction","target":{"@type":"EntryPoint","urlTemplate":"https:\/\/progettotouring.it\/radiotouring104\/?s={search_term_string}"},"query-input":{"@type":"PropertyValueSpecification","valueRequired":true,"valueName":"search_term_string"}}],"inLanguage":"it-IT"},{"@type":"Organization","@id":"https:\/\/progettotouring.it\/radiotouring104\/#organization","name":"Radio Touring 104","url":"https:\/\/progettotouring.it\/radiotouring104\/","logo":{"@type":"ImageObject","inLanguage":"it-IT","@id":"https:\/\/progettotouring.it\/radiotouring104\/#\/schema\/logo\/image\/","url":"https:\/\/progettotouring.it\/radiotouring104\/wp-content\/uploads\/sites\/6\/2022\/02\/cropped-logo-radio-touring-104.png","contentUrl":"https:\/\/progettotouring.it\/radiotouring104\/wp-content\/uploads\/sites\/6\/2022\/02\/cropped-logo-radio-touring-104.png","width":377,"height":182,"caption":"Radio Touring 104"},"image":{"@id":"https:\/\/progettotouring.it\/radiotouring104\/#\/schema\/logo\/image\/"}},{"@type":"Person","@id":"https:\/\/progettotouring.it\/radiotouring104\/#\/schema\/person\/98479df0b7de019b3c06d6bb272a0adf","name":"Olga Guerrisi","image":{"@type":"ImageObject","inLanguage":"it-IT","@id":"https:\/\/secure.gravatar.com\/avatar\/9dab62960e02b81ed05da6f998de9c9657a30b82d4c5993fbf913fc5693f793d?s=96&d=mm&r=g","url":"https:\/\/secure.gravatar.com\/avatar\/9dab62960e02b81ed05da6f998de9c9657a30b82d4c5993fbf913fc5693f793d?s=96&d=mm&r=g","contentUrl":"https:\/\/secure.gravatar.com\/avatar\/9dab62960e02b81ed05da6f998de9c9657a30b82d4c5993fbf913fc5693f793d?s=96&d=mm&r=g","caption":"Olga Guerrisi"},"url":"https:\/\/progettotouring.it\/radiotouring104\/author\/olga\/"}]}},"jetpack_publicize_connections":[],"jetpack_featured_media_url":"https:\/\/progettotouring.it\/radiotouring104\/wp-content\/uploads\/sites\/6\/2024\/07\/Falcomata-4.jpeg","jetpack_sharing_enabled":true,"_links":{"self":[{"href":"https:\/\/progettotouring.it\/radiotouring104\/wp-json\/wp\/v2\/posts\/71972","targetHints":{"allow":["GET"]}}],"collection":[{"href":"https:\/\/progettotouring.it\/radiotouring104\/wp-json\/wp\/v2\/posts"}],"about":[{"href":"https:\/\/progettotouring.it\/radiotouring104\/wp-json\/wp\/v2\/types\/post"}],"author":[{"embeddable":true,"href":"https:\/\/progettotouring.it\/radiotouring104\/wp-json\/wp\/v2\/users\/26"}],"replies":[{"embeddable":true,"href":"https:\/\/progettotouring.it\/radiotouring104\/wp-json\/wp\/v2\/comments?post=71972"}],"version-history":[{"count":5,"href":"https:\/\/progettotouring.it\/radiotouring104\/wp-json\/wp\/v2\/posts\/71972\/revisions"}],"predecessor-version":[{"id":71994,"href":"https:\/\/progettotouring.it\/radiotouring104\/wp-json\/wp\/v2\/posts\/71972\/revisions\/71994"}],"wp:featuredmedia":[{"embeddable":true,"href":"https:\/\/progettotouring.it\/radiotouring104\/wp-json\/wp\/v2\/media\/55085"}],"wp:attachment":[{"href":"https:\/\/progettotouring.it\/radiotouring104\/wp-json\/wp\/v2\/media?parent=71972"}],"wp:term":[{"taxonomy":"category","embeddable":true,"href":"https:\/\/progettotouring.it\/radiotouring104\/wp-json\/wp\/v2\/categories?post=71972"},{"taxonomy":"post_tag","embeddable":true,"href":"https:\/\/progettotouring.it\/radiotouring104\/wp-json\/wp\/v2\/tags?post=71972"}],"curies":[{"name":"wp","href":"https:\/\/api.w.org\/{rel}","templated":true}]}}