{"id":71983,"date":"2025-04-24T16:31:19","date_gmt":"2025-04-24T14:31:19","guid":{"rendered":"https:\/\/progettotouring.it\/radiotouring104\/?p=71983"},"modified":"2025-04-24T16:31:19","modified_gmt":"2025-04-24T14:31:19","slug":"mi-amo-troppo-per-stare-con-chiunque-reggio-calabria-ricorda-sara-campanella-con-un-bus-atam-dedicato","status":"publish","type":"post","link":"https:\/\/progettotouring.it\/radiotouring104\/2025\/04\/24\/mi-amo-troppo-per-stare-con-chiunque-reggio-calabria-ricorda-sara-campanella-con-un-bus-atam-dedicato\/","title":{"rendered":"\u201cMi amo troppo per stare con chiunque\u201d: Reggio Calabria ricorda Sara Campanella con un bus Atam dedicato"},"content":{"rendered":"<p class=\"\" style=\"text-align: justify;\" data-start=\"543\" data-end=\"952\">\u201c<strong data-start=\"544\" data-end=\"584\">Mi amo troppo per stare con chiunque<\/strong>\u201d. \u00c8 una frase che rimbomba come un grido potente, quella scritta sui social da <strong data-start=\"664\" data-end=\"683\">Sara Campanella<\/strong>, giovane messinese uccisa brutalmente per aver detto \u201cno\u201d a un suo coetaneo. A quasi un mese da quel tragico giorno, anche <strong data-start=\"807\" data-end=\"826\">Reggio Calabria<\/strong> ha deciso di ricordarla, facendo proprie le sue parole in una <strong data-start=\"889\" data-end=\"951\">campagna di sensibilizzazione contro la violenza di genere<\/strong>.<\/p>\n<p class=\"\" style=\"text-align: justify;\" data-start=\"954\" data-end=\"1278\">Un autobus dell\u2019<strong data-start=\"970\" data-end=\"978\">Atam<\/strong>, l\u2019azienda di trasporti cittadina, \u00e8 stato interamente dedicato a Sara. Sulle fiancate, c&#8217;\u00e8\u00a0 la frase che lei stessa aveva scelto per raccontarsi e per affermare il proprio diritto all\u2019autodeterminazione. Una frase che oggi diventa <strong data-start=\"1216\" data-end=\"1277\">simbolo di resistenza, amore per s\u00e9, libert\u00e0 di scegliere<\/strong>.<\/p>\n<p class=\"\" style=\"text-align: justify;\" data-start=\"1334\" data-end=\"1756\">&#8220;La storia di Sara \u00e8 la storia di tante ragazze uccise prima e dopo di lei, ha dichiarato il sindaco <strong data-start=\"1436\" data-end=\"1458\">Giuseppe Falcomat\u00e0, <\/strong>Non ci rassegniamo all\u2019idea che ci\u00f2 che \u00e8 avvenuto sia normale o, peggio, un semplice incidente di percorso. Le sue parole sono una bandiera di libert\u00e0 da sventolare ogni giorno. La violenza, fisica o psicologica, non deve prevalere. Mai. Care ragazze, non siete sole. Siamo dalla vostra parte&#8221;.<\/p>\n<p class=\"\" style=\"text-align: justify;\" data-start=\"1758\" data-end=\"2017\"><a href=\"https:\/\/progettotouring.it\/radiotouring104\/wp-content\/uploads\/sites\/6\/2025\/04\/WhatsApp-Image-2025-04-24-at-12.10.53-1.jpeg\" data-rel=\"penci-gallery-image-content\" ><img fetchpriority=\"high\" decoding=\"async\" class=\"size-medium wp-image-70123 aligncenter\" src=\"https:\/\/progettotouring.it\/radiotouring104\/wp-content\/uploads\/sites\/6\/2025\/04\/Femminicidio-Messina-Sara-Campanella-300x230.png\" alt=\"\" width=\"300\" height=\"230\" \/><\/a><\/p>\n<p class=\"\" style=\"text-align: justify;\" data-start=\"1758\" data-end=\"2017\">Il sindaco ha voluto sottolineare anche l\u2019importanza della <strong data-start=\"1825\" data-end=\"1870\">rete di supporto per chi subisce violenza<\/strong>, ricordando il numero antiviolenza 1522 e ribadendo l\u2019impegno istituzionale della citt\u00e0: \u201cLa nostra comunit\u00e0 non tace. Sara non sar\u00e0 dimenticata\u201d.<\/p>\n<p style=\"text-align: justify;\" data-start=\"1758\" data-end=\"2017\">L\u2019iniziativa \u00e8 nata in risposta all\u2019<strong data-start=\"2113\" data-end=\"2144\">appello della madre di Sara<\/strong>, e rappresenta un segno concreto di vicinanza e solidariet\u00e0. L\u2019assessora alle Pari Opportunit\u00e0 <strong data-start=\"2240\" data-end=\"2256\">Anna Briante<\/strong> ha evidenziato il valore simbolico dell\u2019iniziativa: &#8220;Abbiamo voluto dare eco alle parole di Sara, che racchiudono la volont\u00e0 di ogni donna di decidere con chi stare, in libert\u00e0. Con questa iniziativa abbracciamo idealmente la citt\u00e0 di Messina: un gesto che unisce le due sponde dello Stretto in un messaggio corale contro la violenza sulle donne&#8221;.<\/p>\n<p style=\"text-align: justify;\" data-start=\"1758\" data-end=\"2017\">Il progetto ha trovato immediato sostegno da parte dell\u2019<strong data-start=\"2709\" data-end=\"2717\">Atam<\/strong>, che ha esteso il messaggio anche ai monitor interni degli autobus e sui mezzi della <strong data-start=\"2803\" data-end=\"2820\">Liberty Lines<\/strong>, partner nella campagna. &#8220;Abbiamo risposto subito in modo positivo, ha detto <strong data-start=\"2899\" data-end=\"2918\">Giuseppe Basile<\/strong>, amministratore unico Atam, perch\u00e9 Atam non \u00e8 solo un\u2019azienda: \u00e8 parte della comunit\u00e0. E in mezzo alla comunit\u00e0 vuole restare, condividendo valori di responsabilit\u00e0 sociale e rispetto&#8221;.<\/p>\n<p class=\"\" style=\"text-align: justify;\" data-start=\"3164\" data-end=\"3365\">La scritta di Sara attraverser\u00e0 le strade di Reggio Calabria ogni giorno, toccando cuori, accendendo riflessioni e, si spera, contribuendo a costruire una cultura del rispetto e della consapevolezza.<\/p>\n<p class=\"\" style=\"text-align: justify;\" data-start=\"3367\" data-end=\"3470\">Perch\u00e9 amare s\u00e9 stesse, come ha fatto Sara, <strong data-start=\"3411\" data-end=\"3470\">non deve mai essere un rischio. Deve essere un diritto.<\/strong><\/p>\n","protected":false},"excerpt":{"rendered":"<p>\u201cMi amo troppo per stare con chiunque\u201d. \u00c8 una frase che rimbomba come un grido potente, quella scritta sui social da Sara Campanella, giovane messinese uccisa brutalmente per aver detto&hellip;<\/p>\n","protected":false},"author":26,"featured_media":71991,"comment_status":"closed","ping_status":"open","sticky":false,"template":"","format":"standard","meta":{"_jetpack_memberships_contains_paid_content":false,"footnotes":"","jetpack_publicize_message":"","jetpack_publicize_feature_enabled":true,"jetpack_social_post_already_shared":true,"jetpack_social_options":{"image_generator_settings":{"template":"highway","default_image_id":0,"font":"","enabled":false},"version":2}},"categories":[921,150,141,196,140],"tags":[1053,42033,20585,42869,41991,42868,5700],"class_list":["post-71983","post","type-post","status-publish","format-standard","has-post-thumbnail","hentry","category-home","category-in-primo-piano","category-messina","category-news","category-reggio-calabria","tag-atam","tag-femminicidio-sara-campanella","tag-liberty-lines","tag-mi-amo-troppo-per-stare-con-chiunque","tag-sara-campanella","tag-scritta","tag-sensibilizzazione"],"yoast_head":"<!-- This site is optimized with the Yoast SEO plugin v27.2 - https:\/\/yoast.com\/product\/yoast-seo-wordpress\/ -->\n<title>Atam: Reggio Calabria ricorda Sara Campanella<\/title>\n<meta name=\"description\" content=\"La citt\u00e0 di Reggio Calabria si unisce al ricordo di Sara Campanella, portando le sue parole sui bus della citt\u00e0\" \/>\n<meta name=\"robots\" content=\"index, follow, max-snippet:-1, max-image-preview:large, max-video-preview:-1\" \/>\n<link rel=\"canonical\" href=\"https:\/\/progettotouring.it\/radiotouring104\/2025\/04\/24\/mi-amo-troppo-per-stare-con-chiunque-reggio-calabria-ricorda-sara-campanella-con-un-bus-atam-dedicato\/\" \/>\n<meta property=\"og:locale\" content=\"it_IT\" \/>\n<meta property=\"og:type\" content=\"article\" \/>\n<meta property=\"og:title\" content=\"Atam: Reggio Calabria ricorda Sara Campanella\" \/>\n<meta property=\"og:description\" content=\"La citt\u00e0 di Reggio Calabria si unisce al ricordo di Sara Campanella, portando le sue parole sui bus della citt\u00e0\" \/>\n<meta property=\"og:url\" content=\"https:\/\/progettotouring.it\/radiotouring104\/2025\/04\/24\/mi-amo-troppo-per-stare-con-chiunque-reggio-calabria-ricorda-sara-campanella-con-un-bus-atam-dedicato\/\" \/>\n<meta property=\"og:site_name\" content=\"Radio Touring 104\" \/>\n<meta property=\"article:published_time\" content=\"2025-04-24T14:31:19+00:00\" \/>\n<meta property=\"og:image\" content=\"https:\/\/progettotouring.it\/radiotouring104\/wp-content\/uploads\/sites\/6\/2025\/04\/WhatsApp-Image-2025-04-24-at-12.10.53-1.jpeg\" \/>\n\t<meta property=\"og:image:width\" content=\"1509\" \/>\n\t<meta property=\"og:image:height\" content=\"900\" \/>\n\t<meta property=\"og:image:type\" content=\"image\/jpeg\" \/>\n<meta name=\"author\" content=\"Olga Guerrisi\" \/>\n<meta name=\"twitter:card\" content=\"summary_large_image\" \/>\n<meta name=\"twitter:label1\" content=\"Scritto da\" \/>\n\t<meta name=\"twitter:data1\" content=\"Olga Guerrisi\" \/>\n\t<meta name=\"twitter:label2\" content=\"Tempo di lettura stimato\" \/>\n\t<meta name=\"twitter:data2\" content=\"2 minuti\" \/>\n<script type=\"application\/ld+json\" class=\"yoast-schema-graph\">{\"@context\":\"https:\/\/schema.org\",\"@graph\":[{\"@type\":\"Article\",\"@id\":\"https:\/\/progettotouring.it\/radiotouring104\/2025\/04\/24\/mi-amo-troppo-per-stare-con-chiunque-reggio-calabria-ricorda-sara-campanella-con-un-bus-atam-dedicato\/#article\",\"isPartOf\":{\"@id\":\"https:\/\/progettotouring.it\/radiotouring104\/2025\/04\/24\/mi-amo-troppo-per-stare-con-chiunque-reggio-calabria-ricorda-sara-campanella-con-un-bus-atam-dedicato\/\"},\"author\":{\"name\":\"Olga Guerrisi\",\"@id\":\"https:\/\/progettotouring.it\/radiotouring104\/#\/schema\/person\/98479df0b7de019b3c06d6bb272a0adf\"},\"headline\":\"\u201cMi amo troppo per stare con chiunque\u201d: Reggio Calabria ricorda Sara Campanella con un bus Atam dedicato\",\"datePublished\":\"2025-04-24T14:31:19+00:00\",\"mainEntityOfPage\":{\"@id\":\"https:\/\/progettotouring.it\/radiotouring104\/2025\/04\/24\/mi-amo-troppo-per-stare-con-chiunque-reggio-calabria-ricorda-sara-campanella-con-un-bus-atam-dedicato\/\"},\"wordCount\":430,\"publisher\":{\"@id\":\"https:\/\/progettotouring.it\/radiotouring104\/#organization\"},\"image\":{\"@id\":\"https:\/\/progettotouring.it\/radiotouring104\/2025\/04\/24\/mi-amo-troppo-per-stare-con-chiunque-reggio-calabria-ricorda-sara-campanella-con-un-bus-atam-dedicato\/#primaryimage\"},\"thumbnailUrl\":\"https:\/\/progettotouring.it\/radiotouring104\/wp-content\/uploads\/sites\/6\/2025\/04\/WhatsApp-Image-2025-04-24-at-12.10.53-1.jpeg\",\"keywords\":[\"atam\",\"Femminicidio Sara Campanella\",\"liberty lines\",\"mi amo troppo per stare con chiunque\",\"Sara Campanella\",\"scritta\",\"sensibilizzazione\"],\"articleSection\":[\"Home\",\"In primo piano\",\"Messina\",\"News\",\"Reggio Calabria\"],\"inLanguage\":\"it-IT\"},{\"@type\":\"WebPage\",\"@id\":\"https:\/\/progettotouring.it\/radiotouring104\/2025\/04\/24\/mi-amo-troppo-per-stare-con-chiunque-reggio-calabria-ricorda-sara-campanella-con-un-bus-atam-dedicato\/\",\"url\":\"https:\/\/progettotouring.it\/radiotouring104\/2025\/04\/24\/mi-amo-troppo-per-stare-con-chiunque-reggio-calabria-ricorda-sara-campanella-con-un-bus-atam-dedicato\/\",\"name\":\"Atam: Reggio Calabria ricorda Sara Campanella\",\"isPartOf\":{\"@id\":\"https:\/\/progettotouring.it\/radiotouring104\/#website\"},\"primaryImageOfPage\":{\"@id\":\"https:\/\/progettotouring.it\/radiotouring104\/2025\/04\/24\/mi-amo-troppo-per-stare-con-chiunque-reggio-calabria-ricorda-sara-campanella-con-un-bus-atam-dedicato\/#primaryimage\"},\"image\":{\"@id\":\"https:\/\/progettotouring.it\/radiotouring104\/2025\/04\/24\/mi-amo-troppo-per-stare-con-chiunque-reggio-calabria-ricorda-sara-campanella-con-un-bus-atam-dedicato\/#primaryimage\"},\"thumbnailUrl\":\"https:\/\/progettotouring.it\/radiotouring104\/wp-content\/uploads\/sites\/6\/2025\/04\/WhatsApp-Image-2025-04-24-at-12.10.53-1.jpeg\",\"datePublished\":\"2025-04-24T14:31:19+00:00\",\"description\":\"La citt\u00e0 di Reggio Calabria si unisce al ricordo di Sara Campanella, portando le sue parole sui bus della citt\u00e0\",\"breadcrumb\":{\"@id\":\"https:\/\/progettotouring.it\/radiotouring104\/2025\/04\/24\/mi-amo-troppo-per-stare-con-chiunque-reggio-calabria-ricorda-sara-campanella-con-un-bus-atam-dedicato\/#breadcrumb\"},\"inLanguage\":\"it-IT\",\"potentialAction\":[{\"@type\":\"ReadAction\",\"target\":[\"https:\/\/progettotouring.it\/radiotouring104\/2025\/04\/24\/mi-amo-troppo-per-stare-con-chiunque-reggio-calabria-ricorda-sara-campanella-con-un-bus-atam-dedicato\/\"]}]},{\"@type\":\"ImageObject\",\"inLanguage\":\"it-IT\",\"@id\":\"https:\/\/progettotouring.it\/radiotouring104\/2025\/04\/24\/mi-amo-troppo-per-stare-con-chiunque-reggio-calabria-ricorda-sara-campanella-con-un-bus-atam-dedicato\/#primaryimage\",\"url\":\"https:\/\/progettotouring.it\/radiotouring104\/wp-content\/uploads\/sites\/6\/2025\/04\/WhatsApp-Image-2025-04-24-at-12.10.53-1.jpeg\",\"contentUrl\":\"https:\/\/progettotouring.it\/radiotouring104\/wp-content\/uploads\/sites\/6\/2025\/04\/WhatsApp-Image-2025-04-24-at-12.10.53-1.jpeg\",\"width\":1509,\"height\":900},{\"@type\":\"BreadcrumbList\",\"@id\":\"https:\/\/progettotouring.it\/radiotouring104\/2025\/04\/24\/mi-amo-troppo-per-stare-con-chiunque-reggio-calabria-ricorda-sara-campanella-con-un-bus-atam-dedicato\/#breadcrumb\",\"itemListElement\":[{\"@type\":\"ListItem\",\"position\":1,\"name\":\"Home\",\"item\":\"https:\/\/progettotouring.it\/radiotouring104\/\"},{\"@type\":\"ListItem\",\"position\":2,\"name\":\"\u201cMi amo troppo per stare con chiunque\u201d: Reggio Calabria ricorda Sara Campanella con un bus Atam dedicato\"}]},{\"@type\":\"WebSite\",\"@id\":\"https:\/\/progettotouring.it\/radiotouring104\/#website\",\"url\":\"https:\/\/progettotouring.it\/radiotouring104\/\",\"name\":\"Radio Touring 104\",\"description\":\"La prima radio Reggina\",\"publisher\":{\"@id\":\"https:\/\/progettotouring.it\/radiotouring104\/#organization\"},\"potentialAction\":[{\"@type\":\"SearchAction\",\"target\":{\"@type\":\"EntryPoint\",\"urlTemplate\":\"https:\/\/progettotouring.it\/radiotouring104\/?s={search_term_string}\"},\"query-input\":{\"@type\":\"PropertyValueSpecification\",\"valueRequired\":true,\"valueName\":\"search_term_string\"}}],\"inLanguage\":\"it-IT\"},{\"@type\":\"Organization\",\"@id\":\"https:\/\/progettotouring.it\/radiotouring104\/#organization\",\"name\":\"Radio Touring 104\",\"url\":\"https:\/\/progettotouring.it\/radiotouring104\/\",\"logo\":{\"@type\":\"ImageObject\",\"inLanguage\":\"it-IT\",\"@id\":\"https:\/\/progettotouring.it\/radiotouring104\/#\/schema\/logo\/image\/\",\"url\":\"https:\/\/progettotouring.it\/radiotouring104\/wp-content\/uploads\/sites\/6\/2022\/02\/cropped-logo-radio-touring-104.png\",\"contentUrl\":\"https:\/\/progettotouring.it\/radiotouring104\/wp-content\/uploads\/sites\/6\/2022\/02\/cropped-logo-radio-touring-104.png\",\"width\":377,\"height\":182,\"caption\":\"Radio Touring 104\"},\"image\":{\"@id\":\"https:\/\/progettotouring.it\/radiotouring104\/#\/schema\/logo\/image\/\"}},{\"@type\":\"Person\",\"@id\":\"https:\/\/progettotouring.it\/radiotouring104\/#\/schema\/person\/98479df0b7de019b3c06d6bb272a0adf\",\"name\":\"Olga Guerrisi\",\"image\":{\"@type\":\"ImageObject\",\"inLanguage\":\"it-IT\",\"@id\":\"https:\/\/secure.gravatar.com\/avatar\/9dab62960e02b81ed05da6f998de9c9657a30b82d4c5993fbf913fc5693f793d?s=96&d=mm&r=g\",\"url\":\"https:\/\/secure.gravatar.com\/avatar\/9dab62960e02b81ed05da6f998de9c9657a30b82d4c5993fbf913fc5693f793d?s=96&d=mm&r=g\",\"contentUrl\":\"https:\/\/secure.gravatar.com\/avatar\/9dab62960e02b81ed05da6f998de9c9657a30b82d4c5993fbf913fc5693f793d?s=96&d=mm&r=g\",\"caption\":\"Olga Guerrisi\"},\"url\":\"https:\/\/progettotouring.it\/radiotouring104\/author\/olga\/\"}]}<\/script>\n<!-- \/ Yoast SEO plugin. -->","yoast_head_json":{"title":"Atam: Reggio Calabria ricorda Sara Campanella","description":"La citt\u00e0 di Reggio Calabria si unisce al ricordo di Sara Campanella, portando le sue parole sui bus della citt\u00e0","robots":{"index":"index","follow":"follow","max-snippet":"max-snippet:-1","max-image-preview":"max-image-preview:large","max-video-preview":"max-video-preview:-1"},"canonical":"https:\/\/progettotouring.it\/radiotouring104\/2025\/04\/24\/mi-amo-troppo-per-stare-con-chiunque-reggio-calabria-ricorda-sara-campanella-con-un-bus-atam-dedicato\/","og_locale":"it_IT","og_type":"article","og_title":"Atam: Reggio Calabria ricorda Sara Campanella","og_description":"La citt\u00e0 di Reggio Calabria si unisce al ricordo di Sara Campanella, portando le sue parole sui bus della citt\u00e0","og_url":"https:\/\/progettotouring.it\/radiotouring104\/2025\/04\/24\/mi-amo-troppo-per-stare-con-chiunque-reggio-calabria-ricorda-sara-campanella-con-un-bus-atam-dedicato\/","og_site_name":"Radio Touring 104","article_published_time":"2025-04-24T14:31:19+00:00","og_image":[{"width":1509,"height":900,"url":"https:\/\/progettotouring.it\/radiotouring104\/wp-content\/uploads\/sites\/6\/2025\/04\/WhatsApp-Image-2025-04-24-at-12.10.53-1.jpeg","type":"image\/jpeg"}],"author":"Olga Guerrisi","twitter_card":"summary_large_image","twitter_misc":{"Scritto da":"Olga Guerrisi","Tempo di lettura stimato":"2 minuti"},"schema":{"@context":"https:\/\/schema.org","@graph":[{"@type":"Article","@id":"https:\/\/progettotouring.it\/radiotouring104\/2025\/04\/24\/mi-amo-troppo-per-stare-con-chiunque-reggio-calabria-ricorda-sara-campanella-con-un-bus-atam-dedicato\/#article","isPartOf":{"@id":"https:\/\/progettotouring.it\/radiotouring104\/2025\/04\/24\/mi-amo-troppo-per-stare-con-chiunque-reggio-calabria-ricorda-sara-campanella-con-un-bus-atam-dedicato\/"},"author":{"name":"Olga Guerrisi","@id":"https:\/\/progettotouring.it\/radiotouring104\/#\/schema\/person\/98479df0b7de019b3c06d6bb272a0adf"},"headline":"\u201cMi amo troppo per stare con chiunque\u201d: Reggio Calabria ricorda Sara Campanella con un bus Atam dedicato","datePublished":"2025-04-24T14:31:19+00:00","mainEntityOfPage":{"@id":"https:\/\/progettotouring.it\/radiotouring104\/2025\/04\/24\/mi-amo-troppo-per-stare-con-chiunque-reggio-calabria-ricorda-sara-campanella-con-un-bus-atam-dedicato\/"},"wordCount":430,"publisher":{"@id":"https:\/\/progettotouring.it\/radiotouring104\/#organization"},"image":{"@id":"https:\/\/progettotouring.it\/radiotouring104\/2025\/04\/24\/mi-amo-troppo-per-stare-con-chiunque-reggio-calabria-ricorda-sara-campanella-con-un-bus-atam-dedicato\/#primaryimage"},"thumbnailUrl":"https:\/\/progettotouring.it\/radiotouring104\/wp-content\/uploads\/sites\/6\/2025\/04\/WhatsApp-Image-2025-04-24-at-12.10.53-1.jpeg","keywords":["atam","Femminicidio Sara Campanella","liberty lines","mi amo troppo per stare con chiunque","Sara Campanella","scritta","sensibilizzazione"],"articleSection":["Home","In primo piano","Messina","News","Reggio Calabria"],"inLanguage":"it-IT"},{"@type":"WebPage","@id":"https:\/\/progettotouring.it\/radiotouring104\/2025\/04\/24\/mi-amo-troppo-per-stare-con-chiunque-reggio-calabria-ricorda-sara-campanella-con-un-bus-atam-dedicato\/","url":"https:\/\/progettotouring.it\/radiotouring104\/2025\/04\/24\/mi-amo-troppo-per-stare-con-chiunque-reggio-calabria-ricorda-sara-campanella-con-un-bus-atam-dedicato\/","name":"Atam: Reggio Calabria ricorda Sara Campanella","isPartOf":{"@id":"https:\/\/progettotouring.it\/radiotouring104\/#website"},"primaryImageOfPage":{"@id":"https:\/\/progettotouring.it\/radiotouring104\/2025\/04\/24\/mi-amo-troppo-per-stare-con-chiunque-reggio-calabria-ricorda-sara-campanella-con-un-bus-atam-dedicato\/#primaryimage"},"image":{"@id":"https:\/\/progettotouring.it\/radiotouring104\/2025\/04\/24\/mi-amo-troppo-per-stare-con-chiunque-reggio-calabria-ricorda-sara-campanella-con-un-bus-atam-dedicato\/#primaryimage"},"thumbnailUrl":"https:\/\/progettotouring.it\/radiotouring104\/wp-content\/uploads\/sites\/6\/2025\/04\/WhatsApp-Image-2025-04-24-at-12.10.53-1.jpeg","datePublished":"2025-04-24T14:31:19+00:00","description":"La citt\u00e0 di Reggio Calabria si unisce al ricordo di Sara Campanella, portando le sue parole sui bus della citt\u00e0","breadcrumb":{"@id":"https:\/\/progettotouring.it\/radiotouring104\/2025\/04\/24\/mi-amo-troppo-per-stare-con-chiunque-reggio-calabria-ricorda-sara-campanella-con-un-bus-atam-dedicato\/#breadcrumb"},"inLanguage":"it-IT","potentialAction":[{"@type":"ReadAction","target":["https:\/\/progettotouring.it\/radiotouring104\/2025\/04\/24\/mi-amo-troppo-per-stare-con-chiunque-reggio-calabria-ricorda-sara-campanella-con-un-bus-atam-dedicato\/"]}]},{"@type":"ImageObject","inLanguage":"it-IT","@id":"https:\/\/progettotouring.it\/radiotouring104\/2025\/04\/24\/mi-amo-troppo-per-stare-con-chiunque-reggio-calabria-ricorda-sara-campanella-con-un-bus-atam-dedicato\/#primaryimage","url":"https:\/\/progettotouring.it\/radiotouring104\/wp-content\/uploads\/sites\/6\/2025\/04\/WhatsApp-Image-2025-04-24-at-12.10.53-1.jpeg","contentUrl":"https:\/\/progettotouring.it\/radiotouring104\/wp-content\/uploads\/sites\/6\/2025\/04\/WhatsApp-Image-2025-04-24-at-12.10.53-1.jpeg","width":1509,"height":900},{"@type":"BreadcrumbList","@id":"https:\/\/progettotouring.it\/radiotouring104\/2025\/04\/24\/mi-amo-troppo-per-stare-con-chiunque-reggio-calabria-ricorda-sara-campanella-con-un-bus-atam-dedicato\/#breadcrumb","itemListElement":[{"@type":"ListItem","position":1,"name":"Home","item":"https:\/\/progettotouring.it\/radiotouring104\/"},{"@type":"ListItem","position":2,"name":"\u201cMi amo troppo per stare con chiunque\u201d: Reggio Calabria ricorda Sara Campanella con un bus Atam dedicato"}]},{"@type":"WebSite","@id":"https:\/\/progettotouring.it\/radiotouring104\/#website","url":"https:\/\/progettotouring.it\/radiotouring104\/","name":"Radio Touring 104","description":"La prima radio Reggina","publisher":{"@id":"https:\/\/progettotouring.it\/radiotouring104\/#organization"},"potentialAction":[{"@type":"SearchAction","target":{"@type":"EntryPoint","urlTemplate":"https:\/\/progettotouring.it\/radiotouring104\/?s={search_term_string}"},"query-input":{"@type":"PropertyValueSpecification","valueRequired":true,"valueName":"search_term_string"}}],"inLanguage":"it-IT"},{"@type":"Organization","@id":"https:\/\/progettotouring.it\/radiotouring104\/#organization","name":"Radio Touring 104","url":"https:\/\/progettotouring.it\/radiotouring104\/","logo":{"@type":"ImageObject","inLanguage":"it-IT","@id":"https:\/\/progettotouring.it\/radiotouring104\/#\/schema\/logo\/image\/","url":"https:\/\/progettotouring.it\/radiotouring104\/wp-content\/uploads\/sites\/6\/2022\/02\/cropped-logo-radio-touring-104.png","contentUrl":"https:\/\/progettotouring.it\/radiotouring104\/wp-content\/uploads\/sites\/6\/2022\/02\/cropped-logo-radio-touring-104.png","width":377,"height":182,"caption":"Radio Touring 104"},"image":{"@id":"https:\/\/progettotouring.it\/radiotouring104\/#\/schema\/logo\/image\/"}},{"@type":"Person","@id":"https:\/\/progettotouring.it\/radiotouring104\/#\/schema\/person\/98479df0b7de019b3c06d6bb272a0adf","name":"Olga Guerrisi","image":{"@type":"ImageObject","inLanguage":"it-IT","@id":"https:\/\/secure.gravatar.com\/avatar\/9dab62960e02b81ed05da6f998de9c9657a30b82d4c5993fbf913fc5693f793d?s=96&d=mm&r=g","url":"https:\/\/secure.gravatar.com\/avatar\/9dab62960e02b81ed05da6f998de9c9657a30b82d4c5993fbf913fc5693f793d?s=96&d=mm&r=g","contentUrl":"https:\/\/secure.gravatar.com\/avatar\/9dab62960e02b81ed05da6f998de9c9657a30b82d4c5993fbf913fc5693f793d?s=96&d=mm&r=g","caption":"Olga Guerrisi"},"url":"https:\/\/progettotouring.it\/radiotouring104\/author\/olga\/"}]}},"jetpack_publicize_connections":[],"jetpack_featured_media_url":"https:\/\/progettotouring.it\/radiotouring104\/wp-content\/uploads\/sites\/6\/2025\/04\/WhatsApp-Image-2025-04-24-at-12.10.53-1.jpeg","jetpack_sharing_enabled":true,"_links":{"self":[{"href":"https:\/\/progettotouring.it\/radiotouring104\/wp-json\/wp\/v2\/posts\/71983","targetHints":{"allow":["GET"]}}],"collection":[{"href":"https:\/\/progettotouring.it\/radiotouring104\/wp-json\/wp\/v2\/posts"}],"about":[{"href":"https:\/\/progettotouring.it\/radiotouring104\/wp-json\/wp\/v2\/types\/post"}],"author":[{"embeddable":true,"href":"https:\/\/progettotouring.it\/radiotouring104\/wp-json\/wp\/v2\/users\/26"}],"replies":[{"embeddable":true,"href":"https:\/\/progettotouring.it\/radiotouring104\/wp-json\/wp\/v2\/comments?post=71983"}],"version-history":[{"count":3,"href":"https:\/\/progettotouring.it\/radiotouring104\/wp-json\/wp\/v2\/posts\/71983\/revisions"}],"predecessor-version":[{"id":72003,"href":"https:\/\/progettotouring.it\/radiotouring104\/wp-json\/wp\/v2\/posts\/71983\/revisions\/72003"}],"wp:featuredmedia":[{"embeddable":true,"href":"https:\/\/progettotouring.it\/radiotouring104\/wp-json\/wp\/v2\/media\/71991"}],"wp:attachment":[{"href":"https:\/\/progettotouring.it\/radiotouring104\/wp-json\/wp\/v2\/media?parent=71983"}],"wp:term":[{"taxonomy":"category","embeddable":true,"href":"https:\/\/progettotouring.it\/radiotouring104\/wp-json\/wp\/v2\/categories?post=71983"},{"taxonomy":"post_tag","embeddable":true,"href":"https:\/\/progettotouring.it\/radiotouring104\/wp-json\/wp\/v2\/tags?post=71983"}],"curies":[{"name":"wp","href":"https:\/\/api.w.org\/{rel}","templated":true}]}}