{"id":72004,"date":"2025-04-24T18:51:07","date_gmt":"2025-04-24T16:51:07","guid":{"rendered":"https:\/\/progettotouring.it\/radiotouring104\/?p=72004"},"modified":"2025-04-24T18:51:07","modified_gmt":"2025-04-24T16:51:07","slug":"sabato-pomeriggio-con-plastic-free-per-riqualificare-la-foce-del-calopinace","status":"publish","type":"post","link":"https:\/\/progettotouring.it\/radiotouring104\/2025\/04\/24\/sabato-pomeriggio-con-plastic-free-per-riqualificare-la-foce-del-calopinace\/","title":{"rendered":"Sabato pomeriggio con Plastic Free per riqualificare la foce del Calopinace"},"content":{"rendered":"<p><img fetchpriority=\"high\" decoding=\"async\" class=\"alignnone size-medium wp-image-72008\" src=\"https:\/\/progettotouring.it\/radiotouring104\/wp-content\/uploads\/sites\/6\/2025\/04\/image0-240x300.png\" alt=\"\" width=\"240\" height=\"300\" srcset=\"https:\/\/progettotouring.it\/radiotouring104\/wp-content\/uploads\/sites\/6\/2025\/04\/image0-240x300.png 240w, https:\/\/progettotouring.it\/radiotouring104\/wp-content\/uploads\/sites\/6\/2025\/04\/image0-819x1024.png 819w, https:\/\/progettotouring.it\/radiotouring104\/wp-content\/uploads\/sites\/6\/2025\/04\/image0-768x960.png 768w, https:\/\/progettotouring.it\/radiotouring104\/wp-content\/uploads\/sites\/6\/2025\/04\/image0-585x731.png 585w, https:\/\/progettotouring.it\/radiotouring104\/wp-content\/uploads\/sites\/6\/2025\/04\/image0.png 1080w\" sizes=\"(max-width: 240px) 100vw, 240px\" \/><\/p>\n<p><em>\u201c\u00c8 tutto pronto per uno degli eventi pi\u00f9 importanti della nostra associazione\u201d<\/em>\u00a0dichiarano i referenti reggini di Plastic Free che, per il weekend dedicato alla Terra, si apprestano a unire le forze insieme a decine di volontari per riqualificare<strong> l\u2019area della foce del Calopinace.<\/strong><\/p>\n<p>L\u2019evento si terr\u00e0 <strong>sabato 26 aprile pomeriggio, dalle 15:30 alle 18:30<\/strong>, nella spiaggia adiacente alla foce, poco pi\u00f9 avanti dei parcheggi del nuovo parco urbano Tempietto.<\/p>\n<p>Insieme a Plastic Free anche l\u2019Universit\u00e0 Mediterranea di Reggio Calabria, con i Dipartimenti DIIES e DICEAM della Facolt\u00e0 di Ingegneria, le associazioni studentesche E.U.Re.Ca, CRAL e ESN, il Rotaract Reggio Calabria Sud Parallelo 38 e la Lega Navale Italiana (sez. Reggio Calabria)<\/p>\n<p><em>\u201cCome ogni anno, per questa data speciale, sentiamo forte il sostegno dei nostri concittadini e delle realt\u00e0 associative e imprenditoriali del nostro territorio. Il senso di appartenenza e lo spirito di collaborazione che dimostrano ci danno la carica giusta per impegnarci sempre di pi\u00f9 per il bene della nostra citt\u00e0 e ci danno ragione per credere che un futuro diverso \u00e8 veramente possibile\u201d<\/em>\u00a0affermano i referenti Ludovica Monteleone, Serena Pensabene, Alberto Fio e Federica Repaci.<\/p>\n<p>L\u2019evento di Reggio sar\u00e0 uno dei 200 appuntamenti che si svolgeranno in contemporanea in tutto il mondo nel weekend del 26 e 27 aprile, con l\u2019obiettivo di rimuovere 100.000 kg di rifiuti dall\u2019ambiente in soli due giorni.<\/p>\n<p>Un\u2019iniziativa che mira a sensibilizzare pi\u00f9 persone possibile sulla pericolosit\u00e0 dell\u2019inquinamento da plastica e degli abbandoni illeciti di rifiuti nell\u2019ambiente.<\/p>\n<p>Per partecipare all\u2019appuntamento del 26 aprile a Reggio Calabria \u00e8 necessario iscriversi cliccando \u201cPartecipa\u201d a questo link: https:\/\/www.plasticfreeonlus.it\/eventi\/11072\/26-apr-reggio-di-calabria<\/p>\n<p>Si consiglia di portare con s\u00e9 dei guanti da lavoro e una borraccia con l\u2019acqua. Tutto il resto dell\u2019occorrente sar\u00e0 fornito da Plastic Free e da Ecologia Oggi, che si ringrazia per la collaborazione.<\/p>\n<p>L\u2019evento \u00e8 autorizzato dal Comune di Reggio Calabria.<\/p>\n<p>&nbsp;<\/p>\n","protected":false},"excerpt":{"rendered":"<p>\u201c\u00c8 tutto pronto per uno degli eventi pi\u00f9 importanti della nostra associazione\u201d\u00a0dichiarano i referenti reggini di Plastic Free che, per il weekend dedicato alla Terra, si apprestano a unire le&hellip;<\/p>\n","protected":false},"author":19,"featured_media":72005,"comment_status":"closed","ping_status":"open","sticky":false,"template":"","format":"standard","meta":{"_jetpack_memberships_contains_paid_content":false,"footnotes":"","jetpack_publicize_message":"","jetpack_publicize_feature_enabled":true,"jetpack_social_post_already_shared":true,"jetpack_social_options":{"image_generator_settings":{"template":"highway","default_image_id":0,"font":"","enabled":false},"version":2}},"categories":[921,196,140],"tags":[],"class_list":["post-72004","post","type-post","status-publish","format-standard","has-post-thumbnail","hentry","category-home","category-news","category-reggio-calabria"],"yoast_head":"<!-- This site is optimized with the Yoast SEO plugin v27.2 - https:\/\/yoast.com\/product\/yoast-seo-wordpress\/ -->\n<title>Sabato pomeriggio con Plastic Free per riqualificare la foce del Calopinace - Radio Touring 104<\/title>\n<meta name=\"description\" content=\"L&#039;evento \u00e8 in programma dalla 15.30 alle 18.30 sulla spiaggia adiacente\" \/>\n<meta name=\"robots\" content=\"index, follow, max-snippet:-1, max-image-preview:large, max-video-preview:-1\" \/>\n<link rel=\"canonical\" href=\"https:\/\/progettotouring.it\/radiotouring104\/2025\/04\/24\/sabato-pomeriggio-con-plastic-free-per-riqualificare-la-foce-del-calopinace\/\" \/>\n<meta property=\"og:locale\" content=\"it_IT\" \/>\n<meta property=\"og:type\" content=\"article\" \/>\n<meta property=\"og:title\" content=\"Sabato pomeriggio con Plastic Free per riqualificare la foce del Calopinace - Radio Touring 104\" \/>\n<meta property=\"og:description\" content=\"L&#039;evento \u00e8 in programma dalla 15.30 alle 18.30 sulla spiaggia adiacente\" \/>\n<meta property=\"og:url\" content=\"https:\/\/progettotouring.it\/radiotouring104\/2025\/04\/24\/sabato-pomeriggio-con-plastic-free-per-riqualificare-la-foce-del-calopinace\/\" \/>\n<meta property=\"og:site_name\" content=\"Radio Touring 104\" \/>\n<meta property=\"article:published_time\" content=\"2025-04-24T16:51:07+00:00\" \/>\n<meta property=\"og:image\" content=\"https:\/\/progettotouring.it\/radiotouring104\/wp-content\/uploads\/sites\/6\/2025\/04\/plastic-free.jpg\" \/>\n\t<meta property=\"og:image:width\" content=\"1920\" \/>\n\t<meta property=\"og:image:height\" content=\"1080\" \/>\n\t<meta property=\"og:image:type\" content=\"image\/jpeg\" \/>\n<meta name=\"author\" content=\"S L\" \/>\n<meta name=\"twitter:card\" content=\"summary_large_image\" \/>\n<meta name=\"twitter:label1\" content=\"Scritto da\" \/>\n\t<meta name=\"twitter:data1\" content=\"S L\" \/>\n\t<meta name=\"twitter:label2\" content=\"Tempo di lettura stimato\" \/>\n\t<meta name=\"twitter:data2\" content=\"2 minuti\" \/>\n<script type=\"application\/ld+json\" class=\"yoast-schema-graph\">{\"@context\":\"https:\/\/schema.org\",\"@graph\":[{\"@type\":\"Article\",\"@id\":\"https:\/\/progettotouring.it\/radiotouring104\/2025\/04\/24\/sabato-pomeriggio-con-plastic-free-per-riqualificare-la-foce-del-calopinace\/#article\",\"isPartOf\":{\"@id\":\"https:\/\/progettotouring.it\/radiotouring104\/2025\/04\/24\/sabato-pomeriggio-con-plastic-free-per-riqualificare-la-foce-del-calopinace\/\"},\"author\":{\"name\":\"S L\",\"@id\":\"https:\/\/progettotouring.it\/radiotouring104\/#\/schema\/person\/b9f9c3730b0a78814c9b9f3bfc52c619\"},\"headline\":\"Sabato pomeriggio con Plastic Free per riqualificare la foce del Calopinace\",\"datePublished\":\"2025-04-24T16:51:07+00:00\",\"mainEntityOfPage\":{\"@id\":\"https:\/\/progettotouring.it\/radiotouring104\/2025\/04\/24\/sabato-pomeriggio-con-plastic-free-per-riqualificare-la-foce-del-calopinace\/\"},\"wordCount\":324,\"publisher\":{\"@id\":\"https:\/\/progettotouring.it\/radiotouring104\/#organization\"},\"image\":{\"@id\":\"https:\/\/progettotouring.it\/radiotouring104\/2025\/04\/24\/sabato-pomeriggio-con-plastic-free-per-riqualificare-la-foce-del-calopinace\/#primaryimage\"},\"thumbnailUrl\":\"https:\/\/progettotouring.it\/radiotouring104\/wp-content\/uploads\/sites\/6\/2025\/04\/plastic-free.jpg\",\"articleSection\":[\"Home\",\"News\",\"Reggio Calabria\"],\"inLanguage\":\"it-IT\"},{\"@type\":\"WebPage\",\"@id\":\"https:\/\/progettotouring.it\/radiotouring104\/2025\/04\/24\/sabato-pomeriggio-con-plastic-free-per-riqualificare-la-foce-del-calopinace\/\",\"url\":\"https:\/\/progettotouring.it\/radiotouring104\/2025\/04\/24\/sabato-pomeriggio-con-plastic-free-per-riqualificare-la-foce-del-calopinace\/\",\"name\":\"Sabato pomeriggio con Plastic Free per riqualificare la foce del Calopinace - Radio Touring 104\",\"isPartOf\":{\"@id\":\"https:\/\/progettotouring.it\/radiotouring104\/#website\"},\"primaryImageOfPage\":{\"@id\":\"https:\/\/progettotouring.it\/radiotouring104\/2025\/04\/24\/sabato-pomeriggio-con-plastic-free-per-riqualificare-la-foce-del-calopinace\/#primaryimage\"},\"image\":{\"@id\":\"https:\/\/progettotouring.it\/radiotouring104\/2025\/04\/24\/sabato-pomeriggio-con-plastic-free-per-riqualificare-la-foce-del-calopinace\/#primaryimage\"},\"thumbnailUrl\":\"https:\/\/progettotouring.it\/radiotouring104\/wp-content\/uploads\/sites\/6\/2025\/04\/plastic-free.jpg\",\"datePublished\":\"2025-04-24T16:51:07+00:00\",\"description\":\"L'evento \u00e8 in programma dalla 15.30 alle 18.30 sulla spiaggia adiacente\",\"breadcrumb\":{\"@id\":\"https:\/\/progettotouring.it\/radiotouring104\/2025\/04\/24\/sabato-pomeriggio-con-plastic-free-per-riqualificare-la-foce-del-calopinace\/#breadcrumb\"},\"inLanguage\":\"it-IT\",\"potentialAction\":[{\"@type\":\"ReadAction\",\"target\":[\"https:\/\/progettotouring.it\/radiotouring104\/2025\/04\/24\/sabato-pomeriggio-con-plastic-free-per-riqualificare-la-foce-del-calopinace\/\"]}]},{\"@type\":\"ImageObject\",\"inLanguage\":\"it-IT\",\"@id\":\"https:\/\/progettotouring.it\/radiotouring104\/2025\/04\/24\/sabato-pomeriggio-con-plastic-free-per-riqualificare-la-foce-del-calopinace\/#primaryimage\",\"url\":\"https:\/\/progettotouring.it\/radiotouring104\/wp-content\/uploads\/sites\/6\/2025\/04\/plastic-free.jpg\",\"contentUrl\":\"https:\/\/progettotouring.it\/radiotouring104\/wp-content\/uploads\/sites\/6\/2025\/04\/plastic-free.jpg\",\"width\":1920,\"height\":1080},{\"@type\":\"BreadcrumbList\",\"@id\":\"https:\/\/progettotouring.it\/radiotouring104\/2025\/04\/24\/sabato-pomeriggio-con-plastic-free-per-riqualificare-la-foce-del-calopinace\/#breadcrumb\",\"itemListElement\":[{\"@type\":\"ListItem\",\"position\":1,\"name\":\"Home\",\"item\":\"https:\/\/progettotouring.it\/radiotouring104\/\"},{\"@type\":\"ListItem\",\"position\":2,\"name\":\"Sabato pomeriggio con Plastic Free per riqualificare la foce del Calopinace\"}]},{\"@type\":\"WebSite\",\"@id\":\"https:\/\/progettotouring.it\/radiotouring104\/#website\",\"url\":\"https:\/\/progettotouring.it\/radiotouring104\/\",\"name\":\"Radio Touring 104\",\"description\":\"La prima radio Reggina\",\"publisher\":{\"@id\":\"https:\/\/progettotouring.it\/radiotouring104\/#organization\"},\"potentialAction\":[{\"@type\":\"SearchAction\",\"target\":{\"@type\":\"EntryPoint\",\"urlTemplate\":\"https:\/\/progettotouring.it\/radiotouring104\/?s={search_term_string}\"},\"query-input\":{\"@type\":\"PropertyValueSpecification\",\"valueRequired\":true,\"valueName\":\"search_term_string\"}}],\"inLanguage\":\"it-IT\"},{\"@type\":\"Organization\",\"@id\":\"https:\/\/progettotouring.it\/radiotouring104\/#organization\",\"name\":\"Radio Touring 104\",\"url\":\"https:\/\/progettotouring.it\/radiotouring104\/\",\"logo\":{\"@type\":\"ImageObject\",\"inLanguage\":\"it-IT\",\"@id\":\"https:\/\/progettotouring.it\/radiotouring104\/#\/schema\/logo\/image\/\",\"url\":\"https:\/\/progettotouring.it\/radiotouring104\/wp-content\/uploads\/sites\/6\/2022\/02\/cropped-logo-radio-touring-104.png\",\"contentUrl\":\"https:\/\/progettotouring.it\/radiotouring104\/wp-content\/uploads\/sites\/6\/2022\/02\/cropped-logo-radio-touring-104.png\",\"width\":377,\"height\":182,\"caption\":\"Radio Touring 104\"},\"image\":{\"@id\":\"https:\/\/progettotouring.it\/radiotouring104\/#\/schema\/logo\/image\/\"}},{\"@type\":\"Person\",\"@id\":\"https:\/\/progettotouring.it\/radiotouring104\/#\/schema\/person\/b9f9c3730b0a78814c9b9f3bfc52c619\",\"name\":\"S L\",\"image\":{\"@type\":\"ImageObject\",\"inLanguage\":\"it-IT\",\"@id\":\"https:\/\/secure.gravatar.com\/avatar\/652c51789d7030aaed9ff828331360502a68204fe6fb0831bc280515210e16d2?s=96&d=mm&r=g\",\"url\":\"https:\/\/secure.gravatar.com\/avatar\/652c51789d7030aaed9ff828331360502a68204fe6fb0831bc280515210e16d2?s=96&d=mm&r=g\",\"contentUrl\":\"https:\/\/secure.gravatar.com\/avatar\/652c51789d7030aaed9ff828331360502a68204fe6fb0831bc280515210e16d2?s=96&d=mm&r=g\",\"caption\":\"S L\"},\"url\":\"https:\/\/progettotouring.it\/radiotouring104\/author\/slibri\/\"}]}<\/script>\n<!-- \/ Yoast SEO plugin. -->","yoast_head_json":{"title":"Sabato pomeriggio con Plastic Free per riqualificare la foce del Calopinace - Radio Touring 104","description":"L'evento \u00e8 in programma dalla 15.30 alle 18.30 sulla spiaggia adiacente","robots":{"index":"index","follow":"follow","max-snippet":"max-snippet:-1","max-image-preview":"max-image-preview:large","max-video-preview":"max-video-preview:-1"},"canonical":"https:\/\/progettotouring.it\/radiotouring104\/2025\/04\/24\/sabato-pomeriggio-con-plastic-free-per-riqualificare-la-foce-del-calopinace\/","og_locale":"it_IT","og_type":"article","og_title":"Sabato pomeriggio con Plastic Free per riqualificare la foce del Calopinace - Radio Touring 104","og_description":"L'evento \u00e8 in programma dalla 15.30 alle 18.30 sulla spiaggia adiacente","og_url":"https:\/\/progettotouring.it\/radiotouring104\/2025\/04\/24\/sabato-pomeriggio-con-plastic-free-per-riqualificare-la-foce-del-calopinace\/","og_site_name":"Radio Touring 104","article_published_time":"2025-04-24T16:51:07+00:00","og_image":[{"width":1920,"height":1080,"url":"https:\/\/progettotouring.it\/radiotouring104\/wp-content\/uploads\/sites\/6\/2025\/04\/plastic-free.jpg","type":"image\/jpeg"}],"author":"S L","twitter_card":"summary_large_image","twitter_misc":{"Scritto da":"S L","Tempo di lettura stimato":"2 minuti"},"schema":{"@context":"https:\/\/schema.org","@graph":[{"@type":"Article","@id":"https:\/\/progettotouring.it\/radiotouring104\/2025\/04\/24\/sabato-pomeriggio-con-plastic-free-per-riqualificare-la-foce-del-calopinace\/#article","isPartOf":{"@id":"https:\/\/progettotouring.it\/radiotouring104\/2025\/04\/24\/sabato-pomeriggio-con-plastic-free-per-riqualificare-la-foce-del-calopinace\/"},"author":{"name":"S L","@id":"https:\/\/progettotouring.it\/radiotouring104\/#\/schema\/person\/b9f9c3730b0a78814c9b9f3bfc52c619"},"headline":"Sabato pomeriggio con Plastic Free per riqualificare la foce del Calopinace","datePublished":"2025-04-24T16:51:07+00:00","mainEntityOfPage":{"@id":"https:\/\/progettotouring.it\/radiotouring104\/2025\/04\/24\/sabato-pomeriggio-con-plastic-free-per-riqualificare-la-foce-del-calopinace\/"},"wordCount":324,"publisher":{"@id":"https:\/\/progettotouring.it\/radiotouring104\/#organization"},"image":{"@id":"https:\/\/progettotouring.it\/radiotouring104\/2025\/04\/24\/sabato-pomeriggio-con-plastic-free-per-riqualificare-la-foce-del-calopinace\/#primaryimage"},"thumbnailUrl":"https:\/\/progettotouring.it\/radiotouring104\/wp-content\/uploads\/sites\/6\/2025\/04\/plastic-free.jpg","articleSection":["Home","News","Reggio Calabria"],"inLanguage":"it-IT"},{"@type":"WebPage","@id":"https:\/\/progettotouring.it\/radiotouring104\/2025\/04\/24\/sabato-pomeriggio-con-plastic-free-per-riqualificare-la-foce-del-calopinace\/","url":"https:\/\/progettotouring.it\/radiotouring104\/2025\/04\/24\/sabato-pomeriggio-con-plastic-free-per-riqualificare-la-foce-del-calopinace\/","name":"Sabato pomeriggio con Plastic Free per riqualificare la foce del Calopinace - Radio Touring 104","isPartOf":{"@id":"https:\/\/progettotouring.it\/radiotouring104\/#website"},"primaryImageOfPage":{"@id":"https:\/\/progettotouring.it\/radiotouring104\/2025\/04\/24\/sabato-pomeriggio-con-plastic-free-per-riqualificare-la-foce-del-calopinace\/#primaryimage"},"image":{"@id":"https:\/\/progettotouring.it\/radiotouring104\/2025\/04\/24\/sabato-pomeriggio-con-plastic-free-per-riqualificare-la-foce-del-calopinace\/#primaryimage"},"thumbnailUrl":"https:\/\/progettotouring.it\/radiotouring104\/wp-content\/uploads\/sites\/6\/2025\/04\/plastic-free.jpg","datePublished":"2025-04-24T16:51:07+00:00","description":"L'evento \u00e8 in programma dalla 15.30 alle 18.30 sulla spiaggia adiacente","breadcrumb":{"@id":"https:\/\/progettotouring.it\/radiotouring104\/2025\/04\/24\/sabato-pomeriggio-con-plastic-free-per-riqualificare-la-foce-del-calopinace\/#breadcrumb"},"inLanguage":"it-IT","potentialAction":[{"@type":"ReadAction","target":["https:\/\/progettotouring.it\/radiotouring104\/2025\/04\/24\/sabato-pomeriggio-con-plastic-free-per-riqualificare-la-foce-del-calopinace\/"]}]},{"@type":"ImageObject","inLanguage":"it-IT","@id":"https:\/\/progettotouring.it\/radiotouring104\/2025\/04\/24\/sabato-pomeriggio-con-plastic-free-per-riqualificare-la-foce-del-calopinace\/#primaryimage","url":"https:\/\/progettotouring.it\/radiotouring104\/wp-content\/uploads\/sites\/6\/2025\/04\/plastic-free.jpg","contentUrl":"https:\/\/progettotouring.it\/radiotouring104\/wp-content\/uploads\/sites\/6\/2025\/04\/plastic-free.jpg","width":1920,"height":1080},{"@type":"BreadcrumbList","@id":"https:\/\/progettotouring.it\/radiotouring104\/2025\/04\/24\/sabato-pomeriggio-con-plastic-free-per-riqualificare-la-foce-del-calopinace\/#breadcrumb","itemListElement":[{"@type":"ListItem","position":1,"name":"Home","item":"https:\/\/progettotouring.it\/radiotouring104\/"},{"@type":"ListItem","position":2,"name":"Sabato pomeriggio con Plastic Free per riqualificare la foce del Calopinace"}]},{"@type":"WebSite","@id":"https:\/\/progettotouring.it\/radiotouring104\/#website","url":"https:\/\/progettotouring.it\/radiotouring104\/","name":"Radio Touring 104","description":"La prima radio Reggina","publisher":{"@id":"https:\/\/progettotouring.it\/radiotouring104\/#organization"},"potentialAction":[{"@type":"SearchAction","target":{"@type":"EntryPoint","urlTemplate":"https:\/\/progettotouring.it\/radiotouring104\/?s={search_term_string}"},"query-input":{"@type":"PropertyValueSpecification","valueRequired":true,"valueName":"search_term_string"}}],"inLanguage":"it-IT"},{"@type":"Organization","@id":"https:\/\/progettotouring.it\/radiotouring104\/#organization","name":"Radio Touring 104","url":"https:\/\/progettotouring.it\/radiotouring104\/","logo":{"@type":"ImageObject","inLanguage":"it-IT","@id":"https:\/\/progettotouring.it\/radiotouring104\/#\/schema\/logo\/image\/","url":"https:\/\/progettotouring.it\/radiotouring104\/wp-content\/uploads\/sites\/6\/2022\/02\/cropped-logo-radio-touring-104.png","contentUrl":"https:\/\/progettotouring.it\/radiotouring104\/wp-content\/uploads\/sites\/6\/2022\/02\/cropped-logo-radio-touring-104.png","width":377,"height":182,"caption":"Radio Touring 104"},"image":{"@id":"https:\/\/progettotouring.it\/radiotouring104\/#\/schema\/logo\/image\/"}},{"@type":"Person","@id":"https:\/\/progettotouring.it\/radiotouring104\/#\/schema\/person\/b9f9c3730b0a78814c9b9f3bfc52c619","name":"S L","image":{"@type":"ImageObject","inLanguage":"it-IT","@id":"https:\/\/secure.gravatar.com\/avatar\/652c51789d7030aaed9ff828331360502a68204fe6fb0831bc280515210e16d2?s=96&d=mm&r=g","url":"https:\/\/secure.gravatar.com\/avatar\/652c51789d7030aaed9ff828331360502a68204fe6fb0831bc280515210e16d2?s=96&d=mm&r=g","contentUrl":"https:\/\/secure.gravatar.com\/avatar\/652c51789d7030aaed9ff828331360502a68204fe6fb0831bc280515210e16d2?s=96&d=mm&r=g","caption":"S L"},"url":"https:\/\/progettotouring.it\/radiotouring104\/author\/slibri\/"}]}},"jetpack_publicize_connections":[],"jetpack_featured_media_url":"https:\/\/progettotouring.it\/radiotouring104\/wp-content\/uploads\/sites\/6\/2025\/04\/plastic-free.jpg","jetpack_sharing_enabled":true,"_links":{"self":[{"href":"https:\/\/progettotouring.it\/radiotouring104\/wp-json\/wp\/v2\/posts\/72004","targetHints":{"allow":["GET"]}}],"collection":[{"href":"https:\/\/progettotouring.it\/radiotouring104\/wp-json\/wp\/v2\/posts"}],"about":[{"href":"https:\/\/progettotouring.it\/radiotouring104\/wp-json\/wp\/v2\/types\/post"}],"author":[{"embeddable":true,"href":"https:\/\/progettotouring.it\/radiotouring104\/wp-json\/wp\/v2\/users\/19"}],"replies":[{"embeddable":true,"href":"https:\/\/progettotouring.it\/radiotouring104\/wp-json\/wp\/v2\/comments?post=72004"}],"version-history":[{"count":4,"href":"https:\/\/progettotouring.it\/radiotouring104\/wp-json\/wp\/v2\/posts\/72004\/revisions"}],"predecessor-version":[{"id":72010,"href":"https:\/\/progettotouring.it\/radiotouring104\/wp-json\/wp\/v2\/posts\/72004\/revisions\/72010"}],"wp:featuredmedia":[{"embeddable":true,"href":"https:\/\/progettotouring.it\/radiotouring104\/wp-json\/wp\/v2\/media\/72005"}],"wp:attachment":[{"href":"https:\/\/progettotouring.it\/radiotouring104\/wp-json\/wp\/v2\/media?parent=72004"}],"wp:term":[{"taxonomy":"category","embeddable":true,"href":"https:\/\/progettotouring.it\/radiotouring104\/wp-json\/wp\/v2\/categories?post=72004"},{"taxonomy":"post_tag","embeddable":true,"href":"https:\/\/progettotouring.it\/radiotouring104\/wp-json\/wp\/v2\/tags?post=72004"}],"curies":[{"name":"wp","href":"https:\/\/api.w.org\/{rel}","templated":true}]}}