{"id":72037,"date":"2025-04-24T20:46:10","date_gmt":"2025-04-24T18:46:10","guid":{"rendered":"https:\/\/progettotouring.it\/radiotouring104\/?p=72037"},"modified":"2025-04-24T20:46:10","modified_gmt":"2025-04-24T18:46:10","slug":"il-30-aprile-al-castello-aragonese-lo-spettacolo-ecuba-il-sogno","status":"publish","type":"post","link":"https:\/\/progettotouring.it\/radiotouring104\/2025\/04\/24\/il-30-aprile-al-castello-aragonese-lo-spettacolo-ecuba-il-sogno\/","title":{"rendered":"Il 30 aprile al Castello Aragonese lo spettacolo \u201cEcuba, il sogno\u201d"},"content":{"rendered":"<p><img fetchpriority=\"high\" decoding=\"async\" class=\"alignnone size-medium wp-image-72040\" src=\"https:\/\/progettotouring.it\/radiotouring104\/wp-content\/uploads\/sites\/6\/2025\/04\/s-b_ecuba-1-300x300.jpg\" alt=\"\" width=\"300\" height=\"300\" srcset=\"https:\/\/progettotouring.it\/radiotouring104\/wp-content\/uploads\/sites\/6\/2025\/04\/s-b_ecuba-1-300x300.jpg 300w, https:\/\/progettotouring.it\/radiotouring104\/wp-content\/uploads\/sites\/6\/2025\/04\/s-b_ecuba-1-1024x1024.jpg 1024w, https:\/\/progettotouring.it\/radiotouring104\/wp-content\/uploads\/sites\/6\/2025\/04\/s-b_ecuba-1-150x150.jpg 150w, https:\/\/progettotouring.it\/radiotouring104\/wp-content\/uploads\/sites\/6\/2025\/04\/s-b_ecuba-1-768x768.jpg 768w, https:\/\/progettotouring.it\/radiotouring104\/wp-content\/uploads\/sites\/6\/2025\/04\/s-b_ecuba-1-585x585.jpg 585w, https:\/\/progettotouring.it\/radiotouring104\/wp-content\/uploads\/sites\/6\/2025\/04\/s-b_ecuba-1.jpg 1080w\" sizes=\"(max-width: 300px) 100vw, 300px\" \/><\/p>\n<p>Mercoled\u00ec 30 aprile alle 19:30 appuntamento nella sala museale del Castello Aragonese di Reggio Calabria con lo spettacolo <em>\u201cEcuba, il sogno\u201d<\/em>, la nuova drammaturgia di Katia Colica portata in scena dall\u2019attrice Daniela d\u2019Agostino con la regia di Basilio Musolino.<\/p>\n<p>La giovane donna Ecuba per sopravvivere fa la badante. \u00c8 arrivata da Kiev in Italia dopo essere sopravvissuta a una guerra contemporanea. Fa i conti con i fantasmi della sua esistenza cercando, per quanto possibile, di sopravvivere pi\u00f9 a s\u00e9 stessa che a loro. Di l\u00e0 della stanza c\u2019\u00e8 una vecchia allettata, anche lei sola e sconfitta ma, stavolta, dalla guerra degli affetti perduti. I personaggi con cui Ecuba interagisce, Padre (spettro), Polidoro (spettro), Ulisse (spettro), cambiano forma, suono, luce; e intanto una radio \u2013 con la voce del suo speaker \u2013 detta il tempo di un\u2019alba che pare voler finire in fretta.<\/p>\n<p>Ecuba il sogno \u00e8 una storia di vita e di resistenza che s\u2019interseca con la quotidianit\u00e0 in un messaggio di forza e speranza. Una produzione Adexo, con le musiche originali di Antonio Aprile e la voce dello speaker di Pasquale Zumbo, che si inserisce nella programmazione del cartellone della Primavera Reggina.<\/p>\n<p>&nbsp;<\/p>\n<p>&nbsp;<\/p>\n<p>&nbsp;<\/p>\n","protected":false},"excerpt":{"rendered":"<p>Mercoled\u00ec 30 aprile alle 19:30 appuntamento nella sala museale del Castello Aragonese di Reggio Calabria con lo spettacolo \u201cEcuba, il sogno\u201d, la nuova drammaturgia di Katia Colica portata in scena&hellip;<\/p>\n","protected":false},"author":19,"featured_media":72038,"comment_status":"closed","ping_status":"open","sticky":false,"template":"","format":"standard","meta":{"_jetpack_memberships_contains_paid_content":false,"footnotes":"","jetpack_publicize_message":"","jetpack_publicize_feature_enabled":true,"jetpack_social_post_already_shared":true,"jetpack_social_options":{"image_generator_settings":{"template":"highway","default_image_id":0,"font":"","enabled":false},"version":2}},"categories":[145,921,196,140,147],"tags":[],"class_list":["post-72037","post","type-post","status-publish","format-standard","has-post-thumbnail","hentry","category-cultura","category-home","category-news","category-reggio-calabria","category-spettacoli"],"yoast_head":"<!-- This site is optimized with the Yoast SEO plugin v27.2 - https:\/\/yoast.com\/product\/yoast-seo-wordpress\/ -->\n<title>Il 30 aprile al Castello Aragonese lo spettacolo \u201cEcuba, il sogno\u201d - Radio Touring 104<\/title>\n<meta name=\"description\" content=\"L\u2019opera,\u00a0liberamente tratta dalla tragedia di Euripide, rivisita il personaggio mitologico trasportandolo in un\u2019epoca attuale\" \/>\n<meta name=\"robots\" content=\"index, follow, max-snippet:-1, max-image-preview:large, max-video-preview:-1\" \/>\n<link rel=\"canonical\" href=\"https:\/\/progettotouring.it\/radiotouring104\/2025\/04\/24\/il-30-aprile-al-castello-aragonese-lo-spettacolo-ecuba-il-sogno\/\" \/>\n<meta property=\"og:locale\" content=\"it_IT\" \/>\n<meta property=\"og:type\" content=\"article\" \/>\n<meta property=\"og:title\" content=\"Il 30 aprile al Castello Aragonese lo spettacolo \u201cEcuba, il sogno\u201d - Radio Touring 104\" \/>\n<meta property=\"og:description\" content=\"L\u2019opera,\u00a0liberamente tratta dalla tragedia di Euripide, rivisita il personaggio mitologico trasportandolo in un\u2019epoca attuale\" \/>\n<meta property=\"og:url\" content=\"https:\/\/progettotouring.it\/radiotouring104\/2025\/04\/24\/il-30-aprile-al-castello-aragonese-lo-spettacolo-ecuba-il-sogno\/\" \/>\n<meta property=\"og:site_name\" content=\"Radio Touring 104\" \/>\n<meta property=\"article:published_time\" content=\"2025-04-24T18:46:10+00:00\" \/>\n<meta property=\"og:image\" content=\"https:\/\/progettotouring.it\/radiotouring104\/wp-content\/uploads\/sites\/6\/2025\/04\/ecuba.jpg\" \/>\n\t<meta property=\"og:image:width\" content=\"1920\" \/>\n\t<meta property=\"og:image:height\" content=\"1080\" \/>\n\t<meta property=\"og:image:type\" content=\"image\/jpeg\" \/>\n<meta name=\"author\" content=\"S L\" \/>\n<meta name=\"twitter:card\" content=\"summary_large_image\" \/>\n<meta name=\"twitter:label1\" content=\"Scritto da\" \/>\n\t<meta name=\"twitter:data1\" content=\"S L\" \/>\n\t<meta name=\"twitter:label2\" content=\"Tempo di lettura stimato\" \/>\n\t<meta name=\"twitter:data2\" content=\"1 minuto\" \/>\n<script type=\"application\/ld+json\" class=\"yoast-schema-graph\">{\"@context\":\"https:\/\/schema.org\",\"@graph\":[{\"@type\":\"Article\",\"@id\":\"https:\/\/progettotouring.it\/radiotouring104\/2025\/04\/24\/il-30-aprile-al-castello-aragonese-lo-spettacolo-ecuba-il-sogno\/#article\",\"isPartOf\":{\"@id\":\"https:\/\/progettotouring.it\/radiotouring104\/2025\/04\/24\/il-30-aprile-al-castello-aragonese-lo-spettacolo-ecuba-il-sogno\/\"},\"author\":{\"name\":\"S L\",\"@id\":\"https:\/\/progettotouring.it\/radiotouring104\/#\/schema\/person\/b9f9c3730b0a78814c9b9f3bfc52c619\"},\"headline\":\"Il 30 aprile al Castello Aragonese lo spettacolo \u201cEcuba, il sogno\u201d\",\"datePublished\":\"2025-04-24T18:46:10+00:00\",\"mainEntityOfPage\":{\"@id\":\"https:\/\/progettotouring.it\/radiotouring104\/2025\/04\/24\/il-30-aprile-al-castello-aragonese-lo-spettacolo-ecuba-il-sogno\/\"},\"wordCount\":204,\"publisher\":{\"@id\":\"https:\/\/progettotouring.it\/radiotouring104\/#organization\"},\"image\":{\"@id\":\"https:\/\/progettotouring.it\/radiotouring104\/2025\/04\/24\/il-30-aprile-al-castello-aragonese-lo-spettacolo-ecuba-il-sogno\/#primaryimage\"},\"thumbnailUrl\":\"https:\/\/progettotouring.it\/radiotouring104\/wp-content\/uploads\/sites\/6\/2025\/04\/ecuba.jpg\",\"articleSection\":[\"Cultura\",\"Home\",\"News\",\"Reggio Calabria\",\"Spettacoli\"],\"inLanguage\":\"it-IT\"},{\"@type\":\"WebPage\",\"@id\":\"https:\/\/progettotouring.it\/radiotouring104\/2025\/04\/24\/il-30-aprile-al-castello-aragonese-lo-spettacolo-ecuba-il-sogno\/\",\"url\":\"https:\/\/progettotouring.it\/radiotouring104\/2025\/04\/24\/il-30-aprile-al-castello-aragonese-lo-spettacolo-ecuba-il-sogno\/\",\"name\":\"Il 30 aprile al Castello Aragonese lo spettacolo \u201cEcuba, il sogno\u201d - Radio Touring 104\",\"isPartOf\":{\"@id\":\"https:\/\/progettotouring.it\/radiotouring104\/#website\"},\"primaryImageOfPage\":{\"@id\":\"https:\/\/progettotouring.it\/radiotouring104\/2025\/04\/24\/il-30-aprile-al-castello-aragonese-lo-spettacolo-ecuba-il-sogno\/#primaryimage\"},\"image\":{\"@id\":\"https:\/\/progettotouring.it\/radiotouring104\/2025\/04\/24\/il-30-aprile-al-castello-aragonese-lo-spettacolo-ecuba-il-sogno\/#primaryimage\"},\"thumbnailUrl\":\"https:\/\/progettotouring.it\/radiotouring104\/wp-content\/uploads\/sites\/6\/2025\/04\/ecuba.jpg\",\"datePublished\":\"2025-04-24T18:46:10+00:00\",\"description\":\"L\u2019opera,\u00a0liberamente tratta dalla tragedia di Euripide, rivisita il personaggio mitologico trasportandolo in un\u2019epoca attuale\",\"breadcrumb\":{\"@id\":\"https:\/\/progettotouring.it\/radiotouring104\/2025\/04\/24\/il-30-aprile-al-castello-aragonese-lo-spettacolo-ecuba-il-sogno\/#breadcrumb\"},\"inLanguage\":\"it-IT\",\"potentialAction\":[{\"@type\":\"ReadAction\",\"target\":[\"https:\/\/progettotouring.it\/radiotouring104\/2025\/04\/24\/il-30-aprile-al-castello-aragonese-lo-spettacolo-ecuba-il-sogno\/\"]}]},{\"@type\":\"ImageObject\",\"inLanguage\":\"it-IT\",\"@id\":\"https:\/\/progettotouring.it\/radiotouring104\/2025\/04\/24\/il-30-aprile-al-castello-aragonese-lo-spettacolo-ecuba-il-sogno\/#primaryimage\",\"url\":\"https:\/\/progettotouring.it\/radiotouring104\/wp-content\/uploads\/sites\/6\/2025\/04\/ecuba.jpg\",\"contentUrl\":\"https:\/\/progettotouring.it\/radiotouring104\/wp-content\/uploads\/sites\/6\/2025\/04\/ecuba.jpg\",\"width\":1920,\"height\":1080},{\"@type\":\"BreadcrumbList\",\"@id\":\"https:\/\/progettotouring.it\/radiotouring104\/2025\/04\/24\/il-30-aprile-al-castello-aragonese-lo-spettacolo-ecuba-il-sogno\/#breadcrumb\",\"itemListElement\":[{\"@type\":\"ListItem\",\"position\":1,\"name\":\"Home\",\"item\":\"https:\/\/progettotouring.it\/radiotouring104\/\"},{\"@type\":\"ListItem\",\"position\":2,\"name\":\"Il 30 aprile al Castello Aragonese lo spettacolo \u201cEcuba, il sogno\u201d\"}]},{\"@type\":\"WebSite\",\"@id\":\"https:\/\/progettotouring.it\/radiotouring104\/#website\",\"url\":\"https:\/\/progettotouring.it\/radiotouring104\/\",\"name\":\"Radio Touring 104\",\"description\":\"La prima radio Reggina\",\"publisher\":{\"@id\":\"https:\/\/progettotouring.it\/radiotouring104\/#organization\"},\"potentialAction\":[{\"@type\":\"SearchAction\",\"target\":{\"@type\":\"EntryPoint\",\"urlTemplate\":\"https:\/\/progettotouring.it\/radiotouring104\/?s={search_term_string}\"},\"query-input\":{\"@type\":\"PropertyValueSpecification\",\"valueRequired\":true,\"valueName\":\"search_term_string\"}}],\"inLanguage\":\"it-IT\"},{\"@type\":\"Organization\",\"@id\":\"https:\/\/progettotouring.it\/radiotouring104\/#organization\",\"name\":\"Radio Touring 104\",\"url\":\"https:\/\/progettotouring.it\/radiotouring104\/\",\"logo\":{\"@type\":\"ImageObject\",\"inLanguage\":\"it-IT\",\"@id\":\"https:\/\/progettotouring.it\/radiotouring104\/#\/schema\/logo\/image\/\",\"url\":\"https:\/\/progettotouring.it\/radiotouring104\/wp-content\/uploads\/sites\/6\/2022\/02\/cropped-logo-radio-touring-104.png\",\"contentUrl\":\"https:\/\/progettotouring.it\/radiotouring104\/wp-content\/uploads\/sites\/6\/2022\/02\/cropped-logo-radio-touring-104.png\",\"width\":377,\"height\":182,\"caption\":\"Radio Touring 104\"},\"image\":{\"@id\":\"https:\/\/progettotouring.it\/radiotouring104\/#\/schema\/logo\/image\/\"}},{\"@type\":\"Person\",\"@id\":\"https:\/\/progettotouring.it\/radiotouring104\/#\/schema\/person\/b9f9c3730b0a78814c9b9f3bfc52c619\",\"name\":\"S L\",\"image\":{\"@type\":\"ImageObject\",\"inLanguage\":\"it-IT\",\"@id\":\"https:\/\/secure.gravatar.com\/avatar\/652c51789d7030aaed9ff828331360502a68204fe6fb0831bc280515210e16d2?s=96&d=mm&r=g\",\"url\":\"https:\/\/secure.gravatar.com\/avatar\/652c51789d7030aaed9ff828331360502a68204fe6fb0831bc280515210e16d2?s=96&d=mm&r=g\",\"contentUrl\":\"https:\/\/secure.gravatar.com\/avatar\/652c51789d7030aaed9ff828331360502a68204fe6fb0831bc280515210e16d2?s=96&d=mm&r=g\",\"caption\":\"S L\"},\"url\":\"https:\/\/progettotouring.it\/radiotouring104\/author\/slibri\/\"}]}<\/script>\n<!-- \/ Yoast SEO plugin. -->","yoast_head_json":{"title":"Il 30 aprile al Castello Aragonese lo spettacolo \u201cEcuba, il sogno\u201d - Radio Touring 104","description":"L\u2019opera,\u00a0liberamente tratta dalla tragedia di Euripide, rivisita il personaggio mitologico trasportandolo in un\u2019epoca attuale","robots":{"index":"index","follow":"follow","max-snippet":"max-snippet:-1","max-image-preview":"max-image-preview:large","max-video-preview":"max-video-preview:-1"},"canonical":"https:\/\/progettotouring.it\/radiotouring104\/2025\/04\/24\/il-30-aprile-al-castello-aragonese-lo-spettacolo-ecuba-il-sogno\/","og_locale":"it_IT","og_type":"article","og_title":"Il 30 aprile al Castello Aragonese lo spettacolo \u201cEcuba, il sogno\u201d - Radio Touring 104","og_description":"L\u2019opera,\u00a0liberamente tratta dalla tragedia di Euripide, rivisita il personaggio mitologico trasportandolo in un\u2019epoca attuale","og_url":"https:\/\/progettotouring.it\/radiotouring104\/2025\/04\/24\/il-30-aprile-al-castello-aragonese-lo-spettacolo-ecuba-il-sogno\/","og_site_name":"Radio Touring 104","article_published_time":"2025-04-24T18:46:10+00:00","og_image":[{"width":1920,"height":1080,"url":"https:\/\/progettotouring.it\/radiotouring104\/wp-content\/uploads\/sites\/6\/2025\/04\/ecuba.jpg","type":"image\/jpeg"}],"author":"S L","twitter_card":"summary_large_image","twitter_misc":{"Scritto da":"S L","Tempo di lettura stimato":"1 minuto"},"schema":{"@context":"https:\/\/schema.org","@graph":[{"@type":"Article","@id":"https:\/\/progettotouring.it\/radiotouring104\/2025\/04\/24\/il-30-aprile-al-castello-aragonese-lo-spettacolo-ecuba-il-sogno\/#article","isPartOf":{"@id":"https:\/\/progettotouring.it\/radiotouring104\/2025\/04\/24\/il-30-aprile-al-castello-aragonese-lo-spettacolo-ecuba-il-sogno\/"},"author":{"name":"S L","@id":"https:\/\/progettotouring.it\/radiotouring104\/#\/schema\/person\/b9f9c3730b0a78814c9b9f3bfc52c619"},"headline":"Il 30 aprile al Castello Aragonese lo spettacolo \u201cEcuba, il sogno\u201d","datePublished":"2025-04-24T18:46:10+00:00","mainEntityOfPage":{"@id":"https:\/\/progettotouring.it\/radiotouring104\/2025\/04\/24\/il-30-aprile-al-castello-aragonese-lo-spettacolo-ecuba-il-sogno\/"},"wordCount":204,"publisher":{"@id":"https:\/\/progettotouring.it\/radiotouring104\/#organization"},"image":{"@id":"https:\/\/progettotouring.it\/radiotouring104\/2025\/04\/24\/il-30-aprile-al-castello-aragonese-lo-spettacolo-ecuba-il-sogno\/#primaryimage"},"thumbnailUrl":"https:\/\/progettotouring.it\/radiotouring104\/wp-content\/uploads\/sites\/6\/2025\/04\/ecuba.jpg","articleSection":["Cultura","Home","News","Reggio Calabria","Spettacoli"],"inLanguage":"it-IT"},{"@type":"WebPage","@id":"https:\/\/progettotouring.it\/radiotouring104\/2025\/04\/24\/il-30-aprile-al-castello-aragonese-lo-spettacolo-ecuba-il-sogno\/","url":"https:\/\/progettotouring.it\/radiotouring104\/2025\/04\/24\/il-30-aprile-al-castello-aragonese-lo-spettacolo-ecuba-il-sogno\/","name":"Il 30 aprile al Castello Aragonese lo spettacolo \u201cEcuba, il sogno\u201d - Radio Touring 104","isPartOf":{"@id":"https:\/\/progettotouring.it\/radiotouring104\/#website"},"primaryImageOfPage":{"@id":"https:\/\/progettotouring.it\/radiotouring104\/2025\/04\/24\/il-30-aprile-al-castello-aragonese-lo-spettacolo-ecuba-il-sogno\/#primaryimage"},"image":{"@id":"https:\/\/progettotouring.it\/radiotouring104\/2025\/04\/24\/il-30-aprile-al-castello-aragonese-lo-spettacolo-ecuba-il-sogno\/#primaryimage"},"thumbnailUrl":"https:\/\/progettotouring.it\/radiotouring104\/wp-content\/uploads\/sites\/6\/2025\/04\/ecuba.jpg","datePublished":"2025-04-24T18:46:10+00:00","description":"L\u2019opera,\u00a0liberamente tratta dalla tragedia di Euripide, rivisita il personaggio mitologico trasportandolo in un\u2019epoca attuale","breadcrumb":{"@id":"https:\/\/progettotouring.it\/radiotouring104\/2025\/04\/24\/il-30-aprile-al-castello-aragonese-lo-spettacolo-ecuba-il-sogno\/#breadcrumb"},"inLanguage":"it-IT","potentialAction":[{"@type":"ReadAction","target":["https:\/\/progettotouring.it\/radiotouring104\/2025\/04\/24\/il-30-aprile-al-castello-aragonese-lo-spettacolo-ecuba-il-sogno\/"]}]},{"@type":"ImageObject","inLanguage":"it-IT","@id":"https:\/\/progettotouring.it\/radiotouring104\/2025\/04\/24\/il-30-aprile-al-castello-aragonese-lo-spettacolo-ecuba-il-sogno\/#primaryimage","url":"https:\/\/progettotouring.it\/radiotouring104\/wp-content\/uploads\/sites\/6\/2025\/04\/ecuba.jpg","contentUrl":"https:\/\/progettotouring.it\/radiotouring104\/wp-content\/uploads\/sites\/6\/2025\/04\/ecuba.jpg","width":1920,"height":1080},{"@type":"BreadcrumbList","@id":"https:\/\/progettotouring.it\/radiotouring104\/2025\/04\/24\/il-30-aprile-al-castello-aragonese-lo-spettacolo-ecuba-il-sogno\/#breadcrumb","itemListElement":[{"@type":"ListItem","position":1,"name":"Home","item":"https:\/\/progettotouring.it\/radiotouring104\/"},{"@type":"ListItem","position":2,"name":"Il 30 aprile al Castello Aragonese lo spettacolo \u201cEcuba, il sogno\u201d"}]},{"@type":"WebSite","@id":"https:\/\/progettotouring.it\/radiotouring104\/#website","url":"https:\/\/progettotouring.it\/radiotouring104\/","name":"Radio Touring 104","description":"La prima radio Reggina","publisher":{"@id":"https:\/\/progettotouring.it\/radiotouring104\/#organization"},"potentialAction":[{"@type":"SearchAction","target":{"@type":"EntryPoint","urlTemplate":"https:\/\/progettotouring.it\/radiotouring104\/?s={search_term_string}"},"query-input":{"@type":"PropertyValueSpecification","valueRequired":true,"valueName":"search_term_string"}}],"inLanguage":"it-IT"},{"@type":"Organization","@id":"https:\/\/progettotouring.it\/radiotouring104\/#organization","name":"Radio Touring 104","url":"https:\/\/progettotouring.it\/radiotouring104\/","logo":{"@type":"ImageObject","inLanguage":"it-IT","@id":"https:\/\/progettotouring.it\/radiotouring104\/#\/schema\/logo\/image\/","url":"https:\/\/progettotouring.it\/radiotouring104\/wp-content\/uploads\/sites\/6\/2022\/02\/cropped-logo-radio-touring-104.png","contentUrl":"https:\/\/progettotouring.it\/radiotouring104\/wp-content\/uploads\/sites\/6\/2022\/02\/cropped-logo-radio-touring-104.png","width":377,"height":182,"caption":"Radio Touring 104"},"image":{"@id":"https:\/\/progettotouring.it\/radiotouring104\/#\/schema\/logo\/image\/"}},{"@type":"Person","@id":"https:\/\/progettotouring.it\/radiotouring104\/#\/schema\/person\/b9f9c3730b0a78814c9b9f3bfc52c619","name":"S L","image":{"@type":"ImageObject","inLanguage":"it-IT","@id":"https:\/\/secure.gravatar.com\/avatar\/652c51789d7030aaed9ff828331360502a68204fe6fb0831bc280515210e16d2?s=96&d=mm&r=g","url":"https:\/\/secure.gravatar.com\/avatar\/652c51789d7030aaed9ff828331360502a68204fe6fb0831bc280515210e16d2?s=96&d=mm&r=g","contentUrl":"https:\/\/secure.gravatar.com\/avatar\/652c51789d7030aaed9ff828331360502a68204fe6fb0831bc280515210e16d2?s=96&d=mm&r=g","caption":"S L"},"url":"https:\/\/progettotouring.it\/radiotouring104\/author\/slibri\/"}]}},"jetpack_publicize_connections":[],"jetpack_featured_media_url":"https:\/\/progettotouring.it\/radiotouring104\/wp-content\/uploads\/sites\/6\/2025\/04\/ecuba.jpg","jetpack_sharing_enabled":true,"_links":{"self":[{"href":"https:\/\/progettotouring.it\/radiotouring104\/wp-json\/wp\/v2\/posts\/72037","targetHints":{"allow":["GET"]}}],"collection":[{"href":"https:\/\/progettotouring.it\/radiotouring104\/wp-json\/wp\/v2\/posts"}],"about":[{"href":"https:\/\/progettotouring.it\/radiotouring104\/wp-json\/wp\/v2\/types\/post"}],"author":[{"embeddable":true,"href":"https:\/\/progettotouring.it\/radiotouring104\/wp-json\/wp\/v2\/users\/19"}],"replies":[{"embeddable":true,"href":"https:\/\/progettotouring.it\/radiotouring104\/wp-json\/wp\/v2\/comments?post=72037"}],"version-history":[{"count":3,"href":"https:\/\/progettotouring.it\/radiotouring104\/wp-json\/wp\/v2\/posts\/72037\/revisions"}],"predecessor-version":[{"id":72042,"href":"https:\/\/progettotouring.it\/radiotouring104\/wp-json\/wp\/v2\/posts\/72037\/revisions\/72042"}],"wp:featuredmedia":[{"embeddable":true,"href":"https:\/\/progettotouring.it\/radiotouring104\/wp-json\/wp\/v2\/media\/72038"}],"wp:attachment":[{"href":"https:\/\/progettotouring.it\/radiotouring104\/wp-json\/wp\/v2\/media?parent=72037"}],"wp:term":[{"taxonomy":"category","embeddable":true,"href":"https:\/\/progettotouring.it\/radiotouring104\/wp-json\/wp\/v2\/categories?post=72037"},{"taxonomy":"post_tag","embeddable":true,"href":"https:\/\/progettotouring.it\/radiotouring104\/wp-json\/wp\/v2\/tags?post=72037"}],"curies":[{"name":"wp","href":"https:\/\/api.w.org\/{rel}","templated":true}]}}