{"id":72043,"date":"2025-04-25T22:09:21","date_gmt":"2025-04-25T20:09:21","guid":{"rendered":"https:\/\/progettotouring.it\/radiotouring104\/?p=72043"},"modified":"2025-04-26T22:09:41","modified_gmt":"2025-04-26T20:09:41","slug":"reggio-calabria-street-food-fest-buona-la-prima-serata-nonostante-la-pioggia","status":"publish","type":"post","link":"https:\/\/progettotouring.it\/radiotouring104\/2025\/04\/25\/reggio-calabria-street-food-fest-buona-la-prima-serata-nonostante-la-pioggia\/","title":{"rendered":"\u201cReggio Calabria Street Food Fest\u201d: buona la prima&#8230;serata nonostante la pioggia"},"content":{"rendered":"<div><\/div>\n<div>L\u2019emozione non \u00e8 stata scalfita dal meteo.<\/div>\n<div><\/div>\n<div>Il tanto atteso debutto del \u201cReggio Calabria Street Food Fest\u201d, promosso dalla Citt\u00e0 Metropolitana e dal Comune di Reggio Calabria, insieme a Eventivamente, ha confermato le aspettative: tantissime le persone in piazza, le famiglie, le ragazze, i ragazzi, bambini che con curiosit\u00e0 e allegria si sono riversati sul Monumentale Lungomare Falcomat\u00e0 gi\u00e0 dalle prime ore di apertura del Food Village.<\/div>\n<div><\/div>\n<div>Un\u2019apertura sobria, senza una vera inaugurazione per rispettare e unirsi al momento di dolore che ha colpito il mondo dopo la morte di Papa Francesco.<\/div>\n<div>\n<p class=\"xmprfx_MsoNormal\">\u201c<em>Proviamo soddisfazione e anche un pizzico di emozione per il giorno di apertura del Reggio Calabria Street Food Fest\u201d<\/em>, ha commentato il vicesindaco metropolitano\u00a0Carmelo Versace. \u201c<em>Oggi<\/em> \u2013 ha aggiunto &#8211; <em>il ponte del gusto prende forma a tutti gli effetti e diventa realt\u00e0. L\u2019amministrazione comunale e metropolitana hanno voluto fortemente raggiungere questo obiettivo che riteniamo importante. Ringrazio l\u2019organizzazione, con a capo Alberto Palella, per avere pensato alla nostra citt\u00e0, per avere realizzare questo evento, che pensiamo si possa storicizzare gi\u00e0 nei prossimi anni. Non solo enogastronomia e tradizioni culinarie<\/em> \u2013 sottolinea Versace &#8211; <em>ma anche arte, cultura e attenzione al sociale. Il \u201cReggio Calabria Street Food Fest\u201d vuole puntare ad un intrattenimento a 360 gradi, per tutte le famiglie e le fasce di et\u00e0. Apprezzabile, infine, che si sia gi\u00e0 realizzata una rete sinergica tra gli imprenditori del nostro territorio e quelli provenienti dalla vicina Sicilia o da altre regioni\u201d<\/em>.<\/p>\n<p class=\"xmprfx_MsoNormal\">Soddisfatto l\u2019amministratore di \u2018Eventivamente\u2019\u00a0Alberto Palella: <em>\u201cCon grande emozione \u00e8 iniziata questa prima edizione del \u201cReggio Calabria Street Food Fest\u201d e l\u2019accoglienza della citt\u00e0 e del pubblico \u00e8 stata straordinaria. Sono grato alla Citt\u00e0 Metropolitana e al Comune di Reggio Calabria per aver creduto fin da subito nel nostro format, ma anche ai tanti funzionari pubblici con cui abbiamo interagito per organizzare l\u2019evento e che ci hanno riservato massima disponibilit\u00e0 ed efficienza\u201d.\u00a0<\/em><\/p>\n<p class=\"xmprfx_MsoNormal\">Il \u201cReggio Calabria Street Food Fest\u201d promuove il cibo di strada di qualit\u00e0, ma \u00e8 anche un attrattore per fare conoscere le tradizioni e il patrimonio culturale reggino, divenendo un\u2019incisiva azione di marketing territoriale. <em>\u201cOltre al Food village, grande successo anche per gli show cooking, che rappresentano uno strumento interessante per valorizzare gli chef e i maestri gelatieri<\/em> \u2013 spiega ancora Palella &#8211; <em>ma soprattutto ci consentono di esaltare le eccellenze della nostra filiera agroalimentare. L\u2019area del gusto \u00e8 uno spazio di confronto importante tra aziende, chef, giornalisti ed esperti del settore, utile a costruire collaborazioni future. Come hanno dichiarato in conferenza stampa il sindaco metropolitano Giuseppe Falcomat\u00e0 e il vicesindaco Carmelo Versace &#8211; ha concluso l\u2019amministratore di Eventivamente &#8211; l\u2019obiettivo \u00e8 rendere l\u2019evento un appuntamento fisso che si consolidi negli anni\u201d.<\/em><\/p>\n<p class=\"xmprfx_MsoNormal\">Il programma di domani sabato 26 aprile:<\/p>\n<p class=\"xmprfx_MsoNormal\">Alle 19 show cooking dello chef Giuseppe Stilo,\u00a0del direttivo dell\u2019Associazione provinciale cuochi reggini e responsabile di cucina Gastronomia Cibus;\u00a0la parte gelateria \u00e8 curata\u00a0da Vincenzo Pennestr\u00ec,\u00a0della Gelateria Sottozero &#8211; Pennestr\u00ec.<\/p>\n<p class=\"xmprfx_MsoNormal\">Alle 20 lo chef Enzo Cannata, dell\u2019Accademia dello Stoccafisso di Calabria,\u00a0a seguire\u00a0Salvatore Ravanese,\u00a0pasticceria Garden di Gioia Tauro.<\/p>\n<p class=\"xmprfx_MsoNormal\">Spettacoli:<\/p>\n<p class=\"xmprfx_MsoNormal\">18.30 e 19.30\u00a0I Joculares,\u00a0Mr Sardella Show<\/p>\n<p class=\"xmprfx_MsoNormal\">Alle 20 e alle 23.30\u00a0Dj Set con\u00a0Michele Mangiola<\/p>\n<p class=\"xmprfx_MsoNormal\">Alle 21:30 Live Band, con\u00a0Gli Approssimativi<\/p>\n<p>&nbsp;<\/p>\n<p class=\"xmprfx_MsoNormal\">Orari di apertura del \u201cReggio Calabria Street Food Fest\u201d<\/p>\n<p class=\"xmprfx_MsoNormal\">Sabato 26\u00a0orario continuato\u00a0dalle 13.30 all\u20191,\u00a0Domenica 27 orario continuato\u00a0dalle 11 alle 24.<\/p>\n<\/div>\n","protected":false},"excerpt":{"rendered":"<p>L\u2019emozione non \u00e8 stata scalfita dal meteo. Il tanto atteso debutto del \u201cReggio Calabria Street Food Fest\u201d, promosso dalla Citt\u00e0 Metropolitana e dal Comune di Reggio Calabria, insieme a Eventivamente,&hellip;<\/p>\n","protected":false},"author":19,"featured_media":72044,"comment_status":"closed","ping_status":"open","sticky":false,"template":"","format":"standard","meta":{"_jetpack_memberships_contains_paid_content":false,"footnotes":"","jetpack_publicize_message":"","jetpack_publicize_feature_enabled":true,"jetpack_social_post_already_shared":true,"jetpack_social_options":{"image_generator_settings":{"template":"highway","default_image_id":0,"font":"","enabled":false},"version":2}},"categories":[921,196,140],"tags":[],"class_list":["post-72043","post","type-post","status-publish","format-standard","has-post-thumbnail","hentry","category-home","category-news","category-reggio-calabria"],"yoast_head":"<!-- This site is optimized with the Yoast SEO plugin v27.2 - https:\/\/yoast.com\/product\/yoast-seo-wordpress\/ -->\n<title>\u201cReggio Calabria Street Food Fest\u201d: buona la prima...serata nonostante la pioggia - Radio Touring 104<\/title>\n<meta name=\"description\" content=\"Tantissime le persone che con curiosit\u00e0 e allegria si sono riversati sul Lungomare Falcomat\u00e0 gi\u00e0 dalle prime ore di apertura del Food Village\" \/>\n<meta name=\"robots\" content=\"index, follow, max-snippet:-1, max-image-preview:large, max-video-preview:-1\" \/>\n<link rel=\"canonical\" href=\"https:\/\/progettotouring.it\/radiotouring104\/2025\/04\/25\/reggio-calabria-street-food-fest-buona-la-prima-serata-nonostante-la-pioggia\/\" \/>\n<meta property=\"og:locale\" content=\"it_IT\" \/>\n<meta property=\"og:type\" content=\"article\" \/>\n<meta property=\"og:title\" content=\"\u201cReggio Calabria Street Food Fest\u201d: buona la prima...serata nonostante la pioggia - Radio Touring 104\" \/>\n<meta property=\"og:description\" content=\"Tantissime le persone che con curiosit\u00e0 e allegria si sono riversati sul Lungomare Falcomat\u00e0 gi\u00e0 dalle prime ore di apertura del Food Village\" \/>\n<meta property=\"og:url\" content=\"https:\/\/progettotouring.it\/radiotouring104\/2025\/04\/25\/reggio-calabria-street-food-fest-buona-la-prima-serata-nonostante-la-pioggia\/\" \/>\n<meta property=\"og:site_name\" content=\"Radio Touring 104\" \/>\n<meta property=\"article:published_time\" content=\"2025-04-25T20:09:21+00:00\" \/>\n<meta property=\"article:modified_time\" content=\"2025-04-26T20:09:41+00:00\" \/>\n<meta property=\"og:image\" content=\"https:\/\/progettotouring.it\/radiotouring104\/wp-content\/uploads\/sites\/6\/2025\/04\/street-food.jpg\" \/>\n\t<meta property=\"og:image:width\" content=\"1472\" \/>\n\t<meta property=\"og:image:height\" content=\"832\" \/>\n\t<meta property=\"og:image:type\" content=\"image\/jpeg\" \/>\n<meta name=\"author\" content=\"S L\" \/>\n<meta name=\"twitter:card\" content=\"summary_large_image\" \/>\n<meta name=\"twitter:label1\" content=\"Scritto da\" \/>\n\t<meta name=\"twitter:data1\" content=\"S L\" \/>\n\t<meta name=\"twitter:label2\" content=\"Tempo di lettura stimato\" \/>\n\t<meta name=\"twitter:data2\" content=\"3 minuti\" \/>\n<script type=\"application\/ld+json\" class=\"yoast-schema-graph\">{\"@context\":\"https:\/\/schema.org\",\"@graph\":[{\"@type\":\"Article\",\"@id\":\"https:\/\/progettotouring.it\/radiotouring104\/2025\/04\/25\/reggio-calabria-street-food-fest-buona-la-prima-serata-nonostante-la-pioggia\/#article\",\"isPartOf\":{\"@id\":\"https:\/\/progettotouring.it\/radiotouring104\/2025\/04\/25\/reggio-calabria-street-food-fest-buona-la-prima-serata-nonostante-la-pioggia\/\"},\"author\":{\"name\":\"S L\",\"@id\":\"https:\/\/progettotouring.it\/radiotouring104\/#\/schema\/person\/b9f9c3730b0a78814c9b9f3bfc52c619\"},\"headline\":\"\u201cReggio Calabria Street Food Fest\u201d: buona la prima&#8230;serata nonostante la pioggia\",\"datePublished\":\"2025-04-25T20:09:21+00:00\",\"dateModified\":\"2025-04-26T20:09:41+00:00\",\"mainEntityOfPage\":{\"@id\":\"https:\/\/progettotouring.it\/radiotouring104\/2025\/04\/25\/reggio-calabria-street-food-fest-buona-la-prima-serata-nonostante-la-pioggia\/\"},\"wordCount\":560,\"publisher\":{\"@id\":\"https:\/\/progettotouring.it\/radiotouring104\/#organization\"},\"image\":{\"@id\":\"https:\/\/progettotouring.it\/radiotouring104\/2025\/04\/25\/reggio-calabria-street-food-fest-buona-la-prima-serata-nonostante-la-pioggia\/#primaryimage\"},\"thumbnailUrl\":\"https:\/\/progettotouring.it\/radiotouring104\/wp-content\/uploads\/sites\/6\/2025\/04\/street-food.jpg\",\"articleSection\":[\"Home\",\"News\",\"Reggio Calabria\"],\"inLanguage\":\"it-IT\"},{\"@type\":\"WebPage\",\"@id\":\"https:\/\/progettotouring.it\/radiotouring104\/2025\/04\/25\/reggio-calabria-street-food-fest-buona-la-prima-serata-nonostante-la-pioggia\/\",\"url\":\"https:\/\/progettotouring.it\/radiotouring104\/2025\/04\/25\/reggio-calabria-street-food-fest-buona-la-prima-serata-nonostante-la-pioggia\/\",\"name\":\"\u201cReggio Calabria Street Food Fest\u201d: buona la prima...serata nonostante la pioggia - Radio Touring 104\",\"isPartOf\":{\"@id\":\"https:\/\/progettotouring.it\/radiotouring104\/#website\"},\"primaryImageOfPage\":{\"@id\":\"https:\/\/progettotouring.it\/radiotouring104\/2025\/04\/25\/reggio-calabria-street-food-fest-buona-la-prima-serata-nonostante-la-pioggia\/#primaryimage\"},\"image\":{\"@id\":\"https:\/\/progettotouring.it\/radiotouring104\/2025\/04\/25\/reggio-calabria-street-food-fest-buona-la-prima-serata-nonostante-la-pioggia\/#primaryimage\"},\"thumbnailUrl\":\"https:\/\/progettotouring.it\/radiotouring104\/wp-content\/uploads\/sites\/6\/2025\/04\/street-food.jpg\",\"datePublished\":\"2025-04-25T20:09:21+00:00\",\"dateModified\":\"2025-04-26T20:09:41+00:00\",\"description\":\"Tantissime le persone che con curiosit\u00e0 e allegria si sono riversati sul Lungomare Falcomat\u00e0 gi\u00e0 dalle prime ore di apertura del Food Village\",\"breadcrumb\":{\"@id\":\"https:\/\/progettotouring.it\/radiotouring104\/2025\/04\/25\/reggio-calabria-street-food-fest-buona-la-prima-serata-nonostante-la-pioggia\/#breadcrumb\"},\"inLanguage\":\"it-IT\",\"potentialAction\":[{\"@type\":\"ReadAction\",\"target\":[\"https:\/\/progettotouring.it\/radiotouring104\/2025\/04\/25\/reggio-calabria-street-food-fest-buona-la-prima-serata-nonostante-la-pioggia\/\"]}]},{\"@type\":\"ImageObject\",\"inLanguage\":\"it-IT\",\"@id\":\"https:\/\/progettotouring.it\/radiotouring104\/2025\/04\/25\/reggio-calabria-street-food-fest-buona-la-prima-serata-nonostante-la-pioggia\/#primaryimage\",\"url\":\"https:\/\/progettotouring.it\/radiotouring104\/wp-content\/uploads\/sites\/6\/2025\/04\/street-food.jpg\",\"contentUrl\":\"https:\/\/progettotouring.it\/radiotouring104\/wp-content\/uploads\/sites\/6\/2025\/04\/street-food.jpg\",\"width\":1472,\"height\":832},{\"@type\":\"BreadcrumbList\",\"@id\":\"https:\/\/progettotouring.it\/radiotouring104\/2025\/04\/25\/reggio-calabria-street-food-fest-buona-la-prima-serata-nonostante-la-pioggia\/#breadcrumb\",\"itemListElement\":[{\"@type\":\"ListItem\",\"position\":1,\"name\":\"Home\",\"item\":\"https:\/\/progettotouring.it\/radiotouring104\/\"},{\"@type\":\"ListItem\",\"position\":2,\"name\":\"\u201cReggio Calabria Street Food Fest\u201d: buona la prima&#8230;serata nonostante la pioggia\"}]},{\"@type\":\"WebSite\",\"@id\":\"https:\/\/progettotouring.it\/radiotouring104\/#website\",\"url\":\"https:\/\/progettotouring.it\/radiotouring104\/\",\"name\":\"Radio Touring 104\",\"description\":\"La prima radio Reggina\",\"publisher\":{\"@id\":\"https:\/\/progettotouring.it\/radiotouring104\/#organization\"},\"potentialAction\":[{\"@type\":\"SearchAction\",\"target\":{\"@type\":\"EntryPoint\",\"urlTemplate\":\"https:\/\/progettotouring.it\/radiotouring104\/?s={search_term_string}\"},\"query-input\":{\"@type\":\"PropertyValueSpecification\",\"valueRequired\":true,\"valueName\":\"search_term_string\"}}],\"inLanguage\":\"it-IT\"},{\"@type\":\"Organization\",\"@id\":\"https:\/\/progettotouring.it\/radiotouring104\/#organization\",\"name\":\"Radio Touring 104\",\"url\":\"https:\/\/progettotouring.it\/radiotouring104\/\",\"logo\":{\"@type\":\"ImageObject\",\"inLanguage\":\"it-IT\",\"@id\":\"https:\/\/progettotouring.it\/radiotouring104\/#\/schema\/logo\/image\/\",\"url\":\"https:\/\/progettotouring.it\/radiotouring104\/wp-content\/uploads\/sites\/6\/2022\/02\/cropped-logo-radio-touring-104.png\",\"contentUrl\":\"https:\/\/progettotouring.it\/radiotouring104\/wp-content\/uploads\/sites\/6\/2022\/02\/cropped-logo-radio-touring-104.png\",\"width\":377,\"height\":182,\"caption\":\"Radio Touring 104\"},\"image\":{\"@id\":\"https:\/\/progettotouring.it\/radiotouring104\/#\/schema\/logo\/image\/\"}},{\"@type\":\"Person\",\"@id\":\"https:\/\/progettotouring.it\/radiotouring104\/#\/schema\/person\/b9f9c3730b0a78814c9b9f3bfc52c619\",\"name\":\"S L\",\"image\":{\"@type\":\"ImageObject\",\"inLanguage\":\"it-IT\",\"@id\":\"https:\/\/secure.gravatar.com\/avatar\/652c51789d7030aaed9ff828331360502a68204fe6fb0831bc280515210e16d2?s=96&d=mm&r=g\",\"url\":\"https:\/\/secure.gravatar.com\/avatar\/652c51789d7030aaed9ff828331360502a68204fe6fb0831bc280515210e16d2?s=96&d=mm&r=g\",\"contentUrl\":\"https:\/\/secure.gravatar.com\/avatar\/652c51789d7030aaed9ff828331360502a68204fe6fb0831bc280515210e16d2?s=96&d=mm&r=g\",\"caption\":\"S L\"},\"url\":\"https:\/\/progettotouring.it\/radiotouring104\/author\/slibri\/\"}]}<\/script>\n<!-- \/ Yoast SEO plugin. -->","yoast_head_json":{"title":"\u201cReggio Calabria Street Food Fest\u201d: buona la prima...serata nonostante la pioggia - Radio Touring 104","description":"Tantissime le persone che con curiosit\u00e0 e allegria si sono riversati sul Lungomare Falcomat\u00e0 gi\u00e0 dalle prime ore di apertura del Food Village","robots":{"index":"index","follow":"follow","max-snippet":"max-snippet:-1","max-image-preview":"max-image-preview:large","max-video-preview":"max-video-preview:-1"},"canonical":"https:\/\/progettotouring.it\/radiotouring104\/2025\/04\/25\/reggio-calabria-street-food-fest-buona-la-prima-serata-nonostante-la-pioggia\/","og_locale":"it_IT","og_type":"article","og_title":"\u201cReggio Calabria Street Food Fest\u201d: buona la prima...serata nonostante la pioggia - Radio Touring 104","og_description":"Tantissime le persone che con curiosit\u00e0 e allegria si sono riversati sul Lungomare Falcomat\u00e0 gi\u00e0 dalle prime ore di apertura del Food Village","og_url":"https:\/\/progettotouring.it\/radiotouring104\/2025\/04\/25\/reggio-calabria-street-food-fest-buona-la-prima-serata-nonostante-la-pioggia\/","og_site_name":"Radio Touring 104","article_published_time":"2025-04-25T20:09:21+00:00","article_modified_time":"2025-04-26T20:09:41+00:00","og_image":[{"width":1472,"height":832,"url":"https:\/\/progettotouring.it\/radiotouring104\/wp-content\/uploads\/sites\/6\/2025\/04\/street-food.jpg","type":"image\/jpeg"}],"author":"S L","twitter_card":"summary_large_image","twitter_misc":{"Scritto da":"S L","Tempo di lettura stimato":"3 minuti"},"schema":{"@context":"https:\/\/schema.org","@graph":[{"@type":"Article","@id":"https:\/\/progettotouring.it\/radiotouring104\/2025\/04\/25\/reggio-calabria-street-food-fest-buona-la-prima-serata-nonostante-la-pioggia\/#article","isPartOf":{"@id":"https:\/\/progettotouring.it\/radiotouring104\/2025\/04\/25\/reggio-calabria-street-food-fest-buona-la-prima-serata-nonostante-la-pioggia\/"},"author":{"name":"S L","@id":"https:\/\/progettotouring.it\/radiotouring104\/#\/schema\/person\/b9f9c3730b0a78814c9b9f3bfc52c619"},"headline":"\u201cReggio Calabria Street Food Fest\u201d: buona la prima&#8230;serata nonostante la pioggia","datePublished":"2025-04-25T20:09:21+00:00","dateModified":"2025-04-26T20:09:41+00:00","mainEntityOfPage":{"@id":"https:\/\/progettotouring.it\/radiotouring104\/2025\/04\/25\/reggio-calabria-street-food-fest-buona-la-prima-serata-nonostante-la-pioggia\/"},"wordCount":560,"publisher":{"@id":"https:\/\/progettotouring.it\/radiotouring104\/#organization"},"image":{"@id":"https:\/\/progettotouring.it\/radiotouring104\/2025\/04\/25\/reggio-calabria-street-food-fest-buona-la-prima-serata-nonostante-la-pioggia\/#primaryimage"},"thumbnailUrl":"https:\/\/progettotouring.it\/radiotouring104\/wp-content\/uploads\/sites\/6\/2025\/04\/street-food.jpg","articleSection":["Home","News","Reggio Calabria"],"inLanguage":"it-IT"},{"@type":"WebPage","@id":"https:\/\/progettotouring.it\/radiotouring104\/2025\/04\/25\/reggio-calabria-street-food-fest-buona-la-prima-serata-nonostante-la-pioggia\/","url":"https:\/\/progettotouring.it\/radiotouring104\/2025\/04\/25\/reggio-calabria-street-food-fest-buona-la-prima-serata-nonostante-la-pioggia\/","name":"\u201cReggio Calabria Street Food Fest\u201d: buona la prima...serata nonostante la pioggia - Radio Touring 104","isPartOf":{"@id":"https:\/\/progettotouring.it\/radiotouring104\/#website"},"primaryImageOfPage":{"@id":"https:\/\/progettotouring.it\/radiotouring104\/2025\/04\/25\/reggio-calabria-street-food-fest-buona-la-prima-serata-nonostante-la-pioggia\/#primaryimage"},"image":{"@id":"https:\/\/progettotouring.it\/radiotouring104\/2025\/04\/25\/reggio-calabria-street-food-fest-buona-la-prima-serata-nonostante-la-pioggia\/#primaryimage"},"thumbnailUrl":"https:\/\/progettotouring.it\/radiotouring104\/wp-content\/uploads\/sites\/6\/2025\/04\/street-food.jpg","datePublished":"2025-04-25T20:09:21+00:00","dateModified":"2025-04-26T20:09:41+00:00","description":"Tantissime le persone che con curiosit\u00e0 e allegria si sono riversati sul Lungomare Falcomat\u00e0 gi\u00e0 dalle prime ore di apertura del Food Village","breadcrumb":{"@id":"https:\/\/progettotouring.it\/radiotouring104\/2025\/04\/25\/reggio-calabria-street-food-fest-buona-la-prima-serata-nonostante-la-pioggia\/#breadcrumb"},"inLanguage":"it-IT","potentialAction":[{"@type":"ReadAction","target":["https:\/\/progettotouring.it\/radiotouring104\/2025\/04\/25\/reggio-calabria-street-food-fest-buona-la-prima-serata-nonostante-la-pioggia\/"]}]},{"@type":"ImageObject","inLanguage":"it-IT","@id":"https:\/\/progettotouring.it\/radiotouring104\/2025\/04\/25\/reggio-calabria-street-food-fest-buona-la-prima-serata-nonostante-la-pioggia\/#primaryimage","url":"https:\/\/progettotouring.it\/radiotouring104\/wp-content\/uploads\/sites\/6\/2025\/04\/street-food.jpg","contentUrl":"https:\/\/progettotouring.it\/radiotouring104\/wp-content\/uploads\/sites\/6\/2025\/04\/street-food.jpg","width":1472,"height":832},{"@type":"BreadcrumbList","@id":"https:\/\/progettotouring.it\/radiotouring104\/2025\/04\/25\/reggio-calabria-street-food-fest-buona-la-prima-serata-nonostante-la-pioggia\/#breadcrumb","itemListElement":[{"@type":"ListItem","position":1,"name":"Home","item":"https:\/\/progettotouring.it\/radiotouring104\/"},{"@type":"ListItem","position":2,"name":"\u201cReggio Calabria Street Food Fest\u201d: buona la prima&#8230;serata nonostante la pioggia"}]},{"@type":"WebSite","@id":"https:\/\/progettotouring.it\/radiotouring104\/#website","url":"https:\/\/progettotouring.it\/radiotouring104\/","name":"Radio Touring 104","description":"La prima radio Reggina","publisher":{"@id":"https:\/\/progettotouring.it\/radiotouring104\/#organization"},"potentialAction":[{"@type":"SearchAction","target":{"@type":"EntryPoint","urlTemplate":"https:\/\/progettotouring.it\/radiotouring104\/?s={search_term_string}"},"query-input":{"@type":"PropertyValueSpecification","valueRequired":true,"valueName":"search_term_string"}}],"inLanguage":"it-IT"},{"@type":"Organization","@id":"https:\/\/progettotouring.it\/radiotouring104\/#organization","name":"Radio Touring 104","url":"https:\/\/progettotouring.it\/radiotouring104\/","logo":{"@type":"ImageObject","inLanguage":"it-IT","@id":"https:\/\/progettotouring.it\/radiotouring104\/#\/schema\/logo\/image\/","url":"https:\/\/progettotouring.it\/radiotouring104\/wp-content\/uploads\/sites\/6\/2022\/02\/cropped-logo-radio-touring-104.png","contentUrl":"https:\/\/progettotouring.it\/radiotouring104\/wp-content\/uploads\/sites\/6\/2022\/02\/cropped-logo-radio-touring-104.png","width":377,"height":182,"caption":"Radio Touring 104"},"image":{"@id":"https:\/\/progettotouring.it\/radiotouring104\/#\/schema\/logo\/image\/"}},{"@type":"Person","@id":"https:\/\/progettotouring.it\/radiotouring104\/#\/schema\/person\/b9f9c3730b0a78814c9b9f3bfc52c619","name":"S L","image":{"@type":"ImageObject","inLanguage":"it-IT","@id":"https:\/\/secure.gravatar.com\/avatar\/652c51789d7030aaed9ff828331360502a68204fe6fb0831bc280515210e16d2?s=96&d=mm&r=g","url":"https:\/\/secure.gravatar.com\/avatar\/652c51789d7030aaed9ff828331360502a68204fe6fb0831bc280515210e16d2?s=96&d=mm&r=g","contentUrl":"https:\/\/secure.gravatar.com\/avatar\/652c51789d7030aaed9ff828331360502a68204fe6fb0831bc280515210e16d2?s=96&d=mm&r=g","caption":"S L"},"url":"https:\/\/progettotouring.it\/radiotouring104\/author\/slibri\/"}]}},"jetpack_publicize_connections":[],"jetpack_featured_media_url":"https:\/\/progettotouring.it\/radiotouring104\/wp-content\/uploads\/sites\/6\/2025\/04\/street-food.jpg","jetpack_sharing_enabled":true,"_links":{"self":[{"href":"https:\/\/progettotouring.it\/radiotouring104\/wp-json\/wp\/v2\/posts\/72043","targetHints":{"allow":["GET"]}}],"collection":[{"href":"https:\/\/progettotouring.it\/radiotouring104\/wp-json\/wp\/v2\/posts"}],"about":[{"href":"https:\/\/progettotouring.it\/radiotouring104\/wp-json\/wp\/v2\/types\/post"}],"author":[{"embeddable":true,"href":"https:\/\/progettotouring.it\/radiotouring104\/wp-json\/wp\/v2\/users\/19"}],"replies":[{"embeddable":true,"href":"https:\/\/progettotouring.it\/radiotouring104\/wp-json\/wp\/v2\/comments?post=72043"}],"version-history":[{"count":2,"href":"https:\/\/progettotouring.it\/radiotouring104\/wp-json\/wp\/v2\/posts\/72043\/revisions"}],"predecessor-version":[{"id":72133,"href":"https:\/\/progettotouring.it\/radiotouring104\/wp-json\/wp\/v2\/posts\/72043\/revisions\/72133"}],"wp:featuredmedia":[{"embeddable":true,"href":"https:\/\/progettotouring.it\/radiotouring104\/wp-json\/wp\/v2\/media\/72044"}],"wp:attachment":[{"href":"https:\/\/progettotouring.it\/radiotouring104\/wp-json\/wp\/v2\/media?parent=72043"}],"wp:term":[{"taxonomy":"category","embeddable":true,"href":"https:\/\/progettotouring.it\/radiotouring104\/wp-json\/wp\/v2\/categories?post=72043"},{"taxonomy":"post_tag","embeddable":true,"href":"https:\/\/progettotouring.it\/radiotouring104\/wp-json\/wp\/v2\/tags?post=72043"}],"curies":[{"name":"wp","href":"https:\/\/api.w.org\/{rel}","templated":true}]}}