{"id":72046,"date":"2025-04-25T22:17:40","date_gmt":"2025-04-25T20:17:40","guid":{"rendered":"https:\/\/progettotouring.it\/radiotouring104\/?p=72046"},"modified":"2025-04-25T22:17:40","modified_gmt":"2025-04-25T20:17:40","slug":"europa-organizza-iniziativa-a-sostegno-del-si-al-referendum","status":"publish","type":"post","link":"https:\/\/progettotouring.it\/radiotouring104\/2025\/04\/25\/europa-organizza-iniziativa-a-sostegno-del-si-al-referendum\/","title":{"rendered":"+ Europa organizza iniziativa a sostegno del SI al referendum"},"content":{"rendered":"<p>Il Coordinamento cittadino di Pi\u00f9 Europa organizza, per sabato 26 aprile alle ore 16:00, un\u2019importante iniziativa pubblica a sostegno del S\u00ec al referendum sulla cittadinanza.<\/p>\n<p>L\u2019evento si terr\u00e0 a Reggio Calabria presso lo Xero Hub di Catona sito in Via Nazionale 174\/G e vedr\u00e0 la partecipazione di esponenti politici, rappresentanti di associazioni e movimenti della societ\u00e0 civile, uniti dalla volont\u00e0 di promuovere una cittadinanza pi\u00f9 giusta e inclusiva.<\/p>\n<p><img fetchpriority=\"high\" decoding=\"async\" class=\"alignnone size-medium wp-image-72049\" src=\"https:\/\/progettotouring.it\/radiotouring104\/wp-content\/uploads\/sites\/6\/2025\/04\/Locandina-evento-referendum-cittadinanza-242x300.jpeg\" alt=\"\" width=\"242\" height=\"300\" srcset=\"https:\/\/progettotouring.it\/radiotouring104\/wp-content\/uploads\/sites\/6\/2025\/04\/Locandina-evento-referendum-cittadinanza-242x300.jpeg 242w, https:\/\/progettotouring.it\/radiotouring104\/wp-content\/uploads\/sites\/6\/2025\/04\/Locandina-evento-referendum-cittadinanza-826x1024.jpeg 826w, https:\/\/progettotouring.it\/radiotouring104\/wp-content\/uploads\/sites\/6\/2025\/04\/Locandina-evento-referendum-cittadinanza-768x952.jpeg 768w, https:\/\/progettotouring.it\/radiotouring104\/wp-content\/uploads\/sites\/6\/2025\/04\/Locandina-evento-referendum-cittadinanza-1170x1450.jpeg 1170w, https:\/\/progettotouring.it\/radiotouring104\/wp-content\/uploads\/sites\/6\/2025\/04\/Locandina-evento-referendum-cittadinanza-585x725.jpeg 585w, https:\/\/progettotouring.it\/radiotouring104\/wp-content\/uploads\/sites\/6\/2025\/04\/Locandina-evento-referendum-cittadinanza.jpeg 1200w\" sizes=\"(max-width: 242px) 100vw, 242px\" \/><\/p>\n<p>Durante l\u2019incontro verranno illustrate le finalit\u00e0 del referendum, che mira a ridurre da dieci a cinque anni il periodo di residenza legale necessario per richiedere la cittadinanza italiana. L\u2019evento sar\u00e0 un\u2019occasione per discutere di diritti, democrazia e partecipazione, e per costruire una mobilitazione ampia a favore del cambiamento.<\/p>\n<p>Interverranno, tra gli altri, Antonella Soldo, Coordinatrice Nazionale del Referendum Cittadinanza e Giuseppe Falcomat\u00e0, Sindaco della Citt\u00e0 Metropolitana di Reggio Calabria.<\/p>\n<p><em>\u201cE\u2019 un\u2019occasione importante per discutere di un tema troppo spesso caduto nel dimenticatoio a causa di una classe dirigente priva di contenuti che non si occupa delle questioni centrali del nostro Paese come la cittadinanza&#8221;.<\/em> &#8211; dichiara il coordinatore cittadino Antonino Santisi. <em>&#8220;Nonostante il coordinamento cittadino sia nato da pochi giorni, abbiamo inteso chiamare a raccolta tutte le forze politiche e associative che sostengono il referendum per discuterne assieme. E\u2019 a loro che va il nostro ringraziamento: per la presenza costante sul territorio, per la passione con cui animano il dibattito politico e perch\u00e9 fanno proprie battaglie di libert\u00e0 che distinguono sempre il nostro impegno a favore della collettivit\u00e0.\u201d<\/em><\/p>\n<p>&nbsp;<\/p>\n<p>&nbsp;<\/p>\n<p>&nbsp;<\/p>\n","protected":false},"excerpt":{"rendered":"<p>Il Coordinamento cittadino di Pi\u00f9 Europa organizza, per sabato 26 aprile alle ore 16:00, un\u2019importante iniziativa pubblica a sostegno del S\u00ec al referendum sulla cittadinanza. L\u2019evento si terr\u00e0 a Reggio&hellip;<\/p>\n","protected":false},"author":19,"featured_media":72047,"comment_status":"closed","ping_status":"open","sticky":false,"template":"","format":"standard","meta":{"_jetpack_memberships_contains_paid_content":false,"footnotes":"","jetpack_publicize_message":"","jetpack_publicize_feature_enabled":true,"jetpack_social_post_already_shared":true,"jetpack_social_options":{"image_generator_settings":{"template":"highway","default_image_id":0,"font":"","enabled":false},"version":2}},"categories":[921,196,140],"tags":[],"class_list":["post-72046","post","type-post","status-publish","format-standard","has-post-thumbnail","hentry","category-home","category-news","category-reggio-calabria"],"yoast_head":"<!-- This site is optimized with the Yoast SEO plugin v27.2 - https:\/\/yoast.com\/product\/yoast-seo-wordpress\/ -->\n<title>+ Europa organizza iniziativa a sostegno del SI al referendum - Radio Touring 104<\/title>\n<meta name=\"description\" content=\"Sabato 26 aprile alle ore 16.00 presso lo Xero Hub di Catona\" \/>\n<meta name=\"robots\" content=\"index, follow, max-snippet:-1, max-image-preview:large, max-video-preview:-1\" \/>\n<link rel=\"canonical\" href=\"https:\/\/progettotouring.it\/radiotouring104\/2025\/04\/25\/europa-organizza-iniziativa-a-sostegno-del-si-al-referendum\/\" \/>\n<meta property=\"og:locale\" content=\"it_IT\" \/>\n<meta property=\"og:type\" content=\"article\" \/>\n<meta property=\"og:title\" content=\"+ Europa organizza iniziativa a sostegno del SI al referendum - Radio Touring 104\" \/>\n<meta property=\"og:description\" content=\"Sabato 26 aprile alle ore 16.00 presso lo Xero Hub di Catona\" \/>\n<meta property=\"og:url\" content=\"https:\/\/progettotouring.it\/radiotouring104\/2025\/04\/25\/europa-organizza-iniziativa-a-sostegno-del-si-al-referendum\/\" \/>\n<meta property=\"og:site_name\" content=\"Radio Touring 104\" \/>\n<meta property=\"article:published_time\" content=\"2025-04-25T20:17:40+00:00\" \/>\n<meta property=\"og:image\" content=\"https:\/\/progettotouring.it\/radiotouring104\/wp-content\/uploads\/sites\/6\/2025\/04\/europa-referendum.jpg\" \/>\n\t<meta property=\"og:image:width\" content=\"1472\" \/>\n\t<meta property=\"og:image:height\" content=\"832\" \/>\n\t<meta property=\"og:image:type\" content=\"image\/jpeg\" \/>\n<meta name=\"author\" content=\"S L\" \/>\n<meta name=\"twitter:card\" content=\"summary_large_image\" \/>\n<meta name=\"twitter:label1\" content=\"Scritto da\" \/>\n\t<meta name=\"twitter:data1\" content=\"S L\" \/>\n\t<meta name=\"twitter:label2\" content=\"Tempo di lettura stimato\" \/>\n\t<meta name=\"twitter:data2\" content=\"1 minuto\" \/>\n<script type=\"application\/ld+json\" class=\"yoast-schema-graph\">{\"@context\":\"https:\/\/schema.org\",\"@graph\":[{\"@type\":\"Article\",\"@id\":\"https:\/\/progettotouring.it\/radiotouring104\/2025\/04\/25\/europa-organizza-iniziativa-a-sostegno-del-si-al-referendum\/#article\",\"isPartOf\":{\"@id\":\"https:\/\/progettotouring.it\/radiotouring104\/2025\/04\/25\/europa-organizza-iniziativa-a-sostegno-del-si-al-referendum\/\"},\"author\":{\"name\":\"S L\",\"@id\":\"https:\/\/progettotouring.it\/radiotouring104\/#\/schema\/person\/b9f9c3730b0a78814c9b9f3bfc52c619\"},\"headline\":\"+ Europa organizza iniziativa a sostegno del SI al referendum\",\"datePublished\":\"2025-04-25T20:17:40+00:00\",\"mainEntityOfPage\":{\"@id\":\"https:\/\/progettotouring.it\/radiotouring104\/2025\/04\/25\/europa-organizza-iniziativa-a-sostegno-del-si-al-referendum\/\"},\"wordCount\":262,\"publisher\":{\"@id\":\"https:\/\/progettotouring.it\/radiotouring104\/#organization\"},\"image\":{\"@id\":\"https:\/\/progettotouring.it\/radiotouring104\/2025\/04\/25\/europa-organizza-iniziativa-a-sostegno-del-si-al-referendum\/#primaryimage\"},\"thumbnailUrl\":\"https:\/\/progettotouring.it\/radiotouring104\/wp-content\/uploads\/sites\/6\/2025\/04\/europa-referendum.jpg\",\"articleSection\":[\"Home\",\"News\",\"Reggio Calabria\"],\"inLanguage\":\"it-IT\"},{\"@type\":\"WebPage\",\"@id\":\"https:\/\/progettotouring.it\/radiotouring104\/2025\/04\/25\/europa-organizza-iniziativa-a-sostegno-del-si-al-referendum\/\",\"url\":\"https:\/\/progettotouring.it\/radiotouring104\/2025\/04\/25\/europa-organizza-iniziativa-a-sostegno-del-si-al-referendum\/\",\"name\":\"+ Europa organizza iniziativa a sostegno del SI al referendum - Radio Touring 104\",\"isPartOf\":{\"@id\":\"https:\/\/progettotouring.it\/radiotouring104\/#website\"},\"primaryImageOfPage\":{\"@id\":\"https:\/\/progettotouring.it\/radiotouring104\/2025\/04\/25\/europa-organizza-iniziativa-a-sostegno-del-si-al-referendum\/#primaryimage\"},\"image\":{\"@id\":\"https:\/\/progettotouring.it\/radiotouring104\/2025\/04\/25\/europa-organizza-iniziativa-a-sostegno-del-si-al-referendum\/#primaryimage\"},\"thumbnailUrl\":\"https:\/\/progettotouring.it\/radiotouring104\/wp-content\/uploads\/sites\/6\/2025\/04\/europa-referendum.jpg\",\"datePublished\":\"2025-04-25T20:17:40+00:00\",\"description\":\"Sabato 26 aprile alle ore 16.00 presso lo Xero Hub di Catona\",\"breadcrumb\":{\"@id\":\"https:\/\/progettotouring.it\/radiotouring104\/2025\/04\/25\/europa-organizza-iniziativa-a-sostegno-del-si-al-referendum\/#breadcrumb\"},\"inLanguage\":\"it-IT\",\"potentialAction\":[{\"@type\":\"ReadAction\",\"target\":[\"https:\/\/progettotouring.it\/radiotouring104\/2025\/04\/25\/europa-organizza-iniziativa-a-sostegno-del-si-al-referendum\/\"]}]},{\"@type\":\"ImageObject\",\"inLanguage\":\"it-IT\",\"@id\":\"https:\/\/progettotouring.it\/radiotouring104\/2025\/04\/25\/europa-organizza-iniziativa-a-sostegno-del-si-al-referendum\/#primaryimage\",\"url\":\"https:\/\/progettotouring.it\/radiotouring104\/wp-content\/uploads\/sites\/6\/2025\/04\/europa-referendum.jpg\",\"contentUrl\":\"https:\/\/progettotouring.it\/radiotouring104\/wp-content\/uploads\/sites\/6\/2025\/04\/europa-referendum.jpg\",\"width\":1472,\"height\":832},{\"@type\":\"BreadcrumbList\",\"@id\":\"https:\/\/progettotouring.it\/radiotouring104\/2025\/04\/25\/europa-organizza-iniziativa-a-sostegno-del-si-al-referendum\/#breadcrumb\",\"itemListElement\":[{\"@type\":\"ListItem\",\"position\":1,\"name\":\"Home\",\"item\":\"https:\/\/progettotouring.it\/radiotouring104\/\"},{\"@type\":\"ListItem\",\"position\":2,\"name\":\"+ Europa organizza iniziativa a sostegno del SI al referendum\"}]},{\"@type\":\"WebSite\",\"@id\":\"https:\/\/progettotouring.it\/radiotouring104\/#website\",\"url\":\"https:\/\/progettotouring.it\/radiotouring104\/\",\"name\":\"Radio Touring 104\",\"description\":\"La prima radio Reggina\",\"publisher\":{\"@id\":\"https:\/\/progettotouring.it\/radiotouring104\/#organization\"},\"potentialAction\":[{\"@type\":\"SearchAction\",\"target\":{\"@type\":\"EntryPoint\",\"urlTemplate\":\"https:\/\/progettotouring.it\/radiotouring104\/?s={search_term_string}\"},\"query-input\":{\"@type\":\"PropertyValueSpecification\",\"valueRequired\":true,\"valueName\":\"search_term_string\"}}],\"inLanguage\":\"it-IT\"},{\"@type\":\"Organization\",\"@id\":\"https:\/\/progettotouring.it\/radiotouring104\/#organization\",\"name\":\"Radio Touring 104\",\"url\":\"https:\/\/progettotouring.it\/radiotouring104\/\",\"logo\":{\"@type\":\"ImageObject\",\"inLanguage\":\"it-IT\",\"@id\":\"https:\/\/progettotouring.it\/radiotouring104\/#\/schema\/logo\/image\/\",\"url\":\"https:\/\/progettotouring.it\/radiotouring104\/wp-content\/uploads\/sites\/6\/2022\/02\/cropped-logo-radio-touring-104.png\",\"contentUrl\":\"https:\/\/progettotouring.it\/radiotouring104\/wp-content\/uploads\/sites\/6\/2022\/02\/cropped-logo-radio-touring-104.png\",\"width\":377,\"height\":182,\"caption\":\"Radio Touring 104\"},\"image\":{\"@id\":\"https:\/\/progettotouring.it\/radiotouring104\/#\/schema\/logo\/image\/\"}},{\"@type\":\"Person\",\"@id\":\"https:\/\/progettotouring.it\/radiotouring104\/#\/schema\/person\/b9f9c3730b0a78814c9b9f3bfc52c619\",\"name\":\"S L\",\"image\":{\"@type\":\"ImageObject\",\"inLanguage\":\"it-IT\",\"@id\":\"https:\/\/secure.gravatar.com\/avatar\/652c51789d7030aaed9ff828331360502a68204fe6fb0831bc280515210e16d2?s=96&d=mm&r=g\",\"url\":\"https:\/\/secure.gravatar.com\/avatar\/652c51789d7030aaed9ff828331360502a68204fe6fb0831bc280515210e16d2?s=96&d=mm&r=g\",\"contentUrl\":\"https:\/\/secure.gravatar.com\/avatar\/652c51789d7030aaed9ff828331360502a68204fe6fb0831bc280515210e16d2?s=96&d=mm&r=g\",\"caption\":\"S L\"},\"url\":\"https:\/\/progettotouring.it\/radiotouring104\/author\/slibri\/\"}]}<\/script>\n<!-- \/ Yoast SEO plugin. -->","yoast_head_json":{"title":"+ Europa organizza iniziativa a sostegno del SI al referendum - Radio Touring 104","description":"Sabato 26 aprile alle ore 16.00 presso lo Xero Hub di Catona","robots":{"index":"index","follow":"follow","max-snippet":"max-snippet:-1","max-image-preview":"max-image-preview:large","max-video-preview":"max-video-preview:-1"},"canonical":"https:\/\/progettotouring.it\/radiotouring104\/2025\/04\/25\/europa-organizza-iniziativa-a-sostegno-del-si-al-referendum\/","og_locale":"it_IT","og_type":"article","og_title":"+ Europa organizza iniziativa a sostegno del SI al referendum - Radio Touring 104","og_description":"Sabato 26 aprile alle ore 16.00 presso lo Xero Hub di Catona","og_url":"https:\/\/progettotouring.it\/radiotouring104\/2025\/04\/25\/europa-organizza-iniziativa-a-sostegno-del-si-al-referendum\/","og_site_name":"Radio Touring 104","article_published_time":"2025-04-25T20:17:40+00:00","og_image":[{"width":1472,"height":832,"url":"https:\/\/progettotouring.it\/radiotouring104\/wp-content\/uploads\/sites\/6\/2025\/04\/europa-referendum.jpg","type":"image\/jpeg"}],"author":"S L","twitter_card":"summary_large_image","twitter_misc":{"Scritto da":"S L","Tempo di lettura stimato":"1 minuto"},"schema":{"@context":"https:\/\/schema.org","@graph":[{"@type":"Article","@id":"https:\/\/progettotouring.it\/radiotouring104\/2025\/04\/25\/europa-organizza-iniziativa-a-sostegno-del-si-al-referendum\/#article","isPartOf":{"@id":"https:\/\/progettotouring.it\/radiotouring104\/2025\/04\/25\/europa-organizza-iniziativa-a-sostegno-del-si-al-referendum\/"},"author":{"name":"S L","@id":"https:\/\/progettotouring.it\/radiotouring104\/#\/schema\/person\/b9f9c3730b0a78814c9b9f3bfc52c619"},"headline":"+ Europa organizza iniziativa a sostegno del SI al referendum","datePublished":"2025-04-25T20:17:40+00:00","mainEntityOfPage":{"@id":"https:\/\/progettotouring.it\/radiotouring104\/2025\/04\/25\/europa-organizza-iniziativa-a-sostegno-del-si-al-referendum\/"},"wordCount":262,"publisher":{"@id":"https:\/\/progettotouring.it\/radiotouring104\/#organization"},"image":{"@id":"https:\/\/progettotouring.it\/radiotouring104\/2025\/04\/25\/europa-organizza-iniziativa-a-sostegno-del-si-al-referendum\/#primaryimage"},"thumbnailUrl":"https:\/\/progettotouring.it\/radiotouring104\/wp-content\/uploads\/sites\/6\/2025\/04\/europa-referendum.jpg","articleSection":["Home","News","Reggio Calabria"],"inLanguage":"it-IT"},{"@type":"WebPage","@id":"https:\/\/progettotouring.it\/radiotouring104\/2025\/04\/25\/europa-organizza-iniziativa-a-sostegno-del-si-al-referendum\/","url":"https:\/\/progettotouring.it\/radiotouring104\/2025\/04\/25\/europa-organizza-iniziativa-a-sostegno-del-si-al-referendum\/","name":"+ Europa organizza iniziativa a sostegno del SI al referendum - Radio Touring 104","isPartOf":{"@id":"https:\/\/progettotouring.it\/radiotouring104\/#website"},"primaryImageOfPage":{"@id":"https:\/\/progettotouring.it\/radiotouring104\/2025\/04\/25\/europa-organizza-iniziativa-a-sostegno-del-si-al-referendum\/#primaryimage"},"image":{"@id":"https:\/\/progettotouring.it\/radiotouring104\/2025\/04\/25\/europa-organizza-iniziativa-a-sostegno-del-si-al-referendum\/#primaryimage"},"thumbnailUrl":"https:\/\/progettotouring.it\/radiotouring104\/wp-content\/uploads\/sites\/6\/2025\/04\/europa-referendum.jpg","datePublished":"2025-04-25T20:17:40+00:00","description":"Sabato 26 aprile alle ore 16.00 presso lo Xero Hub di Catona","breadcrumb":{"@id":"https:\/\/progettotouring.it\/radiotouring104\/2025\/04\/25\/europa-organizza-iniziativa-a-sostegno-del-si-al-referendum\/#breadcrumb"},"inLanguage":"it-IT","potentialAction":[{"@type":"ReadAction","target":["https:\/\/progettotouring.it\/radiotouring104\/2025\/04\/25\/europa-organizza-iniziativa-a-sostegno-del-si-al-referendum\/"]}]},{"@type":"ImageObject","inLanguage":"it-IT","@id":"https:\/\/progettotouring.it\/radiotouring104\/2025\/04\/25\/europa-organizza-iniziativa-a-sostegno-del-si-al-referendum\/#primaryimage","url":"https:\/\/progettotouring.it\/radiotouring104\/wp-content\/uploads\/sites\/6\/2025\/04\/europa-referendum.jpg","contentUrl":"https:\/\/progettotouring.it\/radiotouring104\/wp-content\/uploads\/sites\/6\/2025\/04\/europa-referendum.jpg","width":1472,"height":832},{"@type":"BreadcrumbList","@id":"https:\/\/progettotouring.it\/radiotouring104\/2025\/04\/25\/europa-organizza-iniziativa-a-sostegno-del-si-al-referendum\/#breadcrumb","itemListElement":[{"@type":"ListItem","position":1,"name":"Home","item":"https:\/\/progettotouring.it\/radiotouring104\/"},{"@type":"ListItem","position":2,"name":"+ Europa organizza iniziativa a sostegno del SI al referendum"}]},{"@type":"WebSite","@id":"https:\/\/progettotouring.it\/radiotouring104\/#website","url":"https:\/\/progettotouring.it\/radiotouring104\/","name":"Radio Touring 104","description":"La prima radio Reggina","publisher":{"@id":"https:\/\/progettotouring.it\/radiotouring104\/#organization"},"potentialAction":[{"@type":"SearchAction","target":{"@type":"EntryPoint","urlTemplate":"https:\/\/progettotouring.it\/radiotouring104\/?s={search_term_string}"},"query-input":{"@type":"PropertyValueSpecification","valueRequired":true,"valueName":"search_term_string"}}],"inLanguage":"it-IT"},{"@type":"Organization","@id":"https:\/\/progettotouring.it\/radiotouring104\/#organization","name":"Radio Touring 104","url":"https:\/\/progettotouring.it\/radiotouring104\/","logo":{"@type":"ImageObject","inLanguage":"it-IT","@id":"https:\/\/progettotouring.it\/radiotouring104\/#\/schema\/logo\/image\/","url":"https:\/\/progettotouring.it\/radiotouring104\/wp-content\/uploads\/sites\/6\/2022\/02\/cropped-logo-radio-touring-104.png","contentUrl":"https:\/\/progettotouring.it\/radiotouring104\/wp-content\/uploads\/sites\/6\/2022\/02\/cropped-logo-radio-touring-104.png","width":377,"height":182,"caption":"Radio Touring 104"},"image":{"@id":"https:\/\/progettotouring.it\/radiotouring104\/#\/schema\/logo\/image\/"}},{"@type":"Person","@id":"https:\/\/progettotouring.it\/radiotouring104\/#\/schema\/person\/b9f9c3730b0a78814c9b9f3bfc52c619","name":"S L","image":{"@type":"ImageObject","inLanguage":"it-IT","@id":"https:\/\/secure.gravatar.com\/avatar\/652c51789d7030aaed9ff828331360502a68204fe6fb0831bc280515210e16d2?s=96&d=mm&r=g","url":"https:\/\/secure.gravatar.com\/avatar\/652c51789d7030aaed9ff828331360502a68204fe6fb0831bc280515210e16d2?s=96&d=mm&r=g","contentUrl":"https:\/\/secure.gravatar.com\/avatar\/652c51789d7030aaed9ff828331360502a68204fe6fb0831bc280515210e16d2?s=96&d=mm&r=g","caption":"S L"},"url":"https:\/\/progettotouring.it\/radiotouring104\/author\/slibri\/"}]}},"jetpack_publicize_connections":[],"jetpack_featured_media_url":"https:\/\/progettotouring.it\/radiotouring104\/wp-content\/uploads\/sites\/6\/2025\/04\/europa-referendum.jpg","jetpack_sharing_enabled":true,"_links":{"self":[{"href":"https:\/\/progettotouring.it\/radiotouring104\/wp-json\/wp\/v2\/posts\/72046","targetHints":{"allow":["GET"]}}],"collection":[{"href":"https:\/\/progettotouring.it\/radiotouring104\/wp-json\/wp\/v2\/posts"}],"about":[{"href":"https:\/\/progettotouring.it\/radiotouring104\/wp-json\/wp\/v2\/types\/post"}],"author":[{"embeddable":true,"href":"https:\/\/progettotouring.it\/radiotouring104\/wp-json\/wp\/v2\/users\/19"}],"replies":[{"embeddable":true,"href":"https:\/\/progettotouring.it\/radiotouring104\/wp-json\/wp\/v2\/comments?post=72046"}],"version-history":[{"count":2,"href":"https:\/\/progettotouring.it\/radiotouring104\/wp-json\/wp\/v2\/posts\/72046\/revisions"}],"predecessor-version":[{"id":72050,"href":"https:\/\/progettotouring.it\/radiotouring104\/wp-json\/wp\/v2\/posts\/72046\/revisions\/72050"}],"wp:featuredmedia":[{"embeddable":true,"href":"https:\/\/progettotouring.it\/radiotouring104\/wp-json\/wp\/v2\/media\/72047"}],"wp:attachment":[{"href":"https:\/\/progettotouring.it\/radiotouring104\/wp-json\/wp\/v2\/media?parent=72046"}],"wp:term":[{"taxonomy":"category","embeddable":true,"href":"https:\/\/progettotouring.it\/radiotouring104\/wp-json\/wp\/v2\/categories?post=72046"},{"taxonomy":"post_tag","embeddable":true,"href":"https:\/\/progettotouring.it\/radiotouring104\/wp-json\/wp\/v2\/tags?post=72046"}],"curies":[{"name":"wp","href":"https:\/\/api.w.org\/{rel}","templated":true}]}}