{"id":72058,"date":"2025-04-25T22:40:21","date_gmt":"2025-04-25T20:40:21","guid":{"rendered":"https:\/\/progettotouring.it\/radiotouring104\/?p=72058"},"modified":"2025-04-25T22:40:21","modified_gmt":"2025-04-25T20:40:21","slug":"ecolandia-parte-il-festival-spettacoli-nella-natura-officina-del-fuoco","status":"publish","type":"post","link":"https:\/\/progettotouring.it\/radiotouring104\/2025\/04\/25\/ecolandia-parte-il-festival-spettacoli-nella-natura-officina-del-fuoco\/","title":{"rendered":"Ecolandia, parte il Festival\u00a0\u201cSpettacoli nella Natura \u2013 Officina del Fuoco\u201d"},"content":{"rendered":"<p class=\"xmprfx_MsoNormal\">La Natura arde e si rigenera. Da una ferita si pu\u00f2 rinascere.<\/p>\n<p><img fetchpriority=\"high\" decoding=\"async\" class=\"alignnone size-medium wp-image-72060\" src=\"https:\/\/progettotouring.it\/radiotouring104\/wp-content\/uploads\/sites\/6\/2025\/04\/2025_MUSEA_LOCANDINA_web-212x300.jpg\" alt=\"\" width=\"212\" height=\"300\" srcset=\"https:\/\/progettotouring.it\/radiotouring104\/wp-content\/uploads\/sites\/6\/2025\/04\/2025_MUSEA_LOCANDINA_web-212x300.jpg 212w, https:\/\/progettotouring.it\/radiotouring104\/wp-content\/uploads\/sites\/6\/2025\/04\/2025_MUSEA_LOCANDINA_web-724x1024.jpg 724w, https:\/\/progettotouring.it\/radiotouring104\/wp-content\/uploads\/sites\/6\/2025\/04\/2025_MUSEA_LOCANDINA_web-768x1086.jpg 768w, https:\/\/progettotouring.it\/radiotouring104\/wp-content\/uploads\/sites\/6\/2025\/04\/2025_MUSEA_LOCANDINA_web-585x827.jpg 585w, https:\/\/progettotouring.it\/radiotouring104\/wp-content\/uploads\/sites\/6\/2025\/04\/2025_MUSEA_LOCANDINA_web.jpg 898w\" sizes=\"(max-width: 212px) 100vw, 212px\" \/><\/p>\n<p class=\"xmprfx_MsoNormal\">\u00c8 da questa visione che nasce il Festival <i>\u201cSpettacoli nella Natura \u2013 Officina del Fuoco\u201d<\/i>, progetto di\u00a0Ecolandia, fortemente legato alla storia recente del Parco, che ha subito incendi dolosi che ne hanno colpito duramente la struttura e la comunit\u00e0. Ma proprio da questo dolore nasce la scintilla creativa.<\/p>\n<p class=\"xmprfx_MsoNormal\">&#8220;<em>La nostra Regione\u201d<\/em> afferma il Direttore Artistico\u00a0Emanuele Milasi\u00a0\u201c<em>balza spesso alle cronache per i tristi incendi che distruggono i suoi territori, dalle montagne agli spazi privati. Non molto tempo fa, il ristorante e gli uffici amministrativi del Parco di Ecolandia sono stati dati alle fiamme.<\/em><\/p>\n<p><img decoding=\"async\" class=\"alignnone size-medium wp-image-72061\" src=\"https:\/\/progettotouring.it\/radiotouring104\/wp-content\/uploads\/sites\/6\/2025\/04\/foto_direttore_artistico_emanuele_milasi-300x240.jpg\" alt=\"\" width=\"300\" height=\"240\" srcset=\"https:\/\/progettotouring.it\/radiotouring104\/wp-content\/uploads\/sites\/6\/2025\/04\/foto_direttore_artistico_emanuele_milasi-300x240.jpg 300w, https:\/\/progettotouring.it\/radiotouring104\/wp-content\/uploads\/sites\/6\/2025\/04\/foto_direttore_artistico_emanuele_milasi-1024x820.jpg 1024w, https:\/\/progettotouring.it\/radiotouring104\/wp-content\/uploads\/sites\/6\/2025\/04\/foto_direttore_artistico_emanuele_milasi-768x615.jpg 768w, https:\/\/progettotouring.it\/radiotouring104\/wp-content\/uploads\/sites\/6\/2025\/04\/foto_direttore_artistico_emanuele_milasi-1170x937.jpg 1170w, https:\/\/progettotouring.it\/radiotouring104\/wp-content\/uploads\/sites\/6\/2025\/04\/foto_direttore_artistico_emanuele_milasi-585x468.jpg 585w, https:\/\/progettotouring.it\/radiotouring104\/wp-content\/uploads\/sites\/6\/2025\/04\/foto_direttore_artistico_emanuele_milasi.jpg 1270w\" sizes=\"(max-width: 300px) 100vw, 300px\" \/><\/p>\n<p class=\"xmprfx_MsoNormal\">\nE questo festival,\u00a0<strong>Spettacoli della Natura \u2013 Officina del Fuoco<\/strong>, \u00e8 la risposta di Ecolandia agli atti criminali che ha subito.\u201d<\/p>\n<p class=\"xmprfx_MsoNormal\">Il Festival, che durer\u00e0 fino a Settembre 2025, coinvolger\u00e0, nel mese di Maggio, i territori di Reggio Calabria, Arghill\u00e0 e Palmi, unendo paesaggi, persone e forme d\u2019arte in un grande rito collettivo di rinascita.<\/p>\n<p class=\"xmprfx_MsoNormal\"><em>\u201cQuesto Festival\u201d<\/em> prosegue Milasi \u201c<em>vuole trasformare il fuoco da evento distruttivo a forza rigenerante, come fenice far rinascere la passione che da sempre ci caratterizza. Fuoco come distruzione e ricostruzione quindi, in un festival che si muove tra Reggio Calabria, Arghill\u00e0 e Palmi.<\/em><br \/>\n<em>Un festival che unisce luoghi ma anche forme d&#8217;arte, dalla fotografia ai murales, dai fumetti ai videogiochi. Un festival che dice: &#8216;non molliamo&#8217; e che, come i vecchi mangiatori di fuoco, ingoia la fiamma per farne spettacolo pirotecnico.&#8221;<\/em><\/p>\n<p class=\"xmprfx_MsoNormal\"><i>\u201c<\/i>Spettacoli nella Natura \u2013 Officina del Fuoco<i>\u201d<\/i>\u00a0\u00e8 sostenuto dalla Regione Calabria.\u00a0La partecipazione a workshop ed eventi \u00e8 totalmente GRATUITA.<\/p>\n<div class=\"xmprfx_MsoNormal\" align=\"center\">\n<hr align=\"center\" size=\"2\" width=\"100%\" \/>\n<\/div>\n<p class=\"xmprfx_MsoNormal\">PROGRAMMA del Mese di MAGGIO 2025<\/p>\n<p class=\"xmprfx_MsoNormal\">9 MAGGIO<br \/>\n\ud83d\udccd\u00a0<i>Parco Ecolandia \u2013 Arghill\u00e0 \u2013 Reggio Calabria<\/i>\u00a0(15:00\u201317:00)<br \/>\nDAMIX \u2013 Fumetti Ignifughi<br \/>\nLaboratorio di fumetto per bambini (5\u201311 anni)<br \/>\n\ud83d\udd17\u00a0<a href=\"https:\/\/musea.museum\/in-evidenza\/workshop-di-fumetto\" target=\"_blank\" rel=\"noopener noreferrer\">Workshop di fumetto<\/a><\/p>\n<div class=\"xmprfx_MsoNormal\" align=\"center\">\n<hr align=\"center\" size=\"2\" width=\"100%\" \/>\n<\/div>\n<p class=\"xmprfx_MsoNormal\">16 MAGGIO<br \/>\n\ud83d\udccd\u00a0<i>Parco Ecolandia \u2013 Arghill\u00e0 \u2013 Reggio Calabria<\/i>\u00a0(15:00\u201317:00)<br \/>\nGASPARE ORRICO \u2013 Kaboom! Dall&#8217;idea all&#8217;immagine<br \/>\nLaboratorio di fumetto per bambini (5\u201311 anni)<br \/>\n\ud83d\udd17\u00a0<a href=\"https:\/\/musea.museum\/in-evidenza\/workshop-di-fumetto\/\" target=\"_blank\" rel=\"noopener noreferrer\">Workshop di fumetto<\/a><\/p>\n<p class=\"xmprfx_MsoNormal\">\n<p class=\"xmprfx_MsoNormal\">16-17 MAGGIO<br \/>\n\ud83d\udccd\u00a0<i>Musea \u2013 Reggio Calabria<\/i><br \/>\nLaboratorio partecipato con Boris Veliz<br \/>\nCreazione di un murales monumentale di 6 metri d\u2019altezza con la partecipazione degli studenti di una scuola reggina.<br \/>\n\ud83d\udd17\u00a0<a href=\"https:\/\/www.thewaymagazine.it\/people\/boris-veliz-arte-che-fa-ponte-tra-culture-e-istituzioni\/\" target=\"_blank\" rel=\"noopener noreferrer\">Boris Veliz \u2013 Bio<\/a><\/p>\n<div class=\"xmprfx_MsoNormal\" align=\"center\">\n<hr align=\"center\" size=\"2\" width=\"100%\" \/>\n<\/div>\n<p class=\"xmprfx_MsoNormal\">18 MAGGIO<br \/>\n\ud83d\udccd\u00a0<i>Musea \u2013 Reggio Calabria<\/i><br \/>\n\u2728\u00a0Presentazione ufficiale del Murales di Boris Veliz<br \/>\n\ud83d\udcf7\u00a0Inaugurazione mostra fotografica\u00a0(vincitore del bando)<br \/>\n\ud83c\udfa5\u00a0Laboratorio fotografia e cinema\u00a0a cura di\u00a0Emanuele Milasi<br \/>\n\ud83c\udfad\u00a0Laboratorio fotografia e teatro\u00a0a cura di\u00a0Maria Milasi<\/p>\n<div class=\"xmprfx_MsoNormal\" align=\"center\">\n<hr align=\"center\" size=\"2\" width=\"100%\" \/>\n<\/div>\n<p class=\"xmprfx_MsoNormal\">23 MAGGIO<br \/>\n\ud83d\udccd\u00a0<i>Polo Sanitario di Prossimit\u00e0 \u2013 Arghill\u00e0 \u2013 Reggio Calabria<\/i>\u00a0(15:00\u201317:00)<br \/>\nSIMONA CORDERO \u2013 Fuocobomba e Acquagetto: Disegnare i Pok\u00e9mon<br \/>\nLaboratorio di fumetto per bambini (5\u201311 anni)<br \/>\n\ud83d\udd17\u00a0<a href=\"https:\/\/musea.museum\/in-evidenza\/workshop-di-fumetto\/\" target=\"_blank\" rel=\"noopener noreferrer\">Workshop di fumetto<\/a><\/p>\n<div class=\"xmprfx_MsoNormal\" align=\"center\">\n<hr align=\"center\" size=\"2\" width=\"100%\" \/>\n<\/div>\n<p class=\"xmprfx_MsoNormal\">30 MAGGIO<br \/>\n\ud83d\udccd\u00a0<i>Polo Sanitario di Prossimit\u00e0 \u2013 Arghill\u00e0 \u2013 Reggio Calabria<\/i>\u00a0(15:00\u201317:00)<br \/>\nVINCENZO FILOSA \u2013 Disegnare i Manga<br \/>\nLaboratorio di fumetto per bambini (5\u201311 anni)<br \/>\n\ud83d\udd17\u00a0<a href=\"https:\/\/musea.museum\/in-evidenza\/workshop-di-fumetto\/\" target=\"_blank\" rel=\"noopener noreferrer\">Workshop di fumetto<\/a><\/p>\n<div class=\"xmprfx_MsoNormal\" align=\"center\">\n<hr align=\"center\" size=\"2\" width=\"100%\" \/>\n<\/div>\n<p class=\"xmprfx_MsoNormal\">INFO E CONTATTI<\/p>\n<p class=\"xmprfx_MsoNormal\"><a href=\"https:\/\/www.parcoecolandia.it\/\" target=\"_blank\" rel=\"noopener noreferrer\">https:\/\/www.parcoecolandia.it\/<\/a><br \/>\n<a href=\"https:\/\/musea.museum\/\" target=\"_blank\" rel=\"noopener noreferrer\">https:\/\/musea.museum\/<\/a><\/p>\n","protected":false},"excerpt":{"rendered":"<p>La Natura arde e si rigenera. Da una ferita si pu\u00f2 rinascere. \u00c8 da questa visione che nasce il Festival \u201cSpettacoli nella Natura \u2013 Officina del Fuoco\u201d, progetto di\u00a0Ecolandia, fortemente&hellip;<\/p>\n","protected":false},"author":19,"featured_media":72059,"comment_status":"closed","ping_status":"open","sticky":false,"template":"","format":"standard","meta":{"_jetpack_memberships_contains_paid_content":false,"footnotes":"","jetpack_publicize_message":"","jetpack_publicize_feature_enabled":true,"jetpack_social_post_already_shared":true,"jetpack_social_options":{"image_generator_settings":{"template":"highway","default_image_id":0,"font":"","enabled":false},"version":2}},"categories":[921,196,140,147],"tags":[],"class_list":["post-72058","post","type-post","status-publish","format-standard","has-post-thumbnail","hentry","category-home","category-news","category-reggio-calabria","category-spettacoli"],"yoast_head":"<!-- This site is optimized with the Yoast SEO plugin v27.2 - https:\/\/yoast.com\/product\/yoast-seo-wordpress\/ -->\n<title>Ecolandia, parte il Festival\u00a0\u201cSpettacoli nella Natura \u2013 Officina del Fuoco\u201d - Radio Touring 104<\/title>\n<meta name=\"description\" content=\"Pubblicato il programma del prossimo mese di maggio\" \/>\n<meta name=\"robots\" content=\"index, follow, max-snippet:-1, max-image-preview:large, max-video-preview:-1\" \/>\n<link rel=\"canonical\" href=\"https:\/\/progettotouring.it\/radiotouring104\/2025\/04\/25\/ecolandia-parte-il-festival-spettacoli-nella-natura-officina-del-fuoco\/\" \/>\n<meta property=\"og:locale\" content=\"it_IT\" \/>\n<meta property=\"og:type\" content=\"article\" \/>\n<meta property=\"og:title\" content=\"Ecolandia, parte il Festival\u00a0\u201cSpettacoli nella Natura \u2013 Officina del Fuoco\u201d - Radio Touring 104\" \/>\n<meta property=\"og:description\" content=\"Pubblicato il programma del prossimo mese di maggio\" \/>\n<meta property=\"og:url\" content=\"https:\/\/progettotouring.it\/radiotouring104\/2025\/04\/25\/ecolandia-parte-il-festival-spettacoli-nella-natura-officina-del-fuoco\/\" \/>\n<meta property=\"og:site_name\" content=\"Radio Touring 104\" \/>\n<meta property=\"article:published_time\" content=\"2025-04-25T20:40:21+00:00\" \/>\n<meta property=\"og:image\" content=\"https:\/\/progettotouring.it\/radiotouring104\/wp-content\/uploads\/sites\/6\/2025\/04\/festival-ecolandia.jpg\" \/>\n\t<meta property=\"og:image:width\" content=\"1472\" \/>\n\t<meta property=\"og:image:height\" content=\"832\" \/>\n\t<meta property=\"og:image:type\" content=\"image\/jpeg\" \/>\n<meta name=\"author\" content=\"S L\" \/>\n<meta name=\"twitter:card\" content=\"summary_large_image\" \/>\n<meta name=\"twitter:label1\" content=\"Scritto da\" \/>\n\t<meta name=\"twitter:data1\" content=\"S L\" \/>\n\t<meta name=\"twitter:label2\" content=\"Tempo di lettura stimato\" \/>\n\t<meta name=\"twitter:data2\" content=\"2 minuti\" \/>\n<script type=\"application\/ld+json\" class=\"yoast-schema-graph\">{\"@context\":\"https:\/\/schema.org\",\"@graph\":[{\"@type\":\"Article\",\"@id\":\"https:\/\/progettotouring.it\/radiotouring104\/2025\/04\/25\/ecolandia-parte-il-festival-spettacoli-nella-natura-officina-del-fuoco\/#article\",\"isPartOf\":{\"@id\":\"https:\/\/progettotouring.it\/radiotouring104\/2025\/04\/25\/ecolandia-parte-il-festival-spettacoli-nella-natura-officina-del-fuoco\/\"},\"author\":{\"name\":\"S L\",\"@id\":\"https:\/\/progettotouring.it\/radiotouring104\/#\/schema\/person\/b9f9c3730b0a78814c9b9f3bfc52c619\"},\"headline\":\"Ecolandia, parte il Festival\u00a0\u201cSpettacoli nella Natura \u2013 Officina del Fuoco\u201d\",\"datePublished\":\"2025-04-25T20:40:21+00:00\",\"mainEntityOfPage\":{\"@id\":\"https:\/\/progettotouring.it\/radiotouring104\/2025\/04\/25\/ecolandia-parte-il-festival-spettacoli-nella-natura-officina-del-fuoco\/\"},\"wordCount\":434,\"publisher\":{\"@id\":\"https:\/\/progettotouring.it\/radiotouring104\/#organization\"},\"image\":{\"@id\":\"https:\/\/progettotouring.it\/radiotouring104\/2025\/04\/25\/ecolandia-parte-il-festival-spettacoli-nella-natura-officina-del-fuoco\/#primaryimage\"},\"thumbnailUrl\":\"https:\/\/progettotouring.it\/radiotouring104\/wp-content\/uploads\/sites\/6\/2025\/04\/festival-ecolandia.jpg\",\"articleSection\":[\"Home\",\"News\",\"Reggio Calabria\",\"Spettacoli\"],\"inLanguage\":\"it-IT\"},{\"@type\":\"WebPage\",\"@id\":\"https:\/\/progettotouring.it\/radiotouring104\/2025\/04\/25\/ecolandia-parte-il-festival-spettacoli-nella-natura-officina-del-fuoco\/\",\"url\":\"https:\/\/progettotouring.it\/radiotouring104\/2025\/04\/25\/ecolandia-parte-il-festival-spettacoli-nella-natura-officina-del-fuoco\/\",\"name\":\"Ecolandia, parte il Festival\u00a0\u201cSpettacoli nella Natura \u2013 Officina del Fuoco\u201d - Radio Touring 104\",\"isPartOf\":{\"@id\":\"https:\/\/progettotouring.it\/radiotouring104\/#website\"},\"primaryImageOfPage\":{\"@id\":\"https:\/\/progettotouring.it\/radiotouring104\/2025\/04\/25\/ecolandia-parte-il-festival-spettacoli-nella-natura-officina-del-fuoco\/#primaryimage\"},\"image\":{\"@id\":\"https:\/\/progettotouring.it\/radiotouring104\/2025\/04\/25\/ecolandia-parte-il-festival-spettacoli-nella-natura-officina-del-fuoco\/#primaryimage\"},\"thumbnailUrl\":\"https:\/\/progettotouring.it\/radiotouring104\/wp-content\/uploads\/sites\/6\/2025\/04\/festival-ecolandia.jpg\",\"datePublished\":\"2025-04-25T20:40:21+00:00\",\"description\":\"Pubblicato il programma del prossimo mese di maggio\",\"breadcrumb\":{\"@id\":\"https:\/\/progettotouring.it\/radiotouring104\/2025\/04\/25\/ecolandia-parte-il-festival-spettacoli-nella-natura-officina-del-fuoco\/#breadcrumb\"},\"inLanguage\":\"it-IT\",\"potentialAction\":[{\"@type\":\"ReadAction\",\"target\":[\"https:\/\/progettotouring.it\/radiotouring104\/2025\/04\/25\/ecolandia-parte-il-festival-spettacoli-nella-natura-officina-del-fuoco\/\"]}]},{\"@type\":\"ImageObject\",\"inLanguage\":\"it-IT\",\"@id\":\"https:\/\/progettotouring.it\/radiotouring104\/2025\/04\/25\/ecolandia-parte-il-festival-spettacoli-nella-natura-officina-del-fuoco\/#primaryimage\",\"url\":\"https:\/\/progettotouring.it\/radiotouring104\/wp-content\/uploads\/sites\/6\/2025\/04\/festival-ecolandia.jpg\",\"contentUrl\":\"https:\/\/progettotouring.it\/radiotouring104\/wp-content\/uploads\/sites\/6\/2025\/04\/festival-ecolandia.jpg\",\"width\":1472,\"height\":832},{\"@type\":\"BreadcrumbList\",\"@id\":\"https:\/\/progettotouring.it\/radiotouring104\/2025\/04\/25\/ecolandia-parte-il-festival-spettacoli-nella-natura-officina-del-fuoco\/#breadcrumb\",\"itemListElement\":[{\"@type\":\"ListItem\",\"position\":1,\"name\":\"Home\",\"item\":\"https:\/\/progettotouring.it\/radiotouring104\/\"},{\"@type\":\"ListItem\",\"position\":2,\"name\":\"Ecolandia, parte il Festival\u00a0\u201cSpettacoli nella Natura \u2013 Officina del Fuoco\u201d\"}]},{\"@type\":\"WebSite\",\"@id\":\"https:\/\/progettotouring.it\/radiotouring104\/#website\",\"url\":\"https:\/\/progettotouring.it\/radiotouring104\/\",\"name\":\"Radio Touring 104\",\"description\":\"La prima radio Reggina\",\"publisher\":{\"@id\":\"https:\/\/progettotouring.it\/radiotouring104\/#organization\"},\"potentialAction\":[{\"@type\":\"SearchAction\",\"target\":{\"@type\":\"EntryPoint\",\"urlTemplate\":\"https:\/\/progettotouring.it\/radiotouring104\/?s={search_term_string}\"},\"query-input\":{\"@type\":\"PropertyValueSpecification\",\"valueRequired\":true,\"valueName\":\"search_term_string\"}}],\"inLanguage\":\"it-IT\"},{\"@type\":\"Organization\",\"@id\":\"https:\/\/progettotouring.it\/radiotouring104\/#organization\",\"name\":\"Radio Touring 104\",\"url\":\"https:\/\/progettotouring.it\/radiotouring104\/\",\"logo\":{\"@type\":\"ImageObject\",\"inLanguage\":\"it-IT\",\"@id\":\"https:\/\/progettotouring.it\/radiotouring104\/#\/schema\/logo\/image\/\",\"url\":\"https:\/\/progettotouring.it\/radiotouring104\/wp-content\/uploads\/sites\/6\/2022\/02\/cropped-logo-radio-touring-104.png\",\"contentUrl\":\"https:\/\/progettotouring.it\/radiotouring104\/wp-content\/uploads\/sites\/6\/2022\/02\/cropped-logo-radio-touring-104.png\",\"width\":377,\"height\":182,\"caption\":\"Radio Touring 104\"},\"image\":{\"@id\":\"https:\/\/progettotouring.it\/radiotouring104\/#\/schema\/logo\/image\/\"}},{\"@type\":\"Person\",\"@id\":\"https:\/\/progettotouring.it\/radiotouring104\/#\/schema\/person\/b9f9c3730b0a78814c9b9f3bfc52c619\",\"name\":\"S L\",\"image\":{\"@type\":\"ImageObject\",\"inLanguage\":\"it-IT\",\"@id\":\"https:\/\/secure.gravatar.com\/avatar\/652c51789d7030aaed9ff828331360502a68204fe6fb0831bc280515210e16d2?s=96&d=mm&r=g\",\"url\":\"https:\/\/secure.gravatar.com\/avatar\/652c51789d7030aaed9ff828331360502a68204fe6fb0831bc280515210e16d2?s=96&d=mm&r=g\",\"contentUrl\":\"https:\/\/secure.gravatar.com\/avatar\/652c51789d7030aaed9ff828331360502a68204fe6fb0831bc280515210e16d2?s=96&d=mm&r=g\",\"caption\":\"S L\"},\"url\":\"https:\/\/progettotouring.it\/radiotouring104\/author\/slibri\/\"}]}<\/script>\n<!-- \/ Yoast SEO plugin. -->","yoast_head_json":{"title":"Ecolandia, parte il Festival\u00a0\u201cSpettacoli nella Natura \u2013 Officina del Fuoco\u201d - Radio Touring 104","description":"Pubblicato il programma del prossimo mese di maggio","robots":{"index":"index","follow":"follow","max-snippet":"max-snippet:-1","max-image-preview":"max-image-preview:large","max-video-preview":"max-video-preview:-1"},"canonical":"https:\/\/progettotouring.it\/radiotouring104\/2025\/04\/25\/ecolandia-parte-il-festival-spettacoli-nella-natura-officina-del-fuoco\/","og_locale":"it_IT","og_type":"article","og_title":"Ecolandia, parte il Festival\u00a0\u201cSpettacoli nella Natura \u2013 Officina del Fuoco\u201d - Radio Touring 104","og_description":"Pubblicato il programma del prossimo mese di maggio","og_url":"https:\/\/progettotouring.it\/radiotouring104\/2025\/04\/25\/ecolandia-parte-il-festival-spettacoli-nella-natura-officina-del-fuoco\/","og_site_name":"Radio Touring 104","article_published_time":"2025-04-25T20:40:21+00:00","og_image":[{"width":1472,"height":832,"url":"https:\/\/progettotouring.it\/radiotouring104\/wp-content\/uploads\/sites\/6\/2025\/04\/festival-ecolandia.jpg","type":"image\/jpeg"}],"author":"S L","twitter_card":"summary_large_image","twitter_misc":{"Scritto da":"S L","Tempo di lettura stimato":"2 minuti"},"schema":{"@context":"https:\/\/schema.org","@graph":[{"@type":"Article","@id":"https:\/\/progettotouring.it\/radiotouring104\/2025\/04\/25\/ecolandia-parte-il-festival-spettacoli-nella-natura-officina-del-fuoco\/#article","isPartOf":{"@id":"https:\/\/progettotouring.it\/radiotouring104\/2025\/04\/25\/ecolandia-parte-il-festival-spettacoli-nella-natura-officina-del-fuoco\/"},"author":{"name":"S L","@id":"https:\/\/progettotouring.it\/radiotouring104\/#\/schema\/person\/b9f9c3730b0a78814c9b9f3bfc52c619"},"headline":"Ecolandia, parte il Festival\u00a0\u201cSpettacoli nella Natura \u2013 Officina del Fuoco\u201d","datePublished":"2025-04-25T20:40:21+00:00","mainEntityOfPage":{"@id":"https:\/\/progettotouring.it\/radiotouring104\/2025\/04\/25\/ecolandia-parte-il-festival-spettacoli-nella-natura-officina-del-fuoco\/"},"wordCount":434,"publisher":{"@id":"https:\/\/progettotouring.it\/radiotouring104\/#organization"},"image":{"@id":"https:\/\/progettotouring.it\/radiotouring104\/2025\/04\/25\/ecolandia-parte-il-festival-spettacoli-nella-natura-officina-del-fuoco\/#primaryimage"},"thumbnailUrl":"https:\/\/progettotouring.it\/radiotouring104\/wp-content\/uploads\/sites\/6\/2025\/04\/festival-ecolandia.jpg","articleSection":["Home","News","Reggio Calabria","Spettacoli"],"inLanguage":"it-IT"},{"@type":"WebPage","@id":"https:\/\/progettotouring.it\/radiotouring104\/2025\/04\/25\/ecolandia-parte-il-festival-spettacoli-nella-natura-officina-del-fuoco\/","url":"https:\/\/progettotouring.it\/radiotouring104\/2025\/04\/25\/ecolandia-parte-il-festival-spettacoli-nella-natura-officina-del-fuoco\/","name":"Ecolandia, parte il Festival\u00a0\u201cSpettacoli nella Natura \u2013 Officina del Fuoco\u201d - Radio Touring 104","isPartOf":{"@id":"https:\/\/progettotouring.it\/radiotouring104\/#website"},"primaryImageOfPage":{"@id":"https:\/\/progettotouring.it\/radiotouring104\/2025\/04\/25\/ecolandia-parte-il-festival-spettacoli-nella-natura-officina-del-fuoco\/#primaryimage"},"image":{"@id":"https:\/\/progettotouring.it\/radiotouring104\/2025\/04\/25\/ecolandia-parte-il-festival-spettacoli-nella-natura-officina-del-fuoco\/#primaryimage"},"thumbnailUrl":"https:\/\/progettotouring.it\/radiotouring104\/wp-content\/uploads\/sites\/6\/2025\/04\/festival-ecolandia.jpg","datePublished":"2025-04-25T20:40:21+00:00","description":"Pubblicato il programma del prossimo mese di maggio","breadcrumb":{"@id":"https:\/\/progettotouring.it\/radiotouring104\/2025\/04\/25\/ecolandia-parte-il-festival-spettacoli-nella-natura-officina-del-fuoco\/#breadcrumb"},"inLanguage":"it-IT","potentialAction":[{"@type":"ReadAction","target":["https:\/\/progettotouring.it\/radiotouring104\/2025\/04\/25\/ecolandia-parte-il-festival-spettacoli-nella-natura-officina-del-fuoco\/"]}]},{"@type":"ImageObject","inLanguage":"it-IT","@id":"https:\/\/progettotouring.it\/radiotouring104\/2025\/04\/25\/ecolandia-parte-il-festival-spettacoli-nella-natura-officina-del-fuoco\/#primaryimage","url":"https:\/\/progettotouring.it\/radiotouring104\/wp-content\/uploads\/sites\/6\/2025\/04\/festival-ecolandia.jpg","contentUrl":"https:\/\/progettotouring.it\/radiotouring104\/wp-content\/uploads\/sites\/6\/2025\/04\/festival-ecolandia.jpg","width":1472,"height":832},{"@type":"BreadcrumbList","@id":"https:\/\/progettotouring.it\/radiotouring104\/2025\/04\/25\/ecolandia-parte-il-festival-spettacoli-nella-natura-officina-del-fuoco\/#breadcrumb","itemListElement":[{"@type":"ListItem","position":1,"name":"Home","item":"https:\/\/progettotouring.it\/radiotouring104\/"},{"@type":"ListItem","position":2,"name":"Ecolandia, parte il Festival\u00a0\u201cSpettacoli nella Natura \u2013 Officina del Fuoco\u201d"}]},{"@type":"WebSite","@id":"https:\/\/progettotouring.it\/radiotouring104\/#website","url":"https:\/\/progettotouring.it\/radiotouring104\/","name":"Radio Touring 104","description":"La prima radio Reggina","publisher":{"@id":"https:\/\/progettotouring.it\/radiotouring104\/#organization"},"potentialAction":[{"@type":"SearchAction","target":{"@type":"EntryPoint","urlTemplate":"https:\/\/progettotouring.it\/radiotouring104\/?s={search_term_string}"},"query-input":{"@type":"PropertyValueSpecification","valueRequired":true,"valueName":"search_term_string"}}],"inLanguage":"it-IT"},{"@type":"Organization","@id":"https:\/\/progettotouring.it\/radiotouring104\/#organization","name":"Radio Touring 104","url":"https:\/\/progettotouring.it\/radiotouring104\/","logo":{"@type":"ImageObject","inLanguage":"it-IT","@id":"https:\/\/progettotouring.it\/radiotouring104\/#\/schema\/logo\/image\/","url":"https:\/\/progettotouring.it\/radiotouring104\/wp-content\/uploads\/sites\/6\/2022\/02\/cropped-logo-radio-touring-104.png","contentUrl":"https:\/\/progettotouring.it\/radiotouring104\/wp-content\/uploads\/sites\/6\/2022\/02\/cropped-logo-radio-touring-104.png","width":377,"height":182,"caption":"Radio Touring 104"},"image":{"@id":"https:\/\/progettotouring.it\/radiotouring104\/#\/schema\/logo\/image\/"}},{"@type":"Person","@id":"https:\/\/progettotouring.it\/radiotouring104\/#\/schema\/person\/b9f9c3730b0a78814c9b9f3bfc52c619","name":"S L","image":{"@type":"ImageObject","inLanguage":"it-IT","@id":"https:\/\/secure.gravatar.com\/avatar\/652c51789d7030aaed9ff828331360502a68204fe6fb0831bc280515210e16d2?s=96&d=mm&r=g","url":"https:\/\/secure.gravatar.com\/avatar\/652c51789d7030aaed9ff828331360502a68204fe6fb0831bc280515210e16d2?s=96&d=mm&r=g","contentUrl":"https:\/\/secure.gravatar.com\/avatar\/652c51789d7030aaed9ff828331360502a68204fe6fb0831bc280515210e16d2?s=96&d=mm&r=g","caption":"S L"},"url":"https:\/\/progettotouring.it\/radiotouring104\/author\/slibri\/"}]}},"jetpack_publicize_connections":[],"jetpack_featured_media_url":"https:\/\/progettotouring.it\/radiotouring104\/wp-content\/uploads\/sites\/6\/2025\/04\/festival-ecolandia.jpg","jetpack_sharing_enabled":true,"_links":{"self":[{"href":"https:\/\/progettotouring.it\/radiotouring104\/wp-json\/wp\/v2\/posts\/72058","targetHints":{"allow":["GET"]}}],"collection":[{"href":"https:\/\/progettotouring.it\/radiotouring104\/wp-json\/wp\/v2\/posts"}],"about":[{"href":"https:\/\/progettotouring.it\/radiotouring104\/wp-json\/wp\/v2\/types\/post"}],"author":[{"embeddable":true,"href":"https:\/\/progettotouring.it\/radiotouring104\/wp-json\/wp\/v2\/users\/19"}],"replies":[{"embeddable":true,"href":"https:\/\/progettotouring.it\/radiotouring104\/wp-json\/wp\/v2\/comments?post=72058"}],"version-history":[{"count":1,"href":"https:\/\/progettotouring.it\/radiotouring104\/wp-json\/wp\/v2\/posts\/72058\/revisions"}],"predecessor-version":[{"id":72062,"href":"https:\/\/progettotouring.it\/radiotouring104\/wp-json\/wp\/v2\/posts\/72058\/revisions\/72062"}],"wp:featuredmedia":[{"embeddable":true,"href":"https:\/\/progettotouring.it\/radiotouring104\/wp-json\/wp\/v2\/media\/72059"}],"wp:attachment":[{"href":"https:\/\/progettotouring.it\/radiotouring104\/wp-json\/wp\/v2\/media?parent=72058"}],"wp:term":[{"taxonomy":"category","embeddable":true,"href":"https:\/\/progettotouring.it\/radiotouring104\/wp-json\/wp\/v2\/categories?post=72058"},{"taxonomy":"post_tag","embeddable":true,"href":"https:\/\/progettotouring.it\/radiotouring104\/wp-json\/wp\/v2\/tags?post=72058"}],"curies":[{"name":"wp","href":"https:\/\/api.w.org\/{rel}","templated":true}]}}