{"id":72063,"date":"2025-04-25T22:53:01","date_gmt":"2025-04-25T20:53:01","guid":{"rendered":"https:\/\/progettotouring.it\/radiotouring104\/?p=72063"},"modified":"2025-04-25T22:53:01","modified_gmt":"2025-04-25T20:53:01","slug":"25-aprile-a-reggio-calabria","status":"publish","type":"post","link":"https:\/\/progettotouring.it\/radiotouring104\/2025\/04\/25\/25-aprile-a-reggio-calabria\/","title":{"rendered":"25 Aprile a Reggio Calabria"},"content":{"rendered":"<div><\/div>\n<div><img fetchpriority=\"high\" decoding=\"async\" class=\"alignnone size-medium wp-image-72067\" src=\"https:\/\/progettotouring.it\/radiotouring104\/wp-content\/uploads\/sites\/6\/2025\/04\/25-aprile-2025-5-300x169.jpeg\" alt=\"\" width=\"300\" height=\"169\" srcset=\"https:\/\/progettotouring.it\/radiotouring104\/wp-content\/uploads\/sites\/6\/2025\/04\/25-aprile-2025-5-300x169.jpeg 300w, https:\/\/progettotouring.it\/radiotouring104\/wp-content\/uploads\/sites\/6\/2025\/04\/25-aprile-2025-5-1024x576.jpeg 1024w, https:\/\/progettotouring.it\/radiotouring104\/wp-content\/uploads\/sites\/6\/2025\/04\/25-aprile-2025-5-768x432.jpeg 768w, https:\/\/progettotouring.it\/radiotouring104\/wp-content\/uploads\/sites\/6\/2025\/04\/25-aprile-2025-5-1536x865.jpeg 1536w, https:\/\/progettotouring.it\/radiotouring104\/wp-content\/uploads\/sites\/6\/2025\/04\/25-aprile-2025-5-2048x1153.jpeg 2048w, https:\/\/progettotouring.it\/radiotouring104\/wp-content\/uploads\/sites\/6\/2025\/04\/25-aprile-2025-5-1920x1081.jpeg 1920w, https:\/\/progettotouring.it\/radiotouring104\/wp-content\/uploads\/sites\/6\/2025\/04\/25-aprile-2025-5-1170x663.jpeg 1170w, https:\/\/progettotouring.it\/radiotouring104\/wp-content\/uploads\/sites\/6\/2025\/04\/25-aprile-2025-5-585x329.jpeg 585w\" sizes=\"(max-width: 300px) 100vw, 300px\" \/><\/div>\n<div><img decoding=\"async\" class=\"alignnone size-medium wp-image-72066\" src=\"https:\/\/progettotouring.it\/radiotouring104\/wp-content\/uploads\/sites\/6\/2025\/04\/25-aprile-2025-3-300x169.jpeg\" alt=\"\" width=\"300\" height=\"169\" srcset=\"https:\/\/progettotouring.it\/radiotouring104\/wp-content\/uploads\/sites\/6\/2025\/04\/25-aprile-2025-3-300x169.jpeg 300w, https:\/\/progettotouring.it\/radiotouring104\/wp-content\/uploads\/sites\/6\/2025\/04\/25-aprile-2025-3-1024x576.jpeg 1024w, https:\/\/progettotouring.it\/radiotouring104\/wp-content\/uploads\/sites\/6\/2025\/04\/25-aprile-2025-3-768x432.jpeg 768w, https:\/\/progettotouring.it\/radiotouring104\/wp-content\/uploads\/sites\/6\/2025\/04\/25-aprile-2025-3-1536x865.jpeg 1536w, https:\/\/progettotouring.it\/radiotouring104\/wp-content\/uploads\/sites\/6\/2025\/04\/25-aprile-2025-3-2048x1153.jpeg 2048w, https:\/\/progettotouring.it\/radiotouring104\/wp-content\/uploads\/sites\/6\/2025\/04\/25-aprile-2025-3-1920x1081.jpeg 1920w, https:\/\/progettotouring.it\/radiotouring104\/wp-content\/uploads\/sites\/6\/2025\/04\/25-aprile-2025-3-1170x663.jpeg 1170w, https:\/\/progettotouring.it\/radiotouring104\/wp-content\/uploads\/sites\/6\/2025\/04\/25-aprile-2025-3-585x329.jpeg 585w\" sizes=\"(max-width: 300px) 100vw, 300px\" \/><\/div>\n<div><\/div>\n<div><em>\u00abGramsci diceva di odiare gli indifferenti. C&#8217;\u00e8, a mio avviso, qualcosa di peggiore degli indifferenti: i tiepidi. Coloro che, per tante ragioni, anche di ruolo, indifferenti non possono essere e si dimostrano tiepidi rispetto a una ricorrenza che, ancora adesso, non riescono a vedere per quello che \u00e8: la pi\u00f9 importante festa nazionale della nostra Repubblica\u00bb<\/em>. Lo ha detto il sindaco Giuseppe Falcomat\u00e0 dal palco delle celebrazioni per l&#8217;80\u00b0 anniversario della Liberazione italiana dal nazifascismo, ai piedi della stele al Partigiano nella villa comunale di Reggio Calabria.<\/p>\n<p><em>\u00abChe questo avvenga ancora oggi che sono trascorsi 80 anni dal giorno in cui il nostro paese si \u00e8 liberato dal giogo della tirannia nazifascista<\/em> &#8211; ha sottolineato Falcomat\u00e0 &#8211; <em>che questa difficolt\u00e0 a pacificarsi con la storia esista ancora oggi, ci impone, ancora di pi\u00f9, di onorare al meglio questa giornata, onorare il ricordo ed il sacrificio dei nostri partigiani e non tradirne l&#8217;esempio\u00bb.<\/em><\/div>\n<div><\/div>\n<div><img decoding=\"async\" class=\"alignnone size-medium wp-image-72068\" src=\"https:\/\/progettotouring.it\/radiotouring104\/wp-content\/uploads\/sites\/6\/2025\/04\/25-aprile-2025-6-300x169.jpeg\" alt=\"\" width=\"300\" height=\"169\" srcset=\"https:\/\/progettotouring.it\/radiotouring104\/wp-content\/uploads\/sites\/6\/2025\/04\/25-aprile-2025-6-300x169.jpeg 300w, https:\/\/progettotouring.it\/radiotouring104\/wp-content\/uploads\/sites\/6\/2025\/04\/25-aprile-2025-6-1024x576.jpeg 1024w, https:\/\/progettotouring.it\/radiotouring104\/wp-content\/uploads\/sites\/6\/2025\/04\/25-aprile-2025-6-768x432.jpeg 768w, https:\/\/progettotouring.it\/radiotouring104\/wp-content\/uploads\/sites\/6\/2025\/04\/25-aprile-2025-6-1536x865.jpeg 1536w, https:\/\/progettotouring.it\/radiotouring104\/wp-content\/uploads\/sites\/6\/2025\/04\/25-aprile-2025-6-2048x1153.jpeg 2048w, https:\/\/progettotouring.it\/radiotouring104\/wp-content\/uploads\/sites\/6\/2025\/04\/25-aprile-2025-6-1920x1081.jpeg 1920w, https:\/\/progettotouring.it\/radiotouring104\/wp-content\/uploads\/sites\/6\/2025\/04\/25-aprile-2025-6-1170x663.jpeg 1170w, https:\/\/progettotouring.it\/radiotouring104\/wp-content\/uploads\/sites\/6\/2025\/04\/25-aprile-2025-6-585x329.jpeg 585w\" sizes=\"(max-width: 300px) 100vw, 300px\" \/><\/p>\n<p><em>\u00abSul 25 aprile<\/em> &#8211; ha aggiunto &#8211; n<em>on si negozia. Il 25 aprile non \u00e8 barattabile. Noi siamo orgogliosi di essere un&#8217;amministrazione dichiaratamente antifascista. Vorremmo, per\u00f2, che tutte le istituzioni e i loro rappresentanti, a livello locale e nazionale, lo fossero e lo dichiarassero apertamente, con orgoglio e senza timidezza\u00bb.<\/em><\/p>\n<p>Una timidezza, secondo il sindaco di Reggio Calabria, che <em>\u00abviene malcelata dietro una parola molto abusata in questi giorni: sobriet\u00e0\u00bb<\/em>. <em>\u00abSobriet\u00e0<\/em> &#8211; ha detto ancora &#8211; <em>non significa timidezza, non significa ignavia, men che meno diserzione. Significa rispetto. Che \u00e8 ci\u00f2 che probabilmente manca. Rispetto per chi non c&#8217;\u00e8 pi\u00f9. Rispetto per il ruolo che si riveste. Rispetto per le persone che nel proprio ruolo istituzionale si rappresentano, cio\u00e8 tutti. Rispetto per chi, combattendo e morendo, ci ha portato a stare dalla parte giusta della storia\u00bb<\/em>.<\/p>\n<p><em>\u00abReggio Calabria<\/em> &#8211; ha concluso Giuseppe Falcomat\u00e0 &#8211; <em>non vuole essere timida, tiepida o ambigua. Reggio Calabria non vuole disertare, ma dire con orgoglio viva l&#8217;Italia liberata! viva l&#8217;Italia antifascista!\u00bb.<\/em><\/div>\n<div><\/div>\n<div><img loading=\"lazy\" decoding=\"async\" class=\"alignnone size-medium wp-image-72065\" src=\"https:\/\/progettotouring.it\/radiotouring104\/wp-content\/uploads\/sites\/6\/2025\/04\/25-aprile-2025-4-300x169.jpeg\" alt=\"\" width=\"300\" height=\"169\" srcset=\"https:\/\/progettotouring.it\/radiotouring104\/wp-content\/uploads\/sites\/6\/2025\/04\/25-aprile-2025-4-300x169.jpeg 300w, https:\/\/progettotouring.it\/radiotouring104\/wp-content\/uploads\/sites\/6\/2025\/04\/25-aprile-2025-4-1024x576.jpeg 1024w, https:\/\/progettotouring.it\/radiotouring104\/wp-content\/uploads\/sites\/6\/2025\/04\/25-aprile-2025-4-768x432.jpeg 768w, https:\/\/progettotouring.it\/radiotouring104\/wp-content\/uploads\/sites\/6\/2025\/04\/25-aprile-2025-4-1536x865.jpeg 1536w, https:\/\/progettotouring.it\/radiotouring104\/wp-content\/uploads\/sites\/6\/2025\/04\/25-aprile-2025-4-2048x1153.jpeg 2048w, https:\/\/progettotouring.it\/radiotouring104\/wp-content\/uploads\/sites\/6\/2025\/04\/25-aprile-2025-4-1920x1081.jpeg 1920w, https:\/\/progettotouring.it\/radiotouring104\/wp-content\/uploads\/sites\/6\/2025\/04\/25-aprile-2025-4-1170x663.jpeg 1170w, https:\/\/progettotouring.it\/radiotouring104\/wp-content\/uploads\/sites\/6\/2025\/04\/25-aprile-2025-4-585x329.jpeg 585w\" sizes=\"(max-width: 300px) 100vw, 300px\" \/><\/div>\n<div>\nLa manifestazione di Reggio Calabria ha visto il coinvolgimento delle forze politiche e sindacali cittadine e delle associazioni democratiche e antifasciste Anpi, Alioscia, Ampa venticinqueaprile, Anpc, Fiap, Udi, Anei, Chiesa Valdese, Reggio non tace e Coordinamento Sharon.<\/div>\n","protected":false},"excerpt":{"rendered":"<p>\u00abGramsci diceva di odiare gli indifferenti. C&#8217;\u00e8, a mio avviso, qualcosa di peggiore degli indifferenti: i tiepidi. Coloro che, per tante ragioni, anche di ruolo, indifferenti non possono essere e&hellip;<\/p>\n","protected":false},"author":19,"featured_media":72064,"comment_status":"closed","ping_status":"open","sticky":false,"template":"","format":"standard","meta":{"_jetpack_memberships_contains_paid_content":false,"footnotes":"","jetpack_publicize_message":"","jetpack_publicize_feature_enabled":true,"jetpack_social_post_already_shared":true,"jetpack_social_options":{"image_generator_settings":{"template":"highway","default_image_id":0,"font":"","enabled":false},"version":2}},"categories":[921,150,196,140],"tags":[],"class_list":["post-72063","post","type-post","status-publish","format-standard","has-post-thumbnail","hentry","category-home","category-in-primo-piano","category-news","category-reggio-calabria"],"yoast_head":"<!-- This site is optimized with the Yoast SEO plugin v27.2 - https:\/\/yoast.com\/product\/yoast-seo-wordpress\/ -->\n<title>25 Aprile a Reggio Calabria - Radio Touring 104<\/title>\n<meta name=\"description\" content=\"Falcomat\u00e0: &quot;La pi\u00f9 importante festa nazionale della nostra Repubblica&quot;\" \/>\n<meta name=\"robots\" content=\"index, follow, max-snippet:-1, max-image-preview:large, max-video-preview:-1\" \/>\n<link rel=\"canonical\" href=\"https:\/\/progettotouring.it\/radiotouring104\/2025\/04\/25\/25-aprile-a-reggio-calabria\/\" \/>\n<meta property=\"og:locale\" content=\"it_IT\" \/>\n<meta property=\"og:type\" content=\"article\" \/>\n<meta property=\"og:title\" content=\"25 Aprile a Reggio Calabria - Radio Touring 104\" \/>\n<meta property=\"og:description\" content=\"Falcomat\u00e0: &quot;La pi\u00f9 importante festa nazionale della nostra Repubblica&quot;\" \/>\n<meta property=\"og:url\" content=\"https:\/\/progettotouring.it\/radiotouring104\/2025\/04\/25\/25-aprile-a-reggio-calabria\/\" \/>\n<meta property=\"og:site_name\" content=\"Radio Touring 104\" \/>\n<meta property=\"article:published_time\" content=\"2025-04-25T20:53:01+00:00\" \/>\n<meta property=\"og:image\" content=\"https:\/\/progettotouring.it\/radiotouring104\/wp-content\/uploads\/sites\/6\/2025\/04\/25-aprile-RC.jpg\" \/>\n\t<meta property=\"og:image:width\" content=\"1472\" \/>\n\t<meta property=\"og:image:height\" content=\"832\" \/>\n\t<meta property=\"og:image:type\" content=\"image\/jpeg\" \/>\n<meta name=\"author\" content=\"S L\" \/>\n<meta name=\"twitter:card\" content=\"summary_large_image\" \/>\n<meta name=\"twitter:label1\" content=\"Scritto da\" \/>\n\t<meta name=\"twitter:data1\" content=\"S L\" \/>\n\t<meta name=\"twitter:label2\" content=\"Tempo di lettura stimato\" \/>\n\t<meta name=\"twitter:data2\" content=\"2 minuti\" \/>\n<script type=\"application\/ld+json\" class=\"yoast-schema-graph\">{\"@context\":\"https:\/\/schema.org\",\"@graph\":[{\"@type\":\"Article\",\"@id\":\"https:\/\/progettotouring.it\/radiotouring104\/2025\/04\/25\/25-aprile-a-reggio-calabria\/#article\",\"isPartOf\":{\"@id\":\"https:\/\/progettotouring.it\/radiotouring104\/2025\/04\/25\/25-aprile-a-reggio-calabria\/\"},\"author\":{\"name\":\"S L\",\"@id\":\"https:\/\/progettotouring.it\/radiotouring104\/#\/schema\/person\/b9f9c3730b0a78814c9b9f3bfc52c619\"},\"headline\":\"25 Aprile a Reggio Calabria\",\"datePublished\":\"2025-04-25T20:53:01+00:00\",\"mainEntityOfPage\":{\"@id\":\"https:\/\/progettotouring.it\/radiotouring104\/2025\/04\/25\/25-aprile-a-reggio-calabria\/\"},\"wordCount\":352,\"publisher\":{\"@id\":\"https:\/\/progettotouring.it\/radiotouring104\/#organization\"},\"image\":{\"@id\":\"https:\/\/progettotouring.it\/radiotouring104\/2025\/04\/25\/25-aprile-a-reggio-calabria\/#primaryimage\"},\"thumbnailUrl\":\"https:\/\/progettotouring.it\/radiotouring104\/wp-content\/uploads\/sites\/6\/2025\/04\/25-aprile-RC.jpg\",\"articleSection\":[\"Home\",\"In primo piano\",\"News\",\"Reggio Calabria\"],\"inLanguage\":\"it-IT\"},{\"@type\":\"WebPage\",\"@id\":\"https:\/\/progettotouring.it\/radiotouring104\/2025\/04\/25\/25-aprile-a-reggio-calabria\/\",\"url\":\"https:\/\/progettotouring.it\/radiotouring104\/2025\/04\/25\/25-aprile-a-reggio-calabria\/\",\"name\":\"25 Aprile a Reggio Calabria - Radio Touring 104\",\"isPartOf\":{\"@id\":\"https:\/\/progettotouring.it\/radiotouring104\/#website\"},\"primaryImageOfPage\":{\"@id\":\"https:\/\/progettotouring.it\/radiotouring104\/2025\/04\/25\/25-aprile-a-reggio-calabria\/#primaryimage\"},\"image\":{\"@id\":\"https:\/\/progettotouring.it\/radiotouring104\/2025\/04\/25\/25-aprile-a-reggio-calabria\/#primaryimage\"},\"thumbnailUrl\":\"https:\/\/progettotouring.it\/radiotouring104\/wp-content\/uploads\/sites\/6\/2025\/04\/25-aprile-RC.jpg\",\"datePublished\":\"2025-04-25T20:53:01+00:00\",\"description\":\"Falcomat\u00e0: \\\"La pi\u00f9 importante festa nazionale della nostra Repubblica\\\"\",\"breadcrumb\":{\"@id\":\"https:\/\/progettotouring.it\/radiotouring104\/2025\/04\/25\/25-aprile-a-reggio-calabria\/#breadcrumb\"},\"inLanguage\":\"it-IT\",\"potentialAction\":[{\"@type\":\"ReadAction\",\"target\":[\"https:\/\/progettotouring.it\/radiotouring104\/2025\/04\/25\/25-aprile-a-reggio-calabria\/\"]}]},{\"@type\":\"ImageObject\",\"inLanguage\":\"it-IT\",\"@id\":\"https:\/\/progettotouring.it\/radiotouring104\/2025\/04\/25\/25-aprile-a-reggio-calabria\/#primaryimage\",\"url\":\"https:\/\/progettotouring.it\/radiotouring104\/wp-content\/uploads\/sites\/6\/2025\/04\/25-aprile-RC.jpg\",\"contentUrl\":\"https:\/\/progettotouring.it\/radiotouring104\/wp-content\/uploads\/sites\/6\/2025\/04\/25-aprile-RC.jpg\",\"width\":1472,\"height\":832},{\"@type\":\"BreadcrumbList\",\"@id\":\"https:\/\/progettotouring.it\/radiotouring104\/2025\/04\/25\/25-aprile-a-reggio-calabria\/#breadcrumb\",\"itemListElement\":[{\"@type\":\"ListItem\",\"position\":1,\"name\":\"Home\",\"item\":\"https:\/\/progettotouring.it\/radiotouring104\/\"},{\"@type\":\"ListItem\",\"position\":2,\"name\":\"25 Aprile a Reggio Calabria\"}]},{\"@type\":\"WebSite\",\"@id\":\"https:\/\/progettotouring.it\/radiotouring104\/#website\",\"url\":\"https:\/\/progettotouring.it\/radiotouring104\/\",\"name\":\"Radio Touring 104\",\"description\":\"La prima radio Reggina\",\"publisher\":{\"@id\":\"https:\/\/progettotouring.it\/radiotouring104\/#organization\"},\"potentialAction\":[{\"@type\":\"SearchAction\",\"target\":{\"@type\":\"EntryPoint\",\"urlTemplate\":\"https:\/\/progettotouring.it\/radiotouring104\/?s={search_term_string}\"},\"query-input\":{\"@type\":\"PropertyValueSpecification\",\"valueRequired\":true,\"valueName\":\"search_term_string\"}}],\"inLanguage\":\"it-IT\"},{\"@type\":\"Organization\",\"@id\":\"https:\/\/progettotouring.it\/radiotouring104\/#organization\",\"name\":\"Radio Touring 104\",\"url\":\"https:\/\/progettotouring.it\/radiotouring104\/\",\"logo\":{\"@type\":\"ImageObject\",\"inLanguage\":\"it-IT\",\"@id\":\"https:\/\/progettotouring.it\/radiotouring104\/#\/schema\/logo\/image\/\",\"url\":\"https:\/\/progettotouring.it\/radiotouring104\/wp-content\/uploads\/sites\/6\/2022\/02\/cropped-logo-radio-touring-104.png\",\"contentUrl\":\"https:\/\/progettotouring.it\/radiotouring104\/wp-content\/uploads\/sites\/6\/2022\/02\/cropped-logo-radio-touring-104.png\",\"width\":377,\"height\":182,\"caption\":\"Radio Touring 104\"},\"image\":{\"@id\":\"https:\/\/progettotouring.it\/radiotouring104\/#\/schema\/logo\/image\/\"}},{\"@type\":\"Person\",\"@id\":\"https:\/\/progettotouring.it\/radiotouring104\/#\/schema\/person\/b9f9c3730b0a78814c9b9f3bfc52c619\",\"name\":\"S L\",\"image\":{\"@type\":\"ImageObject\",\"inLanguage\":\"it-IT\",\"@id\":\"https:\/\/secure.gravatar.com\/avatar\/652c51789d7030aaed9ff828331360502a68204fe6fb0831bc280515210e16d2?s=96&d=mm&r=g\",\"url\":\"https:\/\/secure.gravatar.com\/avatar\/652c51789d7030aaed9ff828331360502a68204fe6fb0831bc280515210e16d2?s=96&d=mm&r=g\",\"contentUrl\":\"https:\/\/secure.gravatar.com\/avatar\/652c51789d7030aaed9ff828331360502a68204fe6fb0831bc280515210e16d2?s=96&d=mm&r=g\",\"caption\":\"S L\"},\"url\":\"https:\/\/progettotouring.it\/radiotouring104\/author\/slibri\/\"}]}<\/script>\n<!-- \/ Yoast SEO plugin. -->","yoast_head_json":{"title":"25 Aprile a Reggio Calabria - Radio Touring 104","description":"Falcomat\u00e0: \"La pi\u00f9 importante festa nazionale della nostra Repubblica\"","robots":{"index":"index","follow":"follow","max-snippet":"max-snippet:-1","max-image-preview":"max-image-preview:large","max-video-preview":"max-video-preview:-1"},"canonical":"https:\/\/progettotouring.it\/radiotouring104\/2025\/04\/25\/25-aprile-a-reggio-calabria\/","og_locale":"it_IT","og_type":"article","og_title":"25 Aprile a Reggio Calabria - Radio Touring 104","og_description":"Falcomat\u00e0: \"La pi\u00f9 importante festa nazionale della nostra Repubblica\"","og_url":"https:\/\/progettotouring.it\/radiotouring104\/2025\/04\/25\/25-aprile-a-reggio-calabria\/","og_site_name":"Radio Touring 104","article_published_time":"2025-04-25T20:53:01+00:00","og_image":[{"width":1472,"height":832,"url":"https:\/\/progettotouring.it\/radiotouring104\/wp-content\/uploads\/sites\/6\/2025\/04\/25-aprile-RC.jpg","type":"image\/jpeg"}],"author":"S L","twitter_card":"summary_large_image","twitter_misc":{"Scritto da":"S L","Tempo di lettura stimato":"2 minuti"},"schema":{"@context":"https:\/\/schema.org","@graph":[{"@type":"Article","@id":"https:\/\/progettotouring.it\/radiotouring104\/2025\/04\/25\/25-aprile-a-reggio-calabria\/#article","isPartOf":{"@id":"https:\/\/progettotouring.it\/radiotouring104\/2025\/04\/25\/25-aprile-a-reggio-calabria\/"},"author":{"name":"S L","@id":"https:\/\/progettotouring.it\/radiotouring104\/#\/schema\/person\/b9f9c3730b0a78814c9b9f3bfc52c619"},"headline":"25 Aprile a Reggio Calabria","datePublished":"2025-04-25T20:53:01+00:00","mainEntityOfPage":{"@id":"https:\/\/progettotouring.it\/radiotouring104\/2025\/04\/25\/25-aprile-a-reggio-calabria\/"},"wordCount":352,"publisher":{"@id":"https:\/\/progettotouring.it\/radiotouring104\/#organization"},"image":{"@id":"https:\/\/progettotouring.it\/radiotouring104\/2025\/04\/25\/25-aprile-a-reggio-calabria\/#primaryimage"},"thumbnailUrl":"https:\/\/progettotouring.it\/radiotouring104\/wp-content\/uploads\/sites\/6\/2025\/04\/25-aprile-RC.jpg","articleSection":["Home","In primo piano","News","Reggio Calabria"],"inLanguage":"it-IT"},{"@type":"WebPage","@id":"https:\/\/progettotouring.it\/radiotouring104\/2025\/04\/25\/25-aprile-a-reggio-calabria\/","url":"https:\/\/progettotouring.it\/radiotouring104\/2025\/04\/25\/25-aprile-a-reggio-calabria\/","name":"25 Aprile a Reggio Calabria - Radio Touring 104","isPartOf":{"@id":"https:\/\/progettotouring.it\/radiotouring104\/#website"},"primaryImageOfPage":{"@id":"https:\/\/progettotouring.it\/radiotouring104\/2025\/04\/25\/25-aprile-a-reggio-calabria\/#primaryimage"},"image":{"@id":"https:\/\/progettotouring.it\/radiotouring104\/2025\/04\/25\/25-aprile-a-reggio-calabria\/#primaryimage"},"thumbnailUrl":"https:\/\/progettotouring.it\/radiotouring104\/wp-content\/uploads\/sites\/6\/2025\/04\/25-aprile-RC.jpg","datePublished":"2025-04-25T20:53:01+00:00","description":"Falcomat\u00e0: \"La pi\u00f9 importante festa nazionale della nostra Repubblica\"","breadcrumb":{"@id":"https:\/\/progettotouring.it\/radiotouring104\/2025\/04\/25\/25-aprile-a-reggio-calabria\/#breadcrumb"},"inLanguage":"it-IT","potentialAction":[{"@type":"ReadAction","target":["https:\/\/progettotouring.it\/radiotouring104\/2025\/04\/25\/25-aprile-a-reggio-calabria\/"]}]},{"@type":"ImageObject","inLanguage":"it-IT","@id":"https:\/\/progettotouring.it\/radiotouring104\/2025\/04\/25\/25-aprile-a-reggio-calabria\/#primaryimage","url":"https:\/\/progettotouring.it\/radiotouring104\/wp-content\/uploads\/sites\/6\/2025\/04\/25-aprile-RC.jpg","contentUrl":"https:\/\/progettotouring.it\/radiotouring104\/wp-content\/uploads\/sites\/6\/2025\/04\/25-aprile-RC.jpg","width":1472,"height":832},{"@type":"BreadcrumbList","@id":"https:\/\/progettotouring.it\/radiotouring104\/2025\/04\/25\/25-aprile-a-reggio-calabria\/#breadcrumb","itemListElement":[{"@type":"ListItem","position":1,"name":"Home","item":"https:\/\/progettotouring.it\/radiotouring104\/"},{"@type":"ListItem","position":2,"name":"25 Aprile a Reggio Calabria"}]},{"@type":"WebSite","@id":"https:\/\/progettotouring.it\/radiotouring104\/#website","url":"https:\/\/progettotouring.it\/radiotouring104\/","name":"Radio Touring 104","description":"La prima radio Reggina","publisher":{"@id":"https:\/\/progettotouring.it\/radiotouring104\/#organization"},"potentialAction":[{"@type":"SearchAction","target":{"@type":"EntryPoint","urlTemplate":"https:\/\/progettotouring.it\/radiotouring104\/?s={search_term_string}"},"query-input":{"@type":"PropertyValueSpecification","valueRequired":true,"valueName":"search_term_string"}}],"inLanguage":"it-IT"},{"@type":"Organization","@id":"https:\/\/progettotouring.it\/radiotouring104\/#organization","name":"Radio Touring 104","url":"https:\/\/progettotouring.it\/radiotouring104\/","logo":{"@type":"ImageObject","inLanguage":"it-IT","@id":"https:\/\/progettotouring.it\/radiotouring104\/#\/schema\/logo\/image\/","url":"https:\/\/progettotouring.it\/radiotouring104\/wp-content\/uploads\/sites\/6\/2022\/02\/cropped-logo-radio-touring-104.png","contentUrl":"https:\/\/progettotouring.it\/radiotouring104\/wp-content\/uploads\/sites\/6\/2022\/02\/cropped-logo-radio-touring-104.png","width":377,"height":182,"caption":"Radio Touring 104"},"image":{"@id":"https:\/\/progettotouring.it\/radiotouring104\/#\/schema\/logo\/image\/"}},{"@type":"Person","@id":"https:\/\/progettotouring.it\/radiotouring104\/#\/schema\/person\/b9f9c3730b0a78814c9b9f3bfc52c619","name":"S L","image":{"@type":"ImageObject","inLanguage":"it-IT","@id":"https:\/\/secure.gravatar.com\/avatar\/652c51789d7030aaed9ff828331360502a68204fe6fb0831bc280515210e16d2?s=96&d=mm&r=g","url":"https:\/\/secure.gravatar.com\/avatar\/652c51789d7030aaed9ff828331360502a68204fe6fb0831bc280515210e16d2?s=96&d=mm&r=g","contentUrl":"https:\/\/secure.gravatar.com\/avatar\/652c51789d7030aaed9ff828331360502a68204fe6fb0831bc280515210e16d2?s=96&d=mm&r=g","caption":"S L"},"url":"https:\/\/progettotouring.it\/radiotouring104\/author\/slibri\/"}]}},"jetpack_publicize_connections":[],"jetpack_featured_media_url":"https:\/\/progettotouring.it\/radiotouring104\/wp-content\/uploads\/sites\/6\/2025\/04\/25-aprile-RC.jpg","jetpack_sharing_enabled":true,"_links":{"self":[{"href":"https:\/\/progettotouring.it\/radiotouring104\/wp-json\/wp\/v2\/posts\/72063","targetHints":{"allow":["GET"]}}],"collection":[{"href":"https:\/\/progettotouring.it\/radiotouring104\/wp-json\/wp\/v2\/posts"}],"about":[{"href":"https:\/\/progettotouring.it\/radiotouring104\/wp-json\/wp\/v2\/types\/post"}],"author":[{"embeddable":true,"href":"https:\/\/progettotouring.it\/radiotouring104\/wp-json\/wp\/v2\/users\/19"}],"replies":[{"embeddable":true,"href":"https:\/\/progettotouring.it\/radiotouring104\/wp-json\/wp\/v2\/comments?post=72063"}],"version-history":[{"count":1,"href":"https:\/\/progettotouring.it\/radiotouring104\/wp-json\/wp\/v2\/posts\/72063\/revisions"}],"predecessor-version":[{"id":72069,"href":"https:\/\/progettotouring.it\/radiotouring104\/wp-json\/wp\/v2\/posts\/72063\/revisions\/72069"}],"wp:featuredmedia":[{"embeddable":true,"href":"https:\/\/progettotouring.it\/radiotouring104\/wp-json\/wp\/v2\/media\/72064"}],"wp:attachment":[{"href":"https:\/\/progettotouring.it\/radiotouring104\/wp-json\/wp\/v2\/media?parent=72063"}],"wp:term":[{"taxonomy":"category","embeddable":true,"href":"https:\/\/progettotouring.it\/radiotouring104\/wp-json\/wp\/v2\/categories?post=72063"},{"taxonomy":"post_tag","embeddable":true,"href":"https:\/\/progettotouring.it\/radiotouring104\/wp-json\/wp\/v2\/tags?post=72063"}],"curies":[{"name":"wp","href":"https:\/\/api.w.org\/{rel}","templated":true}]}}