{"id":72070,"date":"2025-04-25T23:05:17","date_gmt":"2025-04-25T21:05:17","guid":{"rendered":"https:\/\/progettotouring.it\/radiotouring104\/?p=72070"},"modified":"2025-04-25T23:05:17","modified_gmt":"2025-04-25T21:05:17","slug":"germano-fdi-interviene-sulla-riduzione-oraria-dellassistenza-scolastica-ai-ragazzi-disabili","status":"publish","type":"post","link":"https:\/\/progettotouring.it\/radiotouring104\/2025\/04\/25\/germano-fdi-interviene-sulla-riduzione-oraria-dellassistenza-scolastica-ai-ragazzi-disabili\/","title":{"rendered":"German\u00f2 (FdI) interviene sulla riduzione oraria dell&#8217;assistenza scolastica ai ragazzi disabili"},"content":{"rendered":"<div>Le continue passerelle mediatiche del primo Cittadino di Reggio Calabria sulla questione dei bambini e adolescenti con disturbo dello spettro autistico sono un&#8217;offesa per quella parte di comunit\u00e0 che soffre e lotta ogni giorno per garantire ai meno fortunati di noi una vita dignitosa.<\/div>\n<div>La dichiarazione pubblica del sindaco Falcomat\u00e0 \u00e8 palesemente in netta contraddizione con quanto non fatto fino ad oggi in merito alla questione degli Assistenti educativi e alla circolare della Citt\u00e0 Metropolitana con la quale, nello scorso gennaio ha comunicato agli Istituti scolastici superiori la riduzione oraria dell\u2019assistenza volta a garantire l\u2019inclusione scolastica dei ragazzi disabili\u00a0 e, quindi, anche di quelli con spettro autistico.<\/div>\n<div>Oggi, la dichiarazione del Sindaco con la quale ha affermato \u201ccredo sia una battaglia di civilt\u00e0 che va sostenuta, queste famiglie hanno il nostro pieno supporto\u201d risulta essere fuori luogo e offensiva, oltre che palesemente strumentale.<\/div>\n<div>La Citt\u00e0 Metropolitana, infatti, \u00e8 venuta meno rispetto a quanto costituzionalmente previsto,\u00a0 ossia la garanzia delle ore certificate nel Piano Educativo Individualizzato ed \u00e8 quindi paradossale che il Sindaco Metropolitano affermi di stare vicino alle famiglie dei ragazzi.<\/div>\n<div>Naturalmente, \u00e8 necessario che l&#8217;ASP attivi quanto di sua competenza per garantire ai ragazzi autistici quanto loro dovuto.<\/div>\n<div>Allo stesso modo per\u00f2, auspichiamo che alle odierne dichiarazioni Falcomat\u00e0 faccia seguire il rispetto degli impegni assunti e con coerenza attivi le risorse finanziarie necessarie affinch\u00e9 il servizio sia pienamente garantito.<\/div>\n<div>Fratelli d&#8217;Italia continuer\u00e0 a vigilare per far s\u00ec che questa brutta pagina venga finalmente chiusa.<\/div>\n<div><\/div>\n","protected":false},"excerpt":{"rendered":"<p>Le continue passerelle mediatiche del primo Cittadino di Reggio Calabria sulla questione dei bambini e adolescenti con disturbo dello spettro autistico sono un&#8217;offesa per quella parte di comunit\u00e0 che soffre&hellip;<\/p>\n","protected":false},"author":19,"featured_media":72071,"comment_status":"closed","ping_status":"open","sticky":false,"template":"","format":"standard","meta":{"_jetpack_memberships_contains_paid_content":false,"footnotes":"","jetpack_publicize_message":"","jetpack_publicize_feature_enabled":true,"jetpack_social_post_already_shared":true,"jetpack_social_options":{"image_generator_settings":{"template":"highway","default_image_id":0,"font":"","enabled":false},"version":2}},"categories":[921,196,140],"tags":[],"class_list":["post-72070","post","type-post","status-publish","format-standard","has-post-thumbnail","hentry","category-home","category-news","category-reggio-calabria"],"yoast_head":"<!-- This site is optimized with the Yoast SEO plugin v27.2 - https:\/\/yoast.com\/product\/yoast-seo-wordpress\/ -->\n<title>German\u00f2 (FdI) interviene sulla riduzione oraria dell&#039;assistenza scolastica ai ragazzi disabili - Radio Touring 104<\/title>\n<meta name=\"description\" content=\"&quot;La Citt\u00e0 Metropolitana \u00e8 venuta meno rispetto a quanto costituzionalmente previsto: la garanzia delle ore certificate nel Piano Educativo Individualizzato&quot;\" \/>\n<meta name=\"robots\" content=\"index, follow, max-snippet:-1, max-image-preview:large, max-video-preview:-1\" \/>\n<link rel=\"canonical\" href=\"https:\/\/progettotouring.it\/radiotouring104\/2025\/04\/25\/germano-fdi-interviene-sulla-riduzione-oraria-dellassistenza-scolastica-ai-ragazzi-disabili\/\" \/>\n<meta property=\"og:locale\" content=\"it_IT\" \/>\n<meta property=\"og:type\" content=\"article\" \/>\n<meta property=\"og:title\" content=\"German\u00f2 (FdI) interviene sulla riduzione oraria dell&#039;assistenza scolastica ai ragazzi disabili - Radio Touring 104\" \/>\n<meta property=\"og:description\" content=\"&quot;La Citt\u00e0 Metropolitana \u00e8 venuta meno rispetto a quanto costituzionalmente previsto: la garanzia delle ore certificate nel Piano Educativo Individualizzato&quot;\" \/>\n<meta property=\"og:url\" content=\"https:\/\/progettotouring.it\/radiotouring104\/2025\/04\/25\/germano-fdi-interviene-sulla-riduzione-oraria-dellassistenza-scolastica-ai-ragazzi-disabili\/\" \/>\n<meta property=\"og:site_name\" content=\"Radio Touring 104\" \/>\n<meta property=\"article:published_time\" content=\"2025-04-25T21:05:17+00:00\" \/>\n<meta property=\"og:image\" content=\"https:\/\/progettotouring.it\/radiotouring104\/wp-content\/uploads\/sites\/6\/2025\/04\/germano.jpg\" \/>\n\t<meta property=\"og:image:width\" content=\"1472\" \/>\n\t<meta property=\"og:image:height\" content=\"832\" \/>\n\t<meta property=\"og:image:type\" content=\"image\/jpeg\" \/>\n<meta name=\"author\" content=\"S L\" \/>\n<meta name=\"twitter:card\" content=\"summary_large_image\" \/>\n<meta name=\"twitter:label1\" content=\"Scritto da\" \/>\n\t<meta name=\"twitter:data1\" content=\"S L\" \/>\n\t<meta name=\"twitter:label2\" content=\"Tempo di lettura stimato\" \/>\n\t<meta name=\"twitter:data2\" content=\"1 minuto\" \/>\n<script type=\"application\/ld+json\" class=\"yoast-schema-graph\">{\"@context\":\"https:\/\/schema.org\",\"@graph\":[{\"@type\":\"Article\",\"@id\":\"https:\/\/progettotouring.it\/radiotouring104\/2025\/04\/25\/germano-fdi-interviene-sulla-riduzione-oraria-dellassistenza-scolastica-ai-ragazzi-disabili\/#article\",\"isPartOf\":{\"@id\":\"https:\/\/progettotouring.it\/radiotouring104\/2025\/04\/25\/germano-fdi-interviene-sulla-riduzione-oraria-dellassistenza-scolastica-ai-ragazzi-disabili\/\"},\"author\":{\"name\":\"S L\",\"@id\":\"https:\/\/progettotouring.it\/radiotouring104\/#\/schema\/person\/b9f9c3730b0a78814c9b9f3bfc52c619\"},\"headline\":\"German\u00f2 (FdI) interviene sulla riduzione oraria dell&#8217;assistenza scolastica ai ragazzi disabili\",\"datePublished\":\"2025-04-25T21:05:17+00:00\",\"mainEntityOfPage\":{\"@id\":\"https:\/\/progettotouring.it\/radiotouring104\/2025\/04\/25\/germano-fdi-interviene-sulla-riduzione-oraria-dellassistenza-scolastica-ai-ragazzi-disabili\/\"},\"wordCount\":254,\"publisher\":{\"@id\":\"https:\/\/progettotouring.it\/radiotouring104\/#organization\"},\"image\":{\"@id\":\"https:\/\/progettotouring.it\/radiotouring104\/2025\/04\/25\/germano-fdi-interviene-sulla-riduzione-oraria-dellassistenza-scolastica-ai-ragazzi-disabili\/#primaryimage\"},\"thumbnailUrl\":\"https:\/\/progettotouring.it\/radiotouring104\/wp-content\/uploads\/sites\/6\/2025\/04\/germano.jpg\",\"articleSection\":[\"Home\",\"News\",\"Reggio Calabria\"],\"inLanguage\":\"it-IT\"},{\"@type\":\"WebPage\",\"@id\":\"https:\/\/progettotouring.it\/radiotouring104\/2025\/04\/25\/germano-fdi-interviene-sulla-riduzione-oraria-dellassistenza-scolastica-ai-ragazzi-disabili\/\",\"url\":\"https:\/\/progettotouring.it\/radiotouring104\/2025\/04\/25\/germano-fdi-interviene-sulla-riduzione-oraria-dellassistenza-scolastica-ai-ragazzi-disabili\/\",\"name\":\"German\u00f2 (FdI) interviene sulla riduzione oraria dell'assistenza scolastica ai ragazzi disabili - Radio Touring 104\",\"isPartOf\":{\"@id\":\"https:\/\/progettotouring.it\/radiotouring104\/#website\"},\"primaryImageOfPage\":{\"@id\":\"https:\/\/progettotouring.it\/radiotouring104\/2025\/04\/25\/germano-fdi-interviene-sulla-riduzione-oraria-dellassistenza-scolastica-ai-ragazzi-disabili\/#primaryimage\"},\"image\":{\"@id\":\"https:\/\/progettotouring.it\/radiotouring104\/2025\/04\/25\/germano-fdi-interviene-sulla-riduzione-oraria-dellassistenza-scolastica-ai-ragazzi-disabili\/#primaryimage\"},\"thumbnailUrl\":\"https:\/\/progettotouring.it\/radiotouring104\/wp-content\/uploads\/sites\/6\/2025\/04\/germano.jpg\",\"datePublished\":\"2025-04-25T21:05:17+00:00\",\"description\":\"\\\"La Citt\u00e0 Metropolitana \u00e8 venuta meno rispetto a quanto costituzionalmente previsto: la garanzia delle ore certificate nel Piano Educativo Individualizzato\\\"\",\"breadcrumb\":{\"@id\":\"https:\/\/progettotouring.it\/radiotouring104\/2025\/04\/25\/germano-fdi-interviene-sulla-riduzione-oraria-dellassistenza-scolastica-ai-ragazzi-disabili\/#breadcrumb\"},\"inLanguage\":\"it-IT\",\"potentialAction\":[{\"@type\":\"ReadAction\",\"target\":[\"https:\/\/progettotouring.it\/radiotouring104\/2025\/04\/25\/germano-fdi-interviene-sulla-riduzione-oraria-dellassistenza-scolastica-ai-ragazzi-disabili\/\"]}]},{\"@type\":\"ImageObject\",\"inLanguage\":\"it-IT\",\"@id\":\"https:\/\/progettotouring.it\/radiotouring104\/2025\/04\/25\/germano-fdi-interviene-sulla-riduzione-oraria-dellassistenza-scolastica-ai-ragazzi-disabili\/#primaryimage\",\"url\":\"https:\/\/progettotouring.it\/radiotouring104\/wp-content\/uploads\/sites\/6\/2025\/04\/germano.jpg\",\"contentUrl\":\"https:\/\/progettotouring.it\/radiotouring104\/wp-content\/uploads\/sites\/6\/2025\/04\/germano.jpg\",\"width\":1472,\"height\":832},{\"@type\":\"BreadcrumbList\",\"@id\":\"https:\/\/progettotouring.it\/radiotouring104\/2025\/04\/25\/germano-fdi-interviene-sulla-riduzione-oraria-dellassistenza-scolastica-ai-ragazzi-disabili\/#breadcrumb\",\"itemListElement\":[{\"@type\":\"ListItem\",\"position\":1,\"name\":\"Home\",\"item\":\"https:\/\/progettotouring.it\/radiotouring104\/\"},{\"@type\":\"ListItem\",\"position\":2,\"name\":\"German\u00f2 (FdI) interviene sulla riduzione oraria dell&#8217;assistenza scolastica ai ragazzi disabili\"}]},{\"@type\":\"WebSite\",\"@id\":\"https:\/\/progettotouring.it\/radiotouring104\/#website\",\"url\":\"https:\/\/progettotouring.it\/radiotouring104\/\",\"name\":\"Radio Touring 104\",\"description\":\"La prima radio Reggina\",\"publisher\":{\"@id\":\"https:\/\/progettotouring.it\/radiotouring104\/#organization\"},\"potentialAction\":[{\"@type\":\"SearchAction\",\"target\":{\"@type\":\"EntryPoint\",\"urlTemplate\":\"https:\/\/progettotouring.it\/radiotouring104\/?s={search_term_string}\"},\"query-input\":{\"@type\":\"PropertyValueSpecification\",\"valueRequired\":true,\"valueName\":\"search_term_string\"}}],\"inLanguage\":\"it-IT\"},{\"@type\":\"Organization\",\"@id\":\"https:\/\/progettotouring.it\/radiotouring104\/#organization\",\"name\":\"Radio Touring 104\",\"url\":\"https:\/\/progettotouring.it\/radiotouring104\/\",\"logo\":{\"@type\":\"ImageObject\",\"inLanguage\":\"it-IT\",\"@id\":\"https:\/\/progettotouring.it\/radiotouring104\/#\/schema\/logo\/image\/\",\"url\":\"https:\/\/progettotouring.it\/radiotouring104\/wp-content\/uploads\/sites\/6\/2022\/02\/cropped-logo-radio-touring-104.png\",\"contentUrl\":\"https:\/\/progettotouring.it\/radiotouring104\/wp-content\/uploads\/sites\/6\/2022\/02\/cropped-logo-radio-touring-104.png\",\"width\":377,\"height\":182,\"caption\":\"Radio Touring 104\"},\"image\":{\"@id\":\"https:\/\/progettotouring.it\/radiotouring104\/#\/schema\/logo\/image\/\"}},{\"@type\":\"Person\",\"@id\":\"https:\/\/progettotouring.it\/radiotouring104\/#\/schema\/person\/b9f9c3730b0a78814c9b9f3bfc52c619\",\"name\":\"S L\",\"image\":{\"@type\":\"ImageObject\",\"inLanguage\":\"it-IT\",\"@id\":\"https:\/\/secure.gravatar.com\/avatar\/652c51789d7030aaed9ff828331360502a68204fe6fb0831bc280515210e16d2?s=96&d=mm&r=g\",\"url\":\"https:\/\/secure.gravatar.com\/avatar\/652c51789d7030aaed9ff828331360502a68204fe6fb0831bc280515210e16d2?s=96&d=mm&r=g\",\"contentUrl\":\"https:\/\/secure.gravatar.com\/avatar\/652c51789d7030aaed9ff828331360502a68204fe6fb0831bc280515210e16d2?s=96&d=mm&r=g\",\"caption\":\"S L\"},\"url\":\"https:\/\/progettotouring.it\/radiotouring104\/author\/slibri\/\"}]}<\/script>\n<!-- \/ Yoast SEO plugin. -->","yoast_head_json":{"title":"German\u00f2 (FdI) interviene sulla riduzione oraria dell'assistenza scolastica ai ragazzi disabili - Radio Touring 104","description":"\"La Citt\u00e0 Metropolitana \u00e8 venuta meno rispetto a quanto costituzionalmente previsto: la garanzia delle ore certificate nel Piano Educativo Individualizzato\"","robots":{"index":"index","follow":"follow","max-snippet":"max-snippet:-1","max-image-preview":"max-image-preview:large","max-video-preview":"max-video-preview:-1"},"canonical":"https:\/\/progettotouring.it\/radiotouring104\/2025\/04\/25\/germano-fdi-interviene-sulla-riduzione-oraria-dellassistenza-scolastica-ai-ragazzi-disabili\/","og_locale":"it_IT","og_type":"article","og_title":"German\u00f2 (FdI) interviene sulla riduzione oraria dell'assistenza scolastica ai ragazzi disabili - Radio Touring 104","og_description":"\"La Citt\u00e0 Metropolitana \u00e8 venuta meno rispetto a quanto costituzionalmente previsto: la garanzia delle ore certificate nel Piano Educativo Individualizzato\"","og_url":"https:\/\/progettotouring.it\/radiotouring104\/2025\/04\/25\/germano-fdi-interviene-sulla-riduzione-oraria-dellassistenza-scolastica-ai-ragazzi-disabili\/","og_site_name":"Radio Touring 104","article_published_time":"2025-04-25T21:05:17+00:00","og_image":[{"width":1472,"height":832,"url":"https:\/\/progettotouring.it\/radiotouring104\/wp-content\/uploads\/sites\/6\/2025\/04\/germano.jpg","type":"image\/jpeg"}],"author":"S L","twitter_card":"summary_large_image","twitter_misc":{"Scritto da":"S L","Tempo di lettura stimato":"1 minuto"},"schema":{"@context":"https:\/\/schema.org","@graph":[{"@type":"Article","@id":"https:\/\/progettotouring.it\/radiotouring104\/2025\/04\/25\/germano-fdi-interviene-sulla-riduzione-oraria-dellassistenza-scolastica-ai-ragazzi-disabili\/#article","isPartOf":{"@id":"https:\/\/progettotouring.it\/radiotouring104\/2025\/04\/25\/germano-fdi-interviene-sulla-riduzione-oraria-dellassistenza-scolastica-ai-ragazzi-disabili\/"},"author":{"name":"S L","@id":"https:\/\/progettotouring.it\/radiotouring104\/#\/schema\/person\/b9f9c3730b0a78814c9b9f3bfc52c619"},"headline":"German\u00f2 (FdI) interviene sulla riduzione oraria dell&#8217;assistenza scolastica ai ragazzi disabili","datePublished":"2025-04-25T21:05:17+00:00","mainEntityOfPage":{"@id":"https:\/\/progettotouring.it\/radiotouring104\/2025\/04\/25\/germano-fdi-interviene-sulla-riduzione-oraria-dellassistenza-scolastica-ai-ragazzi-disabili\/"},"wordCount":254,"publisher":{"@id":"https:\/\/progettotouring.it\/radiotouring104\/#organization"},"image":{"@id":"https:\/\/progettotouring.it\/radiotouring104\/2025\/04\/25\/germano-fdi-interviene-sulla-riduzione-oraria-dellassistenza-scolastica-ai-ragazzi-disabili\/#primaryimage"},"thumbnailUrl":"https:\/\/progettotouring.it\/radiotouring104\/wp-content\/uploads\/sites\/6\/2025\/04\/germano.jpg","articleSection":["Home","News","Reggio Calabria"],"inLanguage":"it-IT"},{"@type":"WebPage","@id":"https:\/\/progettotouring.it\/radiotouring104\/2025\/04\/25\/germano-fdi-interviene-sulla-riduzione-oraria-dellassistenza-scolastica-ai-ragazzi-disabili\/","url":"https:\/\/progettotouring.it\/radiotouring104\/2025\/04\/25\/germano-fdi-interviene-sulla-riduzione-oraria-dellassistenza-scolastica-ai-ragazzi-disabili\/","name":"German\u00f2 (FdI) interviene sulla riduzione oraria dell'assistenza scolastica ai ragazzi disabili - Radio Touring 104","isPartOf":{"@id":"https:\/\/progettotouring.it\/radiotouring104\/#website"},"primaryImageOfPage":{"@id":"https:\/\/progettotouring.it\/radiotouring104\/2025\/04\/25\/germano-fdi-interviene-sulla-riduzione-oraria-dellassistenza-scolastica-ai-ragazzi-disabili\/#primaryimage"},"image":{"@id":"https:\/\/progettotouring.it\/radiotouring104\/2025\/04\/25\/germano-fdi-interviene-sulla-riduzione-oraria-dellassistenza-scolastica-ai-ragazzi-disabili\/#primaryimage"},"thumbnailUrl":"https:\/\/progettotouring.it\/radiotouring104\/wp-content\/uploads\/sites\/6\/2025\/04\/germano.jpg","datePublished":"2025-04-25T21:05:17+00:00","description":"\"La Citt\u00e0 Metropolitana \u00e8 venuta meno rispetto a quanto costituzionalmente previsto: la garanzia delle ore certificate nel Piano Educativo Individualizzato\"","breadcrumb":{"@id":"https:\/\/progettotouring.it\/radiotouring104\/2025\/04\/25\/germano-fdi-interviene-sulla-riduzione-oraria-dellassistenza-scolastica-ai-ragazzi-disabili\/#breadcrumb"},"inLanguage":"it-IT","potentialAction":[{"@type":"ReadAction","target":["https:\/\/progettotouring.it\/radiotouring104\/2025\/04\/25\/germano-fdi-interviene-sulla-riduzione-oraria-dellassistenza-scolastica-ai-ragazzi-disabili\/"]}]},{"@type":"ImageObject","inLanguage":"it-IT","@id":"https:\/\/progettotouring.it\/radiotouring104\/2025\/04\/25\/germano-fdi-interviene-sulla-riduzione-oraria-dellassistenza-scolastica-ai-ragazzi-disabili\/#primaryimage","url":"https:\/\/progettotouring.it\/radiotouring104\/wp-content\/uploads\/sites\/6\/2025\/04\/germano.jpg","contentUrl":"https:\/\/progettotouring.it\/radiotouring104\/wp-content\/uploads\/sites\/6\/2025\/04\/germano.jpg","width":1472,"height":832},{"@type":"BreadcrumbList","@id":"https:\/\/progettotouring.it\/radiotouring104\/2025\/04\/25\/germano-fdi-interviene-sulla-riduzione-oraria-dellassistenza-scolastica-ai-ragazzi-disabili\/#breadcrumb","itemListElement":[{"@type":"ListItem","position":1,"name":"Home","item":"https:\/\/progettotouring.it\/radiotouring104\/"},{"@type":"ListItem","position":2,"name":"German\u00f2 (FdI) interviene sulla riduzione oraria dell&#8217;assistenza scolastica ai ragazzi disabili"}]},{"@type":"WebSite","@id":"https:\/\/progettotouring.it\/radiotouring104\/#website","url":"https:\/\/progettotouring.it\/radiotouring104\/","name":"Radio Touring 104","description":"La prima radio Reggina","publisher":{"@id":"https:\/\/progettotouring.it\/radiotouring104\/#organization"},"potentialAction":[{"@type":"SearchAction","target":{"@type":"EntryPoint","urlTemplate":"https:\/\/progettotouring.it\/radiotouring104\/?s={search_term_string}"},"query-input":{"@type":"PropertyValueSpecification","valueRequired":true,"valueName":"search_term_string"}}],"inLanguage":"it-IT"},{"@type":"Organization","@id":"https:\/\/progettotouring.it\/radiotouring104\/#organization","name":"Radio Touring 104","url":"https:\/\/progettotouring.it\/radiotouring104\/","logo":{"@type":"ImageObject","inLanguage":"it-IT","@id":"https:\/\/progettotouring.it\/radiotouring104\/#\/schema\/logo\/image\/","url":"https:\/\/progettotouring.it\/radiotouring104\/wp-content\/uploads\/sites\/6\/2022\/02\/cropped-logo-radio-touring-104.png","contentUrl":"https:\/\/progettotouring.it\/radiotouring104\/wp-content\/uploads\/sites\/6\/2022\/02\/cropped-logo-radio-touring-104.png","width":377,"height":182,"caption":"Radio Touring 104"},"image":{"@id":"https:\/\/progettotouring.it\/radiotouring104\/#\/schema\/logo\/image\/"}},{"@type":"Person","@id":"https:\/\/progettotouring.it\/radiotouring104\/#\/schema\/person\/b9f9c3730b0a78814c9b9f3bfc52c619","name":"S L","image":{"@type":"ImageObject","inLanguage":"it-IT","@id":"https:\/\/secure.gravatar.com\/avatar\/652c51789d7030aaed9ff828331360502a68204fe6fb0831bc280515210e16d2?s=96&d=mm&r=g","url":"https:\/\/secure.gravatar.com\/avatar\/652c51789d7030aaed9ff828331360502a68204fe6fb0831bc280515210e16d2?s=96&d=mm&r=g","contentUrl":"https:\/\/secure.gravatar.com\/avatar\/652c51789d7030aaed9ff828331360502a68204fe6fb0831bc280515210e16d2?s=96&d=mm&r=g","caption":"S L"},"url":"https:\/\/progettotouring.it\/radiotouring104\/author\/slibri\/"}]}},"jetpack_publicize_connections":[],"jetpack_featured_media_url":"https:\/\/progettotouring.it\/radiotouring104\/wp-content\/uploads\/sites\/6\/2025\/04\/germano.jpg","jetpack_sharing_enabled":true,"_links":{"self":[{"href":"https:\/\/progettotouring.it\/radiotouring104\/wp-json\/wp\/v2\/posts\/72070","targetHints":{"allow":["GET"]}}],"collection":[{"href":"https:\/\/progettotouring.it\/radiotouring104\/wp-json\/wp\/v2\/posts"}],"about":[{"href":"https:\/\/progettotouring.it\/radiotouring104\/wp-json\/wp\/v2\/types\/post"}],"author":[{"embeddable":true,"href":"https:\/\/progettotouring.it\/radiotouring104\/wp-json\/wp\/v2\/users\/19"}],"replies":[{"embeddable":true,"href":"https:\/\/progettotouring.it\/radiotouring104\/wp-json\/wp\/v2\/comments?post=72070"}],"version-history":[{"count":1,"href":"https:\/\/progettotouring.it\/radiotouring104\/wp-json\/wp\/v2\/posts\/72070\/revisions"}],"predecessor-version":[{"id":72072,"href":"https:\/\/progettotouring.it\/radiotouring104\/wp-json\/wp\/v2\/posts\/72070\/revisions\/72072"}],"wp:featuredmedia":[{"embeddable":true,"href":"https:\/\/progettotouring.it\/radiotouring104\/wp-json\/wp\/v2\/media\/72071"}],"wp:attachment":[{"href":"https:\/\/progettotouring.it\/radiotouring104\/wp-json\/wp\/v2\/media?parent=72070"}],"wp:term":[{"taxonomy":"category","embeddable":true,"href":"https:\/\/progettotouring.it\/radiotouring104\/wp-json\/wp\/v2\/categories?post=72070"},{"taxonomy":"post_tag","embeddable":true,"href":"https:\/\/progettotouring.it\/radiotouring104\/wp-json\/wp\/v2\/tags?post=72070"}],"curies":[{"name":"wp","href":"https:\/\/api.w.org\/{rel}","templated":true}]}}