{"id":72114,"date":"2025-04-26T21:14:32","date_gmt":"2025-04-26T19:14:32","guid":{"rendered":"https:\/\/progettotouring.it\/radiotouring104\/?p=72114"},"modified":"2025-04-26T21:14:32","modified_gmt":"2025-04-26T19:14:32","slug":"il-professore-plaude-lo-studente-oggi-diventato-professore","status":"publish","type":"post","link":"https:\/\/progettotouring.it\/radiotouring104\/2025\/04\/26\/il-professore-plaude-lo-studente-oggi-diventato-professore\/","title":{"rendered":"Il professore plaude lo studente oggi diventato professore"},"content":{"rendered":"<p>Riceviamo e pubblichiamo:<\/p>\n<p>&nbsp;<\/p>\n<p>Il 24 aprile 2025 da Catania mi sono recato a Reggio Calabria per avere il piacere e l\u2019onore di applaudire uno dei miei pi\u00f9 brillanti studenti universitari, il dott., oggi professore Vincenzo Malacrin\u00f2, premiato dall\u2019Associazione Culturale \u201cAnassilaos\u201d.<\/p>\n<p>Il premio \u201cgiornalismo\u201d, un ambito sul quale ha dimostrato qualit\u00e0 di eccellenza, soprattutto nel fare emergere l\u2019amore per la sua terra di Calabria, ricordando quanti si sono spesi o si spendono per valorizzarla, custodirla e promuoverla.<\/p>\n<p>Vincenzo Malacrin\u00f2, pur avendo conseguito tre lauree, con lode, ed un dottorato di ricerca all\u2019Universit\u00e0 in ambito scientifico, si \u00e8 specializzato presso l\u2019Universit\u00e0 di Ferrara nel campo del giornalismo e della comunicazione, una passione ed un servizio che bene si accostano al suo essere professore di scienze naturali, biologia e microbiologia.<\/p>\n<p>Vedere Vincenzo premiato, in particolare per il suo lavoro giornalistico, per i suoi servizi e documentari sulla Gazzetta del Sud e su Rai Tre TGR Calabria, \u00e8 stato per me fonte di immensa gioia e di profondo orgoglio. Un orgoglio accademico ma soprattutto umano.<\/p>\n<p>Ricordo Vincenzo Malacrin\u00f2 quando era ancora uno studente brillante e curioso presso l&#8217;Universit\u00e0 degli Studi Mediterranea di Reggio Calabria dove io ho insegnato per oltre venti anni.<\/p>\n<p>Nonostante il primo traguardo raggiunto ha voluto ancora studiare. Cos\u00ec consegue altre due lauree presso l\u2019Universit\u00e0 di Catania con lo stesso entusiasmo della prima. Contemporaneamente lavora, scrive e produce lavori importanti. Un modello che i giovani dovrebbero seguire per passione, impegno, costanza e seriet\u00e0. Ecco perch\u00e9 oggi mi piace parlare di lui. Perch\u00e9 \u00e8 stato e rimane un esempio di persona che non si ferma. Che continua dritto per la sua strada cercando di raggiungere il traguardo non solo per una soddisfazione personale ma soprattutto per un vero e proprio servizio verso gli altri.<\/p>\n<p>Cos\u00ec, infatti il professore Malacrin\u00f2, mi piace chiamarlo cos\u00ec, si accosta all\u2019insegnamento e al giornalismo. Essere utile, seminare e servire, questo \u00e8 il suo motto, che tra l\u2019altro \u00e8 anche il mio.<\/p>\n<p>Io ho visto migliaia di studenti durante la mia carriera di professore universitario ma solo alcuni sono rimasti impressi nella mente e nel cuore. Vincenzo l\u2019ho sempre considerato \u201clo studente modello\u201d capace di brillare per dedizione, intelligenza profonda e vivace ma soprattutto per la singolare scintilla negli occhi che preannunciava un percorso di crescita non comune.<\/p>\n<p>Cos\u00ec con un pizzico di orgoglio posso affermare che sotto la mia guida scientifica ha completato un percorso accademico d&#8217;eccellenza, conseguendo non una, ma ben tre lauree, un dottorato e diversi master.<\/p>\n<p>Un percorso che testimonia una sete di conoscenza e un impegno nello studio molto rari. Cos\u00ec sin dalla sua prima materia il caro Vincenzo si \u00e8 dimostrato diverso rispetto agli altri studenti. Ricordo ancora dentro la grande aula alzato a porre quesiti e domande intelligenti su tutto ci\u00f2 che riguardava la biologia, la botanica e la vita in genere. Osservazioni acute, singolari e mai banali.<\/p>\n<p>Dopo i suoi studi il nostro legame non si \u00e8 interrotto. Anzi rafforzato sotto il profilo dell\u2019amicizia e della stima reciproca.<\/p>\n<p>Vincenzo anche in questo si \u00e8 dimostrato uno studente singolare: ha continuato a cercarmi, a chiedermi consigli, a confrontarsi su temi scientifici e non solo anche quando non ero pi\u00f9 il suo professore.<\/p>\n<p>Cos\u00ec inizia a collaborare con l\u2019Universit\u00e0 di Catania ricevendo grandi soddisfazioni anche in termini scientifici. Il primo volume sulla desertificazione con la prefazione dell\u2019allora Ministro dell\u2019Ambiente Stefania Prestigiacomo, porta anche la sua firma assieme alla mia e a quella di altri studiosi.<\/p>\n<p>Ma non lo dice. Ecco perch\u00e9 lo dico io. Almeno adesso che ho la possibilit\u00e0 attraverso questo articolo che sar\u00e0 per lui una sorpresa. Ed \u00e8 sempre lui a firmare pubblicazioni scientifiche insieme a nomi importanti del mondo della biologia, della botanica e dell\u2019ecologia.<\/p>\n<p>E poi \u00e8 una persona di grande stile. In lavori in cui ha lavorato sodo in prima linea ha dimostrato grande umilt\u00e0. Questa un\u2019altra sua importante caratteristica.<\/p>\n<p>Non ha mai chiesto nulla e proprio per questo ho sempre cercato di stargli accanto con suggerimenti, fiero di vederlo crescere e affermarsi.<\/p>\n<p>Sapevo del suo premio, naturalmente. Vincenzo, con la sua consueta generosit\u00e0, mi aveva invitato. Confesso che, pur desiderando ardentemente essere presente, ero quasi certo di non potercela fare. Da professore universitario gli impegni non mancano mai anche quando si pensa di essere in \u201cvacanza\u201d. Ma ho deciso che non potevo mancare.<\/p>\n<p>Essere l\u00ec, in platea, e vederlo salire sul palco, ricevere il riconoscimento, ascoltare le motivazioni e ascoltare ci\u00f2 che ha detto con forza ed autenticit\u00e0 mi ha fatto emozionare. L\u2019ho applaudito con affetto, ammirazione e stima.<\/p>\n<p>\u00c8 stato per me l\u2019applauso del professore che applaude lo studente oggi professore ed ancora l\u2019applauso dell\u2019amico che applaude l\u2019amico. Una emozione difficile da spiegare soprattutto se penso a ci\u00f2 che spesso Vincenzo dice: \u201cnon \u00e8 merito mio ma del Buon Dio che vede e provvede e di chi come te molto ha seminato nella mia vita\u201d.<\/p>\n<p>Parole belle che testimoniano la fede da un lato e l\u2019umilt\u00e0 dall\u2019altro. Poi quando gli dico: \u201ccomplimenti sei un ottimo professore\u201d, la sua risposta \u00e8 una: \u201cricordati che sei stato tu a trasmettermi la passione per le discipline scientifiche. Ti devo molto e lo sai\u201d. Queste parole per me valgono quanto mille riconoscimenti.<\/p>\n<p>Cos\u00ec oggi vorrei dire due cose: una che sono orgoglioso di lui, due che i suoi studenti si devono considerare veramente fortunati perch\u00e9 Vincenzo Malacrin\u00f2 non \u00e8 un professore comune perch\u00e9 accanto alla didattica e alla scienza semina tanta, ma tanta umanit\u00e0.<\/p>\n<p>Adesso concludo il mio tributo con le parole che egli mi ha dedicato al termine di un suo percorso formativo, parole che custodisco gelosamente accanto alla mia scrivania nel mio studio di Catania, a ricordo di una amicizia autentica e profonda:<\/p>\n<p>&#8220;<em>Al Prof. Vincenzo Piccione persona rara, capace di regalare, ancor prima della professione, umanit\u00e0 ed essenza di ogni cosa. Questo fa di lui il professore e l&#8217;amico che tutti vorrebbero avere. Grazie per avermi teso la mano lungo la strada della vita. Camminando con te si impara tanto e si vive il senso vero di intelligenza ed umanit\u00e0. Con affetto Vincenzo Malacrin\u00f2<\/em>&#8221;<\/p>\n<p>Per tutto ci\u00f2 sono io a dire grazie!<\/p>\n<p><em>Vincenzo Piccione*<\/em><\/p>\n<p>*Gi\u00e0 Docente dell\u2019Ateneo catanese<\/p>\n","protected":false},"excerpt":{"rendered":"<p>Riceviamo e pubblichiamo: &nbsp; Il 24 aprile 2025 da Catania mi sono recato a Reggio Calabria per avere il piacere e l\u2019onore di applaudire uno dei miei pi\u00f9 brillanti studenti&hellip;<\/p>\n","protected":false},"author":19,"featured_media":72117,"comment_status":"closed","ping_status":"open","sticky":false,"template":"","format":"standard","meta":{"_jetpack_memberships_contains_paid_content":false,"footnotes":"","jetpack_publicize_message":"","jetpack_publicize_feature_enabled":true,"jetpack_social_post_already_shared":true,"jetpack_social_options":{"image_generator_settings":{"template":"highway","default_image_id":0,"font":"","enabled":false},"version":2}},"categories":[921,196,140],"tags":[],"class_list":["post-72114","post","type-post","status-publish","format-standard","has-post-thumbnail","hentry","category-home","category-news","category-reggio-calabria"],"yoast_head":"<!-- This site is optimized with the Yoast SEO plugin v27.2 - https:\/\/yoast.com\/product\/yoast-seo-wordpress\/ -->\n<title>Il professore plaude lo studente oggi diventato professore - Radio Touring 104<\/title>\n<meta name=\"description\" content=\"Omaggio del Prof. Piccione all&#039;ex allievo Vincenzo Malacrin\u00f2 premiato dall\u2019Associazione Culturale \u201cAnassilaos\u201d\" \/>\n<meta name=\"robots\" content=\"index, follow, max-snippet:-1, max-image-preview:large, max-video-preview:-1\" \/>\n<link rel=\"canonical\" href=\"https:\/\/progettotouring.it\/radiotouring104\/2025\/04\/26\/il-professore-plaude-lo-studente-oggi-diventato-professore\/\" \/>\n<meta property=\"og:locale\" content=\"it_IT\" \/>\n<meta property=\"og:type\" content=\"article\" \/>\n<meta property=\"og:title\" content=\"Il professore plaude lo studente oggi diventato professore - Radio Touring 104\" \/>\n<meta property=\"og:description\" content=\"Omaggio del Prof. Piccione all&#039;ex allievo Vincenzo Malacrin\u00f2 premiato dall\u2019Associazione Culturale \u201cAnassilaos\u201d\" \/>\n<meta property=\"og:url\" content=\"https:\/\/progettotouring.it\/radiotouring104\/2025\/04\/26\/il-professore-plaude-lo-studente-oggi-diventato-professore\/\" \/>\n<meta property=\"og:site_name\" content=\"Radio Touring 104\" \/>\n<meta property=\"article:published_time\" content=\"2025-04-26T19:14:32+00:00\" \/>\n<meta property=\"og:image\" content=\"https:\/\/progettotouring.it\/radiotouring104\/wp-content\/uploads\/sites\/6\/2025\/04\/piccione-malagrino-1.jpg\" \/>\n\t<meta property=\"og:image:width\" content=\"1001\" \/>\n\t<meta property=\"og:image:height\" content=\"1068\" \/>\n\t<meta property=\"og:image:type\" content=\"image\/jpeg\" \/>\n<meta name=\"author\" content=\"S L\" \/>\n<meta name=\"twitter:card\" content=\"summary_large_image\" \/>\n<meta name=\"twitter:label1\" content=\"Scritto da\" \/>\n\t<meta name=\"twitter:data1\" content=\"S L\" \/>\n\t<meta name=\"twitter:label2\" content=\"Tempo di lettura stimato\" \/>\n\t<meta name=\"twitter:data2\" content=\"5 minuti\" \/>\n<script type=\"application\/ld+json\" class=\"yoast-schema-graph\">{\"@context\":\"https:\/\/schema.org\",\"@graph\":[{\"@type\":\"Article\",\"@id\":\"https:\/\/progettotouring.it\/radiotouring104\/2025\/04\/26\/il-professore-plaude-lo-studente-oggi-diventato-professore\/#article\",\"isPartOf\":{\"@id\":\"https:\/\/progettotouring.it\/radiotouring104\/2025\/04\/26\/il-professore-plaude-lo-studente-oggi-diventato-professore\/\"},\"author\":{\"name\":\"S L\",\"@id\":\"https:\/\/progettotouring.it\/radiotouring104\/#\/schema\/person\/b9f9c3730b0a78814c9b9f3bfc52c619\"},\"headline\":\"Il professore plaude lo studente oggi diventato professore\",\"datePublished\":\"2025-04-26T19:14:32+00:00\",\"mainEntityOfPage\":{\"@id\":\"https:\/\/progettotouring.it\/radiotouring104\/2025\/04\/26\/il-professore-plaude-lo-studente-oggi-diventato-professore\/\"},\"wordCount\":1039,\"publisher\":{\"@id\":\"https:\/\/progettotouring.it\/radiotouring104\/#organization\"},\"image\":{\"@id\":\"https:\/\/progettotouring.it\/radiotouring104\/2025\/04\/26\/il-professore-plaude-lo-studente-oggi-diventato-professore\/#primaryimage\"},\"thumbnailUrl\":\"https:\/\/progettotouring.it\/radiotouring104\/wp-content\/uploads\/sites\/6\/2025\/04\/piccione-malagrino-1.jpg\",\"articleSection\":[\"Home\",\"News\",\"Reggio Calabria\"],\"inLanguage\":\"it-IT\"},{\"@type\":\"WebPage\",\"@id\":\"https:\/\/progettotouring.it\/radiotouring104\/2025\/04\/26\/il-professore-plaude-lo-studente-oggi-diventato-professore\/\",\"url\":\"https:\/\/progettotouring.it\/radiotouring104\/2025\/04\/26\/il-professore-plaude-lo-studente-oggi-diventato-professore\/\",\"name\":\"Il professore plaude lo studente oggi diventato professore - Radio Touring 104\",\"isPartOf\":{\"@id\":\"https:\/\/progettotouring.it\/radiotouring104\/#website\"},\"primaryImageOfPage\":{\"@id\":\"https:\/\/progettotouring.it\/radiotouring104\/2025\/04\/26\/il-professore-plaude-lo-studente-oggi-diventato-professore\/#primaryimage\"},\"image\":{\"@id\":\"https:\/\/progettotouring.it\/radiotouring104\/2025\/04\/26\/il-professore-plaude-lo-studente-oggi-diventato-professore\/#primaryimage\"},\"thumbnailUrl\":\"https:\/\/progettotouring.it\/radiotouring104\/wp-content\/uploads\/sites\/6\/2025\/04\/piccione-malagrino-1.jpg\",\"datePublished\":\"2025-04-26T19:14:32+00:00\",\"description\":\"Omaggio del Prof. Piccione all'ex allievo Vincenzo Malacrin\u00f2 premiato dall\u2019Associazione Culturale \u201cAnassilaos\u201d\",\"breadcrumb\":{\"@id\":\"https:\/\/progettotouring.it\/radiotouring104\/2025\/04\/26\/il-professore-plaude-lo-studente-oggi-diventato-professore\/#breadcrumb\"},\"inLanguage\":\"it-IT\",\"potentialAction\":[{\"@type\":\"ReadAction\",\"target\":[\"https:\/\/progettotouring.it\/radiotouring104\/2025\/04\/26\/il-professore-plaude-lo-studente-oggi-diventato-professore\/\"]}]},{\"@type\":\"ImageObject\",\"inLanguage\":\"it-IT\",\"@id\":\"https:\/\/progettotouring.it\/radiotouring104\/2025\/04\/26\/il-professore-plaude-lo-studente-oggi-diventato-professore\/#primaryimage\",\"url\":\"https:\/\/progettotouring.it\/radiotouring104\/wp-content\/uploads\/sites\/6\/2025\/04\/piccione-malagrino-1.jpg\",\"contentUrl\":\"https:\/\/progettotouring.it\/radiotouring104\/wp-content\/uploads\/sites\/6\/2025\/04\/piccione-malagrino-1.jpg\",\"width\":1001,\"height\":1068},{\"@type\":\"BreadcrumbList\",\"@id\":\"https:\/\/progettotouring.it\/radiotouring104\/2025\/04\/26\/il-professore-plaude-lo-studente-oggi-diventato-professore\/#breadcrumb\",\"itemListElement\":[{\"@type\":\"ListItem\",\"position\":1,\"name\":\"Home\",\"item\":\"https:\/\/progettotouring.it\/radiotouring104\/\"},{\"@type\":\"ListItem\",\"position\":2,\"name\":\"Il professore plaude lo studente oggi diventato professore\"}]},{\"@type\":\"WebSite\",\"@id\":\"https:\/\/progettotouring.it\/radiotouring104\/#website\",\"url\":\"https:\/\/progettotouring.it\/radiotouring104\/\",\"name\":\"Radio Touring 104\",\"description\":\"La prima radio Reggina\",\"publisher\":{\"@id\":\"https:\/\/progettotouring.it\/radiotouring104\/#organization\"},\"potentialAction\":[{\"@type\":\"SearchAction\",\"target\":{\"@type\":\"EntryPoint\",\"urlTemplate\":\"https:\/\/progettotouring.it\/radiotouring104\/?s={search_term_string}\"},\"query-input\":{\"@type\":\"PropertyValueSpecification\",\"valueRequired\":true,\"valueName\":\"search_term_string\"}}],\"inLanguage\":\"it-IT\"},{\"@type\":\"Organization\",\"@id\":\"https:\/\/progettotouring.it\/radiotouring104\/#organization\",\"name\":\"Radio Touring 104\",\"url\":\"https:\/\/progettotouring.it\/radiotouring104\/\",\"logo\":{\"@type\":\"ImageObject\",\"inLanguage\":\"it-IT\",\"@id\":\"https:\/\/progettotouring.it\/radiotouring104\/#\/schema\/logo\/image\/\",\"url\":\"https:\/\/progettotouring.it\/radiotouring104\/wp-content\/uploads\/sites\/6\/2022\/02\/cropped-logo-radio-touring-104.png\",\"contentUrl\":\"https:\/\/progettotouring.it\/radiotouring104\/wp-content\/uploads\/sites\/6\/2022\/02\/cropped-logo-radio-touring-104.png\",\"width\":377,\"height\":182,\"caption\":\"Radio Touring 104\"},\"image\":{\"@id\":\"https:\/\/progettotouring.it\/radiotouring104\/#\/schema\/logo\/image\/\"}},{\"@type\":\"Person\",\"@id\":\"https:\/\/progettotouring.it\/radiotouring104\/#\/schema\/person\/b9f9c3730b0a78814c9b9f3bfc52c619\",\"name\":\"S L\",\"image\":{\"@type\":\"ImageObject\",\"inLanguage\":\"it-IT\",\"@id\":\"https:\/\/secure.gravatar.com\/avatar\/652c51789d7030aaed9ff828331360502a68204fe6fb0831bc280515210e16d2?s=96&d=mm&r=g\",\"url\":\"https:\/\/secure.gravatar.com\/avatar\/652c51789d7030aaed9ff828331360502a68204fe6fb0831bc280515210e16d2?s=96&d=mm&r=g\",\"contentUrl\":\"https:\/\/secure.gravatar.com\/avatar\/652c51789d7030aaed9ff828331360502a68204fe6fb0831bc280515210e16d2?s=96&d=mm&r=g\",\"caption\":\"S L\"},\"url\":\"https:\/\/progettotouring.it\/radiotouring104\/author\/slibri\/\"}]}<\/script>\n<!-- \/ Yoast SEO plugin. -->","yoast_head_json":{"title":"Il professore plaude lo studente oggi diventato professore - Radio Touring 104","description":"Omaggio del Prof. Piccione all'ex allievo Vincenzo Malacrin\u00f2 premiato dall\u2019Associazione Culturale \u201cAnassilaos\u201d","robots":{"index":"index","follow":"follow","max-snippet":"max-snippet:-1","max-image-preview":"max-image-preview:large","max-video-preview":"max-video-preview:-1"},"canonical":"https:\/\/progettotouring.it\/radiotouring104\/2025\/04\/26\/il-professore-plaude-lo-studente-oggi-diventato-professore\/","og_locale":"it_IT","og_type":"article","og_title":"Il professore plaude lo studente oggi diventato professore - Radio Touring 104","og_description":"Omaggio del Prof. Piccione all'ex allievo Vincenzo Malacrin\u00f2 premiato dall\u2019Associazione Culturale \u201cAnassilaos\u201d","og_url":"https:\/\/progettotouring.it\/radiotouring104\/2025\/04\/26\/il-professore-plaude-lo-studente-oggi-diventato-professore\/","og_site_name":"Radio Touring 104","article_published_time":"2025-04-26T19:14:32+00:00","og_image":[{"width":1001,"height":1068,"url":"https:\/\/progettotouring.it\/radiotouring104\/wp-content\/uploads\/sites\/6\/2025\/04\/piccione-malagrino-1.jpg","type":"image\/jpeg"}],"author":"S L","twitter_card":"summary_large_image","twitter_misc":{"Scritto da":"S L","Tempo di lettura stimato":"5 minuti"},"schema":{"@context":"https:\/\/schema.org","@graph":[{"@type":"Article","@id":"https:\/\/progettotouring.it\/radiotouring104\/2025\/04\/26\/il-professore-plaude-lo-studente-oggi-diventato-professore\/#article","isPartOf":{"@id":"https:\/\/progettotouring.it\/radiotouring104\/2025\/04\/26\/il-professore-plaude-lo-studente-oggi-diventato-professore\/"},"author":{"name":"S L","@id":"https:\/\/progettotouring.it\/radiotouring104\/#\/schema\/person\/b9f9c3730b0a78814c9b9f3bfc52c619"},"headline":"Il professore plaude lo studente oggi diventato professore","datePublished":"2025-04-26T19:14:32+00:00","mainEntityOfPage":{"@id":"https:\/\/progettotouring.it\/radiotouring104\/2025\/04\/26\/il-professore-plaude-lo-studente-oggi-diventato-professore\/"},"wordCount":1039,"publisher":{"@id":"https:\/\/progettotouring.it\/radiotouring104\/#organization"},"image":{"@id":"https:\/\/progettotouring.it\/radiotouring104\/2025\/04\/26\/il-professore-plaude-lo-studente-oggi-diventato-professore\/#primaryimage"},"thumbnailUrl":"https:\/\/progettotouring.it\/radiotouring104\/wp-content\/uploads\/sites\/6\/2025\/04\/piccione-malagrino-1.jpg","articleSection":["Home","News","Reggio Calabria"],"inLanguage":"it-IT"},{"@type":"WebPage","@id":"https:\/\/progettotouring.it\/radiotouring104\/2025\/04\/26\/il-professore-plaude-lo-studente-oggi-diventato-professore\/","url":"https:\/\/progettotouring.it\/radiotouring104\/2025\/04\/26\/il-professore-plaude-lo-studente-oggi-diventato-professore\/","name":"Il professore plaude lo studente oggi diventato professore - Radio Touring 104","isPartOf":{"@id":"https:\/\/progettotouring.it\/radiotouring104\/#website"},"primaryImageOfPage":{"@id":"https:\/\/progettotouring.it\/radiotouring104\/2025\/04\/26\/il-professore-plaude-lo-studente-oggi-diventato-professore\/#primaryimage"},"image":{"@id":"https:\/\/progettotouring.it\/radiotouring104\/2025\/04\/26\/il-professore-plaude-lo-studente-oggi-diventato-professore\/#primaryimage"},"thumbnailUrl":"https:\/\/progettotouring.it\/radiotouring104\/wp-content\/uploads\/sites\/6\/2025\/04\/piccione-malagrino-1.jpg","datePublished":"2025-04-26T19:14:32+00:00","description":"Omaggio del Prof. Piccione all'ex allievo Vincenzo Malacrin\u00f2 premiato dall\u2019Associazione Culturale \u201cAnassilaos\u201d","breadcrumb":{"@id":"https:\/\/progettotouring.it\/radiotouring104\/2025\/04\/26\/il-professore-plaude-lo-studente-oggi-diventato-professore\/#breadcrumb"},"inLanguage":"it-IT","potentialAction":[{"@type":"ReadAction","target":["https:\/\/progettotouring.it\/radiotouring104\/2025\/04\/26\/il-professore-plaude-lo-studente-oggi-diventato-professore\/"]}]},{"@type":"ImageObject","inLanguage":"it-IT","@id":"https:\/\/progettotouring.it\/radiotouring104\/2025\/04\/26\/il-professore-plaude-lo-studente-oggi-diventato-professore\/#primaryimage","url":"https:\/\/progettotouring.it\/radiotouring104\/wp-content\/uploads\/sites\/6\/2025\/04\/piccione-malagrino-1.jpg","contentUrl":"https:\/\/progettotouring.it\/radiotouring104\/wp-content\/uploads\/sites\/6\/2025\/04\/piccione-malagrino-1.jpg","width":1001,"height":1068},{"@type":"BreadcrumbList","@id":"https:\/\/progettotouring.it\/radiotouring104\/2025\/04\/26\/il-professore-plaude-lo-studente-oggi-diventato-professore\/#breadcrumb","itemListElement":[{"@type":"ListItem","position":1,"name":"Home","item":"https:\/\/progettotouring.it\/radiotouring104\/"},{"@type":"ListItem","position":2,"name":"Il professore plaude lo studente oggi diventato professore"}]},{"@type":"WebSite","@id":"https:\/\/progettotouring.it\/radiotouring104\/#website","url":"https:\/\/progettotouring.it\/radiotouring104\/","name":"Radio Touring 104","description":"La prima radio Reggina","publisher":{"@id":"https:\/\/progettotouring.it\/radiotouring104\/#organization"},"potentialAction":[{"@type":"SearchAction","target":{"@type":"EntryPoint","urlTemplate":"https:\/\/progettotouring.it\/radiotouring104\/?s={search_term_string}"},"query-input":{"@type":"PropertyValueSpecification","valueRequired":true,"valueName":"search_term_string"}}],"inLanguage":"it-IT"},{"@type":"Organization","@id":"https:\/\/progettotouring.it\/radiotouring104\/#organization","name":"Radio Touring 104","url":"https:\/\/progettotouring.it\/radiotouring104\/","logo":{"@type":"ImageObject","inLanguage":"it-IT","@id":"https:\/\/progettotouring.it\/radiotouring104\/#\/schema\/logo\/image\/","url":"https:\/\/progettotouring.it\/radiotouring104\/wp-content\/uploads\/sites\/6\/2022\/02\/cropped-logo-radio-touring-104.png","contentUrl":"https:\/\/progettotouring.it\/radiotouring104\/wp-content\/uploads\/sites\/6\/2022\/02\/cropped-logo-radio-touring-104.png","width":377,"height":182,"caption":"Radio Touring 104"},"image":{"@id":"https:\/\/progettotouring.it\/radiotouring104\/#\/schema\/logo\/image\/"}},{"@type":"Person","@id":"https:\/\/progettotouring.it\/radiotouring104\/#\/schema\/person\/b9f9c3730b0a78814c9b9f3bfc52c619","name":"S L","image":{"@type":"ImageObject","inLanguage":"it-IT","@id":"https:\/\/secure.gravatar.com\/avatar\/652c51789d7030aaed9ff828331360502a68204fe6fb0831bc280515210e16d2?s=96&d=mm&r=g","url":"https:\/\/secure.gravatar.com\/avatar\/652c51789d7030aaed9ff828331360502a68204fe6fb0831bc280515210e16d2?s=96&d=mm&r=g","contentUrl":"https:\/\/secure.gravatar.com\/avatar\/652c51789d7030aaed9ff828331360502a68204fe6fb0831bc280515210e16d2?s=96&d=mm&r=g","caption":"S L"},"url":"https:\/\/progettotouring.it\/radiotouring104\/author\/slibri\/"}]}},"jetpack_publicize_connections":[],"jetpack_featured_media_url":"https:\/\/progettotouring.it\/radiotouring104\/wp-content\/uploads\/sites\/6\/2025\/04\/piccione-malagrino-1.jpg","jetpack_sharing_enabled":true,"_links":{"self":[{"href":"https:\/\/progettotouring.it\/radiotouring104\/wp-json\/wp\/v2\/posts\/72114","targetHints":{"allow":["GET"]}}],"collection":[{"href":"https:\/\/progettotouring.it\/radiotouring104\/wp-json\/wp\/v2\/posts"}],"about":[{"href":"https:\/\/progettotouring.it\/radiotouring104\/wp-json\/wp\/v2\/types\/post"}],"author":[{"embeddable":true,"href":"https:\/\/progettotouring.it\/radiotouring104\/wp-json\/wp\/v2\/users\/19"}],"replies":[{"embeddable":true,"href":"https:\/\/progettotouring.it\/radiotouring104\/wp-json\/wp\/v2\/comments?post=72114"}],"version-history":[{"count":1,"href":"https:\/\/progettotouring.it\/radiotouring104\/wp-json\/wp\/v2\/posts\/72114\/revisions"}],"predecessor-version":[{"id":72116,"href":"https:\/\/progettotouring.it\/radiotouring104\/wp-json\/wp\/v2\/posts\/72114\/revisions\/72116"}],"wp:featuredmedia":[{"embeddable":true,"href":"https:\/\/progettotouring.it\/radiotouring104\/wp-json\/wp\/v2\/media\/72117"}],"wp:attachment":[{"href":"https:\/\/progettotouring.it\/radiotouring104\/wp-json\/wp\/v2\/media?parent=72114"}],"wp:term":[{"taxonomy":"category","embeddable":true,"href":"https:\/\/progettotouring.it\/radiotouring104\/wp-json\/wp\/v2\/categories?post=72114"},{"taxonomy":"post_tag","embeddable":true,"href":"https:\/\/progettotouring.it\/radiotouring104\/wp-json\/wp\/v2\/tags?post=72114"}],"curies":[{"name":"wp","href":"https:\/\/api.w.org\/{rel}","templated":true}]}}