{"id":72135,"date":"2025-04-27T13:39:44","date_gmt":"2025-04-27T11:39:44","guid":{"rendered":"https:\/\/progettotouring.it\/radiotouring104\/?p=72135"},"modified":"2025-04-27T13:50:27","modified_gmt":"2025-04-27T11:50:27","slug":"migliaia-di-fedeli-per-la-processione-del-santo-patrono-san-giorgio-foto","status":"publish","type":"post","link":"https:\/\/progettotouring.it\/radiotouring104\/2025\/04\/27\/migliaia-di-fedeli-per-la-processione-del-santo-patrono-san-giorgio-foto\/","title":{"rendered":"Migliaia di fedeli per la processione del Santo patrono San Giorgio  (FOTO)"},"content":{"rendered":"<div><\/div>\n<div><em><img fetchpriority=\"high\" decoding=\"async\" class=\"alignnone size-medium wp-image-72139\" src=\"https:\/\/progettotouring.it\/radiotouring104\/wp-content\/uploads\/sites\/6\/2025\/04\/processione-san-giorgio-2025-5-300x169.jpeg\" alt=\"\" width=\"300\" height=\"169\" srcset=\"https:\/\/progettotouring.it\/radiotouring104\/wp-content\/uploads\/sites\/6\/2025\/04\/processione-san-giorgio-2025-5-300x169.jpeg 300w, https:\/\/progettotouring.it\/radiotouring104\/wp-content\/uploads\/sites\/6\/2025\/04\/processione-san-giorgio-2025-5-1024x576.jpeg 1024w, https:\/\/progettotouring.it\/radiotouring104\/wp-content\/uploads\/sites\/6\/2025\/04\/processione-san-giorgio-2025-5-768x432.jpeg 768w, https:\/\/progettotouring.it\/radiotouring104\/wp-content\/uploads\/sites\/6\/2025\/04\/processione-san-giorgio-2025-5-1536x864.jpeg 1536w, https:\/\/progettotouring.it\/radiotouring104\/wp-content\/uploads\/sites\/6\/2025\/04\/processione-san-giorgio-2025-5-1170x663.jpeg 1170w, https:\/\/progettotouring.it\/radiotouring104\/wp-content\/uploads\/sites\/6\/2025\/04\/processione-san-giorgio-2025-5-585x329.jpeg 585w, https:\/\/progettotouring.it\/radiotouring104\/wp-content\/uploads\/sites\/6\/2025\/04\/processione-san-giorgio-2025-5.jpeg 1920w\" sizes=\"(max-width: 300px) 100vw, 300px\" \/><img decoding=\"async\" class=\"alignnone size-medium wp-image-72141\" src=\"https:\/\/progettotouring.it\/radiotouring104\/wp-content\/uploads\/sites\/6\/2025\/04\/processione-san-giorgio-2025-7-300x169.jpeg\" alt=\"\" width=\"300\" height=\"169\" srcset=\"https:\/\/progettotouring.it\/radiotouring104\/wp-content\/uploads\/sites\/6\/2025\/04\/processione-san-giorgio-2025-7-300x169.jpeg 300w, https:\/\/progettotouring.it\/radiotouring104\/wp-content\/uploads\/sites\/6\/2025\/04\/processione-san-giorgio-2025-7-1024x576.jpeg 1024w, https:\/\/progettotouring.it\/radiotouring104\/wp-content\/uploads\/sites\/6\/2025\/04\/processione-san-giorgio-2025-7-768x432.jpeg 768w, https:\/\/progettotouring.it\/radiotouring104\/wp-content\/uploads\/sites\/6\/2025\/04\/processione-san-giorgio-2025-7-1536x864.jpeg 1536w, https:\/\/progettotouring.it\/radiotouring104\/wp-content\/uploads\/sites\/6\/2025\/04\/processione-san-giorgio-2025-7-1170x663.jpeg 1170w, https:\/\/progettotouring.it\/radiotouring104\/wp-content\/uploads\/sites\/6\/2025\/04\/processione-san-giorgio-2025-7-585x329.jpeg 585w, https:\/\/progettotouring.it\/radiotouring104\/wp-content\/uploads\/sites\/6\/2025\/04\/processione-san-giorgio-2025-7.jpeg 1920w\" sizes=\"(max-width: 300px) 100vw, 300px\" \/><\/em><\/div>\n<div><\/div>\n<div><\/div>\n<div>La statua di San Giorgio, Santo Patrono di Reggio Calabria al fianco della Madonna della Consolazione, \u00e8 tornata a sfilare per le vie del centro cittadino per la processione che sta diventando una lieta tradizione per la citt\u00e0 dello Stretto.<\/div>\n<div><\/div>\n<div>\n<p><em><img decoding=\"async\" class=\"alignnone size-medium wp-image-72140\" src=\"https:\/\/progettotouring.it\/radiotouring104\/wp-content\/uploads\/sites\/6\/2025\/04\/processione-san-giorgio-2025-6-300x169.jpeg\" alt=\"\" width=\"300\" height=\"169\" srcset=\"https:\/\/progettotouring.it\/radiotouring104\/wp-content\/uploads\/sites\/6\/2025\/04\/processione-san-giorgio-2025-6-300x169.jpeg 300w, https:\/\/progettotouring.it\/radiotouring104\/wp-content\/uploads\/sites\/6\/2025\/04\/processione-san-giorgio-2025-6-1024x576.jpeg 1024w, https:\/\/progettotouring.it\/radiotouring104\/wp-content\/uploads\/sites\/6\/2025\/04\/processione-san-giorgio-2025-6-768x432.jpeg 768w, https:\/\/progettotouring.it\/radiotouring104\/wp-content\/uploads\/sites\/6\/2025\/04\/processione-san-giorgio-2025-6-1536x864.jpeg 1536w, https:\/\/progettotouring.it\/radiotouring104\/wp-content\/uploads\/sites\/6\/2025\/04\/processione-san-giorgio-2025-6-1170x663.jpeg 1170w, https:\/\/progettotouring.it\/radiotouring104\/wp-content\/uploads\/sites\/6\/2025\/04\/processione-san-giorgio-2025-6-585x329.jpeg 585w, https:\/\/progettotouring.it\/radiotouring104\/wp-content\/uploads\/sites\/6\/2025\/04\/processione-san-giorgio-2025-6.jpeg 1920w\" sizes=\"(max-width: 300px) 100vw, 300px\" \/><img loading=\"lazy\" decoding=\"async\" class=\"alignnone size-medium wp-image-72145\" src=\"https:\/\/progettotouring.it\/radiotouring104\/wp-content\/uploads\/sites\/6\/2025\/04\/processione-san-giorgio-2025-12-300x169.jpeg\" alt=\"\" width=\"300\" height=\"169\" srcset=\"https:\/\/progettotouring.it\/radiotouring104\/wp-content\/uploads\/sites\/6\/2025\/04\/processione-san-giorgio-2025-12-300x169.jpeg 300w, https:\/\/progettotouring.it\/radiotouring104\/wp-content\/uploads\/sites\/6\/2025\/04\/processione-san-giorgio-2025-12-1024x576.jpeg 1024w, https:\/\/progettotouring.it\/radiotouring104\/wp-content\/uploads\/sites\/6\/2025\/04\/processione-san-giorgio-2025-12-768x432.jpeg 768w, https:\/\/progettotouring.it\/radiotouring104\/wp-content\/uploads\/sites\/6\/2025\/04\/processione-san-giorgio-2025-12-1536x864.jpeg 1536w, https:\/\/progettotouring.it\/radiotouring104\/wp-content\/uploads\/sites\/6\/2025\/04\/processione-san-giorgio-2025-12-1170x663.jpeg 1170w, https:\/\/progettotouring.it\/radiotouring104\/wp-content\/uploads\/sites\/6\/2025\/04\/processione-san-giorgio-2025-12-585x329.jpeg 585w, https:\/\/progettotouring.it\/radiotouring104\/wp-content\/uploads\/sites\/6\/2025\/04\/processione-san-giorgio-2025-12.jpeg 1920w\" sizes=\"(max-width: 300px) 100vw, 300px\" \/><\/em><\/p>\n<p>Promossa dalla Diocesi e dalla comunit\u00e0 parrocchiale della Chiesa degli Artisti di San Giorgio al Corso guidata da Don Nuccio Cannizzaro la celebrazione eucaristica e la successiva processione sul Corso Garibaldi ha raccolto migliaia di fedeli, riuniti dalla devozione per il Santo Patrono.<\/p>\n<\/div>\n<div><\/div>\n<div><em><img loading=\"lazy\" decoding=\"async\" class=\"alignnone size-medium wp-image-72144\" src=\"https:\/\/progettotouring.it\/radiotouring104\/wp-content\/uploads\/sites\/6\/2025\/04\/processione-san-giorgio-2025-11-300x169.jpeg\" alt=\"\" width=\"300\" height=\"169\" srcset=\"https:\/\/progettotouring.it\/radiotouring104\/wp-content\/uploads\/sites\/6\/2025\/04\/processione-san-giorgio-2025-11-300x169.jpeg 300w, https:\/\/progettotouring.it\/radiotouring104\/wp-content\/uploads\/sites\/6\/2025\/04\/processione-san-giorgio-2025-11-1024x576.jpeg 1024w, https:\/\/progettotouring.it\/radiotouring104\/wp-content\/uploads\/sites\/6\/2025\/04\/processione-san-giorgio-2025-11-768x432.jpeg 768w, https:\/\/progettotouring.it\/radiotouring104\/wp-content\/uploads\/sites\/6\/2025\/04\/processione-san-giorgio-2025-11-1536x864.jpeg 1536w, https:\/\/progettotouring.it\/radiotouring104\/wp-content\/uploads\/sites\/6\/2025\/04\/processione-san-giorgio-2025-11-1170x663.jpeg 1170w, https:\/\/progettotouring.it\/radiotouring104\/wp-content\/uploads\/sites\/6\/2025\/04\/processione-san-giorgio-2025-11-585x329.jpeg 585w, https:\/\/progettotouring.it\/radiotouring104\/wp-content\/uploads\/sites\/6\/2025\/04\/processione-san-giorgio-2025-11.jpeg 1920w\" sizes=\"(max-width: 300px) 100vw, 300px\" \/><img loading=\"lazy\" decoding=\"async\" class=\"alignnone size-medium wp-image-72137\" src=\"https:\/\/progettotouring.it\/radiotouring104\/wp-content\/uploads\/sites\/6\/2025\/04\/processione-san-giorgio-2025-2-300x169.jpeg\" alt=\"\" width=\"300\" height=\"169\" srcset=\"https:\/\/progettotouring.it\/radiotouring104\/wp-content\/uploads\/sites\/6\/2025\/04\/processione-san-giorgio-2025-2-300x169.jpeg 300w, https:\/\/progettotouring.it\/radiotouring104\/wp-content\/uploads\/sites\/6\/2025\/04\/processione-san-giorgio-2025-2-1024x576.jpeg 1024w, https:\/\/progettotouring.it\/radiotouring104\/wp-content\/uploads\/sites\/6\/2025\/04\/processione-san-giorgio-2025-2-768x432.jpeg 768w, https:\/\/progettotouring.it\/radiotouring104\/wp-content\/uploads\/sites\/6\/2025\/04\/processione-san-giorgio-2025-2-1536x864.jpeg 1536w, https:\/\/progettotouring.it\/radiotouring104\/wp-content\/uploads\/sites\/6\/2025\/04\/processione-san-giorgio-2025-2-1920x1080.jpeg 1920w, https:\/\/progettotouring.it\/radiotouring104\/wp-content\/uploads\/sites\/6\/2025\/04\/processione-san-giorgio-2025-2-1170x663.jpeg 1170w, https:\/\/progettotouring.it\/radiotouring104\/wp-content\/uploads\/sites\/6\/2025\/04\/processione-san-giorgio-2025-2-585x329.jpeg 585w, https:\/\/progettotouring.it\/radiotouring104\/wp-content\/uploads\/sites\/6\/2025\/04\/processione-san-giorgio-2025-2.jpeg 2048w\" sizes=\"(max-width: 300px) 100vw, 300px\" \/><\/em><\/div>\n<div>\n<p>Il percorso, gi\u00e0 sperimentato nelle scorse edizioni della processione, ha previsto la partenza dalla Chiesa degli Artisti verso piazza Italia, con una sosta di fronte Palazzo San Giorgio, sede municipale di Reggio Calabria, e a Palazzo Alvaro, sede della Citt\u00e0 Metropolitana, per poi tornare indietro verso largo Colombo dove la statua ha effettuato l&#8217;ultima inversione prima di far rientro all&#8217;interno della Chiesa.<\/p>\n<p>A rendere omaggio al Santo Patrono presente al corteo anche il sindaco di Reggio Calabria Giuseppe Falcomat\u00e0 insieme a diversi rappresentanti dell&#8217;Amministrazione comunale reggina tra i quali gli Assessori Anna Briante, Giuggi Palmenta e Paolo Malara, oltre al presidente del consiglio comunale Enzo Marra e ai consiglieri Pino Cuzzocrea, Massimiliano Merenda, Maria Ranieri e Nino Malara.<\/p>\n<p><em>\u00a0<img loading=\"lazy\" decoding=\"async\" class=\"alignnone size-medium wp-image-72138\" src=\"https:\/\/progettotouring.it\/radiotouring104\/wp-content\/uploads\/sites\/6\/2025\/04\/processione-san-giorgio-2025-3-300x189.jpeg\" alt=\"\" width=\"300\" height=\"189\" srcset=\"https:\/\/progettotouring.it\/radiotouring104\/wp-content\/uploads\/sites\/6\/2025\/04\/processione-san-giorgio-2025-3-300x189.jpeg 300w, https:\/\/progettotouring.it\/radiotouring104\/wp-content\/uploads\/sites\/6\/2025\/04\/processione-san-giorgio-2025-3-1024x645.jpeg 1024w, https:\/\/progettotouring.it\/radiotouring104\/wp-content\/uploads\/sites\/6\/2025\/04\/processione-san-giorgio-2025-3-768x484.jpeg 768w, https:\/\/progettotouring.it\/radiotouring104\/wp-content\/uploads\/sites\/6\/2025\/04\/processione-san-giorgio-2025-3-1536x968.jpeg 1536w, https:\/\/progettotouring.it\/radiotouring104\/wp-content\/uploads\/sites\/6\/2025\/04\/processione-san-giorgio-2025-3-1170x737.jpeg 1170w, https:\/\/progettotouring.it\/radiotouring104\/wp-content\/uploads\/sites\/6\/2025\/04\/processione-san-giorgio-2025-3-585x369.jpeg 585w, https:\/\/progettotouring.it\/radiotouring104\/wp-content\/uploads\/sites\/6\/2025\/04\/processione-san-giorgio-2025-3.jpeg 1563w\" sizes=\"(max-width: 300px) 100vw, 300px\" \/> \u00a0\u00a0\u00a0<img loading=\"lazy\" decoding=\"async\" class=\"alignnone size-medium wp-image-72142\" src=\"https:\/\/progettotouring.it\/radiotouring104\/wp-content\/uploads\/sites\/6\/2025\/04\/processione-san-giorgio-2025-8-300x169.jpeg\" alt=\"\" width=\"300\" height=\"169\" srcset=\"https:\/\/progettotouring.it\/radiotouring104\/wp-content\/uploads\/sites\/6\/2025\/04\/processione-san-giorgio-2025-8-300x169.jpeg 300w, https:\/\/progettotouring.it\/radiotouring104\/wp-content\/uploads\/sites\/6\/2025\/04\/processione-san-giorgio-2025-8-1024x576.jpeg 1024w, https:\/\/progettotouring.it\/radiotouring104\/wp-content\/uploads\/sites\/6\/2025\/04\/processione-san-giorgio-2025-8-768x432.jpeg 768w, https:\/\/progettotouring.it\/radiotouring104\/wp-content\/uploads\/sites\/6\/2025\/04\/processione-san-giorgio-2025-8-1536x864.jpeg 1536w, https:\/\/progettotouring.it\/radiotouring104\/wp-content\/uploads\/sites\/6\/2025\/04\/processione-san-giorgio-2025-8-1170x663.jpeg 1170w, https:\/\/progettotouring.it\/radiotouring104\/wp-content\/uploads\/sites\/6\/2025\/04\/processione-san-giorgio-2025-8-585x329.jpeg 585w, https:\/\/progettotouring.it\/radiotouring104\/wp-content\/uploads\/sites\/6\/2025\/04\/processione-san-giorgio-2025-8.jpeg 1920w\" sizes=\"(max-width: 300px) 100vw, 300px\" \/> <img loading=\"lazy\" decoding=\"async\" class=\"alignnone size-medium wp-image-72143\" src=\"https:\/\/progettotouring.it\/radiotouring104\/wp-content\/uploads\/sites\/6\/2025\/04\/processione-san-giorgio-2025-10-300x169.jpeg\" alt=\"\" width=\"300\" height=\"169\" srcset=\"https:\/\/progettotouring.it\/radiotouring104\/wp-content\/uploads\/sites\/6\/2025\/04\/processione-san-giorgio-2025-10-300x169.jpeg 300w, https:\/\/progettotouring.it\/radiotouring104\/wp-content\/uploads\/sites\/6\/2025\/04\/processione-san-giorgio-2025-10-1024x576.jpeg 1024w, https:\/\/progettotouring.it\/radiotouring104\/wp-content\/uploads\/sites\/6\/2025\/04\/processione-san-giorgio-2025-10-768x432.jpeg 768w, https:\/\/progettotouring.it\/radiotouring104\/wp-content\/uploads\/sites\/6\/2025\/04\/processione-san-giorgio-2025-10-1536x864.jpeg 1536w, https:\/\/progettotouring.it\/radiotouring104\/wp-content\/uploads\/sites\/6\/2025\/04\/processione-san-giorgio-2025-10-1170x663.jpeg 1170w, https:\/\/progettotouring.it\/radiotouring104\/wp-content\/uploads\/sites\/6\/2025\/04\/processione-san-giorgio-2025-10-585x329.jpeg 585w, https:\/\/progettotouring.it\/radiotouring104\/wp-content\/uploads\/sites\/6\/2025\/04\/processione-san-giorgio-2025-10.jpeg 1600w\" sizes=\"(max-width: 300px) 100vw, 300px\" \/> \u00a0\u00a0<img loading=\"lazy\" decoding=\"async\" class=\"alignnone size-medium wp-image-72146\" src=\"https:\/\/progettotouring.it\/radiotouring104\/wp-content\/uploads\/sites\/6\/2025\/04\/processione-san-giorgio-2025-13-300x169.jpeg\" alt=\"\" width=\"300\" height=\"169\" srcset=\"https:\/\/progettotouring.it\/radiotouring104\/wp-content\/uploads\/sites\/6\/2025\/04\/processione-san-giorgio-2025-13-300x169.jpeg 300w, https:\/\/progettotouring.it\/radiotouring104\/wp-content\/uploads\/sites\/6\/2025\/04\/processione-san-giorgio-2025-13-1024x576.jpeg 1024w, https:\/\/progettotouring.it\/radiotouring104\/wp-content\/uploads\/sites\/6\/2025\/04\/processione-san-giorgio-2025-13-768x432.jpeg 768w, https:\/\/progettotouring.it\/radiotouring104\/wp-content\/uploads\/sites\/6\/2025\/04\/processione-san-giorgio-2025-13-1536x864.jpeg 1536w, https:\/\/progettotouring.it\/radiotouring104\/wp-content\/uploads\/sites\/6\/2025\/04\/processione-san-giorgio-2025-13-1170x663.jpeg 1170w, https:\/\/progettotouring.it\/radiotouring104\/wp-content\/uploads\/sites\/6\/2025\/04\/processione-san-giorgio-2025-13-585x329.jpeg 585w, https:\/\/progettotouring.it\/radiotouring104\/wp-content\/uploads\/sites\/6\/2025\/04\/processione-san-giorgio-2025-13.jpeg 1920w\" sizes=\"(max-width: 300px) 100vw, 300px\" \/><\/em><\/p>\n<\/div>\n<div><em>&#8220;E&#8217; stata come sempre un&#8217;emozione grande &#8211; <\/em>ha affermato il sindaco Falcomat\u00e0 a margine della processione <em>&#8211; quella di San Giorgio \u00e8 una tradizione che sta crescendo sempre di pi\u00f9, che suscita interesse tra la comunit\u00e0, in senso spirituale chiaramente, ma anche per la parte dei festeggiamenti civili. Una novit\u00e0 di questi ultimi anni che sta gi\u00e0 diventando una bellissima consuetudine, che riconnette la nostra comunit\u00e0 ad una tradizione spirituale tanto antica quanto importante, un simbolo identitario che Reggio deve continuare a valorizzare sempre di pi\u00f9&#8221;.<\/em><\/div>\n","protected":false},"excerpt":{"rendered":"<p>La statua di San Giorgio, Santo Patrono di Reggio Calabria al fianco della Madonna della Consolazione, \u00e8 tornata a sfilare per le vie del centro cittadino per la processione che&hellip;<\/p>\n","protected":false},"author":19,"featured_media":72136,"comment_status":"closed","ping_status":"open","sticky":false,"template":"","format":"standard","meta":{"_jetpack_memberships_contains_paid_content":false,"footnotes":"","jetpack_publicize_message":"","jetpack_publicize_feature_enabled":true,"jetpack_social_post_already_shared":true,"jetpack_social_options":{"image_generator_settings":{"template":"highway","default_image_id":0,"font":"","enabled":false},"version":2}},"categories":[921,150,196,140],"tags":[],"class_list":["post-72135","post","type-post","status-publish","format-standard","has-post-thumbnail","hentry","category-home","category-in-primo-piano","category-news","category-reggio-calabria"],"yoast_head":"<!-- This site is optimized with the Yoast SEO plugin v27.2 - https:\/\/yoast.com\/product\/yoast-seo-wordpress\/ -->\n<title>Migliaia di fedeli per la processione del Santo patrono San Giorgio (FOTO) - Radio Touring 104<\/title>\n<meta name=\"description\" content=\"Falcomat\u00e0: &quot;Una bella novit\u00e0 che \u00e8 gi\u00e0 diventata una lieta consuetudine, che riconnette la comunit\u00e0 reggina ad una tradizione tanto antica quanto importante&quot;\" \/>\n<meta name=\"robots\" content=\"index, follow, max-snippet:-1, max-image-preview:large, max-video-preview:-1\" \/>\n<link rel=\"canonical\" href=\"https:\/\/progettotouring.it\/radiotouring104\/2025\/04\/27\/migliaia-di-fedeli-per-la-processione-del-santo-patrono-san-giorgio-foto\/\" \/>\n<meta property=\"og:locale\" content=\"it_IT\" \/>\n<meta property=\"og:type\" content=\"article\" \/>\n<meta property=\"og:title\" content=\"Migliaia di fedeli per la processione del Santo patrono San Giorgio (FOTO) - Radio Touring 104\" \/>\n<meta property=\"og:description\" content=\"Falcomat\u00e0: &quot;Una bella novit\u00e0 che \u00e8 gi\u00e0 diventata una lieta consuetudine, che riconnette la comunit\u00e0 reggina ad una tradizione tanto antica quanto importante&quot;\" \/>\n<meta property=\"og:url\" content=\"https:\/\/progettotouring.it\/radiotouring104\/2025\/04\/27\/migliaia-di-fedeli-per-la-processione-del-santo-patrono-san-giorgio-foto\/\" \/>\n<meta property=\"og:site_name\" content=\"Radio Touring 104\" \/>\n<meta property=\"article:published_time\" content=\"2025-04-27T11:39:44+00:00\" \/>\n<meta property=\"article:modified_time\" content=\"2025-04-27T11:50:27+00:00\" \/>\n<meta property=\"og:image\" content=\"https:\/\/progettotouring.it\/radiotouring104\/wp-content\/uploads\/sites\/6\/2025\/04\/processione-san-giorgio.jpg\" \/>\n\t<meta property=\"og:image:width\" content=\"1472\" \/>\n\t<meta property=\"og:image:height\" content=\"832\" \/>\n\t<meta property=\"og:image:type\" content=\"image\/jpeg\" \/>\n<meta name=\"author\" content=\"S L\" \/>\n<meta name=\"twitter:card\" content=\"summary_large_image\" \/>\n<meta name=\"twitter:label1\" content=\"Scritto da\" \/>\n\t<meta name=\"twitter:data1\" content=\"S L\" \/>\n\t<meta name=\"twitter:label2\" content=\"Tempo di lettura stimato\" \/>\n\t<meta name=\"twitter:data2\" content=\"1 minuto\" \/>\n<script type=\"application\/ld+json\" class=\"yoast-schema-graph\">{\"@context\":\"https:\/\/schema.org\",\"@graph\":[{\"@type\":\"Article\",\"@id\":\"https:\/\/progettotouring.it\/radiotouring104\/2025\/04\/27\/migliaia-di-fedeli-per-la-processione-del-santo-patrono-san-giorgio-foto\/#article\",\"isPartOf\":{\"@id\":\"https:\/\/progettotouring.it\/radiotouring104\/2025\/04\/27\/migliaia-di-fedeli-per-la-processione-del-santo-patrono-san-giorgio-foto\/\"},\"author\":{\"name\":\"S L\",\"@id\":\"https:\/\/progettotouring.it\/radiotouring104\/#\/schema\/person\/b9f9c3730b0a78814c9b9f3bfc52c619\"},\"headline\":\"Migliaia di fedeli per la processione del Santo patrono San Giorgio (FOTO)\",\"datePublished\":\"2025-04-27T11:39:44+00:00\",\"dateModified\":\"2025-04-27T11:50:27+00:00\",\"mainEntityOfPage\":{\"@id\":\"https:\/\/progettotouring.it\/radiotouring104\/2025\/04\/27\/migliaia-di-fedeli-per-la-processione-del-santo-patrono-san-giorgio-foto\/\"},\"wordCount\":297,\"publisher\":{\"@id\":\"https:\/\/progettotouring.it\/radiotouring104\/#organization\"},\"image\":{\"@id\":\"https:\/\/progettotouring.it\/radiotouring104\/2025\/04\/27\/migliaia-di-fedeli-per-la-processione-del-santo-patrono-san-giorgio-foto\/#primaryimage\"},\"thumbnailUrl\":\"https:\/\/progettotouring.it\/radiotouring104\/wp-content\/uploads\/sites\/6\/2025\/04\/processione-san-giorgio.jpg\",\"articleSection\":[\"Home\",\"In primo piano\",\"News\",\"Reggio Calabria\"],\"inLanguage\":\"it-IT\"},{\"@type\":\"WebPage\",\"@id\":\"https:\/\/progettotouring.it\/radiotouring104\/2025\/04\/27\/migliaia-di-fedeli-per-la-processione-del-santo-patrono-san-giorgio-foto\/\",\"url\":\"https:\/\/progettotouring.it\/radiotouring104\/2025\/04\/27\/migliaia-di-fedeli-per-la-processione-del-santo-patrono-san-giorgio-foto\/\",\"name\":\"Migliaia di fedeli per la processione del Santo patrono San Giorgio (FOTO) - Radio Touring 104\",\"isPartOf\":{\"@id\":\"https:\/\/progettotouring.it\/radiotouring104\/#website\"},\"primaryImageOfPage\":{\"@id\":\"https:\/\/progettotouring.it\/radiotouring104\/2025\/04\/27\/migliaia-di-fedeli-per-la-processione-del-santo-patrono-san-giorgio-foto\/#primaryimage\"},\"image\":{\"@id\":\"https:\/\/progettotouring.it\/radiotouring104\/2025\/04\/27\/migliaia-di-fedeli-per-la-processione-del-santo-patrono-san-giorgio-foto\/#primaryimage\"},\"thumbnailUrl\":\"https:\/\/progettotouring.it\/radiotouring104\/wp-content\/uploads\/sites\/6\/2025\/04\/processione-san-giorgio.jpg\",\"datePublished\":\"2025-04-27T11:39:44+00:00\",\"dateModified\":\"2025-04-27T11:50:27+00:00\",\"description\":\"Falcomat\u00e0: \\\"Una bella novit\u00e0 che \u00e8 gi\u00e0 diventata una lieta consuetudine, che riconnette la comunit\u00e0 reggina ad una tradizione tanto antica quanto importante\\\"\",\"breadcrumb\":{\"@id\":\"https:\/\/progettotouring.it\/radiotouring104\/2025\/04\/27\/migliaia-di-fedeli-per-la-processione-del-santo-patrono-san-giorgio-foto\/#breadcrumb\"},\"inLanguage\":\"it-IT\",\"potentialAction\":[{\"@type\":\"ReadAction\",\"target\":[\"https:\/\/progettotouring.it\/radiotouring104\/2025\/04\/27\/migliaia-di-fedeli-per-la-processione-del-santo-patrono-san-giorgio-foto\/\"]}]},{\"@type\":\"ImageObject\",\"inLanguage\":\"it-IT\",\"@id\":\"https:\/\/progettotouring.it\/radiotouring104\/2025\/04\/27\/migliaia-di-fedeli-per-la-processione-del-santo-patrono-san-giorgio-foto\/#primaryimage\",\"url\":\"https:\/\/progettotouring.it\/radiotouring104\/wp-content\/uploads\/sites\/6\/2025\/04\/processione-san-giorgio.jpg\",\"contentUrl\":\"https:\/\/progettotouring.it\/radiotouring104\/wp-content\/uploads\/sites\/6\/2025\/04\/processione-san-giorgio.jpg\",\"width\":1472,\"height\":832},{\"@type\":\"BreadcrumbList\",\"@id\":\"https:\/\/progettotouring.it\/radiotouring104\/2025\/04\/27\/migliaia-di-fedeli-per-la-processione-del-santo-patrono-san-giorgio-foto\/#breadcrumb\",\"itemListElement\":[{\"@type\":\"ListItem\",\"position\":1,\"name\":\"Home\",\"item\":\"https:\/\/progettotouring.it\/radiotouring104\/\"},{\"@type\":\"ListItem\",\"position\":2,\"name\":\"Migliaia di fedeli per la processione del Santo patrono San Giorgio (FOTO)\"}]},{\"@type\":\"WebSite\",\"@id\":\"https:\/\/progettotouring.it\/radiotouring104\/#website\",\"url\":\"https:\/\/progettotouring.it\/radiotouring104\/\",\"name\":\"Radio Touring 104\",\"description\":\"La prima radio Reggina\",\"publisher\":{\"@id\":\"https:\/\/progettotouring.it\/radiotouring104\/#organization\"},\"potentialAction\":[{\"@type\":\"SearchAction\",\"target\":{\"@type\":\"EntryPoint\",\"urlTemplate\":\"https:\/\/progettotouring.it\/radiotouring104\/?s={search_term_string}\"},\"query-input\":{\"@type\":\"PropertyValueSpecification\",\"valueRequired\":true,\"valueName\":\"search_term_string\"}}],\"inLanguage\":\"it-IT\"},{\"@type\":\"Organization\",\"@id\":\"https:\/\/progettotouring.it\/radiotouring104\/#organization\",\"name\":\"Radio Touring 104\",\"url\":\"https:\/\/progettotouring.it\/radiotouring104\/\",\"logo\":{\"@type\":\"ImageObject\",\"inLanguage\":\"it-IT\",\"@id\":\"https:\/\/progettotouring.it\/radiotouring104\/#\/schema\/logo\/image\/\",\"url\":\"https:\/\/progettotouring.it\/radiotouring104\/wp-content\/uploads\/sites\/6\/2022\/02\/cropped-logo-radio-touring-104.png\",\"contentUrl\":\"https:\/\/progettotouring.it\/radiotouring104\/wp-content\/uploads\/sites\/6\/2022\/02\/cropped-logo-radio-touring-104.png\",\"width\":377,\"height\":182,\"caption\":\"Radio Touring 104\"},\"image\":{\"@id\":\"https:\/\/progettotouring.it\/radiotouring104\/#\/schema\/logo\/image\/\"}},{\"@type\":\"Person\",\"@id\":\"https:\/\/progettotouring.it\/radiotouring104\/#\/schema\/person\/b9f9c3730b0a78814c9b9f3bfc52c619\",\"name\":\"S L\",\"image\":{\"@type\":\"ImageObject\",\"inLanguage\":\"it-IT\",\"@id\":\"https:\/\/secure.gravatar.com\/avatar\/652c51789d7030aaed9ff828331360502a68204fe6fb0831bc280515210e16d2?s=96&d=mm&r=g\",\"url\":\"https:\/\/secure.gravatar.com\/avatar\/652c51789d7030aaed9ff828331360502a68204fe6fb0831bc280515210e16d2?s=96&d=mm&r=g\",\"contentUrl\":\"https:\/\/secure.gravatar.com\/avatar\/652c51789d7030aaed9ff828331360502a68204fe6fb0831bc280515210e16d2?s=96&d=mm&r=g\",\"caption\":\"S L\"},\"url\":\"https:\/\/progettotouring.it\/radiotouring104\/author\/slibri\/\"}]}<\/script>\n<!-- \/ Yoast SEO plugin. -->","yoast_head_json":{"title":"Migliaia di fedeli per la processione del Santo patrono San Giorgio (FOTO) - Radio Touring 104","description":"Falcomat\u00e0: \"Una bella novit\u00e0 che \u00e8 gi\u00e0 diventata una lieta consuetudine, che riconnette la comunit\u00e0 reggina ad una tradizione tanto antica quanto importante\"","robots":{"index":"index","follow":"follow","max-snippet":"max-snippet:-1","max-image-preview":"max-image-preview:large","max-video-preview":"max-video-preview:-1"},"canonical":"https:\/\/progettotouring.it\/radiotouring104\/2025\/04\/27\/migliaia-di-fedeli-per-la-processione-del-santo-patrono-san-giorgio-foto\/","og_locale":"it_IT","og_type":"article","og_title":"Migliaia di fedeli per la processione del Santo patrono San Giorgio (FOTO) - Radio Touring 104","og_description":"Falcomat\u00e0: \"Una bella novit\u00e0 che \u00e8 gi\u00e0 diventata una lieta consuetudine, che riconnette la comunit\u00e0 reggina ad una tradizione tanto antica quanto importante\"","og_url":"https:\/\/progettotouring.it\/radiotouring104\/2025\/04\/27\/migliaia-di-fedeli-per-la-processione-del-santo-patrono-san-giorgio-foto\/","og_site_name":"Radio Touring 104","article_published_time":"2025-04-27T11:39:44+00:00","article_modified_time":"2025-04-27T11:50:27+00:00","og_image":[{"width":1472,"height":832,"url":"https:\/\/progettotouring.it\/radiotouring104\/wp-content\/uploads\/sites\/6\/2025\/04\/processione-san-giorgio.jpg","type":"image\/jpeg"}],"author":"S L","twitter_card":"summary_large_image","twitter_misc":{"Scritto da":"S L","Tempo di lettura stimato":"1 minuto"},"schema":{"@context":"https:\/\/schema.org","@graph":[{"@type":"Article","@id":"https:\/\/progettotouring.it\/radiotouring104\/2025\/04\/27\/migliaia-di-fedeli-per-la-processione-del-santo-patrono-san-giorgio-foto\/#article","isPartOf":{"@id":"https:\/\/progettotouring.it\/radiotouring104\/2025\/04\/27\/migliaia-di-fedeli-per-la-processione-del-santo-patrono-san-giorgio-foto\/"},"author":{"name":"S L","@id":"https:\/\/progettotouring.it\/radiotouring104\/#\/schema\/person\/b9f9c3730b0a78814c9b9f3bfc52c619"},"headline":"Migliaia di fedeli per la processione del Santo patrono San Giorgio (FOTO)","datePublished":"2025-04-27T11:39:44+00:00","dateModified":"2025-04-27T11:50:27+00:00","mainEntityOfPage":{"@id":"https:\/\/progettotouring.it\/radiotouring104\/2025\/04\/27\/migliaia-di-fedeli-per-la-processione-del-santo-patrono-san-giorgio-foto\/"},"wordCount":297,"publisher":{"@id":"https:\/\/progettotouring.it\/radiotouring104\/#organization"},"image":{"@id":"https:\/\/progettotouring.it\/radiotouring104\/2025\/04\/27\/migliaia-di-fedeli-per-la-processione-del-santo-patrono-san-giorgio-foto\/#primaryimage"},"thumbnailUrl":"https:\/\/progettotouring.it\/radiotouring104\/wp-content\/uploads\/sites\/6\/2025\/04\/processione-san-giorgio.jpg","articleSection":["Home","In primo piano","News","Reggio Calabria"],"inLanguage":"it-IT"},{"@type":"WebPage","@id":"https:\/\/progettotouring.it\/radiotouring104\/2025\/04\/27\/migliaia-di-fedeli-per-la-processione-del-santo-patrono-san-giorgio-foto\/","url":"https:\/\/progettotouring.it\/radiotouring104\/2025\/04\/27\/migliaia-di-fedeli-per-la-processione-del-santo-patrono-san-giorgio-foto\/","name":"Migliaia di fedeli per la processione del Santo patrono San Giorgio (FOTO) - Radio Touring 104","isPartOf":{"@id":"https:\/\/progettotouring.it\/radiotouring104\/#website"},"primaryImageOfPage":{"@id":"https:\/\/progettotouring.it\/radiotouring104\/2025\/04\/27\/migliaia-di-fedeli-per-la-processione-del-santo-patrono-san-giorgio-foto\/#primaryimage"},"image":{"@id":"https:\/\/progettotouring.it\/radiotouring104\/2025\/04\/27\/migliaia-di-fedeli-per-la-processione-del-santo-patrono-san-giorgio-foto\/#primaryimage"},"thumbnailUrl":"https:\/\/progettotouring.it\/radiotouring104\/wp-content\/uploads\/sites\/6\/2025\/04\/processione-san-giorgio.jpg","datePublished":"2025-04-27T11:39:44+00:00","dateModified":"2025-04-27T11:50:27+00:00","description":"Falcomat\u00e0: \"Una bella novit\u00e0 che \u00e8 gi\u00e0 diventata una lieta consuetudine, che riconnette la comunit\u00e0 reggina ad una tradizione tanto antica quanto importante\"","breadcrumb":{"@id":"https:\/\/progettotouring.it\/radiotouring104\/2025\/04\/27\/migliaia-di-fedeli-per-la-processione-del-santo-patrono-san-giorgio-foto\/#breadcrumb"},"inLanguage":"it-IT","potentialAction":[{"@type":"ReadAction","target":["https:\/\/progettotouring.it\/radiotouring104\/2025\/04\/27\/migliaia-di-fedeli-per-la-processione-del-santo-patrono-san-giorgio-foto\/"]}]},{"@type":"ImageObject","inLanguage":"it-IT","@id":"https:\/\/progettotouring.it\/radiotouring104\/2025\/04\/27\/migliaia-di-fedeli-per-la-processione-del-santo-patrono-san-giorgio-foto\/#primaryimage","url":"https:\/\/progettotouring.it\/radiotouring104\/wp-content\/uploads\/sites\/6\/2025\/04\/processione-san-giorgio.jpg","contentUrl":"https:\/\/progettotouring.it\/radiotouring104\/wp-content\/uploads\/sites\/6\/2025\/04\/processione-san-giorgio.jpg","width":1472,"height":832},{"@type":"BreadcrumbList","@id":"https:\/\/progettotouring.it\/radiotouring104\/2025\/04\/27\/migliaia-di-fedeli-per-la-processione-del-santo-patrono-san-giorgio-foto\/#breadcrumb","itemListElement":[{"@type":"ListItem","position":1,"name":"Home","item":"https:\/\/progettotouring.it\/radiotouring104\/"},{"@type":"ListItem","position":2,"name":"Migliaia di fedeli per la processione del Santo patrono San Giorgio (FOTO)"}]},{"@type":"WebSite","@id":"https:\/\/progettotouring.it\/radiotouring104\/#website","url":"https:\/\/progettotouring.it\/radiotouring104\/","name":"Radio Touring 104","description":"La prima radio Reggina","publisher":{"@id":"https:\/\/progettotouring.it\/radiotouring104\/#organization"},"potentialAction":[{"@type":"SearchAction","target":{"@type":"EntryPoint","urlTemplate":"https:\/\/progettotouring.it\/radiotouring104\/?s={search_term_string}"},"query-input":{"@type":"PropertyValueSpecification","valueRequired":true,"valueName":"search_term_string"}}],"inLanguage":"it-IT"},{"@type":"Organization","@id":"https:\/\/progettotouring.it\/radiotouring104\/#organization","name":"Radio Touring 104","url":"https:\/\/progettotouring.it\/radiotouring104\/","logo":{"@type":"ImageObject","inLanguage":"it-IT","@id":"https:\/\/progettotouring.it\/radiotouring104\/#\/schema\/logo\/image\/","url":"https:\/\/progettotouring.it\/radiotouring104\/wp-content\/uploads\/sites\/6\/2022\/02\/cropped-logo-radio-touring-104.png","contentUrl":"https:\/\/progettotouring.it\/radiotouring104\/wp-content\/uploads\/sites\/6\/2022\/02\/cropped-logo-radio-touring-104.png","width":377,"height":182,"caption":"Radio Touring 104"},"image":{"@id":"https:\/\/progettotouring.it\/radiotouring104\/#\/schema\/logo\/image\/"}},{"@type":"Person","@id":"https:\/\/progettotouring.it\/radiotouring104\/#\/schema\/person\/b9f9c3730b0a78814c9b9f3bfc52c619","name":"S L","image":{"@type":"ImageObject","inLanguage":"it-IT","@id":"https:\/\/secure.gravatar.com\/avatar\/652c51789d7030aaed9ff828331360502a68204fe6fb0831bc280515210e16d2?s=96&d=mm&r=g","url":"https:\/\/secure.gravatar.com\/avatar\/652c51789d7030aaed9ff828331360502a68204fe6fb0831bc280515210e16d2?s=96&d=mm&r=g","contentUrl":"https:\/\/secure.gravatar.com\/avatar\/652c51789d7030aaed9ff828331360502a68204fe6fb0831bc280515210e16d2?s=96&d=mm&r=g","caption":"S L"},"url":"https:\/\/progettotouring.it\/radiotouring104\/author\/slibri\/"}]}},"jetpack_publicize_connections":[],"jetpack_featured_media_url":"https:\/\/progettotouring.it\/radiotouring104\/wp-content\/uploads\/sites\/6\/2025\/04\/processione-san-giorgio.jpg","jetpack_sharing_enabled":true,"_links":{"self":[{"href":"https:\/\/progettotouring.it\/radiotouring104\/wp-json\/wp\/v2\/posts\/72135","targetHints":{"allow":["GET"]}}],"collection":[{"href":"https:\/\/progettotouring.it\/radiotouring104\/wp-json\/wp\/v2\/posts"}],"about":[{"href":"https:\/\/progettotouring.it\/radiotouring104\/wp-json\/wp\/v2\/types\/post"}],"author":[{"embeddable":true,"href":"https:\/\/progettotouring.it\/radiotouring104\/wp-json\/wp\/v2\/users\/19"}],"replies":[{"embeddable":true,"href":"https:\/\/progettotouring.it\/radiotouring104\/wp-json\/wp\/v2\/comments?post=72135"}],"version-history":[{"count":2,"href":"https:\/\/progettotouring.it\/radiotouring104\/wp-json\/wp\/v2\/posts\/72135\/revisions"}],"predecessor-version":[{"id":72153,"href":"https:\/\/progettotouring.it\/radiotouring104\/wp-json\/wp\/v2\/posts\/72135\/revisions\/72153"}],"wp:featuredmedia":[{"embeddable":true,"href":"https:\/\/progettotouring.it\/radiotouring104\/wp-json\/wp\/v2\/media\/72136"}],"wp:attachment":[{"href":"https:\/\/progettotouring.it\/radiotouring104\/wp-json\/wp\/v2\/media?parent=72135"}],"wp:term":[{"taxonomy":"category","embeddable":true,"href":"https:\/\/progettotouring.it\/radiotouring104\/wp-json\/wp\/v2\/categories?post=72135"},{"taxonomy":"post_tag","embeddable":true,"href":"https:\/\/progettotouring.it\/radiotouring104\/wp-json\/wp\/v2\/tags?post=72135"}],"curies":[{"name":"wp","href":"https:\/\/api.w.org\/{rel}","templated":true}]}}