{"id":72154,"date":"2025-04-27T14:07:11","date_gmt":"2025-04-27T12:07:11","guid":{"rendered":"https:\/\/progettotouring.it\/radiotouring104\/?p=72154"},"modified":"2025-04-27T14:07:11","modified_gmt":"2025-04-27T12:07:11","slug":"reggio-calabria-street-food-fest-stasera-lultima-giornata","status":"publish","type":"post","link":"https:\/\/progettotouring.it\/radiotouring104\/2025\/04\/27\/reggio-calabria-street-food-fest-stasera-lultima-giornata\/","title":{"rendered":"\u201cReggio Calabria Street Food Fest\u201d stasera l&#8217;ultima giornata"},"content":{"rendered":"<p class=\"xmprfx_MsoNormal\">Tutto pronto per il gran finale del \u201cReggio Calabria Street Food Fest\u201d, la kermesse del gusto organizzata da Eventivamente, in partnership con la Citt\u00e0 Metropolitana e il Comune di Reggio Calabria.<\/p>\n<p><em><img fetchpriority=\"high\" decoding=\"async\" class=\"alignnone size-medium wp-image-72161\" src=\"https:\/\/progettotouring.it\/radiotouring104\/wp-content\/uploads\/sites\/6\/2025\/04\/05_Foto-1-300x200.jpeg\" alt=\"\" width=\"300\" height=\"200\" srcset=\"https:\/\/progettotouring.it\/radiotouring104\/wp-content\/uploads\/sites\/6\/2025\/04\/05_Foto-1-300x200.jpeg 300w, https:\/\/progettotouring.it\/radiotouring104\/wp-content\/uploads\/sites\/6\/2025\/04\/05_Foto-1-1024x683.jpeg 1024w, https:\/\/progettotouring.it\/radiotouring104\/wp-content\/uploads\/sites\/6\/2025\/04\/05_Foto-1-768x512.jpeg 768w, https:\/\/progettotouring.it\/radiotouring104\/wp-content\/uploads\/sites\/6\/2025\/04\/05_Foto-1-1536x1024.jpeg 1536w, https:\/\/progettotouring.it\/radiotouring104\/wp-content\/uploads\/sites\/6\/2025\/04\/05_Foto-1-1170x780.jpeg 1170w, https:\/\/progettotouring.it\/radiotouring104\/wp-content\/uploads\/sites\/6\/2025\/04\/05_Foto-1-585x390.jpeg 585w, https:\/\/progettotouring.it\/radiotouring104\/wp-content\/uploads\/sites\/6\/2025\/04\/05_Foto-1-263x175.jpeg 263w, https:\/\/progettotouring.it\/radiotouring104\/wp-content\/uploads\/sites\/6\/2025\/04\/05_Foto-1.jpeg 1600w\" sizes=\"(max-width: 300px) 100vw, 300px\" \/><img decoding=\"async\" class=\"alignnone size-medium wp-image-72160\" src=\"https:\/\/progettotouring.it\/radiotouring104\/wp-content\/uploads\/sites\/6\/2025\/04\/01_Foto-300x200.jpg\" alt=\"\" width=\"300\" height=\"200\" srcset=\"https:\/\/progettotouring.it\/radiotouring104\/wp-content\/uploads\/sites\/6\/2025\/04\/01_Foto-300x200.jpg 300w, https:\/\/progettotouring.it\/radiotouring104\/wp-content\/uploads\/sites\/6\/2025\/04\/01_Foto-1024x683.jpg 1024w, https:\/\/progettotouring.it\/radiotouring104\/wp-content\/uploads\/sites\/6\/2025\/04\/01_Foto-768x512.jpg 768w, https:\/\/progettotouring.it\/radiotouring104\/wp-content\/uploads\/sites\/6\/2025\/04\/01_Foto-1536x1025.jpg 1536w, https:\/\/progettotouring.it\/radiotouring104\/wp-content\/uploads\/sites\/6\/2025\/04\/01_Foto-1920x1281.jpg 1920w, https:\/\/progettotouring.it\/radiotouring104\/wp-content\/uploads\/sites\/6\/2025\/04\/01_Foto-1170x780.jpg 1170w, https:\/\/progettotouring.it\/radiotouring104\/wp-content\/uploads\/sites\/6\/2025\/04\/01_Foto-585x390.jpg 585w, https:\/\/progettotouring.it\/radiotouring104\/wp-content\/uploads\/sites\/6\/2025\/04\/01_Foto-263x175.jpg 263w, https:\/\/progettotouring.it\/radiotouring104\/wp-content\/uploads\/sites\/6\/2025\/04\/01_Foto.jpg 2048w\" sizes=\"(max-width: 300px) 100vw, 300px\" \/><\/em><\/p>\n<p class=\"xmprfx_MsoNormal\">L\u2019evento, avviatosi gioved\u00ec, sta registrando un successo grandissimo, con numeri da record, si concluder\u00e0 oggi con la proclamazione dei migliori street fooder e una serie di premi speciali.<\/p>\n<p><em><img decoding=\"async\" class=\"alignnone size-medium wp-image-72162\" src=\"https:\/\/progettotouring.it\/radiotouring104\/wp-content\/uploads\/sites\/6\/2025\/04\/03_Foto-1-300x200.jpg\" alt=\"\" width=\"300\" height=\"200\" srcset=\"https:\/\/progettotouring.it\/radiotouring104\/wp-content\/uploads\/sites\/6\/2025\/04\/03_Foto-1-300x200.jpg 300w, https:\/\/progettotouring.it\/radiotouring104\/wp-content\/uploads\/sites\/6\/2025\/04\/03_Foto-1-1024x683.jpg 1024w, https:\/\/progettotouring.it\/radiotouring104\/wp-content\/uploads\/sites\/6\/2025\/04\/03_Foto-1-768x512.jpg 768w, https:\/\/progettotouring.it\/radiotouring104\/wp-content\/uploads\/sites\/6\/2025\/04\/03_Foto-1-1536x1025.jpg 1536w, https:\/\/progettotouring.it\/radiotouring104\/wp-content\/uploads\/sites\/6\/2025\/04\/03_Foto-1-1920x1281.jpg 1920w, https:\/\/progettotouring.it\/radiotouring104\/wp-content\/uploads\/sites\/6\/2025\/04\/03_Foto-1-1170x780.jpg 1170w, https:\/\/progettotouring.it\/radiotouring104\/wp-content\/uploads\/sites\/6\/2025\/04\/03_Foto-1-585x390.jpg 585w, https:\/\/progettotouring.it\/radiotouring104\/wp-content\/uploads\/sites\/6\/2025\/04\/03_Foto-1-263x175.jpg 263w, https:\/\/progettotouring.it\/radiotouring104\/wp-content\/uploads\/sites\/6\/2025\/04\/03_Foto-1.jpg 2048w\" sizes=\"(max-width: 300px) 100vw, 300px\" \/><img loading=\"lazy\" decoding=\"async\" class=\"alignnone size-medium wp-image-72163\" src=\"https:\/\/progettotouring.it\/radiotouring104\/wp-content\/uploads\/sites\/6\/2025\/04\/04_Foto-300x200.jpg\" alt=\"\" width=\"300\" height=\"200\" srcset=\"https:\/\/progettotouring.it\/radiotouring104\/wp-content\/uploads\/sites\/6\/2025\/04\/04_Foto-300x200.jpg 300w, https:\/\/progettotouring.it\/radiotouring104\/wp-content\/uploads\/sites\/6\/2025\/04\/04_Foto-1024x683.jpg 1024w, https:\/\/progettotouring.it\/radiotouring104\/wp-content\/uploads\/sites\/6\/2025\/04\/04_Foto-768x512.jpg 768w, https:\/\/progettotouring.it\/radiotouring104\/wp-content\/uploads\/sites\/6\/2025\/04\/04_Foto-1536x1025.jpg 1536w, https:\/\/progettotouring.it\/radiotouring104\/wp-content\/uploads\/sites\/6\/2025\/04\/04_Foto-1920x1281.jpg 1920w, https:\/\/progettotouring.it\/radiotouring104\/wp-content\/uploads\/sites\/6\/2025\/04\/04_Foto-1170x780.jpg 1170w, https:\/\/progettotouring.it\/radiotouring104\/wp-content\/uploads\/sites\/6\/2025\/04\/04_Foto-585x390.jpg 585w, https:\/\/progettotouring.it\/radiotouring104\/wp-content\/uploads\/sites\/6\/2025\/04\/04_Foto-263x175.jpg 263w, https:\/\/progettotouring.it\/radiotouring104\/wp-content\/uploads\/sites\/6\/2025\/04\/04_Foto.jpg 2048w\" sizes=\"(max-width: 300px) 100vw, 300px\" \/><\/em><\/p>\n<p class=\"xmprfx_MsoNormal\">Migliaia di persone provenienti da tutta la Calabria e dalla Sicilia hanno affollato il Lungomare Italo Falcomat\u00e0, trasformato in una vivace festa del gusto. L\u2019evento celebra il miglior cibo di strada, offrendo occasioni di aggregazione e convivialit\u00e0 uniche.<\/p>\n<p class=\"xmprfx_MsoNormal\">Protagonisti, nell\u2019area show cooking di questa sera, alle 19, lo chef\u00a0<b>Giuseppe Geraci<\/b>\u00a0del ristorante Modi Torregrotta (Messina) con il gelatiere\u00a0<b>Gabriele Fiumara<\/b>, campione italiano di gelateria e capitano della nazionale \u201cGelato Europeo Cup 2025\u201d.<\/p>\n<p class=\"xmprfx_MsoNormal\">Alle 20 lo stellato <b>Nino Rossi<\/b>, una stella Michelin del Ristorante Qafiz S. Cristina d&#8217;Aspromonte e\u00a0<b>Antonello Fragomeni<\/b>\u00a0del bar pasticceria Fragomeni di Reggio Calabria.<\/p>\n<p class=\"xmprfx_MsoNormal\">Il Food village rimarr\u00e0 aperto, orario continuato, dalle 11 alle 24.<\/p>\n<p class=\"xmprfx_MsoNormal\"><b>\u00a0<\/b><b>Spettacoli:<\/b><\/p>\n<p class=\"xmprfx_MsoNormal\"><b>Ore 18 &#8211; 21\u00a0<\/b>Joculares, \u201cMusicisti Trampolieri\u201d<b><\/b><\/p>\n<p class=\"xmprfx_MsoNormal\"><b>Ore 19:30 &#8211;\u00a0<\/b>Dj set con Enzo Romeo<\/p>\n<p class=\"xmprfx_MsoNormal\"><b>Ore 21\u00a0<\/b>&#8211; Sul palco la musica live dei Briganti italiani<\/p>\n<p class=\"xmprfx_MsoNormal\"><b>Ore 23 &#8211;\u00a0<\/b>Premiazione migliori street fooder pi\u00f9 graditi<\/p>\n<p class=\"xmprfx_MsoNormal\"><b>Ore 23:30 &#8211;\u00a0<\/b>Dj set con Enzo Romeo.<\/p>\n<p><em>\u00a0\u00a0<\/em><em>\u201cIn un\u2019epoca segnata dalla globalizzazione<\/em> &#8211; ha sottolineato il sindaco metropolitano\u00a0<b>Giuseppe Falcomat\u00e0\u00a0<\/b>&#8211; <em>l&#8217;enogastronomia, anche quella veloce di strada, \u00e8 sempre pi\u00f9 sinonimo di qualit\u00e0, di identit\u00e0, di marcatore identitario e di promozione territoriale. Sono orgoglioso di come la citt\u00e0, anche in quest\u2019occasione, si sia fatta trovare pronta ad un grande evento, in grado di unire gastronomia, cultura e intrattenimento, attraverso l\u2019esaltazione pi\u00f9 autentica di profumi, sapori e colori tipici della bellezza della nostra terra e di tutto il Sud. Un\u2019edizione dalla formula collaudata che puntiamo a riproporre anche nei prossimi anni, perch\u00e9, crediamo che la valorizzazione delle nostre specialit\u00e0 e delle creativit\u00e0 artigianali gastronomiche, rappresentino un fondamentale strumento di sviluppo per tutto il territorio, in particolare sul piano turistico\u201d.<\/em><\/p>\n<p class=\"xmprfx_MsoNormal\"><em>\u201cLa nostra citt\u00e0 invasa da \u2018sapori\u2019 di qualit\u00e0\u201d<\/em> &#8211; dice il vicesindaco\u00a0<b>Carmelo Versace &#8211; <\/b>\u00a0<em>una manifestazione da incorniciare, che ha richiamato pubblico da ogni parte del territorio metropolitano, e non solo, che ha avuto l\u2019opportunit\u00e0, grazie allo Street Food, di ammirare le bellezze della nostra citt\u00e0 e, ovviamente, assaporare le pietanze preparate sul posto. Cibi tradizionali e innovativi in una cornice di intrattenimento culturale e musicale che ha saputo valorizzare le maestranze che hanno aderito, ribadendo, qualora ce ne fosse bisogno, che gli imprenditori e i commercianti della gastronomia del Mezzogiorno sono artigiani dell\u2019eccellenza e della qualit\u00e0\u201d.<\/em><\/p>\n<p class=\"xmprfx_MsoNormal\">\u201c<em>Il ponte del gusto adesso \u00e8 davvero realt\u00e0<\/em>, ha commentato\u00a0<b>Alberto Palella<\/b>, amministratore unico di Eventivamente. <em>La gente ha apprezzato il nostro format ed il successo \u00e8 andato oltre le aspettative. Abbiamo dimostrato che lo Stretto pu\u00f2 rappresentare un elemento di unione tra le due sponde, se si creano occasioni di scambio e condivisione in un\u2019ottica di valorizzazione turistica e di crescita economica\u201d.<\/em><\/p>\n<p class=\"xmprfx_MsoNormal\"><b>\u00a0<\/b><\/p>\n<p class=\"xmprfx_MsoNormal\">\n","protected":false},"excerpt":{"rendered":"<p>Tutto pronto per il gran finale del \u201cReggio Calabria Street Food Fest\u201d, la kermesse del gusto organizzata da Eventivamente, in partnership con la Citt\u00e0 Metropolitana e il Comune di Reggio&hellip;<\/p>\n","protected":false},"author":19,"featured_media":72165,"comment_status":"closed","ping_status":"open","sticky":false,"template":"","format":"standard","meta":{"_jetpack_memberships_contains_paid_content":false,"footnotes":"","jetpack_publicize_message":"","jetpack_publicize_feature_enabled":true,"jetpack_social_post_already_shared":true,"jetpack_social_options":{"image_generator_settings":{"template":"highway","default_image_id":0,"font":"","enabled":false},"version":2}},"categories":[921,150,196,140,147],"tags":[],"class_list":["post-72154","post","type-post","status-publish","format-standard","has-post-thumbnail","hentry","category-home","category-in-primo-piano","category-news","category-reggio-calabria","category-spettacoli"],"yoast_head":"<!-- This site is optimized with the Yoast SEO plugin v27.2 - https:\/\/yoast.com\/product\/yoast-seo-wordpress\/ -->\n<title>\u201cReggio Calabria Street Food Fest\u201d stasera l&#039;ultima giornata - Radio Touring 104<\/title>\n<meta name=\"description\" content=\"Gran finale della manifestazione che si concluder\u00e0 oggi con la proclamazione dei migliori street fooder e una serie di premi speciali\" \/>\n<meta name=\"robots\" content=\"index, follow, max-snippet:-1, max-image-preview:large, max-video-preview:-1\" \/>\n<link rel=\"canonical\" href=\"https:\/\/progettotouring.it\/radiotouring104\/2025\/04\/27\/reggio-calabria-street-food-fest-stasera-lultima-giornata\/\" \/>\n<meta property=\"og:locale\" content=\"it_IT\" \/>\n<meta property=\"og:type\" content=\"article\" \/>\n<meta property=\"og:title\" content=\"\u201cReggio Calabria Street Food Fest\u201d stasera l&#039;ultima giornata - Radio Touring 104\" \/>\n<meta property=\"og:description\" content=\"Gran finale della manifestazione che si concluder\u00e0 oggi con la proclamazione dei migliori street fooder e una serie di premi speciali\" \/>\n<meta property=\"og:url\" content=\"https:\/\/progettotouring.it\/radiotouring104\/2025\/04\/27\/reggio-calabria-street-food-fest-stasera-lultima-giornata\/\" \/>\n<meta property=\"og:site_name\" content=\"Radio Touring 104\" \/>\n<meta property=\"article:published_time\" content=\"2025-04-27T12:07:11+00:00\" \/>\n<meta property=\"og:image\" content=\"https:\/\/progettotouring.it\/radiotouring104\/wp-content\/uploads\/sites\/6\/2025\/04\/street-food-3.jpg\" \/>\n\t<meta property=\"og:image:width\" content=\"1472\" \/>\n\t<meta property=\"og:image:height\" content=\"832\" \/>\n\t<meta property=\"og:image:type\" content=\"image\/jpeg\" \/>\n<meta name=\"author\" content=\"S L\" \/>\n<meta name=\"twitter:card\" content=\"summary_large_image\" \/>\n<meta name=\"twitter:label1\" content=\"Scritto da\" \/>\n\t<meta name=\"twitter:data1\" content=\"S L\" \/>\n\t<meta name=\"twitter:label2\" content=\"Tempo di lettura stimato\" \/>\n\t<meta name=\"twitter:data2\" content=\"2 minuti\" \/>\n<script type=\"application\/ld+json\" class=\"yoast-schema-graph\">{\"@context\":\"https:\/\/schema.org\",\"@graph\":[{\"@type\":\"Article\",\"@id\":\"https:\/\/progettotouring.it\/radiotouring104\/2025\/04\/27\/reggio-calabria-street-food-fest-stasera-lultima-giornata\/#article\",\"isPartOf\":{\"@id\":\"https:\/\/progettotouring.it\/radiotouring104\/2025\/04\/27\/reggio-calabria-street-food-fest-stasera-lultima-giornata\/\"},\"author\":{\"name\":\"S L\",\"@id\":\"https:\/\/progettotouring.it\/radiotouring104\/#\/schema\/person\/b9f9c3730b0a78814c9b9f3bfc52c619\"},\"headline\":\"\u201cReggio Calabria Street Food Fest\u201d stasera l&#8217;ultima giornata\",\"datePublished\":\"2025-04-27T12:07:11+00:00\",\"mainEntityOfPage\":{\"@id\":\"https:\/\/progettotouring.it\/radiotouring104\/2025\/04\/27\/reggio-calabria-street-food-fest-stasera-lultima-giornata\/\"},\"wordCount\":498,\"publisher\":{\"@id\":\"https:\/\/progettotouring.it\/radiotouring104\/#organization\"},\"image\":{\"@id\":\"https:\/\/progettotouring.it\/radiotouring104\/2025\/04\/27\/reggio-calabria-street-food-fest-stasera-lultima-giornata\/#primaryimage\"},\"thumbnailUrl\":\"https:\/\/progettotouring.it\/radiotouring104\/wp-content\/uploads\/sites\/6\/2025\/04\/street-food-3.jpg\",\"articleSection\":[\"Home\",\"In primo piano\",\"News\",\"Reggio Calabria\",\"Spettacoli\"],\"inLanguage\":\"it-IT\"},{\"@type\":\"WebPage\",\"@id\":\"https:\/\/progettotouring.it\/radiotouring104\/2025\/04\/27\/reggio-calabria-street-food-fest-stasera-lultima-giornata\/\",\"url\":\"https:\/\/progettotouring.it\/radiotouring104\/2025\/04\/27\/reggio-calabria-street-food-fest-stasera-lultima-giornata\/\",\"name\":\"\u201cReggio Calabria Street Food Fest\u201d stasera l'ultima giornata - Radio Touring 104\",\"isPartOf\":{\"@id\":\"https:\/\/progettotouring.it\/radiotouring104\/#website\"},\"primaryImageOfPage\":{\"@id\":\"https:\/\/progettotouring.it\/radiotouring104\/2025\/04\/27\/reggio-calabria-street-food-fest-stasera-lultima-giornata\/#primaryimage\"},\"image\":{\"@id\":\"https:\/\/progettotouring.it\/radiotouring104\/2025\/04\/27\/reggio-calabria-street-food-fest-stasera-lultima-giornata\/#primaryimage\"},\"thumbnailUrl\":\"https:\/\/progettotouring.it\/radiotouring104\/wp-content\/uploads\/sites\/6\/2025\/04\/street-food-3.jpg\",\"datePublished\":\"2025-04-27T12:07:11+00:00\",\"description\":\"Gran finale della manifestazione che si concluder\u00e0 oggi con la proclamazione dei migliori street fooder e una serie di premi speciali\",\"breadcrumb\":{\"@id\":\"https:\/\/progettotouring.it\/radiotouring104\/2025\/04\/27\/reggio-calabria-street-food-fest-stasera-lultima-giornata\/#breadcrumb\"},\"inLanguage\":\"it-IT\",\"potentialAction\":[{\"@type\":\"ReadAction\",\"target\":[\"https:\/\/progettotouring.it\/radiotouring104\/2025\/04\/27\/reggio-calabria-street-food-fest-stasera-lultima-giornata\/\"]}]},{\"@type\":\"ImageObject\",\"inLanguage\":\"it-IT\",\"@id\":\"https:\/\/progettotouring.it\/radiotouring104\/2025\/04\/27\/reggio-calabria-street-food-fest-stasera-lultima-giornata\/#primaryimage\",\"url\":\"https:\/\/progettotouring.it\/radiotouring104\/wp-content\/uploads\/sites\/6\/2025\/04\/street-food-3.jpg\",\"contentUrl\":\"https:\/\/progettotouring.it\/radiotouring104\/wp-content\/uploads\/sites\/6\/2025\/04\/street-food-3.jpg\",\"width\":1472,\"height\":832},{\"@type\":\"BreadcrumbList\",\"@id\":\"https:\/\/progettotouring.it\/radiotouring104\/2025\/04\/27\/reggio-calabria-street-food-fest-stasera-lultima-giornata\/#breadcrumb\",\"itemListElement\":[{\"@type\":\"ListItem\",\"position\":1,\"name\":\"Home\",\"item\":\"https:\/\/progettotouring.it\/radiotouring104\/\"},{\"@type\":\"ListItem\",\"position\":2,\"name\":\"\u201cReggio Calabria Street Food Fest\u201d stasera l&#8217;ultima giornata\"}]},{\"@type\":\"WebSite\",\"@id\":\"https:\/\/progettotouring.it\/radiotouring104\/#website\",\"url\":\"https:\/\/progettotouring.it\/radiotouring104\/\",\"name\":\"Radio Touring 104\",\"description\":\"La prima radio Reggina\",\"publisher\":{\"@id\":\"https:\/\/progettotouring.it\/radiotouring104\/#organization\"},\"potentialAction\":[{\"@type\":\"SearchAction\",\"target\":{\"@type\":\"EntryPoint\",\"urlTemplate\":\"https:\/\/progettotouring.it\/radiotouring104\/?s={search_term_string}\"},\"query-input\":{\"@type\":\"PropertyValueSpecification\",\"valueRequired\":true,\"valueName\":\"search_term_string\"}}],\"inLanguage\":\"it-IT\"},{\"@type\":\"Organization\",\"@id\":\"https:\/\/progettotouring.it\/radiotouring104\/#organization\",\"name\":\"Radio Touring 104\",\"url\":\"https:\/\/progettotouring.it\/radiotouring104\/\",\"logo\":{\"@type\":\"ImageObject\",\"inLanguage\":\"it-IT\",\"@id\":\"https:\/\/progettotouring.it\/radiotouring104\/#\/schema\/logo\/image\/\",\"url\":\"https:\/\/progettotouring.it\/radiotouring104\/wp-content\/uploads\/sites\/6\/2022\/02\/cropped-logo-radio-touring-104.png\",\"contentUrl\":\"https:\/\/progettotouring.it\/radiotouring104\/wp-content\/uploads\/sites\/6\/2022\/02\/cropped-logo-radio-touring-104.png\",\"width\":377,\"height\":182,\"caption\":\"Radio Touring 104\"},\"image\":{\"@id\":\"https:\/\/progettotouring.it\/radiotouring104\/#\/schema\/logo\/image\/\"}},{\"@type\":\"Person\",\"@id\":\"https:\/\/progettotouring.it\/radiotouring104\/#\/schema\/person\/b9f9c3730b0a78814c9b9f3bfc52c619\",\"name\":\"S L\",\"image\":{\"@type\":\"ImageObject\",\"inLanguage\":\"it-IT\",\"@id\":\"https:\/\/secure.gravatar.com\/avatar\/652c51789d7030aaed9ff828331360502a68204fe6fb0831bc280515210e16d2?s=96&d=mm&r=g\",\"url\":\"https:\/\/secure.gravatar.com\/avatar\/652c51789d7030aaed9ff828331360502a68204fe6fb0831bc280515210e16d2?s=96&d=mm&r=g\",\"contentUrl\":\"https:\/\/secure.gravatar.com\/avatar\/652c51789d7030aaed9ff828331360502a68204fe6fb0831bc280515210e16d2?s=96&d=mm&r=g\",\"caption\":\"S L\"},\"url\":\"https:\/\/progettotouring.it\/radiotouring104\/author\/slibri\/\"}]}<\/script>\n<!-- \/ Yoast SEO plugin. -->","yoast_head_json":{"title":"\u201cReggio Calabria Street Food Fest\u201d stasera l'ultima giornata - Radio Touring 104","description":"Gran finale della manifestazione che si concluder\u00e0 oggi con la proclamazione dei migliori street fooder e una serie di premi speciali","robots":{"index":"index","follow":"follow","max-snippet":"max-snippet:-1","max-image-preview":"max-image-preview:large","max-video-preview":"max-video-preview:-1"},"canonical":"https:\/\/progettotouring.it\/radiotouring104\/2025\/04\/27\/reggio-calabria-street-food-fest-stasera-lultima-giornata\/","og_locale":"it_IT","og_type":"article","og_title":"\u201cReggio Calabria Street Food Fest\u201d stasera l'ultima giornata - Radio Touring 104","og_description":"Gran finale della manifestazione che si concluder\u00e0 oggi con la proclamazione dei migliori street fooder e una serie di premi speciali","og_url":"https:\/\/progettotouring.it\/radiotouring104\/2025\/04\/27\/reggio-calabria-street-food-fest-stasera-lultima-giornata\/","og_site_name":"Radio Touring 104","article_published_time":"2025-04-27T12:07:11+00:00","og_image":[{"width":1472,"height":832,"url":"https:\/\/progettotouring.it\/radiotouring104\/wp-content\/uploads\/sites\/6\/2025\/04\/street-food-3.jpg","type":"image\/jpeg"}],"author":"S L","twitter_card":"summary_large_image","twitter_misc":{"Scritto da":"S L","Tempo di lettura stimato":"2 minuti"},"schema":{"@context":"https:\/\/schema.org","@graph":[{"@type":"Article","@id":"https:\/\/progettotouring.it\/radiotouring104\/2025\/04\/27\/reggio-calabria-street-food-fest-stasera-lultima-giornata\/#article","isPartOf":{"@id":"https:\/\/progettotouring.it\/radiotouring104\/2025\/04\/27\/reggio-calabria-street-food-fest-stasera-lultima-giornata\/"},"author":{"name":"S L","@id":"https:\/\/progettotouring.it\/radiotouring104\/#\/schema\/person\/b9f9c3730b0a78814c9b9f3bfc52c619"},"headline":"\u201cReggio Calabria Street Food Fest\u201d stasera l&#8217;ultima giornata","datePublished":"2025-04-27T12:07:11+00:00","mainEntityOfPage":{"@id":"https:\/\/progettotouring.it\/radiotouring104\/2025\/04\/27\/reggio-calabria-street-food-fest-stasera-lultima-giornata\/"},"wordCount":498,"publisher":{"@id":"https:\/\/progettotouring.it\/radiotouring104\/#organization"},"image":{"@id":"https:\/\/progettotouring.it\/radiotouring104\/2025\/04\/27\/reggio-calabria-street-food-fest-stasera-lultima-giornata\/#primaryimage"},"thumbnailUrl":"https:\/\/progettotouring.it\/radiotouring104\/wp-content\/uploads\/sites\/6\/2025\/04\/street-food-3.jpg","articleSection":["Home","In primo piano","News","Reggio Calabria","Spettacoli"],"inLanguage":"it-IT"},{"@type":"WebPage","@id":"https:\/\/progettotouring.it\/radiotouring104\/2025\/04\/27\/reggio-calabria-street-food-fest-stasera-lultima-giornata\/","url":"https:\/\/progettotouring.it\/radiotouring104\/2025\/04\/27\/reggio-calabria-street-food-fest-stasera-lultima-giornata\/","name":"\u201cReggio Calabria Street Food Fest\u201d stasera l'ultima giornata - Radio Touring 104","isPartOf":{"@id":"https:\/\/progettotouring.it\/radiotouring104\/#website"},"primaryImageOfPage":{"@id":"https:\/\/progettotouring.it\/radiotouring104\/2025\/04\/27\/reggio-calabria-street-food-fest-stasera-lultima-giornata\/#primaryimage"},"image":{"@id":"https:\/\/progettotouring.it\/radiotouring104\/2025\/04\/27\/reggio-calabria-street-food-fest-stasera-lultima-giornata\/#primaryimage"},"thumbnailUrl":"https:\/\/progettotouring.it\/radiotouring104\/wp-content\/uploads\/sites\/6\/2025\/04\/street-food-3.jpg","datePublished":"2025-04-27T12:07:11+00:00","description":"Gran finale della manifestazione che si concluder\u00e0 oggi con la proclamazione dei migliori street fooder e una serie di premi speciali","breadcrumb":{"@id":"https:\/\/progettotouring.it\/radiotouring104\/2025\/04\/27\/reggio-calabria-street-food-fest-stasera-lultima-giornata\/#breadcrumb"},"inLanguage":"it-IT","potentialAction":[{"@type":"ReadAction","target":["https:\/\/progettotouring.it\/radiotouring104\/2025\/04\/27\/reggio-calabria-street-food-fest-stasera-lultima-giornata\/"]}]},{"@type":"ImageObject","inLanguage":"it-IT","@id":"https:\/\/progettotouring.it\/radiotouring104\/2025\/04\/27\/reggio-calabria-street-food-fest-stasera-lultima-giornata\/#primaryimage","url":"https:\/\/progettotouring.it\/radiotouring104\/wp-content\/uploads\/sites\/6\/2025\/04\/street-food-3.jpg","contentUrl":"https:\/\/progettotouring.it\/radiotouring104\/wp-content\/uploads\/sites\/6\/2025\/04\/street-food-3.jpg","width":1472,"height":832},{"@type":"BreadcrumbList","@id":"https:\/\/progettotouring.it\/radiotouring104\/2025\/04\/27\/reggio-calabria-street-food-fest-stasera-lultima-giornata\/#breadcrumb","itemListElement":[{"@type":"ListItem","position":1,"name":"Home","item":"https:\/\/progettotouring.it\/radiotouring104\/"},{"@type":"ListItem","position":2,"name":"\u201cReggio Calabria Street Food Fest\u201d stasera l&#8217;ultima giornata"}]},{"@type":"WebSite","@id":"https:\/\/progettotouring.it\/radiotouring104\/#website","url":"https:\/\/progettotouring.it\/radiotouring104\/","name":"Radio Touring 104","description":"La prima radio Reggina","publisher":{"@id":"https:\/\/progettotouring.it\/radiotouring104\/#organization"},"potentialAction":[{"@type":"SearchAction","target":{"@type":"EntryPoint","urlTemplate":"https:\/\/progettotouring.it\/radiotouring104\/?s={search_term_string}"},"query-input":{"@type":"PropertyValueSpecification","valueRequired":true,"valueName":"search_term_string"}}],"inLanguage":"it-IT"},{"@type":"Organization","@id":"https:\/\/progettotouring.it\/radiotouring104\/#organization","name":"Radio Touring 104","url":"https:\/\/progettotouring.it\/radiotouring104\/","logo":{"@type":"ImageObject","inLanguage":"it-IT","@id":"https:\/\/progettotouring.it\/radiotouring104\/#\/schema\/logo\/image\/","url":"https:\/\/progettotouring.it\/radiotouring104\/wp-content\/uploads\/sites\/6\/2022\/02\/cropped-logo-radio-touring-104.png","contentUrl":"https:\/\/progettotouring.it\/radiotouring104\/wp-content\/uploads\/sites\/6\/2022\/02\/cropped-logo-radio-touring-104.png","width":377,"height":182,"caption":"Radio Touring 104"},"image":{"@id":"https:\/\/progettotouring.it\/radiotouring104\/#\/schema\/logo\/image\/"}},{"@type":"Person","@id":"https:\/\/progettotouring.it\/radiotouring104\/#\/schema\/person\/b9f9c3730b0a78814c9b9f3bfc52c619","name":"S L","image":{"@type":"ImageObject","inLanguage":"it-IT","@id":"https:\/\/secure.gravatar.com\/avatar\/652c51789d7030aaed9ff828331360502a68204fe6fb0831bc280515210e16d2?s=96&d=mm&r=g","url":"https:\/\/secure.gravatar.com\/avatar\/652c51789d7030aaed9ff828331360502a68204fe6fb0831bc280515210e16d2?s=96&d=mm&r=g","contentUrl":"https:\/\/secure.gravatar.com\/avatar\/652c51789d7030aaed9ff828331360502a68204fe6fb0831bc280515210e16d2?s=96&d=mm&r=g","caption":"S L"},"url":"https:\/\/progettotouring.it\/radiotouring104\/author\/slibri\/"}]}},"jetpack_publicize_connections":[],"jetpack_featured_media_url":"https:\/\/progettotouring.it\/radiotouring104\/wp-content\/uploads\/sites\/6\/2025\/04\/street-food-3.jpg","jetpack_sharing_enabled":true,"_links":{"self":[{"href":"https:\/\/progettotouring.it\/radiotouring104\/wp-json\/wp\/v2\/posts\/72154","targetHints":{"allow":["GET"]}}],"collection":[{"href":"https:\/\/progettotouring.it\/radiotouring104\/wp-json\/wp\/v2\/posts"}],"about":[{"href":"https:\/\/progettotouring.it\/radiotouring104\/wp-json\/wp\/v2\/types\/post"}],"author":[{"embeddable":true,"href":"https:\/\/progettotouring.it\/radiotouring104\/wp-json\/wp\/v2\/users\/19"}],"replies":[{"embeddable":true,"href":"https:\/\/progettotouring.it\/radiotouring104\/wp-json\/wp\/v2\/comments?post=72154"}],"version-history":[{"count":2,"href":"https:\/\/progettotouring.it\/radiotouring104\/wp-json\/wp\/v2\/posts\/72154\/revisions"}],"predecessor-version":[{"id":72164,"href":"https:\/\/progettotouring.it\/radiotouring104\/wp-json\/wp\/v2\/posts\/72154\/revisions\/72164"}],"wp:featuredmedia":[{"embeddable":true,"href":"https:\/\/progettotouring.it\/radiotouring104\/wp-json\/wp\/v2\/media\/72165"}],"wp:attachment":[{"href":"https:\/\/progettotouring.it\/radiotouring104\/wp-json\/wp\/v2\/media?parent=72154"}],"wp:term":[{"taxonomy":"category","embeddable":true,"href":"https:\/\/progettotouring.it\/radiotouring104\/wp-json\/wp\/v2\/categories?post=72154"},{"taxonomy":"post_tag","embeddable":true,"href":"https:\/\/progettotouring.it\/radiotouring104\/wp-json\/wp\/v2\/tags?post=72154"}],"curies":[{"name":"wp","href":"https:\/\/api.w.org\/{rel}","templated":true}]}}