{"id":72224,"date":"2025-04-28T09:30:32","date_gmt":"2025-04-28T07:30:32","guid":{"rendered":"https:\/\/progettotouring.it\/radiotouring104\/?p=72224"},"modified":"2025-04-28T09:30:32","modified_gmt":"2025-04-28T07:30:32","slug":"reggio-le-parrocchie-di-san-demetrio-e-san-sperato-organizzano-una-veglia-di-preghiera-per-il-mondo-del-lavoro","status":"publish","type":"post","link":"https:\/\/progettotouring.it\/radiotouring104\/2025\/04\/28\/reggio-le-parrocchie-di-san-demetrio-e-san-sperato-organizzano-una-veglia-di-preghiera-per-il-mondo-del-lavoro\/","title":{"rendered":"Reggio: le parrocchie di San Demetrio e San Sperato organizzano una veglia di preghiera per il Mondo del Lavoro"},"content":{"rendered":"<p style=\"text-align: justify\">Le parrocchie gemellate di San Demetrio in Mosorrofa e di San Sperato hanno organizzato per il 30 aprile una veglia di preghiera per il mondo del lavoro dal titolo \u201cDonaci o Dio la sapienza del cuore\u201d.\u00a0 Alla vigilia della festivit\u00e0 del 1\u00b0 maggio, utilizzando un canovaccio proposto dal Movimento Lavoratori nazionale di Azione Cattolica (MLAC), le due parrocchie che vivono al loro interno, come del resto tutta la Calabria, l\u2019enorme disagio della mancanza di lavoro e del lavoro sfruttato e sottopagato che costringe molti dei loro giovani all\u2019emigrazione si ritroveranno nella chiesa di San Domenico a Sala di Mosorrofa per pregare ma anche per riflettere.<\/p>\n<p style=\"text-align: justify\">Il ritorno alla casa del Padre di Papa Francesco ha indirizzato la veglia anche verso una preghiera di suffragio per questo nostro fratello che tanto ha dato in termini di riflessioni e di esempio a tutto il popolo di Dio e al mondo intero.<\/p>\n<p style=\"text-align: justify\">La veglia prende spunto proprio dal messaggio che il Santo Padre Francesco aveva indirizzato per la Giornata mondiale della pace del 1 gennaio 2024 con tema l\u2019intelligenza artificiale e le sue ricadute sulla vita delle persone e sul mondo del lavoro. Tema ribadito nel messaggio per la 58a Giornata Mondiale per le Comunicazioni Sociali di quest\u2019anno.<\/p>\n<p style=\"text-align: justify\">Lo schema della preghiera parte dalla contemplazione e presa di coscienza del <strong>cuore di Pietra<\/strong> nel quale un uso spersonalizzante della tecnologia ci pu\u00f2 portare. <em>\u201c<\/em><em>l\u2019utilizzo stesso della parola \u201cintelligenza\u201d \u00e8 fuorviante. Le macchine possiedono certamente una capacit\u00e0 smisuratamente maggiore rispetto all\u2019uomo di memorizzare i dati e di correlarli tra loro, ma spetta all\u2019uomo e solo a lui decodificarne il senso\u201d<\/em> (Papa Francesco). Se le macchine si sostituiscono all\u2019uomo, al suo essere relazionale ecco che c\u2019\u00e8 il rischio che il suo cuore si inaridisca.<\/p>\n<p style=\"text-align: justify\">Attraverso l\u2019invocazione della discesa dello Spirito Santo, simboleggiato nella veglia da una lampada accesa, affinch\u00e9 la rivoluzione digitale ci porti ad una maggiore libert\u00e0 e non nel buio della prigionia degli schemi o di algoritmi, ci inoltreremo <strong>verso la scoperta di un cuore nuovo<\/strong>. <em>\u201cL\u2019informazione non pu\u00f2 essere separata dalla relazione esistenziale: implica il corpo, lo stare nella realt\u00e0; chiede di mettere in relazione non solo dati, ma esperienze; esige il volto, lo sguardo, la compassione oltre che la condivisione\u201d<\/em> (Papa Francesco).<\/p>\n<p style=\"text-align: justify\">Nella terza parte si contempler\u00e0 la riscoperta di un <strong>cuore di Carne<\/strong>, l\u2019umanit\u00e0. <em>\u201cIl cuore, inteso biblicamente come sede della libert\u00e0 e delle decisioni pi\u00f9 importanti della vita, \u00e8 simbolo di integrit\u00e0, di unit\u00e0, ma evoca anche gli affetti, i desideri, i sogni, ed \u00e8 soprattutto luogo interiore dell\u2019incontro con Dio. La sapienza del cuore \u00e8 perci\u00f2 quella virt\u00f9 che ci permette di tessere insieme il tutto e le parti, le decisioni e le loro conseguenze, le altezze e le fragilit\u00e0, il passato e il futuro, l\u2019io e il noi<\/em>\u201d (Papa Francesco).<\/p>\n<p style=\"text-align: justify\">Una veglia dunque che alla luce della scomparsa di Papa Francesco assumer\u00e0 ancor di pi\u00f9 per tutt\u2019\u00e8 due le comunit\u00e0 un significato di ringraziamento e di impegno. Il grazie a Papa Francesco per tutto quello che ci ha lasciato e l\u2019impegno a continuare nel solco da Lui tracciato. Impegno a vegliare e operare affinch\u00e9 il progresso ci porti ad un maggiore sviluppo lavorativo e ad una contemporanea crescita umana che parta dall\u2019attenzione agli ultimi, ai pi\u00f9 bisognosi.<\/p>\n<p style=\"text-align: justify\">Ci piace chiudere questa nota con un\u2019altra frase di Papa Francesco pronunciata a Casa Santa Marta nell\u2019omelia di una messa quotidiana il 1\u00b0 maggio 2020 che esprime bene il Suo pensiero sul lavoro: \u201c<em>L&#8217;uomo \u00e8 coinvolto nel lavorare.<\/em><em>\u00a0<\/em><em>\u00c8 la prima vocazione dell&#8217;uomo: lavorare.<\/em><em>\u00a0<\/em><em>E questo d\u00e0 dignit\u00e0 all&#8217;uomo<\/em>\u201d.<\/p>\n","protected":false},"excerpt":{"rendered":"<p>Le parrocchie gemellate di San Demetrio in Mosorrofa e di San Sperato hanno organizzato per il 30 aprile una veglia di preghiera per il mondo del lavoro dal titolo \u201cDonaci&hellip;<\/p>\n","protected":false},"author":12,"featured_media":72226,"comment_status":"closed","ping_status":"open","sticky":false,"template":"","format":"standard","meta":{"_jetpack_memberships_contains_paid_content":false,"footnotes":"","jetpack_publicize_message":"","jetpack_publicize_feature_enabled":true,"jetpack_social_post_already_shared":true,"jetpack_social_options":{"image_generator_settings":{"template":"highway","default_image_id":0,"font":"","enabled":false},"version":2}},"categories":[921,196,140],"tags":[23907,42883,13321,28073,42881,3027,2687,42882],"class_list":["post-72224","post","type-post","status-publish","format-standard","has-post-thumbnail","hentry","category-home","category-news","category-reggio-calabria","tag-chiese-di-san-domenico","tag-mondo-del-lavoro","tag-papa-francesco","tag-parrocchia-di-san-demetrio","tag-parrocchia-di-san-sperato","tag-pasquale-andidero","tag-sala-di-mosorrofa","tag-veglia-di-preghiera-donaci-o-dio-la-sapienza-del-cuore"],"yoast_head":"<!-- This site is optimized with the Yoast SEO plugin v27.2 - https:\/\/yoast.com\/product\/yoast-seo-wordpress\/ -->\n<title>Reggio: le parrocchie di San Demetrio e San Sperato organizzano una veglia di preghiera per il Mondo del Lavoro - Radio Touring 104<\/title>\n<meta name=\"description\" content=\"La veglia dal titolo \u201cDonaci o Dio la sapienza del cuore\u201d si svolger\u00e0 il 30 aprile alle 19:00, nella chiesa di San Domenico\" \/>\n<meta name=\"robots\" content=\"index, follow, max-snippet:-1, max-image-preview:large, max-video-preview:-1\" \/>\n<link rel=\"canonical\" href=\"https:\/\/progettotouring.it\/radiotouring104\/2025\/04\/28\/reggio-le-parrocchie-di-san-demetrio-e-san-sperato-organizzano-una-veglia-di-preghiera-per-il-mondo-del-lavoro\/\" \/>\n<meta property=\"og:locale\" content=\"it_IT\" \/>\n<meta property=\"og:type\" content=\"article\" \/>\n<meta property=\"og:title\" content=\"Reggio: le parrocchie di San Demetrio e San Sperato organizzano una veglia di preghiera per il Mondo del Lavoro - Radio Touring 104\" \/>\n<meta property=\"og:description\" content=\"La veglia dal titolo \u201cDonaci o Dio la sapienza del cuore\u201d si svolger\u00e0 il 30 aprile alle 19:00, nella chiesa di San Domenico\" \/>\n<meta property=\"og:url\" content=\"https:\/\/progettotouring.it\/radiotouring104\/2025\/04\/28\/reggio-le-parrocchie-di-san-demetrio-e-san-sperato-organizzano-una-veglia-di-preghiera-per-il-mondo-del-lavoro\/\" \/>\n<meta property=\"og:site_name\" content=\"Radio Touring 104\" \/>\n<meta property=\"article:published_time\" content=\"2025-04-28T07:30:32+00:00\" \/>\n<meta property=\"og:image\" content=\"https:\/\/progettotouring.it\/radiotouring104\/wp-content\/uploads\/sites\/6\/2025\/04\/Mondo-del-lavoro-Veglia-di-preghiera-maggio-2025-Sala-di-Mosorrofa.jpg\" \/>\n\t<meta property=\"og:image:width\" content=\"1240\" \/>\n\t<meta property=\"og:image:height\" content=\"1754\" \/>\n\t<meta property=\"og:image:type\" content=\"image\/jpeg\" \/>\n<meta name=\"author\" content=\"Sebastiano Plutino\" \/>\n<meta name=\"twitter:card\" content=\"summary_large_image\" \/>\n<meta name=\"twitter:label1\" content=\"Scritto da\" \/>\n\t<meta name=\"twitter:data1\" content=\"Sebastiano Plutino\" \/>\n\t<meta name=\"twitter:label2\" content=\"Tempo di lettura stimato\" \/>\n\t<meta name=\"twitter:data2\" content=\"3 minuti\" \/>\n<script type=\"application\/ld+json\" class=\"yoast-schema-graph\">{\"@context\":\"https:\/\/schema.org\",\"@graph\":[{\"@type\":\"Article\",\"@id\":\"https:\/\/progettotouring.it\/radiotouring104\/2025\/04\/28\/reggio-le-parrocchie-di-san-demetrio-e-san-sperato-organizzano-una-veglia-di-preghiera-per-il-mondo-del-lavoro\/#article\",\"isPartOf\":{\"@id\":\"https:\/\/progettotouring.it\/radiotouring104\/2025\/04\/28\/reggio-le-parrocchie-di-san-demetrio-e-san-sperato-organizzano-una-veglia-di-preghiera-per-il-mondo-del-lavoro\/\"},\"author\":{\"name\":\"Sebastiano Plutino\",\"@id\":\"https:\/\/progettotouring.it\/radiotouring104\/#\/schema\/person\/78613917f1851f041f7483f5af1d422e\"},\"headline\":\"Reggio: le parrocchie di San Demetrio e San Sperato organizzano una veglia di preghiera per il Mondo del Lavoro\",\"datePublished\":\"2025-04-28T07:30:32+00:00\",\"mainEntityOfPage\":{\"@id\":\"https:\/\/progettotouring.it\/radiotouring104\/2025\/04\/28\/reggio-le-parrocchie-di-san-demetrio-e-san-sperato-organizzano-una-veglia-di-preghiera-per-il-mondo-del-lavoro\/\"},\"wordCount\":613,\"publisher\":{\"@id\":\"https:\/\/progettotouring.it\/radiotouring104\/#organization\"},\"image\":{\"@id\":\"https:\/\/progettotouring.it\/radiotouring104\/2025\/04\/28\/reggio-le-parrocchie-di-san-demetrio-e-san-sperato-organizzano-una-veglia-di-preghiera-per-il-mondo-del-lavoro\/#primaryimage\"},\"thumbnailUrl\":\"https:\/\/progettotouring.it\/radiotouring104\/wp-content\/uploads\/sites\/6\/2025\/04\/Mondo-del-lavoro-Veglia-di-preghiera-maggio-2025-Sala-di-Mosorrofa.jpg\",\"keywords\":[\"Chiese di San Domenico\",\"mondo del lavoro\",\"Papa Francesco\",\"parrocchia di San Demetrio\",\"parrocchia di san sperato\",\"pasquale andidero\",\"sala di mosorrofa\",\"veglia di preghiera \u201cDonaci o Dio la sapienza del cuore\u201d\"],\"articleSection\":[\"Home\",\"News\",\"Reggio Calabria\"],\"inLanguage\":\"it-IT\"},{\"@type\":\"WebPage\",\"@id\":\"https:\/\/progettotouring.it\/radiotouring104\/2025\/04\/28\/reggio-le-parrocchie-di-san-demetrio-e-san-sperato-organizzano-una-veglia-di-preghiera-per-il-mondo-del-lavoro\/\",\"url\":\"https:\/\/progettotouring.it\/radiotouring104\/2025\/04\/28\/reggio-le-parrocchie-di-san-demetrio-e-san-sperato-organizzano-una-veglia-di-preghiera-per-il-mondo-del-lavoro\/\",\"name\":\"Reggio: le parrocchie di San Demetrio e San Sperato organizzano una veglia di preghiera per il Mondo del Lavoro - Radio Touring 104\",\"isPartOf\":{\"@id\":\"https:\/\/progettotouring.it\/radiotouring104\/#website\"},\"primaryImageOfPage\":{\"@id\":\"https:\/\/progettotouring.it\/radiotouring104\/2025\/04\/28\/reggio-le-parrocchie-di-san-demetrio-e-san-sperato-organizzano-una-veglia-di-preghiera-per-il-mondo-del-lavoro\/#primaryimage\"},\"image\":{\"@id\":\"https:\/\/progettotouring.it\/radiotouring104\/2025\/04\/28\/reggio-le-parrocchie-di-san-demetrio-e-san-sperato-organizzano-una-veglia-di-preghiera-per-il-mondo-del-lavoro\/#primaryimage\"},\"thumbnailUrl\":\"https:\/\/progettotouring.it\/radiotouring104\/wp-content\/uploads\/sites\/6\/2025\/04\/Mondo-del-lavoro-Veglia-di-preghiera-maggio-2025-Sala-di-Mosorrofa.jpg\",\"datePublished\":\"2025-04-28T07:30:32+00:00\",\"description\":\"La veglia dal titolo \u201cDonaci o Dio la sapienza del cuore\u201d si svolger\u00e0 il 30 aprile alle 19:00, nella chiesa di San Domenico\",\"breadcrumb\":{\"@id\":\"https:\/\/progettotouring.it\/radiotouring104\/2025\/04\/28\/reggio-le-parrocchie-di-san-demetrio-e-san-sperato-organizzano-una-veglia-di-preghiera-per-il-mondo-del-lavoro\/#breadcrumb\"},\"inLanguage\":\"it-IT\",\"potentialAction\":[{\"@type\":\"ReadAction\",\"target\":[\"https:\/\/progettotouring.it\/radiotouring104\/2025\/04\/28\/reggio-le-parrocchie-di-san-demetrio-e-san-sperato-organizzano-una-veglia-di-preghiera-per-il-mondo-del-lavoro\/\"]}]},{\"@type\":\"ImageObject\",\"inLanguage\":\"it-IT\",\"@id\":\"https:\/\/progettotouring.it\/radiotouring104\/2025\/04\/28\/reggio-le-parrocchie-di-san-demetrio-e-san-sperato-organizzano-una-veglia-di-preghiera-per-il-mondo-del-lavoro\/#primaryimage\",\"url\":\"https:\/\/progettotouring.it\/radiotouring104\/wp-content\/uploads\/sites\/6\/2025\/04\/Mondo-del-lavoro-Veglia-di-preghiera-maggio-2025-Sala-di-Mosorrofa.jpg\",\"contentUrl\":\"https:\/\/progettotouring.it\/radiotouring104\/wp-content\/uploads\/sites\/6\/2025\/04\/Mondo-del-lavoro-Veglia-di-preghiera-maggio-2025-Sala-di-Mosorrofa.jpg\",\"width\":1240,\"height\":1754},{\"@type\":\"BreadcrumbList\",\"@id\":\"https:\/\/progettotouring.it\/radiotouring104\/2025\/04\/28\/reggio-le-parrocchie-di-san-demetrio-e-san-sperato-organizzano-una-veglia-di-preghiera-per-il-mondo-del-lavoro\/#breadcrumb\",\"itemListElement\":[{\"@type\":\"ListItem\",\"position\":1,\"name\":\"Home\",\"item\":\"https:\/\/progettotouring.it\/radiotouring104\/\"},{\"@type\":\"ListItem\",\"position\":2,\"name\":\"Reggio: le parrocchie di San Demetrio e San Sperato organizzano una veglia di preghiera per il Mondo del Lavoro\"}]},{\"@type\":\"WebSite\",\"@id\":\"https:\/\/progettotouring.it\/radiotouring104\/#website\",\"url\":\"https:\/\/progettotouring.it\/radiotouring104\/\",\"name\":\"Radio Touring 104\",\"description\":\"La prima radio Reggina\",\"publisher\":{\"@id\":\"https:\/\/progettotouring.it\/radiotouring104\/#organization\"},\"potentialAction\":[{\"@type\":\"SearchAction\",\"target\":{\"@type\":\"EntryPoint\",\"urlTemplate\":\"https:\/\/progettotouring.it\/radiotouring104\/?s={search_term_string}\"},\"query-input\":{\"@type\":\"PropertyValueSpecification\",\"valueRequired\":true,\"valueName\":\"search_term_string\"}}],\"inLanguage\":\"it-IT\"},{\"@type\":\"Organization\",\"@id\":\"https:\/\/progettotouring.it\/radiotouring104\/#organization\",\"name\":\"Radio Touring 104\",\"url\":\"https:\/\/progettotouring.it\/radiotouring104\/\",\"logo\":{\"@type\":\"ImageObject\",\"inLanguage\":\"it-IT\",\"@id\":\"https:\/\/progettotouring.it\/radiotouring104\/#\/schema\/logo\/image\/\",\"url\":\"https:\/\/progettotouring.it\/radiotouring104\/wp-content\/uploads\/sites\/6\/2022\/02\/cropped-logo-radio-touring-104.png\",\"contentUrl\":\"https:\/\/progettotouring.it\/radiotouring104\/wp-content\/uploads\/sites\/6\/2022\/02\/cropped-logo-radio-touring-104.png\",\"width\":377,\"height\":182,\"caption\":\"Radio Touring 104\"},\"image\":{\"@id\":\"https:\/\/progettotouring.it\/radiotouring104\/#\/schema\/logo\/image\/\"}},{\"@type\":\"Person\",\"@id\":\"https:\/\/progettotouring.it\/radiotouring104\/#\/schema\/person\/78613917f1851f041f7483f5af1d422e\",\"name\":\"Sebastiano Plutino\",\"image\":{\"@type\":\"ImageObject\",\"inLanguage\":\"it-IT\",\"@id\":\"https:\/\/secure.gravatar.com\/avatar\/0546ffaa9b79224faf9f2a156b67a529ae861d3287c66c1d8ccfdf909bcba78d?s=96&d=mm&r=g\",\"url\":\"https:\/\/secure.gravatar.com\/avatar\/0546ffaa9b79224faf9f2a156b67a529ae861d3287c66c1d8ccfdf909bcba78d?s=96&d=mm&r=g\",\"contentUrl\":\"https:\/\/secure.gravatar.com\/avatar\/0546ffaa9b79224faf9f2a156b67a529ae861d3287c66c1d8ccfdf909bcba78d?s=96&d=mm&r=g\",\"caption\":\"Sebastiano Plutino\"},\"url\":\"https:\/\/progettotouring.it\/radiotouring104\/author\/sebastiano\/\"}]}<\/script>\n<!-- \/ Yoast SEO plugin. -->","yoast_head_json":{"title":"Reggio: le parrocchie di San Demetrio e San Sperato organizzano una veglia di preghiera per il Mondo del Lavoro - Radio Touring 104","description":"La veglia dal titolo \u201cDonaci o Dio la sapienza del cuore\u201d si svolger\u00e0 il 30 aprile alle 19:00, nella chiesa di San Domenico","robots":{"index":"index","follow":"follow","max-snippet":"max-snippet:-1","max-image-preview":"max-image-preview:large","max-video-preview":"max-video-preview:-1"},"canonical":"https:\/\/progettotouring.it\/radiotouring104\/2025\/04\/28\/reggio-le-parrocchie-di-san-demetrio-e-san-sperato-organizzano-una-veglia-di-preghiera-per-il-mondo-del-lavoro\/","og_locale":"it_IT","og_type":"article","og_title":"Reggio: le parrocchie di San Demetrio e San Sperato organizzano una veglia di preghiera per il Mondo del Lavoro - Radio Touring 104","og_description":"La veglia dal titolo \u201cDonaci o Dio la sapienza del cuore\u201d si svolger\u00e0 il 30 aprile alle 19:00, nella chiesa di San Domenico","og_url":"https:\/\/progettotouring.it\/radiotouring104\/2025\/04\/28\/reggio-le-parrocchie-di-san-demetrio-e-san-sperato-organizzano-una-veglia-di-preghiera-per-il-mondo-del-lavoro\/","og_site_name":"Radio Touring 104","article_published_time":"2025-04-28T07:30:32+00:00","og_image":[{"width":1240,"height":1754,"url":"https:\/\/progettotouring.it\/radiotouring104\/wp-content\/uploads\/sites\/6\/2025\/04\/Mondo-del-lavoro-Veglia-di-preghiera-maggio-2025-Sala-di-Mosorrofa.jpg","type":"image\/jpeg"}],"author":"Sebastiano Plutino","twitter_card":"summary_large_image","twitter_misc":{"Scritto da":"Sebastiano Plutino","Tempo di lettura stimato":"3 minuti"},"schema":{"@context":"https:\/\/schema.org","@graph":[{"@type":"Article","@id":"https:\/\/progettotouring.it\/radiotouring104\/2025\/04\/28\/reggio-le-parrocchie-di-san-demetrio-e-san-sperato-organizzano-una-veglia-di-preghiera-per-il-mondo-del-lavoro\/#article","isPartOf":{"@id":"https:\/\/progettotouring.it\/radiotouring104\/2025\/04\/28\/reggio-le-parrocchie-di-san-demetrio-e-san-sperato-organizzano-una-veglia-di-preghiera-per-il-mondo-del-lavoro\/"},"author":{"name":"Sebastiano Plutino","@id":"https:\/\/progettotouring.it\/radiotouring104\/#\/schema\/person\/78613917f1851f041f7483f5af1d422e"},"headline":"Reggio: le parrocchie di San Demetrio e San Sperato organizzano una veglia di preghiera per il Mondo del Lavoro","datePublished":"2025-04-28T07:30:32+00:00","mainEntityOfPage":{"@id":"https:\/\/progettotouring.it\/radiotouring104\/2025\/04\/28\/reggio-le-parrocchie-di-san-demetrio-e-san-sperato-organizzano-una-veglia-di-preghiera-per-il-mondo-del-lavoro\/"},"wordCount":613,"publisher":{"@id":"https:\/\/progettotouring.it\/radiotouring104\/#organization"},"image":{"@id":"https:\/\/progettotouring.it\/radiotouring104\/2025\/04\/28\/reggio-le-parrocchie-di-san-demetrio-e-san-sperato-organizzano-una-veglia-di-preghiera-per-il-mondo-del-lavoro\/#primaryimage"},"thumbnailUrl":"https:\/\/progettotouring.it\/radiotouring104\/wp-content\/uploads\/sites\/6\/2025\/04\/Mondo-del-lavoro-Veglia-di-preghiera-maggio-2025-Sala-di-Mosorrofa.jpg","keywords":["Chiese di San Domenico","mondo del lavoro","Papa Francesco","parrocchia di San Demetrio","parrocchia di san sperato","pasquale andidero","sala di mosorrofa","veglia di preghiera \u201cDonaci o Dio la sapienza del cuore\u201d"],"articleSection":["Home","News","Reggio Calabria"],"inLanguage":"it-IT"},{"@type":"WebPage","@id":"https:\/\/progettotouring.it\/radiotouring104\/2025\/04\/28\/reggio-le-parrocchie-di-san-demetrio-e-san-sperato-organizzano-una-veglia-di-preghiera-per-il-mondo-del-lavoro\/","url":"https:\/\/progettotouring.it\/radiotouring104\/2025\/04\/28\/reggio-le-parrocchie-di-san-demetrio-e-san-sperato-organizzano-una-veglia-di-preghiera-per-il-mondo-del-lavoro\/","name":"Reggio: le parrocchie di San Demetrio e San Sperato organizzano una veglia di preghiera per il Mondo del Lavoro - Radio Touring 104","isPartOf":{"@id":"https:\/\/progettotouring.it\/radiotouring104\/#website"},"primaryImageOfPage":{"@id":"https:\/\/progettotouring.it\/radiotouring104\/2025\/04\/28\/reggio-le-parrocchie-di-san-demetrio-e-san-sperato-organizzano-una-veglia-di-preghiera-per-il-mondo-del-lavoro\/#primaryimage"},"image":{"@id":"https:\/\/progettotouring.it\/radiotouring104\/2025\/04\/28\/reggio-le-parrocchie-di-san-demetrio-e-san-sperato-organizzano-una-veglia-di-preghiera-per-il-mondo-del-lavoro\/#primaryimage"},"thumbnailUrl":"https:\/\/progettotouring.it\/radiotouring104\/wp-content\/uploads\/sites\/6\/2025\/04\/Mondo-del-lavoro-Veglia-di-preghiera-maggio-2025-Sala-di-Mosorrofa.jpg","datePublished":"2025-04-28T07:30:32+00:00","description":"La veglia dal titolo \u201cDonaci o Dio la sapienza del cuore\u201d si svolger\u00e0 il 30 aprile alle 19:00, nella chiesa di San Domenico","breadcrumb":{"@id":"https:\/\/progettotouring.it\/radiotouring104\/2025\/04\/28\/reggio-le-parrocchie-di-san-demetrio-e-san-sperato-organizzano-una-veglia-di-preghiera-per-il-mondo-del-lavoro\/#breadcrumb"},"inLanguage":"it-IT","potentialAction":[{"@type":"ReadAction","target":["https:\/\/progettotouring.it\/radiotouring104\/2025\/04\/28\/reggio-le-parrocchie-di-san-demetrio-e-san-sperato-organizzano-una-veglia-di-preghiera-per-il-mondo-del-lavoro\/"]}]},{"@type":"ImageObject","inLanguage":"it-IT","@id":"https:\/\/progettotouring.it\/radiotouring104\/2025\/04\/28\/reggio-le-parrocchie-di-san-demetrio-e-san-sperato-organizzano-una-veglia-di-preghiera-per-il-mondo-del-lavoro\/#primaryimage","url":"https:\/\/progettotouring.it\/radiotouring104\/wp-content\/uploads\/sites\/6\/2025\/04\/Mondo-del-lavoro-Veglia-di-preghiera-maggio-2025-Sala-di-Mosorrofa.jpg","contentUrl":"https:\/\/progettotouring.it\/radiotouring104\/wp-content\/uploads\/sites\/6\/2025\/04\/Mondo-del-lavoro-Veglia-di-preghiera-maggio-2025-Sala-di-Mosorrofa.jpg","width":1240,"height":1754},{"@type":"BreadcrumbList","@id":"https:\/\/progettotouring.it\/radiotouring104\/2025\/04\/28\/reggio-le-parrocchie-di-san-demetrio-e-san-sperato-organizzano-una-veglia-di-preghiera-per-il-mondo-del-lavoro\/#breadcrumb","itemListElement":[{"@type":"ListItem","position":1,"name":"Home","item":"https:\/\/progettotouring.it\/radiotouring104\/"},{"@type":"ListItem","position":2,"name":"Reggio: le parrocchie di San Demetrio e San Sperato organizzano una veglia di preghiera per il Mondo del Lavoro"}]},{"@type":"WebSite","@id":"https:\/\/progettotouring.it\/radiotouring104\/#website","url":"https:\/\/progettotouring.it\/radiotouring104\/","name":"Radio Touring 104","description":"La prima radio Reggina","publisher":{"@id":"https:\/\/progettotouring.it\/radiotouring104\/#organization"},"potentialAction":[{"@type":"SearchAction","target":{"@type":"EntryPoint","urlTemplate":"https:\/\/progettotouring.it\/radiotouring104\/?s={search_term_string}"},"query-input":{"@type":"PropertyValueSpecification","valueRequired":true,"valueName":"search_term_string"}}],"inLanguage":"it-IT"},{"@type":"Organization","@id":"https:\/\/progettotouring.it\/radiotouring104\/#organization","name":"Radio Touring 104","url":"https:\/\/progettotouring.it\/radiotouring104\/","logo":{"@type":"ImageObject","inLanguage":"it-IT","@id":"https:\/\/progettotouring.it\/radiotouring104\/#\/schema\/logo\/image\/","url":"https:\/\/progettotouring.it\/radiotouring104\/wp-content\/uploads\/sites\/6\/2022\/02\/cropped-logo-radio-touring-104.png","contentUrl":"https:\/\/progettotouring.it\/radiotouring104\/wp-content\/uploads\/sites\/6\/2022\/02\/cropped-logo-radio-touring-104.png","width":377,"height":182,"caption":"Radio Touring 104"},"image":{"@id":"https:\/\/progettotouring.it\/radiotouring104\/#\/schema\/logo\/image\/"}},{"@type":"Person","@id":"https:\/\/progettotouring.it\/radiotouring104\/#\/schema\/person\/78613917f1851f041f7483f5af1d422e","name":"Sebastiano Plutino","image":{"@type":"ImageObject","inLanguage":"it-IT","@id":"https:\/\/secure.gravatar.com\/avatar\/0546ffaa9b79224faf9f2a156b67a529ae861d3287c66c1d8ccfdf909bcba78d?s=96&d=mm&r=g","url":"https:\/\/secure.gravatar.com\/avatar\/0546ffaa9b79224faf9f2a156b67a529ae861d3287c66c1d8ccfdf909bcba78d?s=96&d=mm&r=g","contentUrl":"https:\/\/secure.gravatar.com\/avatar\/0546ffaa9b79224faf9f2a156b67a529ae861d3287c66c1d8ccfdf909bcba78d?s=96&d=mm&r=g","caption":"Sebastiano Plutino"},"url":"https:\/\/progettotouring.it\/radiotouring104\/author\/sebastiano\/"}]}},"jetpack_publicize_connections":[],"jetpack_featured_media_url":"https:\/\/progettotouring.it\/radiotouring104\/wp-content\/uploads\/sites\/6\/2025\/04\/Mondo-del-lavoro-Veglia-di-preghiera-maggio-2025-Sala-di-Mosorrofa.jpg","jetpack_sharing_enabled":true,"_links":{"self":[{"href":"https:\/\/progettotouring.it\/radiotouring104\/wp-json\/wp\/v2\/posts\/72224","targetHints":{"allow":["GET"]}}],"collection":[{"href":"https:\/\/progettotouring.it\/radiotouring104\/wp-json\/wp\/v2\/posts"}],"about":[{"href":"https:\/\/progettotouring.it\/radiotouring104\/wp-json\/wp\/v2\/types\/post"}],"author":[{"embeddable":true,"href":"https:\/\/progettotouring.it\/radiotouring104\/wp-json\/wp\/v2\/users\/12"}],"replies":[{"embeddable":true,"href":"https:\/\/progettotouring.it\/radiotouring104\/wp-json\/wp\/v2\/comments?post=72224"}],"version-history":[{"count":1,"href":"https:\/\/progettotouring.it\/radiotouring104\/wp-json\/wp\/v2\/posts\/72224\/revisions"}],"predecessor-version":[{"id":72227,"href":"https:\/\/progettotouring.it\/radiotouring104\/wp-json\/wp\/v2\/posts\/72224\/revisions\/72227"}],"wp:featuredmedia":[{"embeddable":true,"href":"https:\/\/progettotouring.it\/radiotouring104\/wp-json\/wp\/v2\/media\/72226"}],"wp:attachment":[{"href":"https:\/\/progettotouring.it\/radiotouring104\/wp-json\/wp\/v2\/media?parent=72224"}],"wp:term":[{"taxonomy":"category","embeddable":true,"href":"https:\/\/progettotouring.it\/radiotouring104\/wp-json\/wp\/v2\/categories?post=72224"},{"taxonomy":"post_tag","embeddable":true,"href":"https:\/\/progettotouring.it\/radiotouring104\/wp-json\/wp\/v2\/tags?post=72224"}],"curies":[{"name":"wp","href":"https:\/\/api.w.org\/{rel}","templated":true}]}}