{"id":72228,"date":"2025-04-28T09:41:18","date_gmt":"2025-04-28T07:41:18","guid":{"rendered":"https:\/\/progettotouring.it\/radiotouring104\/?p=72228"},"modified":"2025-04-28T10:53:51","modified_gmt":"2025-04-28T08:53:51","slug":"reggio-il-festival-balenando-in-burrasca-torna-al-castello-aragonese-con-2-appuntamenti-dedicati-alla-scrittura-ed-emozioni","status":"publish","type":"post","link":"https:\/\/progettotouring.it\/radiotouring104\/2025\/04\/28\/reggio-il-festival-balenando-in-burrasca-torna-al-castello-aragonese-con-2-appuntamenti-dedicati-alla-scrittura-ed-emozioni\/","title":{"rendered":"Reggio: il Festival &#8220;Balenando in Burrasca&#8221; torna al Castello Aragonese con 2 appuntamenti dedicati alla scrittura ed emozioni"},"content":{"rendered":"<p style=\"text-align: justify\">Due giorni di parole scritte e emozioni: domani e mercoled\u00ec 30 aprile il Castello Aragonese di Reggio Calabria ospiter\u00e0 Balenando in Burrasca Festival 6 con due appuntamenti dedicati alla scrittura delle emozioni, ma che si distinguono soprattutto per le riflessioni profonde che generano.<\/p>\n<p style=\"text-align: justify\"><strong>MARTED\u00cc 29 aprile<\/strong> alle 17:00 in programma un incontro originale nel suo genere: <strong>Writing TALKSHOW<\/strong> \u2013Narrazioni plurali per affermare il diritto di scegliere per i propri territori geografici e umani. Letteratura al femminile dove <strong>Vinicio Leonetti<\/strong> e <strong>Aldo Libri<\/strong> proporranno un vero e proprio Talk Show con le scrittrici della CollettivA Strettese partendo dal successo di Stiamo Strette, il libro di Citt\u00e0 del Sole Edizioni che in pochissimi mesi ha riscontrato un interesse in tutto il territorio nazionale.<\/p>\n<p style=\"text-align: justify\"><strong>Vinicio Leonetti <\/strong>ha scritto per Milano Finanza, Corriere della Sera\/ Economia, Il Sole24Ore, Gazzetta del Sud, Il Mondo, Capitale Sud, collaborando con Rai e Rsi, tv svizzera di Stato. Per Citt\u00e0 del Sole Edizioni nel 2020 ha pubblicato \u201cEroine\u201d vincendo primi premi nazionali come \u201cMario Luzi\u201d.<br \/>\n<strong>Aldo Libri<\/strong> \u00e8 Sindacalista da 47 anni ricoprendo cariche sindacali di primaria importanza. Esordisce come scrittore con&#8221;Porto senza Gioia&#8221; (Sabbiarossa edizioni), diario della sua esperienza di uomo e di sindacalista nell\u2019hub di Gioia Tauro segretario del comprensorio CGIL della Piana di Gioia Tauro, cosa che gli consent\u00ec di contrattare e firmare il contratto di apertura del Porto Container.Per Citt\u00e0 del Sole ha scritto &#8220;Della responsabilit\u00e0 individuale e altre bestemmie&#8221;.<\/p>\n<p style=\"text-align: justify\">Precede l\u2019incontro un reading letterario <strong>a cura di Katia Colica<\/strong> tratto da \u201cEcuba, il sogno\u201d.<\/p>\n<p style=\"text-align: justify\"><strong>MERCOLED\u00cc 30 aprile <\/strong>alle 17:00 la presentazione del libro \u201cLa rivolta di Reggio Calabria nei media\u201d di Micol Eleonora Santoro per Citt\u00e0 del Sole Edizioni: i moti del \u201870 narrati da una voce inedita, quella della giovanissima Micol Eleonora Santoro, che con una laurea in storia in tasca, conseguita all\u2019Universit\u00e0 Statale di Milano, propone una versione differente e che tocca settori delicati come l\u2019economia, la riforma agraria, la cassa del mezzogiorno. Spostando l&#8217;analisi verso una dimensione che va al di l\u00e0 del semplicistico sentimento politico. Ad accompagnare le riflessioni di Santoro, presenti Franco Arcidiaco, Antonella Cuzzocrea e l&#8217;avvocato Salvatore Chindemi.<\/p>\n<p style=\"text-align: justify\">Alle 19:30 in scena lo spettacolo <em>\u201cEcuba, il sogno\u201d<\/em>, testo teatrale a cura di <strong>Katia Colica<\/strong> e interpretato dall\u2019attrice <strong>Daniela d\u2019Agostino<\/strong>. La regia \u00e8\u00a0 di <strong>Basilio Musolino<\/strong>, le musiche originali di Antonio Aprile \u00a0e la voce speaker \u00e8 di Pasquale Zumbo. L\u2019opera \u00e8 liberamente tratta dalla tragedia di <strong>Euripide<\/strong>, rivisita in forma contemporanea contro tutte le guerre.<\/p>\n<p style=\"text-align: justify\"><strong>Info al 376 031 9612\/329 981 5211<\/strong><\/p>\n<p style=\"text-align: justify\">La sezione letteraria di Balenando in Burrasca Festival 6 fa parte del programma realizzato a cura di associazione Adexo con risorse Pac 2014\/2020 \u2013 Az. 6.8.3. dalla Regione Calabria \u2013 Dipartimento Istruzione Formazione e Pari Opportunit\u00e0 \u2013 Settore Cultura.<\/p>\n<p>&nbsp;<\/p>\n","protected":false},"excerpt":{"rendered":"<p>Due giorni di parole scritte e emozioni: domani e mercoled\u00ec 30 aprile il Castello Aragonese di Reggio Calabria ospiter\u00e0 Balenando in Burrasca Festival 6 con due appuntamenti dedicati alla scrittura&hellip;<\/p>\n","protected":false},"author":12,"featured_media":72229,"comment_status":"closed","ping_status":"open","sticky":false,"template":"","format":"standard","meta":{"_jetpack_memberships_contains_paid_content":false,"footnotes":"","jetpack_publicize_message":"","jetpack_publicize_feature_enabled":true,"jetpack_social_post_already_shared":true,"jetpack_social_options":{"image_generator_settings":{"template":"highway","default_image_id":0,"font":"","enabled":false},"version":2}},"categories":[921,196,140,147],"tags":[20614,23022,1090,37141,14281,42884,42885],"class_list":["post-72228","post","type-post","status-publish","format-standard","has-post-thumbnail","hentry","category-home","category-news","category-reggio-calabria","category-spettacoli","tag-aldo-libri","tag-balenando-in-burrasca","tag-castello-aragonese","tag-daniela-dagostino","tag-drammaturgia-di-katia-colica","tag-due-appuntamenti","tag-scrittura"],"yoast_head":"<!-- This site is optimized with the Yoast SEO plugin v27.2 - https:\/\/yoast.com\/product\/yoast-seo-wordpress\/ -->\n<title>Il Festival &quot;Balenando in Burrasca&quot; torna al Castello Aragonese<\/title>\n<meta name=\"description\" content=\"I due appuntamenti che genereranno tra loro riflessioni distinte, si svolgeranno domani e mercoled\u00ec al Catello. Tutti i dettagli\" \/>\n<meta name=\"robots\" content=\"index, follow, max-snippet:-1, max-image-preview:large, max-video-preview:-1\" \/>\n<link rel=\"canonical\" href=\"https:\/\/progettotouring.it\/radiotouring104\/2025\/04\/28\/reggio-il-festival-balenando-in-burrasca-torna-al-castello-aragonese-con-2-appuntamenti-dedicati-alla-scrittura-ed-emozioni\/\" \/>\n<meta property=\"og:locale\" content=\"it_IT\" \/>\n<meta property=\"og:type\" content=\"article\" \/>\n<meta property=\"og:title\" content=\"Il Festival &quot;Balenando in Burrasca&quot; torna al Castello Aragonese\" \/>\n<meta property=\"og:description\" content=\"I due appuntamenti che genereranno tra loro riflessioni distinte, si svolgeranno domani e mercoled\u00ec al Catello. Tutti i dettagli\" \/>\n<meta property=\"og:url\" content=\"https:\/\/progettotouring.it\/radiotouring104\/2025\/04\/28\/reggio-il-festival-balenando-in-burrasca-torna-al-castello-aragonese-con-2-appuntamenti-dedicati-alla-scrittura-ed-emozioni\/\" \/>\n<meta property=\"og:site_name\" content=\"Radio Touring 104\" \/>\n<meta property=\"article:published_time\" content=\"2025-04-28T07:41:18+00:00\" \/>\n<meta property=\"article:modified_time\" content=\"2025-04-28T08:53:51+00:00\" \/>\n<meta property=\"og:image\" content=\"https:\/\/progettotouring.it\/radiotouring104\/wp-content\/uploads\/sites\/6\/2025\/04\/Balenando-in-Burrasca-Castello-Aragonese.jpg\" \/>\n\t<meta property=\"og:image:width\" content=\"1080\" \/>\n\t<meta property=\"og:image:height\" content=\"1080\" \/>\n\t<meta property=\"og:image:type\" content=\"image\/jpeg\" \/>\n<meta name=\"author\" content=\"Sebastiano Plutino\" \/>\n<meta name=\"twitter:card\" content=\"summary_large_image\" \/>\n<meta name=\"twitter:label1\" content=\"Scritto da\" \/>\n\t<meta name=\"twitter:data1\" content=\"Sebastiano Plutino\" \/>\n\t<meta name=\"twitter:label2\" content=\"Tempo di lettura stimato\" \/>\n\t<meta name=\"twitter:data2\" content=\"2 minuti\" \/>\n<script type=\"application\/ld+json\" class=\"yoast-schema-graph\">{\"@context\":\"https:\/\/schema.org\",\"@graph\":[{\"@type\":\"Article\",\"@id\":\"https:\/\/progettotouring.it\/radiotouring104\/2025\/04\/28\/reggio-il-festival-balenando-in-burrasca-torna-al-castello-aragonese-con-2-appuntamenti-dedicati-alla-scrittura-ed-emozioni\/#article\",\"isPartOf\":{\"@id\":\"https:\/\/progettotouring.it\/radiotouring104\/2025\/04\/28\/reggio-il-festival-balenando-in-burrasca-torna-al-castello-aragonese-con-2-appuntamenti-dedicati-alla-scrittura-ed-emozioni\/\"},\"author\":{\"name\":\"Sebastiano Plutino\",\"@id\":\"https:\/\/progettotouring.it\/radiotouring104\/#\/schema\/person\/78613917f1851f041f7483f5af1d422e\"},\"headline\":\"Reggio: il Festival &#8220;Balenando in Burrasca&#8221; torna al Castello Aragonese con 2 appuntamenti dedicati alla scrittura ed emozioni\",\"datePublished\":\"2025-04-28T07:41:18+00:00\",\"dateModified\":\"2025-04-28T08:53:51+00:00\",\"mainEntityOfPage\":{\"@id\":\"https:\/\/progettotouring.it\/radiotouring104\/2025\/04\/28\/reggio-il-festival-balenando-in-burrasca-torna-al-castello-aragonese-con-2-appuntamenti-dedicati-alla-scrittura-ed-emozioni\/\"},\"wordCount\":457,\"publisher\":{\"@id\":\"https:\/\/progettotouring.it\/radiotouring104\/#organization\"},\"image\":{\"@id\":\"https:\/\/progettotouring.it\/radiotouring104\/2025\/04\/28\/reggio-il-festival-balenando-in-burrasca-torna-al-castello-aragonese-con-2-appuntamenti-dedicati-alla-scrittura-ed-emozioni\/#primaryimage\"},\"thumbnailUrl\":\"https:\/\/progettotouring.it\/radiotouring104\/wp-content\/uploads\/sites\/6\/2025\/04\/Balenando-in-Burrasca-Castello-Aragonese.jpg\",\"keywords\":[\"Aldo LIbri\",\"Balenando in Burrasca\",\"Castello Aragonese\",\"Daniela D'Agostino\",\"drammaturgia di Katia Colica\",\"due appuntamenti\",\"scrittura\"],\"articleSection\":[\"Home\",\"News\",\"Reggio Calabria\",\"Spettacoli\"],\"inLanguage\":\"it-IT\"},{\"@type\":\"WebPage\",\"@id\":\"https:\/\/progettotouring.it\/radiotouring104\/2025\/04\/28\/reggio-il-festival-balenando-in-burrasca-torna-al-castello-aragonese-con-2-appuntamenti-dedicati-alla-scrittura-ed-emozioni\/\",\"url\":\"https:\/\/progettotouring.it\/radiotouring104\/2025\/04\/28\/reggio-il-festival-balenando-in-burrasca-torna-al-castello-aragonese-con-2-appuntamenti-dedicati-alla-scrittura-ed-emozioni\/\",\"name\":\"Il Festival \\\"Balenando in Burrasca\\\" torna al Castello Aragonese\",\"isPartOf\":{\"@id\":\"https:\/\/progettotouring.it\/radiotouring104\/#website\"},\"primaryImageOfPage\":{\"@id\":\"https:\/\/progettotouring.it\/radiotouring104\/2025\/04\/28\/reggio-il-festival-balenando-in-burrasca-torna-al-castello-aragonese-con-2-appuntamenti-dedicati-alla-scrittura-ed-emozioni\/#primaryimage\"},\"image\":{\"@id\":\"https:\/\/progettotouring.it\/radiotouring104\/2025\/04\/28\/reggio-il-festival-balenando-in-burrasca-torna-al-castello-aragonese-con-2-appuntamenti-dedicati-alla-scrittura-ed-emozioni\/#primaryimage\"},\"thumbnailUrl\":\"https:\/\/progettotouring.it\/radiotouring104\/wp-content\/uploads\/sites\/6\/2025\/04\/Balenando-in-Burrasca-Castello-Aragonese.jpg\",\"datePublished\":\"2025-04-28T07:41:18+00:00\",\"dateModified\":\"2025-04-28T08:53:51+00:00\",\"description\":\"I due appuntamenti che genereranno tra loro riflessioni distinte, si svolgeranno domani e mercoled\u00ec al Catello. Tutti i dettagli\",\"breadcrumb\":{\"@id\":\"https:\/\/progettotouring.it\/radiotouring104\/2025\/04\/28\/reggio-il-festival-balenando-in-burrasca-torna-al-castello-aragonese-con-2-appuntamenti-dedicati-alla-scrittura-ed-emozioni\/#breadcrumb\"},\"inLanguage\":\"it-IT\",\"potentialAction\":[{\"@type\":\"ReadAction\",\"target\":[\"https:\/\/progettotouring.it\/radiotouring104\/2025\/04\/28\/reggio-il-festival-balenando-in-burrasca-torna-al-castello-aragonese-con-2-appuntamenti-dedicati-alla-scrittura-ed-emozioni\/\"]}]},{\"@type\":\"ImageObject\",\"inLanguage\":\"it-IT\",\"@id\":\"https:\/\/progettotouring.it\/radiotouring104\/2025\/04\/28\/reggio-il-festival-balenando-in-burrasca-torna-al-castello-aragonese-con-2-appuntamenti-dedicati-alla-scrittura-ed-emozioni\/#primaryimage\",\"url\":\"https:\/\/progettotouring.it\/radiotouring104\/wp-content\/uploads\/sites\/6\/2025\/04\/Balenando-in-Burrasca-Castello-Aragonese.jpg\",\"contentUrl\":\"https:\/\/progettotouring.it\/radiotouring104\/wp-content\/uploads\/sites\/6\/2025\/04\/Balenando-in-Burrasca-Castello-Aragonese.jpg\",\"width\":1080,\"height\":1080},{\"@type\":\"BreadcrumbList\",\"@id\":\"https:\/\/progettotouring.it\/radiotouring104\/2025\/04\/28\/reggio-il-festival-balenando-in-burrasca-torna-al-castello-aragonese-con-2-appuntamenti-dedicati-alla-scrittura-ed-emozioni\/#breadcrumb\",\"itemListElement\":[{\"@type\":\"ListItem\",\"position\":1,\"name\":\"Home\",\"item\":\"https:\/\/progettotouring.it\/radiotouring104\/\"},{\"@type\":\"ListItem\",\"position\":2,\"name\":\"Reggio: il Festival &#8220;Balenando in Burrasca&#8221; torna al Castello Aragonese con 2 appuntamenti dedicati alla scrittura ed emozioni\"}]},{\"@type\":\"WebSite\",\"@id\":\"https:\/\/progettotouring.it\/radiotouring104\/#website\",\"url\":\"https:\/\/progettotouring.it\/radiotouring104\/\",\"name\":\"Radio Touring 104\",\"description\":\"La prima radio Reggina\",\"publisher\":{\"@id\":\"https:\/\/progettotouring.it\/radiotouring104\/#organization\"},\"potentialAction\":[{\"@type\":\"SearchAction\",\"target\":{\"@type\":\"EntryPoint\",\"urlTemplate\":\"https:\/\/progettotouring.it\/radiotouring104\/?s={search_term_string}\"},\"query-input\":{\"@type\":\"PropertyValueSpecification\",\"valueRequired\":true,\"valueName\":\"search_term_string\"}}],\"inLanguage\":\"it-IT\"},{\"@type\":\"Organization\",\"@id\":\"https:\/\/progettotouring.it\/radiotouring104\/#organization\",\"name\":\"Radio Touring 104\",\"url\":\"https:\/\/progettotouring.it\/radiotouring104\/\",\"logo\":{\"@type\":\"ImageObject\",\"inLanguage\":\"it-IT\",\"@id\":\"https:\/\/progettotouring.it\/radiotouring104\/#\/schema\/logo\/image\/\",\"url\":\"https:\/\/progettotouring.it\/radiotouring104\/wp-content\/uploads\/sites\/6\/2022\/02\/cropped-logo-radio-touring-104.png\",\"contentUrl\":\"https:\/\/progettotouring.it\/radiotouring104\/wp-content\/uploads\/sites\/6\/2022\/02\/cropped-logo-radio-touring-104.png\",\"width\":377,\"height\":182,\"caption\":\"Radio Touring 104\"},\"image\":{\"@id\":\"https:\/\/progettotouring.it\/radiotouring104\/#\/schema\/logo\/image\/\"}},{\"@type\":\"Person\",\"@id\":\"https:\/\/progettotouring.it\/radiotouring104\/#\/schema\/person\/78613917f1851f041f7483f5af1d422e\",\"name\":\"Sebastiano Plutino\",\"image\":{\"@type\":\"ImageObject\",\"inLanguage\":\"it-IT\",\"@id\":\"https:\/\/secure.gravatar.com\/avatar\/0546ffaa9b79224faf9f2a156b67a529ae861d3287c66c1d8ccfdf909bcba78d?s=96&d=mm&r=g\",\"url\":\"https:\/\/secure.gravatar.com\/avatar\/0546ffaa9b79224faf9f2a156b67a529ae861d3287c66c1d8ccfdf909bcba78d?s=96&d=mm&r=g\",\"contentUrl\":\"https:\/\/secure.gravatar.com\/avatar\/0546ffaa9b79224faf9f2a156b67a529ae861d3287c66c1d8ccfdf909bcba78d?s=96&d=mm&r=g\",\"caption\":\"Sebastiano Plutino\"},\"url\":\"https:\/\/progettotouring.it\/radiotouring104\/author\/sebastiano\/\"}]}<\/script>\n<!-- \/ Yoast SEO plugin. -->","yoast_head_json":{"title":"Il Festival \"Balenando in Burrasca\" torna al Castello Aragonese","description":"I due appuntamenti che genereranno tra loro riflessioni distinte, si svolgeranno domani e mercoled\u00ec al Catello. Tutti i dettagli","robots":{"index":"index","follow":"follow","max-snippet":"max-snippet:-1","max-image-preview":"max-image-preview:large","max-video-preview":"max-video-preview:-1"},"canonical":"https:\/\/progettotouring.it\/radiotouring104\/2025\/04\/28\/reggio-il-festival-balenando-in-burrasca-torna-al-castello-aragonese-con-2-appuntamenti-dedicati-alla-scrittura-ed-emozioni\/","og_locale":"it_IT","og_type":"article","og_title":"Il Festival \"Balenando in Burrasca\" torna al Castello Aragonese","og_description":"I due appuntamenti che genereranno tra loro riflessioni distinte, si svolgeranno domani e mercoled\u00ec al Catello. Tutti i dettagli","og_url":"https:\/\/progettotouring.it\/radiotouring104\/2025\/04\/28\/reggio-il-festival-balenando-in-burrasca-torna-al-castello-aragonese-con-2-appuntamenti-dedicati-alla-scrittura-ed-emozioni\/","og_site_name":"Radio Touring 104","article_published_time":"2025-04-28T07:41:18+00:00","article_modified_time":"2025-04-28T08:53:51+00:00","og_image":[{"width":1080,"height":1080,"url":"https:\/\/progettotouring.it\/radiotouring104\/wp-content\/uploads\/sites\/6\/2025\/04\/Balenando-in-Burrasca-Castello-Aragonese.jpg","type":"image\/jpeg"}],"author":"Sebastiano Plutino","twitter_card":"summary_large_image","twitter_misc":{"Scritto da":"Sebastiano Plutino","Tempo di lettura stimato":"2 minuti"},"schema":{"@context":"https:\/\/schema.org","@graph":[{"@type":"Article","@id":"https:\/\/progettotouring.it\/radiotouring104\/2025\/04\/28\/reggio-il-festival-balenando-in-burrasca-torna-al-castello-aragonese-con-2-appuntamenti-dedicati-alla-scrittura-ed-emozioni\/#article","isPartOf":{"@id":"https:\/\/progettotouring.it\/radiotouring104\/2025\/04\/28\/reggio-il-festival-balenando-in-burrasca-torna-al-castello-aragonese-con-2-appuntamenti-dedicati-alla-scrittura-ed-emozioni\/"},"author":{"name":"Sebastiano Plutino","@id":"https:\/\/progettotouring.it\/radiotouring104\/#\/schema\/person\/78613917f1851f041f7483f5af1d422e"},"headline":"Reggio: il Festival &#8220;Balenando in Burrasca&#8221; torna al Castello Aragonese con 2 appuntamenti dedicati alla scrittura ed emozioni","datePublished":"2025-04-28T07:41:18+00:00","dateModified":"2025-04-28T08:53:51+00:00","mainEntityOfPage":{"@id":"https:\/\/progettotouring.it\/radiotouring104\/2025\/04\/28\/reggio-il-festival-balenando-in-burrasca-torna-al-castello-aragonese-con-2-appuntamenti-dedicati-alla-scrittura-ed-emozioni\/"},"wordCount":457,"publisher":{"@id":"https:\/\/progettotouring.it\/radiotouring104\/#organization"},"image":{"@id":"https:\/\/progettotouring.it\/radiotouring104\/2025\/04\/28\/reggio-il-festival-balenando-in-burrasca-torna-al-castello-aragonese-con-2-appuntamenti-dedicati-alla-scrittura-ed-emozioni\/#primaryimage"},"thumbnailUrl":"https:\/\/progettotouring.it\/radiotouring104\/wp-content\/uploads\/sites\/6\/2025\/04\/Balenando-in-Burrasca-Castello-Aragonese.jpg","keywords":["Aldo LIbri","Balenando in Burrasca","Castello Aragonese","Daniela D'Agostino","drammaturgia di Katia Colica","due appuntamenti","scrittura"],"articleSection":["Home","News","Reggio Calabria","Spettacoli"],"inLanguage":"it-IT"},{"@type":"WebPage","@id":"https:\/\/progettotouring.it\/radiotouring104\/2025\/04\/28\/reggio-il-festival-balenando-in-burrasca-torna-al-castello-aragonese-con-2-appuntamenti-dedicati-alla-scrittura-ed-emozioni\/","url":"https:\/\/progettotouring.it\/radiotouring104\/2025\/04\/28\/reggio-il-festival-balenando-in-burrasca-torna-al-castello-aragonese-con-2-appuntamenti-dedicati-alla-scrittura-ed-emozioni\/","name":"Il Festival \"Balenando in Burrasca\" torna al Castello Aragonese","isPartOf":{"@id":"https:\/\/progettotouring.it\/radiotouring104\/#website"},"primaryImageOfPage":{"@id":"https:\/\/progettotouring.it\/radiotouring104\/2025\/04\/28\/reggio-il-festival-balenando-in-burrasca-torna-al-castello-aragonese-con-2-appuntamenti-dedicati-alla-scrittura-ed-emozioni\/#primaryimage"},"image":{"@id":"https:\/\/progettotouring.it\/radiotouring104\/2025\/04\/28\/reggio-il-festival-balenando-in-burrasca-torna-al-castello-aragonese-con-2-appuntamenti-dedicati-alla-scrittura-ed-emozioni\/#primaryimage"},"thumbnailUrl":"https:\/\/progettotouring.it\/radiotouring104\/wp-content\/uploads\/sites\/6\/2025\/04\/Balenando-in-Burrasca-Castello-Aragonese.jpg","datePublished":"2025-04-28T07:41:18+00:00","dateModified":"2025-04-28T08:53:51+00:00","description":"I due appuntamenti che genereranno tra loro riflessioni distinte, si svolgeranno domani e mercoled\u00ec al Catello. Tutti i dettagli","breadcrumb":{"@id":"https:\/\/progettotouring.it\/radiotouring104\/2025\/04\/28\/reggio-il-festival-balenando-in-burrasca-torna-al-castello-aragonese-con-2-appuntamenti-dedicati-alla-scrittura-ed-emozioni\/#breadcrumb"},"inLanguage":"it-IT","potentialAction":[{"@type":"ReadAction","target":["https:\/\/progettotouring.it\/radiotouring104\/2025\/04\/28\/reggio-il-festival-balenando-in-burrasca-torna-al-castello-aragonese-con-2-appuntamenti-dedicati-alla-scrittura-ed-emozioni\/"]}]},{"@type":"ImageObject","inLanguage":"it-IT","@id":"https:\/\/progettotouring.it\/radiotouring104\/2025\/04\/28\/reggio-il-festival-balenando-in-burrasca-torna-al-castello-aragonese-con-2-appuntamenti-dedicati-alla-scrittura-ed-emozioni\/#primaryimage","url":"https:\/\/progettotouring.it\/radiotouring104\/wp-content\/uploads\/sites\/6\/2025\/04\/Balenando-in-Burrasca-Castello-Aragonese.jpg","contentUrl":"https:\/\/progettotouring.it\/radiotouring104\/wp-content\/uploads\/sites\/6\/2025\/04\/Balenando-in-Burrasca-Castello-Aragonese.jpg","width":1080,"height":1080},{"@type":"BreadcrumbList","@id":"https:\/\/progettotouring.it\/radiotouring104\/2025\/04\/28\/reggio-il-festival-balenando-in-burrasca-torna-al-castello-aragonese-con-2-appuntamenti-dedicati-alla-scrittura-ed-emozioni\/#breadcrumb","itemListElement":[{"@type":"ListItem","position":1,"name":"Home","item":"https:\/\/progettotouring.it\/radiotouring104\/"},{"@type":"ListItem","position":2,"name":"Reggio: il Festival &#8220;Balenando in Burrasca&#8221; torna al Castello Aragonese con 2 appuntamenti dedicati alla scrittura ed emozioni"}]},{"@type":"WebSite","@id":"https:\/\/progettotouring.it\/radiotouring104\/#website","url":"https:\/\/progettotouring.it\/radiotouring104\/","name":"Radio Touring 104","description":"La prima radio Reggina","publisher":{"@id":"https:\/\/progettotouring.it\/radiotouring104\/#organization"},"potentialAction":[{"@type":"SearchAction","target":{"@type":"EntryPoint","urlTemplate":"https:\/\/progettotouring.it\/radiotouring104\/?s={search_term_string}"},"query-input":{"@type":"PropertyValueSpecification","valueRequired":true,"valueName":"search_term_string"}}],"inLanguage":"it-IT"},{"@type":"Organization","@id":"https:\/\/progettotouring.it\/radiotouring104\/#organization","name":"Radio Touring 104","url":"https:\/\/progettotouring.it\/radiotouring104\/","logo":{"@type":"ImageObject","inLanguage":"it-IT","@id":"https:\/\/progettotouring.it\/radiotouring104\/#\/schema\/logo\/image\/","url":"https:\/\/progettotouring.it\/radiotouring104\/wp-content\/uploads\/sites\/6\/2022\/02\/cropped-logo-radio-touring-104.png","contentUrl":"https:\/\/progettotouring.it\/radiotouring104\/wp-content\/uploads\/sites\/6\/2022\/02\/cropped-logo-radio-touring-104.png","width":377,"height":182,"caption":"Radio Touring 104"},"image":{"@id":"https:\/\/progettotouring.it\/radiotouring104\/#\/schema\/logo\/image\/"}},{"@type":"Person","@id":"https:\/\/progettotouring.it\/radiotouring104\/#\/schema\/person\/78613917f1851f041f7483f5af1d422e","name":"Sebastiano Plutino","image":{"@type":"ImageObject","inLanguage":"it-IT","@id":"https:\/\/secure.gravatar.com\/avatar\/0546ffaa9b79224faf9f2a156b67a529ae861d3287c66c1d8ccfdf909bcba78d?s=96&d=mm&r=g","url":"https:\/\/secure.gravatar.com\/avatar\/0546ffaa9b79224faf9f2a156b67a529ae861d3287c66c1d8ccfdf909bcba78d?s=96&d=mm&r=g","contentUrl":"https:\/\/secure.gravatar.com\/avatar\/0546ffaa9b79224faf9f2a156b67a529ae861d3287c66c1d8ccfdf909bcba78d?s=96&d=mm&r=g","caption":"Sebastiano Plutino"},"url":"https:\/\/progettotouring.it\/radiotouring104\/author\/sebastiano\/"}]}},"jetpack_publicize_connections":[],"jetpack_featured_media_url":"https:\/\/progettotouring.it\/radiotouring104\/wp-content\/uploads\/sites\/6\/2025\/04\/Balenando-in-Burrasca-Castello-Aragonese.jpg","jetpack_sharing_enabled":true,"_links":{"self":[{"href":"https:\/\/progettotouring.it\/radiotouring104\/wp-json\/wp\/v2\/posts\/72228","targetHints":{"allow":["GET"]}}],"collection":[{"href":"https:\/\/progettotouring.it\/radiotouring104\/wp-json\/wp\/v2\/posts"}],"about":[{"href":"https:\/\/progettotouring.it\/radiotouring104\/wp-json\/wp\/v2\/types\/post"}],"author":[{"embeddable":true,"href":"https:\/\/progettotouring.it\/radiotouring104\/wp-json\/wp\/v2\/users\/12"}],"replies":[{"embeddable":true,"href":"https:\/\/progettotouring.it\/radiotouring104\/wp-json\/wp\/v2\/comments?post=72228"}],"version-history":[{"count":2,"href":"https:\/\/progettotouring.it\/radiotouring104\/wp-json\/wp\/v2\/posts\/72228\/revisions"}],"predecessor-version":[{"id":72252,"href":"https:\/\/progettotouring.it\/radiotouring104\/wp-json\/wp\/v2\/posts\/72228\/revisions\/72252"}],"wp:featuredmedia":[{"embeddable":true,"href":"https:\/\/progettotouring.it\/radiotouring104\/wp-json\/wp\/v2\/media\/72229"}],"wp:attachment":[{"href":"https:\/\/progettotouring.it\/radiotouring104\/wp-json\/wp\/v2\/media?parent=72228"}],"wp:term":[{"taxonomy":"category","embeddable":true,"href":"https:\/\/progettotouring.it\/radiotouring104\/wp-json\/wp\/v2\/categories?post=72228"},{"taxonomy":"post_tag","embeddable":true,"href":"https:\/\/progettotouring.it\/radiotouring104\/wp-json\/wp\/v2\/tags?post=72228"}],"curies":[{"name":"wp","href":"https:\/\/api.w.org\/{rel}","templated":true}]}}