{"id":72231,"date":"2025-04-28T09:47:52","date_gmt":"2025-04-28T07:47:52","guid":{"rendered":"https:\/\/progettotouring.it\/radiotouring104\/?p=72231"},"modified":"2025-04-28T09:47:52","modified_gmt":"2025-04-28T07:47:52","slug":"il-cantante-reggino-simo-torna-dopo-2-anni-con-un-nuovo-brano","status":"publish","type":"post","link":"https:\/\/progettotouring.it\/radiotouring104\/2025\/04\/28\/il-cantante-reggino-simo-torna-dopo-2-anni-con-un-nuovo-brano\/","title":{"rendered":"Il cantante reggino SIMO torna dopo 2 anni con un nuovo brano"},"content":{"rendered":"<p style=\"text-align: justify\">S.I.M.O. (all\u2019anagrafe Simone Quartuccio, reggino doc) torna con un nuovo brano che segna la sua rinascita artistica, dopo due anni di silenzio.<\/p>\n<div class=\"xmprfx_gmail_quote\">\n<div class=\"xmprfx_gmail_attr\" dir=\"ltr\" style=\"text-align: justify\">\n<p>Disponibile sulle maggiori piattaforme di streaming dallo scorso 25 Aprile, il brano \u201cMon Ami\u201d scritto da Simone, prodotto da Mario Meli e distribuito da ADA Music (Warner Music Italy) da indipendente, racconta con autenticit\u00e0 e leggerezza una relazione fondata sull\u2019apparenza e sulla superficialit\u00e0, in contrasto con il valore delle cose semplici, dell\u2019amicizia sincera e del bisogno di momenti profondi e veri. Un brano che impone la\u00a0voce e la forza di un ragazzo del 2002, che con stile e sensibilit\u00e0 da vera Gen Z, d\u00e0 forma a pensieri e sentimenti condivisi da tante persone appartenenti alla sua generazione. Grazie ad un ritornello che resta in testa e a una scrittura diretta e chiara, S.I.M.O. parla a chiunque abbia vissuto una relazione tormentata e si ritrovi a cercare se stesso fuori dalla campana di vetro della frivolezza in cui \u00e8 rinchiuso, guidato dall&#8217;affetto degli amici di sempre.<\/p>\n<p>&#8220;Mon Ami&#8221; \u00e8 una canzone spensierata, ma con un twist emotivo. Parla di una relazione fatta di materialismo e aspettative, mentre il protagonista sogna di liberarsi da quel legame affettivo che lo condiziona, vuole godersi una serata tranquilla con gli amici \u2013 afferma il cantautore polistrumentista S.I.M.O. (acronimo di \u201csogna il meglio osando\u201d) -. Con sonorit\u00e0 fresche e un testo ironico, il brano \u00e8 l&#8217;inno di chi vuole sfuggire alla superficialit\u00e0 e vivere l\u2019essenziale\u201d.<\/p>\n<p class=\"xmprfx_MsoNormal\">Dall\u2019estate 2022, Simone calca prestigiosi palchi e ha aperto anche i live di noti artisti della musica italiana come i Pinguini Tattici Nucleari, The Kolors, Arisa, Alex Britti, Shade, Tiromancino, Ernia, Alfa e molti altri. Anche con questo suo nuovo brano, il cantautore dona al suo pubblico una sonorit\u00e0 fresca e contemporanea, un testo pop energico con una vena malinconica, perfettamente in linea con il periodo estivo in arrivo.<\/p>\n<p class=\"xmprfx_MsoNormal\">\u201cMon Ami\u201d \u00e8 su tutte le piattaforme digitali, Amazon Music, Novit\u00e0 del momento e Novit\u00e0 Pop italiano. Su Apple Music il brano di S.I.M.O. si trova su New Music Daily \u2013 Playlist.<\/p>\n<p class=\"xmprfx_MsoNormal\">Qui \u00e8 possibile ascoltare la canzone:<\/p>\n<p class=\"xmprfx_MsoNormal\"><a href=\"https:\/\/open.spotify.com\/album\/2KwQL6ZslB3MlkbJ99pg4V?si=ujZ3q46FQAKyEGtAz_tZtA\" target=\"_blank\" rel=\"noopener noreferrer\">https:\/\/open.spotify.com\/album\/2KwQL6ZslB3MlkbJ99pg4V?si=ujZ3q46FQAKyEGtAz_tZtA<\/a><\/p>\n<\/div>\n<\/div>\n","protected":false},"excerpt":{"rendered":"<p>S.I.M.O. (all\u2019anagrafe Simone Quartuccio, reggino doc) torna con un nuovo brano che segna la sua rinascita artistica, dopo due anni di silenzio. Disponibile sulle maggiori piattaforme di streaming dallo scorso&hellip;<\/p>\n","protected":false},"author":12,"featured_media":72232,"comment_status":"closed","ping_status":"open","sticky":false,"template":"","format":"standard","meta":{"_jetpack_memberships_contains_paid_content":false,"footnotes":"","jetpack_publicize_message":"","jetpack_publicize_feature_enabled":true,"jetpack_social_post_already_shared":true,"jetpack_social_options":{"image_generator_settings":{"template":"highway","default_image_id":0,"font":"","enabled":false},"version":2}},"categories":[146],"tags":[42888,40387,23890,42886,42887],"class_list":["post-72231","post","type-post","status-publish","format-standard","has-post-thumbnail","hentry","category-musica","tag-cantante-reggino","tag-fuori-ora","tag-nuovo-brano","tag-s-i-m-o","tag-simone-quartuccio"],"yoast_head":"<!-- This site is optimized with the Yoast SEO plugin v27.2 - https:\/\/yoast.com\/product\/yoast-seo-wordpress\/ -->\n<title>Il cantante reggino SIMO torna dopo 2 anni con un nuovo brano - Radio Touring 104<\/title>\n<meta name=\"description\" content=\"Fuori ora, su tutte le piattaforme, il nuovo brano dell&#039;artista reggino Simone Quartuccio che, dopo due anni, torna con una nuova canzone\" \/>\n<meta name=\"robots\" content=\"index, follow, max-snippet:-1, max-image-preview:large, max-video-preview:-1\" \/>\n<link rel=\"canonical\" href=\"https:\/\/progettotouring.it\/radiotouring104\/2025\/04\/28\/il-cantante-reggino-simo-torna-dopo-2-anni-con-un-nuovo-brano\/\" \/>\n<meta property=\"og:locale\" content=\"it_IT\" \/>\n<meta property=\"og:type\" content=\"article\" \/>\n<meta property=\"og:title\" content=\"Il cantante reggino SIMO torna dopo 2 anni con un nuovo brano - Radio Touring 104\" \/>\n<meta property=\"og:description\" content=\"Fuori ora, su tutte le piattaforme, il nuovo brano dell&#039;artista reggino Simone Quartuccio che, dopo due anni, torna con una nuova canzone\" \/>\n<meta property=\"og:url\" content=\"https:\/\/progettotouring.it\/radiotouring104\/2025\/04\/28\/il-cantante-reggino-simo-torna-dopo-2-anni-con-un-nuovo-brano\/\" \/>\n<meta property=\"og:site_name\" content=\"Radio Touring 104\" \/>\n<meta property=\"article:published_time\" content=\"2025-04-28T07:47:52+00:00\" \/>\n<meta property=\"og:image\" content=\"https:\/\/progettotouring.it\/radiotouring104\/wp-content\/uploads\/sites\/6\/2025\/04\/Simone-Quartuccio-SIMO-Cantante.jpg\" \/>\n\t<meta property=\"og:image:width\" content=\"2048\" \/>\n\t<meta property=\"og:image:height\" content=\"1365\" \/>\n\t<meta property=\"og:image:type\" content=\"image\/jpeg\" \/>\n<meta name=\"author\" content=\"Sebastiano Plutino\" \/>\n<meta name=\"twitter:card\" content=\"summary_large_image\" \/>\n<meta name=\"twitter:label1\" content=\"Scritto da\" \/>\n\t<meta name=\"twitter:data1\" content=\"Sebastiano Plutino\" \/>\n\t<meta name=\"twitter:label2\" content=\"Tempo di lettura stimato\" \/>\n\t<meta name=\"twitter:data2\" content=\"2 minuti\" \/>\n<script type=\"application\/ld+json\" class=\"yoast-schema-graph\">{\"@context\":\"https:\/\/schema.org\",\"@graph\":[{\"@type\":\"Article\",\"@id\":\"https:\/\/progettotouring.it\/radiotouring104\/2025\/04\/28\/il-cantante-reggino-simo-torna-dopo-2-anni-con-un-nuovo-brano\/#article\",\"isPartOf\":{\"@id\":\"https:\/\/progettotouring.it\/radiotouring104\/2025\/04\/28\/il-cantante-reggino-simo-torna-dopo-2-anni-con-un-nuovo-brano\/\"},\"author\":{\"name\":\"Sebastiano Plutino\",\"@id\":\"https:\/\/progettotouring.it\/radiotouring104\/#\/schema\/person\/78613917f1851f041f7483f5af1d422e\"},\"headline\":\"Il cantante reggino SIMO torna dopo 2 anni con un nuovo brano\",\"datePublished\":\"2025-04-28T07:47:52+00:00\",\"mainEntityOfPage\":{\"@id\":\"https:\/\/progettotouring.it\/radiotouring104\/2025\/04\/28\/il-cantante-reggino-simo-torna-dopo-2-anni-con-un-nuovo-brano\/\"},\"wordCount\":382,\"publisher\":{\"@id\":\"https:\/\/progettotouring.it\/radiotouring104\/#organization\"},\"image\":{\"@id\":\"https:\/\/progettotouring.it\/radiotouring104\/2025\/04\/28\/il-cantante-reggino-simo-torna-dopo-2-anni-con-un-nuovo-brano\/#primaryimage\"},\"thumbnailUrl\":\"https:\/\/progettotouring.it\/radiotouring104\/wp-content\/uploads\/sites\/6\/2025\/04\/Simone-Quartuccio-SIMO-Cantante.jpg\",\"keywords\":[\"cantante reggino\",\"fuori ora\",\"nuovo brano\",\"S.I.M.O.\",\"Simone Quartuccio\"],\"articleSection\":[\"Musica\"],\"inLanguage\":\"it-IT\"},{\"@type\":\"WebPage\",\"@id\":\"https:\/\/progettotouring.it\/radiotouring104\/2025\/04\/28\/il-cantante-reggino-simo-torna-dopo-2-anni-con-un-nuovo-brano\/\",\"url\":\"https:\/\/progettotouring.it\/radiotouring104\/2025\/04\/28\/il-cantante-reggino-simo-torna-dopo-2-anni-con-un-nuovo-brano\/\",\"name\":\"Il cantante reggino SIMO torna dopo 2 anni con un nuovo brano - Radio Touring 104\",\"isPartOf\":{\"@id\":\"https:\/\/progettotouring.it\/radiotouring104\/#website\"},\"primaryImageOfPage\":{\"@id\":\"https:\/\/progettotouring.it\/radiotouring104\/2025\/04\/28\/il-cantante-reggino-simo-torna-dopo-2-anni-con-un-nuovo-brano\/#primaryimage\"},\"image\":{\"@id\":\"https:\/\/progettotouring.it\/radiotouring104\/2025\/04\/28\/il-cantante-reggino-simo-torna-dopo-2-anni-con-un-nuovo-brano\/#primaryimage\"},\"thumbnailUrl\":\"https:\/\/progettotouring.it\/radiotouring104\/wp-content\/uploads\/sites\/6\/2025\/04\/Simone-Quartuccio-SIMO-Cantante.jpg\",\"datePublished\":\"2025-04-28T07:47:52+00:00\",\"description\":\"Fuori ora, su tutte le piattaforme, il nuovo brano dell'artista reggino Simone Quartuccio che, dopo due anni, torna con una nuova canzone\",\"breadcrumb\":{\"@id\":\"https:\/\/progettotouring.it\/radiotouring104\/2025\/04\/28\/il-cantante-reggino-simo-torna-dopo-2-anni-con-un-nuovo-brano\/#breadcrumb\"},\"inLanguage\":\"it-IT\",\"potentialAction\":[{\"@type\":\"ReadAction\",\"target\":[\"https:\/\/progettotouring.it\/radiotouring104\/2025\/04\/28\/il-cantante-reggino-simo-torna-dopo-2-anni-con-un-nuovo-brano\/\"]}]},{\"@type\":\"ImageObject\",\"inLanguage\":\"it-IT\",\"@id\":\"https:\/\/progettotouring.it\/radiotouring104\/2025\/04\/28\/il-cantante-reggino-simo-torna-dopo-2-anni-con-un-nuovo-brano\/#primaryimage\",\"url\":\"https:\/\/progettotouring.it\/radiotouring104\/wp-content\/uploads\/sites\/6\/2025\/04\/Simone-Quartuccio-SIMO-Cantante.jpg\",\"contentUrl\":\"https:\/\/progettotouring.it\/radiotouring104\/wp-content\/uploads\/sites\/6\/2025\/04\/Simone-Quartuccio-SIMO-Cantante.jpg\",\"width\":2048,\"height\":1365},{\"@type\":\"BreadcrumbList\",\"@id\":\"https:\/\/progettotouring.it\/radiotouring104\/2025\/04\/28\/il-cantante-reggino-simo-torna-dopo-2-anni-con-un-nuovo-brano\/#breadcrumb\",\"itemListElement\":[{\"@type\":\"ListItem\",\"position\":1,\"name\":\"Home\",\"item\":\"https:\/\/progettotouring.it\/radiotouring104\/\"},{\"@type\":\"ListItem\",\"position\":2,\"name\":\"Il cantante reggino SIMO torna dopo 2 anni con un nuovo brano\"}]},{\"@type\":\"WebSite\",\"@id\":\"https:\/\/progettotouring.it\/radiotouring104\/#website\",\"url\":\"https:\/\/progettotouring.it\/radiotouring104\/\",\"name\":\"Radio Touring 104\",\"description\":\"La prima radio Reggina\",\"publisher\":{\"@id\":\"https:\/\/progettotouring.it\/radiotouring104\/#organization\"},\"potentialAction\":[{\"@type\":\"SearchAction\",\"target\":{\"@type\":\"EntryPoint\",\"urlTemplate\":\"https:\/\/progettotouring.it\/radiotouring104\/?s={search_term_string}\"},\"query-input\":{\"@type\":\"PropertyValueSpecification\",\"valueRequired\":true,\"valueName\":\"search_term_string\"}}],\"inLanguage\":\"it-IT\"},{\"@type\":\"Organization\",\"@id\":\"https:\/\/progettotouring.it\/radiotouring104\/#organization\",\"name\":\"Radio Touring 104\",\"url\":\"https:\/\/progettotouring.it\/radiotouring104\/\",\"logo\":{\"@type\":\"ImageObject\",\"inLanguage\":\"it-IT\",\"@id\":\"https:\/\/progettotouring.it\/radiotouring104\/#\/schema\/logo\/image\/\",\"url\":\"https:\/\/progettotouring.it\/radiotouring104\/wp-content\/uploads\/sites\/6\/2022\/02\/cropped-logo-radio-touring-104.png\",\"contentUrl\":\"https:\/\/progettotouring.it\/radiotouring104\/wp-content\/uploads\/sites\/6\/2022\/02\/cropped-logo-radio-touring-104.png\",\"width\":377,\"height\":182,\"caption\":\"Radio Touring 104\"},\"image\":{\"@id\":\"https:\/\/progettotouring.it\/radiotouring104\/#\/schema\/logo\/image\/\"}},{\"@type\":\"Person\",\"@id\":\"https:\/\/progettotouring.it\/radiotouring104\/#\/schema\/person\/78613917f1851f041f7483f5af1d422e\",\"name\":\"Sebastiano Plutino\",\"image\":{\"@type\":\"ImageObject\",\"inLanguage\":\"it-IT\",\"@id\":\"https:\/\/secure.gravatar.com\/avatar\/0546ffaa9b79224faf9f2a156b67a529ae861d3287c66c1d8ccfdf909bcba78d?s=96&d=mm&r=g\",\"url\":\"https:\/\/secure.gravatar.com\/avatar\/0546ffaa9b79224faf9f2a156b67a529ae861d3287c66c1d8ccfdf909bcba78d?s=96&d=mm&r=g\",\"contentUrl\":\"https:\/\/secure.gravatar.com\/avatar\/0546ffaa9b79224faf9f2a156b67a529ae861d3287c66c1d8ccfdf909bcba78d?s=96&d=mm&r=g\",\"caption\":\"Sebastiano Plutino\"},\"url\":\"https:\/\/progettotouring.it\/radiotouring104\/author\/sebastiano\/\"}]}<\/script>\n<!-- \/ Yoast SEO plugin. -->","yoast_head_json":{"title":"Il cantante reggino SIMO torna dopo 2 anni con un nuovo brano - Radio Touring 104","description":"Fuori ora, su tutte le piattaforme, il nuovo brano dell'artista reggino Simone Quartuccio che, dopo due anni, torna con una nuova canzone","robots":{"index":"index","follow":"follow","max-snippet":"max-snippet:-1","max-image-preview":"max-image-preview:large","max-video-preview":"max-video-preview:-1"},"canonical":"https:\/\/progettotouring.it\/radiotouring104\/2025\/04\/28\/il-cantante-reggino-simo-torna-dopo-2-anni-con-un-nuovo-brano\/","og_locale":"it_IT","og_type":"article","og_title":"Il cantante reggino SIMO torna dopo 2 anni con un nuovo brano - Radio Touring 104","og_description":"Fuori ora, su tutte le piattaforme, il nuovo brano dell'artista reggino Simone Quartuccio che, dopo due anni, torna con una nuova canzone","og_url":"https:\/\/progettotouring.it\/radiotouring104\/2025\/04\/28\/il-cantante-reggino-simo-torna-dopo-2-anni-con-un-nuovo-brano\/","og_site_name":"Radio Touring 104","article_published_time":"2025-04-28T07:47:52+00:00","og_image":[{"width":2048,"height":1365,"url":"https:\/\/progettotouring.it\/radiotouring104\/wp-content\/uploads\/sites\/6\/2025\/04\/Simone-Quartuccio-SIMO-Cantante.jpg","type":"image\/jpeg"}],"author":"Sebastiano Plutino","twitter_card":"summary_large_image","twitter_misc":{"Scritto da":"Sebastiano Plutino","Tempo di lettura stimato":"2 minuti"},"schema":{"@context":"https:\/\/schema.org","@graph":[{"@type":"Article","@id":"https:\/\/progettotouring.it\/radiotouring104\/2025\/04\/28\/il-cantante-reggino-simo-torna-dopo-2-anni-con-un-nuovo-brano\/#article","isPartOf":{"@id":"https:\/\/progettotouring.it\/radiotouring104\/2025\/04\/28\/il-cantante-reggino-simo-torna-dopo-2-anni-con-un-nuovo-brano\/"},"author":{"name":"Sebastiano Plutino","@id":"https:\/\/progettotouring.it\/radiotouring104\/#\/schema\/person\/78613917f1851f041f7483f5af1d422e"},"headline":"Il cantante reggino SIMO torna dopo 2 anni con un nuovo brano","datePublished":"2025-04-28T07:47:52+00:00","mainEntityOfPage":{"@id":"https:\/\/progettotouring.it\/radiotouring104\/2025\/04\/28\/il-cantante-reggino-simo-torna-dopo-2-anni-con-un-nuovo-brano\/"},"wordCount":382,"publisher":{"@id":"https:\/\/progettotouring.it\/radiotouring104\/#organization"},"image":{"@id":"https:\/\/progettotouring.it\/radiotouring104\/2025\/04\/28\/il-cantante-reggino-simo-torna-dopo-2-anni-con-un-nuovo-brano\/#primaryimage"},"thumbnailUrl":"https:\/\/progettotouring.it\/radiotouring104\/wp-content\/uploads\/sites\/6\/2025\/04\/Simone-Quartuccio-SIMO-Cantante.jpg","keywords":["cantante reggino","fuori ora","nuovo brano","S.I.M.O.","Simone Quartuccio"],"articleSection":["Musica"],"inLanguage":"it-IT"},{"@type":"WebPage","@id":"https:\/\/progettotouring.it\/radiotouring104\/2025\/04\/28\/il-cantante-reggino-simo-torna-dopo-2-anni-con-un-nuovo-brano\/","url":"https:\/\/progettotouring.it\/radiotouring104\/2025\/04\/28\/il-cantante-reggino-simo-torna-dopo-2-anni-con-un-nuovo-brano\/","name":"Il cantante reggino SIMO torna dopo 2 anni con un nuovo brano - Radio Touring 104","isPartOf":{"@id":"https:\/\/progettotouring.it\/radiotouring104\/#website"},"primaryImageOfPage":{"@id":"https:\/\/progettotouring.it\/radiotouring104\/2025\/04\/28\/il-cantante-reggino-simo-torna-dopo-2-anni-con-un-nuovo-brano\/#primaryimage"},"image":{"@id":"https:\/\/progettotouring.it\/radiotouring104\/2025\/04\/28\/il-cantante-reggino-simo-torna-dopo-2-anni-con-un-nuovo-brano\/#primaryimage"},"thumbnailUrl":"https:\/\/progettotouring.it\/radiotouring104\/wp-content\/uploads\/sites\/6\/2025\/04\/Simone-Quartuccio-SIMO-Cantante.jpg","datePublished":"2025-04-28T07:47:52+00:00","description":"Fuori ora, su tutte le piattaforme, il nuovo brano dell'artista reggino Simone Quartuccio che, dopo due anni, torna con una nuova canzone","breadcrumb":{"@id":"https:\/\/progettotouring.it\/radiotouring104\/2025\/04\/28\/il-cantante-reggino-simo-torna-dopo-2-anni-con-un-nuovo-brano\/#breadcrumb"},"inLanguage":"it-IT","potentialAction":[{"@type":"ReadAction","target":["https:\/\/progettotouring.it\/radiotouring104\/2025\/04\/28\/il-cantante-reggino-simo-torna-dopo-2-anni-con-un-nuovo-brano\/"]}]},{"@type":"ImageObject","inLanguage":"it-IT","@id":"https:\/\/progettotouring.it\/radiotouring104\/2025\/04\/28\/il-cantante-reggino-simo-torna-dopo-2-anni-con-un-nuovo-brano\/#primaryimage","url":"https:\/\/progettotouring.it\/radiotouring104\/wp-content\/uploads\/sites\/6\/2025\/04\/Simone-Quartuccio-SIMO-Cantante.jpg","contentUrl":"https:\/\/progettotouring.it\/radiotouring104\/wp-content\/uploads\/sites\/6\/2025\/04\/Simone-Quartuccio-SIMO-Cantante.jpg","width":2048,"height":1365},{"@type":"BreadcrumbList","@id":"https:\/\/progettotouring.it\/radiotouring104\/2025\/04\/28\/il-cantante-reggino-simo-torna-dopo-2-anni-con-un-nuovo-brano\/#breadcrumb","itemListElement":[{"@type":"ListItem","position":1,"name":"Home","item":"https:\/\/progettotouring.it\/radiotouring104\/"},{"@type":"ListItem","position":2,"name":"Il cantante reggino SIMO torna dopo 2 anni con un nuovo brano"}]},{"@type":"WebSite","@id":"https:\/\/progettotouring.it\/radiotouring104\/#website","url":"https:\/\/progettotouring.it\/radiotouring104\/","name":"Radio Touring 104","description":"La prima radio Reggina","publisher":{"@id":"https:\/\/progettotouring.it\/radiotouring104\/#organization"},"potentialAction":[{"@type":"SearchAction","target":{"@type":"EntryPoint","urlTemplate":"https:\/\/progettotouring.it\/radiotouring104\/?s={search_term_string}"},"query-input":{"@type":"PropertyValueSpecification","valueRequired":true,"valueName":"search_term_string"}}],"inLanguage":"it-IT"},{"@type":"Organization","@id":"https:\/\/progettotouring.it\/radiotouring104\/#organization","name":"Radio Touring 104","url":"https:\/\/progettotouring.it\/radiotouring104\/","logo":{"@type":"ImageObject","inLanguage":"it-IT","@id":"https:\/\/progettotouring.it\/radiotouring104\/#\/schema\/logo\/image\/","url":"https:\/\/progettotouring.it\/radiotouring104\/wp-content\/uploads\/sites\/6\/2022\/02\/cropped-logo-radio-touring-104.png","contentUrl":"https:\/\/progettotouring.it\/radiotouring104\/wp-content\/uploads\/sites\/6\/2022\/02\/cropped-logo-radio-touring-104.png","width":377,"height":182,"caption":"Radio Touring 104"},"image":{"@id":"https:\/\/progettotouring.it\/radiotouring104\/#\/schema\/logo\/image\/"}},{"@type":"Person","@id":"https:\/\/progettotouring.it\/radiotouring104\/#\/schema\/person\/78613917f1851f041f7483f5af1d422e","name":"Sebastiano Plutino","image":{"@type":"ImageObject","inLanguage":"it-IT","@id":"https:\/\/secure.gravatar.com\/avatar\/0546ffaa9b79224faf9f2a156b67a529ae861d3287c66c1d8ccfdf909bcba78d?s=96&d=mm&r=g","url":"https:\/\/secure.gravatar.com\/avatar\/0546ffaa9b79224faf9f2a156b67a529ae861d3287c66c1d8ccfdf909bcba78d?s=96&d=mm&r=g","contentUrl":"https:\/\/secure.gravatar.com\/avatar\/0546ffaa9b79224faf9f2a156b67a529ae861d3287c66c1d8ccfdf909bcba78d?s=96&d=mm&r=g","caption":"Sebastiano Plutino"},"url":"https:\/\/progettotouring.it\/radiotouring104\/author\/sebastiano\/"}]}},"jetpack_publicize_connections":[],"jetpack_featured_media_url":"https:\/\/progettotouring.it\/radiotouring104\/wp-content\/uploads\/sites\/6\/2025\/04\/Simone-Quartuccio-SIMO-Cantante.jpg","jetpack_sharing_enabled":true,"_links":{"self":[{"href":"https:\/\/progettotouring.it\/radiotouring104\/wp-json\/wp\/v2\/posts\/72231","targetHints":{"allow":["GET"]}}],"collection":[{"href":"https:\/\/progettotouring.it\/radiotouring104\/wp-json\/wp\/v2\/posts"}],"about":[{"href":"https:\/\/progettotouring.it\/radiotouring104\/wp-json\/wp\/v2\/types\/post"}],"author":[{"embeddable":true,"href":"https:\/\/progettotouring.it\/radiotouring104\/wp-json\/wp\/v2\/users\/12"}],"replies":[{"embeddable":true,"href":"https:\/\/progettotouring.it\/radiotouring104\/wp-json\/wp\/v2\/comments?post=72231"}],"version-history":[{"count":1,"href":"https:\/\/progettotouring.it\/radiotouring104\/wp-json\/wp\/v2\/posts\/72231\/revisions"}],"predecessor-version":[{"id":72233,"href":"https:\/\/progettotouring.it\/radiotouring104\/wp-json\/wp\/v2\/posts\/72231\/revisions\/72233"}],"wp:featuredmedia":[{"embeddable":true,"href":"https:\/\/progettotouring.it\/radiotouring104\/wp-json\/wp\/v2\/media\/72232"}],"wp:attachment":[{"href":"https:\/\/progettotouring.it\/radiotouring104\/wp-json\/wp\/v2\/media?parent=72231"}],"wp:term":[{"taxonomy":"category","embeddable":true,"href":"https:\/\/progettotouring.it\/radiotouring104\/wp-json\/wp\/v2\/categories?post=72231"},{"taxonomy":"post_tag","embeddable":true,"href":"https:\/\/progettotouring.it\/radiotouring104\/wp-json\/wp\/v2\/tags?post=72231"}],"curies":[{"name":"wp","href":"https:\/\/api.w.org\/{rel}","templated":true}]}}