{"id":72238,"date":"2025-04-28T10:09:22","date_gmt":"2025-04-28T08:09:22","guid":{"rendered":"https:\/\/progettotouring.it\/radiotouring104\/?p=72238"},"modified":"2025-04-28T10:09:22","modified_gmt":"2025-04-28T08:09:22","slug":"reggio-il-coordinamento-fdi-cittadino-presenta-il-libro-10-febbraio-dalle-foibe-allesodo","status":"publish","type":"post","link":"https:\/\/progettotouring.it\/radiotouring104\/2025\/04\/28\/reggio-il-coordinamento-fdi-cittadino-presenta-il-libro-10-febbraio-dalle-foibe-allesodo\/","title":{"rendered":"Reggio: il coordinamento Fdi cittadino presenta il libro \u201c10 FEBBRAIO DALLE FOIBE ALL\u2019ESODO\u201d"},"content":{"rendered":"<p style=\"text-align: justify\">Domani, marted\u00ec 29 aprile alle 18 presso l\u2019Hotel Torrione, a cura del Coordinamento di Fratelli d\u2019Italia di Reggio Calabria, sar\u00e0 presentato il libro \u201c10 FEBBRAIO DALLE FOIBE ALL\u2019ESODO\u201d, scritto dal Senatore triestino Roberto Menia.<\/p>\n<p style=\"text-align: justify\">Le storie e le figure che questo libro raccoglie scavano nella memoria della tragedia degli italiani e di tutte le vittime delle foibe. Alcune sono conosciute, altre stavano nascoste ai pi\u00f9 e riemergono dai cassetti dei ricordi di uomini e donne che sono ormai gli ultimi testimoni dell&#8217;italianit\u00e0 dell&#8217;Adriatico orientale. Storie che non si possono e non si debbono perdere, ma tramandare e affidare alla coscienza nazionale come insegnamento e monito. Storie di eroismo e di sofferenza, di morte e di vita, di stoicismo e di santit\u00e0: un grande inno di italianit\u00e0 e di libert\u00e0.<\/p>\n<p style=\"text-align: justify\">Menia, attualmente Vicepresidente della Commissione Affari Esteri e Difesa del Senato, \u00e8 il \u201c<em>padre<\/em>\u201d della legge nr. 92 del 30 marzo 2004 che istituisce il <em>\u201cGiorno del Ricordo\u201d,<\/em> una commemorazione civile nazionale che si celebra il 10 febbraio di ogni anno al fine di conservare e rinnovare la memoria della tragedia delle migliaia di italiani vittime delle foibe e dell&#8217;esodo dalle loro terre di oltre 350mila istriani, fiumani e dalmati nel secondo dopoguerra.<\/p>\n<p style=\"text-align: justify\">Nel corso dell\u2019iniziativa sar\u00e0 ricordato anche Sergio Ramelli, giovane militante del Fronte della Giovent\u00f9 milanese, aggredito sotto casa a colpi di chiave inglese da un commando comunista di Avanguardia operaia e morto proprio il 29 aprile di 50 anni fa, dopo 47 giorni di agonia. La sua unica colpa \u00e8 stata quella di aver scritto un tema in classe di condanna delle nascenti Brigate rosse.<\/p>\n<p style=\"text-align: justify\">All\u2019incontro, introdotto e moderato da Giuseppe Agliano, porteranno il saluto la Coordinatrice del Partito Ersilia Cedro, la Responsabile di Giovent\u00f9 Nazionale Emanuela Arena e il Sen. Fausto Orsomarso, successivamente si alterneranno negli interventi lo storico Fabio Arichetta, Nicola Malaspina del Centro Studi Tradizione Partecipazione e Antonino Marcian\u00f2 del Comitato 10 Febbraio. Le conclusioni saranno affidate all\u2019autore del libro, il senatore di Fratelli d\u2019Italia Roberto Menia.<\/p>\n<p>&nbsp;<\/p>\n","protected":false},"excerpt":{"rendered":"<p>Domani, marted\u00ec 29 aprile alle 18 presso l\u2019Hotel Torrione, a cura del Coordinamento di Fratelli d\u2019Italia di Reggio Calabria, sar\u00e0 presentato il libro \u201c10 FEBBRAIO DALLE FOIBE ALL\u2019ESODO\u201d, scritto dal&hellip;<\/p>\n","protected":false},"author":12,"featured_media":35284,"comment_status":"closed","ping_status":"open","sticky":false,"template":"","format":"standard","meta":{"_jetpack_memberships_contains_paid_content":false,"footnotes":"","jetpack_publicize_message":"","jetpack_publicize_feature_enabled":true,"jetpack_social_post_already_shared":true,"jetpack_social_options":{"image_generator_settings":{"template":"highway","default_image_id":0,"font":"","enabled":false},"version":2}},"categories":[921,196,140],"tags":[42891,30047,6773,2695,42892],"class_list":["post-72238","post","type-post","status-publish","format-standard","has-post-thumbnail","hentry","category-home","category-news","category-reggio-calabria","tag-10-febbraio-dalle-foibe-allesodo","tag-fdi-reggio-calabria","tag-hotel-torrione","tag-presentazione-libro","tag-senatore-triestino-roberto-menia"],"yoast_head":"<!-- This site is optimized with the Yoast SEO plugin v27.2 - https:\/\/yoast.com\/product\/yoast-seo-wordpress\/ -->\n<title>Reggio: il coordinamento Fdi cittadino presenta il libro \u201c10 FEBBRAIO DALLE FOIBE ALL\u2019ESODO\u201d - Radio Touring 104<\/title>\n<meta name=\"description\" content=\"La presentazione del libro scritto dal Senatore triestino Roberto Menia. si terr\u00e0 domani, alle 18:00. presso l\u2019Hotel Torrione\" \/>\n<meta name=\"robots\" content=\"index, follow, max-snippet:-1, max-image-preview:large, max-video-preview:-1\" \/>\n<link rel=\"canonical\" href=\"https:\/\/progettotouring.it\/radiotouring104\/2025\/04\/28\/reggio-il-coordinamento-fdi-cittadino-presenta-il-libro-10-febbraio-dalle-foibe-allesodo\/\" \/>\n<meta property=\"og:locale\" content=\"it_IT\" \/>\n<meta property=\"og:type\" content=\"article\" \/>\n<meta property=\"og:title\" content=\"Reggio: il coordinamento Fdi cittadino presenta il libro \u201c10 FEBBRAIO DALLE FOIBE ALL\u2019ESODO\u201d - Radio Touring 104\" \/>\n<meta property=\"og:description\" content=\"La presentazione del libro scritto dal Senatore triestino Roberto Menia. si terr\u00e0 domani, alle 18:00. presso l\u2019Hotel Torrione\" \/>\n<meta property=\"og:url\" content=\"https:\/\/progettotouring.it\/radiotouring104\/2025\/04\/28\/reggio-il-coordinamento-fdi-cittadino-presenta-il-libro-10-febbraio-dalle-foibe-allesodo\/\" \/>\n<meta property=\"og:site_name\" content=\"Radio Touring 104\" \/>\n<meta property=\"article:published_time\" content=\"2025-04-28T08:09:22+00:00\" \/>\n<meta property=\"og:image\" content=\"https:\/\/progettotouring.it\/radiotouring104\/wp-content\/uploads\/sites\/6\/2023\/09\/FdI.jpg\" \/>\n\t<meta property=\"og:image:width\" content=\"812\" \/>\n\t<meta property=\"og:image:height\" content=\"800\" \/>\n\t<meta property=\"og:image:type\" content=\"image\/jpeg\" \/>\n<meta name=\"author\" content=\"Sebastiano Plutino\" \/>\n<meta name=\"twitter:card\" content=\"summary_large_image\" \/>\n<meta name=\"twitter:label1\" content=\"Scritto da\" \/>\n\t<meta name=\"twitter:data1\" content=\"Sebastiano Plutino\" \/>\n\t<meta name=\"twitter:label2\" content=\"Tempo di lettura stimato\" \/>\n\t<meta name=\"twitter:data2\" content=\"2 minuti\" \/>\n<script type=\"application\/ld+json\" class=\"yoast-schema-graph\">{\"@context\":\"https:\/\/schema.org\",\"@graph\":[{\"@type\":\"Article\",\"@id\":\"https:\/\/progettotouring.it\/radiotouring104\/2025\/04\/28\/reggio-il-coordinamento-fdi-cittadino-presenta-il-libro-10-febbraio-dalle-foibe-allesodo\/#article\",\"isPartOf\":{\"@id\":\"https:\/\/progettotouring.it\/radiotouring104\/2025\/04\/28\/reggio-il-coordinamento-fdi-cittadino-presenta-il-libro-10-febbraio-dalle-foibe-allesodo\/\"},\"author\":{\"name\":\"Sebastiano Plutino\",\"@id\":\"https:\/\/progettotouring.it\/radiotouring104\/#\/schema\/person\/78613917f1851f041f7483f5af1d422e\"},\"headline\":\"Reggio: il coordinamento Fdi cittadino presenta il libro \u201c10 FEBBRAIO DALLE FOIBE ALL\u2019ESODO\u201d\",\"datePublished\":\"2025-04-28T08:09:22+00:00\",\"mainEntityOfPage\":{\"@id\":\"https:\/\/progettotouring.it\/radiotouring104\/2025\/04\/28\/reggio-il-coordinamento-fdi-cittadino-presenta-il-libro-10-febbraio-dalle-foibe-allesodo\/\"},\"wordCount\":340,\"publisher\":{\"@id\":\"https:\/\/progettotouring.it\/radiotouring104\/#organization\"},\"image\":{\"@id\":\"https:\/\/progettotouring.it\/radiotouring104\/2025\/04\/28\/reggio-il-coordinamento-fdi-cittadino-presenta-il-libro-10-febbraio-dalle-foibe-allesodo\/#primaryimage\"},\"thumbnailUrl\":\"https:\/\/progettotouring.it\/radiotouring104\/wp-content\/uploads\/sites\/6\/2023\/09\/FdI.jpg\",\"keywords\":[\"\u201c10 FEBBRAIO DALLE FOIBE ALL\u2019ESODO\u201d\",\"FdI Reggio Calabria\",\"Hotel Torrione\",\"presentazione libro\",\"Senatore triestino Roberto Menia.\"],\"articleSection\":[\"Home\",\"News\",\"Reggio Calabria\"],\"inLanguage\":\"it-IT\"},{\"@type\":\"WebPage\",\"@id\":\"https:\/\/progettotouring.it\/radiotouring104\/2025\/04\/28\/reggio-il-coordinamento-fdi-cittadino-presenta-il-libro-10-febbraio-dalle-foibe-allesodo\/\",\"url\":\"https:\/\/progettotouring.it\/radiotouring104\/2025\/04\/28\/reggio-il-coordinamento-fdi-cittadino-presenta-il-libro-10-febbraio-dalle-foibe-allesodo\/\",\"name\":\"Reggio: il coordinamento Fdi cittadino presenta il libro \u201c10 FEBBRAIO DALLE FOIBE ALL\u2019ESODO\u201d - Radio Touring 104\",\"isPartOf\":{\"@id\":\"https:\/\/progettotouring.it\/radiotouring104\/#website\"},\"primaryImageOfPage\":{\"@id\":\"https:\/\/progettotouring.it\/radiotouring104\/2025\/04\/28\/reggio-il-coordinamento-fdi-cittadino-presenta-il-libro-10-febbraio-dalle-foibe-allesodo\/#primaryimage\"},\"image\":{\"@id\":\"https:\/\/progettotouring.it\/radiotouring104\/2025\/04\/28\/reggio-il-coordinamento-fdi-cittadino-presenta-il-libro-10-febbraio-dalle-foibe-allesodo\/#primaryimage\"},\"thumbnailUrl\":\"https:\/\/progettotouring.it\/radiotouring104\/wp-content\/uploads\/sites\/6\/2023\/09\/FdI.jpg\",\"datePublished\":\"2025-04-28T08:09:22+00:00\",\"description\":\"La presentazione del libro scritto dal Senatore triestino Roberto Menia. si terr\u00e0 domani, alle 18:00. presso l\u2019Hotel Torrione\",\"breadcrumb\":{\"@id\":\"https:\/\/progettotouring.it\/radiotouring104\/2025\/04\/28\/reggio-il-coordinamento-fdi-cittadino-presenta-il-libro-10-febbraio-dalle-foibe-allesodo\/#breadcrumb\"},\"inLanguage\":\"it-IT\",\"potentialAction\":[{\"@type\":\"ReadAction\",\"target\":[\"https:\/\/progettotouring.it\/radiotouring104\/2025\/04\/28\/reggio-il-coordinamento-fdi-cittadino-presenta-il-libro-10-febbraio-dalle-foibe-allesodo\/\"]}]},{\"@type\":\"ImageObject\",\"inLanguage\":\"it-IT\",\"@id\":\"https:\/\/progettotouring.it\/radiotouring104\/2025\/04\/28\/reggio-il-coordinamento-fdi-cittadino-presenta-il-libro-10-febbraio-dalle-foibe-allesodo\/#primaryimage\",\"url\":\"https:\/\/progettotouring.it\/radiotouring104\/wp-content\/uploads\/sites\/6\/2023\/09\/FdI.jpg\",\"contentUrl\":\"https:\/\/progettotouring.it\/radiotouring104\/wp-content\/uploads\/sites\/6\/2023\/09\/FdI.jpg\",\"width\":812,\"height\":800},{\"@type\":\"BreadcrumbList\",\"@id\":\"https:\/\/progettotouring.it\/radiotouring104\/2025\/04\/28\/reggio-il-coordinamento-fdi-cittadino-presenta-il-libro-10-febbraio-dalle-foibe-allesodo\/#breadcrumb\",\"itemListElement\":[{\"@type\":\"ListItem\",\"position\":1,\"name\":\"Home\",\"item\":\"https:\/\/progettotouring.it\/radiotouring104\/\"},{\"@type\":\"ListItem\",\"position\":2,\"name\":\"Reggio: il coordinamento Fdi cittadino presenta il libro \u201c10 FEBBRAIO DALLE FOIBE ALL\u2019ESODO\u201d\"}]},{\"@type\":\"WebSite\",\"@id\":\"https:\/\/progettotouring.it\/radiotouring104\/#website\",\"url\":\"https:\/\/progettotouring.it\/radiotouring104\/\",\"name\":\"Radio Touring 104\",\"description\":\"La prima radio Reggina\",\"publisher\":{\"@id\":\"https:\/\/progettotouring.it\/radiotouring104\/#organization\"},\"potentialAction\":[{\"@type\":\"SearchAction\",\"target\":{\"@type\":\"EntryPoint\",\"urlTemplate\":\"https:\/\/progettotouring.it\/radiotouring104\/?s={search_term_string}\"},\"query-input\":{\"@type\":\"PropertyValueSpecification\",\"valueRequired\":true,\"valueName\":\"search_term_string\"}}],\"inLanguage\":\"it-IT\"},{\"@type\":\"Organization\",\"@id\":\"https:\/\/progettotouring.it\/radiotouring104\/#organization\",\"name\":\"Radio Touring 104\",\"url\":\"https:\/\/progettotouring.it\/radiotouring104\/\",\"logo\":{\"@type\":\"ImageObject\",\"inLanguage\":\"it-IT\",\"@id\":\"https:\/\/progettotouring.it\/radiotouring104\/#\/schema\/logo\/image\/\",\"url\":\"https:\/\/progettotouring.it\/radiotouring104\/wp-content\/uploads\/sites\/6\/2022\/02\/cropped-logo-radio-touring-104.png\",\"contentUrl\":\"https:\/\/progettotouring.it\/radiotouring104\/wp-content\/uploads\/sites\/6\/2022\/02\/cropped-logo-radio-touring-104.png\",\"width\":377,\"height\":182,\"caption\":\"Radio Touring 104\"},\"image\":{\"@id\":\"https:\/\/progettotouring.it\/radiotouring104\/#\/schema\/logo\/image\/\"}},{\"@type\":\"Person\",\"@id\":\"https:\/\/progettotouring.it\/radiotouring104\/#\/schema\/person\/78613917f1851f041f7483f5af1d422e\",\"name\":\"Sebastiano Plutino\",\"image\":{\"@type\":\"ImageObject\",\"inLanguage\":\"it-IT\",\"@id\":\"https:\/\/secure.gravatar.com\/avatar\/0546ffaa9b79224faf9f2a156b67a529ae861d3287c66c1d8ccfdf909bcba78d?s=96&d=mm&r=g\",\"url\":\"https:\/\/secure.gravatar.com\/avatar\/0546ffaa9b79224faf9f2a156b67a529ae861d3287c66c1d8ccfdf909bcba78d?s=96&d=mm&r=g\",\"contentUrl\":\"https:\/\/secure.gravatar.com\/avatar\/0546ffaa9b79224faf9f2a156b67a529ae861d3287c66c1d8ccfdf909bcba78d?s=96&d=mm&r=g\",\"caption\":\"Sebastiano Plutino\"},\"url\":\"https:\/\/progettotouring.it\/radiotouring104\/author\/sebastiano\/\"}]}<\/script>\n<!-- \/ Yoast SEO plugin. -->","yoast_head_json":{"title":"Reggio: il coordinamento Fdi cittadino presenta il libro \u201c10 FEBBRAIO DALLE FOIBE ALL\u2019ESODO\u201d - Radio Touring 104","description":"La presentazione del libro scritto dal Senatore triestino Roberto Menia. si terr\u00e0 domani, alle 18:00. presso l\u2019Hotel Torrione","robots":{"index":"index","follow":"follow","max-snippet":"max-snippet:-1","max-image-preview":"max-image-preview:large","max-video-preview":"max-video-preview:-1"},"canonical":"https:\/\/progettotouring.it\/radiotouring104\/2025\/04\/28\/reggio-il-coordinamento-fdi-cittadino-presenta-il-libro-10-febbraio-dalle-foibe-allesodo\/","og_locale":"it_IT","og_type":"article","og_title":"Reggio: il coordinamento Fdi cittadino presenta il libro \u201c10 FEBBRAIO DALLE FOIBE ALL\u2019ESODO\u201d - Radio Touring 104","og_description":"La presentazione del libro scritto dal Senatore triestino Roberto Menia. si terr\u00e0 domani, alle 18:00. presso l\u2019Hotel Torrione","og_url":"https:\/\/progettotouring.it\/radiotouring104\/2025\/04\/28\/reggio-il-coordinamento-fdi-cittadino-presenta-il-libro-10-febbraio-dalle-foibe-allesodo\/","og_site_name":"Radio Touring 104","article_published_time":"2025-04-28T08:09:22+00:00","og_image":[{"width":812,"height":800,"url":"https:\/\/progettotouring.it\/radiotouring104\/wp-content\/uploads\/sites\/6\/2023\/09\/FdI.jpg","type":"image\/jpeg"}],"author":"Sebastiano Plutino","twitter_card":"summary_large_image","twitter_misc":{"Scritto da":"Sebastiano Plutino","Tempo di lettura stimato":"2 minuti"},"schema":{"@context":"https:\/\/schema.org","@graph":[{"@type":"Article","@id":"https:\/\/progettotouring.it\/radiotouring104\/2025\/04\/28\/reggio-il-coordinamento-fdi-cittadino-presenta-il-libro-10-febbraio-dalle-foibe-allesodo\/#article","isPartOf":{"@id":"https:\/\/progettotouring.it\/radiotouring104\/2025\/04\/28\/reggio-il-coordinamento-fdi-cittadino-presenta-il-libro-10-febbraio-dalle-foibe-allesodo\/"},"author":{"name":"Sebastiano Plutino","@id":"https:\/\/progettotouring.it\/radiotouring104\/#\/schema\/person\/78613917f1851f041f7483f5af1d422e"},"headline":"Reggio: il coordinamento Fdi cittadino presenta il libro \u201c10 FEBBRAIO DALLE FOIBE ALL\u2019ESODO\u201d","datePublished":"2025-04-28T08:09:22+00:00","mainEntityOfPage":{"@id":"https:\/\/progettotouring.it\/radiotouring104\/2025\/04\/28\/reggio-il-coordinamento-fdi-cittadino-presenta-il-libro-10-febbraio-dalle-foibe-allesodo\/"},"wordCount":340,"publisher":{"@id":"https:\/\/progettotouring.it\/radiotouring104\/#organization"},"image":{"@id":"https:\/\/progettotouring.it\/radiotouring104\/2025\/04\/28\/reggio-il-coordinamento-fdi-cittadino-presenta-il-libro-10-febbraio-dalle-foibe-allesodo\/#primaryimage"},"thumbnailUrl":"https:\/\/progettotouring.it\/radiotouring104\/wp-content\/uploads\/sites\/6\/2023\/09\/FdI.jpg","keywords":["\u201c10 FEBBRAIO DALLE FOIBE ALL\u2019ESODO\u201d","FdI Reggio Calabria","Hotel Torrione","presentazione libro","Senatore triestino Roberto Menia."],"articleSection":["Home","News","Reggio Calabria"],"inLanguage":"it-IT"},{"@type":"WebPage","@id":"https:\/\/progettotouring.it\/radiotouring104\/2025\/04\/28\/reggio-il-coordinamento-fdi-cittadino-presenta-il-libro-10-febbraio-dalle-foibe-allesodo\/","url":"https:\/\/progettotouring.it\/radiotouring104\/2025\/04\/28\/reggio-il-coordinamento-fdi-cittadino-presenta-il-libro-10-febbraio-dalle-foibe-allesodo\/","name":"Reggio: il coordinamento Fdi cittadino presenta il libro \u201c10 FEBBRAIO DALLE FOIBE ALL\u2019ESODO\u201d - Radio Touring 104","isPartOf":{"@id":"https:\/\/progettotouring.it\/radiotouring104\/#website"},"primaryImageOfPage":{"@id":"https:\/\/progettotouring.it\/radiotouring104\/2025\/04\/28\/reggio-il-coordinamento-fdi-cittadino-presenta-il-libro-10-febbraio-dalle-foibe-allesodo\/#primaryimage"},"image":{"@id":"https:\/\/progettotouring.it\/radiotouring104\/2025\/04\/28\/reggio-il-coordinamento-fdi-cittadino-presenta-il-libro-10-febbraio-dalle-foibe-allesodo\/#primaryimage"},"thumbnailUrl":"https:\/\/progettotouring.it\/radiotouring104\/wp-content\/uploads\/sites\/6\/2023\/09\/FdI.jpg","datePublished":"2025-04-28T08:09:22+00:00","description":"La presentazione del libro scritto dal Senatore triestino Roberto Menia. si terr\u00e0 domani, alle 18:00. presso l\u2019Hotel Torrione","breadcrumb":{"@id":"https:\/\/progettotouring.it\/radiotouring104\/2025\/04\/28\/reggio-il-coordinamento-fdi-cittadino-presenta-il-libro-10-febbraio-dalle-foibe-allesodo\/#breadcrumb"},"inLanguage":"it-IT","potentialAction":[{"@type":"ReadAction","target":["https:\/\/progettotouring.it\/radiotouring104\/2025\/04\/28\/reggio-il-coordinamento-fdi-cittadino-presenta-il-libro-10-febbraio-dalle-foibe-allesodo\/"]}]},{"@type":"ImageObject","inLanguage":"it-IT","@id":"https:\/\/progettotouring.it\/radiotouring104\/2025\/04\/28\/reggio-il-coordinamento-fdi-cittadino-presenta-il-libro-10-febbraio-dalle-foibe-allesodo\/#primaryimage","url":"https:\/\/progettotouring.it\/radiotouring104\/wp-content\/uploads\/sites\/6\/2023\/09\/FdI.jpg","contentUrl":"https:\/\/progettotouring.it\/radiotouring104\/wp-content\/uploads\/sites\/6\/2023\/09\/FdI.jpg","width":812,"height":800},{"@type":"BreadcrumbList","@id":"https:\/\/progettotouring.it\/radiotouring104\/2025\/04\/28\/reggio-il-coordinamento-fdi-cittadino-presenta-il-libro-10-febbraio-dalle-foibe-allesodo\/#breadcrumb","itemListElement":[{"@type":"ListItem","position":1,"name":"Home","item":"https:\/\/progettotouring.it\/radiotouring104\/"},{"@type":"ListItem","position":2,"name":"Reggio: il coordinamento Fdi cittadino presenta il libro \u201c10 FEBBRAIO DALLE FOIBE ALL\u2019ESODO\u201d"}]},{"@type":"WebSite","@id":"https:\/\/progettotouring.it\/radiotouring104\/#website","url":"https:\/\/progettotouring.it\/radiotouring104\/","name":"Radio Touring 104","description":"La prima radio Reggina","publisher":{"@id":"https:\/\/progettotouring.it\/radiotouring104\/#organization"},"potentialAction":[{"@type":"SearchAction","target":{"@type":"EntryPoint","urlTemplate":"https:\/\/progettotouring.it\/radiotouring104\/?s={search_term_string}"},"query-input":{"@type":"PropertyValueSpecification","valueRequired":true,"valueName":"search_term_string"}}],"inLanguage":"it-IT"},{"@type":"Organization","@id":"https:\/\/progettotouring.it\/radiotouring104\/#organization","name":"Radio Touring 104","url":"https:\/\/progettotouring.it\/radiotouring104\/","logo":{"@type":"ImageObject","inLanguage":"it-IT","@id":"https:\/\/progettotouring.it\/radiotouring104\/#\/schema\/logo\/image\/","url":"https:\/\/progettotouring.it\/radiotouring104\/wp-content\/uploads\/sites\/6\/2022\/02\/cropped-logo-radio-touring-104.png","contentUrl":"https:\/\/progettotouring.it\/radiotouring104\/wp-content\/uploads\/sites\/6\/2022\/02\/cropped-logo-radio-touring-104.png","width":377,"height":182,"caption":"Radio Touring 104"},"image":{"@id":"https:\/\/progettotouring.it\/radiotouring104\/#\/schema\/logo\/image\/"}},{"@type":"Person","@id":"https:\/\/progettotouring.it\/radiotouring104\/#\/schema\/person\/78613917f1851f041f7483f5af1d422e","name":"Sebastiano Plutino","image":{"@type":"ImageObject","inLanguage":"it-IT","@id":"https:\/\/secure.gravatar.com\/avatar\/0546ffaa9b79224faf9f2a156b67a529ae861d3287c66c1d8ccfdf909bcba78d?s=96&d=mm&r=g","url":"https:\/\/secure.gravatar.com\/avatar\/0546ffaa9b79224faf9f2a156b67a529ae861d3287c66c1d8ccfdf909bcba78d?s=96&d=mm&r=g","contentUrl":"https:\/\/secure.gravatar.com\/avatar\/0546ffaa9b79224faf9f2a156b67a529ae861d3287c66c1d8ccfdf909bcba78d?s=96&d=mm&r=g","caption":"Sebastiano Plutino"},"url":"https:\/\/progettotouring.it\/radiotouring104\/author\/sebastiano\/"}]}},"jetpack_publicize_connections":[],"jetpack_featured_media_url":"https:\/\/progettotouring.it\/radiotouring104\/wp-content\/uploads\/sites\/6\/2023\/09\/FdI.jpg","jetpack_sharing_enabled":true,"_links":{"self":[{"href":"https:\/\/progettotouring.it\/radiotouring104\/wp-json\/wp\/v2\/posts\/72238","targetHints":{"allow":["GET"]}}],"collection":[{"href":"https:\/\/progettotouring.it\/radiotouring104\/wp-json\/wp\/v2\/posts"}],"about":[{"href":"https:\/\/progettotouring.it\/radiotouring104\/wp-json\/wp\/v2\/types\/post"}],"author":[{"embeddable":true,"href":"https:\/\/progettotouring.it\/radiotouring104\/wp-json\/wp\/v2\/users\/12"}],"replies":[{"embeddable":true,"href":"https:\/\/progettotouring.it\/radiotouring104\/wp-json\/wp\/v2\/comments?post=72238"}],"version-history":[{"count":1,"href":"https:\/\/progettotouring.it\/radiotouring104\/wp-json\/wp\/v2\/posts\/72238\/revisions"}],"predecessor-version":[{"id":72239,"href":"https:\/\/progettotouring.it\/radiotouring104\/wp-json\/wp\/v2\/posts\/72238\/revisions\/72239"}],"wp:featuredmedia":[{"embeddable":true,"href":"https:\/\/progettotouring.it\/radiotouring104\/wp-json\/wp\/v2\/media\/35284"}],"wp:attachment":[{"href":"https:\/\/progettotouring.it\/radiotouring104\/wp-json\/wp\/v2\/media?parent=72238"}],"wp:term":[{"taxonomy":"category","embeddable":true,"href":"https:\/\/progettotouring.it\/radiotouring104\/wp-json\/wp\/v2\/categories?post=72238"},{"taxonomy":"post_tag","embeddable":true,"href":"https:\/\/progettotouring.it\/radiotouring104\/wp-json\/wp\/v2\/tags?post=72238"}],"curies":[{"name":"wp","href":"https:\/\/api.w.org\/{rel}","templated":true}]}}