{"id":72270,"date":"2025-04-28T12:56:06","date_gmt":"2025-04-28T10:56:06","guid":{"rendered":"https:\/\/progettotouring.it\/radiotouring104\/?p=72270"},"modified":"2025-04-28T12:56:06","modified_gmt":"2025-04-28T10:56:06","slug":"taurianova-ecco-le-anticipazioni-dellinfiorata","status":"publish","type":"post","link":"https:\/\/progettotouring.it\/radiotouring104\/2025\/04\/28\/taurianova-ecco-le-anticipazioni-dellinfiorata\/","title":{"rendered":"Taurianova: ecco le anticipazioni dell&#8217;Infiorata"},"content":{"rendered":"<p style=\"text-align: justify\">Torna uno degli eventi pi\u00f9 attesi dell&#8217;anno: dal 6 all&#8217;8 giugno, Taurianova si trasformer\u00e0 in un grande giardino artistico con la VII edizione della sua celebre Infiorata. Una tre giorni che promette di incantare visitatori da tutta la Calabria e non solo, tra tappeti di fiori, arte, musica e sapori della tradizione. Dopo l\u2019annuncio ufficiale delle date e del tema scelto per il 2025, crescono la curiosit\u00e0 e l&#8217;entusiasmo intorno a quello che si preannuncia come un evento ricco di emozioni e novit\u00e0. In attesa del programma definitivo, ecco alcune anticipazioni che gi\u00e0 fanno sognare.<\/p>\n<p style=\"text-align: justify\">Si partir\u00e0 venerd\u00ec 6 giugno: dalle ore 17.00 i maestri infioratori daranno il via ai lavori lungo viale XXIV Maggio, iniziando a comporre i meravigliosi bozzetti inediti. Saranno oltre 120 gli artisti impegnati nella realizzazione dei quadri floreali. La serata si accender\u00e0 con il grande concerto alla Villa Comunale Fava, dove circa 200 ragazzi delle scuole medie della provincia di Reggio Calabria si esibiranno in un\u2019emozionante performance musicale. A seguire, sar\u00e0 il momento della tradizione con il raduno della Tarantella Calabrese, coordinato da Antonio Cocciolo e con la presenza straordinaria del giovanissimo Carlo Coppola che presenter\u00e0 il suo nuovo disco e che insieme animeranno viale XXIV Maggio in una festa di suoni e danze popolari. La musica continuer\u00e0 tutta la notte grazie all\u2019energia live di Giulio Candido, pronto a far ballare e cantare il pubblico. Per i giorni successivi, le anticipazioni parlano di un programma denso di appuntamenti imperdibili: sabato 7 giugno, attesissima la presenza dell\u2019attore Francesco Testi, noto volto della fiction \u201cL\u2019Onore e il Rispetto\u201d, che parteciper\u00e0 al tradizionale taglio del nastro. A rendere ancora pi\u00f9 suggestiva l\u2019atmosfera contribuiranno i Tamburi di Buccheri con i loro ritmi tribali e gli straordinari spettacoli degli artisti di strada, capaci di sorprendere grandi e piccini. Al calar della sera, uno degli eventi pi\u00f9 attesi: il Video Mapping 3D sulla facciata della Chiesa Maria SS delle Grazie, che trasformer\u00e0 la strruttura in uno spettacolo emozionante e immersivo.<\/p>\n<p style=\"text-align: justify\">Domenica 8 giugno sar\u00e0 una giornata tutta dedicata alle famiglie, ai bambini e all&#8217;incontro con i protagonisti del piccolo schermo: tra i viali fioriti si potranno incontrare infatti Alex Belli e Delia Duran, volti noti delle fiction e dei reality televisivi, pronti a regalare sorrisi e foto ricordo ai visitatori. A chiudere in bellezza la manifestazione, un grande spettacolo piromusicale in Piazza Italia e il tradizionale \u201cSpallamento dell\u2019Infiorata\u201d, con la gioiosa corsa dei bambini sui tappeti floreali. Durante tutto il weekend, oltre ad ammirare i 20 straordinari quadri floreali, sar\u00e0 possibile visitare esposizioni artistiche di grande rilievo: tra queste, le opere del Maestro Vincenzo Ferraro, artista di fama internazionale della ceramica calabrese, e la mostra esclusiva della celebre artista Maria Morgante, dedicata al tema universale dell\u2019Amicizia. Non mancheranno naturalmente i sapori: ogni sera l\u2019area Street Food offrir\u00e0 il meglio della gastronomia calabrese, tra musica dal vivo, emozioni culinarie e l\u2019inconfondibile dolcezza dei gelati e delle specialit\u00e0 artigianali che rendono famosa Taurianova. Il programma ufficiale e completo sar\u00e0 diffuso nei prossimi giorni. Continuate a seguirci sui nostri canali social per non perdere nessuna novit\u00e0. #InfiorataTaurianova2025<\/p>\n","protected":false},"excerpt":{"rendered":"<p>Torna uno degli eventi pi\u00f9 attesi dell&#8217;anno: dal 6 all&#8217;8 giugno, Taurianova si trasformer\u00e0 in un grande giardino artistico con la VII edizione della sua celebre Infiorata. Una tre giorni&hellip;<\/p>\n","protected":false},"author":12,"featured_media":72271,"comment_status":"closed","ping_status":"open","sticky":false,"template":"","format":"standard","meta":{"_jetpack_memberships_contains_paid_content":false,"footnotes":"","jetpack_publicize_message":"","jetpack_publicize_feature_enabled":true,"jetpack_social_post_already_shared":true,"jetpack_social_options":{"image_generator_settings":{"template":"highway","default_image_id":0,"font":"","enabled":false},"version":2}},"categories":[921,196,140],"tags":[42916,31993,869,42917,515,226],"class_list":["post-72270","post","type-post","status-publish","format-standard","has-post-thumbnail","hentry","category-home","category-news","category-reggio-calabria","tag-anticipazioni","tag-infiorata","tag-musica","tag-sapori","tag-taurianova","tag-vincenzo-furfaro"],"yoast_head":"<!-- This site is optimized with the Yoast SEO plugin v27.2 - https:\/\/yoast.com\/product\/yoast-seo-wordpress\/ -->\n<title>Taurianova: ecco le anticipazioni dell&#039;Infiorata<\/title>\n<meta name=\"description\" content=\"La tre giorni, dal 6 all&#039;8 giugno, che incanter\u00e0 visitatori da tutta la Calabria, tra tappeti di fiori, arte, musica\" \/>\n<meta name=\"robots\" content=\"index, follow, max-snippet:-1, max-image-preview:large, max-video-preview:-1\" \/>\n<link rel=\"canonical\" href=\"https:\/\/progettotouring.it\/radiotouring104\/2025\/04\/28\/taurianova-ecco-le-anticipazioni-dellinfiorata\/\" \/>\n<meta property=\"og:locale\" content=\"it_IT\" \/>\n<meta property=\"og:type\" content=\"article\" \/>\n<meta property=\"og:title\" content=\"Taurianova: ecco le anticipazioni dell&#039;Infiorata\" \/>\n<meta property=\"og:description\" content=\"La tre giorni, dal 6 all&#039;8 giugno, che incanter\u00e0 visitatori da tutta la Calabria, tra tappeti di fiori, arte, musica\" \/>\n<meta property=\"og:url\" content=\"https:\/\/progettotouring.it\/radiotouring104\/2025\/04\/28\/taurianova-ecco-le-anticipazioni-dellinfiorata\/\" \/>\n<meta property=\"og:site_name\" content=\"Radio Touring 104\" \/>\n<meta property=\"article:published_time\" content=\"2025-04-28T10:56:06+00:00\" \/>\n<meta property=\"og:image\" content=\"https:\/\/progettotouring.it\/radiotouring104\/wp-content\/uploads\/sites\/6\/2025\/04\/Infiorata-Taurianova-2025-1.jpg\" \/>\n\t<meta property=\"og:image:width\" content=\"1080\" \/>\n\t<meta property=\"og:image:height\" content=\"1350\" \/>\n\t<meta property=\"og:image:type\" content=\"image\/jpeg\" \/>\n<meta name=\"author\" content=\"Sebastiano Plutino\" \/>\n<meta name=\"twitter:card\" content=\"summary_large_image\" \/>\n<meta name=\"twitter:label1\" content=\"Scritto da\" \/>\n\t<meta name=\"twitter:data1\" content=\"Sebastiano Plutino\" \/>\n\t<meta name=\"twitter:label2\" content=\"Tempo di lettura stimato\" \/>\n\t<meta name=\"twitter:data2\" content=\"3 minuti\" \/>\n<script type=\"application\/ld+json\" class=\"yoast-schema-graph\">{\"@context\":\"https:\/\/schema.org\",\"@graph\":[{\"@type\":\"Article\",\"@id\":\"https:\/\/progettotouring.it\/radiotouring104\/2025\/04\/28\/taurianova-ecco-le-anticipazioni-dellinfiorata\/#article\",\"isPartOf\":{\"@id\":\"https:\/\/progettotouring.it\/radiotouring104\/2025\/04\/28\/taurianova-ecco-le-anticipazioni-dellinfiorata\/\"},\"author\":{\"name\":\"Sebastiano Plutino\",\"@id\":\"https:\/\/progettotouring.it\/radiotouring104\/#\/schema\/person\/78613917f1851f041f7483f5af1d422e\"},\"headline\":\"Taurianova: ecco le anticipazioni dell&#8217;Infiorata\",\"datePublished\":\"2025-04-28T10:56:06+00:00\",\"mainEntityOfPage\":{\"@id\":\"https:\/\/progettotouring.it\/radiotouring104\/2025\/04\/28\/taurianova-ecco-le-anticipazioni-dellinfiorata\/\"},\"wordCount\":519,\"publisher\":{\"@id\":\"https:\/\/progettotouring.it\/radiotouring104\/#organization\"},\"image\":{\"@id\":\"https:\/\/progettotouring.it\/radiotouring104\/2025\/04\/28\/taurianova-ecco-le-anticipazioni-dellinfiorata\/#primaryimage\"},\"thumbnailUrl\":\"https:\/\/progettotouring.it\/radiotouring104\/wp-content\/uploads\/sites\/6\/2025\/04\/Infiorata-Taurianova-2025-1.jpg\",\"keywords\":[\"anticipazioni\",\"infiorata\",\"musica\",\"sapori\",\"Taurianova\",\"vincenzo furfaro\"],\"articleSection\":[\"Home\",\"News\",\"Reggio Calabria\"],\"inLanguage\":\"it-IT\"},{\"@type\":\"WebPage\",\"@id\":\"https:\/\/progettotouring.it\/radiotouring104\/2025\/04\/28\/taurianova-ecco-le-anticipazioni-dellinfiorata\/\",\"url\":\"https:\/\/progettotouring.it\/radiotouring104\/2025\/04\/28\/taurianova-ecco-le-anticipazioni-dellinfiorata\/\",\"name\":\"Taurianova: ecco le anticipazioni dell'Infiorata\",\"isPartOf\":{\"@id\":\"https:\/\/progettotouring.it\/radiotouring104\/#website\"},\"primaryImageOfPage\":{\"@id\":\"https:\/\/progettotouring.it\/radiotouring104\/2025\/04\/28\/taurianova-ecco-le-anticipazioni-dellinfiorata\/#primaryimage\"},\"image\":{\"@id\":\"https:\/\/progettotouring.it\/radiotouring104\/2025\/04\/28\/taurianova-ecco-le-anticipazioni-dellinfiorata\/#primaryimage\"},\"thumbnailUrl\":\"https:\/\/progettotouring.it\/radiotouring104\/wp-content\/uploads\/sites\/6\/2025\/04\/Infiorata-Taurianova-2025-1.jpg\",\"datePublished\":\"2025-04-28T10:56:06+00:00\",\"description\":\"La tre giorni, dal 6 all'8 giugno, che incanter\u00e0 visitatori da tutta la Calabria, tra tappeti di fiori, arte, musica\",\"breadcrumb\":{\"@id\":\"https:\/\/progettotouring.it\/radiotouring104\/2025\/04\/28\/taurianova-ecco-le-anticipazioni-dellinfiorata\/#breadcrumb\"},\"inLanguage\":\"it-IT\",\"potentialAction\":[{\"@type\":\"ReadAction\",\"target\":[\"https:\/\/progettotouring.it\/radiotouring104\/2025\/04\/28\/taurianova-ecco-le-anticipazioni-dellinfiorata\/\"]}]},{\"@type\":\"ImageObject\",\"inLanguage\":\"it-IT\",\"@id\":\"https:\/\/progettotouring.it\/radiotouring104\/2025\/04\/28\/taurianova-ecco-le-anticipazioni-dellinfiorata\/#primaryimage\",\"url\":\"https:\/\/progettotouring.it\/radiotouring104\/wp-content\/uploads\/sites\/6\/2025\/04\/Infiorata-Taurianova-2025-1.jpg\",\"contentUrl\":\"https:\/\/progettotouring.it\/radiotouring104\/wp-content\/uploads\/sites\/6\/2025\/04\/Infiorata-Taurianova-2025-1.jpg\",\"width\":1080,\"height\":1350},{\"@type\":\"BreadcrumbList\",\"@id\":\"https:\/\/progettotouring.it\/radiotouring104\/2025\/04\/28\/taurianova-ecco-le-anticipazioni-dellinfiorata\/#breadcrumb\",\"itemListElement\":[{\"@type\":\"ListItem\",\"position\":1,\"name\":\"Home\",\"item\":\"https:\/\/progettotouring.it\/radiotouring104\/\"},{\"@type\":\"ListItem\",\"position\":2,\"name\":\"Taurianova: ecco le anticipazioni dell&#8217;Infiorata\"}]},{\"@type\":\"WebSite\",\"@id\":\"https:\/\/progettotouring.it\/radiotouring104\/#website\",\"url\":\"https:\/\/progettotouring.it\/radiotouring104\/\",\"name\":\"Radio Touring 104\",\"description\":\"La prima radio Reggina\",\"publisher\":{\"@id\":\"https:\/\/progettotouring.it\/radiotouring104\/#organization\"},\"potentialAction\":[{\"@type\":\"SearchAction\",\"target\":{\"@type\":\"EntryPoint\",\"urlTemplate\":\"https:\/\/progettotouring.it\/radiotouring104\/?s={search_term_string}\"},\"query-input\":{\"@type\":\"PropertyValueSpecification\",\"valueRequired\":true,\"valueName\":\"search_term_string\"}}],\"inLanguage\":\"it-IT\"},{\"@type\":\"Organization\",\"@id\":\"https:\/\/progettotouring.it\/radiotouring104\/#organization\",\"name\":\"Radio Touring 104\",\"url\":\"https:\/\/progettotouring.it\/radiotouring104\/\",\"logo\":{\"@type\":\"ImageObject\",\"inLanguage\":\"it-IT\",\"@id\":\"https:\/\/progettotouring.it\/radiotouring104\/#\/schema\/logo\/image\/\",\"url\":\"https:\/\/progettotouring.it\/radiotouring104\/wp-content\/uploads\/sites\/6\/2022\/02\/cropped-logo-radio-touring-104.png\",\"contentUrl\":\"https:\/\/progettotouring.it\/radiotouring104\/wp-content\/uploads\/sites\/6\/2022\/02\/cropped-logo-radio-touring-104.png\",\"width\":377,\"height\":182,\"caption\":\"Radio Touring 104\"},\"image\":{\"@id\":\"https:\/\/progettotouring.it\/radiotouring104\/#\/schema\/logo\/image\/\"}},{\"@type\":\"Person\",\"@id\":\"https:\/\/progettotouring.it\/radiotouring104\/#\/schema\/person\/78613917f1851f041f7483f5af1d422e\",\"name\":\"Sebastiano Plutino\",\"image\":{\"@type\":\"ImageObject\",\"inLanguage\":\"it-IT\",\"@id\":\"https:\/\/secure.gravatar.com\/avatar\/0546ffaa9b79224faf9f2a156b67a529ae861d3287c66c1d8ccfdf909bcba78d?s=96&d=mm&r=g\",\"url\":\"https:\/\/secure.gravatar.com\/avatar\/0546ffaa9b79224faf9f2a156b67a529ae861d3287c66c1d8ccfdf909bcba78d?s=96&d=mm&r=g\",\"contentUrl\":\"https:\/\/secure.gravatar.com\/avatar\/0546ffaa9b79224faf9f2a156b67a529ae861d3287c66c1d8ccfdf909bcba78d?s=96&d=mm&r=g\",\"caption\":\"Sebastiano Plutino\"},\"url\":\"https:\/\/progettotouring.it\/radiotouring104\/author\/sebastiano\/\"}]}<\/script>\n<!-- \/ Yoast SEO plugin. -->","yoast_head_json":{"title":"Taurianova: ecco le anticipazioni dell'Infiorata","description":"La tre giorni, dal 6 all'8 giugno, che incanter\u00e0 visitatori da tutta la Calabria, tra tappeti di fiori, arte, musica","robots":{"index":"index","follow":"follow","max-snippet":"max-snippet:-1","max-image-preview":"max-image-preview:large","max-video-preview":"max-video-preview:-1"},"canonical":"https:\/\/progettotouring.it\/radiotouring104\/2025\/04\/28\/taurianova-ecco-le-anticipazioni-dellinfiorata\/","og_locale":"it_IT","og_type":"article","og_title":"Taurianova: ecco le anticipazioni dell'Infiorata","og_description":"La tre giorni, dal 6 all'8 giugno, che incanter\u00e0 visitatori da tutta la Calabria, tra tappeti di fiori, arte, musica","og_url":"https:\/\/progettotouring.it\/radiotouring104\/2025\/04\/28\/taurianova-ecco-le-anticipazioni-dellinfiorata\/","og_site_name":"Radio Touring 104","article_published_time":"2025-04-28T10:56:06+00:00","og_image":[{"width":1080,"height":1350,"url":"https:\/\/progettotouring.it\/radiotouring104\/wp-content\/uploads\/sites\/6\/2025\/04\/Infiorata-Taurianova-2025-1.jpg","type":"image\/jpeg"}],"author":"Sebastiano Plutino","twitter_card":"summary_large_image","twitter_misc":{"Scritto da":"Sebastiano Plutino","Tempo di lettura stimato":"3 minuti"},"schema":{"@context":"https:\/\/schema.org","@graph":[{"@type":"Article","@id":"https:\/\/progettotouring.it\/radiotouring104\/2025\/04\/28\/taurianova-ecco-le-anticipazioni-dellinfiorata\/#article","isPartOf":{"@id":"https:\/\/progettotouring.it\/radiotouring104\/2025\/04\/28\/taurianova-ecco-le-anticipazioni-dellinfiorata\/"},"author":{"name":"Sebastiano Plutino","@id":"https:\/\/progettotouring.it\/radiotouring104\/#\/schema\/person\/78613917f1851f041f7483f5af1d422e"},"headline":"Taurianova: ecco le anticipazioni dell&#8217;Infiorata","datePublished":"2025-04-28T10:56:06+00:00","mainEntityOfPage":{"@id":"https:\/\/progettotouring.it\/radiotouring104\/2025\/04\/28\/taurianova-ecco-le-anticipazioni-dellinfiorata\/"},"wordCount":519,"publisher":{"@id":"https:\/\/progettotouring.it\/radiotouring104\/#organization"},"image":{"@id":"https:\/\/progettotouring.it\/radiotouring104\/2025\/04\/28\/taurianova-ecco-le-anticipazioni-dellinfiorata\/#primaryimage"},"thumbnailUrl":"https:\/\/progettotouring.it\/radiotouring104\/wp-content\/uploads\/sites\/6\/2025\/04\/Infiorata-Taurianova-2025-1.jpg","keywords":["anticipazioni","infiorata","musica","sapori","Taurianova","vincenzo furfaro"],"articleSection":["Home","News","Reggio Calabria"],"inLanguage":"it-IT"},{"@type":"WebPage","@id":"https:\/\/progettotouring.it\/radiotouring104\/2025\/04\/28\/taurianova-ecco-le-anticipazioni-dellinfiorata\/","url":"https:\/\/progettotouring.it\/radiotouring104\/2025\/04\/28\/taurianova-ecco-le-anticipazioni-dellinfiorata\/","name":"Taurianova: ecco le anticipazioni dell'Infiorata","isPartOf":{"@id":"https:\/\/progettotouring.it\/radiotouring104\/#website"},"primaryImageOfPage":{"@id":"https:\/\/progettotouring.it\/radiotouring104\/2025\/04\/28\/taurianova-ecco-le-anticipazioni-dellinfiorata\/#primaryimage"},"image":{"@id":"https:\/\/progettotouring.it\/radiotouring104\/2025\/04\/28\/taurianova-ecco-le-anticipazioni-dellinfiorata\/#primaryimage"},"thumbnailUrl":"https:\/\/progettotouring.it\/radiotouring104\/wp-content\/uploads\/sites\/6\/2025\/04\/Infiorata-Taurianova-2025-1.jpg","datePublished":"2025-04-28T10:56:06+00:00","description":"La tre giorni, dal 6 all'8 giugno, che incanter\u00e0 visitatori da tutta la Calabria, tra tappeti di fiori, arte, musica","breadcrumb":{"@id":"https:\/\/progettotouring.it\/radiotouring104\/2025\/04\/28\/taurianova-ecco-le-anticipazioni-dellinfiorata\/#breadcrumb"},"inLanguage":"it-IT","potentialAction":[{"@type":"ReadAction","target":["https:\/\/progettotouring.it\/radiotouring104\/2025\/04\/28\/taurianova-ecco-le-anticipazioni-dellinfiorata\/"]}]},{"@type":"ImageObject","inLanguage":"it-IT","@id":"https:\/\/progettotouring.it\/radiotouring104\/2025\/04\/28\/taurianova-ecco-le-anticipazioni-dellinfiorata\/#primaryimage","url":"https:\/\/progettotouring.it\/radiotouring104\/wp-content\/uploads\/sites\/6\/2025\/04\/Infiorata-Taurianova-2025-1.jpg","contentUrl":"https:\/\/progettotouring.it\/radiotouring104\/wp-content\/uploads\/sites\/6\/2025\/04\/Infiorata-Taurianova-2025-1.jpg","width":1080,"height":1350},{"@type":"BreadcrumbList","@id":"https:\/\/progettotouring.it\/radiotouring104\/2025\/04\/28\/taurianova-ecco-le-anticipazioni-dellinfiorata\/#breadcrumb","itemListElement":[{"@type":"ListItem","position":1,"name":"Home","item":"https:\/\/progettotouring.it\/radiotouring104\/"},{"@type":"ListItem","position":2,"name":"Taurianova: ecco le anticipazioni dell&#8217;Infiorata"}]},{"@type":"WebSite","@id":"https:\/\/progettotouring.it\/radiotouring104\/#website","url":"https:\/\/progettotouring.it\/radiotouring104\/","name":"Radio Touring 104","description":"La prima radio Reggina","publisher":{"@id":"https:\/\/progettotouring.it\/radiotouring104\/#organization"},"potentialAction":[{"@type":"SearchAction","target":{"@type":"EntryPoint","urlTemplate":"https:\/\/progettotouring.it\/radiotouring104\/?s={search_term_string}"},"query-input":{"@type":"PropertyValueSpecification","valueRequired":true,"valueName":"search_term_string"}}],"inLanguage":"it-IT"},{"@type":"Organization","@id":"https:\/\/progettotouring.it\/radiotouring104\/#organization","name":"Radio Touring 104","url":"https:\/\/progettotouring.it\/radiotouring104\/","logo":{"@type":"ImageObject","inLanguage":"it-IT","@id":"https:\/\/progettotouring.it\/radiotouring104\/#\/schema\/logo\/image\/","url":"https:\/\/progettotouring.it\/radiotouring104\/wp-content\/uploads\/sites\/6\/2022\/02\/cropped-logo-radio-touring-104.png","contentUrl":"https:\/\/progettotouring.it\/radiotouring104\/wp-content\/uploads\/sites\/6\/2022\/02\/cropped-logo-radio-touring-104.png","width":377,"height":182,"caption":"Radio Touring 104"},"image":{"@id":"https:\/\/progettotouring.it\/radiotouring104\/#\/schema\/logo\/image\/"}},{"@type":"Person","@id":"https:\/\/progettotouring.it\/radiotouring104\/#\/schema\/person\/78613917f1851f041f7483f5af1d422e","name":"Sebastiano Plutino","image":{"@type":"ImageObject","inLanguage":"it-IT","@id":"https:\/\/secure.gravatar.com\/avatar\/0546ffaa9b79224faf9f2a156b67a529ae861d3287c66c1d8ccfdf909bcba78d?s=96&d=mm&r=g","url":"https:\/\/secure.gravatar.com\/avatar\/0546ffaa9b79224faf9f2a156b67a529ae861d3287c66c1d8ccfdf909bcba78d?s=96&d=mm&r=g","contentUrl":"https:\/\/secure.gravatar.com\/avatar\/0546ffaa9b79224faf9f2a156b67a529ae861d3287c66c1d8ccfdf909bcba78d?s=96&d=mm&r=g","caption":"Sebastiano Plutino"},"url":"https:\/\/progettotouring.it\/radiotouring104\/author\/sebastiano\/"}]}},"jetpack_publicize_connections":[],"jetpack_featured_media_url":"https:\/\/progettotouring.it\/radiotouring104\/wp-content\/uploads\/sites\/6\/2025\/04\/Infiorata-Taurianova-2025-1.jpg","jetpack_sharing_enabled":true,"_links":{"self":[{"href":"https:\/\/progettotouring.it\/radiotouring104\/wp-json\/wp\/v2\/posts\/72270","targetHints":{"allow":["GET"]}}],"collection":[{"href":"https:\/\/progettotouring.it\/radiotouring104\/wp-json\/wp\/v2\/posts"}],"about":[{"href":"https:\/\/progettotouring.it\/radiotouring104\/wp-json\/wp\/v2\/types\/post"}],"author":[{"embeddable":true,"href":"https:\/\/progettotouring.it\/radiotouring104\/wp-json\/wp\/v2\/users\/12"}],"replies":[{"embeddable":true,"href":"https:\/\/progettotouring.it\/radiotouring104\/wp-json\/wp\/v2\/comments?post=72270"}],"version-history":[{"count":1,"href":"https:\/\/progettotouring.it\/radiotouring104\/wp-json\/wp\/v2\/posts\/72270\/revisions"}],"predecessor-version":[{"id":72272,"href":"https:\/\/progettotouring.it\/radiotouring104\/wp-json\/wp\/v2\/posts\/72270\/revisions\/72272"}],"wp:featuredmedia":[{"embeddable":true,"href":"https:\/\/progettotouring.it\/radiotouring104\/wp-json\/wp\/v2\/media\/72271"}],"wp:attachment":[{"href":"https:\/\/progettotouring.it\/radiotouring104\/wp-json\/wp\/v2\/media?parent=72270"}],"wp:term":[{"taxonomy":"category","embeddable":true,"href":"https:\/\/progettotouring.it\/radiotouring104\/wp-json\/wp\/v2\/categories?post=72270"},{"taxonomy":"post_tag","embeddable":true,"href":"https:\/\/progettotouring.it\/radiotouring104\/wp-json\/wp\/v2\/tags?post=72270"}],"curies":[{"name":"wp","href":"https:\/\/api.w.org\/{rel}","templated":true}]}}