{"id":72304,"date":"2025-04-29T01:04:50","date_gmt":"2025-04-28T23:04:50","guid":{"rendered":"https:\/\/progettotouring.it\/radiotouring104\/?p=72304"},"modified":"2025-04-29T01:04:50","modified_gmt":"2025-04-28T23:04:50","slug":"conclusa-la-prima-edizione-del-reggio-calabria-street-food-fest-vince-il-cannolo-di-piana-degli-albanesi","status":"publish","type":"post","link":"https:\/\/progettotouring.it\/radiotouring104\/2025\/04\/29\/conclusa-la-prima-edizione-del-reggio-calabria-street-food-fest-vince-il-cannolo-di-piana-degli-albanesi\/","title":{"rendered":"Conclusa la prima edizione del \u201cReggio Calabria Street Food Fest\u201d: vince il Cannolo di Piana degli Albanesi"},"content":{"rendered":"<p class=\"xmprfx_MsoNormal\" align=\"center\"><b>\u00a0<\/b><\/p>\n<p class=\"xmprfx_MsoNormal\">Chiusura che conferma il grandissimo successo della prima edizione del\u00a0<b>\u201cReggio Calabria Street Food Fest\u201d<\/b>.<\/p>\n<p class=\"xmprfx_MsoNormal\">Anche domenica il lungomare \u2018Falcomat\u00e0\u2019 \u00e8 stato invaso da migliaia di visitatori che hanno scelto il gusto, l\u2019approfondimento sul territorio, le economie locali e il divertimento degli spettacoli e della musica.<\/p>\n<p><em><img fetchpriority=\"high\" decoding=\"async\" class=\"alignnone size-medium wp-image-72308\" src=\"https:\/\/progettotouring.it\/radiotouring104\/wp-content\/uploads\/sites\/6\/2025\/04\/03_Il-lungomare-affollatissimo-300x200.jpg\" alt=\"\" width=\"300\" height=\"200\" srcset=\"https:\/\/progettotouring.it\/radiotouring104\/wp-content\/uploads\/sites\/6\/2025\/04\/03_Il-lungomare-affollatissimo-300x200.jpg 300w, https:\/\/progettotouring.it\/radiotouring104\/wp-content\/uploads\/sites\/6\/2025\/04\/03_Il-lungomare-affollatissimo-1024x683.jpg 1024w, https:\/\/progettotouring.it\/radiotouring104\/wp-content\/uploads\/sites\/6\/2025\/04\/03_Il-lungomare-affollatissimo-768x512.jpg 768w, https:\/\/progettotouring.it\/radiotouring104\/wp-content\/uploads\/sites\/6\/2025\/04\/03_Il-lungomare-affollatissimo-1170x780.jpg 1170w, https:\/\/progettotouring.it\/radiotouring104\/wp-content\/uploads\/sites\/6\/2025\/04\/03_Il-lungomare-affollatissimo-585x390.jpg 585w, https:\/\/progettotouring.it\/radiotouring104\/wp-content\/uploads\/sites\/6\/2025\/04\/03_Il-lungomare-affollatissimo-263x175.jpg 263w, https:\/\/progettotouring.it\/radiotouring104\/wp-content\/uploads\/sites\/6\/2025\/04\/03_Il-lungomare-affollatissimo.jpg 1200w\" sizes=\"(max-width: 300px) 100vw, 300px\" \/><\/em><\/p>\n<p class=\"xmprfx_MsoNormal\">Il format ideato da Eventivamente di Alberto Palella \u00e8 stato apprezzatissimo dal pubblico ma anche dagli operatori di settori: chef, gelatieri, esperti e giornalisti calabresi e non che, grazie al press tour organizzato, hanno avuto la possibilit\u00e0 di conoscere un comprensorio dalle straordinarie e sorprendenti risorse, dove operano aziende di altissimo livello e con imprenditori carichi di passione.<\/p>\n<p class=\"xmprfx_MsoNormal\">A vincere l\u2019edizione 2025 nella classifica degli street fooder e proposte preferite dalla gente,\u00a0<b>il Cannolo di Piana degli Albanesi dell\u2019Artigiano del gusto<\/b>. Secondi classificati\u00a0<b>i Pitoni della Pitoneria Portella di Messina; al terzo posto i Churros di Punta Piana di Palmi. Premi speciali sono stati assegnati a Peterland &#8211; Wrap con pesce spada al Bergamotto; Tom street lab 2.4 &#8211; Panino con polpo.<\/b><\/p>\n<p><em><img decoding=\"async\" class=\"alignnone size-medium wp-image-72306\" src=\"https:\/\/progettotouring.it\/radiotouring104\/wp-content\/uploads\/sites\/6\/2025\/04\/01_fot-vincitori_Artigiano-del-Gusto-Cannolo-di-Piana-degli-Albanesi-300x200.jpg\" alt=\"\" width=\"300\" height=\"200\" srcset=\"https:\/\/progettotouring.it\/radiotouring104\/wp-content\/uploads\/sites\/6\/2025\/04\/01_fot-vincitori_Artigiano-del-Gusto-Cannolo-di-Piana-degli-Albanesi-300x200.jpg 300w, https:\/\/progettotouring.it\/radiotouring104\/wp-content\/uploads\/sites\/6\/2025\/04\/01_fot-vincitori_Artigiano-del-Gusto-Cannolo-di-Piana-degli-Albanesi-1024x683.jpg 1024w, https:\/\/progettotouring.it\/radiotouring104\/wp-content\/uploads\/sites\/6\/2025\/04\/01_fot-vincitori_Artigiano-del-Gusto-Cannolo-di-Piana-degli-Albanesi-768x512.jpg 768w, https:\/\/progettotouring.it\/radiotouring104\/wp-content\/uploads\/sites\/6\/2025\/04\/01_fot-vincitori_Artigiano-del-Gusto-Cannolo-di-Piana-degli-Albanesi-1170x780.jpg 1170w, https:\/\/progettotouring.it\/radiotouring104\/wp-content\/uploads\/sites\/6\/2025\/04\/01_fot-vincitori_Artigiano-del-Gusto-Cannolo-di-Piana-degli-Albanesi-585x390.jpg 585w, https:\/\/progettotouring.it\/radiotouring104\/wp-content\/uploads\/sites\/6\/2025\/04\/01_fot-vincitori_Artigiano-del-Gusto-Cannolo-di-Piana-degli-Albanesi-263x175.jpg 263w, https:\/\/progettotouring.it\/radiotouring104\/wp-content\/uploads\/sites\/6\/2025\/04\/01_fot-vincitori_Artigiano-del-Gusto-Cannolo-di-Piana-degli-Albanesi.jpg 1200w\" sizes=\"(max-width: 300px) 100vw, 300px\" \/><\/em><\/p>\n<p class=\"xmprfx_MsoNormal\">\u00a0\u201c<em>Celebriamo il Ponte del gusto<\/em> \u2013 afferma il sindaco metropolitano di Reggio Calabria Giuseppe Falcomat\u00e0\u00a0&#8211; <em>quello dello Street Food \u00e8 un evento frutto di una programmazione accurata che ha permesso di costruire un percorso che ha visto coinvolti tanti soggetti istituzionali capaci di fare un grande gioco di squadra. Grazie a queste quattro giornate<\/em> \u2013 aggiunge &#8211; <em>lo Street Food, \u00e8 gi\u00e0 entrato nei cuori dei reggini, e per questo, vogliamo che diventi tradizione. Sono orgoglioso di come la citt\u00e0, anche in quest\u2019occasione, si sia fatta trovare pronta, grazie ad un&#8217;impeccabile organizzazione e con un afflusso agli stand ordinato e che non ha creato disagi. Testimonianza del fatto che, ormai, Reggio Calabria sa come accogliere i grandi eventi\u201d<\/em>.<\/p>\n<p><em><img decoding=\"async\" class=\"alignnone size-medium wp-image-72307\" src=\"https:\/\/progettotouring.it\/radiotouring104\/wp-content\/uploads\/sites\/6\/2025\/04\/02_Sindaco-e-vicesindaco-di-Reggio-Calabria-premiati-da-Alberto-Palella-300x200.jpg\" alt=\"\" width=\"300\" height=\"200\" srcset=\"https:\/\/progettotouring.it\/radiotouring104\/wp-content\/uploads\/sites\/6\/2025\/04\/02_Sindaco-e-vicesindaco-di-Reggio-Calabria-premiati-da-Alberto-Palella-300x200.jpg 300w, https:\/\/progettotouring.it\/radiotouring104\/wp-content\/uploads\/sites\/6\/2025\/04\/02_Sindaco-e-vicesindaco-di-Reggio-Calabria-premiati-da-Alberto-Palella-1024x683.jpg 1024w, https:\/\/progettotouring.it\/radiotouring104\/wp-content\/uploads\/sites\/6\/2025\/04\/02_Sindaco-e-vicesindaco-di-Reggio-Calabria-premiati-da-Alberto-Palella-768x512.jpg 768w, https:\/\/progettotouring.it\/radiotouring104\/wp-content\/uploads\/sites\/6\/2025\/04\/02_Sindaco-e-vicesindaco-di-Reggio-Calabria-premiati-da-Alberto-Palella-1170x780.jpg 1170w, https:\/\/progettotouring.it\/radiotouring104\/wp-content\/uploads\/sites\/6\/2025\/04\/02_Sindaco-e-vicesindaco-di-Reggio-Calabria-premiati-da-Alberto-Palella-585x390.jpg 585w, https:\/\/progettotouring.it\/radiotouring104\/wp-content\/uploads\/sites\/6\/2025\/04\/02_Sindaco-e-vicesindaco-di-Reggio-Calabria-premiati-da-Alberto-Palella-263x175.jpg 263w, https:\/\/progettotouring.it\/radiotouring104\/wp-content\/uploads\/sites\/6\/2025\/04\/02_Sindaco-e-vicesindaco-di-Reggio-Calabria-premiati-da-Alberto-Palella.jpg 1200w\" sizes=\"(max-width: 300px) 100vw, 300px\" \/><\/em><\/p>\n<p class=\"xmprfx_MsoNormal\"><em>&#8220;Lo Street Food<\/em> &#8211; ha concluso Falcomat\u00e0- <em>\u00e8 stato in grado di unire gastronomia, cultura e intrattenimento, attraverso una formula collaudata che puntiamo a riproporre anche nei prossimi anni, perch\u00e9, crediamo che la valorizzazione delle nostre specialit\u00e0 e delle creativit\u00e0 artigianali gastronomiche, rappresentino un fondamentale volano di sviluppo per l\u2019intero comparto del food calabrese\u201d.<\/em><\/p>\n<p class=\"xmprfx_MsoNormal\">Per il vicesindaco metropolitano,\u00a0Carmelo Versace, \u201c<em>si tratta di un risultato straordinario, grazie a tutti i partners. Crediamo fortemente nella vocazione dell\u2019area Metropolitana dello Stretto e quest\u2019evento ne \u00e8 la dimostrazione plastica. Le due sponde, Reggio e Messina, si sono ritrovate in\u00a0una grande festa del gusto, che ha fatto registrare un grande successo, in una quattro-giorni da incorniciare e che ha richiamato un pubblico da ogni parte del territorio metropolitano, e, appunto,\u00a0<\/em><em>anche di Messina. Un evento che ha visto la luce grazie ad un lavoro partito da lontano e, soprattutto, grazie alla collaborazione di tutti gli enti coinvolti che, con dedizione e professionalit\u00e0, hanno creduto in questo progetto e che ci impegneremo a riproporre nei prossimi anni\u201d.<\/em><\/p>\n<p class=\"xmprfx_MsoNormal\"><em>\u201cSiamo davvero contenti, tutto \u00e8 andato benissimo, ringrazio la Citt\u00e0 Metropolitana e il Comune di Reggio Calabria per aver creduto in questo progetto, comprendendone tutte le potenzialit\u00e0\u201d<\/em>, dice l\u2019amministratore di Eventivamente, Alberto Palella. <em>\u201cUn grazie fortissimo va al sindaco di Reggio, Giuseppe Falcomat\u00e0 e al vicesindaco Carmelo Versace, con il quale ci siamo confrontati giorno per giorno durante questo lungo e impegnativo periodo di organizzazione. Ci sono tutte le condizioni per dare \u00a0\u00a0appuntamento all\u2019anno prossimo\u201d<\/em>.<\/p>\n","protected":false},"excerpt":{"rendered":"<p>\u00a0 Chiusura che conferma il grandissimo successo della prima edizione del\u00a0\u201cReggio Calabria Street Food Fest\u201d. Anche domenica il lungomare \u2018Falcomat\u00e0\u2019 \u00e8 stato invaso da migliaia di visitatori che hanno scelto&hellip;<\/p>\n","protected":false},"author":19,"featured_media":72305,"comment_status":"closed","ping_status":"open","sticky":false,"template":"","format":"standard","meta":{"_jetpack_memberships_contains_paid_content":false,"footnotes":"","jetpack_publicize_message":"","jetpack_publicize_feature_enabled":true,"jetpack_social_post_already_shared":true,"jetpack_social_options":{"image_generator_settings":{"template":"highway","default_image_id":0,"font":"","enabled":false},"version":2}},"categories":[921,196,140],"tags":[],"class_list":["post-72304","post","type-post","status-publish","format-standard","has-post-thumbnail","hentry","category-home","category-news","category-reggio-calabria"],"yoast_head":"<!-- This site is optimized with the Yoast SEO plugin v27.2 - https:\/\/yoast.com\/product\/yoast-seo-wordpress\/ -->\n<title>Conclusa la prima edizione del \u201cReggio Calabria Street Food Fest\u201d: vince il Cannolo di Piana degli Albanesi - Radio Touring 104<\/title>\n<meta name=\"description\" content=\"Gran successo della manifestazione con il lungomare \u2018Falcomat\u00e0\u2019 invaso da migliaia di visitatori\" \/>\n<meta name=\"robots\" content=\"index, follow, max-snippet:-1, max-image-preview:large, max-video-preview:-1\" \/>\n<link rel=\"canonical\" href=\"https:\/\/progettotouring.it\/radiotouring104\/2025\/04\/29\/conclusa-la-prima-edizione-del-reggio-calabria-street-food-fest-vince-il-cannolo-di-piana-degli-albanesi\/\" \/>\n<meta property=\"og:locale\" content=\"it_IT\" \/>\n<meta property=\"og:type\" content=\"article\" \/>\n<meta property=\"og:title\" content=\"Conclusa la prima edizione del \u201cReggio Calabria Street Food Fest\u201d: vince il Cannolo di Piana degli Albanesi - Radio Touring 104\" \/>\n<meta property=\"og:description\" content=\"Gran successo della manifestazione con il lungomare \u2018Falcomat\u00e0\u2019 invaso da migliaia di visitatori\" \/>\n<meta property=\"og:url\" content=\"https:\/\/progettotouring.it\/radiotouring104\/2025\/04\/29\/conclusa-la-prima-edizione-del-reggio-calabria-street-food-fest-vince-il-cannolo-di-piana-degli-albanesi\/\" \/>\n<meta property=\"og:site_name\" content=\"Radio Touring 104\" \/>\n<meta property=\"article:published_time\" content=\"2025-04-28T23:04:50+00:00\" \/>\n<meta property=\"og:image\" content=\"https:\/\/progettotouring.it\/radiotouring104\/wp-content\/uploads\/sites\/6\/2025\/04\/street-food-ultima-giornata.jpg\" \/>\n\t<meta property=\"og:image:width\" content=\"1920\" \/>\n\t<meta property=\"og:image:height\" content=\"1080\" \/>\n\t<meta property=\"og:image:type\" content=\"image\/jpeg\" \/>\n<meta name=\"author\" content=\"S L\" \/>\n<meta name=\"twitter:card\" content=\"summary_large_image\" \/>\n<meta name=\"twitter:label1\" content=\"Scritto da\" \/>\n\t<meta name=\"twitter:data1\" content=\"S L\" \/>\n\t<meta name=\"twitter:label2\" content=\"Tempo di lettura stimato\" \/>\n\t<meta name=\"twitter:data2\" content=\"3 minuti\" \/>\n<script type=\"application\/ld+json\" class=\"yoast-schema-graph\">{\"@context\":\"https:\/\/schema.org\",\"@graph\":[{\"@type\":\"Article\",\"@id\":\"https:\/\/progettotouring.it\/radiotouring104\/2025\/04\/29\/conclusa-la-prima-edizione-del-reggio-calabria-street-food-fest-vince-il-cannolo-di-piana-degli-albanesi\/#article\",\"isPartOf\":{\"@id\":\"https:\/\/progettotouring.it\/radiotouring104\/2025\/04\/29\/conclusa-la-prima-edizione-del-reggio-calabria-street-food-fest-vince-il-cannolo-di-piana-degli-albanesi\/\"},\"author\":{\"name\":\"S L\",\"@id\":\"https:\/\/progettotouring.it\/radiotouring104\/#\/schema\/person\/b9f9c3730b0a78814c9b9f3bfc52c619\"},\"headline\":\"Conclusa la prima edizione del \u201cReggio Calabria Street Food Fest\u201d: vince il Cannolo di Piana degli Albanesi\",\"datePublished\":\"2025-04-28T23:04:50+00:00\",\"mainEntityOfPage\":{\"@id\":\"https:\/\/progettotouring.it\/radiotouring104\/2025\/04\/29\/conclusa-la-prima-edizione-del-reggio-calabria-street-food-fest-vince-il-cannolo-di-piana-degli-albanesi\/\"},\"wordCount\":551,\"publisher\":{\"@id\":\"https:\/\/progettotouring.it\/radiotouring104\/#organization\"},\"image\":{\"@id\":\"https:\/\/progettotouring.it\/radiotouring104\/2025\/04\/29\/conclusa-la-prima-edizione-del-reggio-calabria-street-food-fest-vince-il-cannolo-di-piana-degli-albanesi\/#primaryimage\"},\"thumbnailUrl\":\"https:\/\/progettotouring.it\/radiotouring104\/wp-content\/uploads\/sites\/6\/2025\/04\/street-food-ultima-giornata.jpg\",\"articleSection\":[\"Home\",\"News\",\"Reggio Calabria\"],\"inLanguage\":\"it-IT\"},{\"@type\":\"WebPage\",\"@id\":\"https:\/\/progettotouring.it\/radiotouring104\/2025\/04\/29\/conclusa-la-prima-edizione-del-reggio-calabria-street-food-fest-vince-il-cannolo-di-piana-degli-albanesi\/\",\"url\":\"https:\/\/progettotouring.it\/radiotouring104\/2025\/04\/29\/conclusa-la-prima-edizione-del-reggio-calabria-street-food-fest-vince-il-cannolo-di-piana-degli-albanesi\/\",\"name\":\"Conclusa la prima edizione del \u201cReggio Calabria Street Food Fest\u201d: vince il Cannolo di Piana degli Albanesi - Radio Touring 104\",\"isPartOf\":{\"@id\":\"https:\/\/progettotouring.it\/radiotouring104\/#website\"},\"primaryImageOfPage\":{\"@id\":\"https:\/\/progettotouring.it\/radiotouring104\/2025\/04\/29\/conclusa-la-prima-edizione-del-reggio-calabria-street-food-fest-vince-il-cannolo-di-piana-degli-albanesi\/#primaryimage\"},\"image\":{\"@id\":\"https:\/\/progettotouring.it\/radiotouring104\/2025\/04\/29\/conclusa-la-prima-edizione-del-reggio-calabria-street-food-fest-vince-il-cannolo-di-piana-degli-albanesi\/#primaryimage\"},\"thumbnailUrl\":\"https:\/\/progettotouring.it\/radiotouring104\/wp-content\/uploads\/sites\/6\/2025\/04\/street-food-ultima-giornata.jpg\",\"datePublished\":\"2025-04-28T23:04:50+00:00\",\"description\":\"Gran successo della manifestazione con il lungomare \u2018Falcomat\u00e0\u2019 invaso da migliaia di visitatori\",\"breadcrumb\":{\"@id\":\"https:\/\/progettotouring.it\/radiotouring104\/2025\/04\/29\/conclusa-la-prima-edizione-del-reggio-calabria-street-food-fest-vince-il-cannolo-di-piana-degli-albanesi\/#breadcrumb\"},\"inLanguage\":\"it-IT\",\"potentialAction\":[{\"@type\":\"ReadAction\",\"target\":[\"https:\/\/progettotouring.it\/radiotouring104\/2025\/04\/29\/conclusa-la-prima-edizione-del-reggio-calabria-street-food-fest-vince-il-cannolo-di-piana-degli-albanesi\/\"]}]},{\"@type\":\"ImageObject\",\"inLanguage\":\"it-IT\",\"@id\":\"https:\/\/progettotouring.it\/radiotouring104\/2025\/04\/29\/conclusa-la-prima-edizione-del-reggio-calabria-street-food-fest-vince-il-cannolo-di-piana-degli-albanesi\/#primaryimage\",\"url\":\"https:\/\/progettotouring.it\/radiotouring104\/wp-content\/uploads\/sites\/6\/2025\/04\/street-food-ultima-giornata.jpg\",\"contentUrl\":\"https:\/\/progettotouring.it\/radiotouring104\/wp-content\/uploads\/sites\/6\/2025\/04\/street-food-ultima-giornata.jpg\",\"width\":1920,\"height\":1080},{\"@type\":\"BreadcrumbList\",\"@id\":\"https:\/\/progettotouring.it\/radiotouring104\/2025\/04\/29\/conclusa-la-prima-edizione-del-reggio-calabria-street-food-fest-vince-il-cannolo-di-piana-degli-albanesi\/#breadcrumb\",\"itemListElement\":[{\"@type\":\"ListItem\",\"position\":1,\"name\":\"Home\",\"item\":\"https:\/\/progettotouring.it\/radiotouring104\/\"},{\"@type\":\"ListItem\",\"position\":2,\"name\":\"Conclusa la prima edizione del \u201cReggio Calabria Street Food Fest\u201d: vince il Cannolo di Piana degli Albanesi\"}]},{\"@type\":\"WebSite\",\"@id\":\"https:\/\/progettotouring.it\/radiotouring104\/#website\",\"url\":\"https:\/\/progettotouring.it\/radiotouring104\/\",\"name\":\"Radio Touring 104\",\"description\":\"La prima radio Reggina\",\"publisher\":{\"@id\":\"https:\/\/progettotouring.it\/radiotouring104\/#organization\"},\"potentialAction\":[{\"@type\":\"SearchAction\",\"target\":{\"@type\":\"EntryPoint\",\"urlTemplate\":\"https:\/\/progettotouring.it\/radiotouring104\/?s={search_term_string}\"},\"query-input\":{\"@type\":\"PropertyValueSpecification\",\"valueRequired\":true,\"valueName\":\"search_term_string\"}}],\"inLanguage\":\"it-IT\"},{\"@type\":\"Organization\",\"@id\":\"https:\/\/progettotouring.it\/radiotouring104\/#organization\",\"name\":\"Radio Touring 104\",\"url\":\"https:\/\/progettotouring.it\/radiotouring104\/\",\"logo\":{\"@type\":\"ImageObject\",\"inLanguage\":\"it-IT\",\"@id\":\"https:\/\/progettotouring.it\/radiotouring104\/#\/schema\/logo\/image\/\",\"url\":\"https:\/\/progettotouring.it\/radiotouring104\/wp-content\/uploads\/sites\/6\/2022\/02\/cropped-logo-radio-touring-104.png\",\"contentUrl\":\"https:\/\/progettotouring.it\/radiotouring104\/wp-content\/uploads\/sites\/6\/2022\/02\/cropped-logo-radio-touring-104.png\",\"width\":377,\"height\":182,\"caption\":\"Radio Touring 104\"},\"image\":{\"@id\":\"https:\/\/progettotouring.it\/radiotouring104\/#\/schema\/logo\/image\/\"}},{\"@type\":\"Person\",\"@id\":\"https:\/\/progettotouring.it\/radiotouring104\/#\/schema\/person\/b9f9c3730b0a78814c9b9f3bfc52c619\",\"name\":\"S L\",\"image\":{\"@type\":\"ImageObject\",\"inLanguage\":\"it-IT\",\"@id\":\"https:\/\/secure.gravatar.com\/avatar\/652c51789d7030aaed9ff828331360502a68204fe6fb0831bc280515210e16d2?s=96&d=mm&r=g\",\"url\":\"https:\/\/secure.gravatar.com\/avatar\/652c51789d7030aaed9ff828331360502a68204fe6fb0831bc280515210e16d2?s=96&d=mm&r=g\",\"contentUrl\":\"https:\/\/secure.gravatar.com\/avatar\/652c51789d7030aaed9ff828331360502a68204fe6fb0831bc280515210e16d2?s=96&d=mm&r=g\",\"caption\":\"S L\"},\"url\":\"https:\/\/progettotouring.it\/radiotouring104\/author\/slibri\/\"}]}<\/script>\n<!-- \/ Yoast SEO plugin. -->","yoast_head_json":{"title":"Conclusa la prima edizione del \u201cReggio Calabria Street Food Fest\u201d: vince il Cannolo di Piana degli Albanesi - Radio Touring 104","description":"Gran successo della manifestazione con il lungomare \u2018Falcomat\u00e0\u2019 invaso da migliaia di visitatori","robots":{"index":"index","follow":"follow","max-snippet":"max-snippet:-1","max-image-preview":"max-image-preview:large","max-video-preview":"max-video-preview:-1"},"canonical":"https:\/\/progettotouring.it\/radiotouring104\/2025\/04\/29\/conclusa-la-prima-edizione-del-reggio-calabria-street-food-fest-vince-il-cannolo-di-piana-degli-albanesi\/","og_locale":"it_IT","og_type":"article","og_title":"Conclusa la prima edizione del \u201cReggio Calabria Street Food Fest\u201d: vince il Cannolo di Piana degli Albanesi - Radio Touring 104","og_description":"Gran successo della manifestazione con il lungomare \u2018Falcomat\u00e0\u2019 invaso da migliaia di visitatori","og_url":"https:\/\/progettotouring.it\/radiotouring104\/2025\/04\/29\/conclusa-la-prima-edizione-del-reggio-calabria-street-food-fest-vince-il-cannolo-di-piana-degli-albanesi\/","og_site_name":"Radio Touring 104","article_published_time":"2025-04-28T23:04:50+00:00","og_image":[{"width":1920,"height":1080,"url":"https:\/\/progettotouring.it\/radiotouring104\/wp-content\/uploads\/sites\/6\/2025\/04\/street-food-ultima-giornata.jpg","type":"image\/jpeg"}],"author":"S L","twitter_card":"summary_large_image","twitter_misc":{"Scritto da":"S L","Tempo di lettura stimato":"3 minuti"},"schema":{"@context":"https:\/\/schema.org","@graph":[{"@type":"Article","@id":"https:\/\/progettotouring.it\/radiotouring104\/2025\/04\/29\/conclusa-la-prima-edizione-del-reggio-calabria-street-food-fest-vince-il-cannolo-di-piana-degli-albanesi\/#article","isPartOf":{"@id":"https:\/\/progettotouring.it\/radiotouring104\/2025\/04\/29\/conclusa-la-prima-edizione-del-reggio-calabria-street-food-fest-vince-il-cannolo-di-piana-degli-albanesi\/"},"author":{"name":"S L","@id":"https:\/\/progettotouring.it\/radiotouring104\/#\/schema\/person\/b9f9c3730b0a78814c9b9f3bfc52c619"},"headline":"Conclusa la prima edizione del \u201cReggio Calabria Street Food Fest\u201d: vince il Cannolo di Piana degli Albanesi","datePublished":"2025-04-28T23:04:50+00:00","mainEntityOfPage":{"@id":"https:\/\/progettotouring.it\/radiotouring104\/2025\/04\/29\/conclusa-la-prima-edizione-del-reggio-calabria-street-food-fest-vince-il-cannolo-di-piana-degli-albanesi\/"},"wordCount":551,"publisher":{"@id":"https:\/\/progettotouring.it\/radiotouring104\/#organization"},"image":{"@id":"https:\/\/progettotouring.it\/radiotouring104\/2025\/04\/29\/conclusa-la-prima-edizione-del-reggio-calabria-street-food-fest-vince-il-cannolo-di-piana-degli-albanesi\/#primaryimage"},"thumbnailUrl":"https:\/\/progettotouring.it\/radiotouring104\/wp-content\/uploads\/sites\/6\/2025\/04\/street-food-ultima-giornata.jpg","articleSection":["Home","News","Reggio Calabria"],"inLanguage":"it-IT"},{"@type":"WebPage","@id":"https:\/\/progettotouring.it\/radiotouring104\/2025\/04\/29\/conclusa-la-prima-edizione-del-reggio-calabria-street-food-fest-vince-il-cannolo-di-piana-degli-albanesi\/","url":"https:\/\/progettotouring.it\/radiotouring104\/2025\/04\/29\/conclusa-la-prima-edizione-del-reggio-calabria-street-food-fest-vince-il-cannolo-di-piana-degli-albanesi\/","name":"Conclusa la prima edizione del \u201cReggio Calabria Street Food Fest\u201d: vince il Cannolo di Piana degli Albanesi - Radio Touring 104","isPartOf":{"@id":"https:\/\/progettotouring.it\/radiotouring104\/#website"},"primaryImageOfPage":{"@id":"https:\/\/progettotouring.it\/radiotouring104\/2025\/04\/29\/conclusa-la-prima-edizione-del-reggio-calabria-street-food-fest-vince-il-cannolo-di-piana-degli-albanesi\/#primaryimage"},"image":{"@id":"https:\/\/progettotouring.it\/radiotouring104\/2025\/04\/29\/conclusa-la-prima-edizione-del-reggio-calabria-street-food-fest-vince-il-cannolo-di-piana-degli-albanesi\/#primaryimage"},"thumbnailUrl":"https:\/\/progettotouring.it\/radiotouring104\/wp-content\/uploads\/sites\/6\/2025\/04\/street-food-ultima-giornata.jpg","datePublished":"2025-04-28T23:04:50+00:00","description":"Gran successo della manifestazione con il lungomare \u2018Falcomat\u00e0\u2019 invaso da migliaia di visitatori","breadcrumb":{"@id":"https:\/\/progettotouring.it\/radiotouring104\/2025\/04\/29\/conclusa-la-prima-edizione-del-reggio-calabria-street-food-fest-vince-il-cannolo-di-piana-degli-albanesi\/#breadcrumb"},"inLanguage":"it-IT","potentialAction":[{"@type":"ReadAction","target":["https:\/\/progettotouring.it\/radiotouring104\/2025\/04\/29\/conclusa-la-prima-edizione-del-reggio-calabria-street-food-fest-vince-il-cannolo-di-piana-degli-albanesi\/"]}]},{"@type":"ImageObject","inLanguage":"it-IT","@id":"https:\/\/progettotouring.it\/radiotouring104\/2025\/04\/29\/conclusa-la-prima-edizione-del-reggio-calabria-street-food-fest-vince-il-cannolo-di-piana-degli-albanesi\/#primaryimage","url":"https:\/\/progettotouring.it\/radiotouring104\/wp-content\/uploads\/sites\/6\/2025\/04\/street-food-ultima-giornata.jpg","contentUrl":"https:\/\/progettotouring.it\/radiotouring104\/wp-content\/uploads\/sites\/6\/2025\/04\/street-food-ultima-giornata.jpg","width":1920,"height":1080},{"@type":"BreadcrumbList","@id":"https:\/\/progettotouring.it\/radiotouring104\/2025\/04\/29\/conclusa-la-prima-edizione-del-reggio-calabria-street-food-fest-vince-il-cannolo-di-piana-degli-albanesi\/#breadcrumb","itemListElement":[{"@type":"ListItem","position":1,"name":"Home","item":"https:\/\/progettotouring.it\/radiotouring104\/"},{"@type":"ListItem","position":2,"name":"Conclusa la prima edizione del \u201cReggio Calabria Street Food Fest\u201d: vince il Cannolo di Piana degli Albanesi"}]},{"@type":"WebSite","@id":"https:\/\/progettotouring.it\/radiotouring104\/#website","url":"https:\/\/progettotouring.it\/radiotouring104\/","name":"Radio Touring 104","description":"La prima radio Reggina","publisher":{"@id":"https:\/\/progettotouring.it\/radiotouring104\/#organization"},"potentialAction":[{"@type":"SearchAction","target":{"@type":"EntryPoint","urlTemplate":"https:\/\/progettotouring.it\/radiotouring104\/?s={search_term_string}"},"query-input":{"@type":"PropertyValueSpecification","valueRequired":true,"valueName":"search_term_string"}}],"inLanguage":"it-IT"},{"@type":"Organization","@id":"https:\/\/progettotouring.it\/radiotouring104\/#organization","name":"Radio Touring 104","url":"https:\/\/progettotouring.it\/radiotouring104\/","logo":{"@type":"ImageObject","inLanguage":"it-IT","@id":"https:\/\/progettotouring.it\/radiotouring104\/#\/schema\/logo\/image\/","url":"https:\/\/progettotouring.it\/radiotouring104\/wp-content\/uploads\/sites\/6\/2022\/02\/cropped-logo-radio-touring-104.png","contentUrl":"https:\/\/progettotouring.it\/radiotouring104\/wp-content\/uploads\/sites\/6\/2022\/02\/cropped-logo-radio-touring-104.png","width":377,"height":182,"caption":"Radio Touring 104"},"image":{"@id":"https:\/\/progettotouring.it\/radiotouring104\/#\/schema\/logo\/image\/"}},{"@type":"Person","@id":"https:\/\/progettotouring.it\/radiotouring104\/#\/schema\/person\/b9f9c3730b0a78814c9b9f3bfc52c619","name":"S L","image":{"@type":"ImageObject","inLanguage":"it-IT","@id":"https:\/\/secure.gravatar.com\/avatar\/652c51789d7030aaed9ff828331360502a68204fe6fb0831bc280515210e16d2?s=96&d=mm&r=g","url":"https:\/\/secure.gravatar.com\/avatar\/652c51789d7030aaed9ff828331360502a68204fe6fb0831bc280515210e16d2?s=96&d=mm&r=g","contentUrl":"https:\/\/secure.gravatar.com\/avatar\/652c51789d7030aaed9ff828331360502a68204fe6fb0831bc280515210e16d2?s=96&d=mm&r=g","caption":"S L"},"url":"https:\/\/progettotouring.it\/radiotouring104\/author\/slibri\/"}]}},"jetpack_publicize_connections":[],"jetpack_featured_media_url":"https:\/\/progettotouring.it\/radiotouring104\/wp-content\/uploads\/sites\/6\/2025\/04\/street-food-ultima-giornata.jpg","jetpack_sharing_enabled":true,"_links":{"self":[{"href":"https:\/\/progettotouring.it\/radiotouring104\/wp-json\/wp\/v2\/posts\/72304","targetHints":{"allow":["GET"]}}],"collection":[{"href":"https:\/\/progettotouring.it\/radiotouring104\/wp-json\/wp\/v2\/posts"}],"about":[{"href":"https:\/\/progettotouring.it\/radiotouring104\/wp-json\/wp\/v2\/types\/post"}],"author":[{"embeddable":true,"href":"https:\/\/progettotouring.it\/radiotouring104\/wp-json\/wp\/v2\/users\/19"}],"replies":[{"embeddable":true,"href":"https:\/\/progettotouring.it\/radiotouring104\/wp-json\/wp\/v2\/comments?post=72304"}],"version-history":[{"count":1,"href":"https:\/\/progettotouring.it\/radiotouring104\/wp-json\/wp\/v2\/posts\/72304\/revisions"}],"predecessor-version":[{"id":72309,"href":"https:\/\/progettotouring.it\/radiotouring104\/wp-json\/wp\/v2\/posts\/72304\/revisions\/72309"}],"wp:featuredmedia":[{"embeddable":true,"href":"https:\/\/progettotouring.it\/radiotouring104\/wp-json\/wp\/v2\/media\/72305"}],"wp:attachment":[{"href":"https:\/\/progettotouring.it\/radiotouring104\/wp-json\/wp\/v2\/media?parent=72304"}],"wp:term":[{"taxonomy":"category","embeddable":true,"href":"https:\/\/progettotouring.it\/radiotouring104\/wp-json\/wp\/v2\/categories?post=72304"},{"taxonomy":"post_tag","embeddable":true,"href":"https:\/\/progettotouring.it\/radiotouring104\/wp-json\/wp\/v2\/tags?post=72304"}],"curies":[{"name":"wp","href":"https:\/\/api.w.org\/{rel}","templated":true}]}}