{"id":72313,"date":"2025-04-29T08:57:14","date_gmt":"2025-04-29T06:57:14","guid":{"rendered":"https:\/\/progettotouring.it\/radiotouring104\/?p=72313"},"modified":"2025-04-29T09:35:45","modified_gmt":"2025-04-29T07:35:45","slug":"regione-marziale-in-fase-di-avvio-il-corso-per-i-tutori-dei-minori-stranieri-non-accompagnati","status":"publish","type":"post","link":"https:\/\/progettotouring.it\/radiotouring104\/2025\/04\/29\/regione-marziale-in-fase-di-avvio-il-corso-per-i-tutori-dei-minori-stranieri-non-accompagnati\/","title":{"rendered":"Regione, Marziale: \u00abIn fase di avvio il corso per i tutori dei minori stranieri non accompagnati\u00bb"},"content":{"rendered":"<div class=\"xmprfx_elementToProof\" style=\"text-align: justify\"><strong>Il Garante<\/strong> per l\u2019infanzia e l\u2019adolescenza della Regione Calabria, <strong>Antonio Marziale, ha siglato un<\/strong> <em>\u201cProtocollo di intesa\u201d<\/em> con <strong>le Universit\u00e0<\/strong> della Calabria, Magna Graecia e Mediterranea, con\u00a0 il \u201cDipartimento Salute e Welfare\u201d della Regione Calabria, con l\u2019Associazione tutori volontari minori stranieri non accompagnati della Calabria (ODV), con gli enti della Consulta Tutela MSNA Calabria (Fondazione don Calabria per il Sociale ETS, Arcidiocesi Cosenza-Bisignano \u2013 Ufficio Migrantes, Fondazione Citt\u00e0 Solidale ETS, Cidis Impresa Sociale ETS e Arci Reggio Calabria) dallo stesso istituita e coordinata da Pino Fabiano, finalizzato alla sensibilizzazione,<strong> formazione iniziale e continua in favore dei tutori volontari di minori stranieri non accompagnati (MSNA) della Calabria.<\/strong><\/div>\n<div style=\"text-align: justify\"><\/div>\n<div class=\"xmprfx_elementToProof\" style=\"text-align: justify\"><em>\u201cL\u2019obiettivo principale del Protocollo<\/em> \u2013<strong> spiega il Garante<\/strong> \u2013<em> \u00e8 quello di provvedere alla formazione di privati cittadini interessati a formarsi come tutori volontari dei minori stranieri soli presenti nel territorio calabrese, ai sensi dell\u2019art.11 della Legge 47\/2017\u201d.<\/em><\/div>\n<div style=\"text-align: justify\"><\/div>\n<div class=\"xmprfx_elementToProof\" style=\"text-align: justify\"><strong>Gli aspiranti Tutori Volontari potranno presentare domanda secondo i requisiti,<\/strong> e mediante compilazione e sottoscrizione dell\u2019apposito modulo, previsti dall\u2019 Avviso pubblico disponibile sul sito del Garante Regionale, alla pagina<a href=\"https:\/\/www.consiglioregionale.calabria.it\/GaranteInfanzia\/2023-04-14_Bando-tutori.pdf\" target=\"_blank\" rel=\"noopener noreferrer\">\u00a0https:\/\/www.consiglioregionale.calabria.it\/GaranteInfanzia\/2023-04-14_Bando-tutori.pdf<\/a><\/div>\n<div style=\"text-align: justify\"><\/div>\n<div class=\"xmprfx_elementToProof\" style=\"text-align: justify\">Dopo aver seguito il corso di formazione, articolato in un\u2019ottica multidisciplinare in tre moduli formativi, giuridico, fenomenologico e socio-psico-educativo, ed aver raggiunto la frequenza minima prevista di almeno l\u201980% delle ore, ed aver acquisito le conoscenze di base necessarie per l\u2019adeguato espletamento della funzione da svolgere, l\u2019aspirante tutore volontario potr\u00e0 confermare la propria disponibilit\u00e0 ad esercitare il ruolo, in forma volontaria e gratuita.<\/div>\n<div style=\"text-align: justify\"><\/div>\n<div class=\"xmprfx_elementToProof\" style=\"text-align: justify\"><strong>I nominativi dei tutori volontari formati e disponibili alla nomina,<\/strong> saranno trasmessi dal Garante ai Tribunali per i minorenni territorialmente competenti, per l\u2019iscrizione agli elenchi gi\u00e0 istituiti presso gli stessi tribunali e relativa nomina.<\/div>\n<div class=\"xmprfx_elementToProof\" style=\"text-align: justify\">Il programma del Corso, che prevede sessioni formative, sia teoriche che pratico-laboratoriali, organizzate in modalit\u00e0 mista, \u00e8 in via di definizione e sar\u00e0 inviato mezzo e-mail agli <strong>aspiranti tutori volontari che avranno presentato domanda entro il 25 maggio 2025.<\/strong><\/div>\n<div style=\"text-align: justify\"><\/div>\n<div class=\"xmprfx_elementToProof\" style=\"text-align: justify\"><em>\u201cNegli ultimi anni<\/em> \u2013<strong> conclude Marziale<\/strong> \u2013<em> la Calabria ha messo in campo tante energie e competenze per rafforzare il sistema di tutela volontaria, e siamo certi che anche in questa fase di rilancio dei corsi di formazione, necessari per garantire a ciascun minore straniero solo presente nel nostro territorio regionale il diritto di avere un tutore volontario, emerger\u00e0 lo spirito di cittadinanza attiva e di solidariet\u00e0 che da sempre contraddistinguono la nostra societ\u00e0 civile, come lo \u00e8 stato sin dall\u2019inizio del mio primo mandato\u201d.<\/em><\/div>\n","protected":false},"excerpt":{"rendered":"<p>Il Garante per l\u2019infanzia e l\u2019adolescenza della Regione Calabria, Antonio Marziale, ha siglato un \u201cProtocollo di intesa\u201d con le Universit\u00e0 della Calabria, Magna Graecia e Mediterranea, con\u00a0 il \u201cDipartimento Salute&hellip;<\/p>\n","protected":false},"author":12,"featured_media":52407,"comment_status":"closed","ping_status":"open","sticky":false,"template":"","format":"standard","meta":{"_jetpack_memberships_contains_paid_content":false,"footnotes":"","jetpack_publicize_message":"","jetpack_publicize_feature_enabled":true,"jetpack_social_post_already_shared":true,"jetpack_social_options":{"image_generator_settings":{"template":"highway","default_image_id":0,"font":"","enabled":false},"version":2}},"categories":[142,921,196],"tags":[5345,42924,37817,42922,42925,42923,369],"class_list":["post-72313","post","type-post","status-publish","format-standard","has-post-thumbnail","hentry","category-calabria","category-home","category-news","tag-antonio-marziale","tag-garante-infanzia-regione-calabria","tag-minori-stranieri-non-accompagnati","tag-parte-corso","tag-siglato-protocollo-con-universita","tag-tutori-volontari","tag-universita-mediterranea"],"yoast_head":"<!-- This site is optimized with the Yoast SEO plugin v27.2 - https:\/\/yoast.com\/product\/yoast-seo-wordpress\/ -->\n<title>Marziale: &quot;Parte corso per tutori di minori non accompagnati&quot;<\/title>\n<meta name=\"description\" content=\"Il Garante ha siglato un protocollo d&#039;intesa con le Universit\u00e0 in favore dei tutori volontari dei minori stranieri non accompagnati\" \/>\n<meta name=\"robots\" content=\"index, follow, max-snippet:-1, max-image-preview:large, max-video-preview:-1\" \/>\n<link rel=\"canonical\" href=\"https:\/\/progettotouring.it\/radiotouring104\/2025\/04\/29\/regione-marziale-in-fase-di-avvio-il-corso-per-i-tutori-dei-minori-stranieri-non-accompagnati\/\" \/>\n<meta property=\"og:locale\" content=\"it_IT\" \/>\n<meta property=\"og:type\" content=\"article\" \/>\n<meta property=\"og:title\" content=\"Marziale: &quot;Parte corso per tutori di minori non accompagnati&quot;\" \/>\n<meta property=\"og:description\" content=\"Il Garante ha siglato un protocollo d&#039;intesa con le Universit\u00e0 in favore dei tutori volontari dei minori stranieri non accompagnati\" \/>\n<meta property=\"og:url\" content=\"https:\/\/progettotouring.it\/radiotouring104\/2025\/04\/29\/regione-marziale-in-fase-di-avvio-il-corso-per-i-tutori-dei-minori-stranieri-non-accompagnati\/\" \/>\n<meta property=\"og:site_name\" content=\"Radio Touring 104\" \/>\n<meta property=\"article:published_time\" content=\"2025-04-29T06:57:14+00:00\" \/>\n<meta property=\"article:modified_time\" content=\"2025-04-29T07:35:45+00:00\" \/>\n<meta property=\"og:image\" content=\"https:\/\/progettotouring.it\/radiotouring104\/wp-content\/uploads\/sites\/6\/2024\/05\/Marziale-garante.jpg\" \/>\n\t<meta property=\"og:image:width\" content=\"1024\" \/>\n\t<meta property=\"og:image:height\" content=\"576\" \/>\n\t<meta property=\"og:image:type\" content=\"image\/jpeg\" \/>\n<meta name=\"author\" content=\"Sebastiano Plutino\" \/>\n<meta name=\"twitter:card\" content=\"summary_large_image\" \/>\n<meta name=\"twitter:label1\" content=\"Scritto da\" \/>\n\t<meta name=\"twitter:data1\" content=\"Sebastiano Plutino\" \/>\n\t<meta name=\"twitter:label2\" content=\"Tempo di lettura stimato\" \/>\n\t<meta name=\"twitter:data2\" content=\"2 minuti\" \/>\n<script type=\"application\/ld+json\" class=\"yoast-schema-graph\">{\"@context\":\"https:\/\/schema.org\",\"@graph\":[{\"@type\":\"Article\",\"@id\":\"https:\/\/progettotouring.it\/radiotouring104\/2025\/04\/29\/regione-marziale-in-fase-di-avvio-il-corso-per-i-tutori-dei-minori-stranieri-non-accompagnati\/#article\",\"isPartOf\":{\"@id\":\"https:\/\/progettotouring.it\/radiotouring104\/2025\/04\/29\/regione-marziale-in-fase-di-avvio-il-corso-per-i-tutori-dei-minori-stranieri-non-accompagnati\/\"},\"author\":{\"name\":\"Sebastiano Plutino\",\"@id\":\"https:\/\/progettotouring.it\/radiotouring104\/#\/schema\/person\/78613917f1851f041f7483f5af1d422e\"},\"headline\":\"Regione, Marziale: \u00abIn fase di avvio il corso per i tutori dei minori stranieri non accompagnati\u00bb\",\"datePublished\":\"2025-04-29T06:57:14+00:00\",\"dateModified\":\"2025-04-29T07:35:45+00:00\",\"mainEntityOfPage\":{\"@id\":\"https:\/\/progettotouring.it\/radiotouring104\/2025\/04\/29\/regione-marziale-in-fase-di-avvio-il-corso-per-i-tutori-dei-minori-stranieri-non-accompagnati\/\"},\"wordCount\":420,\"publisher\":{\"@id\":\"https:\/\/progettotouring.it\/radiotouring104\/#organization\"},\"image\":{\"@id\":\"https:\/\/progettotouring.it\/radiotouring104\/2025\/04\/29\/regione-marziale-in-fase-di-avvio-il-corso-per-i-tutori-dei-minori-stranieri-non-accompagnati\/#primaryimage\"},\"thumbnailUrl\":\"https:\/\/progettotouring.it\/radiotouring104\/wp-content\/uploads\/sites\/6\/2024\/05\/Marziale-garante.jpg\",\"keywords\":[\"Antonio Marziale\",\"Garante infanzia regione calabria\",\"minori stranieri non accompagnati\",\"parte corso\",\"siglato protocollo con Universit\u00e0\",\"tutori volontari\",\"universit\u00e0 mediterranea\"],\"articleSection\":[\"Calabria\",\"Home\",\"News\"],\"inLanguage\":\"it-IT\"},{\"@type\":\"WebPage\",\"@id\":\"https:\/\/progettotouring.it\/radiotouring104\/2025\/04\/29\/regione-marziale-in-fase-di-avvio-il-corso-per-i-tutori-dei-minori-stranieri-non-accompagnati\/\",\"url\":\"https:\/\/progettotouring.it\/radiotouring104\/2025\/04\/29\/regione-marziale-in-fase-di-avvio-il-corso-per-i-tutori-dei-minori-stranieri-non-accompagnati\/\",\"name\":\"Marziale: \\\"Parte corso per tutori di minori non accompagnati\\\"\",\"isPartOf\":{\"@id\":\"https:\/\/progettotouring.it\/radiotouring104\/#website\"},\"primaryImageOfPage\":{\"@id\":\"https:\/\/progettotouring.it\/radiotouring104\/2025\/04\/29\/regione-marziale-in-fase-di-avvio-il-corso-per-i-tutori-dei-minori-stranieri-non-accompagnati\/#primaryimage\"},\"image\":{\"@id\":\"https:\/\/progettotouring.it\/radiotouring104\/2025\/04\/29\/regione-marziale-in-fase-di-avvio-il-corso-per-i-tutori-dei-minori-stranieri-non-accompagnati\/#primaryimage\"},\"thumbnailUrl\":\"https:\/\/progettotouring.it\/radiotouring104\/wp-content\/uploads\/sites\/6\/2024\/05\/Marziale-garante.jpg\",\"datePublished\":\"2025-04-29T06:57:14+00:00\",\"dateModified\":\"2025-04-29T07:35:45+00:00\",\"description\":\"Il Garante ha siglato un protocollo d'intesa con le Universit\u00e0 in favore dei tutori volontari dei minori stranieri non accompagnati\",\"breadcrumb\":{\"@id\":\"https:\/\/progettotouring.it\/radiotouring104\/2025\/04\/29\/regione-marziale-in-fase-di-avvio-il-corso-per-i-tutori-dei-minori-stranieri-non-accompagnati\/#breadcrumb\"},\"inLanguage\":\"it-IT\",\"potentialAction\":[{\"@type\":\"ReadAction\",\"target\":[\"https:\/\/progettotouring.it\/radiotouring104\/2025\/04\/29\/regione-marziale-in-fase-di-avvio-il-corso-per-i-tutori-dei-minori-stranieri-non-accompagnati\/\"]}]},{\"@type\":\"ImageObject\",\"inLanguage\":\"it-IT\",\"@id\":\"https:\/\/progettotouring.it\/radiotouring104\/2025\/04\/29\/regione-marziale-in-fase-di-avvio-il-corso-per-i-tutori-dei-minori-stranieri-non-accompagnati\/#primaryimage\",\"url\":\"https:\/\/progettotouring.it\/radiotouring104\/wp-content\/uploads\/sites\/6\/2024\/05\/Marziale-garante.jpg\",\"contentUrl\":\"https:\/\/progettotouring.it\/radiotouring104\/wp-content\/uploads\/sites\/6\/2024\/05\/Marziale-garante.jpg\",\"width\":1024,\"height\":576},{\"@type\":\"BreadcrumbList\",\"@id\":\"https:\/\/progettotouring.it\/radiotouring104\/2025\/04\/29\/regione-marziale-in-fase-di-avvio-il-corso-per-i-tutori-dei-minori-stranieri-non-accompagnati\/#breadcrumb\",\"itemListElement\":[{\"@type\":\"ListItem\",\"position\":1,\"name\":\"Home\",\"item\":\"https:\/\/progettotouring.it\/radiotouring104\/\"},{\"@type\":\"ListItem\",\"position\":2,\"name\":\"Regione, Marziale: \u00abIn fase di avvio il corso per i tutori dei minori stranieri non accompagnati\u00bb\"}]},{\"@type\":\"WebSite\",\"@id\":\"https:\/\/progettotouring.it\/radiotouring104\/#website\",\"url\":\"https:\/\/progettotouring.it\/radiotouring104\/\",\"name\":\"Radio Touring 104\",\"description\":\"La prima radio Reggina\",\"publisher\":{\"@id\":\"https:\/\/progettotouring.it\/radiotouring104\/#organization\"},\"potentialAction\":[{\"@type\":\"SearchAction\",\"target\":{\"@type\":\"EntryPoint\",\"urlTemplate\":\"https:\/\/progettotouring.it\/radiotouring104\/?s={search_term_string}\"},\"query-input\":{\"@type\":\"PropertyValueSpecification\",\"valueRequired\":true,\"valueName\":\"search_term_string\"}}],\"inLanguage\":\"it-IT\"},{\"@type\":\"Organization\",\"@id\":\"https:\/\/progettotouring.it\/radiotouring104\/#organization\",\"name\":\"Radio Touring 104\",\"url\":\"https:\/\/progettotouring.it\/radiotouring104\/\",\"logo\":{\"@type\":\"ImageObject\",\"inLanguage\":\"it-IT\",\"@id\":\"https:\/\/progettotouring.it\/radiotouring104\/#\/schema\/logo\/image\/\",\"url\":\"https:\/\/progettotouring.it\/radiotouring104\/wp-content\/uploads\/sites\/6\/2022\/02\/cropped-logo-radio-touring-104.png\",\"contentUrl\":\"https:\/\/progettotouring.it\/radiotouring104\/wp-content\/uploads\/sites\/6\/2022\/02\/cropped-logo-radio-touring-104.png\",\"width\":377,\"height\":182,\"caption\":\"Radio Touring 104\"},\"image\":{\"@id\":\"https:\/\/progettotouring.it\/radiotouring104\/#\/schema\/logo\/image\/\"}},{\"@type\":\"Person\",\"@id\":\"https:\/\/progettotouring.it\/radiotouring104\/#\/schema\/person\/78613917f1851f041f7483f5af1d422e\",\"name\":\"Sebastiano Plutino\",\"image\":{\"@type\":\"ImageObject\",\"inLanguage\":\"it-IT\",\"@id\":\"https:\/\/secure.gravatar.com\/avatar\/0546ffaa9b79224faf9f2a156b67a529ae861d3287c66c1d8ccfdf909bcba78d?s=96&d=mm&r=g\",\"url\":\"https:\/\/secure.gravatar.com\/avatar\/0546ffaa9b79224faf9f2a156b67a529ae861d3287c66c1d8ccfdf909bcba78d?s=96&d=mm&r=g\",\"contentUrl\":\"https:\/\/secure.gravatar.com\/avatar\/0546ffaa9b79224faf9f2a156b67a529ae861d3287c66c1d8ccfdf909bcba78d?s=96&d=mm&r=g\",\"caption\":\"Sebastiano Plutino\"},\"url\":\"https:\/\/progettotouring.it\/radiotouring104\/author\/sebastiano\/\"}]}<\/script>\n<!-- \/ Yoast SEO plugin. -->","yoast_head_json":{"title":"Marziale: \"Parte corso per tutori di minori non accompagnati\"","description":"Il Garante ha siglato un protocollo d'intesa con le Universit\u00e0 in favore dei tutori volontari dei minori stranieri non accompagnati","robots":{"index":"index","follow":"follow","max-snippet":"max-snippet:-1","max-image-preview":"max-image-preview:large","max-video-preview":"max-video-preview:-1"},"canonical":"https:\/\/progettotouring.it\/radiotouring104\/2025\/04\/29\/regione-marziale-in-fase-di-avvio-il-corso-per-i-tutori-dei-minori-stranieri-non-accompagnati\/","og_locale":"it_IT","og_type":"article","og_title":"Marziale: \"Parte corso per tutori di minori non accompagnati\"","og_description":"Il Garante ha siglato un protocollo d'intesa con le Universit\u00e0 in favore dei tutori volontari dei minori stranieri non accompagnati","og_url":"https:\/\/progettotouring.it\/radiotouring104\/2025\/04\/29\/regione-marziale-in-fase-di-avvio-il-corso-per-i-tutori-dei-minori-stranieri-non-accompagnati\/","og_site_name":"Radio Touring 104","article_published_time":"2025-04-29T06:57:14+00:00","article_modified_time":"2025-04-29T07:35:45+00:00","og_image":[{"width":1024,"height":576,"url":"https:\/\/progettotouring.it\/radiotouring104\/wp-content\/uploads\/sites\/6\/2024\/05\/Marziale-garante.jpg","type":"image\/jpeg"}],"author":"Sebastiano Plutino","twitter_card":"summary_large_image","twitter_misc":{"Scritto da":"Sebastiano Plutino","Tempo di lettura stimato":"2 minuti"},"schema":{"@context":"https:\/\/schema.org","@graph":[{"@type":"Article","@id":"https:\/\/progettotouring.it\/radiotouring104\/2025\/04\/29\/regione-marziale-in-fase-di-avvio-il-corso-per-i-tutori-dei-minori-stranieri-non-accompagnati\/#article","isPartOf":{"@id":"https:\/\/progettotouring.it\/radiotouring104\/2025\/04\/29\/regione-marziale-in-fase-di-avvio-il-corso-per-i-tutori-dei-minori-stranieri-non-accompagnati\/"},"author":{"name":"Sebastiano Plutino","@id":"https:\/\/progettotouring.it\/radiotouring104\/#\/schema\/person\/78613917f1851f041f7483f5af1d422e"},"headline":"Regione, Marziale: \u00abIn fase di avvio il corso per i tutori dei minori stranieri non accompagnati\u00bb","datePublished":"2025-04-29T06:57:14+00:00","dateModified":"2025-04-29T07:35:45+00:00","mainEntityOfPage":{"@id":"https:\/\/progettotouring.it\/radiotouring104\/2025\/04\/29\/regione-marziale-in-fase-di-avvio-il-corso-per-i-tutori-dei-minori-stranieri-non-accompagnati\/"},"wordCount":420,"publisher":{"@id":"https:\/\/progettotouring.it\/radiotouring104\/#organization"},"image":{"@id":"https:\/\/progettotouring.it\/radiotouring104\/2025\/04\/29\/regione-marziale-in-fase-di-avvio-il-corso-per-i-tutori-dei-minori-stranieri-non-accompagnati\/#primaryimage"},"thumbnailUrl":"https:\/\/progettotouring.it\/radiotouring104\/wp-content\/uploads\/sites\/6\/2024\/05\/Marziale-garante.jpg","keywords":["Antonio Marziale","Garante infanzia regione calabria","minori stranieri non accompagnati","parte corso","siglato protocollo con Universit\u00e0","tutori volontari","universit\u00e0 mediterranea"],"articleSection":["Calabria","Home","News"],"inLanguage":"it-IT"},{"@type":"WebPage","@id":"https:\/\/progettotouring.it\/radiotouring104\/2025\/04\/29\/regione-marziale-in-fase-di-avvio-il-corso-per-i-tutori-dei-minori-stranieri-non-accompagnati\/","url":"https:\/\/progettotouring.it\/radiotouring104\/2025\/04\/29\/regione-marziale-in-fase-di-avvio-il-corso-per-i-tutori-dei-minori-stranieri-non-accompagnati\/","name":"Marziale: \"Parte corso per tutori di minori non accompagnati\"","isPartOf":{"@id":"https:\/\/progettotouring.it\/radiotouring104\/#website"},"primaryImageOfPage":{"@id":"https:\/\/progettotouring.it\/radiotouring104\/2025\/04\/29\/regione-marziale-in-fase-di-avvio-il-corso-per-i-tutori-dei-minori-stranieri-non-accompagnati\/#primaryimage"},"image":{"@id":"https:\/\/progettotouring.it\/radiotouring104\/2025\/04\/29\/regione-marziale-in-fase-di-avvio-il-corso-per-i-tutori-dei-minori-stranieri-non-accompagnati\/#primaryimage"},"thumbnailUrl":"https:\/\/progettotouring.it\/radiotouring104\/wp-content\/uploads\/sites\/6\/2024\/05\/Marziale-garante.jpg","datePublished":"2025-04-29T06:57:14+00:00","dateModified":"2025-04-29T07:35:45+00:00","description":"Il Garante ha siglato un protocollo d'intesa con le Universit\u00e0 in favore dei tutori volontari dei minori stranieri non accompagnati","breadcrumb":{"@id":"https:\/\/progettotouring.it\/radiotouring104\/2025\/04\/29\/regione-marziale-in-fase-di-avvio-il-corso-per-i-tutori-dei-minori-stranieri-non-accompagnati\/#breadcrumb"},"inLanguage":"it-IT","potentialAction":[{"@type":"ReadAction","target":["https:\/\/progettotouring.it\/radiotouring104\/2025\/04\/29\/regione-marziale-in-fase-di-avvio-il-corso-per-i-tutori-dei-minori-stranieri-non-accompagnati\/"]}]},{"@type":"ImageObject","inLanguage":"it-IT","@id":"https:\/\/progettotouring.it\/radiotouring104\/2025\/04\/29\/regione-marziale-in-fase-di-avvio-il-corso-per-i-tutori-dei-minori-stranieri-non-accompagnati\/#primaryimage","url":"https:\/\/progettotouring.it\/radiotouring104\/wp-content\/uploads\/sites\/6\/2024\/05\/Marziale-garante.jpg","contentUrl":"https:\/\/progettotouring.it\/radiotouring104\/wp-content\/uploads\/sites\/6\/2024\/05\/Marziale-garante.jpg","width":1024,"height":576},{"@type":"BreadcrumbList","@id":"https:\/\/progettotouring.it\/radiotouring104\/2025\/04\/29\/regione-marziale-in-fase-di-avvio-il-corso-per-i-tutori-dei-minori-stranieri-non-accompagnati\/#breadcrumb","itemListElement":[{"@type":"ListItem","position":1,"name":"Home","item":"https:\/\/progettotouring.it\/radiotouring104\/"},{"@type":"ListItem","position":2,"name":"Regione, Marziale: \u00abIn fase di avvio il corso per i tutori dei minori stranieri non accompagnati\u00bb"}]},{"@type":"WebSite","@id":"https:\/\/progettotouring.it\/radiotouring104\/#website","url":"https:\/\/progettotouring.it\/radiotouring104\/","name":"Radio Touring 104","description":"La prima radio Reggina","publisher":{"@id":"https:\/\/progettotouring.it\/radiotouring104\/#organization"},"potentialAction":[{"@type":"SearchAction","target":{"@type":"EntryPoint","urlTemplate":"https:\/\/progettotouring.it\/radiotouring104\/?s={search_term_string}"},"query-input":{"@type":"PropertyValueSpecification","valueRequired":true,"valueName":"search_term_string"}}],"inLanguage":"it-IT"},{"@type":"Organization","@id":"https:\/\/progettotouring.it\/radiotouring104\/#organization","name":"Radio Touring 104","url":"https:\/\/progettotouring.it\/radiotouring104\/","logo":{"@type":"ImageObject","inLanguage":"it-IT","@id":"https:\/\/progettotouring.it\/radiotouring104\/#\/schema\/logo\/image\/","url":"https:\/\/progettotouring.it\/radiotouring104\/wp-content\/uploads\/sites\/6\/2022\/02\/cropped-logo-radio-touring-104.png","contentUrl":"https:\/\/progettotouring.it\/radiotouring104\/wp-content\/uploads\/sites\/6\/2022\/02\/cropped-logo-radio-touring-104.png","width":377,"height":182,"caption":"Radio Touring 104"},"image":{"@id":"https:\/\/progettotouring.it\/radiotouring104\/#\/schema\/logo\/image\/"}},{"@type":"Person","@id":"https:\/\/progettotouring.it\/radiotouring104\/#\/schema\/person\/78613917f1851f041f7483f5af1d422e","name":"Sebastiano Plutino","image":{"@type":"ImageObject","inLanguage":"it-IT","@id":"https:\/\/secure.gravatar.com\/avatar\/0546ffaa9b79224faf9f2a156b67a529ae861d3287c66c1d8ccfdf909bcba78d?s=96&d=mm&r=g","url":"https:\/\/secure.gravatar.com\/avatar\/0546ffaa9b79224faf9f2a156b67a529ae861d3287c66c1d8ccfdf909bcba78d?s=96&d=mm&r=g","contentUrl":"https:\/\/secure.gravatar.com\/avatar\/0546ffaa9b79224faf9f2a156b67a529ae861d3287c66c1d8ccfdf909bcba78d?s=96&d=mm&r=g","caption":"Sebastiano Plutino"},"url":"https:\/\/progettotouring.it\/radiotouring104\/author\/sebastiano\/"}]}},"jetpack_publicize_connections":[],"jetpack_featured_media_url":"https:\/\/progettotouring.it\/radiotouring104\/wp-content\/uploads\/sites\/6\/2024\/05\/Marziale-garante.jpg","jetpack_sharing_enabled":true,"_links":{"self":[{"href":"https:\/\/progettotouring.it\/radiotouring104\/wp-json\/wp\/v2\/posts\/72313","targetHints":{"allow":["GET"]}}],"collection":[{"href":"https:\/\/progettotouring.it\/radiotouring104\/wp-json\/wp\/v2\/posts"}],"about":[{"href":"https:\/\/progettotouring.it\/radiotouring104\/wp-json\/wp\/v2\/types\/post"}],"author":[{"embeddable":true,"href":"https:\/\/progettotouring.it\/radiotouring104\/wp-json\/wp\/v2\/users\/12"}],"replies":[{"embeddable":true,"href":"https:\/\/progettotouring.it\/radiotouring104\/wp-json\/wp\/v2\/comments?post=72313"}],"version-history":[{"count":3,"href":"https:\/\/progettotouring.it\/radiotouring104\/wp-json\/wp\/v2\/posts\/72313\/revisions"}],"predecessor-version":[{"id":72330,"href":"https:\/\/progettotouring.it\/radiotouring104\/wp-json\/wp\/v2\/posts\/72313\/revisions\/72330"}],"wp:featuredmedia":[{"embeddable":true,"href":"https:\/\/progettotouring.it\/radiotouring104\/wp-json\/wp\/v2\/media\/52407"}],"wp:attachment":[{"href":"https:\/\/progettotouring.it\/radiotouring104\/wp-json\/wp\/v2\/media?parent=72313"}],"wp:term":[{"taxonomy":"category","embeddable":true,"href":"https:\/\/progettotouring.it\/radiotouring104\/wp-json\/wp\/v2\/categories?post=72313"},{"taxonomy":"post_tag","embeddable":true,"href":"https:\/\/progettotouring.it\/radiotouring104\/wp-json\/wp\/v2\/tags?post=72313"}],"curies":[{"name":"wp","href":"https:\/\/api.w.org\/{rel}","templated":true}]}}