{"id":72315,"date":"2025-04-29T09:04:12","date_gmt":"2025-04-29T07:04:12","guid":{"rendered":"https:\/\/progettotouring.it\/radiotouring104\/?p=72315"},"modified":"2025-04-29T10:59:24","modified_gmt":"2025-04-29T08:59:24","slug":"segreteria-pd-in-calabria-marino-appoggia-la-candidatura-di-irto","status":"publish","type":"post","link":"https:\/\/progettotouring.it\/radiotouring104\/2025\/04\/29\/segreteria-pd-in-calabria-marino-appoggia-la-candidatura-di-irto\/","title":{"rendered":"Segreteria Pd in Calabria, il Senatore Irto si ricandida &#8220;Creare l&#8217;alternativa&#8221;"},"content":{"rendered":"<p style=\"text-align: justify\">Il senatore<strong> Nicola Irto, segretario uscente del Pd in Calabria, ripropone la propria candidatura<\/strong> alla guida del partito nella regione.<\/p>\n<p style=\"text-align: justify\">Ad <strong>ufficializzarlo \u00e9 stato lo stesso Irto in una conferenza stampa a Rende<\/strong>, nella sede dell&#8217;Universit\u00e0 della Calabria, nel corso della quale ha presentato i contenuti della mozione &#8220;Ri-Generazione: Territorio, Identit\u00e0, Futuro&#8221; con cui intende rilanciare l&#8217;impegno &#8220;per un partito vicino ai territori, radicato nell&#8217;identit\u00e0 calabrese e proiettato verso il futuro&#8221;.<\/p>\n<p style=\"text-align: justify\"><em>&#8220;Credo che il congresso regionale che andremo a celebrare a met\u00e0 maggio<\/em> &#8211;<strong> ha detto Irto<\/strong> <em>&#8211; rappresenti per noi un&#8217;occasione non solo per discutere le nostre questioni interne, ma anche per creare l&#8217;alternativa alle destre in Calabria e, in prospettiva, in tutto il Paese. <\/em><em>Abbiamo il compito di rilanciare la questione calabrese a livello nazionale. Non ci si pu\u00f2 dimenticare di questa regione. Il prossimo passo sar\u00e0 sicuramente la costruzione di un campo di forze larghissimo che, senza veti n\u00e9 pregiudizi, deve mettersi assieme per combattere una destra che ha dimostrato di essere lontana dai bisogni e dalle speranze dei calabresi. Assieme agli alleati poi capiremo quale sintesi e con quale candidata o candidato presidente questo progetto si potr\u00e0 interpretare meglio per presentarsi alle prossime elezioni regionali&#8221;.<\/em><\/p>\n<p style=\"text-align: justify\"><strong>Irto ha anche annunciato la presenza nei prossimi mesi in Calabria della segretaria Elly Schlein.<\/strong><em><strong> &#8220;<\/strong>La segretaria, proprio questa mattina<\/em> <strong>&#8211; ha detto il parlamentare<\/strong> &#8211; <em>ha accolto il mio invito a visitare un presidio ospedaliero calabrese. Oggi il tema della sanit\u00e0 \u00e8 il dramma dei calabresi, ai quali non viene garantito il diritto di curarsi. Siamo nel momento pi\u00f9 basso per la sanit\u00e0 della nostra regione. Per questo servono una presa di coscienza forte ed un partito che stia accanto ai bisogni dei cittadini&#8221;.<\/em><br \/>\n<em>\u00a0\u00a0\u00a0<\/em><\/p>\n<h3><\/h3>\n<h3><b>Il Consigliere Marino: \u00abCon\u00a0Irto\u00a0uniti in un percorso politico di ascolto e servizio per i territori\u00bb<\/b><\/h3>\n<p class=\"xmprfx_MsoNormal\" style=\"text-align: justify\">\u00ab<em>Quello di oggi \u00e8 un chiaro segnale: il Partito democratico calabrese \u00e8 unito e pronto a lavorare per il bene del territorio\u00bb.<\/em> Cos\u00ec <strong>Giuseppe Marino,<\/strong> capogruppo in consiglio comunale al Comune di Reggio Calabria,<strong> ha commentato la candidatura di Nicola Irto alla segreteria regionale del partito, presentata all\u2019Universit\u00e0 della Calabria di Rende.<\/strong> Irto \u00e8 l\u2019unico candidato, <em>\u00abun dato<\/em> <strong>\u2013 commenta Marino<\/strong> \u2013<em> che sancisce la fiducia degli iscritti nei suoi confronti e che ci d\u00e0 forza e sicurezza nel proseguire un percorso gi\u00e0 tracciato e destinato a crescere\u00bb.<\/em><\/p>\n<p class=\"xmprfx_MsoNormal\" style=\"text-align: justify\"><strong>Nel corso degli anni,<\/strong><em> \u00abIrto ha avviato<\/em> \u2013<strong> prosegue il capogruppo<\/strong> \u2013<em> un lavoro di ricostruzione del Pd calabrese, guidando il partito verso una fase nuova di apertura e di ascolto del territorio. Sono state portate avanti diverse battaglie importanti su alcuni dei temi strategici per il futuro della Calabria; un percorso che ha potuto contare anche sul coinvolgimento delle associazioni di categoria, degli enti di Terzo Settore, delle organizzazioni sindacali e di tutto il mondo dell\u2019attivismo civico\u00bb.<\/em> In merito ai temi, <em>\u00abquello delle aree interne<\/em> \u2013<strong> spiega<\/strong> \u2013 <em>rappresenta un nodo cruciale: il nostro territorio regionale \u00e8 composto soprattutto da aree interne, circa l\u201980%, che necessitano di cura e di servizi e che sono state troppo a lungo ignorate. Senza dimenticare, poi, i grandi temi dell\u2019alta velocit\u00e0 e della sanit\u00e0, su cui ancora oggi non si riscontrano dal governo regionale n\u00e9 da quello nazionale soluzioni sostenibili e progettualit\u00e0 che rispondano alle esigenze del territorio<b>\u00bb<\/b>.<\/em><\/p>\n<p class=\"xmprfx_MsoNormal\" style=\"text-align: justify\"><strong>L\u2019augurio adesso \u00e8 che<\/strong> <em>\u00abin vista del suo secondo mandato \u2013<\/em> <strong>prosegue Marino<\/strong> \u2013<em> con Nicola Irto il partito possa proseguire in questa direzione, aprendosi ulteriormente a nuovi impulsi e guardando soprattutto alle nuove generazioni. Occorre lavorare con e per i giovani calabresi che hanno voglia di crescere e di spendersi per il proprio territorio. La mia speranza \u00e8 che si possa lavorare alla creazione di una vera e propria scuola di formazione politica, strutturando una sinergia con le universit\u00e0 della regione. Come partito, e come gi\u00e0 evidenziato da Irto stesso questa mattina, abbiamo il dovere di guardare in prospettiva: non esiste alcun futuro possibile senza la presenza appassionata e volenterosa dei nostri giovani\u00bb.<\/em><\/p>\n","protected":false},"excerpt":{"rendered":"<p>Il senatore Nicola Irto, segretario uscente del Pd in Calabria, ripropone la propria candidatura alla guida del partito nella regione. Ad ufficializzarlo \u00e9 stato lo stesso Irto in una conferenza&hellip;<\/p>\n","protected":false},"author":12,"featured_media":0,"comment_status":"closed","ping_status":"open","sticky":false,"template":"","format":"standard","meta":{"_jetpack_memberships_contains_paid_content":false,"footnotes":"","jetpack_publicize_message":"","jetpack_publicize_feature_enabled":true,"jetpack_social_post_already_shared":true,"jetpack_social_options":{"image_generator_settings":{"template":"highway","default_image_id":0,"font":"","enabled":false},"version":2}},"categories":[142,921,196],"tags":[3631,3304,42927,42926],"class_list":["post-72315","post","type-post","status-publish","format-standard","hentry","category-calabria","category-home","category-news","tag-giuseppe-marino","tag-nicola-irto","tag-presentazione-candidatura","tag-segreteria-pd-calabria"],"yoast_head":"<!-- This site is optimized with the Yoast SEO plugin v27.2 - https:\/\/yoast.com\/product\/yoast-seo-wordpress\/ -->\n<title>Segreteria Pd Calabria, Irto si ricandida &quot;Creare l&#039;alternativa&quot;<\/title>\n<meta name=\"description\" content=\"Il Senatore Pd presenta a Rende l&#039;unica candidatura alla Segreteria Regionale del Pd. Candidatura sostenuta dal Consigliere reggino, Marino\" \/>\n<meta name=\"robots\" content=\"index, follow, max-snippet:-1, max-image-preview:large, max-video-preview:-1\" \/>\n<link rel=\"canonical\" href=\"https:\/\/progettotouring.it\/radiotouring104\/2025\/04\/29\/segreteria-pd-in-calabria-marino-appoggia-la-candidatura-di-irto\/\" \/>\n<meta property=\"og:locale\" content=\"it_IT\" \/>\n<meta property=\"og:type\" content=\"article\" \/>\n<meta property=\"og:title\" content=\"Segreteria Pd Calabria, Irto si ricandida &quot;Creare l&#039;alternativa&quot;\" \/>\n<meta property=\"og:description\" content=\"Il Senatore Pd presenta a Rende l&#039;unica candidatura alla Segreteria Regionale del Pd. Candidatura sostenuta dal Consigliere reggino, Marino\" \/>\n<meta property=\"og:url\" content=\"https:\/\/progettotouring.it\/radiotouring104\/2025\/04\/29\/segreteria-pd-in-calabria-marino-appoggia-la-candidatura-di-irto\/\" \/>\n<meta property=\"og:site_name\" content=\"Radio Touring 104\" \/>\n<meta property=\"article:published_time\" content=\"2025-04-29T07:04:12+00:00\" \/>\n<meta property=\"article:modified_time\" content=\"2025-04-29T08:59:24+00:00\" \/>\n<meta property=\"og:image\" content=\"https:\/\/progettotouring.it\/radiotouring104\/wp-content\/uploads\/sites\/6\/2022\/04\/80477792_3217818498233726_5903550934830546944_n.jpg\" \/>\n\t<meta property=\"og:image:width\" content=\"678\" \/>\n\t<meta property=\"og:image:height\" content=\"679\" \/>\n\t<meta property=\"og:image:type\" content=\"image\/jpeg\" \/>\n<meta name=\"author\" content=\"Sebastiano Plutino\" \/>\n<meta name=\"twitter:card\" content=\"summary_large_image\" \/>\n<meta name=\"twitter:label1\" content=\"Scritto da\" \/>\n\t<meta name=\"twitter:data1\" content=\"Sebastiano Plutino\" \/>\n\t<meta name=\"twitter:label2\" content=\"Tempo di lettura stimato\" \/>\n\t<meta name=\"twitter:data2\" content=\"3 minuti\" \/>\n<script type=\"application\/ld+json\" class=\"yoast-schema-graph\">{\"@context\":\"https:\/\/schema.org\",\"@graph\":[{\"@type\":\"Article\",\"@id\":\"https:\/\/progettotouring.it\/radiotouring104\/2025\/04\/29\/segreteria-pd-in-calabria-marino-appoggia-la-candidatura-di-irto\/#article\",\"isPartOf\":{\"@id\":\"https:\/\/progettotouring.it\/radiotouring104\/2025\/04\/29\/segreteria-pd-in-calabria-marino-appoggia-la-candidatura-di-irto\/\"},\"author\":{\"name\":\"Sebastiano Plutino\",\"@id\":\"https:\/\/progettotouring.it\/radiotouring104\/#\/schema\/person\/78613917f1851f041f7483f5af1d422e\"},\"headline\":\"Segreteria Pd in Calabria, il Senatore Irto si ricandida &#8220;Creare l&#8217;alternativa&#8221;\",\"datePublished\":\"2025-04-29T07:04:12+00:00\",\"dateModified\":\"2025-04-29T08:59:24+00:00\",\"mainEntityOfPage\":{\"@id\":\"https:\/\/progettotouring.it\/radiotouring104\/2025\/04\/29\/segreteria-pd-in-calabria-marino-appoggia-la-candidatura-di-irto\/\"},\"wordCount\":658,\"publisher\":{\"@id\":\"https:\/\/progettotouring.it\/radiotouring104\/#organization\"},\"keywords\":[\"Giuseppe Marino\",\"Nicola Irto\",\"presentazione candidatura\",\"Segreteria Pd Calabria\"],\"articleSection\":[\"Calabria\",\"Home\",\"News\"],\"inLanguage\":\"it-IT\"},{\"@type\":\"WebPage\",\"@id\":\"https:\/\/progettotouring.it\/radiotouring104\/2025\/04\/29\/segreteria-pd-in-calabria-marino-appoggia-la-candidatura-di-irto\/\",\"url\":\"https:\/\/progettotouring.it\/radiotouring104\/2025\/04\/29\/segreteria-pd-in-calabria-marino-appoggia-la-candidatura-di-irto\/\",\"name\":\"Segreteria Pd Calabria, Irto si ricandida \\\"Creare l'alternativa\\\"\",\"isPartOf\":{\"@id\":\"https:\/\/progettotouring.it\/radiotouring104\/#website\"},\"datePublished\":\"2025-04-29T07:04:12+00:00\",\"dateModified\":\"2025-04-29T08:59:24+00:00\",\"description\":\"Il Senatore Pd presenta a Rende l'unica candidatura alla Segreteria Regionale del Pd. Candidatura sostenuta dal Consigliere reggino, Marino\",\"breadcrumb\":{\"@id\":\"https:\/\/progettotouring.it\/radiotouring104\/2025\/04\/29\/segreteria-pd-in-calabria-marino-appoggia-la-candidatura-di-irto\/#breadcrumb\"},\"inLanguage\":\"it-IT\",\"potentialAction\":[{\"@type\":\"ReadAction\",\"target\":[\"https:\/\/progettotouring.it\/radiotouring104\/2025\/04\/29\/segreteria-pd-in-calabria-marino-appoggia-la-candidatura-di-irto\/\"]}]},{\"@type\":\"BreadcrumbList\",\"@id\":\"https:\/\/progettotouring.it\/radiotouring104\/2025\/04\/29\/segreteria-pd-in-calabria-marino-appoggia-la-candidatura-di-irto\/#breadcrumb\",\"itemListElement\":[{\"@type\":\"ListItem\",\"position\":1,\"name\":\"Home\",\"item\":\"https:\/\/progettotouring.it\/radiotouring104\/\"},{\"@type\":\"ListItem\",\"position\":2,\"name\":\"Segreteria Pd in Calabria, il Senatore Irto si ricandida &#8220;Creare l&#8217;alternativa&#8221;\"}]},{\"@type\":\"WebSite\",\"@id\":\"https:\/\/progettotouring.it\/radiotouring104\/#website\",\"url\":\"https:\/\/progettotouring.it\/radiotouring104\/\",\"name\":\"Radio Touring 104\",\"description\":\"La prima radio Reggina\",\"publisher\":{\"@id\":\"https:\/\/progettotouring.it\/radiotouring104\/#organization\"},\"potentialAction\":[{\"@type\":\"SearchAction\",\"target\":{\"@type\":\"EntryPoint\",\"urlTemplate\":\"https:\/\/progettotouring.it\/radiotouring104\/?s={search_term_string}\"},\"query-input\":{\"@type\":\"PropertyValueSpecification\",\"valueRequired\":true,\"valueName\":\"search_term_string\"}}],\"inLanguage\":\"it-IT\"},{\"@type\":\"Organization\",\"@id\":\"https:\/\/progettotouring.it\/radiotouring104\/#organization\",\"name\":\"Radio Touring 104\",\"url\":\"https:\/\/progettotouring.it\/radiotouring104\/\",\"logo\":{\"@type\":\"ImageObject\",\"inLanguage\":\"it-IT\",\"@id\":\"https:\/\/progettotouring.it\/radiotouring104\/#\/schema\/logo\/image\/\",\"url\":\"https:\/\/progettotouring.it\/radiotouring104\/wp-content\/uploads\/sites\/6\/2022\/02\/cropped-logo-radio-touring-104.png\",\"contentUrl\":\"https:\/\/progettotouring.it\/radiotouring104\/wp-content\/uploads\/sites\/6\/2022\/02\/cropped-logo-radio-touring-104.png\",\"width\":377,\"height\":182,\"caption\":\"Radio Touring 104\"},\"image\":{\"@id\":\"https:\/\/progettotouring.it\/radiotouring104\/#\/schema\/logo\/image\/\"}},{\"@type\":\"Person\",\"@id\":\"https:\/\/progettotouring.it\/radiotouring104\/#\/schema\/person\/78613917f1851f041f7483f5af1d422e\",\"name\":\"Sebastiano Plutino\",\"image\":{\"@type\":\"ImageObject\",\"inLanguage\":\"it-IT\",\"@id\":\"https:\/\/secure.gravatar.com\/avatar\/0546ffaa9b79224faf9f2a156b67a529ae861d3287c66c1d8ccfdf909bcba78d?s=96&d=mm&r=g\",\"url\":\"https:\/\/secure.gravatar.com\/avatar\/0546ffaa9b79224faf9f2a156b67a529ae861d3287c66c1d8ccfdf909bcba78d?s=96&d=mm&r=g\",\"contentUrl\":\"https:\/\/secure.gravatar.com\/avatar\/0546ffaa9b79224faf9f2a156b67a529ae861d3287c66c1d8ccfdf909bcba78d?s=96&d=mm&r=g\",\"caption\":\"Sebastiano Plutino\"},\"url\":\"https:\/\/progettotouring.it\/radiotouring104\/author\/sebastiano\/\"}]}<\/script>\n<!-- \/ Yoast SEO plugin. -->","yoast_head_json":{"title":"Segreteria Pd Calabria, Irto si ricandida \"Creare l'alternativa\"","description":"Il Senatore Pd presenta a Rende l'unica candidatura alla Segreteria Regionale del Pd. Candidatura sostenuta dal Consigliere reggino, Marino","robots":{"index":"index","follow":"follow","max-snippet":"max-snippet:-1","max-image-preview":"max-image-preview:large","max-video-preview":"max-video-preview:-1"},"canonical":"https:\/\/progettotouring.it\/radiotouring104\/2025\/04\/29\/segreteria-pd-in-calabria-marino-appoggia-la-candidatura-di-irto\/","og_locale":"it_IT","og_type":"article","og_title":"Segreteria Pd Calabria, Irto si ricandida \"Creare l'alternativa\"","og_description":"Il Senatore Pd presenta a Rende l'unica candidatura alla Segreteria Regionale del Pd. Candidatura sostenuta dal Consigliere reggino, Marino","og_url":"https:\/\/progettotouring.it\/radiotouring104\/2025\/04\/29\/segreteria-pd-in-calabria-marino-appoggia-la-candidatura-di-irto\/","og_site_name":"Radio Touring 104","article_published_time":"2025-04-29T07:04:12+00:00","article_modified_time":"2025-04-29T08:59:24+00:00","og_image":[{"width":678,"height":679,"url":"https:\/\/progettotouring.it\/radiotouring104\/wp-content\/uploads\/sites\/6\/2022\/04\/80477792_3217818498233726_5903550934830546944_n.jpg","type":"image\/jpeg"}],"author":"Sebastiano Plutino","twitter_card":"summary_large_image","twitter_misc":{"Scritto da":"Sebastiano Plutino","Tempo di lettura stimato":"3 minuti"},"schema":{"@context":"https:\/\/schema.org","@graph":[{"@type":"Article","@id":"https:\/\/progettotouring.it\/radiotouring104\/2025\/04\/29\/segreteria-pd-in-calabria-marino-appoggia-la-candidatura-di-irto\/#article","isPartOf":{"@id":"https:\/\/progettotouring.it\/radiotouring104\/2025\/04\/29\/segreteria-pd-in-calabria-marino-appoggia-la-candidatura-di-irto\/"},"author":{"name":"Sebastiano Plutino","@id":"https:\/\/progettotouring.it\/radiotouring104\/#\/schema\/person\/78613917f1851f041f7483f5af1d422e"},"headline":"Segreteria Pd in Calabria, il Senatore Irto si ricandida &#8220;Creare l&#8217;alternativa&#8221;","datePublished":"2025-04-29T07:04:12+00:00","dateModified":"2025-04-29T08:59:24+00:00","mainEntityOfPage":{"@id":"https:\/\/progettotouring.it\/radiotouring104\/2025\/04\/29\/segreteria-pd-in-calabria-marino-appoggia-la-candidatura-di-irto\/"},"wordCount":658,"publisher":{"@id":"https:\/\/progettotouring.it\/radiotouring104\/#organization"},"keywords":["Giuseppe Marino","Nicola Irto","presentazione candidatura","Segreteria Pd Calabria"],"articleSection":["Calabria","Home","News"],"inLanguage":"it-IT"},{"@type":"WebPage","@id":"https:\/\/progettotouring.it\/radiotouring104\/2025\/04\/29\/segreteria-pd-in-calabria-marino-appoggia-la-candidatura-di-irto\/","url":"https:\/\/progettotouring.it\/radiotouring104\/2025\/04\/29\/segreteria-pd-in-calabria-marino-appoggia-la-candidatura-di-irto\/","name":"Segreteria Pd Calabria, Irto si ricandida \"Creare l'alternativa\"","isPartOf":{"@id":"https:\/\/progettotouring.it\/radiotouring104\/#website"},"datePublished":"2025-04-29T07:04:12+00:00","dateModified":"2025-04-29T08:59:24+00:00","description":"Il Senatore Pd presenta a Rende l'unica candidatura alla Segreteria Regionale del Pd. Candidatura sostenuta dal Consigliere reggino, Marino","breadcrumb":{"@id":"https:\/\/progettotouring.it\/radiotouring104\/2025\/04\/29\/segreteria-pd-in-calabria-marino-appoggia-la-candidatura-di-irto\/#breadcrumb"},"inLanguage":"it-IT","potentialAction":[{"@type":"ReadAction","target":["https:\/\/progettotouring.it\/radiotouring104\/2025\/04\/29\/segreteria-pd-in-calabria-marino-appoggia-la-candidatura-di-irto\/"]}]},{"@type":"BreadcrumbList","@id":"https:\/\/progettotouring.it\/radiotouring104\/2025\/04\/29\/segreteria-pd-in-calabria-marino-appoggia-la-candidatura-di-irto\/#breadcrumb","itemListElement":[{"@type":"ListItem","position":1,"name":"Home","item":"https:\/\/progettotouring.it\/radiotouring104\/"},{"@type":"ListItem","position":2,"name":"Segreteria Pd in Calabria, il Senatore Irto si ricandida &#8220;Creare l&#8217;alternativa&#8221;"}]},{"@type":"WebSite","@id":"https:\/\/progettotouring.it\/radiotouring104\/#website","url":"https:\/\/progettotouring.it\/radiotouring104\/","name":"Radio Touring 104","description":"La prima radio Reggina","publisher":{"@id":"https:\/\/progettotouring.it\/radiotouring104\/#organization"},"potentialAction":[{"@type":"SearchAction","target":{"@type":"EntryPoint","urlTemplate":"https:\/\/progettotouring.it\/radiotouring104\/?s={search_term_string}"},"query-input":{"@type":"PropertyValueSpecification","valueRequired":true,"valueName":"search_term_string"}}],"inLanguage":"it-IT"},{"@type":"Organization","@id":"https:\/\/progettotouring.it\/radiotouring104\/#organization","name":"Radio Touring 104","url":"https:\/\/progettotouring.it\/radiotouring104\/","logo":{"@type":"ImageObject","inLanguage":"it-IT","@id":"https:\/\/progettotouring.it\/radiotouring104\/#\/schema\/logo\/image\/","url":"https:\/\/progettotouring.it\/radiotouring104\/wp-content\/uploads\/sites\/6\/2022\/02\/cropped-logo-radio-touring-104.png","contentUrl":"https:\/\/progettotouring.it\/radiotouring104\/wp-content\/uploads\/sites\/6\/2022\/02\/cropped-logo-radio-touring-104.png","width":377,"height":182,"caption":"Radio Touring 104"},"image":{"@id":"https:\/\/progettotouring.it\/radiotouring104\/#\/schema\/logo\/image\/"}},{"@type":"Person","@id":"https:\/\/progettotouring.it\/radiotouring104\/#\/schema\/person\/78613917f1851f041f7483f5af1d422e","name":"Sebastiano Plutino","image":{"@type":"ImageObject","inLanguage":"it-IT","@id":"https:\/\/secure.gravatar.com\/avatar\/0546ffaa9b79224faf9f2a156b67a529ae861d3287c66c1d8ccfdf909bcba78d?s=96&d=mm&r=g","url":"https:\/\/secure.gravatar.com\/avatar\/0546ffaa9b79224faf9f2a156b67a529ae861d3287c66c1d8ccfdf909bcba78d?s=96&d=mm&r=g","contentUrl":"https:\/\/secure.gravatar.com\/avatar\/0546ffaa9b79224faf9f2a156b67a529ae861d3287c66c1d8ccfdf909bcba78d?s=96&d=mm&r=g","caption":"Sebastiano Plutino"},"url":"https:\/\/progettotouring.it\/radiotouring104\/author\/sebastiano\/"}]}},"jetpack_publicize_connections":[],"jetpack_featured_media_url":"","jetpack_sharing_enabled":true,"_links":{"self":[{"href":"https:\/\/progettotouring.it\/radiotouring104\/wp-json\/wp\/v2\/posts\/72315","targetHints":{"allow":["GET"]}}],"collection":[{"href":"https:\/\/progettotouring.it\/radiotouring104\/wp-json\/wp\/v2\/posts"}],"about":[{"href":"https:\/\/progettotouring.it\/radiotouring104\/wp-json\/wp\/v2\/types\/post"}],"author":[{"embeddable":true,"href":"https:\/\/progettotouring.it\/radiotouring104\/wp-json\/wp\/v2\/users\/12"}],"replies":[{"embeddable":true,"href":"https:\/\/progettotouring.it\/radiotouring104\/wp-json\/wp\/v2\/comments?post=72315"}],"version-history":[{"count":4,"href":"https:\/\/progettotouring.it\/radiotouring104\/wp-json\/wp\/v2\/posts\/72315\/revisions"}],"predecessor-version":[{"id":72357,"href":"https:\/\/progettotouring.it\/radiotouring104\/wp-json\/wp\/v2\/posts\/72315\/revisions\/72357"}],"wp:attachment":[{"href":"https:\/\/progettotouring.it\/radiotouring104\/wp-json\/wp\/v2\/media?parent=72315"}],"wp:term":[{"taxonomy":"category","embeddable":true,"href":"https:\/\/progettotouring.it\/radiotouring104\/wp-json\/wp\/v2\/categories?post=72315"},{"taxonomy":"post_tag","embeddable":true,"href":"https:\/\/progettotouring.it\/radiotouring104\/wp-json\/wp\/v2\/tags?post=72315"}],"curies":[{"name":"wp","href":"https:\/\/api.w.org\/{rel}","templated":true}]}}