{"id":72322,"date":"2025-04-29T09:24:21","date_gmt":"2025-04-29T07:24:21","guid":{"rendered":"https:\/\/progettotouring.it\/radiotouring104\/?p=72322"},"modified":"2025-04-29T09:24:21","modified_gmt":"2025-04-29T07:24:21","slug":"polistena-presentato-il-libro-di-de-magistris","status":"publish","type":"post","link":"https:\/\/progettotouring.it\/radiotouring104\/2025\/04\/29\/polistena-presentato-il-libro-di-de-magistris\/","title":{"rendered":"Polistena: presentato il libro di De Magistris"},"content":{"rendered":"<p class=\"xmprfx_MsoNormal\" style=\"text-align: justify\">Un grande successo di pubblico ha accompagnato la presentazione svoltasi a Polistena del libro di Luigi De Magistris \u201cPOTERI OCCULTI &#8211; Dalla P2 alla criminalit\u00e0 istituzionale: il golpe perenne contro Costituzione e democrazia\u201d.<\/p>\n<p class=\"xmprfx_MsoNormal\" style=\"text-align: justify\">L\u2019evento rientrava nell\u2019ambito della Rassegna Culturale \u201cSENZA MEMORIA NON C\u2019E\u2019 FUTURO\u201d, promossa dalla Fondazione Girolamo Tripodi.<\/p>\n<p class=\"xmprfx_MsoNormal\" style=\"text-align: justify\">La manifestazione \u00e8 stata aperta dai saluti di Michelangelo Tripodi, Presidente della Fondazione, che, in primo luogo, ha ringraziato tutti i numerosi e interessati partecipanti alla presentazione del libro. Tripodi ha, poi, sottolineato l\u2019importanza di riflettere sulla memoria, quale condizione necessaria per comprendere meglio il presente e per costruire un futuro migliore. Il Presidente della Fondazione G. Tripodi ha espresso un giudizio fortemente positivo sul lavoro di Luigi De Magistris e sullo sforzo, che nel libro viene condotto, per riconnettere i pezzi del puzzle di eventi tragici e drammatici che hanno contrassegnato la storia della democrazia italiana, fin dai suoi albori dopo il fascismo e la Liberazione, a partire dalla strage di Portella della Ginestra e fino alle stragi di mafia del 92\/93 che hanno prodotto la normalizzazione regressiva e lo svuotamento della democrazia sostanziale. In questo senso, Tripodi ha sottolineato come gli attacchi al PCI in Calabria negli anni \u201980, culminati nelle uccisioni di Giuseppe Valarioti e Giannino Losardo, non furono episodi isolati, ma rientravano in un piano pi\u00f9 generale diretto alla destabilizzazione della Repubblica.<\/p>\n<p class=\"xmprfx_MsoNormal\" style=\"text-align: justify\">\u00c8 poi intervenuto il Sindaco di Cinquefrondi, Michele Conia, che proprio recentemente, alla luce della positiva esperienza amministrativa che sta portando avanti nel suo comune, \u00e8 stato riproposto per la riconferma alla candidatura al terzo mandato nella qualit\u00e0 di Sindaco di Cinquefrondi. Conia ha ringraziato De Magistris per quest\u2019ennesimo libro che apre uno spaccato su temi fondamentali nella vita della Repubblica ed ha chiuso dicendo \u201cdi fronte ho Mommo Tripodi che non finir\u00f2 mai di ringraziare per quello che mi insegn\u00f2 da giovanissimo e poi c\u2019\u00e8 il titolo del libro Poteri Occulti; allora io penso che per sconfiggere questi poteri occulti, noi dobbiamo essere come qui questa sera: un contropotere visibile alla luce del sole, come siamo noi\u201d.<\/p>\n<p class=\"xmprfx_MsoNormal\" style=\"text-align: justify\">Successivamente c\u2019\u00e8 stato l\u2019intervento appassionato e brillante del prof. Giancarlo Costabile (docente all\u2019UNICAL di Pedagogia dell\u2019Antimafia). Costabile ha ricostruito i concetti di criminalit\u00e0 istituzionale e borghesia mafiosa discussi da Luigi de Magistris nel suo saggio.\u00a0 Per il docente di Pedagogia dell\u2019Antimafia all\u2019Universit\u00e0 della Calabria, il lavoro dell&#8217;ex Pubblico Ministero di Catanzaro segna un momento di nuova consapevolezza nello studio dei poteri criminali sempre di pi\u00f9 presenti nel sistema economico-sociale degli stati. Costabile, citando l&#8217;esperienza di antimafia sociale animata dall&#8217;ex deputato e sindaco di Polistena Girolamo Tripodi, ha poi concluso sulla necessit\u00e0 di costruire una pedagogia della resistenza civile contro la cultura mafiosa delle sudditanze quale strumento di democrazia popolare.<\/p>\n<p class=\"xmprfx_MsoNormal\" style=\"text-align: justify\">La serata si \u00e8 conclusa con l\u2019intervento di Luigi De Magistris che, innanzitutto, ha ringraziato la Fondazione Girolamo Tripodi e il Dipartimento Dices dell\u2019Universit\u00e0 della Calabria per aver voluto presentare questo testo. De Magistris ha riaffermato il suo profondo amore per questa terra, convinto che questa terra prima o poi trover\u00e0 la forza di liberarsi, ed in questo \u201cio sar\u00f2 sempre un combattente in prima linea per un Sud che sogna, per un sud libero, come ho dimostrato nella mia citt\u00e0 di Napoli, quando nessuno ci credeva\u201d. De Magistris ha poi parlato del libro, dicendo che \u201cil libro \u00e8 scritto in maniera semplice in modo che tutti potenzialmente possano capire quello di cui stiamo parlando. Parto dalla Costituzione per dire che non siamo una democrazia sostanziale. Se leggiamo attentamente la Costituzione possiamo costatare che l\u201980% della Costituzione non \u00e8 stato applicato: diritto al lavoro, uguaglianza, ripudio della guerra promozione della cultura e della ricerca, diritto alla salute, tutela dell\u2019ambiente, scuola pubblica, beni comuni, propriet\u00e0 pubblica, ecc. E allora una domanda dobbiamo farcela: come mai una Costituzione cos\u00ec bella, tanto da farci dire che \u00e8 la pi\u00f9 bella del mondo, non \u00e8 stata attuata e perch\u00e9 \u00e8 accaduto questo? Se l\u2019ordine costituito attuasse veramente questi diritti perderebbe il potere, l\u2019ordine costituito vuole che il diritto sia una concessione, un privilegio che ti d\u00e0 il potere. Confesso che sono stanco di una retorica della difesa della Costituzione tradita, a cominciare dalla complicit\u00e0 morale, giuridica, politica e istituzionale sulla violazione dell\u2019art. 11 della Costituzione, sul ripudio della guerra e sulla complicit\u00e0 nei crimini di guerra e nel genocidio.\u201d<\/p>\n<p class=\"xmprfx_MsoNormal\" style=\"text-align: justify\">De Magistris ha poi continuato: \u201cpossiamo definirci una democrazia compiuta se questo paese non ha avuto\u00a0 la volont\u00e0, la capacit\u00e0, il coraggio\u00a0 di avere verit\u00e0 e giustizia su tanti fatti che hanno condizionato la vita democratica del nostro paese: dallo sbarco degli americani, Portella della Ginestra, Enrico Mattei, Piazza Fontana, Italicus, Piazza della Loggia, Piano Solo, Rosa dei Venti, golpe Borghese, Aldo Moro, Gladio, Stay behind, Ustica, Stazione di Bologna, tralascio assassini e omicidi che sono tantissimi compresi quelli avvenuti in Calabria, Piersanti Mattarella, Pio La Torre, strage del rapido 904, Falcone e Borsellino, fino al gennaio 1994 per poi arrivare alla criminalit\u00e0 istituzionale\u201d.<\/p>\n<p class=\"xmprfx_MsoNormal\" style=\"text-align: justify\">\u201cSe si riflette bene questo libro traccia anche un filo a cui d\u00f2 un colore che \u00e8 nero, perch\u00e9 sono arrivato alla conclusione che i fascisti dal nostro paese non se ne sono mai andati: hanno semplicemente agito in maniera diversa, a seconda dei momenti storici con le bombe, con la strategia della tensione, con i poteri occulti che adesso stanno emergendo, tant\u2019\u00e8 vero che quello che era un piano di rinascita eversivo, sotterraneo e criminale della P2 oggi viene discusso in Parlamento, a Palazzo Chigi e nei principali mezzi di comunicazione: fatti e sentenze\u00a0 hanno dimostrato che le frange militari della destra neofascista, sono state create nel nostro paese da forze straniere, per evitare che in Italia ci potesse essere un cambio politico nella direzione Comunista\u201d.<\/p>\n<p class=\"xmprfx_MsoNormal\" style=\"text-align: justify\">De Magistris ha concluso dicendo: \u201cse il livello oggi \u00e8 questo, cio\u00e8 che il piano di Rinascita democratica della P2 sta diventando Stato, temi come l\u2019assetto verticistico dello Stato, Repubblica presidenziale, premierato forte, separazione delle carriere tra Pubblico Ministero e giudice, Pubblico Ministero sottoposto all\u2019esecutivo, controllo dei mezzi di comunicazione pubblici e privati, neutralizzazione delle organizzazioni sindacali pi\u00f9 antagoniste, stato di eccezione che diventa permanente, criminalizzazione del dissenso appartengono alla nostra attualit\u00e0. Prima tutto ci\u00f2 era occulto ora \u00e8 palese e allora ci vuole l\u2019antidoto che sta scritto nel pi\u00f9 grande manifesto rivoluzionario scolpito con il diritto che \u00e8 l\u2019articolo 3 secondo comma della Costituzione \u201cE` compito della Repubblica rimuovere gli ostacoli di ordine economico e sociale, che, limitando di fatto la libert\u00e0 e l&#8217;eguaglianza dei cittadini, impediscono il pieno sviluppo della persona umana e l&#8217;effettiva partecipazione di tutti i lavoratori all&#8217;organizzazione politica, economica e sociale del Paese\u201d. Quell\u2019articolo \u00e8 un\u00a0inno contro l\u2019indifferenza e ci d\u00e0 il compito, la missione: quindi, dobbiamo essere agitati, non possiamo essere complici o indifferenti, non significa essere violenti, significa avere un tumulto dentro e trasportare il tumulto nell\u2019azione. Auguro a tutti voi una stagione di grande militanza sociale, politica e culturale perch\u00e9 ce lo dice la Costituzione come compito, per una nuova pedagogia della Resistenza Costituzionale\u201d.<\/p>\n<p class=\"xmprfx_MsoNormal\" style=\"text-align: justify\">Successivamente ci sono stati alcuni Interventi del pubblico: tra cui Peppe Papasidero (Casa del Popolo Giuseppe Valarioti) e Simone Alecci (attivista e dirigente ANPI).<\/p>\n<p class=\"xmprfx_MsoNormal\" style=\"text-align: justify\">Nel corso della presentazione il Presidente della Fondazione Michelangelo Tripodi ha ricordato con parole di grande apprezzamento la scelta forte e coraggiosa assunta dal Sindaco Conia e dall\u2019Amministrazione di Cinquefrondi di appendere sul muro del Comune la bandiera della Palestina, con l\u2019auspicio che altri comuni in Calabria e in Italia seguano l\u2019esempio di Cinquefrondi e si schierino apertamente a sostegno del popolo palestinese contro il genocidio e lo sterminio dei palestinesi che Israele, con la complicit\u00e0 dell\u2019Occidente, sta perpetrando a Gaza e in Cisgiordania.<\/p>\n","protected":false},"excerpt":{"rendered":"<p>Un grande successo di pubblico ha accompagnato la presentazione svoltasi a Polistena del libro di Luigi De Magistris \u201cPOTERI OCCULTI &#8211; Dalla P2 alla criminalit\u00e0 istituzionale: il golpe perenne contro&hellip;<\/p>\n","protected":false},"author":12,"featured_media":72323,"comment_status":"closed","ping_status":"open","sticky":false,"template":"","format":"standard","meta":{"_jetpack_memberships_contains_paid_content":false,"footnotes":"","jetpack_publicize_message":"","jetpack_publicize_feature_enabled":true,"jetpack_social_post_already_shared":true,"jetpack_social_options":{"image_generator_settings":{"template":"highway","default_image_id":0,"font":"","enabled":false},"version":2}},"categories":[921,196,140],"tags":[752,2932,828,42931,2695],"class_list":["post-72322","post","type-post","status-publish","format-standard","has-post-thumbnail","hentry","category-home","category-news","category-reggio-calabria","tag-fondazione-girolamo-tripodi","tag-luigi-de-magistris","tag-polistena","tag-poteri-occulti-dalla-p2-alla-criminalita-istituzionale","tag-presentazione-libro"],"yoast_head":"<!-- This site is optimized with the Yoast SEO plugin v27.2 - https:\/\/yoast.com\/product\/yoast-seo-wordpress\/ -->\n<title>Polistena: presentato il libro di De Magistris<\/title>\n<meta name=\"description\" content=\"La partecipata presentazione di &quot;POTERI OCCULTI - Dalla P2 alla criminalit\u00e0 istituzionale&quot;, \u00e8 stata promossa dalla Fondazione &quot;Tripodi&quot;\" \/>\n<meta name=\"robots\" content=\"index, follow, max-snippet:-1, max-image-preview:large, max-video-preview:-1\" \/>\n<link rel=\"canonical\" href=\"https:\/\/progettotouring.it\/radiotouring104\/2025\/04\/29\/polistena-presentato-il-libro-di-de-magistris\/\" \/>\n<meta property=\"og:locale\" content=\"it_IT\" \/>\n<meta property=\"og:type\" content=\"article\" \/>\n<meta property=\"og:title\" content=\"Polistena: presentato il libro di De Magistris\" \/>\n<meta property=\"og:description\" content=\"La partecipata presentazione di &quot;POTERI OCCULTI - Dalla P2 alla criminalit\u00e0 istituzionale&quot;, \u00e8 stata promossa dalla Fondazione &quot;Tripodi&quot;\" \/>\n<meta property=\"og:url\" content=\"https:\/\/progettotouring.it\/radiotouring104\/2025\/04\/29\/polistena-presentato-il-libro-di-de-magistris\/\" \/>\n<meta property=\"og:site_name\" content=\"Radio Touring 104\" \/>\n<meta property=\"article:published_time\" content=\"2025-04-29T07:24:21+00:00\" \/>\n<meta property=\"og:image\" content=\"https:\/\/progettotouring.it\/radiotouring104\/wp-content\/uploads\/sites\/6\/2025\/04\/Polistena-Fondazione-Tripodi-De-Magistris.jpg\" \/>\n\t<meta property=\"og:image:width\" content=\"1600\" \/>\n\t<meta property=\"og:image:height\" content=\"1200\" \/>\n\t<meta property=\"og:image:type\" content=\"image\/jpeg\" \/>\n<meta name=\"author\" content=\"Sebastiano Plutino\" \/>\n<meta name=\"twitter:card\" content=\"summary_large_image\" \/>\n<meta name=\"twitter:label1\" content=\"Scritto da\" \/>\n\t<meta name=\"twitter:data1\" content=\"Sebastiano Plutino\" \/>\n\t<meta name=\"twitter:label2\" content=\"Tempo di lettura stimato\" \/>\n\t<meta name=\"twitter:data2\" content=\"6 minuti\" \/>\n<script type=\"application\/ld+json\" class=\"yoast-schema-graph\">{\"@context\":\"https:\/\/schema.org\",\"@graph\":[{\"@type\":\"Article\",\"@id\":\"https:\/\/progettotouring.it\/radiotouring104\/2025\/04\/29\/polistena-presentato-il-libro-di-de-magistris\/#article\",\"isPartOf\":{\"@id\":\"https:\/\/progettotouring.it\/radiotouring104\/2025\/04\/29\/polistena-presentato-il-libro-di-de-magistris\/\"},\"author\":{\"name\":\"Sebastiano Plutino\",\"@id\":\"https:\/\/progettotouring.it\/radiotouring104\/#\/schema\/person\/78613917f1851f041f7483f5af1d422e\"},\"headline\":\"Polistena: presentato il libro di De Magistris\",\"datePublished\":\"2025-04-29T07:24:21+00:00\",\"mainEntityOfPage\":{\"@id\":\"https:\/\/progettotouring.it\/radiotouring104\/2025\/04\/29\/polistena-presentato-il-libro-di-de-magistris\/\"},\"wordCount\":1283,\"publisher\":{\"@id\":\"https:\/\/progettotouring.it\/radiotouring104\/#organization\"},\"image\":{\"@id\":\"https:\/\/progettotouring.it\/radiotouring104\/2025\/04\/29\/polistena-presentato-il-libro-di-de-magistris\/#primaryimage\"},\"thumbnailUrl\":\"https:\/\/progettotouring.it\/radiotouring104\/wp-content\/uploads\/sites\/6\/2025\/04\/Polistena-Fondazione-Tripodi-De-Magistris.jpg\",\"keywords\":[\"fondazione girolamo tripodi\",\"luigi de magistris\",\"Polistena\",\"POTERI OCCULTI - Dalla P2 alla criminalit\u00e0 istituzionale\",\"presentazione libro\"],\"articleSection\":[\"Home\",\"News\",\"Reggio Calabria\"],\"inLanguage\":\"it-IT\"},{\"@type\":\"WebPage\",\"@id\":\"https:\/\/progettotouring.it\/radiotouring104\/2025\/04\/29\/polistena-presentato-il-libro-di-de-magistris\/\",\"url\":\"https:\/\/progettotouring.it\/radiotouring104\/2025\/04\/29\/polistena-presentato-il-libro-di-de-magistris\/\",\"name\":\"Polistena: presentato il libro di De Magistris\",\"isPartOf\":{\"@id\":\"https:\/\/progettotouring.it\/radiotouring104\/#website\"},\"primaryImageOfPage\":{\"@id\":\"https:\/\/progettotouring.it\/radiotouring104\/2025\/04\/29\/polistena-presentato-il-libro-di-de-magistris\/#primaryimage\"},\"image\":{\"@id\":\"https:\/\/progettotouring.it\/radiotouring104\/2025\/04\/29\/polistena-presentato-il-libro-di-de-magistris\/#primaryimage\"},\"thumbnailUrl\":\"https:\/\/progettotouring.it\/radiotouring104\/wp-content\/uploads\/sites\/6\/2025\/04\/Polistena-Fondazione-Tripodi-De-Magistris.jpg\",\"datePublished\":\"2025-04-29T07:24:21+00:00\",\"description\":\"La partecipata presentazione di \\\"POTERI OCCULTI - Dalla P2 alla criminalit\u00e0 istituzionale\\\", \u00e8 stata promossa dalla Fondazione \\\"Tripodi\\\"\",\"breadcrumb\":{\"@id\":\"https:\/\/progettotouring.it\/radiotouring104\/2025\/04\/29\/polistena-presentato-il-libro-di-de-magistris\/#breadcrumb\"},\"inLanguage\":\"it-IT\",\"potentialAction\":[{\"@type\":\"ReadAction\",\"target\":[\"https:\/\/progettotouring.it\/radiotouring104\/2025\/04\/29\/polistena-presentato-il-libro-di-de-magistris\/\"]}]},{\"@type\":\"ImageObject\",\"inLanguage\":\"it-IT\",\"@id\":\"https:\/\/progettotouring.it\/radiotouring104\/2025\/04\/29\/polistena-presentato-il-libro-di-de-magistris\/#primaryimage\",\"url\":\"https:\/\/progettotouring.it\/radiotouring104\/wp-content\/uploads\/sites\/6\/2025\/04\/Polistena-Fondazione-Tripodi-De-Magistris.jpg\",\"contentUrl\":\"https:\/\/progettotouring.it\/radiotouring104\/wp-content\/uploads\/sites\/6\/2025\/04\/Polistena-Fondazione-Tripodi-De-Magistris.jpg\",\"width\":1600,\"height\":1200},{\"@type\":\"BreadcrumbList\",\"@id\":\"https:\/\/progettotouring.it\/radiotouring104\/2025\/04\/29\/polistena-presentato-il-libro-di-de-magistris\/#breadcrumb\",\"itemListElement\":[{\"@type\":\"ListItem\",\"position\":1,\"name\":\"Home\",\"item\":\"https:\/\/progettotouring.it\/radiotouring104\/\"},{\"@type\":\"ListItem\",\"position\":2,\"name\":\"Polistena: presentato il libro di De Magistris\"}]},{\"@type\":\"WebSite\",\"@id\":\"https:\/\/progettotouring.it\/radiotouring104\/#website\",\"url\":\"https:\/\/progettotouring.it\/radiotouring104\/\",\"name\":\"Radio Touring 104\",\"description\":\"La prima radio Reggina\",\"publisher\":{\"@id\":\"https:\/\/progettotouring.it\/radiotouring104\/#organization\"},\"potentialAction\":[{\"@type\":\"SearchAction\",\"target\":{\"@type\":\"EntryPoint\",\"urlTemplate\":\"https:\/\/progettotouring.it\/radiotouring104\/?s={search_term_string}\"},\"query-input\":{\"@type\":\"PropertyValueSpecification\",\"valueRequired\":true,\"valueName\":\"search_term_string\"}}],\"inLanguage\":\"it-IT\"},{\"@type\":\"Organization\",\"@id\":\"https:\/\/progettotouring.it\/radiotouring104\/#organization\",\"name\":\"Radio Touring 104\",\"url\":\"https:\/\/progettotouring.it\/radiotouring104\/\",\"logo\":{\"@type\":\"ImageObject\",\"inLanguage\":\"it-IT\",\"@id\":\"https:\/\/progettotouring.it\/radiotouring104\/#\/schema\/logo\/image\/\",\"url\":\"https:\/\/progettotouring.it\/radiotouring104\/wp-content\/uploads\/sites\/6\/2022\/02\/cropped-logo-radio-touring-104.png\",\"contentUrl\":\"https:\/\/progettotouring.it\/radiotouring104\/wp-content\/uploads\/sites\/6\/2022\/02\/cropped-logo-radio-touring-104.png\",\"width\":377,\"height\":182,\"caption\":\"Radio Touring 104\"},\"image\":{\"@id\":\"https:\/\/progettotouring.it\/radiotouring104\/#\/schema\/logo\/image\/\"}},{\"@type\":\"Person\",\"@id\":\"https:\/\/progettotouring.it\/radiotouring104\/#\/schema\/person\/78613917f1851f041f7483f5af1d422e\",\"name\":\"Sebastiano Plutino\",\"image\":{\"@type\":\"ImageObject\",\"inLanguage\":\"it-IT\",\"@id\":\"https:\/\/secure.gravatar.com\/avatar\/0546ffaa9b79224faf9f2a156b67a529ae861d3287c66c1d8ccfdf909bcba78d?s=96&d=mm&r=g\",\"url\":\"https:\/\/secure.gravatar.com\/avatar\/0546ffaa9b79224faf9f2a156b67a529ae861d3287c66c1d8ccfdf909bcba78d?s=96&d=mm&r=g\",\"contentUrl\":\"https:\/\/secure.gravatar.com\/avatar\/0546ffaa9b79224faf9f2a156b67a529ae861d3287c66c1d8ccfdf909bcba78d?s=96&d=mm&r=g\",\"caption\":\"Sebastiano Plutino\"},\"url\":\"https:\/\/progettotouring.it\/radiotouring104\/author\/sebastiano\/\"}]}<\/script>\n<!-- \/ Yoast SEO plugin. -->","yoast_head_json":{"title":"Polistena: presentato il libro di De Magistris","description":"La partecipata presentazione di \"POTERI OCCULTI - Dalla P2 alla criminalit\u00e0 istituzionale\", \u00e8 stata promossa dalla Fondazione \"Tripodi\"","robots":{"index":"index","follow":"follow","max-snippet":"max-snippet:-1","max-image-preview":"max-image-preview:large","max-video-preview":"max-video-preview:-1"},"canonical":"https:\/\/progettotouring.it\/radiotouring104\/2025\/04\/29\/polistena-presentato-il-libro-di-de-magistris\/","og_locale":"it_IT","og_type":"article","og_title":"Polistena: presentato il libro di De Magistris","og_description":"La partecipata presentazione di \"POTERI OCCULTI - Dalla P2 alla criminalit\u00e0 istituzionale\", \u00e8 stata promossa dalla Fondazione \"Tripodi\"","og_url":"https:\/\/progettotouring.it\/radiotouring104\/2025\/04\/29\/polistena-presentato-il-libro-di-de-magistris\/","og_site_name":"Radio Touring 104","article_published_time":"2025-04-29T07:24:21+00:00","og_image":[{"width":1600,"height":1200,"url":"https:\/\/progettotouring.it\/radiotouring104\/wp-content\/uploads\/sites\/6\/2025\/04\/Polistena-Fondazione-Tripodi-De-Magistris.jpg","type":"image\/jpeg"}],"author":"Sebastiano Plutino","twitter_card":"summary_large_image","twitter_misc":{"Scritto da":"Sebastiano Plutino","Tempo di lettura stimato":"6 minuti"},"schema":{"@context":"https:\/\/schema.org","@graph":[{"@type":"Article","@id":"https:\/\/progettotouring.it\/radiotouring104\/2025\/04\/29\/polistena-presentato-il-libro-di-de-magistris\/#article","isPartOf":{"@id":"https:\/\/progettotouring.it\/radiotouring104\/2025\/04\/29\/polistena-presentato-il-libro-di-de-magistris\/"},"author":{"name":"Sebastiano Plutino","@id":"https:\/\/progettotouring.it\/radiotouring104\/#\/schema\/person\/78613917f1851f041f7483f5af1d422e"},"headline":"Polistena: presentato il libro di De Magistris","datePublished":"2025-04-29T07:24:21+00:00","mainEntityOfPage":{"@id":"https:\/\/progettotouring.it\/radiotouring104\/2025\/04\/29\/polistena-presentato-il-libro-di-de-magistris\/"},"wordCount":1283,"publisher":{"@id":"https:\/\/progettotouring.it\/radiotouring104\/#organization"},"image":{"@id":"https:\/\/progettotouring.it\/radiotouring104\/2025\/04\/29\/polistena-presentato-il-libro-di-de-magistris\/#primaryimage"},"thumbnailUrl":"https:\/\/progettotouring.it\/radiotouring104\/wp-content\/uploads\/sites\/6\/2025\/04\/Polistena-Fondazione-Tripodi-De-Magistris.jpg","keywords":["fondazione girolamo tripodi","luigi de magistris","Polistena","POTERI OCCULTI - Dalla P2 alla criminalit\u00e0 istituzionale","presentazione libro"],"articleSection":["Home","News","Reggio Calabria"],"inLanguage":"it-IT"},{"@type":"WebPage","@id":"https:\/\/progettotouring.it\/radiotouring104\/2025\/04\/29\/polistena-presentato-il-libro-di-de-magistris\/","url":"https:\/\/progettotouring.it\/radiotouring104\/2025\/04\/29\/polistena-presentato-il-libro-di-de-magistris\/","name":"Polistena: presentato il libro di De Magistris","isPartOf":{"@id":"https:\/\/progettotouring.it\/radiotouring104\/#website"},"primaryImageOfPage":{"@id":"https:\/\/progettotouring.it\/radiotouring104\/2025\/04\/29\/polistena-presentato-il-libro-di-de-magistris\/#primaryimage"},"image":{"@id":"https:\/\/progettotouring.it\/radiotouring104\/2025\/04\/29\/polistena-presentato-il-libro-di-de-magistris\/#primaryimage"},"thumbnailUrl":"https:\/\/progettotouring.it\/radiotouring104\/wp-content\/uploads\/sites\/6\/2025\/04\/Polistena-Fondazione-Tripodi-De-Magistris.jpg","datePublished":"2025-04-29T07:24:21+00:00","description":"La partecipata presentazione di \"POTERI OCCULTI - Dalla P2 alla criminalit\u00e0 istituzionale\", \u00e8 stata promossa dalla Fondazione \"Tripodi\"","breadcrumb":{"@id":"https:\/\/progettotouring.it\/radiotouring104\/2025\/04\/29\/polistena-presentato-il-libro-di-de-magistris\/#breadcrumb"},"inLanguage":"it-IT","potentialAction":[{"@type":"ReadAction","target":["https:\/\/progettotouring.it\/radiotouring104\/2025\/04\/29\/polistena-presentato-il-libro-di-de-magistris\/"]}]},{"@type":"ImageObject","inLanguage":"it-IT","@id":"https:\/\/progettotouring.it\/radiotouring104\/2025\/04\/29\/polistena-presentato-il-libro-di-de-magistris\/#primaryimage","url":"https:\/\/progettotouring.it\/radiotouring104\/wp-content\/uploads\/sites\/6\/2025\/04\/Polistena-Fondazione-Tripodi-De-Magistris.jpg","contentUrl":"https:\/\/progettotouring.it\/radiotouring104\/wp-content\/uploads\/sites\/6\/2025\/04\/Polistena-Fondazione-Tripodi-De-Magistris.jpg","width":1600,"height":1200},{"@type":"BreadcrumbList","@id":"https:\/\/progettotouring.it\/radiotouring104\/2025\/04\/29\/polistena-presentato-il-libro-di-de-magistris\/#breadcrumb","itemListElement":[{"@type":"ListItem","position":1,"name":"Home","item":"https:\/\/progettotouring.it\/radiotouring104\/"},{"@type":"ListItem","position":2,"name":"Polistena: presentato il libro di De Magistris"}]},{"@type":"WebSite","@id":"https:\/\/progettotouring.it\/radiotouring104\/#website","url":"https:\/\/progettotouring.it\/radiotouring104\/","name":"Radio Touring 104","description":"La prima radio Reggina","publisher":{"@id":"https:\/\/progettotouring.it\/radiotouring104\/#organization"},"potentialAction":[{"@type":"SearchAction","target":{"@type":"EntryPoint","urlTemplate":"https:\/\/progettotouring.it\/radiotouring104\/?s={search_term_string}"},"query-input":{"@type":"PropertyValueSpecification","valueRequired":true,"valueName":"search_term_string"}}],"inLanguage":"it-IT"},{"@type":"Organization","@id":"https:\/\/progettotouring.it\/radiotouring104\/#organization","name":"Radio Touring 104","url":"https:\/\/progettotouring.it\/radiotouring104\/","logo":{"@type":"ImageObject","inLanguage":"it-IT","@id":"https:\/\/progettotouring.it\/radiotouring104\/#\/schema\/logo\/image\/","url":"https:\/\/progettotouring.it\/radiotouring104\/wp-content\/uploads\/sites\/6\/2022\/02\/cropped-logo-radio-touring-104.png","contentUrl":"https:\/\/progettotouring.it\/radiotouring104\/wp-content\/uploads\/sites\/6\/2022\/02\/cropped-logo-radio-touring-104.png","width":377,"height":182,"caption":"Radio Touring 104"},"image":{"@id":"https:\/\/progettotouring.it\/radiotouring104\/#\/schema\/logo\/image\/"}},{"@type":"Person","@id":"https:\/\/progettotouring.it\/radiotouring104\/#\/schema\/person\/78613917f1851f041f7483f5af1d422e","name":"Sebastiano Plutino","image":{"@type":"ImageObject","inLanguage":"it-IT","@id":"https:\/\/secure.gravatar.com\/avatar\/0546ffaa9b79224faf9f2a156b67a529ae861d3287c66c1d8ccfdf909bcba78d?s=96&d=mm&r=g","url":"https:\/\/secure.gravatar.com\/avatar\/0546ffaa9b79224faf9f2a156b67a529ae861d3287c66c1d8ccfdf909bcba78d?s=96&d=mm&r=g","contentUrl":"https:\/\/secure.gravatar.com\/avatar\/0546ffaa9b79224faf9f2a156b67a529ae861d3287c66c1d8ccfdf909bcba78d?s=96&d=mm&r=g","caption":"Sebastiano Plutino"},"url":"https:\/\/progettotouring.it\/radiotouring104\/author\/sebastiano\/"}]}},"jetpack_publicize_connections":[],"jetpack_featured_media_url":"https:\/\/progettotouring.it\/radiotouring104\/wp-content\/uploads\/sites\/6\/2025\/04\/Polistena-Fondazione-Tripodi-De-Magistris.jpg","jetpack_sharing_enabled":true,"_links":{"self":[{"href":"https:\/\/progettotouring.it\/radiotouring104\/wp-json\/wp\/v2\/posts\/72322","targetHints":{"allow":["GET"]}}],"collection":[{"href":"https:\/\/progettotouring.it\/radiotouring104\/wp-json\/wp\/v2\/posts"}],"about":[{"href":"https:\/\/progettotouring.it\/radiotouring104\/wp-json\/wp\/v2\/types\/post"}],"author":[{"embeddable":true,"href":"https:\/\/progettotouring.it\/radiotouring104\/wp-json\/wp\/v2\/users\/12"}],"replies":[{"embeddable":true,"href":"https:\/\/progettotouring.it\/radiotouring104\/wp-json\/wp\/v2\/comments?post=72322"}],"version-history":[{"count":1,"href":"https:\/\/progettotouring.it\/radiotouring104\/wp-json\/wp\/v2\/posts\/72322\/revisions"}],"predecessor-version":[{"id":72324,"href":"https:\/\/progettotouring.it\/radiotouring104\/wp-json\/wp\/v2\/posts\/72322\/revisions\/72324"}],"wp:featuredmedia":[{"embeddable":true,"href":"https:\/\/progettotouring.it\/radiotouring104\/wp-json\/wp\/v2\/media\/72323"}],"wp:attachment":[{"href":"https:\/\/progettotouring.it\/radiotouring104\/wp-json\/wp\/v2\/media?parent=72322"}],"wp:term":[{"taxonomy":"category","embeddable":true,"href":"https:\/\/progettotouring.it\/radiotouring104\/wp-json\/wp\/v2\/categories?post=72322"},{"taxonomy":"post_tag","embeddable":true,"href":"https:\/\/progettotouring.it\/radiotouring104\/wp-json\/wp\/v2\/tags?post=72322"}],"curies":[{"name":"wp","href":"https:\/\/api.w.org\/{rel}","templated":true}]}}