{"id":72339,"date":"2025-04-29T09:58:14","date_gmt":"2025-04-29T07:58:14","guid":{"rendered":"https:\/\/progettotouring.it\/radiotouring104\/?p=72339"},"modified":"2025-04-29T09:58:14","modified_gmt":"2025-04-29T07:58:14","slug":"calabria-stanziati-dal-ministero-quasi-11-milioni-per-le-aree-montane","status":"publish","type":"post","link":"https:\/\/progettotouring.it\/radiotouring104\/2025\/04\/29\/calabria-stanziati-dal-ministero-quasi-11-milioni-per-le-aree-montane\/","title":{"rendered":"Calabria: stanziati dal Ministero quasi 11 milioni per le aree montane"},"content":{"rendered":"<p style=\"text-align: justify\">Il Ministero del Turismo ha destinato 10 milioni 993 mila 613 euro, nell&#8217;ambito dei fondi Psc\/Funt rientranti nel progetto Montagna Italia, in favore della valorizzazione turistica, del potenziamento delle infrastrutture e della fruizione sostenibile dei territori montuosi della Calabria. Lo rende noto un comunicato del Ministero.<\/p>\n<p style=\"text-align: justify\"><em>&#8220;I quasi 11 milioni di risorse, nella forma del contributo a fondo perduto<\/em> &#8211;<strong> \u00e8 detto nel comunicato<\/strong> &#8211;<em> sono stati diretti alla realizzazione di 6 progetti presentati da soggetti privati profit e non profit, con preferenza premiale per quelli organizzati in rete o raggruppati. Si tratta di &#8216;Montagna easy&#8217;, che propone di incentivare turismo sostenibile e innovazione digitale, con strumenti tecnologici per operatori e utenti finali; di &#8216;Next Stop: Pollino. E-cosistema turistico del parco nazionale pi\u00f9 grande d&#8217;Italia&#8217;, col duplice obiettivo di innalzare la capacit\u00e0 competitiva delle imprese e promuovere un&#8217;offerta turistica basata sulla sostenibilit\u00e0 ambientale, l&#8217;innovazione e la digitalizzazione dei servizi; di &#8216;Sila COR DREAM &#8211; PROGETTO PER LA MONTAGNA&#8217;, che, partendo dai fabbisogni e dal contesto del territorio, prevede la realizzazione di una serie di servizi capaci di qualificare, potenziale e diversificare l&#8217;offerta turistica del territorio montano di Corigliano Rossano; del piano strategico &#8216;Le Montagne del Sole&#8217;, mirato a costruire un nuovo prodotto turistico organico all&#8217;insegna di territorio, comunit\u00e0, sostenibilit\u00e0 e autenticit\u00e0 esperienziale; dell&#8217;iniziativa &#8216;HIGH WELLNESS &#8211; South Italy&#8217;, per il rilancio del turismo montano regionale, attraverso adeguamenti infrastrutturali, creazione e promozione di prodotti turistici sostenibili e creazione di un sistema di rete di cooperazione tra gli operatori e dell&#8217;iniziativa per la valorizzazione dell&#8217;area montana della Locride, attraverso lo sviluppo del patrimonio materiale e immateriale e degli asset naturalistici della zona&#8221;.<\/em><\/p>\n<p style=\"text-align: justify\"><em>&#8220;La montagna italiana, da nord a sud<\/em><strong> &#8211; \u00e8 detto ancora nella nota<\/strong> <em>&#8211; costituisce una vera e propria ricchezza per l&#8217;intera penisola. Da qui, il Ministero del Turismo ha individuato la necessit\u00e0 di predisporre un corpus organico e strutturale di finanziamenti atti a incoraggiare attivit\u00e0 di promozione e valorizzazione di un tesoro che, se adeguatamente messo a sistema, pu\u00f2 apportare importanti benefici all&#8217;industria turistica e all&#8217;economia dell&#8217;Italia&#8221;.<\/em><\/p>\n<p style=\"text-align: justify\"><em>&#8220;Con &#8216;Montagna Italia<\/em><strong><em>&#8216; &#8211;<\/em> dichiara il ministro del Turismo Daniela Santanch\u00e8 &#8211;<\/strong><em> puntiamo a rafforzare il sistema montano italiano sostenendo le attivit\u00e0 imprenditoriali presenti sul territorio nazionale, promuovendo le attivit\u00e0 di rete tra le imprese turistiche e il partenariato pubblico-privato, incentivando la promozione di prodotti tipici e del turismo esperienziale, e facendo leva sul Tourism Digital Hub per amplificare la diffusione e la visibilit\u00e0 delle iniziative attraverso l&#8217;innovazione digitale&#8221;.<\/em><\/p>\n","protected":false},"excerpt":{"rendered":"<p>Il Ministero del Turismo ha destinato 10 milioni 993 mila 613 euro, nell&#8217;ambito dei fondi Psc\/Funt rientranti nel progetto Montagna Italia, in favore della valorizzazione turistica, del potenziamento delle infrastrutture&hellip;<\/p>\n","protected":false},"author":12,"featured_media":55693,"comment_status":"closed","ping_status":"open","sticky":false,"template":"","format":"standard","meta":{"_jetpack_memberships_contains_paid_content":false,"footnotes":"","jetpack_publicize_message":"","jetpack_publicize_feature_enabled":true,"jetpack_social_post_already_shared":true,"jetpack_social_options":{"image_generator_settings":{"template":"highway","default_image_id":0,"font":"","enabled":false},"version":2}},"categories":[142,921,196],"tags":[42942,9799,42941,42940],"class_list":["post-72339","post","type-post","status-publish","format-standard","has-post-thumbnail","hentry","category-calabria","category-home","category-news","tag-aree-montane-calabria","tag-daniela-santanche","tag-finanziati-11-miliioni","tag-ministero-del-turismo"],"yoast_head":"<!-- This site is optimized with the Yoast SEO plugin v27.2 - https:\/\/yoast.com\/product\/yoast-seo-wordpress\/ -->\n<title>Calabria: stanziati dal Ministero quasi 11 milioni per le aree montane - Radio Touring 104<\/title>\n<meta name=\"description\" content=\"&quot;Finanziati 6 progetti di promozione e valorizzazione&quot;, dichiara il Ministro del Turismo, Daniela Santanch\u00e8\" \/>\n<meta name=\"robots\" content=\"index, follow, max-snippet:-1, max-image-preview:large, max-video-preview:-1\" \/>\n<link rel=\"canonical\" href=\"https:\/\/progettotouring.it\/radiotouring104\/2025\/04\/29\/calabria-stanziati-dal-ministero-quasi-11-milioni-per-le-aree-montane\/\" \/>\n<meta property=\"og:locale\" content=\"it_IT\" \/>\n<meta property=\"og:type\" content=\"article\" \/>\n<meta property=\"og:title\" content=\"Calabria: stanziati dal Ministero quasi 11 milioni per le aree montane - Radio Touring 104\" \/>\n<meta property=\"og:description\" content=\"&quot;Finanziati 6 progetti di promozione e valorizzazione&quot;, dichiara il Ministro del Turismo, Daniela Santanch\u00e8\" \/>\n<meta property=\"og:url\" content=\"https:\/\/progettotouring.it\/radiotouring104\/2025\/04\/29\/calabria-stanziati-dal-ministero-quasi-11-milioni-per-le-aree-montane\/\" \/>\n<meta property=\"og:site_name\" content=\"Radio Touring 104\" \/>\n<meta property=\"article:published_time\" content=\"2025-04-29T07:58:14+00:00\" \/>\n<meta property=\"og:image\" content=\"https:\/\/progettotouring.it\/radiotouring104\/wp-content\/uploads\/sites\/6\/2024\/07\/Vibo-Montagna.jpg\" \/>\n\t<meta property=\"og:image:width\" content=\"2048\" \/>\n\t<meta property=\"og:image:height\" content=\"1365\" \/>\n\t<meta property=\"og:image:type\" content=\"image\/jpeg\" \/>\n<meta name=\"author\" content=\"Sebastiano Plutino\" \/>\n<meta name=\"twitter:card\" content=\"summary_large_image\" \/>\n<meta name=\"twitter:label1\" content=\"Scritto da\" \/>\n\t<meta name=\"twitter:data1\" content=\"Sebastiano Plutino\" \/>\n\t<meta name=\"twitter:label2\" content=\"Tempo di lettura stimato\" \/>\n\t<meta name=\"twitter:data2\" content=\"2 minuti\" \/>\n<script type=\"application\/ld+json\" class=\"yoast-schema-graph\">{\"@context\":\"https:\/\/schema.org\",\"@graph\":[{\"@type\":\"Article\",\"@id\":\"https:\/\/progettotouring.it\/radiotouring104\/2025\/04\/29\/calabria-stanziati-dal-ministero-quasi-11-milioni-per-le-aree-montane\/#article\",\"isPartOf\":{\"@id\":\"https:\/\/progettotouring.it\/radiotouring104\/2025\/04\/29\/calabria-stanziati-dal-ministero-quasi-11-milioni-per-le-aree-montane\/\"},\"author\":{\"name\":\"Sebastiano Plutino\",\"@id\":\"https:\/\/progettotouring.it\/radiotouring104\/#\/schema\/person\/78613917f1851f041f7483f5af1d422e\"},\"headline\":\"Calabria: stanziati dal Ministero quasi 11 milioni per le aree montane\",\"datePublished\":\"2025-04-29T07:58:14+00:00\",\"mainEntityOfPage\":{\"@id\":\"https:\/\/progettotouring.it\/radiotouring104\/2025\/04\/29\/calabria-stanziati-dal-ministero-quasi-11-milioni-per-le-aree-montane\/\"},\"wordCount\":412,\"publisher\":{\"@id\":\"https:\/\/progettotouring.it\/radiotouring104\/#organization\"},\"image\":{\"@id\":\"https:\/\/progettotouring.it\/radiotouring104\/2025\/04\/29\/calabria-stanziati-dal-ministero-quasi-11-milioni-per-le-aree-montane\/#primaryimage\"},\"thumbnailUrl\":\"https:\/\/progettotouring.it\/radiotouring104\/wp-content\/uploads\/sites\/6\/2024\/07\/Vibo-Montagna.jpg\",\"keywords\":[\"aree montane Calabria\",\"Daniela Santanch\u00e8\",\"finanziati 11 miliioni\",\"Ministero del Turismo\"],\"articleSection\":[\"Calabria\",\"Home\",\"News\"],\"inLanguage\":\"it-IT\"},{\"@type\":\"WebPage\",\"@id\":\"https:\/\/progettotouring.it\/radiotouring104\/2025\/04\/29\/calabria-stanziati-dal-ministero-quasi-11-milioni-per-le-aree-montane\/\",\"url\":\"https:\/\/progettotouring.it\/radiotouring104\/2025\/04\/29\/calabria-stanziati-dal-ministero-quasi-11-milioni-per-le-aree-montane\/\",\"name\":\"Calabria: stanziati dal Ministero quasi 11 milioni per le aree montane - Radio Touring 104\",\"isPartOf\":{\"@id\":\"https:\/\/progettotouring.it\/radiotouring104\/#website\"},\"primaryImageOfPage\":{\"@id\":\"https:\/\/progettotouring.it\/radiotouring104\/2025\/04\/29\/calabria-stanziati-dal-ministero-quasi-11-milioni-per-le-aree-montane\/#primaryimage\"},\"image\":{\"@id\":\"https:\/\/progettotouring.it\/radiotouring104\/2025\/04\/29\/calabria-stanziati-dal-ministero-quasi-11-milioni-per-le-aree-montane\/#primaryimage\"},\"thumbnailUrl\":\"https:\/\/progettotouring.it\/radiotouring104\/wp-content\/uploads\/sites\/6\/2024\/07\/Vibo-Montagna.jpg\",\"datePublished\":\"2025-04-29T07:58:14+00:00\",\"description\":\"\\\"Finanziati 6 progetti di promozione e valorizzazione\\\", dichiara il Ministro del Turismo, Daniela Santanch\u00e8\",\"breadcrumb\":{\"@id\":\"https:\/\/progettotouring.it\/radiotouring104\/2025\/04\/29\/calabria-stanziati-dal-ministero-quasi-11-milioni-per-le-aree-montane\/#breadcrumb\"},\"inLanguage\":\"it-IT\",\"potentialAction\":[{\"@type\":\"ReadAction\",\"target\":[\"https:\/\/progettotouring.it\/radiotouring104\/2025\/04\/29\/calabria-stanziati-dal-ministero-quasi-11-milioni-per-le-aree-montane\/\"]}]},{\"@type\":\"ImageObject\",\"inLanguage\":\"it-IT\",\"@id\":\"https:\/\/progettotouring.it\/radiotouring104\/2025\/04\/29\/calabria-stanziati-dal-ministero-quasi-11-milioni-per-le-aree-montane\/#primaryimage\",\"url\":\"https:\/\/progettotouring.it\/radiotouring104\/wp-content\/uploads\/sites\/6\/2024\/07\/Vibo-Montagna.jpg\",\"contentUrl\":\"https:\/\/progettotouring.it\/radiotouring104\/wp-content\/uploads\/sites\/6\/2024\/07\/Vibo-Montagna.jpg\",\"width\":2048,\"height\":1365},{\"@type\":\"BreadcrumbList\",\"@id\":\"https:\/\/progettotouring.it\/radiotouring104\/2025\/04\/29\/calabria-stanziati-dal-ministero-quasi-11-milioni-per-le-aree-montane\/#breadcrumb\",\"itemListElement\":[{\"@type\":\"ListItem\",\"position\":1,\"name\":\"Home\",\"item\":\"https:\/\/progettotouring.it\/radiotouring104\/\"},{\"@type\":\"ListItem\",\"position\":2,\"name\":\"Calabria: stanziati dal Ministero quasi 11 milioni per le aree montane\"}]},{\"@type\":\"WebSite\",\"@id\":\"https:\/\/progettotouring.it\/radiotouring104\/#website\",\"url\":\"https:\/\/progettotouring.it\/radiotouring104\/\",\"name\":\"Radio Touring 104\",\"description\":\"La prima radio Reggina\",\"publisher\":{\"@id\":\"https:\/\/progettotouring.it\/radiotouring104\/#organization\"},\"potentialAction\":[{\"@type\":\"SearchAction\",\"target\":{\"@type\":\"EntryPoint\",\"urlTemplate\":\"https:\/\/progettotouring.it\/radiotouring104\/?s={search_term_string}\"},\"query-input\":{\"@type\":\"PropertyValueSpecification\",\"valueRequired\":true,\"valueName\":\"search_term_string\"}}],\"inLanguage\":\"it-IT\"},{\"@type\":\"Organization\",\"@id\":\"https:\/\/progettotouring.it\/radiotouring104\/#organization\",\"name\":\"Radio Touring 104\",\"url\":\"https:\/\/progettotouring.it\/radiotouring104\/\",\"logo\":{\"@type\":\"ImageObject\",\"inLanguage\":\"it-IT\",\"@id\":\"https:\/\/progettotouring.it\/radiotouring104\/#\/schema\/logo\/image\/\",\"url\":\"https:\/\/progettotouring.it\/radiotouring104\/wp-content\/uploads\/sites\/6\/2022\/02\/cropped-logo-radio-touring-104.png\",\"contentUrl\":\"https:\/\/progettotouring.it\/radiotouring104\/wp-content\/uploads\/sites\/6\/2022\/02\/cropped-logo-radio-touring-104.png\",\"width\":377,\"height\":182,\"caption\":\"Radio Touring 104\"},\"image\":{\"@id\":\"https:\/\/progettotouring.it\/radiotouring104\/#\/schema\/logo\/image\/\"}},{\"@type\":\"Person\",\"@id\":\"https:\/\/progettotouring.it\/radiotouring104\/#\/schema\/person\/78613917f1851f041f7483f5af1d422e\",\"name\":\"Sebastiano Plutino\",\"image\":{\"@type\":\"ImageObject\",\"inLanguage\":\"it-IT\",\"@id\":\"https:\/\/secure.gravatar.com\/avatar\/0546ffaa9b79224faf9f2a156b67a529ae861d3287c66c1d8ccfdf909bcba78d?s=96&d=mm&r=g\",\"url\":\"https:\/\/secure.gravatar.com\/avatar\/0546ffaa9b79224faf9f2a156b67a529ae861d3287c66c1d8ccfdf909bcba78d?s=96&d=mm&r=g\",\"contentUrl\":\"https:\/\/secure.gravatar.com\/avatar\/0546ffaa9b79224faf9f2a156b67a529ae861d3287c66c1d8ccfdf909bcba78d?s=96&d=mm&r=g\",\"caption\":\"Sebastiano Plutino\"},\"url\":\"https:\/\/progettotouring.it\/radiotouring104\/author\/sebastiano\/\"}]}<\/script>\n<!-- \/ Yoast SEO plugin. -->","yoast_head_json":{"title":"Calabria: stanziati dal Ministero quasi 11 milioni per le aree montane - Radio Touring 104","description":"\"Finanziati 6 progetti di promozione e valorizzazione\", dichiara il Ministro del Turismo, Daniela Santanch\u00e8","robots":{"index":"index","follow":"follow","max-snippet":"max-snippet:-1","max-image-preview":"max-image-preview:large","max-video-preview":"max-video-preview:-1"},"canonical":"https:\/\/progettotouring.it\/radiotouring104\/2025\/04\/29\/calabria-stanziati-dal-ministero-quasi-11-milioni-per-le-aree-montane\/","og_locale":"it_IT","og_type":"article","og_title":"Calabria: stanziati dal Ministero quasi 11 milioni per le aree montane - Radio Touring 104","og_description":"\"Finanziati 6 progetti di promozione e valorizzazione\", dichiara il Ministro del Turismo, Daniela Santanch\u00e8","og_url":"https:\/\/progettotouring.it\/radiotouring104\/2025\/04\/29\/calabria-stanziati-dal-ministero-quasi-11-milioni-per-le-aree-montane\/","og_site_name":"Radio Touring 104","article_published_time":"2025-04-29T07:58:14+00:00","og_image":[{"width":2048,"height":1365,"url":"https:\/\/progettotouring.it\/radiotouring104\/wp-content\/uploads\/sites\/6\/2024\/07\/Vibo-Montagna.jpg","type":"image\/jpeg"}],"author":"Sebastiano Plutino","twitter_card":"summary_large_image","twitter_misc":{"Scritto da":"Sebastiano Plutino","Tempo di lettura stimato":"2 minuti"},"schema":{"@context":"https:\/\/schema.org","@graph":[{"@type":"Article","@id":"https:\/\/progettotouring.it\/radiotouring104\/2025\/04\/29\/calabria-stanziati-dal-ministero-quasi-11-milioni-per-le-aree-montane\/#article","isPartOf":{"@id":"https:\/\/progettotouring.it\/radiotouring104\/2025\/04\/29\/calabria-stanziati-dal-ministero-quasi-11-milioni-per-le-aree-montane\/"},"author":{"name":"Sebastiano Plutino","@id":"https:\/\/progettotouring.it\/radiotouring104\/#\/schema\/person\/78613917f1851f041f7483f5af1d422e"},"headline":"Calabria: stanziati dal Ministero quasi 11 milioni per le aree montane","datePublished":"2025-04-29T07:58:14+00:00","mainEntityOfPage":{"@id":"https:\/\/progettotouring.it\/radiotouring104\/2025\/04\/29\/calabria-stanziati-dal-ministero-quasi-11-milioni-per-le-aree-montane\/"},"wordCount":412,"publisher":{"@id":"https:\/\/progettotouring.it\/radiotouring104\/#organization"},"image":{"@id":"https:\/\/progettotouring.it\/radiotouring104\/2025\/04\/29\/calabria-stanziati-dal-ministero-quasi-11-milioni-per-le-aree-montane\/#primaryimage"},"thumbnailUrl":"https:\/\/progettotouring.it\/radiotouring104\/wp-content\/uploads\/sites\/6\/2024\/07\/Vibo-Montagna.jpg","keywords":["aree montane Calabria","Daniela Santanch\u00e8","finanziati 11 miliioni","Ministero del Turismo"],"articleSection":["Calabria","Home","News"],"inLanguage":"it-IT"},{"@type":"WebPage","@id":"https:\/\/progettotouring.it\/radiotouring104\/2025\/04\/29\/calabria-stanziati-dal-ministero-quasi-11-milioni-per-le-aree-montane\/","url":"https:\/\/progettotouring.it\/radiotouring104\/2025\/04\/29\/calabria-stanziati-dal-ministero-quasi-11-milioni-per-le-aree-montane\/","name":"Calabria: stanziati dal Ministero quasi 11 milioni per le aree montane - Radio Touring 104","isPartOf":{"@id":"https:\/\/progettotouring.it\/radiotouring104\/#website"},"primaryImageOfPage":{"@id":"https:\/\/progettotouring.it\/radiotouring104\/2025\/04\/29\/calabria-stanziati-dal-ministero-quasi-11-milioni-per-le-aree-montane\/#primaryimage"},"image":{"@id":"https:\/\/progettotouring.it\/radiotouring104\/2025\/04\/29\/calabria-stanziati-dal-ministero-quasi-11-milioni-per-le-aree-montane\/#primaryimage"},"thumbnailUrl":"https:\/\/progettotouring.it\/radiotouring104\/wp-content\/uploads\/sites\/6\/2024\/07\/Vibo-Montagna.jpg","datePublished":"2025-04-29T07:58:14+00:00","description":"\"Finanziati 6 progetti di promozione e valorizzazione\", dichiara il Ministro del Turismo, Daniela Santanch\u00e8","breadcrumb":{"@id":"https:\/\/progettotouring.it\/radiotouring104\/2025\/04\/29\/calabria-stanziati-dal-ministero-quasi-11-milioni-per-le-aree-montane\/#breadcrumb"},"inLanguage":"it-IT","potentialAction":[{"@type":"ReadAction","target":["https:\/\/progettotouring.it\/radiotouring104\/2025\/04\/29\/calabria-stanziati-dal-ministero-quasi-11-milioni-per-le-aree-montane\/"]}]},{"@type":"ImageObject","inLanguage":"it-IT","@id":"https:\/\/progettotouring.it\/radiotouring104\/2025\/04\/29\/calabria-stanziati-dal-ministero-quasi-11-milioni-per-le-aree-montane\/#primaryimage","url":"https:\/\/progettotouring.it\/radiotouring104\/wp-content\/uploads\/sites\/6\/2024\/07\/Vibo-Montagna.jpg","contentUrl":"https:\/\/progettotouring.it\/radiotouring104\/wp-content\/uploads\/sites\/6\/2024\/07\/Vibo-Montagna.jpg","width":2048,"height":1365},{"@type":"BreadcrumbList","@id":"https:\/\/progettotouring.it\/radiotouring104\/2025\/04\/29\/calabria-stanziati-dal-ministero-quasi-11-milioni-per-le-aree-montane\/#breadcrumb","itemListElement":[{"@type":"ListItem","position":1,"name":"Home","item":"https:\/\/progettotouring.it\/radiotouring104\/"},{"@type":"ListItem","position":2,"name":"Calabria: stanziati dal Ministero quasi 11 milioni per le aree montane"}]},{"@type":"WebSite","@id":"https:\/\/progettotouring.it\/radiotouring104\/#website","url":"https:\/\/progettotouring.it\/radiotouring104\/","name":"Radio Touring 104","description":"La prima radio Reggina","publisher":{"@id":"https:\/\/progettotouring.it\/radiotouring104\/#organization"},"potentialAction":[{"@type":"SearchAction","target":{"@type":"EntryPoint","urlTemplate":"https:\/\/progettotouring.it\/radiotouring104\/?s={search_term_string}"},"query-input":{"@type":"PropertyValueSpecification","valueRequired":true,"valueName":"search_term_string"}}],"inLanguage":"it-IT"},{"@type":"Organization","@id":"https:\/\/progettotouring.it\/radiotouring104\/#organization","name":"Radio Touring 104","url":"https:\/\/progettotouring.it\/radiotouring104\/","logo":{"@type":"ImageObject","inLanguage":"it-IT","@id":"https:\/\/progettotouring.it\/radiotouring104\/#\/schema\/logo\/image\/","url":"https:\/\/progettotouring.it\/radiotouring104\/wp-content\/uploads\/sites\/6\/2022\/02\/cropped-logo-radio-touring-104.png","contentUrl":"https:\/\/progettotouring.it\/radiotouring104\/wp-content\/uploads\/sites\/6\/2022\/02\/cropped-logo-radio-touring-104.png","width":377,"height":182,"caption":"Radio Touring 104"},"image":{"@id":"https:\/\/progettotouring.it\/radiotouring104\/#\/schema\/logo\/image\/"}},{"@type":"Person","@id":"https:\/\/progettotouring.it\/radiotouring104\/#\/schema\/person\/78613917f1851f041f7483f5af1d422e","name":"Sebastiano Plutino","image":{"@type":"ImageObject","inLanguage":"it-IT","@id":"https:\/\/secure.gravatar.com\/avatar\/0546ffaa9b79224faf9f2a156b67a529ae861d3287c66c1d8ccfdf909bcba78d?s=96&d=mm&r=g","url":"https:\/\/secure.gravatar.com\/avatar\/0546ffaa9b79224faf9f2a156b67a529ae861d3287c66c1d8ccfdf909bcba78d?s=96&d=mm&r=g","contentUrl":"https:\/\/secure.gravatar.com\/avatar\/0546ffaa9b79224faf9f2a156b67a529ae861d3287c66c1d8ccfdf909bcba78d?s=96&d=mm&r=g","caption":"Sebastiano Plutino"},"url":"https:\/\/progettotouring.it\/radiotouring104\/author\/sebastiano\/"}]}},"jetpack_publicize_connections":[],"jetpack_featured_media_url":"https:\/\/progettotouring.it\/radiotouring104\/wp-content\/uploads\/sites\/6\/2024\/07\/Vibo-Montagna.jpg","jetpack_sharing_enabled":true,"_links":{"self":[{"href":"https:\/\/progettotouring.it\/radiotouring104\/wp-json\/wp\/v2\/posts\/72339","targetHints":{"allow":["GET"]}}],"collection":[{"href":"https:\/\/progettotouring.it\/radiotouring104\/wp-json\/wp\/v2\/posts"}],"about":[{"href":"https:\/\/progettotouring.it\/radiotouring104\/wp-json\/wp\/v2\/types\/post"}],"author":[{"embeddable":true,"href":"https:\/\/progettotouring.it\/radiotouring104\/wp-json\/wp\/v2\/users\/12"}],"replies":[{"embeddable":true,"href":"https:\/\/progettotouring.it\/radiotouring104\/wp-json\/wp\/v2\/comments?post=72339"}],"version-history":[{"count":1,"href":"https:\/\/progettotouring.it\/radiotouring104\/wp-json\/wp\/v2\/posts\/72339\/revisions"}],"predecessor-version":[{"id":72340,"href":"https:\/\/progettotouring.it\/radiotouring104\/wp-json\/wp\/v2\/posts\/72339\/revisions\/72340"}],"wp:featuredmedia":[{"embeddable":true,"href":"https:\/\/progettotouring.it\/radiotouring104\/wp-json\/wp\/v2\/media\/55693"}],"wp:attachment":[{"href":"https:\/\/progettotouring.it\/radiotouring104\/wp-json\/wp\/v2\/media?parent=72339"}],"wp:term":[{"taxonomy":"category","embeddable":true,"href":"https:\/\/progettotouring.it\/radiotouring104\/wp-json\/wp\/v2\/categories?post=72339"},{"taxonomy":"post_tag","embeddable":true,"href":"https:\/\/progettotouring.it\/radiotouring104\/wp-json\/wp\/v2\/tags?post=72339"}],"curies":[{"name":"wp","href":"https:\/\/api.w.org\/{rel}","templated":true}]}}