{"id":72341,"date":"2025-04-29T10:05:01","date_gmt":"2025-04-29T08:05:01","guid":{"rendered":"https:\/\/progettotouring.it\/radiotouring104\/?p=72341"},"modified":"2025-04-29T10:05:01","modified_gmt":"2025-04-29T08:05:01","slug":"il-consigliere-latella-soddisfatto-dello-street-food-reggio-calabria","status":"publish","type":"post","link":"https:\/\/progettotouring.it\/radiotouring104\/2025\/04\/29\/il-consigliere-latella-soddisfatto-dello-street-food-reggio-calabria\/","title":{"rendered":"Il Consigliere Latella soddisfatto dello &#8220;Street Food Reggio Calabria&#8221;"},"content":{"rendered":"<div class=\"msg-view-text-cnt\">\n<div class=\"xam_msg_class\">\n<div dir=\"ltr\">\n<div><em>\u201cQuattro giorni di festa quelli del \u2018Reggio Calabria Street Food Fest\u2019, nei quali, cittadini e turisti hanno avuto l\u2019opportunit\u00e0 di assaporare specialit\u00e0 gastronomiche di assoluta qualit\u00e0, ma soprattutto, si sono lasciati coinvolgere in un viaggio entusiasmante, tra tradizione, novit\u00e0, musica, intrattenimento e tanta spensieratezza\u201d \u2013<\/em> lo<strong> ha dichiarato il Consigliere<\/strong> comunale delegato al Turismo <strong>Giovanni Latella, che ha aggiunto<\/strong>: <em>\u201cReggio Calabria si sta abituando ai grandi eventi e risponde con la maturit\u00e0 delle grandi capitali d&#8217;Europa e del Mediterraneo, grazie ad un\u2019ottima organizzazione che ha messo insieme, oltre allo sforzo del promoter dell\u2019evento, anche le competenze professionali delle aziende di servizio del Comune di Reggio Calabria, Castore, Atam oltre ad Ecologia Oggi, rendendo le quattro giornate impeccabili, sotto tutti i punti di vista. Un plauso in questo senso va indirizzato all&#8217;organizzazione promossa dalla Citt\u00e0 Metropolitana, dal Sindaco Giuseppe Falcomat\u00e0, dal Vicesindaco Carmelo Versace, che hanno creato l&#8217;opportunit\u00e0 per una proficua sinergia tra pubblico e privato che ha prodotto un valore aggiunto importante per il nostro territorio, sia in termini economici che d&#8217;immagine positiva\u201d.<\/em><\/p>\n<p><em>\u201cAbbiamo avuto conferma, qualora ce ne fosse stato il bisogno <strong>&#8211;<\/strong><\/em><strong> sottolinea Latella &#8211;<\/strong><em> che la nostra citt\u00e0 \u00e8 viva, \u00e8 aperta alle \u2018contaminazioni\u2019 sociali e culturali, legate a manifestazioni extracittadine come quella dello Street Food, ma soprattutto, \u00e8 in continuo fermento, grazie all\u2019offerta di eventi messa in campo da Comune e Citt\u00e0 Metropolitana, attraverso una programmazione accurata e studiata nei tempi e nei modi giusti, che ci ha permesso di destagionalizzare le attivit\u00e0 attrattive e promozionali che riguardano lo sviluppo dei nostri territori&#8221;.<\/em><\/p>\n<div style=\"text-align: justify\"><\/div>\n<div style=\"text-align: justify\"><em>&#8220;In queste settimane sono tantissimi gli eventi che si stanno susseguendo sul nostro territorio. Sia sotto il profilo sportivo, ad esempio con il Giro Handbike, il Giro Ciclistico della Citt\u00e0 Metropolitana, la partita della Nazionale Italiana di Basket, ma anche sotto il profilo prettamente turistico, con una citt\u00e0 brulicante di meeting, raduni, importanti meeting nazionali ed internazionali, l&#8217;arrivo delle navi da crociera\u201d.<\/em><\/p>\n<div style=\"text-align: justify\"><\/div>\n<div style=\"text-align: justify\"><em>\u201cE non \u00e8 finita qua\u2026Gi\u00e0 nei prossimi giorni con il Concerto del Primo Maggio, con gli eventi collegati al programma della \u2018Primavera Reggina\u2019, con gli importanti appuntamenti sportivi previsti nelle prossime settimane, sono attese tantissime presenze che movimenteranno ancor di pi\u00f9 l\u2019indotto della nostra citt\u00e0. Parlo ad esempio dell&#8217;inaugurazione del Centro Tecnico Federale di Ciccarello, o ancora del passaggio dell&#8217;Amerigo Vespucci, vera eccellenza della Marina Militare Italiana, che nei prossimi giorni far\u00e0 tappa proprio a Reggio Calabria&#8221;.<\/em><\/p>\n<p><em>\u201cPer questo non vogliamo fermarci e<\/em> &#8211;<strong> conclude<\/strong> &#8211; <em>non faremo in tempo a goderci l\u2019intera rassegna di manifestazioni previste per la \u2018Primavera Reggina\u2019 che saremo travolti dal calendario dell\u2019Estate Reggina, per il quale sono previste tantissime sorprese. Reggio \u00e8 attrattiva, in grado di accogliere e stupire. Grazie al lavoro promosso dalla squadra delle Amministrazioni Comunale e Metropolitana, guidate dal Sindaco Falcomat\u00e0, continueremo a mostrarci all\u2019altezza degli importanti appuntamenti che abbiamo programmato, continuando a custodire e valorizzare il fascino della nostra amata Reggio e la sua naturale vocazione turistica\u201d.<\/em><\/div>\n<\/div>\n<\/div>\n<\/div>\n<\/div>\n<\/div>\n","protected":false},"excerpt":{"rendered":"<p>\u201cQuattro giorni di festa quelli del \u2018Reggio Calabria Street Food Fest\u2019, nei quali, cittadini e turisti hanno avuto l\u2019opportunit\u00e0 di assaporare specialit\u00e0 gastronomiche di assoluta qualit\u00e0, ma soprattutto, si sono&hellip;<\/p>\n","protected":false},"author":12,"featured_media":72342,"comment_status":"closed","ping_status":"open","sticky":false,"template":"","format":"standard","meta":{"_jetpack_memberships_contains_paid_content":false,"footnotes":"","jetpack_publicize_message":"","jetpack_publicize_feature_enabled":true,"jetpack_social_post_already_shared":true,"jetpack_social_options":{"image_generator_settings":{"template":"highway","default_image_id":0,"font":"","enabled":false},"version":2}},"categories":[921,196,140],"tags":[1264,42943,37694,42646],"class_list":["post-72341","post","type-post","status-publish","format-standard","has-post-thumbnail","hentry","category-home","category-news","category-reggio-calabria","tag-giovanni-latella","tag-primavera-reggina-continua","tag-soddisfazione","tag-street-food-reggio-calabria"],"yoast_head":"<!-- This site is optimized with the Yoast SEO plugin v27.2 - https:\/\/yoast.com\/product\/yoast-seo-wordpress\/ -->\n<title>Il Consigliere Latella soddisfatto dello &quot;Street Food Reggio Calabria&quot; - Radio Touring 104<\/title>\n<meta name=\"description\" content=\"\u201cCitt\u00e0 pronta ad ospitare grandi eventi. E non \u00e8 finita, la Primavera Reggina continua&quot;, dichiara il Consigliere Latella\" \/>\n<meta name=\"robots\" content=\"index, follow, max-snippet:-1, max-image-preview:large, max-video-preview:-1\" \/>\n<link rel=\"canonical\" href=\"https:\/\/progettotouring.it\/radiotouring104\/2025\/04\/29\/il-consigliere-latella-soddisfatto-dello-street-food-reggio-calabria\/\" \/>\n<meta property=\"og:locale\" content=\"it_IT\" \/>\n<meta property=\"og:type\" content=\"article\" \/>\n<meta property=\"og:title\" content=\"Il Consigliere Latella soddisfatto dello &quot;Street Food Reggio Calabria&quot; - Radio Touring 104\" \/>\n<meta property=\"og:description\" content=\"\u201cCitt\u00e0 pronta ad ospitare grandi eventi. E non \u00e8 finita, la Primavera Reggina continua&quot;, dichiara il Consigliere Latella\" \/>\n<meta property=\"og:url\" content=\"https:\/\/progettotouring.it\/radiotouring104\/2025\/04\/29\/il-consigliere-latella-soddisfatto-dello-street-food-reggio-calabria\/\" \/>\n<meta property=\"og:site_name\" content=\"Radio Touring 104\" \/>\n<meta property=\"article:published_time\" content=\"2025-04-29T08:05:01+00:00\" \/>\n<meta property=\"og:image\" content=\"https:\/\/progettotouring.it\/radiotouring104\/wp-content\/uploads\/sites\/6\/2025\/04\/street-food-festival-Lungomare-Falcomata.jpeg\" \/>\n\t<meta property=\"og:image:width\" content=\"1600\" \/>\n\t<meta property=\"og:image:height\" content=\"900\" \/>\n\t<meta property=\"og:image:type\" content=\"image\/jpeg\" \/>\n<meta name=\"author\" content=\"Sebastiano Plutino\" \/>\n<meta name=\"twitter:card\" content=\"summary_large_image\" \/>\n<meta name=\"twitter:label1\" content=\"Scritto da\" \/>\n\t<meta name=\"twitter:data1\" content=\"Sebastiano Plutino\" \/>\n\t<meta name=\"twitter:label2\" content=\"Tempo di lettura stimato\" \/>\n\t<meta name=\"twitter:data2\" content=\"2 minuti\" \/>\n<script type=\"application\/ld+json\" class=\"yoast-schema-graph\">{\"@context\":\"https:\/\/schema.org\",\"@graph\":[{\"@type\":\"Article\",\"@id\":\"https:\/\/progettotouring.it\/radiotouring104\/2025\/04\/29\/il-consigliere-latella-soddisfatto-dello-street-food-reggio-calabria\/#article\",\"isPartOf\":{\"@id\":\"https:\/\/progettotouring.it\/radiotouring104\/2025\/04\/29\/il-consigliere-latella-soddisfatto-dello-street-food-reggio-calabria\/\"},\"author\":{\"name\":\"Sebastiano Plutino\",\"@id\":\"https:\/\/progettotouring.it\/radiotouring104\/#\/schema\/person\/78613917f1851f041f7483f5af1d422e\"},\"headline\":\"Il Consigliere Latella soddisfatto dello &#8220;Street Food Reggio Calabria&#8221;\",\"datePublished\":\"2025-04-29T08:05:01+00:00\",\"mainEntityOfPage\":{\"@id\":\"https:\/\/progettotouring.it\/radiotouring104\/2025\/04\/29\/il-consigliere-latella-soddisfatto-dello-street-food-reggio-calabria\/\"},\"wordCount\":497,\"publisher\":{\"@id\":\"https:\/\/progettotouring.it\/radiotouring104\/#organization\"},\"image\":{\"@id\":\"https:\/\/progettotouring.it\/radiotouring104\/2025\/04\/29\/il-consigliere-latella-soddisfatto-dello-street-food-reggio-calabria\/#primaryimage\"},\"thumbnailUrl\":\"https:\/\/progettotouring.it\/radiotouring104\/wp-content\/uploads\/sites\/6\/2025\/04\/street-food-festival-Lungomare-Falcomata.jpeg\",\"keywords\":[\"giovanni latella\",\"Primavera Reggina continua\\\"\",\"soddisfazione\",\"Street Food Reggio Calabria\"],\"articleSection\":[\"Home\",\"News\",\"Reggio Calabria\"],\"inLanguage\":\"it-IT\"},{\"@type\":\"WebPage\",\"@id\":\"https:\/\/progettotouring.it\/radiotouring104\/2025\/04\/29\/il-consigliere-latella-soddisfatto-dello-street-food-reggio-calabria\/\",\"url\":\"https:\/\/progettotouring.it\/radiotouring104\/2025\/04\/29\/il-consigliere-latella-soddisfatto-dello-street-food-reggio-calabria\/\",\"name\":\"Il Consigliere Latella soddisfatto dello \\\"Street Food Reggio Calabria\\\" - Radio Touring 104\",\"isPartOf\":{\"@id\":\"https:\/\/progettotouring.it\/radiotouring104\/#website\"},\"primaryImageOfPage\":{\"@id\":\"https:\/\/progettotouring.it\/radiotouring104\/2025\/04\/29\/il-consigliere-latella-soddisfatto-dello-street-food-reggio-calabria\/#primaryimage\"},\"image\":{\"@id\":\"https:\/\/progettotouring.it\/radiotouring104\/2025\/04\/29\/il-consigliere-latella-soddisfatto-dello-street-food-reggio-calabria\/#primaryimage\"},\"thumbnailUrl\":\"https:\/\/progettotouring.it\/radiotouring104\/wp-content\/uploads\/sites\/6\/2025\/04\/street-food-festival-Lungomare-Falcomata.jpeg\",\"datePublished\":\"2025-04-29T08:05:01+00:00\",\"description\":\"\u201cCitt\u00e0 pronta ad ospitare grandi eventi. E non \u00e8 finita, la Primavera Reggina continua\\\", dichiara il Consigliere Latella\",\"breadcrumb\":{\"@id\":\"https:\/\/progettotouring.it\/radiotouring104\/2025\/04\/29\/il-consigliere-latella-soddisfatto-dello-street-food-reggio-calabria\/#breadcrumb\"},\"inLanguage\":\"it-IT\",\"potentialAction\":[{\"@type\":\"ReadAction\",\"target\":[\"https:\/\/progettotouring.it\/radiotouring104\/2025\/04\/29\/il-consigliere-latella-soddisfatto-dello-street-food-reggio-calabria\/\"]}]},{\"@type\":\"ImageObject\",\"inLanguage\":\"it-IT\",\"@id\":\"https:\/\/progettotouring.it\/radiotouring104\/2025\/04\/29\/il-consigliere-latella-soddisfatto-dello-street-food-reggio-calabria\/#primaryimage\",\"url\":\"https:\/\/progettotouring.it\/radiotouring104\/wp-content\/uploads\/sites\/6\/2025\/04\/street-food-festival-Lungomare-Falcomata.jpeg\",\"contentUrl\":\"https:\/\/progettotouring.it\/radiotouring104\/wp-content\/uploads\/sites\/6\/2025\/04\/street-food-festival-Lungomare-Falcomata.jpeg\",\"width\":1600,\"height\":900},{\"@type\":\"BreadcrumbList\",\"@id\":\"https:\/\/progettotouring.it\/radiotouring104\/2025\/04\/29\/il-consigliere-latella-soddisfatto-dello-street-food-reggio-calabria\/#breadcrumb\",\"itemListElement\":[{\"@type\":\"ListItem\",\"position\":1,\"name\":\"Home\",\"item\":\"https:\/\/progettotouring.it\/radiotouring104\/\"},{\"@type\":\"ListItem\",\"position\":2,\"name\":\"Il Consigliere Latella soddisfatto dello &#8220;Street Food Reggio Calabria&#8221;\"}]},{\"@type\":\"WebSite\",\"@id\":\"https:\/\/progettotouring.it\/radiotouring104\/#website\",\"url\":\"https:\/\/progettotouring.it\/radiotouring104\/\",\"name\":\"Radio Touring 104\",\"description\":\"La prima radio Reggina\",\"publisher\":{\"@id\":\"https:\/\/progettotouring.it\/radiotouring104\/#organization\"},\"potentialAction\":[{\"@type\":\"SearchAction\",\"target\":{\"@type\":\"EntryPoint\",\"urlTemplate\":\"https:\/\/progettotouring.it\/radiotouring104\/?s={search_term_string}\"},\"query-input\":{\"@type\":\"PropertyValueSpecification\",\"valueRequired\":true,\"valueName\":\"search_term_string\"}}],\"inLanguage\":\"it-IT\"},{\"@type\":\"Organization\",\"@id\":\"https:\/\/progettotouring.it\/radiotouring104\/#organization\",\"name\":\"Radio Touring 104\",\"url\":\"https:\/\/progettotouring.it\/radiotouring104\/\",\"logo\":{\"@type\":\"ImageObject\",\"inLanguage\":\"it-IT\",\"@id\":\"https:\/\/progettotouring.it\/radiotouring104\/#\/schema\/logo\/image\/\",\"url\":\"https:\/\/progettotouring.it\/radiotouring104\/wp-content\/uploads\/sites\/6\/2022\/02\/cropped-logo-radio-touring-104.png\",\"contentUrl\":\"https:\/\/progettotouring.it\/radiotouring104\/wp-content\/uploads\/sites\/6\/2022\/02\/cropped-logo-radio-touring-104.png\",\"width\":377,\"height\":182,\"caption\":\"Radio Touring 104\"},\"image\":{\"@id\":\"https:\/\/progettotouring.it\/radiotouring104\/#\/schema\/logo\/image\/\"}},{\"@type\":\"Person\",\"@id\":\"https:\/\/progettotouring.it\/radiotouring104\/#\/schema\/person\/78613917f1851f041f7483f5af1d422e\",\"name\":\"Sebastiano Plutino\",\"image\":{\"@type\":\"ImageObject\",\"inLanguage\":\"it-IT\",\"@id\":\"https:\/\/secure.gravatar.com\/avatar\/0546ffaa9b79224faf9f2a156b67a529ae861d3287c66c1d8ccfdf909bcba78d?s=96&d=mm&r=g\",\"url\":\"https:\/\/secure.gravatar.com\/avatar\/0546ffaa9b79224faf9f2a156b67a529ae861d3287c66c1d8ccfdf909bcba78d?s=96&d=mm&r=g\",\"contentUrl\":\"https:\/\/secure.gravatar.com\/avatar\/0546ffaa9b79224faf9f2a156b67a529ae861d3287c66c1d8ccfdf909bcba78d?s=96&d=mm&r=g\",\"caption\":\"Sebastiano Plutino\"},\"url\":\"https:\/\/progettotouring.it\/radiotouring104\/author\/sebastiano\/\"}]}<\/script>\n<!-- \/ Yoast SEO plugin. -->","yoast_head_json":{"title":"Il Consigliere Latella soddisfatto dello \"Street Food Reggio Calabria\" - Radio Touring 104","description":"\u201cCitt\u00e0 pronta ad ospitare grandi eventi. E non \u00e8 finita, la Primavera Reggina continua\", dichiara il Consigliere Latella","robots":{"index":"index","follow":"follow","max-snippet":"max-snippet:-1","max-image-preview":"max-image-preview:large","max-video-preview":"max-video-preview:-1"},"canonical":"https:\/\/progettotouring.it\/radiotouring104\/2025\/04\/29\/il-consigliere-latella-soddisfatto-dello-street-food-reggio-calabria\/","og_locale":"it_IT","og_type":"article","og_title":"Il Consigliere Latella soddisfatto dello \"Street Food Reggio Calabria\" - Radio Touring 104","og_description":"\u201cCitt\u00e0 pronta ad ospitare grandi eventi. E non \u00e8 finita, la Primavera Reggina continua\", dichiara il Consigliere Latella","og_url":"https:\/\/progettotouring.it\/radiotouring104\/2025\/04\/29\/il-consigliere-latella-soddisfatto-dello-street-food-reggio-calabria\/","og_site_name":"Radio Touring 104","article_published_time":"2025-04-29T08:05:01+00:00","og_image":[{"width":1600,"height":900,"url":"https:\/\/progettotouring.it\/radiotouring104\/wp-content\/uploads\/sites\/6\/2025\/04\/street-food-festival-Lungomare-Falcomata.jpeg","type":"image\/jpeg"}],"author":"Sebastiano Plutino","twitter_card":"summary_large_image","twitter_misc":{"Scritto da":"Sebastiano Plutino","Tempo di lettura stimato":"2 minuti"},"schema":{"@context":"https:\/\/schema.org","@graph":[{"@type":"Article","@id":"https:\/\/progettotouring.it\/radiotouring104\/2025\/04\/29\/il-consigliere-latella-soddisfatto-dello-street-food-reggio-calabria\/#article","isPartOf":{"@id":"https:\/\/progettotouring.it\/radiotouring104\/2025\/04\/29\/il-consigliere-latella-soddisfatto-dello-street-food-reggio-calabria\/"},"author":{"name":"Sebastiano Plutino","@id":"https:\/\/progettotouring.it\/radiotouring104\/#\/schema\/person\/78613917f1851f041f7483f5af1d422e"},"headline":"Il Consigliere Latella soddisfatto dello &#8220;Street Food Reggio Calabria&#8221;","datePublished":"2025-04-29T08:05:01+00:00","mainEntityOfPage":{"@id":"https:\/\/progettotouring.it\/radiotouring104\/2025\/04\/29\/il-consigliere-latella-soddisfatto-dello-street-food-reggio-calabria\/"},"wordCount":497,"publisher":{"@id":"https:\/\/progettotouring.it\/radiotouring104\/#organization"},"image":{"@id":"https:\/\/progettotouring.it\/radiotouring104\/2025\/04\/29\/il-consigliere-latella-soddisfatto-dello-street-food-reggio-calabria\/#primaryimage"},"thumbnailUrl":"https:\/\/progettotouring.it\/radiotouring104\/wp-content\/uploads\/sites\/6\/2025\/04\/street-food-festival-Lungomare-Falcomata.jpeg","keywords":["giovanni latella","Primavera Reggina continua\"","soddisfazione","Street Food Reggio Calabria"],"articleSection":["Home","News","Reggio Calabria"],"inLanguage":"it-IT"},{"@type":"WebPage","@id":"https:\/\/progettotouring.it\/radiotouring104\/2025\/04\/29\/il-consigliere-latella-soddisfatto-dello-street-food-reggio-calabria\/","url":"https:\/\/progettotouring.it\/radiotouring104\/2025\/04\/29\/il-consigliere-latella-soddisfatto-dello-street-food-reggio-calabria\/","name":"Il Consigliere Latella soddisfatto dello \"Street Food Reggio Calabria\" - Radio Touring 104","isPartOf":{"@id":"https:\/\/progettotouring.it\/radiotouring104\/#website"},"primaryImageOfPage":{"@id":"https:\/\/progettotouring.it\/radiotouring104\/2025\/04\/29\/il-consigliere-latella-soddisfatto-dello-street-food-reggio-calabria\/#primaryimage"},"image":{"@id":"https:\/\/progettotouring.it\/radiotouring104\/2025\/04\/29\/il-consigliere-latella-soddisfatto-dello-street-food-reggio-calabria\/#primaryimage"},"thumbnailUrl":"https:\/\/progettotouring.it\/radiotouring104\/wp-content\/uploads\/sites\/6\/2025\/04\/street-food-festival-Lungomare-Falcomata.jpeg","datePublished":"2025-04-29T08:05:01+00:00","description":"\u201cCitt\u00e0 pronta ad ospitare grandi eventi. E non \u00e8 finita, la Primavera Reggina continua\", dichiara il Consigliere Latella","breadcrumb":{"@id":"https:\/\/progettotouring.it\/radiotouring104\/2025\/04\/29\/il-consigliere-latella-soddisfatto-dello-street-food-reggio-calabria\/#breadcrumb"},"inLanguage":"it-IT","potentialAction":[{"@type":"ReadAction","target":["https:\/\/progettotouring.it\/radiotouring104\/2025\/04\/29\/il-consigliere-latella-soddisfatto-dello-street-food-reggio-calabria\/"]}]},{"@type":"ImageObject","inLanguage":"it-IT","@id":"https:\/\/progettotouring.it\/radiotouring104\/2025\/04\/29\/il-consigliere-latella-soddisfatto-dello-street-food-reggio-calabria\/#primaryimage","url":"https:\/\/progettotouring.it\/radiotouring104\/wp-content\/uploads\/sites\/6\/2025\/04\/street-food-festival-Lungomare-Falcomata.jpeg","contentUrl":"https:\/\/progettotouring.it\/radiotouring104\/wp-content\/uploads\/sites\/6\/2025\/04\/street-food-festival-Lungomare-Falcomata.jpeg","width":1600,"height":900},{"@type":"BreadcrumbList","@id":"https:\/\/progettotouring.it\/radiotouring104\/2025\/04\/29\/il-consigliere-latella-soddisfatto-dello-street-food-reggio-calabria\/#breadcrumb","itemListElement":[{"@type":"ListItem","position":1,"name":"Home","item":"https:\/\/progettotouring.it\/radiotouring104\/"},{"@type":"ListItem","position":2,"name":"Il Consigliere Latella soddisfatto dello &#8220;Street Food Reggio Calabria&#8221;"}]},{"@type":"WebSite","@id":"https:\/\/progettotouring.it\/radiotouring104\/#website","url":"https:\/\/progettotouring.it\/radiotouring104\/","name":"Radio Touring 104","description":"La prima radio Reggina","publisher":{"@id":"https:\/\/progettotouring.it\/radiotouring104\/#organization"},"potentialAction":[{"@type":"SearchAction","target":{"@type":"EntryPoint","urlTemplate":"https:\/\/progettotouring.it\/radiotouring104\/?s={search_term_string}"},"query-input":{"@type":"PropertyValueSpecification","valueRequired":true,"valueName":"search_term_string"}}],"inLanguage":"it-IT"},{"@type":"Organization","@id":"https:\/\/progettotouring.it\/radiotouring104\/#organization","name":"Radio Touring 104","url":"https:\/\/progettotouring.it\/radiotouring104\/","logo":{"@type":"ImageObject","inLanguage":"it-IT","@id":"https:\/\/progettotouring.it\/radiotouring104\/#\/schema\/logo\/image\/","url":"https:\/\/progettotouring.it\/radiotouring104\/wp-content\/uploads\/sites\/6\/2022\/02\/cropped-logo-radio-touring-104.png","contentUrl":"https:\/\/progettotouring.it\/radiotouring104\/wp-content\/uploads\/sites\/6\/2022\/02\/cropped-logo-radio-touring-104.png","width":377,"height":182,"caption":"Radio Touring 104"},"image":{"@id":"https:\/\/progettotouring.it\/radiotouring104\/#\/schema\/logo\/image\/"}},{"@type":"Person","@id":"https:\/\/progettotouring.it\/radiotouring104\/#\/schema\/person\/78613917f1851f041f7483f5af1d422e","name":"Sebastiano Plutino","image":{"@type":"ImageObject","inLanguage":"it-IT","@id":"https:\/\/secure.gravatar.com\/avatar\/0546ffaa9b79224faf9f2a156b67a529ae861d3287c66c1d8ccfdf909bcba78d?s=96&d=mm&r=g","url":"https:\/\/secure.gravatar.com\/avatar\/0546ffaa9b79224faf9f2a156b67a529ae861d3287c66c1d8ccfdf909bcba78d?s=96&d=mm&r=g","contentUrl":"https:\/\/secure.gravatar.com\/avatar\/0546ffaa9b79224faf9f2a156b67a529ae861d3287c66c1d8ccfdf909bcba78d?s=96&d=mm&r=g","caption":"Sebastiano Plutino"},"url":"https:\/\/progettotouring.it\/radiotouring104\/author\/sebastiano\/"}]}},"jetpack_publicize_connections":[],"jetpack_featured_media_url":"https:\/\/progettotouring.it\/radiotouring104\/wp-content\/uploads\/sites\/6\/2025\/04\/street-food-festival-Lungomare-Falcomata.jpeg","jetpack_sharing_enabled":true,"_links":{"self":[{"href":"https:\/\/progettotouring.it\/radiotouring104\/wp-json\/wp\/v2\/posts\/72341","targetHints":{"allow":["GET"]}}],"collection":[{"href":"https:\/\/progettotouring.it\/radiotouring104\/wp-json\/wp\/v2\/posts"}],"about":[{"href":"https:\/\/progettotouring.it\/radiotouring104\/wp-json\/wp\/v2\/types\/post"}],"author":[{"embeddable":true,"href":"https:\/\/progettotouring.it\/radiotouring104\/wp-json\/wp\/v2\/users\/12"}],"replies":[{"embeddable":true,"href":"https:\/\/progettotouring.it\/radiotouring104\/wp-json\/wp\/v2\/comments?post=72341"}],"version-history":[{"count":1,"href":"https:\/\/progettotouring.it\/radiotouring104\/wp-json\/wp\/v2\/posts\/72341\/revisions"}],"predecessor-version":[{"id":72343,"href":"https:\/\/progettotouring.it\/radiotouring104\/wp-json\/wp\/v2\/posts\/72341\/revisions\/72343"}],"wp:featuredmedia":[{"embeddable":true,"href":"https:\/\/progettotouring.it\/radiotouring104\/wp-json\/wp\/v2\/media\/72342"}],"wp:attachment":[{"href":"https:\/\/progettotouring.it\/radiotouring104\/wp-json\/wp\/v2\/media?parent=72341"}],"wp:term":[{"taxonomy":"category","embeddable":true,"href":"https:\/\/progettotouring.it\/radiotouring104\/wp-json\/wp\/v2\/categories?post=72341"},{"taxonomy":"post_tag","embeddable":true,"href":"https:\/\/progettotouring.it\/radiotouring104\/wp-json\/wp\/v2\/tags?post=72341"}],"curies":[{"name":"wp","href":"https:\/\/api.w.org\/{rel}","templated":true}]}}