{"id":72392,"date":"2025-04-30T09:02:12","date_gmt":"2025-04-30T07:02:12","guid":{"rendered":"https:\/\/progettotouring.it\/radiotouring104\/?p=72392"},"modified":"2025-04-30T09:02:12","modified_gmt":"2025-04-30T07:02:12","slug":"coni-calabria-celebra-le-medaglie-dargento-al-tirana-trophy-di-tornello-e-perri","status":"publish","type":"post","link":"https:\/\/progettotouring.it\/radiotouring104\/2025\/04\/30\/coni-calabria-celebra-le-medaglie-dargento-al-tirana-trophy-di-tornello-e-perri\/","title":{"rendered":"CONI Calabria celebra le medaglie d\u2019argento al Tirana Trophy di Tornello e Perri"},"content":{"rendered":"<p style=\"text-align: justify\">Sono risultati prestigiosi per la nostra terra, frutto di tanto lavoro e passione, da parte dei ragazzi, delle societ\u00e0 sportive e del supporto delle famiglie. Gli atleti per poter competere a questi livelli sono oramai abituati a delle sedute di allenamento anche doppie durante le giornate dal luned\u00ec al sabato e con allenamenti congiunti con altre societ\u00e0 sportive. Ci\u00f2 comporta indubbiamente dei sacrifici da tutte le parti in causa; tuttavia, trattandosi di sport questi sacrifici vengono in ogni caso ripagati dai risultati sportivi e dalla &#8220;crescita della persona&#8221; dei ragazzi. Calabria e Taekwondo, questo binomio funziona?<\/p>\n<p style=\"text-align: justify\">La Calabria per quanto sia una regionale \u201cpiccola\u201d rispetto ad altre, ha sempre portato ottimi risultati nel Taekwondo. Storicamente la nostra regione ha avuto sempre ottimi direttori tecnici, di ottimo livello, rientranti anche nelle commissioni nazionali. Ha avuto anche ottimi atleti su tutti, Simone Alessio, medaglia olimpica a Parigi e gi\u00e0 campione del mondo ed europeo, ma tantissimi giovani atleti come Ilaria Nicoletti, vicecampionessa europea, o Pierpaolo Torcia, partecipante agli ultimi mondiali junior. La scuola calabrese sforna, annualmente, dei talenti di livello nazionale e internazionale, che vengono convocati nelle diverse rappresentative nazionali. Il taekwondo \u00e8 una disciplina che richiede grande attenzione e rispetto delle regole, quanto pu\u00f2 essere utile ai giovani calabresi la pratica di questo sport per la formazione delle future generazioni? La pratica del Taekwondo richiede una disciplina importante che forma le persone: tante volte, definisco questi ragazzi non atleti, ma \u201cbravi ragazzi\u201d perch\u00e9 il loro percorso non \u00e8 solo un percorso atletico ma \u00e8, soprattutto, formativo dal punto di vista umano.<\/p>\n<p style=\"text-align: justify\">Questo percorso inizia gi\u00e0 a 10 anni con le piccole gare di combattimento, successivamente, seguono gli allenamenti in societ\u00e0, quelli intersocietari, i raduni con la squadra regionale di combattimento e la partecipazione ai campionati interregionali, nazionali e internazionali. Tutto questo fa s\u00ec che diventino non solo dei bravi atleti, ma anche persone vere perch\u00e9 gli si insegna in modo indiretto il rispetto delle regole, il rispetto dell\u2019avversario, la disciplina e il rispetto. Questo fa s\u00ec che il taekwondo prenda dei giovani ragazzi e li riconsegni alla societ\u00e0, a 20-25 anni, come donne e uomini di cui andare fieri. Tante volte ci sentiamo dire dai genitori che grazie alla nostra disciplina sportiva i figli sviluppano una maggiore attenzione, hanno un maggior rispetto e una maggiore educazione rispetto ai coetanei e questo, naturalmente, ci rende estremamente orgogliosi del nostro lavoro. Comitato Regionale Coni Calabria Via dei Correttori, 12 89127 Reggio Calabria (RC) Telefono +39 0965.890587 Fax +06 3272 3503 e-mail: calabria@coni.it \u00c8 stato recentemente eletto nella Giunta Regionale per il quadriennio Olimpico 2025-2028, quale augurio vuole fare allo sport calabrese per questi prossimi 4 anni? Ebbene s\u00ec, recentemente sono entrato in Giunta.<\/p>\n<p style=\"text-align: justify\">Naturalmente ringrazio tutti i Presidenti che mi hanno votato per la stima che mi hanno riconosciuto, mi metto al servizio dello sport calabrese. L\u2019augurio che posso fare \u00e8 quello di contribuire a migliorare la qualit\u00e0 dello sport che si fa in Calabria, augurandomi naturalmente che tutti i progetti del CONI possano andare sempre meglio, che si migliori l\u2019impiantistica sportiva, che si sfrutti sempre di pi\u00f9 la Scuola Regionale dello Sport perch\u00e9, ormai, fare sport sta diventando sempre pi\u00f9 complicato. C\u2019\u00e8 sempre pi\u00f9 burocrazia, quindi, le societ\u00e0 hanno bisogno di maggiore supporto da parte del CONI, dico questo perch\u00e9 come dicevo in precedenza, far praticare lo sport ai ragazzi li migliora sia il livello fisico che intellettuale. \u00c8 nostra responsabilit\u00e0 farci carico di questi compiti, noi cos\u00ec come tutti gli altri enti. Mi auguro che ci sia maggior supporto per lo sport, perch\u00e9 avere maggior supporto significa poter far fare pi\u00f9 sport ai ragazzi e, quindi, riconsegnare successivamente persone con dei valori alla societ\u00e0.<\/p>\n","protected":false},"excerpt":{"rendered":"<p>Sono risultati prestigiosi per la nostra terra, frutto di tanto lavoro e passione, da parte dei ragazzi, delle societ\u00e0 sportive e del supporto delle famiglie. Gli atleti per poter competere&hellip;<\/p>\n","protected":false},"author":12,"featured_media":72393,"comment_status":"closed","ping_status":"open","sticky":false,"template":"","format":"standard","meta":{"_jetpack_memberships_contains_paid_content":false,"footnotes":"","jetpack_publicize_message":"","jetpack_publicize_feature_enabled":true,"jetpack_social_post_already_shared":true,"jetpack_social_options":{"image_generator_settings":{"template":"highway","default_image_id":0,"font":"","enabled":false},"version":2}},"categories":[142,196,144],"tags":[42982,42980,18560,42981,42288,42979],"class_list":["post-72392","post","type-post","status-publish","format-standard","has-post-thumbnail","hentry","category-calabria","category-news","category-sport","tag-alessandro-perri","tag-fita","tag-giancarlo-mascaro","tag-roberto-tornello","tag-taekwondo","tag-tirana-trophy"],"yoast_head":"<!-- This site is optimized with the Yoast SEO plugin v27.2 - https:\/\/yoast.com\/product\/yoast-seo-wordpress\/ -->\n<title>CONI Calabria celebra le medaglie di Tornello e Perri<\/title>\n<meta name=\"description\" content=\"Il pensiero del presidente della FITA, Giancarlo Mascaro, sul taekwondo e sullo sport calabrese e le prestigiose medaglie a Perri e Tornello\" \/>\n<meta name=\"robots\" content=\"index, follow, max-snippet:-1, max-image-preview:large, max-video-preview:-1\" \/>\n<link rel=\"canonical\" href=\"https:\/\/progettotouring.it\/radiotouring104\/2025\/04\/30\/coni-calabria-celebra-le-medaglie-dargento-al-tirana-trophy-di-tornello-e-perri\/\" \/>\n<meta property=\"og:locale\" content=\"it_IT\" \/>\n<meta property=\"og:type\" content=\"article\" \/>\n<meta property=\"og:title\" content=\"CONI Calabria celebra le medaglie di Tornello e Perri\" \/>\n<meta property=\"og:description\" content=\"Il pensiero del presidente della FITA, Giancarlo Mascaro, sul taekwondo e sullo sport calabrese e le prestigiose medaglie a Perri e Tornello\" \/>\n<meta property=\"og:url\" content=\"https:\/\/progettotouring.it\/radiotouring104\/2025\/04\/30\/coni-calabria-celebra-le-medaglie-dargento-al-tirana-trophy-di-tornello-e-perri\/\" \/>\n<meta property=\"og:site_name\" content=\"Radio Touring 104\" \/>\n<meta property=\"article:published_time\" content=\"2025-04-30T07:02:12+00:00\" \/>\n<meta property=\"og:image\" content=\"https:\/\/progettotouring.it\/radiotouring104\/wp-content\/uploads\/sites\/6\/2025\/04\/TAKEWODO-PERRI-CONI-CALABRIA.png\" \/>\n\t<meta property=\"og:image:width\" content=\"334\" \/>\n\t<meta property=\"og:image:height\" content=\"266\" \/>\n\t<meta property=\"og:image:type\" content=\"image\/png\" \/>\n<meta name=\"author\" content=\"Sebastiano Plutino\" \/>\n<meta name=\"twitter:card\" content=\"summary_large_image\" \/>\n<meta name=\"twitter:label1\" content=\"Scritto da\" \/>\n\t<meta name=\"twitter:data1\" content=\"Sebastiano Plutino\" \/>\n\t<meta name=\"twitter:label2\" content=\"Tempo di lettura stimato\" \/>\n\t<meta name=\"twitter:data2\" content=\"3 minuti\" \/>\n<script type=\"application\/ld+json\" class=\"yoast-schema-graph\">{\"@context\":\"https:\/\/schema.org\",\"@graph\":[{\"@type\":\"Article\",\"@id\":\"https:\/\/progettotouring.it\/radiotouring104\/2025\/04\/30\/coni-calabria-celebra-le-medaglie-dargento-al-tirana-trophy-di-tornello-e-perri\/#article\",\"isPartOf\":{\"@id\":\"https:\/\/progettotouring.it\/radiotouring104\/2025\/04\/30\/coni-calabria-celebra-le-medaglie-dargento-al-tirana-trophy-di-tornello-e-perri\/\"},\"author\":{\"name\":\"Sebastiano Plutino\",\"@id\":\"https:\/\/progettotouring.it\/radiotouring104\/#\/schema\/person\/78613917f1851f041f7483f5af1d422e\"},\"headline\":\"CONI Calabria celebra le medaglie d\u2019argento al Tirana Trophy di Tornello e Perri\",\"datePublished\":\"2025-04-30T07:02:12+00:00\",\"mainEntityOfPage\":{\"@id\":\"https:\/\/progettotouring.it\/radiotouring104\/2025\/04\/30\/coni-calabria-celebra-le-medaglie-dargento-al-tirana-trophy-di-tornello-e-perri\/\"},\"wordCount\":617,\"publisher\":{\"@id\":\"https:\/\/progettotouring.it\/radiotouring104\/#organization\"},\"image\":{\"@id\":\"https:\/\/progettotouring.it\/radiotouring104\/2025\/04\/30\/coni-calabria-celebra-le-medaglie-dargento-al-tirana-trophy-di-tornello-e-perri\/#primaryimage\"},\"thumbnailUrl\":\"https:\/\/progettotouring.it\/radiotouring104\/wp-content\/uploads\/sites\/6\/2025\/04\/TAKEWODO-PERRI-CONI-CALABRIA.png\",\"keywords\":[\"Alessandro Perri\",\"FITA\",\"Giancarlo Mascaro:\",\"Roberto Tornello\",\"taekwondo\",\"Tirana Trophy\"],\"articleSection\":[\"Calabria\",\"News\",\"Sport\"],\"inLanguage\":\"it-IT\"},{\"@type\":\"WebPage\",\"@id\":\"https:\/\/progettotouring.it\/radiotouring104\/2025\/04\/30\/coni-calabria-celebra-le-medaglie-dargento-al-tirana-trophy-di-tornello-e-perri\/\",\"url\":\"https:\/\/progettotouring.it\/radiotouring104\/2025\/04\/30\/coni-calabria-celebra-le-medaglie-dargento-al-tirana-trophy-di-tornello-e-perri\/\",\"name\":\"CONI Calabria celebra le medaglie di Tornello e Perri\",\"isPartOf\":{\"@id\":\"https:\/\/progettotouring.it\/radiotouring104\/#website\"},\"primaryImageOfPage\":{\"@id\":\"https:\/\/progettotouring.it\/radiotouring104\/2025\/04\/30\/coni-calabria-celebra-le-medaglie-dargento-al-tirana-trophy-di-tornello-e-perri\/#primaryimage\"},\"image\":{\"@id\":\"https:\/\/progettotouring.it\/radiotouring104\/2025\/04\/30\/coni-calabria-celebra-le-medaglie-dargento-al-tirana-trophy-di-tornello-e-perri\/#primaryimage\"},\"thumbnailUrl\":\"https:\/\/progettotouring.it\/radiotouring104\/wp-content\/uploads\/sites\/6\/2025\/04\/TAKEWODO-PERRI-CONI-CALABRIA.png\",\"datePublished\":\"2025-04-30T07:02:12+00:00\",\"description\":\"Il pensiero del presidente della FITA, Giancarlo Mascaro, sul taekwondo e sullo sport calabrese e le prestigiose medaglie a Perri e Tornello\",\"breadcrumb\":{\"@id\":\"https:\/\/progettotouring.it\/radiotouring104\/2025\/04\/30\/coni-calabria-celebra-le-medaglie-dargento-al-tirana-trophy-di-tornello-e-perri\/#breadcrumb\"},\"inLanguage\":\"it-IT\",\"potentialAction\":[{\"@type\":\"ReadAction\",\"target\":[\"https:\/\/progettotouring.it\/radiotouring104\/2025\/04\/30\/coni-calabria-celebra-le-medaglie-dargento-al-tirana-trophy-di-tornello-e-perri\/\"]}]},{\"@type\":\"ImageObject\",\"inLanguage\":\"it-IT\",\"@id\":\"https:\/\/progettotouring.it\/radiotouring104\/2025\/04\/30\/coni-calabria-celebra-le-medaglie-dargento-al-tirana-trophy-di-tornello-e-perri\/#primaryimage\",\"url\":\"https:\/\/progettotouring.it\/radiotouring104\/wp-content\/uploads\/sites\/6\/2025\/04\/TAKEWODO-PERRI-CONI-CALABRIA.png\",\"contentUrl\":\"https:\/\/progettotouring.it\/radiotouring104\/wp-content\/uploads\/sites\/6\/2025\/04\/TAKEWODO-PERRI-CONI-CALABRIA.png\",\"width\":334,\"height\":266},{\"@type\":\"BreadcrumbList\",\"@id\":\"https:\/\/progettotouring.it\/radiotouring104\/2025\/04\/30\/coni-calabria-celebra-le-medaglie-dargento-al-tirana-trophy-di-tornello-e-perri\/#breadcrumb\",\"itemListElement\":[{\"@type\":\"ListItem\",\"position\":1,\"name\":\"Home\",\"item\":\"https:\/\/progettotouring.it\/radiotouring104\/\"},{\"@type\":\"ListItem\",\"position\":2,\"name\":\"CONI Calabria celebra le medaglie d\u2019argento al Tirana Trophy di Tornello e Perri\"}]},{\"@type\":\"WebSite\",\"@id\":\"https:\/\/progettotouring.it\/radiotouring104\/#website\",\"url\":\"https:\/\/progettotouring.it\/radiotouring104\/\",\"name\":\"Radio Touring 104\",\"description\":\"La prima radio Reggina\",\"publisher\":{\"@id\":\"https:\/\/progettotouring.it\/radiotouring104\/#organization\"},\"potentialAction\":[{\"@type\":\"SearchAction\",\"target\":{\"@type\":\"EntryPoint\",\"urlTemplate\":\"https:\/\/progettotouring.it\/radiotouring104\/?s={search_term_string}\"},\"query-input\":{\"@type\":\"PropertyValueSpecification\",\"valueRequired\":true,\"valueName\":\"search_term_string\"}}],\"inLanguage\":\"it-IT\"},{\"@type\":\"Organization\",\"@id\":\"https:\/\/progettotouring.it\/radiotouring104\/#organization\",\"name\":\"Radio Touring 104\",\"url\":\"https:\/\/progettotouring.it\/radiotouring104\/\",\"logo\":{\"@type\":\"ImageObject\",\"inLanguage\":\"it-IT\",\"@id\":\"https:\/\/progettotouring.it\/radiotouring104\/#\/schema\/logo\/image\/\",\"url\":\"https:\/\/progettotouring.it\/radiotouring104\/wp-content\/uploads\/sites\/6\/2022\/02\/cropped-logo-radio-touring-104.png\",\"contentUrl\":\"https:\/\/progettotouring.it\/radiotouring104\/wp-content\/uploads\/sites\/6\/2022\/02\/cropped-logo-radio-touring-104.png\",\"width\":377,\"height\":182,\"caption\":\"Radio Touring 104\"},\"image\":{\"@id\":\"https:\/\/progettotouring.it\/radiotouring104\/#\/schema\/logo\/image\/\"}},{\"@type\":\"Person\",\"@id\":\"https:\/\/progettotouring.it\/radiotouring104\/#\/schema\/person\/78613917f1851f041f7483f5af1d422e\",\"name\":\"Sebastiano Plutino\",\"image\":{\"@type\":\"ImageObject\",\"inLanguage\":\"it-IT\",\"@id\":\"https:\/\/secure.gravatar.com\/avatar\/0546ffaa9b79224faf9f2a156b67a529ae861d3287c66c1d8ccfdf909bcba78d?s=96&d=mm&r=g\",\"url\":\"https:\/\/secure.gravatar.com\/avatar\/0546ffaa9b79224faf9f2a156b67a529ae861d3287c66c1d8ccfdf909bcba78d?s=96&d=mm&r=g\",\"contentUrl\":\"https:\/\/secure.gravatar.com\/avatar\/0546ffaa9b79224faf9f2a156b67a529ae861d3287c66c1d8ccfdf909bcba78d?s=96&d=mm&r=g\",\"caption\":\"Sebastiano Plutino\"},\"url\":\"https:\/\/progettotouring.it\/radiotouring104\/author\/sebastiano\/\"}]}<\/script>\n<!-- \/ Yoast SEO plugin. -->","yoast_head_json":{"title":"CONI Calabria celebra le medaglie di Tornello e Perri","description":"Il pensiero del presidente della FITA, Giancarlo Mascaro, sul taekwondo e sullo sport calabrese e le prestigiose medaglie a Perri e Tornello","robots":{"index":"index","follow":"follow","max-snippet":"max-snippet:-1","max-image-preview":"max-image-preview:large","max-video-preview":"max-video-preview:-1"},"canonical":"https:\/\/progettotouring.it\/radiotouring104\/2025\/04\/30\/coni-calabria-celebra-le-medaglie-dargento-al-tirana-trophy-di-tornello-e-perri\/","og_locale":"it_IT","og_type":"article","og_title":"CONI Calabria celebra le medaglie di Tornello e Perri","og_description":"Il pensiero del presidente della FITA, Giancarlo Mascaro, sul taekwondo e sullo sport calabrese e le prestigiose medaglie a Perri e Tornello","og_url":"https:\/\/progettotouring.it\/radiotouring104\/2025\/04\/30\/coni-calabria-celebra-le-medaglie-dargento-al-tirana-trophy-di-tornello-e-perri\/","og_site_name":"Radio Touring 104","article_published_time":"2025-04-30T07:02:12+00:00","og_image":[{"width":334,"height":266,"url":"https:\/\/progettotouring.it\/radiotouring104\/wp-content\/uploads\/sites\/6\/2025\/04\/TAKEWODO-PERRI-CONI-CALABRIA.png","type":"image\/png"}],"author":"Sebastiano Plutino","twitter_card":"summary_large_image","twitter_misc":{"Scritto da":"Sebastiano Plutino","Tempo di lettura stimato":"3 minuti"},"schema":{"@context":"https:\/\/schema.org","@graph":[{"@type":"Article","@id":"https:\/\/progettotouring.it\/radiotouring104\/2025\/04\/30\/coni-calabria-celebra-le-medaglie-dargento-al-tirana-trophy-di-tornello-e-perri\/#article","isPartOf":{"@id":"https:\/\/progettotouring.it\/radiotouring104\/2025\/04\/30\/coni-calabria-celebra-le-medaglie-dargento-al-tirana-trophy-di-tornello-e-perri\/"},"author":{"name":"Sebastiano Plutino","@id":"https:\/\/progettotouring.it\/radiotouring104\/#\/schema\/person\/78613917f1851f041f7483f5af1d422e"},"headline":"CONI Calabria celebra le medaglie d\u2019argento al Tirana Trophy di Tornello e Perri","datePublished":"2025-04-30T07:02:12+00:00","mainEntityOfPage":{"@id":"https:\/\/progettotouring.it\/radiotouring104\/2025\/04\/30\/coni-calabria-celebra-le-medaglie-dargento-al-tirana-trophy-di-tornello-e-perri\/"},"wordCount":617,"publisher":{"@id":"https:\/\/progettotouring.it\/radiotouring104\/#organization"},"image":{"@id":"https:\/\/progettotouring.it\/radiotouring104\/2025\/04\/30\/coni-calabria-celebra-le-medaglie-dargento-al-tirana-trophy-di-tornello-e-perri\/#primaryimage"},"thumbnailUrl":"https:\/\/progettotouring.it\/radiotouring104\/wp-content\/uploads\/sites\/6\/2025\/04\/TAKEWODO-PERRI-CONI-CALABRIA.png","keywords":["Alessandro Perri","FITA","Giancarlo Mascaro:","Roberto Tornello","taekwondo","Tirana Trophy"],"articleSection":["Calabria","News","Sport"],"inLanguage":"it-IT"},{"@type":"WebPage","@id":"https:\/\/progettotouring.it\/radiotouring104\/2025\/04\/30\/coni-calabria-celebra-le-medaglie-dargento-al-tirana-trophy-di-tornello-e-perri\/","url":"https:\/\/progettotouring.it\/radiotouring104\/2025\/04\/30\/coni-calabria-celebra-le-medaglie-dargento-al-tirana-trophy-di-tornello-e-perri\/","name":"CONI Calabria celebra le medaglie di Tornello e Perri","isPartOf":{"@id":"https:\/\/progettotouring.it\/radiotouring104\/#website"},"primaryImageOfPage":{"@id":"https:\/\/progettotouring.it\/radiotouring104\/2025\/04\/30\/coni-calabria-celebra-le-medaglie-dargento-al-tirana-trophy-di-tornello-e-perri\/#primaryimage"},"image":{"@id":"https:\/\/progettotouring.it\/radiotouring104\/2025\/04\/30\/coni-calabria-celebra-le-medaglie-dargento-al-tirana-trophy-di-tornello-e-perri\/#primaryimage"},"thumbnailUrl":"https:\/\/progettotouring.it\/radiotouring104\/wp-content\/uploads\/sites\/6\/2025\/04\/TAKEWODO-PERRI-CONI-CALABRIA.png","datePublished":"2025-04-30T07:02:12+00:00","description":"Il pensiero del presidente della FITA, Giancarlo Mascaro, sul taekwondo e sullo sport calabrese e le prestigiose medaglie a Perri e Tornello","breadcrumb":{"@id":"https:\/\/progettotouring.it\/radiotouring104\/2025\/04\/30\/coni-calabria-celebra-le-medaglie-dargento-al-tirana-trophy-di-tornello-e-perri\/#breadcrumb"},"inLanguage":"it-IT","potentialAction":[{"@type":"ReadAction","target":["https:\/\/progettotouring.it\/radiotouring104\/2025\/04\/30\/coni-calabria-celebra-le-medaglie-dargento-al-tirana-trophy-di-tornello-e-perri\/"]}]},{"@type":"ImageObject","inLanguage":"it-IT","@id":"https:\/\/progettotouring.it\/radiotouring104\/2025\/04\/30\/coni-calabria-celebra-le-medaglie-dargento-al-tirana-trophy-di-tornello-e-perri\/#primaryimage","url":"https:\/\/progettotouring.it\/radiotouring104\/wp-content\/uploads\/sites\/6\/2025\/04\/TAKEWODO-PERRI-CONI-CALABRIA.png","contentUrl":"https:\/\/progettotouring.it\/radiotouring104\/wp-content\/uploads\/sites\/6\/2025\/04\/TAKEWODO-PERRI-CONI-CALABRIA.png","width":334,"height":266},{"@type":"BreadcrumbList","@id":"https:\/\/progettotouring.it\/radiotouring104\/2025\/04\/30\/coni-calabria-celebra-le-medaglie-dargento-al-tirana-trophy-di-tornello-e-perri\/#breadcrumb","itemListElement":[{"@type":"ListItem","position":1,"name":"Home","item":"https:\/\/progettotouring.it\/radiotouring104\/"},{"@type":"ListItem","position":2,"name":"CONI Calabria celebra le medaglie d\u2019argento al Tirana Trophy di Tornello e Perri"}]},{"@type":"WebSite","@id":"https:\/\/progettotouring.it\/radiotouring104\/#website","url":"https:\/\/progettotouring.it\/radiotouring104\/","name":"Radio Touring 104","description":"La prima radio Reggina","publisher":{"@id":"https:\/\/progettotouring.it\/radiotouring104\/#organization"},"potentialAction":[{"@type":"SearchAction","target":{"@type":"EntryPoint","urlTemplate":"https:\/\/progettotouring.it\/radiotouring104\/?s={search_term_string}"},"query-input":{"@type":"PropertyValueSpecification","valueRequired":true,"valueName":"search_term_string"}}],"inLanguage":"it-IT"},{"@type":"Organization","@id":"https:\/\/progettotouring.it\/radiotouring104\/#organization","name":"Radio Touring 104","url":"https:\/\/progettotouring.it\/radiotouring104\/","logo":{"@type":"ImageObject","inLanguage":"it-IT","@id":"https:\/\/progettotouring.it\/radiotouring104\/#\/schema\/logo\/image\/","url":"https:\/\/progettotouring.it\/radiotouring104\/wp-content\/uploads\/sites\/6\/2022\/02\/cropped-logo-radio-touring-104.png","contentUrl":"https:\/\/progettotouring.it\/radiotouring104\/wp-content\/uploads\/sites\/6\/2022\/02\/cropped-logo-radio-touring-104.png","width":377,"height":182,"caption":"Radio Touring 104"},"image":{"@id":"https:\/\/progettotouring.it\/radiotouring104\/#\/schema\/logo\/image\/"}},{"@type":"Person","@id":"https:\/\/progettotouring.it\/radiotouring104\/#\/schema\/person\/78613917f1851f041f7483f5af1d422e","name":"Sebastiano Plutino","image":{"@type":"ImageObject","inLanguage":"it-IT","@id":"https:\/\/secure.gravatar.com\/avatar\/0546ffaa9b79224faf9f2a156b67a529ae861d3287c66c1d8ccfdf909bcba78d?s=96&d=mm&r=g","url":"https:\/\/secure.gravatar.com\/avatar\/0546ffaa9b79224faf9f2a156b67a529ae861d3287c66c1d8ccfdf909bcba78d?s=96&d=mm&r=g","contentUrl":"https:\/\/secure.gravatar.com\/avatar\/0546ffaa9b79224faf9f2a156b67a529ae861d3287c66c1d8ccfdf909bcba78d?s=96&d=mm&r=g","caption":"Sebastiano Plutino"},"url":"https:\/\/progettotouring.it\/radiotouring104\/author\/sebastiano\/"}]}},"jetpack_publicize_connections":[],"jetpack_featured_media_url":"https:\/\/progettotouring.it\/radiotouring104\/wp-content\/uploads\/sites\/6\/2025\/04\/TAKEWODO-PERRI-CONI-CALABRIA.png","jetpack_sharing_enabled":true,"_links":{"self":[{"href":"https:\/\/progettotouring.it\/radiotouring104\/wp-json\/wp\/v2\/posts\/72392","targetHints":{"allow":["GET"]}}],"collection":[{"href":"https:\/\/progettotouring.it\/radiotouring104\/wp-json\/wp\/v2\/posts"}],"about":[{"href":"https:\/\/progettotouring.it\/radiotouring104\/wp-json\/wp\/v2\/types\/post"}],"author":[{"embeddable":true,"href":"https:\/\/progettotouring.it\/radiotouring104\/wp-json\/wp\/v2\/users\/12"}],"replies":[{"embeddable":true,"href":"https:\/\/progettotouring.it\/radiotouring104\/wp-json\/wp\/v2\/comments?post=72392"}],"version-history":[{"count":1,"href":"https:\/\/progettotouring.it\/radiotouring104\/wp-json\/wp\/v2\/posts\/72392\/revisions"}],"predecessor-version":[{"id":72394,"href":"https:\/\/progettotouring.it\/radiotouring104\/wp-json\/wp\/v2\/posts\/72392\/revisions\/72394"}],"wp:featuredmedia":[{"embeddable":true,"href":"https:\/\/progettotouring.it\/radiotouring104\/wp-json\/wp\/v2\/media\/72393"}],"wp:attachment":[{"href":"https:\/\/progettotouring.it\/radiotouring104\/wp-json\/wp\/v2\/media?parent=72392"}],"wp:term":[{"taxonomy":"category","embeddable":true,"href":"https:\/\/progettotouring.it\/radiotouring104\/wp-json\/wp\/v2\/categories?post=72392"},{"taxonomy":"post_tag","embeddable":true,"href":"https:\/\/progettotouring.it\/radiotouring104\/wp-json\/wp\/v2\/tags?post=72392"}],"curies":[{"name":"wp","href":"https:\/\/api.w.org\/{rel}","templated":true}]}}