{"id":72395,"date":"2025-04-30T09:08:57","date_gmt":"2025-04-30T07:08:57","guid":{"rendered":"https:\/\/progettotouring.it\/radiotouring104\/?p=72395"},"modified":"2025-04-30T10:38:17","modified_gmt":"2025-04-30T08:38:17","slug":"terapie-aba-per-bambini-autistici-marra-asp-e-occhiuto-battano-un-colpo","status":"publish","type":"post","link":"https:\/\/progettotouring.it\/radiotouring104\/2025\/04\/30\/terapie-aba-per-bambini-autistici-marra-asp-e-occhiuto-battano-un-colpo\/","title":{"rendered":"Terapie ABA per bambini autistici, Marra: \u201cASP e Occhiuto battano un colpo\u201d"},"content":{"rendered":"<p style=\"text-align: justify\"><em>\u201cE\u2019 una battaglia di civilt\u00e0, quella intrapresa dall\u2019Associazione Il Volo delle Farfalle, ed io sono al loro fianco per affermare il diritto alla terapia e alla continuit\u00e0 per bambini con disturbo dello spettro autistico\u201d &#8211;<\/em> \u00e8 una<strong> presa di posizione netta quella del Presidente del Consiglio comunale Enzo Marra, che ribadisce:<\/strong><em> \u201cSiamo di fronte ad una richiesta legittima, fondata su sentenze definitive dei tribunali, che tuttavia continuano a non essere prese in considerazione dall\u2019azienda sanitaria locale, e soprattutto dal Presidente Roberto Occhiuto, in qualit\u00e0 di Commissario straordinario della sanit\u00e0 calabrese.<\/em><\/p>\n<p style=\"text-align: justify\"><em>L\u2019autismo \u00e8 incluso nei Livelli Essenziali di Assistenza (LEA) come previsto dall\u2019art. 60 della Legge 134\/2015, eppure, l\u2019inerzia dell\u2019ASP, non garantisce la metodologia ABA come strumento assistenziale riconosciuto, dimostrando le insufficienze della nostra sanit\u00e0 pubblica, presentando un conto salatissimo, sotto tutti i punti di vista, ai bambini e agli adolescenti pi\u00f9 vulnerabili\u201d.<\/em><\/p>\n<p style=\"text-align: justify\"><em>\u201cIl metodo ABA \u2013<\/em><strong> continua la nota<\/strong> \u2013<em> \u00e8 un modello applicativo dell\u2019approccio cognitivo-comportamentale per persone nello spettro autistico, riconosciuto a livello internazionale, ritenuto fondamentale per garantire un percorso abilitativo efficace e personalizzato e, soprattutto, al quale fanno riferimento tante famiglie della nostra citt\u00e0. Dietro l\u2019appello dell\u2019associazione<\/em><\/p>\n<p style=\"text-align: justify\"><em>\u2018Il Volo delle Farfalle \u2013 Evoluzione Autismo\u2019, ci sono storie di disperazione e sconforto che quasi sempre sbattono nel muro di una realt\u00e0 pubblica come la nostra, che non riesce a garantire quelli che sono diritti costituzionali, alla cura e all\u2019accompagnamento di questi bambini, costretti spesso con le famiglie a spostarsi in altre citt\u00e0 per ottenere percorsi riabilitativi che invece, avrebbero dovuto essere garantiti dall\u2019azienda provinciale sanitaria\u201d.<\/em><\/p>\n<p style=\"text-align: justify\"><em>\u201cL\u2019auspicio \u2013<\/em><strong> conclude Marra \u2013<\/strong><em> \u00e8 che possano giungere gi\u00e0 nelle prossime ore delle notizie positive, affinch\u00e9 la vicepresidente dell\u2019associazione, Angela Villani, eviti il gesto di protesta dello sciopero della fame e della sete, onde evitare che questa situazione degeneri oltre misura\u201d<\/em><\/p>\n","protected":false},"excerpt":{"rendered":"<p>\u201cE\u2019 una battaglia di civilt\u00e0, quella intrapresa dall\u2019Associazione Il Volo delle Farfalle, ed io sono al loro fianco per affermare il diritto alla terapia e alla continuit\u00e0 per bambini con&hellip;<\/p>\n","protected":false},"author":12,"featured_media":5666,"comment_status":"closed","ping_status":"open","sticky":false,"template":"","format":"standard","meta":{"_jetpack_memberships_contains_paid_content":false,"footnotes":"","jetpack_publicize_message":"","jetpack_publicize_feature_enabled":true,"jetpack_social_post_already_shared":true,"jetpack_social_options":{"image_generator_settings":{"template":"highway","default_image_id":0,"font":"","enabled":false},"version":2}},"categories":[921,196,140],"tags":[35787,42984,18340,16147,42983],"class_list":["post-72395","post","type-post","status-publish","format-standard","has-post-thumbnail","hentry","category-home","category-news","category-reggio-calabria","tag-asp-reggio","tag-bambini-autistici","tag-occhiuto-roberto","tag-presidente-del-consiglio-comunale-enzo-marra","tag-terapie-marra"],"yoast_head":"<!-- This site is optimized with the Yoast SEO plugin v27.2 - https:\/\/yoast.com\/product\/yoast-seo-wordpress\/ -->\n<title>Terapie ABA, Marra: \u201cASP e Occhiuto battano un colpo\u201d<\/title>\n<meta name=\"description\" content=\"&quot;Battaglia di civilt\u00e0, quella de &quot;Il volo delle farfalle&quot; ed io sono al loro fianco per affermare il diritto a terapia&quot;, dichiara Marra\" \/>\n<meta name=\"robots\" content=\"index, follow, max-snippet:-1, max-image-preview:large, max-video-preview:-1\" \/>\n<link rel=\"canonical\" href=\"https:\/\/progettotouring.it\/radiotouring104\/2025\/04\/30\/terapie-aba-per-bambini-autistici-marra-asp-e-occhiuto-battano-un-colpo\/\" \/>\n<meta property=\"og:locale\" content=\"it_IT\" \/>\n<meta property=\"og:type\" content=\"article\" \/>\n<meta property=\"og:title\" content=\"Terapie ABA, Marra: \u201cASP e Occhiuto battano un colpo\u201d\" \/>\n<meta property=\"og:description\" content=\"&quot;Battaglia di civilt\u00e0, quella de &quot;Il volo delle farfalle&quot; ed io sono al loro fianco per affermare il diritto a terapia&quot;, dichiara Marra\" \/>\n<meta property=\"og:url\" content=\"https:\/\/progettotouring.it\/radiotouring104\/2025\/04\/30\/terapie-aba-per-bambini-autistici-marra-asp-e-occhiuto-battano-un-colpo\/\" \/>\n<meta property=\"og:site_name\" content=\"Radio Touring 104\" \/>\n<meta property=\"article:published_time\" content=\"2025-04-30T07:08:57+00:00\" \/>\n<meta property=\"article:modified_time\" content=\"2025-04-30T08:38:17+00:00\" \/>\n<meta property=\"og:image\" content=\"https:\/\/progettotouring.it\/radiotouring104\/wp-content\/uploads\/sites\/6\/2022\/05\/san-giorgio-comune.jpg\" \/>\n\t<meta property=\"og:image:width\" content=\"1920\" \/>\n\t<meta property=\"og:image:height\" content=\"1080\" \/>\n\t<meta property=\"og:image:type\" content=\"image\/jpeg\" \/>\n<meta name=\"author\" content=\"Sebastiano Plutino\" \/>\n<meta name=\"twitter:card\" content=\"summary_large_image\" \/>\n<meta name=\"twitter:label1\" content=\"Scritto da\" \/>\n\t<meta name=\"twitter:data1\" content=\"Sebastiano Plutino\" \/>\n\t<meta name=\"twitter:label2\" content=\"Tempo di lettura stimato\" \/>\n\t<meta name=\"twitter:data2\" content=\"2 minuti\" \/>\n<script type=\"application\/ld+json\" class=\"yoast-schema-graph\">{\"@context\":\"https:\/\/schema.org\",\"@graph\":[{\"@type\":\"Article\",\"@id\":\"https:\/\/progettotouring.it\/radiotouring104\/2025\/04\/30\/terapie-aba-per-bambini-autistici-marra-asp-e-occhiuto-battano-un-colpo\/#article\",\"isPartOf\":{\"@id\":\"https:\/\/progettotouring.it\/radiotouring104\/2025\/04\/30\/terapie-aba-per-bambini-autistici-marra-asp-e-occhiuto-battano-un-colpo\/\"},\"author\":{\"name\":\"Sebastiano Plutino\",\"@id\":\"https:\/\/progettotouring.it\/radiotouring104\/#\/schema\/person\/78613917f1851f041f7483f5af1d422e\"},\"headline\":\"Terapie ABA per bambini autistici, Marra: \u201cASP e Occhiuto battano un colpo\u201d\",\"datePublished\":\"2025-04-30T07:08:57+00:00\",\"dateModified\":\"2025-04-30T08:38:17+00:00\",\"mainEntityOfPage\":{\"@id\":\"https:\/\/progettotouring.it\/radiotouring104\/2025\/04\/30\/terapie-aba-per-bambini-autistici-marra-asp-e-occhiuto-battano-un-colpo\/\"},\"wordCount\":312,\"publisher\":{\"@id\":\"https:\/\/progettotouring.it\/radiotouring104\/#organization\"},\"image\":{\"@id\":\"https:\/\/progettotouring.it\/radiotouring104\/2025\/04\/30\/terapie-aba-per-bambini-autistici-marra-asp-e-occhiuto-battano-un-colpo\/#primaryimage\"},\"thumbnailUrl\":\"https:\/\/progettotouring.it\/radiotouring104\/wp-content\/uploads\/sites\/6\/2022\/05\/san-giorgio-comune.jpg\",\"keywords\":[\"Asp Reggio\",\"bambini autistici\",\"Occhiuto Roberto\",\"presidente del consiglio comunale Enzo Marra\",\"Terapie Marra\"],\"articleSection\":[\"Home\",\"News\",\"Reggio Calabria\"],\"inLanguage\":\"it-IT\"},{\"@type\":\"WebPage\",\"@id\":\"https:\/\/progettotouring.it\/radiotouring104\/2025\/04\/30\/terapie-aba-per-bambini-autistici-marra-asp-e-occhiuto-battano-un-colpo\/\",\"url\":\"https:\/\/progettotouring.it\/radiotouring104\/2025\/04\/30\/terapie-aba-per-bambini-autistici-marra-asp-e-occhiuto-battano-un-colpo\/\",\"name\":\"Terapie ABA, Marra: \u201cASP e Occhiuto battano un colpo\u201d\",\"isPartOf\":{\"@id\":\"https:\/\/progettotouring.it\/radiotouring104\/#website\"},\"primaryImageOfPage\":{\"@id\":\"https:\/\/progettotouring.it\/radiotouring104\/2025\/04\/30\/terapie-aba-per-bambini-autistici-marra-asp-e-occhiuto-battano-un-colpo\/#primaryimage\"},\"image\":{\"@id\":\"https:\/\/progettotouring.it\/radiotouring104\/2025\/04\/30\/terapie-aba-per-bambini-autistici-marra-asp-e-occhiuto-battano-un-colpo\/#primaryimage\"},\"thumbnailUrl\":\"https:\/\/progettotouring.it\/radiotouring104\/wp-content\/uploads\/sites\/6\/2022\/05\/san-giorgio-comune.jpg\",\"datePublished\":\"2025-04-30T07:08:57+00:00\",\"dateModified\":\"2025-04-30T08:38:17+00:00\",\"description\":\"\\\"Battaglia di civilt\u00e0, quella de \\\"Il volo delle farfalle\\\" ed io sono al loro fianco per affermare il diritto a terapia\\\", dichiara Marra\",\"breadcrumb\":{\"@id\":\"https:\/\/progettotouring.it\/radiotouring104\/2025\/04\/30\/terapie-aba-per-bambini-autistici-marra-asp-e-occhiuto-battano-un-colpo\/#breadcrumb\"},\"inLanguage\":\"it-IT\",\"potentialAction\":[{\"@type\":\"ReadAction\",\"target\":[\"https:\/\/progettotouring.it\/radiotouring104\/2025\/04\/30\/terapie-aba-per-bambini-autistici-marra-asp-e-occhiuto-battano-un-colpo\/\"]}]},{\"@type\":\"ImageObject\",\"inLanguage\":\"it-IT\",\"@id\":\"https:\/\/progettotouring.it\/radiotouring104\/2025\/04\/30\/terapie-aba-per-bambini-autistici-marra-asp-e-occhiuto-battano-un-colpo\/#primaryimage\",\"url\":\"https:\/\/progettotouring.it\/radiotouring104\/wp-content\/uploads\/sites\/6\/2022\/05\/san-giorgio-comune.jpg\",\"contentUrl\":\"https:\/\/progettotouring.it\/radiotouring104\/wp-content\/uploads\/sites\/6\/2022\/05\/san-giorgio-comune.jpg\",\"width\":1920,\"height\":1080},{\"@type\":\"BreadcrumbList\",\"@id\":\"https:\/\/progettotouring.it\/radiotouring104\/2025\/04\/30\/terapie-aba-per-bambini-autistici-marra-asp-e-occhiuto-battano-un-colpo\/#breadcrumb\",\"itemListElement\":[{\"@type\":\"ListItem\",\"position\":1,\"name\":\"Home\",\"item\":\"https:\/\/progettotouring.it\/radiotouring104\/\"},{\"@type\":\"ListItem\",\"position\":2,\"name\":\"Terapie ABA per bambini autistici, Marra: \u201cASP e Occhiuto battano un colpo\u201d\"}]},{\"@type\":\"WebSite\",\"@id\":\"https:\/\/progettotouring.it\/radiotouring104\/#website\",\"url\":\"https:\/\/progettotouring.it\/radiotouring104\/\",\"name\":\"Radio Touring 104\",\"description\":\"La prima radio Reggina\",\"publisher\":{\"@id\":\"https:\/\/progettotouring.it\/radiotouring104\/#organization\"},\"potentialAction\":[{\"@type\":\"SearchAction\",\"target\":{\"@type\":\"EntryPoint\",\"urlTemplate\":\"https:\/\/progettotouring.it\/radiotouring104\/?s={search_term_string}\"},\"query-input\":{\"@type\":\"PropertyValueSpecification\",\"valueRequired\":true,\"valueName\":\"search_term_string\"}}],\"inLanguage\":\"it-IT\"},{\"@type\":\"Organization\",\"@id\":\"https:\/\/progettotouring.it\/radiotouring104\/#organization\",\"name\":\"Radio Touring 104\",\"url\":\"https:\/\/progettotouring.it\/radiotouring104\/\",\"logo\":{\"@type\":\"ImageObject\",\"inLanguage\":\"it-IT\",\"@id\":\"https:\/\/progettotouring.it\/radiotouring104\/#\/schema\/logo\/image\/\",\"url\":\"https:\/\/progettotouring.it\/radiotouring104\/wp-content\/uploads\/sites\/6\/2022\/02\/cropped-logo-radio-touring-104.png\",\"contentUrl\":\"https:\/\/progettotouring.it\/radiotouring104\/wp-content\/uploads\/sites\/6\/2022\/02\/cropped-logo-radio-touring-104.png\",\"width\":377,\"height\":182,\"caption\":\"Radio Touring 104\"},\"image\":{\"@id\":\"https:\/\/progettotouring.it\/radiotouring104\/#\/schema\/logo\/image\/\"}},{\"@type\":\"Person\",\"@id\":\"https:\/\/progettotouring.it\/radiotouring104\/#\/schema\/person\/78613917f1851f041f7483f5af1d422e\",\"name\":\"Sebastiano Plutino\",\"image\":{\"@type\":\"ImageObject\",\"inLanguage\":\"it-IT\",\"@id\":\"https:\/\/secure.gravatar.com\/avatar\/0546ffaa9b79224faf9f2a156b67a529ae861d3287c66c1d8ccfdf909bcba78d?s=96&d=mm&r=g\",\"url\":\"https:\/\/secure.gravatar.com\/avatar\/0546ffaa9b79224faf9f2a156b67a529ae861d3287c66c1d8ccfdf909bcba78d?s=96&d=mm&r=g\",\"contentUrl\":\"https:\/\/secure.gravatar.com\/avatar\/0546ffaa9b79224faf9f2a156b67a529ae861d3287c66c1d8ccfdf909bcba78d?s=96&d=mm&r=g\",\"caption\":\"Sebastiano Plutino\"},\"url\":\"https:\/\/progettotouring.it\/radiotouring104\/author\/sebastiano\/\"}]}<\/script>\n<!-- \/ Yoast SEO plugin. -->","yoast_head_json":{"title":"Terapie ABA, Marra: \u201cASP e Occhiuto battano un colpo\u201d","description":"\"Battaglia di civilt\u00e0, quella de \"Il volo delle farfalle\" ed io sono al loro fianco per affermare il diritto a terapia\", dichiara Marra","robots":{"index":"index","follow":"follow","max-snippet":"max-snippet:-1","max-image-preview":"max-image-preview:large","max-video-preview":"max-video-preview:-1"},"canonical":"https:\/\/progettotouring.it\/radiotouring104\/2025\/04\/30\/terapie-aba-per-bambini-autistici-marra-asp-e-occhiuto-battano-un-colpo\/","og_locale":"it_IT","og_type":"article","og_title":"Terapie ABA, Marra: \u201cASP e Occhiuto battano un colpo\u201d","og_description":"\"Battaglia di civilt\u00e0, quella de \"Il volo delle farfalle\" ed io sono al loro fianco per affermare il diritto a terapia\", dichiara Marra","og_url":"https:\/\/progettotouring.it\/radiotouring104\/2025\/04\/30\/terapie-aba-per-bambini-autistici-marra-asp-e-occhiuto-battano-un-colpo\/","og_site_name":"Radio Touring 104","article_published_time":"2025-04-30T07:08:57+00:00","article_modified_time":"2025-04-30T08:38:17+00:00","og_image":[{"width":1920,"height":1080,"url":"https:\/\/progettotouring.it\/radiotouring104\/wp-content\/uploads\/sites\/6\/2022\/05\/san-giorgio-comune.jpg","type":"image\/jpeg"}],"author":"Sebastiano Plutino","twitter_card":"summary_large_image","twitter_misc":{"Scritto da":"Sebastiano Plutino","Tempo di lettura stimato":"2 minuti"},"schema":{"@context":"https:\/\/schema.org","@graph":[{"@type":"Article","@id":"https:\/\/progettotouring.it\/radiotouring104\/2025\/04\/30\/terapie-aba-per-bambini-autistici-marra-asp-e-occhiuto-battano-un-colpo\/#article","isPartOf":{"@id":"https:\/\/progettotouring.it\/radiotouring104\/2025\/04\/30\/terapie-aba-per-bambini-autistici-marra-asp-e-occhiuto-battano-un-colpo\/"},"author":{"name":"Sebastiano Plutino","@id":"https:\/\/progettotouring.it\/radiotouring104\/#\/schema\/person\/78613917f1851f041f7483f5af1d422e"},"headline":"Terapie ABA per bambini autistici, Marra: \u201cASP e Occhiuto battano un colpo\u201d","datePublished":"2025-04-30T07:08:57+00:00","dateModified":"2025-04-30T08:38:17+00:00","mainEntityOfPage":{"@id":"https:\/\/progettotouring.it\/radiotouring104\/2025\/04\/30\/terapie-aba-per-bambini-autistici-marra-asp-e-occhiuto-battano-un-colpo\/"},"wordCount":312,"publisher":{"@id":"https:\/\/progettotouring.it\/radiotouring104\/#organization"},"image":{"@id":"https:\/\/progettotouring.it\/radiotouring104\/2025\/04\/30\/terapie-aba-per-bambini-autistici-marra-asp-e-occhiuto-battano-un-colpo\/#primaryimage"},"thumbnailUrl":"https:\/\/progettotouring.it\/radiotouring104\/wp-content\/uploads\/sites\/6\/2022\/05\/san-giorgio-comune.jpg","keywords":["Asp Reggio","bambini autistici","Occhiuto Roberto","presidente del consiglio comunale Enzo Marra","Terapie Marra"],"articleSection":["Home","News","Reggio Calabria"],"inLanguage":"it-IT"},{"@type":"WebPage","@id":"https:\/\/progettotouring.it\/radiotouring104\/2025\/04\/30\/terapie-aba-per-bambini-autistici-marra-asp-e-occhiuto-battano-un-colpo\/","url":"https:\/\/progettotouring.it\/radiotouring104\/2025\/04\/30\/terapie-aba-per-bambini-autistici-marra-asp-e-occhiuto-battano-un-colpo\/","name":"Terapie ABA, Marra: \u201cASP e Occhiuto battano un colpo\u201d","isPartOf":{"@id":"https:\/\/progettotouring.it\/radiotouring104\/#website"},"primaryImageOfPage":{"@id":"https:\/\/progettotouring.it\/radiotouring104\/2025\/04\/30\/terapie-aba-per-bambini-autistici-marra-asp-e-occhiuto-battano-un-colpo\/#primaryimage"},"image":{"@id":"https:\/\/progettotouring.it\/radiotouring104\/2025\/04\/30\/terapie-aba-per-bambini-autistici-marra-asp-e-occhiuto-battano-un-colpo\/#primaryimage"},"thumbnailUrl":"https:\/\/progettotouring.it\/radiotouring104\/wp-content\/uploads\/sites\/6\/2022\/05\/san-giorgio-comune.jpg","datePublished":"2025-04-30T07:08:57+00:00","dateModified":"2025-04-30T08:38:17+00:00","description":"\"Battaglia di civilt\u00e0, quella de \"Il volo delle farfalle\" ed io sono al loro fianco per affermare il diritto a terapia\", dichiara Marra","breadcrumb":{"@id":"https:\/\/progettotouring.it\/radiotouring104\/2025\/04\/30\/terapie-aba-per-bambini-autistici-marra-asp-e-occhiuto-battano-un-colpo\/#breadcrumb"},"inLanguage":"it-IT","potentialAction":[{"@type":"ReadAction","target":["https:\/\/progettotouring.it\/radiotouring104\/2025\/04\/30\/terapie-aba-per-bambini-autistici-marra-asp-e-occhiuto-battano-un-colpo\/"]}]},{"@type":"ImageObject","inLanguage":"it-IT","@id":"https:\/\/progettotouring.it\/radiotouring104\/2025\/04\/30\/terapie-aba-per-bambini-autistici-marra-asp-e-occhiuto-battano-un-colpo\/#primaryimage","url":"https:\/\/progettotouring.it\/radiotouring104\/wp-content\/uploads\/sites\/6\/2022\/05\/san-giorgio-comune.jpg","contentUrl":"https:\/\/progettotouring.it\/radiotouring104\/wp-content\/uploads\/sites\/6\/2022\/05\/san-giorgio-comune.jpg","width":1920,"height":1080},{"@type":"BreadcrumbList","@id":"https:\/\/progettotouring.it\/radiotouring104\/2025\/04\/30\/terapie-aba-per-bambini-autistici-marra-asp-e-occhiuto-battano-un-colpo\/#breadcrumb","itemListElement":[{"@type":"ListItem","position":1,"name":"Home","item":"https:\/\/progettotouring.it\/radiotouring104\/"},{"@type":"ListItem","position":2,"name":"Terapie ABA per bambini autistici, Marra: \u201cASP e Occhiuto battano un colpo\u201d"}]},{"@type":"WebSite","@id":"https:\/\/progettotouring.it\/radiotouring104\/#website","url":"https:\/\/progettotouring.it\/radiotouring104\/","name":"Radio Touring 104","description":"La prima radio Reggina","publisher":{"@id":"https:\/\/progettotouring.it\/radiotouring104\/#organization"},"potentialAction":[{"@type":"SearchAction","target":{"@type":"EntryPoint","urlTemplate":"https:\/\/progettotouring.it\/radiotouring104\/?s={search_term_string}"},"query-input":{"@type":"PropertyValueSpecification","valueRequired":true,"valueName":"search_term_string"}}],"inLanguage":"it-IT"},{"@type":"Organization","@id":"https:\/\/progettotouring.it\/radiotouring104\/#organization","name":"Radio Touring 104","url":"https:\/\/progettotouring.it\/radiotouring104\/","logo":{"@type":"ImageObject","inLanguage":"it-IT","@id":"https:\/\/progettotouring.it\/radiotouring104\/#\/schema\/logo\/image\/","url":"https:\/\/progettotouring.it\/radiotouring104\/wp-content\/uploads\/sites\/6\/2022\/02\/cropped-logo-radio-touring-104.png","contentUrl":"https:\/\/progettotouring.it\/radiotouring104\/wp-content\/uploads\/sites\/6\/2022\/02\/cropped-logo-radio-touring-104.png","width":377,"height":182,"caption":"Radio Touring 104"},"image":{"@id":"https:\/\/progettotouring.it\/radiotouring104\/#\/schema\/logo\/image\/"}},{"@type":"Person","@id":"https:\/\/progettotouring.it\/radiotouring104\/#\/schema\/person\/78613917f1851f041f7483f5af1d422e","name":"Sebastiano Plutino","image":{"@type":"ImageObject","inLanguage":"it-IT","@id":"https:\/\/secure.gravatar.com\/avatar\/0546ffaa9b79224faf9f2a156b67a529ae861d3287c66c1d8ccfdf909bcba78d?s=96&d=mm&r=g","url":"https:\/\/secure.gravatar.com\/avatar\/0546ffaa9b79224faf9f2a156b67a529ae861d3287c66c1d8ccfdf909bcba78d?s=96&d=mm&r=g","contentUrl":"https:\/\/secure.gravatar.com\/avatar\/0546ffaa9b79224faf9f2a156b67a529ae861d3287c66c1d8ccfdf909bcba78d?s=96&d=mm&r=g","caption":"Sebastiano Plutino"},"url":"https:\/\/progettotouring.it\/radiotouring104\/author\/sebastiano\/"}]}},"jetpack_publicize_connections":[],"jetpack_featured_media_url":"https:\/\/progettotouring.it\/radiotouring104\/wp-content\/uploads\/sites\/6\/2022\/05\/san-giorgio-comune.jpg","jetpack_sharing_enabled":true,"_links":{"self":[{"href":"https:\/\/progettotouring.it\/radiotouring104\/wp-json\/wp\/v2\/posts\/72395","targetHints":{"allow":["GET"]}}],"collection":[{"href":"https:\/\/progettotouring.it\/radiotouring104\/wp-json\/wp\/v2\/posts"}],"about":[{"href":"https:\/\/progettotouring.it\/radiotouring104\/wp-json\/wp\/v2\/types\/post"}],"author":[{"embeddable":true,"href":"https:\/\/progettotouring.it\/radiotouring104\/wp-json\/wp\/v2\/users\/12"}],"replies":[{"embeddable":true,"href":"https:\/\/progettotouring.it\/radiotouring104\/wp-json\/wp\/v2\/comments?post=72395"}],"version-history":[{"count":3,"href":"https:\/\/progettotouring.it\/radiotouring104\/wp-json\/wp\/v2\/posts\/72395\/revisions"}],"predecessor-version":[{"id":72422,"href":"https:\/\/progettotouring.it\/radiotouring104\/wp-json\/wp\/v2\/posts\/72395\/revisions\/72422"}],"wp:featuredmedia":[{"embeddable":true,"href":"https:\/\/progettotouring.it\/radiotouring104\/wp-json\/wp\/v2\/media\/5666"}],"wp:attachment":[{"href":"https:\/\/progettotouring.it\/radiotouring104\/wp-json\/wp\/v2\/media?parent=72395"}],"wp:term":[{"taxonomy":"category","embeddable":true,"href":"https:\/\/progettotouring.it\/radiotouring104\/wp-json\/wp\/v2\/categories?post=72395"},{"taxonomy":"post_tag","embeddable":true,"href":"https:\/\/progettotouring.it\/radiotouring104\/wp-json\/wp\/v2\/tags?post=72395"}],"curies":[{"name":"wp","href":"https:\/\/api.w.org\/{rel}","templated":true}]}}