{"id":72411,"date":"2025-04-30T10:10:52","date_gmt":"2025-04-30T08:10:52","guid":{"rendered":"https:\/\/progettotouring.it\/radiotouring104\/?p=72411"},"modified":"2025-04-30T10:52:05","modified_gmt":"2025-04-30T08:52:05","slug":"reggio-accoglie-la-mostra-io-qui-sottoscritto-testamenti-di-grandi-italiani","status":"publish","type":"post","link":"https:\/\/progettotouring.it\/radiotouring104\/2025\/04\/30\/reggio-accoglie-la-mostra-io-qui-sottoscritto-testamenti-di-grandi-italiani\/","title":{"rendered":"Reggio accoglie la mostra \u2018Io qui sottoscritto, testamenti di grandi italiani\u2019"},"content":{"rendered":"<p style=\"text-align: justify\"><strong>Anche Reggio Calabria accoglier\u00e0 la mostra<\/strong> <em>&#8220;Io qui sottoscritto, testamenti di grandi italiani&#8221;,<\/em> l\u2019esposizione itinerante promossa dal Consiglio Nazionale del Notariato e dalla Fondazione Italiana del Notariato, <strong>che sta toccando importanti tappe in tutta Italia.<\/strong><\/p>\n<p style=\"text-align: justify\"><strong>La mostra, inaugurata<\/strong> nel 2022 in occasione dei 150 anni dell&#8217;Unit\u00e0 d\u2019Italia<strong>, rappresenta un vero e proprio patrimonio culturale<\/strong>, curato in un allestimento prestigioso. <strong>Grazie al Comitato Regionale Notarile della Calabria<\/strong>, presieduto da <strong>Maria Tripodi e al Consiglio Notarile distrettuale di Reggio<\/strong> Calabria,<strong> presieduto da Achille Giannitti,<\/strong> l\u2019esposizione, unica e preziosa, <strong>toccher\u00e0 anche la nostra citt\u00e0.<\/strong><\/p>\n<p style=\"text-align: justify\">La mostra raccoglie le ultime volont\u00e0 di illustri italiani che hanno segnato la storia culturale e sociale del nostro Paese ma, in occasione della permanenza nella citt\u00e0 dello Stretto, \u00e8 stata arricchita ed impreziosita dai testamenti di quattro grandi calabresi.<\/p>\n<p style=\"text-align: justify\">Ed \u00e8 proprio attraverso le volont\u00e0 testamentarie che questi pregevoli personaggi si svelano al mondo nel modo pi\u00f9 autentico, esprimendo appieno se stessi nelle proprie volont\u00e0, le pi\u00f9 intime, che spesso vanno oltre la sfera materiale per toccare quella inconfessata, spirituale e profonda, che ci racconta ben pi\u00f9 di quanto scritto nero su bianco. Attraverso i loro testamenti, dunque, si rivelano in modo autentico, esprimendo pensieri e desideri per un emozionante viaggio tra parole che raccontano storie di vita, valori e legami.<\/p>\n<p style=\"text-align: justify\"><strong>La mostra, che giunger\u00e0 a Reggio Calabria il 9 maggio,<\/strong> oltre ad essere un allestimento unico, grazie all\u2019arricchimento di ulteriori documenti, sar\u00e0 affiancata all\u2019esito di un altro importante percorso intrapreso dal Comitato Regionale Notarile della Calabria che<strong> ha un valore aggiunto di notevole spessore: il progetto formativo<\/strong> \u201c<em>Notai a scuola per la legalit\u00e0\u201d.<\/em><\/p>\n<p style=\"text-align: justify\">Quest\u2019ultimo si \u00e8 reso possibile grazie all\u2019impegno di numerosi notai della regione e ha coinvolto gli istituti scolastici del territorio con l\u2019obiettivo precipuo di trasmettere ai giovani l\u2019importanza del legame profondo tra la professione notarile, la legalit\u00e0 e quei valori etici e morali che costituiscono il fondamento imprescindibile della vita di ciascun individuo.<\/p>\n<p style=\"text-align: justify\">L\u2019apertura della mostra, il <strong>9 maggio<\/strong>, sar\u00e0 sancita da una<strong> giornata inaugurale che si svolger\u00e0 tra Palazzo San Giorgio,<\/strong> con un momento di incontro e conversazione, e proseguir\u00e0 presso la<strong> Pinacoteca civica<\/strong> per il classico taglio del nastro alla presenza di autorit\u00e0 e istituzioni.<\/p>\n<p style=\"text-align: justify\">A partire dal <strong>10 maggio, l\u2019esposizione sar\u00e0 aperta al pubblico e alle scuole,<\/strong> offrendo un\u2019occasione imperdibile per scoprire un pezzo significativo della nostra storia.<\/p>\n","protected":false},"excerpt":{"rendered":"<p>Anche Reggio Calabria accoglier\u00e0 la mostra &#8220;Io qui sottoscritto, testamenti di grandi italiani&#8221;, l\u2019esposizione itinerante promossa dal Consiglio Nazionale del Notariato e dalla Fondazione Italiana del Notariato, che sta toccando&hellip;<\/p>\n","protected":false},"author":12,"featured_media":72412,"comment_status":"closed","ping_status":"open","sticky":false,"template":"","format":"standard","meta":{"_jetpack_memberships_contains_paid_content":false,"footnotes":"","jetpack_publicize_message":"","jetpack_publicize_feature_enabled":true,"jetpack_social_post_already_shared":true,"jetpack_social_options":{"image_generator_settings":{"template":"highway","default_image_id":0,"font":"","enabled":false},"version":2}},"categories":[921,196,140],"tags":[43004,43001,43003,5302,43002,659,3509,236],"class_list":["post-72411","post","type-post","status-publish","format-standard","has-post-thumbnail","hentry","category-home","category-news","category-reggio-calabria","tag-achille-giannitti","tag-consiglio-nazionale-del-notariato","tag-fondazione-italiana-del-notariato","tag-maria-tripodi","tag-mostra-io-qui-sottoscritto-testamenti-di-grandi-italiani","tag-palazzo-san-giorgio","tag-pinacoteca-civica","tag-reggio-calabria"],"yoast_head":"<!-- This site is optimized with the Yoast SEO plugin v27.2 - https:\/\/yoast.com\/product\/yoast-seo-wordpress\/ -->\n<title>A Reggio la mostra \u2018Io qui sottoscritto, testamenti di grandi italiani\u2019<\/title>\n<meta name=\"description\" content=\"Arriva a Reggio, La mostra \u2018Io qui sottoscritto, testamenti di grandi italiani\u2019, promossa dal Consiglio Nazionale Notariato. Tutti i dettagli\" \/>\n<meta name=\"robots\" content=\"index, follow, max-snippet:-1, max-image-preview:large, max-video-preview:-1\" \/>\n<link rel=\"canonical\" href=\"https:\/\/progettotouring.it\/radiotouring104\/2025\/04\/30\/reggio-accoglie-la-mostra-io-qui-sottoscritto-testamenti-di-grandi-italiani\/\" \/>\n<meta property=\"og:locale\" content=\"it_IT\" \/>\n<meta property=\"og:type\" content=\"article\" \/>\n<meta property=\"og:title\" content=\"A Reggio la mostra \u2018Io qui sottoscritto, testamenti di grandi italiani\u2019\" \/>\n<meta property=\"og:description\" content=\"Arriva a Reggio, La mostra \u2018Io qui sottoscritto, testamenti di grandi italiani\u2019, promossa dal Consiglio Nazionale Notariato. Tutti i dettagli\" \/>\n<meta property=\"og:url\" content=\"https:\/\/progettotouring.it\/radiotouring104\/2025\/04\/30\/reggio-accoglie-la-mostra-io-qui-sottoscritto-testamenti-di-grandi-italiani\/\" \/>\n<meta property=\"og:site_name\" content=\"Radio Touring 104\" \/>\n<meta property=\"article:published_time\" content=\"2025-04-30T08:10:52+00:00\" \/>\n<meta property=\"article:modified_time\" content=\"2025-04-30T08:52:05+00:00\" \/>\n<meta property=\"og:image\" content=\"https:\/\/progettotouring.it\/radiotouring104\/wp-content\/uploads\/sites\/6\/2025\/04\/Mostra-Testamenti-Notai-3.jpeg\" \/>\n\t<meta property=\"og:image:width\" content=\"1970\" \/>\n\t<meta property=\"og:image:height\" content=\"1920\" \/>\n\t<meta property=\"og:image:type\" content=\"image\/jpeg\" \/>\n<meta name=\"author\" content=\"Sebastiano Plutino\" \/>\n<meta name=\"twitter:card\" content=\"summary_large_image\" \/>\n<meta name=\"twitter:label1\" content=\"Scritto da\" \/>\n\t<meta name=\"twitter:data1\" content=\"Sebastiano Plutino\" \/>\n\t<meta name=\"twitter:label2\" content=\"Tempo di lettura stimato\" \/>\n\t<meta name=\"twitter:data2\" content=\"2 minuti\" \/>\n<script type=\"application\/ld+json\" class=\"yoast-schema-graph\">{\"@context\":\"https:\/\/schema.org\",\"@graph\":[{\"@type\":\"Article\",\"@id\":\"https:\/\/progettotouring.it\/radiotouring104\/2025\/04\/30\/reggio-accoglie-la-mostra-io-qui-sottoscritto-testamenti-di-grandi-italiani\/#article\",\"isPartOf\":{\"@id\":\"https:\/\/progettotouring.it\/radiotouring104\/2025\/04\/30\/reggio-accoglie-la-mostra-io-qui-sottoscritto-testamenti-di-grandi-italiani\/\"},\"author\":{\"name\":\"Sebastiano Plutino\",\"@id\":\"https:\/\/progettotouring.it\/radiotouring104\/#\/schema\/person\/78613917f1851f041f7483f5af1d422e\"},\"headline\":\"Reggio accoglie la mostra \u2018Io qui sottoscritto, testamenti di grandi italiani\u2019\",\"datePublished\":\"2025-04-30T08:10:52+00:00\",\"dateModified\":\"2025-04-30T08:52:05+00:00\",\"mainEntityOfPage\":{\"@id\":\"https:\/\/progettotouring.it\/radiotouring104\/2025\/04\/30\/reggio-accoglie-la-mostra-io-qui-sottoscritto-testamenti-di-grandi-italiani\/\"},\"wordCount\":402,\"publisher\":{\"@id\":\"https:\/\/progettotouring.it\/radiotouring104\/#organization\"},\"image\":{\"@id\":\"https:\/\/progettotouring.it\/radiotouring104\/2025\/04\/30\/reggio-accoglie-la-mostra-io-qui-sottoscritto-testamenti-di-grandi-italiani\/#primaryimage\"},\"thumbnailUrl\":\"https:\/\/progettotouring.it\/radiotouring104\/wp-content\/uploads\/sites\/6\/2025\/04\/Mostra-Testamenti-Notai-3.jpeg\",\"keywords\":[\"Achille Giannitti\",\"Consiglio Nazionale del Notariato\",\"Fondazione Italiana del Notariato\",\"Maria Tripodi\",\"mostra Io qui sottoscritto testamenti di grandi italiani\",\"palazzo san giorgio\",\"Pinacoteca Civica\",\"reggio calabria\"],\"articleSection\":[\"Home\",\"News\",\"Reggio Calabria\"],\"inLanguage\":\"it-IT\"},{\"@type\":\"WebPage\",\"@id\":\"https:\/\/progettotouring.it\/radiotouring104\/2025\/04\/30\/reggio-accoglie-la-mostra-io-qui-sottoscritto-testamenti-di-grandi-italiani\/\",\"url\":\"https:\/\/progettotouring.it\/radiotouring104\/2025\/04\/30\/reggio-accoglie-la-mostra-io-qui-sottoscritto-testamenti-di-grandi-italiani\/\",\"name\":\"A Reggio la mostra \u2018Io qui sottoscritto, testamenti di grandi italiani\u2019\",\"isPartOf\":{\"@id\":\"https:\/\/progettotouring.it\/radiotouring104\/#website\"},\"primaryImageOfPage\":{\"@id\":\"https:\/\/progettotouring.it\/radiotouring104\/2025\/04\/30\/reggio-accoglie-la-mostra-io-qui-sottoscritto-testamenti-di-grandi-italiani\/#primaryimage\"},\"image\":{\"@id\":\"https:\/\/progettotouring.it\/radiotouring104\/2025\/04\/30\/reggio-accoglie-la-mostra-io-qui-sottoscritto-testamenti-di-grandi-italiani\/#primaryimage\"},\"thumbnailUrl\":\"https:\/\/progettotouring.it\/radiotouring104\/wp-content\/uploads\/sites\/6\/2025\/04\/Mostra-Testamenti-Notai-3.jpeg\",\"datePublished\":\"2025-04-30T08:10:52+00:00\",\"dateModified\":\"2025-04-30T08:52:05+00:00\",\"description\":\"Arriva a Reggio, La mostra \u2018Io qui sottoscritto, testamenti di grandi italiani\u2019, promossa dal Consiglio Nazionale Notariato. Tutti i dettagli\",\"breadcrumb\":{\"@id\":\"https:\/\/progettotouring.it\/radiotouring104\/2025\/04\/30\/reggio-accoglie-la-mostra-io-qui-sottoscritto-testamenti-di-grandi-italiani\/#breadcrumb\"},\"inLanguage\":\"it-IT\",\"potentialAction\":[{\"@type\":\"ReadAction\",\"target\":[\"https:\/\/progettotouring.it\/radiotouring104\/2025\/04\/30\/reggio-accoglie-la-mostra-io-qui-sottoscritto-testamenti-di-grandi-italiani\/\"]}]},{\"@type\":\"ImageObject\",\"inLanguage\":\"it-IT\",\"@id\":\"https:\/\/progettotouring.it\/radiotouring104\/2025\/04\/30\/reggio-accoglie-la-mostra-io-qui-sottoscritto-testamenti-di-grandi-italiani\/#primaryimage\",\"url\":\"https:\/\/progettotouring.it\/radiotouring104\/wp-content\/uploads\/sites\/6\/2025\/04\/Mostra-Testamenti-Notai-3.jpeg\",\"contentUrl\":\"https:\/\/progettotouring.it\/radiotouring104\/wp-content\/uploads\/sites\/6\/2025\/04\/Mostra-Testamenti-Notai-3.jpeg\",\"width\":1970,\"height\":1920},{\"@type\":\"BreadcrumbList\",\"@id\":\"https:\/\/progettotouring.it\/radiotouring104\/2025\/04\/30\/reggio-accoglie-la-mostra-io-qui-sottoscritto-testamenti-di-grandi-italiani\/#breadcrumb\",\"itemListElement\":[{\"@type\":\"ListItem\",\"position\":1,\"name\":\"Home\",\"item\":\"https:\/\/progettotouring.it\/radiotouring104\/\"},{\"@type\":\"ListItem\",\"position\":2,\"name\":\"Reggio accoglie la mostra \u2018Io qui sottoscritto, testamenti di grandi italiani\u2019\"}]},{\"@type\":\"WebSite\",\"@id\":\"https:\/\/progettotouring.it\/radiotouring104\/#website\",\"url\":\"https:\/\/progettotouring.it\/radiotouring104\/\",\"name\":\"Radio Touring 104\",\"description\":\"La prima radio Reggina\",\"publisher\":{\"@id\":\"https:\/\/progettotouring.it\/radiotouring104\/#organization\"},\"potentialAction\":[{\"@type\":\"SearchAction\",\"target\":{\"@type\":\"EntryPoint\",\"urlTemplate\":\"https:\/\/progettotouring.it\/radiotouring104\/?s={search_term_string}\"},\"query-input\":{\"@type\":\"PropertyValueSpecification\",\"valueRequired\":true,\"valueName\":\"search_term_string\"}}],\"inLanguage\":\"it-IT\"},{\"@type\":\"Organization\",\"@id\":\"https:\/\/progettotouring.it\/radiotouring104\/#organization\",\"name\":\"Radio Touring 104\",\"url\":\"https:\/\/progettotouring.it\/radiotouring104\/\",\"logo\":{\"@type\":\"ImageObject\",\"inLanguage\":\"it-IT\",\"@id\":\"https:\/\/progettotouring.it\/radiotouring104\/#\/schema\/logo\/image\/\",\"url\":\"https:\/\/progettotouring.it\/radiotouring104\/wp-content\/uploads\/sites\/6\/2022\/02\/cropped-logo-radio-touring-104.png\",\"contentUrl\":\"https:\/\/progettotouring.it\/radiotouring104\/wp-content\/uploads\/sites\/6\/2022\/02\/cropped-logo-radio-touring-104.png\",\"width\":377,\"height\":182,\"caption\":\"Radio Touring 104\"},\"image\":{\"@id\":\"https:\/\/progettotouring.it\/radiotouring104\/#\/schema\/logo\/image\/\"}},{\"@type\":\"Person\",\"@id\":\"https:\/\/progettotouring.it\/radiotouring104\/#\/schema\/person\/78613917f1851f041f7483f5af1d422e\",\"name\":\"Sebastiano Plutino\",\"image\":{\"@type\":\"ImageObject\",\"inLanguage\":\"it-IT\",\"@id\":\"https:\/\/secure.gravatar.com\/avatar\/0546ffaa9b79224faf9f2a156b67a529ae861d3287c66c1d8ccfdf909bcba78d?s=96&d=mm&r=g\",\"url\":\"https:\/\/secure.gravatar.com\/avatar\/0546ffaa9b79224faf9f2a156b67a529ae861d3287c66c1d8ccfdf909bcba78d?s=96&d=mm&r=g\",\"contentUrl\":\"https:\/\/secure.gravatar.com\/avatar\/0546ffaa9b79224faf9f2a156b67a529ae861d3287c66c1d8ccfdf909bcba78d?s=96&d=mm&r=g\",\"caption\":\"Sebastiano Plutino\"},\"url\":\"https:\/\/progettotouring.it\/radiotouring104\/author\/sebastiano\/\"}]}<\/script>\n<!-- \/ Yoast SEO plugin. -->","yoast_head_json":{"title":"A Reggio la mostra \u2018Io qui sottoscritto, testamenti di grandi italiani\u2019","description":"Arriva a Reggio, La mostra \u2018Io qui sottoscritto, testamenti di grandi italiani\u2019, promossa dal Consiglio Nazionale Notariato. Tutti i dettagli","robots":{"index":"index","follow":"follow","max-snippet":"max-snippet:-1","max-image-preview":"max-image-preview:large","max-video-preview":"max-video-preview:-1"},"canonical":"https:\/\/progettotouring.it\/radiotouring104\/2025\/04\/30\/reggio-accoglie-la-mostra-io-qui-sottoscritto-testamenti-di-grandi-italiani\/","og_locale":"it_IT","og_type":"article","og_title":"A Reggio la mostra \u2018Io qui sottoscritto, testamenti di grandi italiani\u2019","og_description":"Arriva a Reggio, La mostra \u2018Io qui sottoscritto, testamenti di grandi italiani\u2019, promossa dal Consiglio Nazionale Notariato. Tutti i dettagli","og_url":"https:\/\/progettotouring.it\/radiotouring104\/2025\/04\/30\/reggio-accoglie-la-mostra-io-qui-sottoscritto-testamenti-di-grandi-italiani\/","og_site_name":"Radio Touring 104","article_published_time":"2025-04-30T08:10:52+00:00","article_modified_time":"2025-04-30T08:52:05+00:00","og_image":[{"width":1970,"height":1920,"url":"https:\/\/progettotouring.it\/radiotouring104\/wp-content\/uploads\/sites\/6\/2025\/04\/Mostra-Testamenti-Notai-3.jpeg","type":"image\/jpeg"}],"author":"Sebastiano Plutino","twitter_card":"summary_large_image","twitter_misc":{"Scritto da":"Sebastiano Plutino","Tempo di lettura stimato":"2 minuti"},"schema":{"@context":"https:\/\/schema.org","@graph":[{"@type":"Article","@id":"https:\/\/progettotouring.it\/radiotouring104\/2025\/04\/30\/reggio-accoglie-la-mostra-io-qui-sottoscritto-testamenti-di-grandi-italiani\/#article","isPartOf":{"@id":"https:\/\/progettotouring.it\/radiotouring104\/2025\/04\/30\/reggio-accoglie-la-mostra-io-qui-sottoscritto-testamenti-di-grandi-italiani\/"},"author":{"name":"Sebastiano Plutino","@id":"https:\/\/progettotouring.it\/radiotouring104\/#\/schema\/person\/78613917f1851f041f7483f5af1d422e"},"headline":"Reggio accoglie la mostra \u2018Io qui sottoscritto, testamenti di grandi italiani\u2019","datePublished":"2025-04-30T08:10:52+00:00","dateModified":"2025-04-30T08:52:05+00:00","mainEntityOfPage":{"@id":"https:\/\/progettotouring.it\/radiotouring104\/2025\/04\/30\/reggio-accoglie-la-mostra-io-qui-sottoscritto-testamenti-di-grandi-italiani\/"},"wordCount":402,"publisher":{"@id":"https:\/\/progettotouring.it\/radiotouring104\/#organization"},"image":{"@id":"https:\/\/progettotouring.it\/radiotouring104\/2025\/04\/30\/reggio-accoglie-la-mostra-io-qui-sottoscritto-testamenti-di-grandi-italiani\/#primaryimage"},"thumbnailUrl":"https:\/\/progettotouring.it\/radiotouring104\/wp-content\/uploads\/sites\/6\/2025\/04\/Mostra-Testamenti-Notai-3.jpeg","keywords":["Achille Giannitti","Consiglio Nazionale del Notariato","Fondazione Italiana del Notariato","Maria Tripodi","mostra Io qui sottoscritto testamenti di grandi italiani","palazzo san giorgio","Pinacoteca Civica","reggio calabria"],"articleSection":["Home","News","Reggio Calabria"],"inLanguage":"it-IT"},{"@type":"WebPage","@id":"https:\/\/progettotouring.it\/radiotouring104\/2025\/04\/30\/reggio-accoglie-la-mostra-io-qui-sottoscritto-testamenti-di-grandi-italiani\/","url":"https:\/\/progettotouring.it\/radiotouring104\/2025\/04\/30\/reggio-accoglie-la-mostra-io-qui-sottoscritto-testamenti-di-grandi-italiani\/","name":"A Reggio la mostra \u2018Io qui sottoscritto, testamenti di grandi italiani\u2019","isPartOf":{"@id":"https:\/\/progettotouring.it\/radiotouring104\/#website"},"primaryImageOfPage":{"@id":"https:\/\/progettotouring.it\/radiotouring104\/2025\/04\/30\/reggio-accoglie-la-mostra-io-qui-sottoscritto-testamenti-di-grandi-italiani\/#primaryimage"},"image":{"@id":"https:\/\/progettotouring.it\/radiotouring104\/2025\/04\/30\/reggio-accoglie-la-mostra-io-qui-sottoscritto-testamenti-di-grandi-italiani\/#primaryimage"},"thumbnailUrl":"https:\/\/progettotouring.it\/radiotouring104\/wp-content\/uploads\/sites\/6\/2025\/04\/Mostra-Testamenti-Notai-3.jpeg","datePublished":"2025-04-30T08:10:52+00:00","dateModified":"2025-04-30T08:52:05+00:00","description":"Arriva a Reggio, La mostra \u2018Io qui sottoscritto, testamenti di grandi italiani\u2019, promossa dal Consiglio Nazionale Notariato. Tutti i dettagli","breadcrumb":{"@id":"https:\/\/progettotouring.it\/radiotouring104\/2025\/04\/30\/reggio-accoglie-la-mostra-io-qui-sottoscritto-testamenti-di-grandi-italiani\/#breadcrumb"},"inLanguage":"it-IT","potentialAction":[{"@type":"ReadAction","target":["https:\/\/progettotouring.it\/radiotouring104\/2025\/04\/30\/reggio-accoglie-la-mostra-io-qui-sottoscritto-testamenti-di-grandi-italiani\/"]}]},{"@type":"ImageObject","inLanguage":"it-IT","@id":"https:\/\/progettotouring.it\/radiotouring104\/2025\/04\/30\/reggio-accoglie-la-mostra-io-qui-sottoscritto-testamenti-di-grandi-italiani\/#primaryimage","url":"https:\/\/progettotouring.it\/radiotouring104\/wp-content\/uploads\/sites\/6\/2025\/04\/Mostra-Testamenti-Notai-3.jpeg","contentUrl":"https:\/\/progettotouring.it\/radiotouring104\/wp-content\/uploads\/sites\/6\/2025\/04\/Mostra-Testamenti-Notai-3.jpeg","width":1970,"height":1920},{"@type":"BreadcrumbList","@id":"https:\/\/progettotouring.it\/radiotouring104\/2025\/04\/30\/reggio-accoglie-la-mostra-io-qui-sottoscritto-testamenti-di-grandi-italiani\/#breadcrumb","itemListElement":[{"@type":"ListItem","position":1,"name":"Home","item":"https:\/\/progettotouring.it\/radiotouring104\/"},{"@type":"ListItem","position":2,"name":"Reggio accoglie la mostra \u2018Io qui sottoscritto, testamenti di grandi italiani\u2019"}]},{"@type":"WebSite","@id":"https:\/\/progettotouring.it\/radiotouring104\/#website","url":"https:\/\/progettotouring.it\/radiotouring104\/","name":"Radio Touring 104","description":"La prima radio Reggina","publisher":{"@id":"https:\/\/progettotouring.it\/radiotouring104\/#organization"},"potentialAction":[{"@type":"SearchAction","target":{"@type":"EntryPoint","urlTemplate":"https:\/\/progettotouring.it\/radiotouring104\/?s={search_term_string}"},"query-input":{"@type":"PropertyValueSpecification","valueRequired":true,"valueName":"search_term_string"}}],"inLanguage":"it-IT"},{"@type":"Organization","@id":"https:\/\/progettotouring.it\/radiotouring104\/#organization","name":"Radio Touring 104","url":"https:\/\/progettotouring.it\/radiotouring104\/","logo":{"@type":"ImageObject","inLanguage":"it-IT","@id":"https:\/\/progettotouring.it\/radiotouring104\/#\/schema\/logo\/image\/","url":"https:\/\/progettotouring.it\/radiotouring104\/wp-content\/uploads\/sites\/6\/2022\/02\/cropped-logo-radio-touring-104.png","contentUrl":"https:\/\/progettotouring.it\/radiotouring104\/wp-content\/uploads\/sites\/6\/2022\/02\/cropped-logo-radio-touring-104.png","width":377,"height":182,"caption":"Radio Touring 104"},"image":{"@id":"https:\/\/progettotouring.it\/radiotouring104\/#\/schema\/logo\/image\/"}},{"@type":"Person","@id":"https:\/\/progettotouring.it\/radiotouring104\/#\/schema\/person\/78613917f1851f041f7483f5af1d422e","name":"Sebastiano Plutino","image":{"@type":"ImageObject","inLanguage":"it-IT","@id":"https:\/\/secure.gravatar.com\/avatar\/0546ffaa9b79224faf9f2a156b67a529ae861d3287c66c1d8ccfdf909bcba78d?s=96&d=mm&r=g","url":"https:\/\/secure.gravatar.com\/avatar\/0546ffaa9b79224faf9f2a156b67a529ae861d3287c66c1d8ccfdf909bcba78d?s=96&d=mm&r=g","contentUrl":"https:\/\/secure.gravatar.com\/avatar\/0546ffaa9b79224faf9f2a156b67a529ae861d3287c66c1d8ccfdf909bcba78d?s=96&d=mm&r=g","caption":"Sebastiano Plutino"},"url":"https:\/\/progettotouring.it\/radiotouring104\/author\/sebastiano\/"}]}},"jetpack_publicize_connections":[],"jetpack_featured_media_url":"https:\/\/progettotouring.it\/radiotouring104\/wp-content\/uploads\/sites\/6\/2025\/04\/Mostra-Testamenti-Notai-3.jpeg","jetpack_sharing_enabled":true,"_links":{"self":[{"href":"https:\/\/progettotouring.it\/radiotouring104\/wp-json\/wp\/v2\/posts\/72411","targetHints":{"allow":["GET"]}}],"collection":[{"href":"https:\/\/progettotouring.it\/radiotouring104\/wp-json\/wp\/v2\/posts"}],"about":[{"href":"https:\/\/progettotouring.it\/radiotouring104\/wp-json\/wp\/v2\/types\/post"}],"author":[{"embeddable":true,"href":"https:\/\/progettotouring.it\/radiotouring104\/wp-json\/wp\/v2\/users\/12"}],"replies":[{"embeddable":true,"href":"https:\/\/progettotouring.it\/radiotouring104\/wp-json\/wp\/v2\/comments?post=72411"}],"version-history":[{"count":4,"href":"https:\/\/progettotouring.it\/radiotouring104\/wp-json\/wp\/v2\/posts\/72411\/revisions"}],"predecessor-version":[{"id":72434,"href":"https:\/\/progettotouring.it\/radiotouring104\/wp-json\/wp\/v2\/posts\/72411\/revisions\/72434"}],"wp:featuredmedia":[{"embeddable":true,"href":"https:\/\/progettotouring.it\/radiotouring104\/wp-json\/wp\/v2\/media\/72412"}],"wp:attachment":[{"href":"https:\/\/progettotouring.it\/radiotouring104\/wp-json\/wp\/v2\/media?parent=72411"}],"wp:term":[{"taxonomy":"category","embeddable":true,"href":"https:\/\/progettotouring.it\/radiotouring104\/wp-json\/wp\/v2\/categories?post=72411"},{"taxonomy":"post_tag","embeddable":true,"href":"https:\/\/progettotouring.it\/radiotouring104\/wp-json\/wp\/v2\/tags?post=72411"}],"curies":[{"name":"wp","href":"https:\/\/api.w.org\/{rel}","templated":true}]}}