{"id":72414,"date":"2025-04-30T10:17:23","date_gmt":"2025-04-30T08:17:23","guid":{"rendered":"https:\/\/progettotouring.it\/radiotouring104\/?p=72414"},"modified":"2025-04-30T10:17:23","modified_gmt":"2025-04-30T08:17:23","slug":"il-leghista-marciano-augura-buon-lavoro-allammiraglio-ranieri","status":"publish","type":"post","link":"https:\/\/progettotouring.it\/radiotouring104\/2025\/04\/30\/il-leghista-marciano-augura-buon-lavoro-allammiraglio-ranieri\/","title":{"rendered":"Il leghista Marcian\u00f2 augura buon lavoro all&#8217;Ammiraglio Ranieri"},"content":{"rendered":"<div>Il componente della Lega, Michele Marcian\u00f2, tramite una nota stampa, augura buon lavoro all&#8217;Ammiraglio Antonio Ranieri, nuovo direttore della Capitaneria del Porto di Genova<\/div>\n<div><\/div>\n<div>&#8220;All&#8217;ammiraglio Antonio Ranieri, nuovo direttore della Capitaneria del Porto di Genova, giungano i miei pi\u00f9 personali auguri di buon lavoro. L\u2019esperienza e le capacit\u00e0 gi\u00e0 dimostrate nel corso della sua carriera, l\u2019impegno che certamente dedicher\u00e0 al suo nuovo incarico, saranno di grande aiuto per la tutela della legalit\u00e0 e della sicurezza delle attivit\u00e0 svolte sul mare e sul demanio marittimo.<\/div>\n<div>Le auguro un comando pieno di risultati soprattutto, nel campo dei diritti e della salvaguardia del territorio ligure.&#8221;, scrive Marcian\u00f2.<\/div>\n","protected":false},"excerpt":{"rendered":"<p>Il componente della Lega, Michele Marcian\u00f2, tramite una nota stampa, augura buon lavoro all&#8217;Ammiraglio Antonio Ranieri, nuovo direttore della Capitaneria del Porto di Genova &#8220;All&#8217;ammiraglio Antonio Ranieri, nuovo direttore della&hellip;<\/p>\n","protected":false},"author":12,"featured_media":72415,"comment_status":"closed","ping_status":"open","sticky":false,"template":"","format":"standard","meta":{"_jetpack_memberships_contains_paid_content":false,"footnotes":"","jetpack_publicize_message":"","jetpack_publicize_feature_enabled":true,"jetpack_social_post_already_shared":true,"jetpack_social_options":{"image_generator_settings":{"template":"highway","default_image_id":0,"font":"","enabled":false},"version":2}},"categories":[142,921,196],"tags":[24579,43006,5993,43005],"class_list":["post-72414","post","type-post","status-publish","format-standard","has-post-thumbnail","hentry","category-calabria","category-home","category-news","tag-ammiraglio-antonio-ranieri","tag-capitaneria-di-porto-di-genova","tag-lega","tag-michele-marciano"],"yoast_head":"<!-- This site is optimized with the Yoast SEO plugin v27.2 - https:\/\/yoast.com\/product\/yoast-seo-wordpress\/ -->\n<title>Il leghista Marcian\u00f2 augura buon lavoro all&#039;Ammiraglio Ranieri<\/title>\n<meta name=\"description\" content=\"Il componente della Lega augura buon lavoro all&#039;Ammiraglio Antonio Ranieri, nuovo direttore della Capitaneria del Porto di Genova\" \/>\n<meta name=\"robots\" content=\"index, follow, max-snippet:-1, max-image-preview:large, max-video-preview:-1\" \/>\n<link rel=\"canonical\" href=\"https:\/\/progettotouring.it\/radiotouring104\/2025\/04\/30\/il-leghista-marciano-augura-buon-lavoro-allammiraglio-ranieri\/\" \/>\n<meta property=\"og:locale\" content=\"it_IT\" \/>\n<meta property=\"og:type\" content=\"article\" \/>\n<meta property=\"og:title\" content=\"Il leghista Marcian\u00f2 augura buon lavoro all&#039;Ammiraglio Ranieri\" \/>\n<meta property=\"og:description\" content=\"Il componente della Lega augura buon lavoro all&#039;Ammiraglio Antonio Ranieri, nuovo direttore della Capitaneria del Porto di Genova\" \/>\n<meta property=\"og:url\" content=\"https:\/\/progettotouring.it\/radiotouring104\/2025\/04\/30\/il-leghista-marciano-augura-buon-lavoro-allammiraglio-ranieri\/\" \/>\n<meta property=\"og:site_name\" content=\"Radio Touring 104\" \/>\n<meta property=\"article:published_time\" content=\"2025-04-30T08:17:23+00:00\" \/>\n<meta property=\"og:image\" content=\"https:\/\/progettotouring.it\/radiotouring104\/wp-content\/uploads\/sites\/6\/2025\/04\/Michele-Marciano.jpg\" \/>\n\t<meta property=\"og:image:width\" content=\"600\" \/>\n\t<meta property=\"og:image:height\" content=\"900\" \/>\n\t<meta property=\"og:image:type\" content=\"image\/jpeg\" \/>\n<meta name=\"author\" content=\"Sebastiano Plutino\" \/>\n<meta name=\"twitter:card\" content=\"summary_large_image\" \/>\n<meta name=\"twitter:label1\" content=\"Scritto da\" \/>\n\t<meta name=\"twitter:data1\" content=\"Sebastiano Plutino\" \/>\n\t<meta name=\"twitter:label2\" content=\"Tempo di lettura stimato\" \/>\n\t<meta name=\"twitter:data2\" content=\"1 minuto\" \/>\n<script type=\"application\/ld+json\" class=\"yoast-schema-graph\">{\"@context\":\"https:\/\/schema.org\",\"@graph\":[{\"@type\":\"Article\",\"@id\":\"https:\/\/progettotouring.it\/radiotouring104\/2025\/04\/30\/il-leghista-marciano-augura-buon-lavoro-allammiraglio-ranieri\/#article\",\"isPartOf\":{\"@id\":\"https:\/\/progettotouring.it\/radiotouring104\/2025\/04\/30\/il-leghista-marciano-augura-buon-lavoro-allammiraglio-ranieri\/\"},\"author\":{\"name\":\"Sebastiano Plutino\",\"@id\":\"https:\/\/progettotouring.it\/radiotouring104\/#\/schema\/person\/78613917f1851f041f7483f5af1d422e\"},\"headline\":\"Il leghista Marcian\u00f2 augura buon lavoro all&#8217;Ammiraglio Ranieri\",\"datePublished\":\"2025-04-30T08:17:23+00:00\",\"mainEntityOfPage\":{\"@id\":\"https:\/\/progettotouring.it\/radiotouring104\/2025\/04\/30\/il-leghista-marciano-augura-buon-lavoro-allammiraglio-ranieri\/\"},\"wordCount\":114,\"publisher\":{\"@id\":\"https:\/\/progettotouring.it\/radiotouring104\/#organization\"},\"image\":{\"@id\":\"https:\/\/progettotouring.it\/radiotouring104\/2025\/04\/30\/il-leghista-marciano-augura-buon-lavoro-allammiraglio-ranieri\/#primaryimage\"},\"thumbnailUrl\":\"https:\/\/progettotouring.it\/radiotouring104\/wp-content\/uploads\/sites\/6\/2025\/04\/Michele-Marciano.jpg\",\"keywords\":[\"Ammiraglio Antonio Ranieri\",\"Capitaneria di Porto di Genova\",\"lega\",\"Michele Marcian\u00f2\"],\"articleSection\":[\"Calabria\",\"Home\",\"News\"],\"inLanguage\":\"it-IT\"},{\"@type\":\"WebPage\",\"@id\":\"https:\/\/progettotouring.it\/radiotouring104\/2025\/04\/30\/il-leghista-marciano-augura-buon-lavoro-allammiraglio-ranieri\/\",\"url\":\"https:\/\/progettotouring.it\/radiotouring104\/2025\/04\/30\/il-leghista-marciano-augura-buon-lavoro-allammiraglio-ranieri\/\",\"name\":\"Il leghista Marcian\u00f2 augura buon lavoro all'Ammiraglio Ranieri\",\"isPartOf\":{\"@id\":\"https:\/\/progettotouring.it\/radiotouring104\/#website\"},\"primaryImageOfPage\":{\"@id\":\"https:\/\/progettotouring.it\/radiotouring104\/2025\/04\/30\/il-leghista-marciano-augura-buon-lavoro-allammiraglio-ranieri\/#primaryimage\"},\"image\":{\"@id\":\"https:\/\/progettotouring.it\/radiotouring104\/2025\/04\/30\/il-leghista-marciano-augura-buon-lavoro-allammiraglio-ranieri\/#primaryimage\"},\"thumbnailUrl\":\"https:\/\/progettotouring.it\/radiotouring104\/wp-content\/uploads\/sites\/6\/2025\/04\/Michele-Marciano.jpg\",\"datePublished\":\"2025-04-30T08:17:23+00:00\",\"description\":\"Il componente della Lega augura buon lavoro all'Ammiraglio Antonio Ranieri, nuovo direttore della Capitaneria del Porto di Genova\",\"breadcrumb\":{\"@id\":\"https:\/\/progettotouring.it\/radiotouring104\/2025\/04\/30\/il-leghista-marciano-augura-buon-lavoro-allammiraglio-ranieri\/#breadcrumb\"},\"inLanguage\":\"it-IT\",\"potentialAction\":[{\"@type\":\"ReadAction\",\"target\":[\"https:\/\/progettotouring.it\/radiotouring104\/2025\/04\/30\/il-leghista-marciano-augura-buon-lavoro-allammiraglio-ranieri\/\"]}]},{\"@type\":\"ImageObject\",\"inLanguage\":\"it-IT\",\"@id\":\"https:\/\/progettotouring.it\/radiotouring104\/2025\/04\/30\/il-leghista-marciano-augura-buon-lavoro-allammiraglio-ranieri\/#primaryimage\",\"url\":\"https:\/\/progettotouring.it\/radiotouring104\/wp-content\/uploads\/sites\/6\/2025\/04\/Michele-Marciano.jpg\",\"contentUrl\":\"https:\/\/progettotouring.it\/radiotouring104\/wp-content\/uploads\/sites\/6\/2025\/04\/Michele-Marciano.jpg\",\"width\":600,\"height\":900},{\"@type\":\"BreadcrumbList\",\"@id\":\"https:\/\/progettotouring.it\/radiotouring104\/2025\/04\/30\/il-leghista-marciano-augura-buon-lavoro-allammiraglio-ranieri\/#breadcrumb\",\"itemListElement\":[{\"@type\":\"ListItem\",\"position\":1,\"name\":\"Home\",\"item\":\"https:\/\/progettotouring.it\/radiotouring104\/\"},{\"@type\":\"ListItem\",\"position\":2,\"name\":\"Il leghista Marcian\u00f2 augura buon lavoro all&#8217;Ammiraglio Ranieri\"}]},{\"@type\":\"WebSite\",\"@id\":\"https:\/\/progettotouring.it\/radiotouring104\/#website\",\"url\":\"https:\/\/progettotouring.it\/radiotouring104\/\",\"name\":\"Radio Touring 104\",\"description\":\"La prima radio Reggina\",\"publisher\":{\"@id\":\"https:\/\/progettotouring.it\/radiotouring104\/#organization\"},\"potentialAction\":[{\"@type\":\"SearchAction\",\"target\":{\"@type\":\"EntryPoint\",\"urlTemplate\":\"https:\/\/progettotouring.it\/radiotouring104\/?s={search_term_string}\"},\"query-input\":{\"@type\":\"PropertyValueSpecification\",\"valueRequired\":true,\"valueName\":\"search_term_string\"}}],\"inLanguage\":\"it-IT\"},{\"@type\":\"Organization\",\"@id\":\"https:\/\/progettotouring.it\/radiotouring104\/#organization\",\"name\":\"Radio Touring 104\",\"url\":\"https:\/\/progettotouring.it\/radiotouring104\/\",\"logo\":{\"@type\":\"ImageObject\",\"inLanguage\":\"it-IT\",\"@id\":\"https:\/\/progettotouring.it\/radiotouring104\/#\/schema\/logo\/image\/\",\"url\":\"https:\/\/progettotouring.it\/radiotouring104\/wp-content\/uploads\/sites\/6\/2022\/02\/cropped-logo-radio-touring-104.png\",\"contentUrl\":\"https:\/\/progettotouring.it\/radiotouring104\/wp-content\/uploads\/sites\/6\/2022\/02\/cropped-logo-radio-touring-104.png\",\"width\":377,\"height\":182,\"caption\":\"Radio Touring 104\"},\"image\":{\"@id\":\"https:\/\/progettotouring.it\/radiotouring104\/#\/schema\/logo\/image\/\"}},{\"@type\":\"Person\",\"@id\":\"https:\/\/progettotouring.it\/radiotouring104\/#\/schema\/person\/78613917f1851f041f7483f5af1d422e\",\"name\":\"Sebastiano Plutino\",\"image\":{\"@type\":\"ImageObject\",\"inLanguage\":\"it-IT\",\"@id\":\"https:\/\/secure.gravatar.com\/avatar\/0546ffaa9b79224faf9f2a156b67a529ae861d3287c66c1d8ccfdf909bcba78d?s=96&d=mm&r=g\",\"url\":\"https:\/\/secure.gravatar.com\/avatar\/0546ffaa9b79224faf9f2a156b67a529ae861d3287c66c1d8ccfdf909bcba78d?s=96&d=mm&r=g\",\"contentUrl\":\"https:\/\/secure.gravatar.com\/avatar\/0546ffaa9b79224faf9f2a156b67a529ae861d3287c66c1d8ccfdf909bcba78d?s=96&d=mm&r=g\",\"caption\":\"Sebastiano Plutino\"},\"url\":\"https:\/\/progettotouring.it\/radiotouring104\/author\/sebastiano\/\"}]}<\/script>\n<!-- \/ Yoast SEO plugin. -->","yoast_head_json":{"title":"Il leghista Marcian\u00f2 augura buon lavoro all'Ammiraglio Ranieri","description":"Il componente della Lega augura buon lavoro all'Ammiraglio Antonio Ranieri, nuovo direttore della Capitaneria del Porto di Genova","robots":{"index":"index","follow":"follow","max-snippet":"max-snippet:-1","max-image-preview":"max-image-preview:large","max-video-preview":"max-video-preview:-1"},"canonical":"https:\/\/progettotouring.it\/radiotouring104\/2025\/04\/30\/il-leghista-marciano-augura-buon-lavoro-allammiraglio-ranieri\/","og_locale":"it_IT","og_type":"article","og_title":"Il leghista Marcian\u00f2 augura buon lavoro all'Ammiraglio Ranieri","og_description":"Il componente della Lega augura buon lavoro all'Ammiraglio Antonio Ranieri, nuovo direttore della Capitaneria del Porto di Genova","og_url":"https:\/\/progettotouring.it\/radiotouring104\/2025\/04\/30\/il-leghista-marciano-augura-buon-lavoro-allammiraglio-ranieri\/","og_site_name":"Radio Touring 104","article_published_time":"2025-04-30T08:17:23+00:00","og_image":[{"width":600,"height":900,"url":"https:\/\/progettotouring.it\/radiotouring104\/wp-content\/uploads\/sites\/6\/2025\/04\/Michele-Marciano.jpg","type":"image\/jpeg"}],"author":"Sebastiano Plutino","twitter_card":"summary_large_image","twitter_misc":{"Scritto da":"Sebastiano Plutino","Tempo di lettura stimato":"1 minuto"},"schema":{"@context":"https:\/\/schema.org","@graph":[{"@type":"Article","@id":"https:\/\/progettotouring.it\/radiotouring104\/2025\/04\/30\/il-leghista-marciano-augura-buon-lavoro-allammiraglio-ranieri\/#article","isPartOf":{"@id":"https:\/\/progettotouring.it\/radiotouring104\/2025\/04\/30\/il-leghista-marciano-augura-buon-lavoro-allammiraglio-ranieri\/"},"author":{"name":"Sebastiano Plutino","@id":"https:\/\/progettotouring.it\/radiotouring104\/#\/schema\/person\/78613917f1851f041f7483f5af1d422e"},"headline":"Il leghista Marcian\u00f2 augura buon lavoro all&#8217;Ammiraglio Ranieri","datePublished":"2025-04-30T08:17:23+00:00","mainEntityOfPage":{"@id":"https:\/\/progettotouring.it\/radiotouring104\/2025\/04\/30\/il-leghista-marciano-augura-buon-lavoro-allammiraglio-ranieri\/"},"wordCount":114,"publisher":{"@id":"https:\/\/progettotouring.it\/radiotouring104\/#organization"},"image":{"@id":"https:\/\/progettotouring.it\/radiotouring104\/2025\/04\/30\/il-leghista-marciano-augura-buon-lavoro-allammiraglio-ranieri\/#primaryimage"},"thumbnailUrl":"https:\/\/progettotouring.it\/radiotouring104\/wp-content\/uploads\/sites\/6\/2025\/04\/Michele-Marciano.jpg","keywords":["Ammiraglio Antonio Ranieri","Capitaneria di Porto di Genova","lega","Michele Marcian\u00f2"],"articleSection":["Calabria","Home","News"],"inLanguage":"it-IT"},{"@type":"WebPage","@id":"https:\/\/progettotouring.it\/radiotouring104\/2025\/04\/30\/il-leghista-marciano-augura-buon-lavoro-allammiraglio-ranieri\/","url":"https:\/\/progettotouring.it\/radiotouring104\/2025\/04\/30\/il-leghista-marciano-augura-buon-lavoro-allammiraglio-ranieri\/","name":"Il leghista Marcian\u00f2 augura buon lavoro all'Ammiraglio Ranieri","isPartOf":{"@id":"https:\/\/progettotouring.it\/radiotouring104\/#website"},"primaryImageOfPage":{"@id":"https:\/\/progettotouring.it\/radiotouring104\/2025\/04\/30\/il-leghista-marciano-augura-buon-lavoro-allammiraglio-ranieri\/#primaryimage"},"image":{"@id":"https:\/\/progettotouring.it\/radiotouring104\/2025\/04\/30\/il-leghista-marciano-augura-buon-lavoro-allammiraglio-ranieri\/#primaryimage"},"thumbnailUrl":"https:\/\/progettotouring.it\/radiotouring104\/wp-content\/uploads\/sites\/6\/2025\/04\/Michele-Marciano.jpg","datePublished":"2025-04-30T08:17:23+00:00","description":"Il componente della Lega augura buon lavoro all'Ammiraglio Antonio Ranieri, nuovo direttore della Capitaneria del Porto di Genova","breadcrumb":{"@id":"https:\/\/progettotouring.it\/radiotouring104\/2025\/04\/30\/il-leghista-marciano-augura-buon-lavoro-allammiraglio-ranieri\/#breadcrumb"},"inLanguage":"it-IT","potentialAction":[{"@type":"ReadAction","target":["https:\/\/progettotouring.it\/radiotouring104\/2025\/04\/30\/il-leghista-marciano-augura-buon-lavoro-allammiraglio-ranieri\/"]}]},{"@type":"ImageObject","inLanguage":"it-IT","@id":"https:\/\/progettotouring.it\/radiotouring104\/2025\/04\/30\/il-leghista-marciano-augura-buon-lavoro-allammiraglio-ranieri\/#primaryimage","url":"https:\/\/progettotouring.it\/radiotouring104\/wp-content\/uploads\/sites\/6\/2025\/04\/Michele-Marciano.jpg","contentUrl":"https:\/\/progettotouring.it\/radiotouring104\/wp-content\/uploads\/sites\/6\/2025\/04\/Michele-Marciano.jpg","width":600,"height":900},{"@type":"BreadcrumbList","@id":"https:\/\/progettotouring.it\/radiotouring104\/2025\/04\/30\/il-leghista-marciano-augura-buon-lavoro-allammiraglio-ranieri\/#breadcrumb","itemListElement":[{"@type":"ListItem","position":1,"name":"Home","item":"https:\/\/progettotouring.it\/radiotouring104\/"},{"@type":"ListItem","position":2,"name":"Il leghista Marcian\u00f2 augura buon lavoro all&#8217;Ammiraglio Ranieri"}]},{"@type":"WebSite","@id":"https:\/\/progettotouring.it\/radiotouring104\/#website","url":"https:\/\/progettotouring.it\/radiotouring104\/","name":"Radio Touring 104","description":"La prima radio Reggina","publisher":{"@id":"https:\/\/progettotouring.it\/radiotouring104\/#organization"},"potentialAction":[{"@type":"SearchAction","target":{"@type":"EntryPoint","urlTemplate":"https:\/\/progettotouring.it\/radiotouring104\/?s={search_term_string}"},"query-input":{"@type":"PropertyValueSpecification","valueRequired":true,"valueName":"search_term_string"}}],"inLanguage":"it-IT"},{"@type":"Organization","@id":"https:\/\/progettotouring.it\/radiotouring104\/#organization","name":"Radio Touring 104","url":"https:\/\/progettotouring.it\/radiotouring104\/","logo":{"@type":"ImageObject","inLanguage":"it-IT","@id":"https:\/\/progettotouring.it\/radiotouring104\/#\/schema\/logo\/image\/","url":"https:\/\/progettotouring.it\/radiotouring104\/wp-content\/uploads\/sites\/6\/2022\/02\/cropped-logo-radio-touring-104.png","contentUrl":"https:\/\/progettotouring.it\/radiotouring104\/wp-content\/uploads\/sites\/6\/2022\/02\/cropped-logo-radio-touring-104.png","width":377,"height":182,"caption":"Radio Touring 104"},"image":{"@id":"https:\/\/progettotouring.it\/radiotouring104\/#\/schema\/logo\/image\/"}},{"@type":"Person","@id":"https:\/\/progettotouring.it\/radiotouring104\/#\/schema\/person\/78613917f1851f041f7483f5af1d422e","name":"Sebastiano Plutino","image":{"@type":"ImageObject","inLanguage":"it-IT","@id":"https:\/\/secure.gravatar.com\/avatar\/0546ffaa9b79224faf9f2a156b67a529ae861d3287c66c1d8ccfdf909bcba78d?s=96&d=mm&r=g","url":"https:\/\/secure.gravatar.com\/avatar\/0546ffaa9b79224faf9f2a156b67a529ae861d3287c66c1d8ccfdf909bcba78d?s=96&d=mm&r=g","contentUrl":"https:\/\/secure.gravatar.com\/avatar\/0546ffaa9b79224faf9f2a156b67a529ae861d3287c66c1d8ccfdf909bcba78d?s=96&d=mm&r=g","caption":"Sebastiano Plutino"},"url":"https:\/\/progettotouring.it\/radiotouring104\/author\/sebastiano\/"}]}},"jetpack_publicize_connections":[],"jetpack_featured_media_url":"https:\/\/progettotouring.it\/radiotouring104\/wp-content\/uploads\/sites\/6\/2025\/04\/Michele-Marciano.jpg","jetpack_sharing_enabled":true,"_links":{"self":[{"href":"https:\/\/progettotouring.it\/radiotouring104\/wp-json\/wp\/v2\/posts\/72414","targetHints":{"allow":["GET"]}}],"collection":[{"href":"https:\/\/progettotouring.it\/radiotouring104\/wp-json\/wp\/v2\/posts"}],"about":[{"href":"https:\/\/progettotouring.it\/radiotouring104\/wp-json\/wp\/v2\/types\/post"}],"author":[{"embeddable":true,"href":"https:\/\/progettotouring.it\/radiotouring104\/wp-json\/wp\/v2\/users\/12"}],"replies":[{"embeddable":true,"href":"https:\/\/progettotouring.it\/radiotouring104\/wp-json\/wp\/v2\/comments?post=72414"}],"version-history":[{"count":1,"href":"https:\/\/progettotouring.it\/radiotouring104\/wp-json\/wp\/v2\/posts\/72414\/revisions"}],"predecessor-version":[{"id":72416,"href":"https:\/\/progettotouring.it\/radiotouring104\/wp-json\/wp\/v2\/posts\/72414\/revisions\/72416"}],"wp:featuredmedia":[{"embeddable":true,"href":"https:\/\/progettotouring.it\/radiotouring104\/wp-json\/wp\/v2\/media\/72415"}],"wp:attachment":[{"href":"https:\/\/progettotouring.it\/radiotouring104\/wp-json\/wp\/v2\/media?parent=72414"}],"wp:term":[{"taxonomy":"category","embeddable":true,"href":"https:\/\/progettotouring.it\/radiotouring104\/wp-json\/wp\/v2\/categories?post=72414"},{"taxonomy":"post_tag","embeddable":true,"href":"https:\/\/progettotouring.it\/radiotouring104\/wp-json\/wp\/v2\/tags?post=72414"}],"curies":[{"name":"wp","href":"https:\/\/api.w.org\/{rel}","templated":true}]}}